{"id":100834,"date":"2020-07-10T09:00:22","date_gmt":"2020-07-10T12:00:22","guid":{"rendered":"http:\/\/diariotextual.com\/inicio\/?p=100834"},"modified":"2020-07-10T14:48:53","modified_gmt":"2020-07-10T17:48:53","slug":"aumentaron-los-taxis-santa-rosa-la-bajada-bandera-paso-608","status":"publish","type":"post","link":"https:\/\/diariotextual.com\/inicio\/index.php\/2020\/07\/10\/aumentaron-los-taxis-santa-rosa-la-bajada-bandera-paso-608\/","title":{"rendered":"Aumentaron los taxis en Santa Rosa: la bajada de bandera pas\u00f3 a $60,8"},"content":{"rendered":"<p>Este viernes comenz\u00f3 a regir el aumento de la<strong> tarifa de taxi<\/strong> en Santa Rosa. Ahora <strong>la bajada de bandera llega a 60,81 pesos y la ficha, por 90 metros recorridos, a 3,52 pesos<\/strong>. Es decir, <strong>un incremento del 12,72%.<\/strong><\/p>\n<p>Este incremento, en rigor, ser\u00e1 en dos cuotas: el valor de la f\u00f3rmula polin\u00f3mica basada en la estructura de costos, elaborada por la Direcci\u00f3n de Servicios P\u00fablicos y Transporte y aprobada el mi\u00e9rcoles por el concejo deliberante, ser\u00e1 aplicado en dos tramos de manera excepcional.<\/p>\n<p>El segundo aumento estar\u00e1 fijado a partir del<strong> 10 de septiembre del 2020<\/strong>. Desde ese d\u00eda el valor de la bajada de bandera ser\u00e1 de $67,68 y el valor de la unidad de la ficha ser\u00e1 de $3,91.<\/p>\n<p>Por lo pronto, <strong>ya los due\u00f1os de los taxis dijeron que, por los incrementos de los costos, esta actualizaci\u00f3n es insuficiente<\/strong>.<\/p>\n<p>&nbsp;<\/p>\n","protected":false},"excerpt":{"rendered":"<p>Este viernes comenz\u00f3 a regir el aumento de la tarifa de taxi en Santa Rosa. Ahora la bajada de bandera llega a 60,81 pesos y la ficha, por 90 metros&hellip;<\/p>\n","protected":false},"author":3,"featured_media":91657,"comment_status":"closed","ping_status":"open","sticky":false,"template":"","format":"standard","meta":{"_acf_changed":false,"footnotes":""},"categories":[1,5],"tags":[1731],"class_list":["post-100834","post","type-post","status-publish","format-standard","has-post-thumbnail","hentry","category-es-noticia","category-economia","tag-taxis"],"acf":[],"yoast_head":"<!-- This site is optimized with the Yoast SEO plugin v27.4 - https:\/\/yoast.com\/product\/yoast-seo-wordpress\/ -->\n<title>Aumentaron los taxis en Santa Rosa: la bajada de bandera pas\u00f3 a $60,8 - Diario Textual<\/title>\n<meta name=\"robots\" content=\"index, follow, max-snippet:-1, max-image-preview:large, max-video-preview:-1\" \/>\n<link rel=\"canonical\" href=\"https:\/\/diariotextual.com\/inicio\/index.php\/2020\/07\/10\/aumentaron-los-taxis-santa-rosa-la-bajada-bandera-paso-608\/\" \/>\n<meta property=\"og:locale\" content=\"es_ES\" \/>\n<meta property=\"og:type\" content=\"article\" \/>\n<meta property=\"og:title\" content=\"Aumentaron los taxis en Santa Rosa: la bajada de bandera pas\u00f3 a $60,8 - Diario Textual\" \/>\n<meta property=\"og:description\" content=\"Este viernes comenz\u00f3 a regir el aumento de la tarifa de taxi en Santa Rosa. Ahora la bajada de bandera llega a 60,81 pesos y la ficha, por 90 metros&hellip;\" \/>\n<meta property=\"og:url\" content=\"https:\/\/diariotextual.com\/inicio\/index.php\/2020\/07\/10\/aumentaron-los-taxis-santa-rosa-la-bajada-bandera-paso-608\/\" \/>\n<meta property=\"og:site_name\" content=\"Diario Textual\" \/>\n<meta property=\"article:publisher\" content=\"https:\/\/www.facebook.com\/eltextual\" \/>\n<meta property=\"article:published_time\" content=\"2020-07-10T12:00:22+00:00\" \/>\n<meta property=\"article:modified_time\" content=\"2020-07-10T17:48:53+00:00\" \/>\n<meta property=\"og:image\" content=\"https:\/\/diariotextual.com\/inicio\/wp-content\/uploads\/2020\/04\/taxisdesfinfeccion344.png\" \/>\n\t<meta property=\"og:image:width\" content=\"622\" \/>\n\t<meta property=\"og:image:height\" content=\"506\" \/>\n\t<meta property=\"og:image:type\" content=\"image\/png\" \/>\n<meta name=\"author\" content=\"Diario1 Diario1\" \/>\n<meta name=\"twitter:card\" content=\"summary_large_image\" \/>\n<meta name=\"twitter:creator\" content=\"@eltextual\" \/>\n<meta name=\"twitter:site\" content=\"@eltextual\" \/>\n<meta name=\"twitter:label1\" content=\"Escrito por\" \/>\n\t<meta name=\"twitter:data1\" content=\"Diario1 Diario1\" \/>\n\t<meta name=\"twitter:label2\" content=\"Tiempo de lectura\" \/>\n\t<meta name=\"twitter:data2\" content=\"1 minuto\" \/>\n<script type=\"application\/ld+json\" class=\"yoast-schema-graph\">{\"@context\":\"https:\\\/\\\/schema.org\",\"@graph\":[{\"@type\":\"Article\",\"@id\":\"https:\\\/\\\/diariotextual.com\\\/inicio\\\/index.php\\\/2020\\\/07\\\/10\\\/aumentaron-los-taxis-santa-rosa-la-bajada-bandera-paso-608\\\/#article\",\"isPartOf\":{\"@id\":\"https:\\\/\\\/diariotextual.com\\\/inicio\\\/index.php\\\/2020\\\/07\\\/10\\\/aumentaron-los-taxis-santa-rosa-la-bajada-bandera-paso-608\\\/\"},\"author\":{\"name\":\"Diario1 Diario1\",\"@id\":\"https:\\\/\\\/diariotextual.com\\\/inicio\\\/#\\\/schema\\\/person\\\/418fc4093c33e86ed41562db3508f958\"},\"headline\":\"Aumentaron los taxis en Santa Rosa: la bajada de bandera pas\u00f3 a $60,8\",\"datePublished\":\"2020-07-10T12:00:22+00:00\",\"dateModified\":\"2020-07-10T17:48:53+00:00\",\"mainEntityOfPage\":{\"@id\":\"https:\\\/\\\/diariotextual.com\\\/inicio\\\/index.php\\\/2020\\\/07\\\/10\\\/aumentaron-los-taxis-santa-rosa-la-bajada-bandera-paso-608\\\/\"},\"wordCount\":157,\"publisher\":{\"@id\":\"https:\\\/\\\/diariotextual.com\\\/inicio\\\/#organization\"},\"image\":{\"@id\":\"https:\\\/\\\/diariotextual.com\\\/inicio\\\/index.php\\\/2020\\\/07\\\/10\\\/aumentaron-los-taxis-santa-rosa-la-bajada-bandera-paso-608\\\/#primaryimage\"},\"thumbnailUrl\":\"https:\\\/\\\/diariotextual.com\\\/inicio\\\/wp-content\\\/uploads\\\/2020\\\/04\\\/taxisdesfinfeccion344.png\",\"keywords\":[\"taxis\"],\"articleSection\":[\"A - ES NOTICIA (van abajo)\",\"ECONOMIA\"],\"inLanguage\":\"es\"},{\"@type\":\"WebPage\",\"@id\":\"https:\\\/\\\/diariotextual.com\\\/inicio\\\/index.php\\\/2020\\\/07\\\/10\\\/aumentaron-los-taxis-santa-rosa-la-bajada-bandera-paso-608\\\/\",\"url\":\"https:\\\/\\\/diariotextual.com\\\/inicio\\\/index.php\\\/2020\\\/07\\\/10\\\/aumentaron-los-taxis-santa-rosa-la-bajada-bandera-paso-608\\\/\",\"name\":\"Aumentaron los taxis en Santa Rosa: la bajada de bandera pas\u00f3 a $60,8 - Diario Textual\",\"isPartOf\":{\"@id\":\"https:\\\/\\\/diariotextual.com\\\/inicio\\\/#website\"},\"primaryImageOfPage\":{\"@id\":\"https:\\\/\\\/diariotextual.com\\\/inicio\\\/index.php\\\/2020\\\/07\\\/10\\\/aumentaron-los-taxis-santa-rosa-la-bajada-bandera-paso-608\\\/#primaryimage\"},\"image\":{\"@id\":\"https:\\\/\\\/diariotextual.com\\\/inicio\\\/index.php\\\/2020\\\/07\\\/10\\\/aumentaron-los-taxis-santa-rosa-la-bajada-bandera-paso-608\\\/#primaryimage\"},\"thumbnailUrl\":\"https:\\\/\\\/diariotextual.com\\\/inicio\\\/wp-content\\\/uploads\\\/2020\\\/04\\\/taxisdesfinfeccion344.png\",\"datePublished\":\"2020-07-10T12:00:22+00:00\",\"dateModified\":\"2020-07-10T17:48:53+00:00\",\"breadcrumb\":{\"@id\":\"https:\\\/\\\/diariotextual.com\\\/inicio\\\/index.php\\\/2020\\\/07\\\/10\\\/aumentaron-los-taxis-santa-rosa-la-bajada-bandera-paso-608\\\/#breadcrumb\"},\"inLanguage\":\"es\",\"potentialAction\":[{\"@type\":\"ReadAction\",\"target\":[\"https:\\\/\\\/diariotextual.com\\\/inicio\\\/index.php\\\/2020\\\/07\\\/10\\\/aumentaron-los-taxis-santa-rosa-la-bajada-bandera-paso-608\\\/\"]}]},{\"@type\":\"ImageObject\",\"inLanguage\":\"es\",\"@id\":\"https:\\\/\\\/diariotextual.com\\\/inicio\\\/index.php\\\/2020\\\/07\\\/10\\\/aumentaron-los-taxis-santa-rosa-la-bajada-bandera-paso-608\\\/#primaryimage\",\"url\":\"https:\\\/\\\/diariotextual.com\\\/inicio\\\/wp-content\\\/uploads\\\/2020\\\/04\\\/taxisdesfinfeccion344.png\",\"contentUrl\":\"https:\\\/\\\/diariotextual.com\\\/inicio\\\/wp-content\\\/uploads\\\/2020\\\/04\\\/taxisdesfinfeccion344.png\",\"width\":622,\"height\":506},{\"@type\":\"BreadcrumbList\",\"@id\":\"https:\\\/\\\/diariotextual.com\\\/inicio\\\/index.php\\\/2020\\\/07\\\/10\\\/aumentaron-los-taxis-santa-rosa-la-bajada-bandera-paso-608\\\/#breadcrumb\",\"itemListElement\":[{\"@type\":\"ListItem\",\"position\":1,\"name\":\"Portada\",\"item\":\"https:\\\/\\\/diariotextual.com\\\/inicio\\\/\"},{\"@type\":\"ListItem\",\"position\":2,\"name\":\"Aumentaron los taxis en Santa Rosa: la bajada de bandera pas\u00f3 a $60,8\"}]},{\"@type\":\"WebSite\",\"@id\":\"https:\\\/\\\/diariotextual.com\\\/inicio\\\/#website\",\"url\":\"https:\\\/\\\/diariotextual.com\\\/inicio\\\/\",\"name\":\"Diario Textual\",\"description\":\"\",\"publisher\":{\"@id\":\"https:\\\/\\\/diariotextual.com\\\/inicio\\\/#organization\"},\"potentialAction\":[{\"@type\":\"SearchAction\",\"target\":{\"@type\":\"EntryPoint\",\"urlTemplate\":\"https:\\\/\\\/diariotextual.com\\\/inicio\\\/?s={search_term_string}\"},\"query-input\":{\"@type\":\"PropertyValueSpecification\",\"valueRequired\":true,\"valueName\":\"search_term_string\"}}],\"inLanguage\":\"es\"},{\"@type\":\"Organization\",\"@id\":\"https:\\\/\\\/diariotextual.com\\\/inicio\\\/#organization\",\"name\":\"Diario Textual\",\"url\":\"https:\\\/\\\/diariotextual.com\\\/inicio\\\/\",\"logo\":{\"@type\":\"ImageObject\",\"inLanguage\":\"es\",\"@id\":\"https:\\\/\\\/diariotextual.com\\\/inicio\\\/#\\\/schema\\\/logo\\\/image\\\/\",\"url\":\"https:\\\/\\\/diariotextual.com\\\/inicio\\\/wp-content\\\/uploads\\\/2023\\\/05\\\/logotextual1.jpg\",\"contentUrl\":\"https:\\\/\\\/diariotextual.com\\\/inicio\\\/wp-content\\\/uploads\\\/2023\\\/05\\\/logotextual1.jpg\",\"width\":516,\"height\":76,\"caption\":\"Diario Textual\"},\"image\":{\"@id\":\"https:\\\/\\\/diariotextual.com\\\/inicio\\\/#\\\/schema\\\/logo\\\/image\\\/\"},\"sameAs\":[\"https:\\\/\\\/www.facebook.com\\\/eltextual\",\"https:\\\/\\\/x.com\\\/eltextual\",\"http:\\\/\\\/www.instagram.com\\\/eltextual\"]},{\"@type\":\"Person\",\"@id\":\"https:\\\/\\\/diariotextual.com\\\/inicio\\\/#\\\/schema\\\/person\\\/418fc4093c33e86ed41562db3508f958\",\"name\":\"Diario1 Diario1\",\"image\":{\"@type\":\"ImageObject\",\"inLanguage\":\"es\",\"@id\":\"https:\\\/\\\/secure.gravatar.com\\\/avatar\\\/9167d280179c85bc18be67aa7eda765854300033af4896dd779b608640f2ef7a?s=96&d=mm&r=g\",\"url\":\"https:\\\/\\\/secure.gravatar.com\\\/avatar\\\/9167d280179c85bc18be67aa7eda765854300033af4896dd779b608640f2ef7a?s=96&d=mm&r=g\",\"contentUrl\":\"https:\\\/\\\/secure.gravatar.com\\\/avatar\\\/9167d280179c85bc18be67aa7eda765854300033af4896dd779b608640f2ef7a?s=96&d=mm&r=g\",\"caption\":\"Diario1 Diario1\"},\"url\":\"https:\\\/\\\/diariotextual.com\\\/inicio\\\/index.php\\\/author\\\/diario1\\\/\"}]}<\/script>\n<!-- \/ Yoast SEO plugin. -->","yoast_head_json":{"title":"Aumentaron los taxis en Santa Rosa: la bajada de bandera pas\u00f3 a $60,8 - Diario Textual","robots":{"index":"index","follow":"follow","max-snippet":"max-snippet:-1","max-image-preview":"max-image-preview:large","max-video-preview":"max-video-preview:-1"},"canonical":"https:\/\/diariotextual.com\/inicio\/index.php\/2020\/07\/10\/aumentaron-los-taxis-santa-rosa-la-bajada-bandera-paso-608\/","og_locale":"es_ES","og_type":"article","og_title":"Aumentaron los taxis en Santa Rosa: la bajada de bandera pas\u00f3 a $60,8 - Diario Textual","og_description":"Este viernes comenz\u00f3 a regir el aumento de la tarifa de taxi en Santa Rosa. Ahora la bajada de bandera llega a 60,81 pesos y la ficha, por 90 metros&hellip;","og_url":"https:\/\/diariotextual.com\/inicio\/index.php\/2020\/07\/10\/aumentaron-los-taxis-santa-rosa-la-bajada-bandera-paso-608\/","og_site_name":"Diario Textual","article_publisher":"https:\/\/www.facebook.com\/eltextual","article_published_time":"2020-07-10T12:00:22+00:00","article_modified_time":"2020-07-10T17:48:53+00:00","og_image":[{"width":622,"height":506,"url":"https:\/\/diariotextual.com\/inicio\/wp-content\/uploads\/2020\/04\/taxisdesfinfeccion344.png","type":"image\/png"}],"author":"Diario1 Diario1","twitter_card":"summary_large_image","twitter_creator":"@eltextual","twitter_site":"@eltextual","twitter_misc":{"Escrito por":"Diario1 Diario1","Tiempo de lectura":"1 minuto"},"schema":{"@context":"https:\/\/schema.org","@graph":[{"@type":"Article","@id":"https:\/\/diariotextual.com\/inicio\/index.php\/2020\/07\/10\/aumentaron-los-taxis-santa-rosa-la-bajada-bandera-paso-608\/#article","isPartOf":{"@id":"https:\/\/diariotextual.com\/inicio\/index.php\/2020\/07\/10\/aumentaron-los-taxis-santa-rosa-la-bajada-bandera-paso-608\/"},"author":{"name":"Diario1 Diario1","@id":"https:\/\/diariotextual.com\/inicio\/#\/schema\/person\/418fc4093c33e86ed41562db3508f958"},"headline":"Aumentaron los taxis en Santa Rosa: la bajada de bandera pas\u00f3 a $60,8","datePublished":"2020-07-10T12:00:22+00:00","dateModified":"2020-07-10T17:48:53+00:00","mainEntityOfPage":{"@id":"https:\/\/diariotextual.com\/inicio\/index.php\/2020\/07\/10\/aumentaron-los-taxis-santa-rosa-la-bajada-bandera-paso-608\/"},"wordCount":157,"publisher":{"@id":"https:\/\/diariotextual.com\/inicio\/#organization"},"image":{"@id":"https:\/\/diariotextual.com\/inicio\/index.php\/2020\/07\/10\/aumentaron-los-taxis-santa-rosa-la-bajada-bandera-paso-608\/#primaryimage"},"thumbnailUrl":"https:\/\/diariotextual.com\/inicio\/wp-content\/uploads\/2020\/04\/taxisdesfinfeccion344.png","keywords":["taxis"],"articleSection":["A - ES NOTICIA (van abajo)","ECONOMIA"],"inLanguage":"es"},{"@type":"WebPage","@id":"https:\/\/diariotextual.com\/inicio\/index.php\/2020\/07\/10\/aumentaron-los-taxis-santa-rosa-la-bajada-bandera-paso-608\/","url":"https:\/\/diariotextual.com\/inicio\/index.php\/2020\/07\/10\/aumentaron-los-taxis-santa-rosa-la-bajada-bandera-paso-608\/","name":"Aumentaron los taxis en Santa Rosa: la bajada de bandera pas\u00f3 a $60,8 - Diario Textual","isPartOf":{"@id":"https:\/\/diariotextual.com\/inicio\/#website"},"primaryImageOfPage":{"@id":"https:\/\/diariotextual.com\/inicio\/index.php\/2020\/07\/10\/aumentaron-los-taxis-santa-rosa-la-bajada-bandera-paso-608\/#primaryimage"},"image":{"@id":"https:\/\/diariotextual.com\/inicio\/index.php\/2020\/07\/10\/aumentaron-los-taxis-santa-rosa-la-bajada-bandera-paso-608\/#primaryimage"},"thumbnailUrl":"https:\/\/diariotextual.com\/inicio\/wp-content\/uploads\/2020\/04\/taxisdesfinfeccion344.png","datePublished":"2020-07-10T12:00:22+00:00","dateModified":"2020-07-10T17:48:53+00:00","breadcrumb":{"@id":"https:\/\/diariotextual.com\/inicio\/index.php\/2020\/07\/10\/aumentaron-los-taxis-santa-rosa-la-bajada-bandera-paso-608\/#breadcrumb"},"inLanguage":"es","potentialAction":[{"@type":"ReadAction","target":["https:\/\/diariotextual.com\/inicio\/index.php\/2020\/07\/10\/aumentaron-los-taxis-santa-rosa-la-bajada-bandera-paso-608\/"]}]},{"@type":"ImageObject","inLanguage":"es","@id":"https:\/\/diariotextual.com\/inicio\/index.php\/2020\/07\/10\/aumentaron-los-taxis-santa-rosa-la-bajada-bandera-paso-608\/#primaryimage","url":"https:\/\/diariotextual.com\/inicio\/wp-content\/uploads\/2020\/04\/taxisdesfinfeccion344.png","contentUrl":"https:\/\/diariotextual.com\/inicio\/wp-content\/uploads\/2020\/04\/taxisdesfinfeccion344.png","width":622,"height":506},{"@type":"BreadcrumbList","@id":"https:\/\/diariotextual.com\/inicio\/index.php\/2020\/07\/10\/aumentaron-los-taxis-santa-rosa-la-bajada-bandera-paso-608\/#breadcrumb","itemListElement":[{"@type":"ListItem","position":1,"name":"Portada","item":"https:\/\/diariotextual.com\/inicio\/"},{"@type":"ListItem","position":2,"name":"Aumentaron los taxis en Santa Rosa: la bajada de bandera pas\u00f3 a $60,8"}]},{"@type":"WebSite","@id":"https:\/\/diariotextual.com\/inicio\/#website","url":"https:\/\/diariotextual.com\/inicio\/","name":"Diario Textual","description":"","publisher":{"@id":"https:\/\/diariotextual.com\/inicio\/#organization"},"potentialAction":[{"@type":"SearchAction","target":{"@type":"EntryPoint","urlTemplate":"https:\/\/diariotextual.com\/inicio\/?s={search_term_string}"},"query-input":{"@type":"PropertyValueSpecification","valueRequired":true,"valueName":"search_term_string"}}],"inLanguage":"es"},{"@type":"Organization","@id":"https:\/\/diariotextual.com\/inicio\/#organization","name":"Diario Textual","url":"https:\/\/diariotextual.com\/inicio\/","logo":{"@type":"ImageObject","inLanguage":"es","@id":"https:\/\/diariotextual.com\/inicio\/#\/schema\/logo\/image\/","url":"https:\/\/diariotextual.com\/inicio\/wp-content\/uploads\/2023\/05\/logotextual1.jpg","contentUrl":"https:\/\/diariotextual.com\/inicio\/wp-content\/uploads\/2023\/05\/logotextual1.jpg","width":516,"height":76,"caption":"Diario Textual"},"image":{"@id":"https:\/\/diariotextual.com\/inicio\/#\/schema\/logo\/image\/"},"sameAs":["https:\/\/www.facebook.com\/eltextual","https:\/\/x.com\/eltextual","http:\/\/www.instagram.com\/eltextual"]},{"@type":"Person","@id":"https:\/\/diariotextual.com\/inicio\/#\/schema\/person\/418fc4093c33e86ed41562db3508f958","name":"Diario1 Diario1","image":{"@type":"ImageObject","inLanguage":"es","@id":"https:\/\/secure.gravatar.com\/avatar\/9167d280179c85bc18be67aa7eda765854300033af4896dd779b608640f2ef7a?s=96&d=mm&r=g","url":"https:\/\/secure.gravatar.com\/avatar\/9167d280179c85bc18be67aa7eda765854300033af4896dd779b608640f2ef7a?s=96&d=mm&r=g","contentUrl":"https:\/\/secure.gravatar.com\/avatar\/9167d280179c85bc18be67aa7eda765854300033af4896dd779b608640f2ef7a?s=96&d=mm&r=g","caption":"Diario1 Diario1"},"url":"https:\/\/diariotextual.com\/inicio\/index.php\/author\/diario1\/"}]}},"_links":{"self":[{"href":"https:\/\/diariotextual.com\/inicio\/index.php\/wp-json\/wp\/v2\/posts\/100834","targetHints":{"allow":["GET"]}}],"collection":[{"href":"https:\/\/diariotextual.com\/inicio\/index.php\/wp-json\/wp\/v2\/posts"}],"about":[{"href":"https:\/\/diariotextual.com\/inicio\/index.php\/wp-json\/wp\/v2\/types\/post"}],"author":[{"embeddable":true,"href":"https:\/\/diariotextual.com\/inicio\/index.php\/wp-json\/wp\/v2\/users\/3"}],"replies":[{"embeddable":true,"href":"https:\/\/diariotextual.com\/inicio\/index.php\/wp-json\/wp\/v2\/comments?post=100834"}],"version-history":[{"count":2,"href":"https:\/\/diariotextual.com\/inicio\/index.php\/wp-json\/wp\/v2\/posts\/100834\/revisions"}],"predecessor-version":[{"id":100836,"href":"https:\/\/diariotextual.com\/inicio\/index.php\/wp-json\/wp\/v2\/posts\/100834\/revisions\/100836"}],"wp:featuredmedia":[{"embeddable":true,"href":"https:\/\/diariotextual.com\/inicio\/index.php\/wp-json\/wp\/v2\/media\/91657"}],"wp:attachment":[{"href":"https:\/\/diariotextual.com\/inicio\/index.php\/wp-json\/wp\/v2\/media?parent=100834"}],"wp:term":[{"taxonomy":"category","embeddable":true,"href":"https:\/\/diariotextual.com\/inicio\/index.php\/wp-json\/wp\/v2\/categories?post=100834"},{"taxonomy":"post_tag","embeddable":true,"href":"https:\/\/diariotextual.com\/inicio\/index.php\/wp-json\/wp\/v2\/tags?post=100834"}],"curies":[{"name":"wp","href":"https:\/\/api.w.org\/{rel}","templated":true}]}}