{"id":101469,"date":"2020-07-16T00:00:18","date_gmt":"2020-07-16T03:00:18","guid":{"rendered":"http:\/\/diariotextual.com\/inicio\/?p=101469"},"modified":"2020-07-16T10:15:37","modified_gmt":"2020-07-16T13:15:37","slug":"vicentin-santa-fe-propone-crear-fideicomiso-la-empresa-da-ok","status":"publish","type":"post","link":"https:\/\/diariotextual.com\/inicio\/index.php\/2020\/07\/16\/vicentin-santa-fe-propone-crear-fideicomiso-la-empresa-da-ok\/","title":{"rendered":"Vicent\u00edn: Santa Fe propone crear un fideicomiso y la empresa da el OK"},"content":{"rendered":"<p>El Gobierno de Santa Fe pretende crear un<strong> fideicomiso<\/strong> para recuperar a la empresa Vicent\u00edn. La titular de la Inspecci\u00f3n General de Personas Jur\u00eddicas (IGPJ) de Santa Fe,<strong> Mar\u00eda Victoria Stratta<\/strong>, asegur\u00f3 que <strong>Vicent\u00edn manifest\u00f3 \u201cexpresamente su disposici\u00f3n\u201d a conformar un fideicomiso con otros actores de la actividad agroexportadora y el Estado como v\u00eda para revertir su actual situaci\u00f3n de quebranto.<\/strong><\/p>\n<p>\u201cFue una reuni\u00f3n muy provechosa\u201d, dijo la funcionaria santafesina a<strong> T\u00e9lam<\/strong> luego del primer encuentro de conciliaci\u00f3n convocado por el juez Civil y Comercial de la Segunda Nominaci\u00f3n de Reconquista, <strong>Fabi\u00e1n Lorenzini<\/strong>, que lleva adelante el concurso de acreedores la cerealera.<\/p>\n<p><strong>De la reuni\u00f3n, realizada\u00a0 en la sede del juzgado, en la localidad santafesina de Reconquista, participaron por el Gobierno de Santa Fe, adem\u00e1s de Stratta, el secretario de Justicia, Gabriel Somaglia.<\/strong><\/p>\n<p>Por la empresa, en tanto, asisti\u00f3 el actual presidente de Vicentin, Daniel Buyatti, acompa\u00f1ado por el abogado corporativo de la firma.<\/p>\n<p>Luego del primer encuentro, el magistrado convoc\u00f3 a una nueva reuni\u00f3n de conciliaci\u00f3n para el 30 de julio. <strong>\u00abLa empresa expresamente manifest\u00f3 su disposici\u00f3n a que las acciones sean entregadas a un fideicomiso\u201d<\/strong>, dijo Stratta a T\u00e9lam tras la reuni\u00f3n, que se extendi\u00f3 por espacio de dos horas.<\/p>\n<p>Aclar\u00f3 que la propuesta planteada por Santa Fe para la continuidad de la operaci\u00f3n de Vicentin a trav\u00e9s de un fondo fiduciario en el que converjan acreedores y jugadores del sector agrario se plante\u00f3 \u201cen grandes trazos\u201d.<\/p>\n<p><strong>\u201cA eso hay que pulirlo, pero el punto de partido est\u00e1\u201d<\/strong>, abund\u00f3 la titular de la IGPJ, quien destac\u00f3 que el Gobierno santafesino procura \u201cdefender el inter\u00e9s p\u00fablico\u201d as\u00ed como la continuidad de la operatoria de la agroexportadora y los puestos laborales de Vicentin.<\/p>\n<p><strong>En di\u00e1logo con T\u00e9lam, fuentes de la empresa calificaron a la audiencia como \u00abuna buena reuni\u00f3n\u00bb y dijeron que la propuesta del gobierno santafesino de crear un fideicomiso es una especie de \u00abpunto en com\u00fan\u00bb.<\/strong><\/p>\n<p>Recalcaron que el fideicomiso se debe conformar en el marco del \u00abconcurso de acreedores\u00bb que lleva adelante el juez Lorenzini.<\/p>\n<p>Stratta se\u00f1al\u00f3 que \u201cambas partes coincidimos en que el fideicomiso es una herramienta que permitir\u00e1 inyectar fondos y confianzas\u201d a la empresa, que enfrenta un concurso de acreedores por unos 100 mil millones de pesos.<\/p>\n<p><strong>Explic\u00f3 que \u201csi se concreta el fideicomiso\u201d las funciones de administraci\u00f3n \u201cson ejercida por el fiduciario, que nombra el directorio\u201d.<\/strong><\/p>\n<p>De ese modo, los actuales ejecutivos de la empresa \u201ctendr\u00edan que dejar la administraci\u00f3n\u201d pero no por v\u00eda de una intervenci\u00f3n, sino de un acuerdo del que formen parte.<\/p>\n<p>Sin brindar mayores detalles, Stratta dijo que el fondo fiduciario propuesto por Santa Fe como salida \u201cser\u00e1 la reuni\u00f3n de esfuerzos p\u00fablicos y privados, con acopiadores, cooperativas, con todos los interesados\u201d en participar del negocio agroexportador.<\/p>\n<p><strong>\u201cHay muchos que manifestaron inter\u00e9s, entre ellos los mismos acreedores\u201d, dijo la funcionaria santafesina.<\/strong><\/p>\n<p>El objetivo es no solo sacar a Vicentin de su actual situaci\u00f3n financiera, sino \u201cpotenciarla\u201d con aportes de fondos de instituciones financieras y actores del agro dispuestos a invertir en su reconstituci\u00f3n.<\/p>\n<p>Hasta su default y posterior ca\u00edda en concurso de acreedores, la operatoria de la compa\u00f1\u00eda supon\u00eda alrededor del 9 por ciento de la oferta exportable del pa\u00eds, b\u00e1sicamente a trav\u00e9s de env\u00edos al exterior de granos, aceite de soja y sus subproductos.<\/p>\n<p>El plan santafesino contempla la idea de que los acreedores de Vicentin capitalicen con acciones sus acreencias.<\/p>\n<p>Los principales acreedores son el Banco Naci\u00f3n, con unos U$S300 millones; diversos bancos internacionales, por un monto estimado en U$S500 millones, y la Asociaci\u00f3n de Cooperativas Argentinas (ACA), con U$S90 millones.<\/p>\n","protected":false},"excerpt":{"rendered":"<p>El Gobierno de Santa Fe pretende crear un fideicomiso para recuperar a la empresa Vicent\u00edn. La titular de la Inspecci\u00f3n General de Personas Jur\u00eddicas (IGPJ) de Santa Fe, Mar\u00eda Victoria&hellip;<\/p>\n","protected":false},"author":3,"featured_media":98974,"comment_status":"closed","ping_status":"open","sticky":false,"template":"","format":"standard","meta":{"_acf_changed":false,"footnotes":""},"categories":[1,11,5],"tags":[2723],"class_list":["post-101469","post","type-post","status-publish","format-standard","has-post-thumbnail","hentry","category-es-noticia","category-que-pasa","category-economia","tag-vicentin"],"acf":[],"yoast_head":"<!-- This site is optimized with the Yoast SEO plugin v27.4 - https:\/\/yoast.com\/product\/yoast-seo-wordpress\/ -->\n<title>Vicent\u00edn: Santa Fe propone crear un fideicomiso y la empresa da el OK - Diario Textual<\/title>\n<meta name=\"robots\" content=\"index, follow, max-snippet:-1, max-image-preview:large, max-video-preview:-1\" \/>\n<link rel=\"canonical\" href=\"https:\/\/diariotextual.com\/inicio\/index.php\/2020\/07\/16\/vicentin-santa-fe-propone-crear-fideicomiso-la-empresa-da-ok\/\" \/>\n<meta property=\"og:locale\" content=\"es_ES\" \/>\n<meta property=\"og:type\" content=\"article\" \/>\n<meta property=\"og:title\" content=\"Vicent\u00edn: Santa Fe propone crear un fideicomiso y la empresa da el OK - Diario Textual\" \/>\n<meta property=\"og:description\" content=\"El Gobierno de Santa Fe pretende crear un fideicomiso para recuperar a la empresa Vicent\u00edn. La titular de la Inspecci\u00f3n General de Personas Jur\u00eddicas (IGPJ) de Santa Fe, Mar\u00eda Victoria&hellip;\" \/>\n<meta property=\"og:url\" content=\"https:\/\/diariotextual.com\/inicio\/index.php\/2020\/07\/16\/vicentin-santa-fe-propone-crear-fideicomiso-la-empresa-da-ok\/\" \/>\n<meta property=\"og:site_name\" content=\"Diario Textual\" \/>\n<meta property=\"article:publisher\" content=\"https:\/\/www.facebook.com\/eltextual\" \/>\n<meta property=\"article:published_time\" content=\"2020-07-16T03:00:18+00:00\" \/>\n<meta property=\"article:modified_time\" content=\"2020-07-16T13:15:37+00:00\" \/>\n<meta property=\"og:image\" content=\"https:\/\/diariotextual.com\/inicio\/wp-content\/uploads\/2020\/06\/vicentintelam2020-10.jpg\" \/>\n\t<meta property=\"og:image:width\" content=\"1045\" \/>\n\t<meta property=\"og:image:height\" content=\"768\" \/>\n\t<meta property=\"og:image:type\" content=\"image\/jpeg\" \/>\n<meta name=\"author\" content=\"Diario1 Diario1\" \/>\n<meta name=\"twitter:card\" content=\"summary_large_image\" \/>\n<meta name=\"twitter:creator\" content=\"@eltextual\" \/>\n<meta name=\"twitter:site\" content=\"@eltextual\" \/>\n<meta name=\"twitter:label1\" content=\"Escrito por\" \/>\n\t<meta name=\"twitter:data1\" content=\"Diario1 Diario1\" \/>\n\t<meta name=\"twitter:label2\" content=\"Tiempo de lectura\" \/>\n\t<meta name=\"twitter:data2\" content=\"3 minutos\" \/>\n<script type=\"application\/ld+json\" class=\"yoast-schema-graph\">{\"@context\":\"https:\\\/\\\/schema.org\",\"@graph\":[{\"@type\":\"Article\",\"@id\":\"https:\\\/\\\/diariotextual.com\\\/inicio\\\/index.php\\\/2020\\\/07\\\/16\\\/vicentin-santa-fe-propone-crear-fideicomiso-la-empresa-da-ok\\\/#article\",\"isPartOf\":{\"@id\":\"https:\\\/\\\/diariotextual.com\\\/inicio\\\/index.php\\\/2020\\\/07\\\/16\\\/vicentin-santa-fe-propone-crear-fideicomiso-la-empresa-da-ok\\\/\"},\"author\":{\"name\":\"Diario1 Diario1\",\"@id\":\"https:\\\/\\\/diariotextual.com\\\/inicio\\\/#\\\/schema\\\/person\\\/418fc4093c33e86ed41562db3508f958\"},\"headline\":\"Vicent\u00edn: Santa Fe propone crear un fideicomiso y la empresa da el OK\",\"datePublished\":\"2020-07-16T03:00:18+00:00\",\"dateModified\":\"2020-07-16T13:15:37+00:00\",\"mainEntityOfPage\":{\"@id\":\"https:\\\/\\\/diariotextual.com\\\/inicio\\\/index.php\\\/2020\\\/07\\\/16\\\/vicentin-santa-fe-propone-crear-fideicomiso-la-empresa-da-ok\\\/\"},\"wordCount\":657,\"publisher\":{\"@id\":\"https:\\\/\\\/diariotextual.com\\\/inicio\\\/#organization\"},\"image\":{\"@id\":\"https:\\\/\\\/diariotextual.com\\\/inicio\\\/index.php\\\/2020\\\/07\\\/16\\\/vicentin-santa-fe-propone-crear-fideicomiso-la-empresa-da-ok\\\/#primaryimage\"},\"thumbnailUrl\":\"https:\\\/\\\/diariotextual.com\\\/inicio\\\/wp-content\\\/uploads\\\/2020\\\/06\\\/vicentintelam2020-10.jpg\",\"keywords\":[\"vicentin\"],\"articleSection\":[\"A - ES NOTICIA (van abajo)\",\"A - QUE PASA (al costado)\",\"ECONOMIA\"],\"inLanguage\":\"es\"},{\"@type\":\"WebPage\",\"@id\":\"https:\\\/\\\/diariotextual.com\\\/inicio\\\/index.php\\\/2020\\\/07\\\/16\\\/vicentin-santa-fe-propone-crear-fideicomiso-la-empresa-da-ok\\\/\",\"url\":\"https:\\\/\\\/diariotextual.com\\\/inicio\\\/index.php\\\/2020\\\/07\\\/16\\\/vicentin-santa-fe-propone-crear-fideicomiso-la-empresa-da-ok\\\/\",\"name\":\"Vicent\u00edn: Santa Fe propone crear un fideicomiso y la empresa da el OK - Diario Textual\",\"isPartOf\":{\"@id\":\"https:\\\/\\\/diariotextual.com\\\/inicio\\\/#website\"},\"primaryImageOfPage\":{\"@id\":\"https:\\\/\\\/diariotextual.com\\\/inicio\\\/index.php\\\/2020\\\/07\\\/16\\\/vicentin-santa-fe-propone-crear-fideicomiso-la-empresa-da-ok\\\/#primaryimage\"},\"image\":{\"@id\":\"https:\\\/\\\/diariotextual.com\\\/inicio\\\/index.php\\\/2020\\\/07\\\/16\\\/vicentin-santa-fe-propone-crear-fideicomiso-la-empresa-da-ok\\\/#primaryimage\"},\"thumbnailUrl\":\"https:\\\/\\\/diariotextual.com\\\/inicio\\\/wp-content\\\/uploads\\\/2020\\\/06\\\/vicentintelam2020-10.jpg\",\"datePublished\":\"2020-07-16T03:00:18+00:00\",\"dateModified\":\"2020-07-16T13:15:37+00:00\",\"breadcrumb\":{\"@id\":\"https:\\\/\\\/diariotextual.com\\\/inicio\\\/index.php\\\/2020\\\/07\\\/16\\\/vicentin-santa-fe-propone-crear-fideicomiso-la-empresa-da-ok\\\/#breadcrumb\"},\"inLanguage\":\"es\",\"potentialAction\":[{\"@type\":\"ReadAction\",\"target\":[\"https:\\\/\\\/diariotextual.com\\\/inicio\\\/index.php\\\/2020\\\/07\\\/16\\\/vicentin-santa-fe-propone-crear-fideicomiso-la-empresa-da-ok\\\/\"]}]},{\"@type\":\"ImageObject\",\"inLanguage\":\"es\",\"@id\":\"https:\\\/\\\/diariotextual.com\\\/inicio\\\/index.php\\\/2020\\\/07\\\/16\\\/vicentin-santa-fe-propone-crear-fideicomiso-la-empresa-da-ok\\\/#primaryimage\",\"url\":\"https:\\\/\\\/diariotextual.com\\\/inicio\\\/wp-content\\\/uploads\\\/2020\\\/06\\\/vicentintelam2020-10.jpg\",\"contentUrl\":\"https:\\\/\\\/diariotextual.com\\\/inicio\\\/wp-content\\\/uploads\\\/2020\\\/06\\\/vicentintelam2020-10.jpg\",\"width\":1045,\"height\":768,\"caption\":\"Buenos Aires:Organizaciones sociales, sindicales y trabajadores del Frigor\u00edfico Penta, llevan a cabo una jornada de lucha y difusi\u00f3n, en la rotonda de Pasco, partido de Quilmes, en favor de la expropiaci\u00f3n e intervenci\u00f3n de Vicentin. Foto: Carlos Brigo\\\/T\u00e9lam\\\/cbri 24062020\"},{\"@type\":\"BreadcrumbList\",\"@id\":\"https:\\\/\\\/diariotextual.com\\\/inicio\\\/index.php\\\/2020\\\/07\\\/16\\\/vicentin-santa-fe-propone-crear-fideicomiso-la-empresa-da-ok\\\/#breadcrumb\",\"itemListElement\":[{\"@type\":\"ListItem\",\"position\":1,\"name\":\"Portada\",\"item\":\"https:\\\/\\\/diariotextual.com\\\/inicio\\\/\"},{\"@type\":\"ListItem\",\"position\":2,\"name\":\"Vicent\u00edn: Santa Fe propone crear un fideicomiso y la empresa da el OK\"}]},{\"@type\":\"WebSite\",\"@id\":\"https:\\\/\\\/diariotextual.com\\\/inicio\\\/#website\",\"url\":\"https:\\\/\\\/diariotextual.com\\\/inicio\\\/\",\"name\":\"Diario Textual\",\"description\":\"\",\"publisher\":{\"@id\":\"https:\\\/\\\/diariotextual.com\\\/inicio\\\/#organization\"},\"potentialAction\":[{\"@type\":\"SearchAction\",\"target\":{\"@type\":\"EntryPoint\",\"urlTemplate\":\"https:\\\/\\\/diariotextual.com\\\/inicio\\\/?s={search_term_string}\"},\"query-input\":{\"@type\":\"PropertyValueSpecification\",\"valueRequired\":true,\"valueName\":\"search_term_string\"}}],\"inLanguage\":\"es\"},{\"@type\":\"Organization\",\"@id\":\"https:\\\/\\\/diariotextual.com\\\/inicio\\\/#organization\",\"name\":\"Diario Textual\",\"url\":\"https:\\\/\\\/diariotextual.com\\\/inicio\\\/\",\"logo\":{\"@type\":\"ImageObject\",\"inLanguage\":\"es\",\"@id\":\"https:\\\/\\\/diariotextual.com\\\/inicio\\\/#\\\/schema\\\/logo\\\/image\\\/\",\"url\":\"https:\\\/\\\/diariotextual.com\\\/inicio\\\/wp-content\\\/uploads\\\/2023\\\/05\\\/logotextual1.jpg\",\"contentUrl\":\"https:\\\/\\\/diariotextual.com\\\/inicio\\\/wp-content\\\/uploads\\\/2023\\\/05\\\/logotextual1.jpg\",\"width\":516,\"height\":76,\"caption\":\"Diario Textual\"},\"image\":{\"@id\":\"https:\\\/\\\/diariotextual.com\\\/inicio\\\/#\\\/schema\\\/logo\\\/image\\\/\"},\"sameAs\":[\"https:\\\/\\\/www.facebook.com\\\/eltextual\",\"https:\\\/\\\/x.com\\\/eltextual\",\"http:\\\/\\\/www.instagram.com\\\/eltextual\"]},{\"@type\":\"Person\",\"@id\":\"https:\\\/\\\/diariotextual.com\\\/inicio\\\/#\\\/schema\\\/person\\\/418fc4093c33e86ed41562db3508f958\",\"name\":\"Diario1 Diario1\",\"image\":{\"@type\":\"ImageObject\",\"inLanguage\":\"es\",\"@id\":\"https:\\\/\\\/secure.gravatar.com\\\/avatar\\\/9167d280179c85bc18be67aa7eda765854300033af4896dd779b608640f2ef7a?s=96&d=mm&r=g\",\"url\":\"https:\\\/\\\/secure.gravatar.com\\\/avatar\\\/9167d280179c85bc18be67aa7eda765854300033af4896dd779b608640f2ef7a?s=96&d=mm&r=g\",\"contentUrl\":\"https:\\\/\\\/secure.gravatar.com\\\/avatar\\\/9167d280179c85bc18be67aa7eda765854300033af4896dd779b608640f2ef7a?s=96&d=mm&r=g\",\"caption\":\"Diario1 Diario1\"},\"url\":\"https:\\\/\\\/diariotextual.com\\\/inicio\\\/index.php\\\/author\\\/diario1\\\/\"}]}<\/script>\n<!-- \/ Yoast SEO plugin. -->","yoast_head_json":{"title":"Vicent\u00edn: Santa Fe propone crear un fideicomiso y la empresa da el OK - Diario Textual","robots":{"index":"index","follow":"follow","max-snippet":"max-snippet:-1","max-image-preview":"max-image-preview:large","max-video-preview":"max-video-preview:-1"},"canonical":"https:\/\/diariotextual.com\/inicio\/index.php\/2020\/07\/16\/vicentin-santa-fe-propone-crear-fideicomiso-la-empresa-da-ok\/","og_locale":"es_ES","og_type":"article","og_title":"Vicent\u00edn: Santa Fe propone crear un fideicomiso y la empresa da el OK - Diario Textual","og_description":"El Gobierno de Santa Fe pretende crear un fideicomiso para recuperar a la empresa Vicent\u00edn. La titular de la Inspecci\u00f3n General de Personas Jur\u00eddicas (IGPJ) de Santa Fe, Mar\u00eda Victoria&hellip;","og_url":"https:\/\/diariotextual.com\/inicio\/index.php\/2020\/07\/16\/vicentin-santa-fe-propone-crear-fideicomiso-la-empresa-da-ok\/","og_site_name":"Diario Textual","article_publisher":"https:\/\/www.facebook.com\/eltextual","article_published_time":"2020-07-16T03:00:18+00:00","article_modified_time":"2020-07-16T13:15:37+00:00","og_image":[{"width":1045,"height":768,"url":"https:\/\/diariotextual.com\/inicio\/wp-content\/uploads\/2020\/06\/vicentintelam2020-10.jpg","type":"image\/jpeg"}],"author":"Diario1 Diario1","twitter_card":"summary_large_image","twitter_creator":"@eltextual","twitter_site":"@eltextual","twitter_misc":{"Escrito por":"Diario1 Diario1","Tiempo de lectura":"3 minutos"},"schema":{"@context":"https:\/\/schema.org","@graph":[{"@type":"Article","@id":"https:\/\/diariotextual.com\/inicio\/index.php\/2020\/07\/16\/vicentin-santa-fe-propone-crear-fideicomiso-la-empresa-da-ok\/#article","isPartOf":{"@id":"https:\/\/diariotextual.com\/inicio\/index.php\/2020\/07\/16\/vicentin-santa-fe-propone-crear-fideicomiso-la-empresa-da-ok\/"},"author":{"name":"Diario1 Diario1","@id":"https:\/\/diariotextual.com\/inicio\/#\/schema\/person\/418fc4093c33e86ed41562db3508f958"},"headline":"Vicent\u00edn: Santa Fe propone crear un fideicomiso y la empresa da el OK","datePublished":"2020-07-16T03:00:18+00:00","dateModified":"2020-07-16T13:15:37+00:00","mainEntityOfPage":{"@id":"https:\/\/diariotextual.com\/inicio\/index.php\/2020\/07\/16\/vicentin-santa-fe-propone-crear-fideicomiso-la-empresa-da-ok\/"},"wordCount":657,"publisher":{"@id":"https:\/\/diariotextual.com\/inicio\/#organization"},"image":{"@id":"https:\/\/diariotextual.com\/inicio\/index.php\/2020\/07\/16\/vicentin-santa-fe-propone-crear-fideicomiso-la-empresa-da-ok\/#primaryimage"},"thumbnailUrl":"https:\/\/diariotextual.com\/inicio\/wp-content\/uploads\/2020\/06\/vicentintelam2020-10.jpg","keywords":["vicentin"],"articleSection":["A - ES NOTICIA (van abajo)","A - QUE PASA (al costado)","ECONOMIA"],"inLanguage":"es"},{"@type":"WebPage","@id":"https:\/\/diariotextual.com\/inicio\/index.php\/2020\/07\/16\/vicentin-santa-fe-propone-crear-fideicomiso-la-empresa-da-ok\/","url":"https:\/\/diariotextual.com\/inicio\/index.php\/2020\/07\/16\/vicentin-santa-fe-propone-crear-fideicomiso-la-empresa-da-ok\/","name":"Vicent\u00edn: Santa Fe propone crear un fideicomiso y la empresa da el OK - Diario Textual","isPartOf":{"@id":"https:\/\/diariotextual.com\/inicio\/#website"},"primaryImageOfPage":{"@id":"https:\/\/diariotextual.com\/inicio\/index.php\/2020\/07\/16\/vicentin-santa-fe-propone-crear-fideicomiso-la-empresa-da-ok\/#primaryimage"},"image":{"@id":"https:\/\/diariotextual.com\/inicio\/index.php\/2020\/07\/16\/vicentin-santa-fe-propone-crear-fideicomiso-la-empresa-da-ok\/#primaryimage"},"thumbnailUrl":"https:\/\/diariotextual.com\/inicio\/wp-content\/uploads\/2020\/06\/vicentintelam2020-10.jpg","datePublished":"2020-07-16T03:00:18+00:00","dateModified":"2020-07-16T13:15:37+00:00","breadcrumb":{"@id":"https:\/\/diariotextual.com\/inicio\/index.php\/2020\/07\/16\/vicentin-santa-fe-propone-crear-fideicomiso-la-empresa-da-ok\/#breadcrumb"},"inLanguage":"es","potentialAction":[{"@type":"ReadAction","target":["https:\/\/diariotextual.com\/inicio\/index.php\/2020\/07\/16\/vicentin-santa-fe-propone-crear-fideicomiso-la-empresa-da-ok\/"]}]},{"@type":"ImageObject","inLanguage":"es","@id":"https:\/\/diariotextual.com\/inicio\/index.php\/2020\/07\/16\/vicentin-santa-fe-propone-crear-fideicomiso-la-empresa-da-ok\/#primaryimage","url":"https:\/\/diariotextual.com\/inicio\/wp-content\/uploads\/2020\/06\/vicentintelam2020-10.jpg","contentUrl":"https:\/\/diariotextual.com\/inicio\/wp-content\/uploads\/2020\/06\/vicentintelam2020-10.jpg","width":1045,"height":768,"caption":"Buenos Aires:Organizaciones sociales, sindicales y trabajadores del Frigor\u00edfico Penta, llevan a cabo una jornada de lucha y difusi\u00f3n, en la rotonda de Pasco, partido de Quilmes, en favor de la expropiaci\u00f3n e intervenci\u00f3n de Vicentin. Foto: Carlos Brigo\/T\u00e9lam\/cbri 24062020"},{"@type":"BreadcrumbList","@id":"https:\/\/diariotextual.com\/inicio\/index.php\/2020\/07\/16\/vicentin-santa-fe-propone-crear-fideicomiso-la-empresa-da-ok\/#breadcrumb","itemListElement":[{"@type":"ListItem","position":1,"name":"Portada","item":"https:\/\/diariotextual.com\/inicio\/"},{"@type":"ListItem","position":2,"name":"Vicent\u00edn: Santa Fe propone crear un fideicomiso y la empresa da el OK"}]},{"@type":"WebSite","@id":"https:\/\/diariotextual.com\/inicio\/#website","url":"https:\/\/diariotextual.com\/inicio\/","name":"Diario Textual","description":"","publisher":{"@id":"https:\/\/diariotextual.com\/inicio\/#organization"},"potentialAction":[{"@type":"SearchAction","target":{"@type":"EntryPoint","urlTemplate":"https:\/\/diariotextual.com\/inicio\/?s={search_term_string}"},"query-input":{"@type":"PropertyValueSpecification","valueRequired":true,"valueName":"search_term_string"}}],"inLanguage":"es"},{"@type":"Organization","@id":"https:\/\/diariotextual.com\/inicio\/#organization","name":"Diario Textual","url":"https:\/\/diariotextual.com\/inicio\/","logo":{"@type":"ImageObject","inLanguage":"es","@id":"https:\/\/diariotextual.com\/inicio\/#\/schema\/logo\/image\/","url":"https:\/\/diariotextual.com\/inicio\/wp-content\/uploads\/2023\/05\/logotextual1.jpg","contentUrl":"https:\/\/diariotextual.com\/inicio\/wp-content\/uploads\/2023\/05\/logotextual1.jpg","width":516,"height":76,"caption":"Diario Textual"},"image":{"@id":"https:\/\/diariotextual.com\/inicio\/#\/schema\/logo\/image\/"},"sameAs":["https:\/\/www.facebook.com\/eltextual","https:\/\/x.com\/eltextual","http:\/\/www.instagram.com\/eltextual"]},{"@type":"Person","@id":"https:\/\/diariotextual.com\/inicio\/#\/schema\/person\/418fc4093c33e86ed41562db3508f958","name":"Diario1 Diario1","image":{"@type":"ImageObject","inLanguage":"es","@id":"https:\/\/secure.gravatar.com\/avatar\/9167d280179c85bc18be67aa7eda765854300033af4896dd779b608640f2ef7a?s=96&d=mm&r=g","url":"https:\/\/secure.gravatar.com\/avatar\/9167d280179c85bc18be67aa7eda765854300033af4896dd779b608640f2ef7a?s=96&d=mm&r=g","contentUrl":"https:\/\/secure.gravatar.com\/avatar\/9167d280179c85bc18be67aa7eda765854300033af4896dd779b608640f2ef7a?s=96&d=mm&r=g","caption":"Diario1 Diario1"},"url":"https:\/\/diariotextual.com\/inicio\/index.php\/author\/diario1\/"}]}},"_links":{"self":[{"href":"https:\/\/diariotextual.com\/inicio\/index.php\/wp-json\/wp\/v2\/posts\/101469","targetHints":{"allow":["GET"]}}],"collection":[{"href":"https:\/\/diariotextual.com\/inicio\/index.php\/wp-json\/wp\/v2\/posts"}],"about":[{"href":"https:\/\/diariotextual.com\/inicio\/index.php\/wp-json\/wp\/v2\/types\/post"}],"author":[{"embeddable":true,"href":"https:\/\/diariotextual.com\/inicio\/index.php\/wp-json\/wp\/v2\/users\/3"}],"replies":[{"embeddable":true,"href":"https:\/\/diariotextual.com\/inicio\/index.php\/wp-json\/wp\/v2\/comments?post=101469"}],"version-history":[{"count":1,"href":"https:\/\/diariotextual.com\/inicio\/index.php\/wp-json\/wp\/v2\/posts\/101469\/revisions"}],"predecessor-version":[{"id":101470,"href":"https:\/\/diariotextual.com\/inicio\/index.php\/wp-json\/wp\/v2\/posts\/101469\/revisions\/101470"}],"wp:featuredmedia":[{"embeddable":true,"href":"https:\/\/diariotextual.com\/inicio\/index.php\/wp-json\/wp\/v2\/media\/98974"}],"wp:attachment":[{"href":"https:\/\/diariotextual.com\/inicio\/index.php\/wp-json\/wp\/v2\/media?parent=101469"}],"wp:term":[{"taxonomy":"category","embeddable":true,"href":"https:\/\/diariotextual.com\/inicio\/index.php\/wp-json\/wp\/v2\/categories?post=101469"},{"taxonomy":"post_tag","embeddable":true,"href":"https:\/\/diariotextual.com\/inicio\/index.php\/wp-json\/wp\/v2\/tags?post=101469"}],"curies":[{"name":"wp","href":"https:\/\/api.w.org\/{rel}","templated":true}]}}