{"id":101565,"date":"2020-07-16T17:25:47","date_gmt":"2020-07-16T20:25:47","guid":{"rendered":"http:\/\/diariotextual.com\/inicio\/?p=101565"},"modified":"2020-07-17T08:56:48","modified_gmt":"2020-07-17T11:56:48","slug":"fallo-atuel-la-pampa-ahora-va-pedir-obras-mejorar-riego-la-devolucion-rio","status":"publish","type":"post","link":"https:\/\/diariotextual.com\/inicio\/index.php\/2020\/07\/16\/fallo-atuel-la-pampa-ahora-va-pedir-obras-mejorar-riego-la-devolucion-rio\/","title":{"rendered":"Fallo por el Atuel: La Pampa ahora va a pedir obras, mejorar el riego y la devoluci\u00f3n de otro r\u00edo"},"content":{"rendered":"<p>En el Gobierno de<strong> Sergio Ziliotto<\/strong> festejan <a href=\"http:\/\/diariotextual.com\/inicio\/index.php\/2020\/07\/16\/historico-fallo-la-corte-establecio-caudal-minimo-32-m3-s-del-atuel\/\" target=\"_blank\" rel=\"noopener\"><strong>el fallo hist\u00f3rico de la Corte Suprema de Justicia de la Naci\u00f3n<\/strong><\/a>, que estableci\u00f3 que al menos deben llegar en forma inicial unos <strong>3,2 m3\/s de agua<\/strong> del r\u00edo <strong>Atuel<\/strong> al oeste de La Pampa, pero <strong>ya se preparan para presentar una serie de pedidos<\/strong> para alcanzar esa meta. Seg\u00fan pudo saber <strong>Diario Textual<\/strong>, se trata de <strong>solicitudes de obras de impermeabilizaciones de canales<\/strong>, <strong>mejoras en los sistemas de riego en el sur mendocino<\/strong> e, incluso,<strong> la restituci\u00f3n de parte del caudal del r\u00edo Diamante<\/strong>. Todo eso <strong>le permitir\u00eda a La Pampa llevar los 3,2 m3\/s a los 9,5 m3\/s de caudal.<br \/>\n<\/strong><\/p>\n<p>&nbsp;<\/p>\n<blockquote class=\"wp-embedded-content\" data-secret=\"GtynI00ovv\"><p><a href=\"http:\/\/diariotextual.com\/inicio\/index.php\/2020\/07\/16\/ziliotto-luego-del-historico-fallo-la-corte-reclamo-mendoza-largue-ya-agua\/\">Ziliotto, luego del hist\u00f3rico fallo de la Corte, reclam\u00f3 que Mendoza largue ya el agua<\/a><\/p><\/blockquote>\n<p><iframe class=\"wp-embedded-content\" sandbox=\"allow-scripts\" security=\"restricted\" style=\"position: absolute; clip: rect(1px, 1px, 1px, 1px);\" src=\"http:\/\/diariotextual.com\/inicio\/index.php\/2020\/07\/16\/ziliotto-luego-del-historico-fallo-la-corte-reclamo-mendoza-largue-ya-agua\/embed\/#?secret=GtynI00ovv\" data-secret=\"GtynI00ovv\" width=\"600\" height=\"338\" title=\"&#171;Ziliotto, luego del hist\u00f3rico fallo de la Corte, reclam\u00f3 que Mendoza largue ya el agua&#187; &#8212; Diario Textual\" frameborder=\"0\" marginwidth=\"0\" marginheight=\"0\" scrolling=\"no\"><\/iframe><\/p>\n<p>&nbsp;<\/p>\n<p>&nbsp;<\/p>\n<p>Este fallo de la Corte es un <strong>gran triunfo judicial y pol\u00edtico para La Pampa<\/strong>. Similar al de 2017, cuando el m\u00e1ximo tribunal ratific\u00f3 que el Atuel es interprovincial.<\/p>\n<p>Mendoza, a partir de las negociaciones entre 2018 y 2019, <strong>hab\u00eda propuesto largar 1,3 m3\/s<\/strong> para nuestra provincia y<strong> llegar a 2,6 m3\/s en cinco a\u00f1os<\/strong>. En tanto, <strong>La Pampa reclam\u00f3 inicialmente 3,4 m3\/s, para pasar en forma progresiva a 4,5 m3\/s en un a\u00f1o<\/strong> y con un m\u00f3dulo promedio anual de entre 7 y 9,5 metros c\u00fabicos. Ahora <strong>la Corte fij\u00f3 el valor en 3,2 m3\/s<\/strong>. Es un valor, inicial, similar al reclamado por nuestra provincia.<\/p>\n<p><strong>El caudal fijado es una meta interina<\/strong>: la Corte apel\u00f3 al <strong>Principio Ambiental de Progresividad<\/strong>, que tiene en cuenta el alcance gradual de objetivos, para lo cual se deben establecer metas interinas y metas finales.<\/p>\n<p>&nbsp;<\/p>\n<blockquote class=\"wp-embedded-content\" data-secret=\"gtnVSvzkPy\"><p><a href=\"http:\/\/diariotextual.com\/inicio\/index.php\/2020\/07\/16\/juanita-ugalde-fallo-atuel-esperanzador\/\">Juanita de Ugalde y el fallo por el Atuel: \u00abEs esperanzador\u00bb<\/a><\/p><\/blockquote>\n<p><iframe class=\"wp-embedded-content\" sandbox=\"allow-scripts\" security=\"restricted\" style=\"position: absolute; clip: rect(1px, 1px, 1px, 1px);\" src=\"http:\/\/diariotextual.com\/inicio\/index.php\/2020\/07\/16\/juanita-ugalde-fallo-atuel-esperanzador\/embed\/#?secret=gtnVSvzkPy\" data-secret=\"gtnVSvzkPy\" width=\"600\" height=\"338\" title=\"&#171;Juanita de Ugalde y el fallo por el Atuel: \u00abEs esperanzador\u00bb&#187; &#8212; Diario Textual\" frameborder=\"0\" marginwidth=\"0\" marginheight=\"0\" scrolling=\"no\"><\/iframe><\/p>\n<p>&nbsp;<\/p>\n<p>&nbsp;<\/p>\n<p>En este caso, al perseguirse una recomposici\u00f3n natural del ecosistema, no puede conocerse anticipadamente el tiempo necesario para alcanzarla.<\/p>\n<p>Por ello, la<strong> Corte orden\u00f3 que el caudal de 3,2 m3\/s sea monitoreado por un programa que deber\u00e1n fijar las partes con el fin de evaluar si cumple con los requerimientos m\u00ednimos del h\u00e1bitat en el mantenimiento de la bi\u00f3tica, salinidad y niveles fre\u00e1ticos. <\/strong>As\u00ed la Corte Suprema expresamente estableci\u00f3 que el caudal fijado es solo una meta interina. <strong>Para la meta final deber\u00e1 determinarse en forma definitiva el caudal h\u00eddrico apto para la recomposici\u00f3n del noroeste pampeano.<\/strong><\/p>\n<p>&nbsp;<\/p>\n<blockquote class=\"wp-embedded-content\" data-secret=\"b8KNDu6mec\"><p><a href=\"http:\/\/diariotextual.com\/inicio\/index.php\/2020\/07\/16\/este-historico-fallo-la-corte-suprema-garantizar-agua-del-atuel\/\">Este es el hist\u00f3rico fallo de la Corte Suprema para garantizar agua del Atuel<\/a><\/p><\/blockquote>\n<p><iframe class=\"wp-embedded-content\" sandbox=\"allow-scripts\" security=\"restricted\" style=\"position: absolute; clip: rect(1px, 1px, 1px, 1px);\" src=\"http:\/\/diariotextual.com\/inicio\/index.php\/2020\/07\/16\/este-historico-fallo-la-corte-suprema-garantizar-agua-del-atuel\/embed\/#?secret=b8KNDu6mec\" data-secret=\"b8KNDu6mec\" width=\"600\" height=\"338\" title=\"&#171;Este es el hist\u00f3rico fallo de la Corte Suprema para garantizar agua del Atuel&#187; &#8212; Diario Textual\" frameborder=\"0\" marginwidth=\"0\" marginheight=\"0\" scrolling=\"no\"><\/iframe><\/p>\n<p>&nbsp;<\/p>\n<p>Entre los principales puntos de su fallo, la Corte<strong> pidi\u00f3 que ambas provincias determinen en 90 d\u00edas las acciones u obras de infraestructura necesarias para alcanzar el caudal m\u00ednimo permanente fijado<\/strong>. Incluso deben indicar el tiempo que demandar\u00e1n y el porcentaje de los costos que cada una de las jurisdicciones afrontar\u00e1.<\/p>\n<p>&nbsp;<\/p>\n<blockquote class=\"wp-embedded-content\" data-secret=\"z92LL7EuOo\"><p><a href=\"http:\/\/diariotextual.com\/inicio\/index.php\/2020\/07\/16\/fallo-atuel-mendoza-tambien-festejo-revelo-hara-desoir-la-corte\/\">Fallo por el Atuel: Mendoza tambi\u00e9n festej\u00f3 y revel\u00f3 c\u00f3mo har\u00e1 para desoir a la Corte<\/a><\/p><\/blockquote>\n<p><iframe class=\"wp-embedded-content\" sandbox=\"allow-scripts\" security=\"restricted\" style=\"position: absolute; clip: rect(1px, 1px, 1px, 1px);\" src=\"http:\/\/diariotextual.com\/inicio\/index.php\/2020\/07\/16\/fallo-atuel-mendoza-tambien-festejo-revelo-hara-desoir-la-corte\/embed\/#?secret=z92LL7EuOo\" data-secret=\"z92LL7EuOo\" width=\"600\" height=\"338\" title=\"&#171;Fallo por el Atuel: Mendoza tambi\u00e9n festej\u00f3 y revel\u00f3 c\u00f3mo har\u00e1 para desoir a la Corte&#187; &#8212; Diario Textual\" frameborder=\"0\" marginwidth=\"0\" marginheight=\"0\" scrolling=\"no\"><\/iframe><\/p>\n<p>&nbsp;<\/p>\n<p>&nbsp;<\/p>\n<p>Seg\u00fan pudo saber Diario Textual, el planteo general que llevar\u00e1 La Pampa es que las obras para recuperaci\u00f3n de caudales y todo aquello que permita el ingreso de un caudal permanente a nuestra provincia deben realizarse en la provincia de Mendoza. Adem\u00e1s, deber\u00e1 tener una fuerte inversi\u00f3n de Naci\u00f3n.<\/p>\n<p>En ese marco, pudo saber Diario Textual, son tres los principales puntos que propondr\u00e1 La Pampa:<\/p>\n<p><em><strong>-Un plan de obras de recubrimiento e impermeabilizaciones de canales.<\/strong><\/em><\/p>\n<p><em><strong>-Un plan de inversiones para eficientizar el riego en el sur mendocino: solicitar\u00e1 que se haga por goteo y no, como hasta ahora, por manto.<\/strong><\/em><\/p>\n<p><em><strong>-Un planteo para que se restituya al menos una parte del caudal del Diamante, un antiguo tributario del Atuel. El Diamante, en 1806 fue cortado y desviado hacia la zona de San Rafael. En 2018, ante un reclamo del Gobierno pampeano, Mendoza inform\u00f3 a la CSJN que est\u00e1 dispuesta a analizar la devoluci\u00f3n de este otro r\u00edo.<\/strong><\/em><\/p>\n<p>&nbsp;<\/p>\n<p><a title=\"View La Corte orden\u00f3 3,2 m3\/s del Atuel on Scribd\" href=\"https:\/\/www.scribd.com\/document\/469389129\/La-Corte-ordeno-3-2-m3-s-del-Atuel#from_embed\">La Corte orden\u00f3 3,2 m3\/s del Atuel<\/a> by <a title=\"View diariotextual's profile on Scribd\" href=\"https:\/\/www.scribd.com\/user\/247128503\/diariotextual#from_embed\">diariotextual<\/a> on Scribd<\/p>\n<p><iframe id=\"doc_48781\" class=\"scribd_iframe_embed\" title=\"La Corte orden\u00f3 3,2 m3\/s del Atuel\" src=\"https:\/\/es.scribd.com\/embeds\/469389129\/content?start_page=1&amp;view_mode=scroll&amp;access_key=key-yFVOYIrD9HkQWEN7VWBX\" width=\"600\" height=\"800\" frameborder=\"0\" scrolling=\"no\" data-auto-height=\"false\" data-aspect-ratio=\"0.7085624509033779\" data-mce-fragment=\"1\"><\/iframe><\/p>\n<p>&nbsp;<\/p>\n<p>&nbsp;<\/p>\n<p>&nbsp;<\/p>\n<p>&nbsp;<\/p>\n","protected":false},"excerpt":{"rendered":"<p>En el Gobierno de Sergio Ziliotto festejan el fallo hist\u00f3rico de la Corte Suprema de Justicia de la Naci\u00f3n, que estableci\u00f3 que al menos deben llegar en forma inicial unos&hellip;<\/p>\n","protected":false},"author":3,"featured_media":95446,"comment_status":"closed","ping_status":"open","sticky":false,"template":"","format":"standard","meta":{"_acf_changed":false,"footnotes":""},"categories":[319,8],"tags":[34],"class_list":["post-101565","post","type-post","status-publish","format-standard","has-post-thumbnail","hentry","category-a-temporales","category-politica","tag-atuel"],"acf":[],"yoast_head":"<!-- This site is optimized with the Yoast SEO plugin v27.5 - https:\/\/yoast.com\/product\/yoast-seo-wordpress\/ -->\n<title>Fallo por el Atuel: La Pampa ahora va a pedir obras, mejorar el riego y la devoluci\u00f3n de otro r\u00edo - Diario Textual<\/title>\n<meta name=\"robots\" content=\"index, follow, max-snippet:-1, max-image-preview:large, max-video-preview:-1\" \/>\n<link rel=\"canonical\" href=\"https:\/\/diariotextual.com\/inicio\/index.php\/2020\/07\/16\/fallo-atuel-la-pampa-ahora-va-pedir-obras-mejorar-riego-la-devolucion-rio\/\" \/>\n<meta property=\"og:locale\" content=\"es_ES\" \/>\n<meta property=\"og:type\" content=\"article\" \/>\n<meta property=\"og:title\" content=\"Fallo por el Atuel: La Pampa ahora va a pedir obras, mejorar el riego y la devoluci\u00f3n de otro r\u00edo - Diario Textual\" \/>\n<meta property=\"og:description\" content=\"En el Gobierno de Sergio Ziliotto festejan el fallo hist\u00f3rico de la Corte Suprema de Justicia de la Naci\u00f3n, que estableci\u00f3 que al menos deben llegar en forma inicial unos&hellip;\" \/>\n<meta property=\"og:url\" content=\"https:\/\/diariotextual.com\/inicio\/index.php\/2020\/07\/16\/fallo-atuel-la-pampa-ahora-va-pedir-obras-mejorar-riego-la-devolucion-rio\/\" \/>\n<meta property=\"og:site_name\" content=\"Diario Textual\" \/>\n<meta property=\"article:publisher\" content=\"https:\/\/www.facebook.com\/eltextual\" \/>\n<meta property=\"article:published_time\" content=\"2020-07-16T20:25:47+00:00\" \/>\n<meta property=\"article:modified_time\" content=\"2020-07-17T11:56:48+00:00\" \/>\n<meta property=\"og:image\" content=\"https:\/\/diariotextual.com\/inicio\/wp-content\/uploads\/2020\/05\/rioatuelcaucesecoinspeccion577575.jpg\" \/>\n\t<meta property=\"og:image:width\" content=\"867\" \/>\n\t<meta property=\"og:image:height\" content=\"584\" \/>\n\t<meta property=\"og:image:type\" content=\"image\/jpeg\" \/>\n<meta name=\"author\" content=\"Diario1 Diario1\" \/>\n<meta name=\"twitter:card\" content=\"summary_large_image\" \/>\n<meta name=\"twitter:creator\" content=\"@eltextual\" \/>\n<meta name=\"twitter:site\" content=\"@eltextual\" \/>\n<meta name=\"twitter:label1\" content=\"Escrito por\" \/>\n\t<meta name=\"twitter:data1\" content=\"Diario1 Diario1\" \/>\n\t<meta name=\"twitter:label2\" content=\"Tiempo de lectura\" \/>\n\t<meta name=\"twitter:data2\" content=\"3 minutos\" \/>\n<script type=\"application\/ld+json\" class=\"yoast-schema-graph\">{\"@context\":\"https:\\\/\\\/schema.org\",\"@graph\":[{\"@type\":\"Article\",\"@id\":\"https:\\\/\\\/diariotextual.com\\\/inicio\\\/index.php\\\/2020\\\/07\\\/16\\\/fallo-atuel-la-pampa-ahora-va-pedir-obras-mejorar-riego-la-devolucion-rio\\\/#article\",\"isPartOf\":{\"@id\":\"https:\\\/\\\/diariotextual.com\\\/inicio\\\/index.php\\\/2020\\\/07\\\/16\\\/fallo-atuel-la-pampa-ahora-va-pedir-obras-mejorar-riego-la-devolucion-rio\\\/\"},\"author\":{\"name\":\"Diario1 Diario1\",\"@id\":\"https:\\\/\\\/diariotextual.com\\\/inicio\\\/#\\\/schema\\\/person\\\/418fc4093c33e86ed41562db3508f958\"},\"headline\":\"Fallo por el Atuel: La Pampa ahora va a pedir obras, mejorar el riego y la devoluci\u00f3n de otro r\u00edo\",\"datePublished\":\"2020-07-16T20:25:47+00:00\",\"dateModified\":\"2020-07-17T11:56:48+00:00\",\"mainEntityOfPage\":{\"@id\":\"https:\\\/\\\/diariotextual.com\\\/inicio\\\/index.php\\\/2020\\\/07\\\/16\\\/fallo-atuel-la-pampa-ahora-va-pedir-obras-mejorar-riego-la-devolucion-rio\\\/\"},\"wordCount\":656,\"publisher\":{\"@id\":\"https:\\\/\\\/diariotextual.com\\\/inicio\\\/#organization\"},\"image\":{\"@id\":\"https:\\\/\\\/diariotextual.com\\\/inicio\\\/index.php\\\/2020\\\/07\\\/16\\\/fallo-atuel-la-pampa-ahora-va-pedir-obras-mejorar-riego-la-devolucion-rio\\\/#primaryimage\"},\"thumbnailUrl\":\"https:\\\/\\\/diariotextual.com\\\/inicio\\\/wp-content\\\/uploads\\\/2020\\\/05\\\/rioatuelcaucesecoinspeccion577575.jpg\",\"keywords\":[\"atuel\"],\"articleSection\":[\"A - TEMPORALES\",\"POLITICA\"],\"inLanguage\":\"es\"},{\"@type\":\"WebPage\",\"@id\":\"https:\\\/\\\/diariotextual.com\\\/inicio\\\/index.php\\\/2020\\\/07\\\/16\\\/fallo-atuel-la-pampa-ahora-va-pedir-obras-mejorar-riego-la-devolucion-rio\\\/\",\"url\":\"https:\\\/\\\/diariotextual.com\\\/inicio\\\/index.php\\\/2020\\\/07\\\/16\\\/fallo-atuel-la-pampa-ahora-va-pedir-obras-mejorar-riego-la-devolucion-rio\\\/\",\"name\":\"Fallo por el Atuel: La Pampa ahora va a pedir obras, mejorar el riego y la devoluci\u00f3n de otro r\u00edo - Diario Textual\",\"isPartOf\":{\"@id\":\"https:\\\/\\\/diariotextual.com\\\/inicio\\\/#website\"},\"primaryImageOfPage\":{\"@id\":\"https:\\\/\\\/diariotextual.com\\\/inicio\\\/index.php\\\/2020\\\/07\\\/16\\\/fallo-atuel-la-pampa-ahora-va-pedir-obras-mejorar-riego-la-devolucion-rio\\\/#primaryimage\"},\"image\":{\"@id\":\"https:\\\/\\\/diariotextual.com\\\/inicio\\\/index.php\\\/2020\\\/07\\\/16\\\/fallo-atuel-la-pampa-ahora-va-pedir-obras-mejorar-riego-la-devolucion-rio\\\/#primaryimage\"},\"thumbnailUrl\":\"https:\\\/\\\/diariotextual.com\\\/inicio\\\/wp-content\\\/uploads\\\/2020\\\/05\\\/rioatuelcaucesecoinspeccion577575.jpg\",\"datePublished\":\"2020-07-16T20:25:47+00:00\",\"dateModified\":\"2020-07-17T11:56:48+00:00\",\"breadcrumb\":{\"@id\":\"https:\\\/\\\/diariotextual.com\\\/inicio\\\/index.php\\\/2020\\\/07\\\/16\\\/fallo-atuel-la-pampa-ahora-va-pedir-obras-mejorar-riego-la-devolucion-rio\\\/#breadcrumb\"},\"inLanguage\":\"es\",\"potentialAction\":[{\"@type\":\"ReadAction\",\"target\":[\"https:\\\/\\\/diariotextual.com\\\/inicio\\\/index.php\\\/2020\\\/07\\\/16\\\/fallo-atuel-la-pampa-ahora-va-pedir-obras-mejorar-riego-la-devolucion-rio\\\/\"]}]},{\"@type\":\"ImageObject\",\"inLanguage\":\"es\",\"@id\":\"https:\\\/\\\/diariotextual.com\\\/inicio\\\/index.php\\\/2020\\\/07\\\/16\\\/fallo-atuel-la-pampa-ahora-va-pedir-obras-mejorar-riego-la-devolucion-rio\\\/#primaryimage\",\"url\":\"https:\\\/\\\/diariotextual.com\\\/inicio\\\/wp-content\\\/uploads\\\/2020\\\/05\\\/rioatuelcaucesecoinspeccion577575.jpg\",\"contentUrl\":\"https:\\\/\\\/diariotextual.com\\\/inicio\\\/wp-content\\\/uploads\\\/2020\\\/05\\\/rioatuelcaucesecoinspeccion577575.jpg\",\"width\":867,\"height\":584},{\"@type\":\"BreadcrumbList\",\"@id\":\"https:\\\/\\\/diariotextual.com\\\/inicio\\\/index.php\\\/2020\\\/07\\\/16\\\/fallo-atuel-la-pampa-ahora-va-pedir-obras-mejorar-riego-la-devolucion-rio\\\/#breadcrumb\",\"itemListElement\":[{\"@type\":\"ListItem\",\"position\":1,\"name\":\"Portada\",\"item\":\"https:\\\/\\\/diariotextual.com\\\/inicio\\\/\"},{\"@type\":\"ListItem\",\"position\":2,\"name\":\"Fallo por el Atuel: La Pampa ahora va a pedir obras, mejorar el riego y la devoluci\u00f3n de otro r\u00edo\"}]},{\"@type\":\"WebSite\",\"@id\":\"https:\\\/\\\/diariotextual.com\\\/inicio\\\/#website\",\"url\":\"https:\\\/\\\/diariotextual.com\\\/inicio\\\/\",\"name\":\"Diario Textual\",\"description\":\"\",\"publisher\":{\"@id\":\"https:\\\/\\\/diariotextual.com\\\/inicio\\\/#organization\"},\"potentialAction\":[{\"@type\":\"SearchAction\",\"target\":{\"@type\":\"EntryPoint\",\"urlTemplate\":\"https:\\\/\\\/diariotextual.com\\\/inicio\\\/?s={search_term_string}\"},\"query-input\":{\"@type\":\"PropertyValueSpecification\",\"valueRequired\":true,\"valueName\":\"search_term_string\"}}],\"inLanguage\":\"es\"},{\"@type\":\"Organization\",\"@id\":\"https:\\\/\\\/diariotextual.com\\\/inicio\\\/#organization\",\"name\":\"Diario Textual\",\"url\":\"https:\\\/\\\/diariotextual.com\\\/inicio\\\/\",\"logo\":{\"@type\":\"ImageObject\",\"inLanguage\":\"es\",\"@id\":\"https:\\\/\\\/diariotextual.com\\\/inicio\\\/#\\\/schema\\\/logo\\\/image\\\/\",\"url\":\"https:\\\/\\\/diariotextual.com\\\/inicio\\\/wp-content\\\/uploads\\\/2023\\\/05\\\/logotextual1.jpg\",\"contentUrl\":\"https:\\\/\\\/diariotextual.com\\\/inicio\\\/wp-content\\\/uploads\\\/2023\\\/05\\\/logotextual1.jpg\",\"width\":516,\"height\":76,\"caption\":\"Diario Textual\"},\"image\":{\"@id\":\"https:\\\/\\\/diariotextual.com\\\/inicio\\\/#\\\/schema\\\/logo\\\/image\\\/\"},\"sameAs\":[\"https:\\\/\\\/www.facebook.com\\\/eltextual\",\"https:\\\/\\\/x.com\\\/eltextual\",\"http:\\\/\\\/www.instagram.com\\\/eltextual\"]},{\"@type\":\"Person\",\"@id\":\"https:\\\/\\\/diariotextual.com\\\/inicio\\\/#\\\/schema\\\/person\\\/418fc4093c33e86ed41562db3508f958\",\"name\":\"Diario1 Diario1\",\"image\":{\"@type\":\"ImageObject\",\"inLanguage\":\"es\",\"@id\":\"https:\\\/\\\/secure.gravatar.com\\\/avatar\\\/9167d280179c85bc18be67aa7eda765854300033af4896dd779b608640f2ef7a?s=96&d=mm&r=g\",\"url\":\"https:\\\/\\\/secure.gravatar.com\\\/avatar\\\/9167d280179c85bc18be67aa7eda765854300033af4896dd779b608640f2ef7a?s=96&d=mm&r=g\",\"contentUrl\":\"https:\\\/\\\/secure.gravatar.com\\\/avatar\\\/9167d280179c85bc18be67aa7eda765854300033af4896dd779b608640f2ef7a?s=96&d=mm&r=g\",\"caption\":\"Diario1 Diario1\"},\"url\":\"https:\\\/\\\/diariotextual.com\\\/inicio\\\/index.php\\\/author\\\/diario1\\\/\"}]}<\/script>\n<!-- \/ Yoast SEO plugin. -->","yoast_head_json":{"title":"Fallo por el Atuel: La Pampa ahora va a pedir obras, mejorar el riego y la devoluci\u00f3n de otro r\u00edo - Diario Textual","robots":{"index":"index","follow":"follow","max-snippet":"max-snippet:-1","max-image-preview":"max-image-preview:large","max-video-preview":"max-video-preview:-1"},"canonical":"https:\/\/diariotextual.com\/inicio\/index.php\/2020\/07\/16\/fallo-atuel-la-pampa-ahora-va-pedir-obras-mejorar-riego-la-devolucion-rio\/","og_locale":"es_ES","og_type":"article","og_title":"Fallo por el Atuel: La Pampa ahora va a pedir obras, mejorar el riego y la devoluci\u00f3n de otro r\u00edo - Diario Textual","og_description":"En el Gobierno de Sergio Ziliotto festejan el fallo hist\u00f3rico de la Corte Suprema de Justicia de la Naci\u00f3n, que estableci\u00f3 que al menos deben llegar en forma inicial unos&hellip;","og_url":"https:\/\/diariotextual.com\/inicio\/index.php\/2020\/07\/16\/fallo-atuel-la-pampa-ahora-va-pedir-obras-mejorar-riego-la-devolucion-rio\/","og_site_name":"Diario Textual","article_publisher":"https:\/\/www.facebook.com\/eltextual","article_published_time":"2020-07-16T20:25:47+00:00","article_modified_time":"2020-07-17T11:56:48+00:00","og_image":[{"width":867,"height":584,"url":"https:\/\/diariotextual.com\/inicio\/wp-content\/uploads\/2020\/05\/rioatuelcaucesecoinspeccion577575.jpg","type":"image\/jpeg"}],"author":"Diario1 Diario1","twitter_card":"summary_large_image","twitter_creator":"@eltextual","twitter_site":"@eltextual","twitter_misc":{"Escrito por":"Diario1 Diario1","Tiempo de lectura":"3 minutos"},"schema":{"@context":"https:\/\/schema.org","@graph":[{"@type":"Article","@id":"https:\/\/diariotextual.com\/inicio\/index.php\/2020\/07\/16\/fallo-atuel-la-pampa-ahora-va-pedir-obras-mejorar-riego-la-devolucion-rio\/#article","isPartOf":{"@id":"https:\/\/diariotextual.com\/inicio\/index.php\/2020\/07\/16\/fallo-atuel-la-pampa-ahora-va-pedir-obras-mejorar-riego-la-devolucion-rio\/"},"author":{"name":"Diario1 Diario1","@id":"https:\/\/diariotextual.com\/inicio\/#\/schema\/person\/418fc4093c33e86ed41562db3508f958"},"headline":"Fallo por el Atuel: La Pampa ahora va a pedir obras, mejorar el riego y la devoluci\u00f3n de otro r\u00edo","datePublished":"2020-07-16T20:25:47+00:00","dateModified":"2020-07-17T11:56:48+00:00","mainEntityOfPage":{"@id":"https:\/\/diariotextual.com\/inicio\/index.php\/2020\/07\/16\/fallo-atuel-la-pampa-ahora-va-pedir-obras-mejorar-riego-la-devolucion-rio\/"},"wordCount":656,"publisher":{"@id":"https:\/\/diariotextual.com\/inicio\/#organization"},"image":{"@id":"https:\/\/diariotextual.com\/inicio\/index.php\/2020\/07\/16\/fallo-atuel-la-pampa-ahora-va-pedir-obras-mejorar-riego-la-devolucion-rio\/#primaryimage"},"thumbnailUrl":"https:\/\/diariotextual.com\/inicio\/wp-content\/uploads\/2020\/05\/rioatuelcaucesecoinspeccion577575.jpg","keywords":["atuel"],"articleSection":["A - TEMPORALES","POLITICA"],"inLanguage":"es"},{"@type":"WebPage","@id":"https:\/\/diariotextual.com\/inicio\/index.php\/2020\/07\/16\/fallo-atuel-la-pampa-ahora-va-pedir-obras-mejorar-riego-la-devolucion-rio\/","url":"https:\/\/diariotextual.com\/inicio\/index.php\/2020\/07\/16\/fallo-atuel-la-pampa-ahora-va-pedir-obras-mejorar-riego-la-devolucion-rio\/","name":"Fallo por el Atuel: La Pampa ahora va a pedir obras, mejorar el riego y la devoluci\u00f3n de otro r\u00edo - Diario Textual","isPartOf":{"@id":"https:\/\/diariotextual.com\/inicio\/#website"},"primaryImageOfPage":{"@id":"https:\/\/diariotextual.com\/inicio\/index.php\/2020\/07\/16\/fallo-atuel-la-pampa-ahora-va-pedir-obras-mejorar-riego-la-devolucion-rio\/#primaryimage"},"image":{"@id":"https:\/\/diariotextual.com\/inicio\/index.php\/2020\/07\/16\/fallo-atuel-la-pampa-ahora-va-pedir-obras-mejorar-riego-la-devolucion-rio\/#primaryimage"},"thumbnailUrl":"https:\/\/diariotextual.com\/inicio\/wp-content\/uploads\/2020\/05\/rioatuelcaucesecoinspeccion577575.jpg","datePublished":"2020-07-16T20:25:47+00:00","dateModified":"2020-07-17T11:56:48+00:00","breadcrumb":{"@id":"https:\/\/diariotextual.com\/inicio\/index.php\/2020\/07\/16\/fallo-atuel-la-pampa-ahora-va-pedir-obras-mejorar-riego-la-devolucion-rio\/#breadcrumb"},"inLanguage":"es","potentialAction":[{"@type":"ReadAction","target":["https:\/\/diariotextual.com\/inicio\/index.php\/2020\/07\/16\/fallo-atuel-la-pampa-ahora-va-pedir-obras-mejorar-riego-la-devolucion-rio\/"]}]},{"@type":"ImageObject","inLanguage":"es","@id":"https:\/\/diariotextual.com\/inicio\/index.php\/2020\/07\/16\/fallo-atuel-la-pampa-ahora-va-pedir-obras-mejorar-riego-la-devolucion-rio\/#primaryimage","url":"https:\/\/diariotextual.com\/inicio\/wp-content\/uploads\/2020\/05\/rioatuelcaucesecoinspeccion577575.jpg","contentUrl":"https:\/\/diariotextual.com\/inicio\/wp-content\/uploads\/2020\/05\/rioatuelcaucesecoinspeccion577575.jpg","width":867,"height":584},{"@type":"BreadcrumbList","@id":"https:\/\/diariotextual.com\/inicio\/index.php\/2020\/07\/16\/fallo-atuel-la-pampa-ahora-va-pedir-obras-mejorar-riego-la-devolucion-rio\/#breadcrumb","itemListElement":[{"@type":"ListItem","position":1,"name":"Portada","item":"https:\/\/diariotextual.com\/inicio\/"},{"@type":"ListItem","position":2,"name":"Fallo por el Atuel: La Pampa ahora va a pedir obras, mejorar el riego y la devoluci\u00f3n de otro r\u00edo"}]},{"@type":"WebSite","@id":"https:\/\/diariotextual.com\/inicio\/#website","url":"https:\/\/diariotextual.com\/inicio\/","name":"Diario Textual","description":"","publisher":{"@id":"https:\/\/diariotextual.com\/inicio\/#organization"},"potentialAction":[{"@type":"SearchAction","target":{"@type":"EntryPoint","urlTemplate":"https:\/\/diariotextual.com\/inicio\/?s={search_term_string}"},"query-input":{"@type":"PropertyValueSpecification","valueRequired":true,"valueName":"search_term_string"}}],"inLanguage":"es"},{"@type":"Organization","@id":"https:\/\/diariotextual.com\/inicio\/#organization","name":"Diario Textual","url":"https:\/\/diariotextual.com\/inicio\/","logo":{"@type":"ImageObject","inLanguage":"es","@id":"https:\/\/diariotextual.com\/inicio\/#\/schema\/logo\/image\/","url":"https:\/\/diariotextual.com\/inicio\/wp-content\/uploads\/2023\/05\/logotextual1.jpg","contentUrl":"https:\/\/diariotextual.com\/inicio\/wp-content\/uploads\/2023\/05\/logotextual1.jpg","width":516,"height":76,"caption":"Diario Textual"},"image":{"@id":"https:\/\/diariotextual.com\/inicio\/#\/schema\/logo\/image\/"},"sameAs":["https:\/\/www.facebook.com\/eltextual","https:\/\/x.com\/eltextual","http:\/\/www.instagram.com\/eltextual"]},{"@type":"Person","@id":"https:\/\/diariotextual.com\/inicio\/#\/schema\/person\/418fc4093c33e86ed41562db3508f958","name":"Diario1 Diario1","image":{"@type":"ImageObject","inLanguage":"es","@id":"https:\/\/secure.gravatar.com\/avatar\/9167d280179c85bc18be67aa7eda765854300033af4896dd779b608640f2ef7a?s=96&d=mm&r=g","url":"https:\/\/secure.gravatar.com\/avatar\/9167d280179c85bc18be67aa7eda765854300033af4896dd779b608640f2ef7a?s=96&d=mm&r=g","contentUrl":"https:\/\/secure.gravatar.com\/avatar\/9167d280179c85bc18be67aa7eda765854300033af4896dd779b608640f2ef7a?s=96&d=mm&r=g","caption":"Diario1 Diario1"},"url":"https:\/\/diariotextual.com\/inicio\/index.php\/author\/diario1\/"}]}},"_links":{"self":[{"href":"https:\/\/diariotextual.com\/inicio\/index.php\/wp-json\/wp\/v2\/posts\/101565","targetHints":{"allow":["GET"]}}],"collection":[{"href":"https:\/\/diariotextual.com\/inicio\/index.php\/wp-json\/wp\/v2\/posts"}],"about":[{"href":"https:\/\/diariotextual.com\/inicio\/index.php\/wp-json\/wp\/v2\/types\/post"}],"author":[{"embeddable":true,"href":"https:\/\/diariotextual.com\/inicio\/index.php\/wp-json\/wp\/v2\/users\/3"}],"replies":[{"embeddable":true,"href":"https:\/\/diariotextual.com\/inicio\/index.php\/wp-json\/wp\/v2\/comments?post=101565"}],"version-history":[{"count":9,"href":"https:\/\/diariotextual.com\/inicio\/index.php\/wp-json\/wp\/v2\/posts\/101565\/revisions"}],"predecessor-version":[{"id":101623,"href":"https:\/\/diariotextual.com\/inicio\/index.php\/wp-json\/wp\/v2\/posts\/101565\/revisions\/101623"}],"wp:featuredmedia":[{"embeddable":true,"href":"https:\/\/diariotextual.com\/inicio\/index.php\/wp-json\/wp\/v2\/media\/95446"}],"wp:attachment":[{"href":"https:\/\/diariotextual.com\/inicio\/index.php\/wp-json\/wp\/v2\/media?parent=101565"}],"wp:term":[{"taxonomy":"category","embeddable":true,"href":"https:\/\/diariotextual.com\/inicio\/index.php\/wp-json\/wp\/v2\/categories?post=101565"},{"taxonomy":"post_tag","embeddable":true,"href":"https:\/\/diariotextual.com\/inicio\/index.php\/wp-json\/wp\/v2\/tags?post=101565"}],"curies":[{"name":"wp","href":"https:\/\/api.w.org\/{rel}","templated":true}]}}