{"id":101573,"date":"2020-07-16T17:40:38","date_gmt":"2020-07-16T20:40:38","guid":{"rendered":"http:\/\/diariotextual.com\/inicio\/?p=101573"},"modified":"2020-07-16T20:00:13","modified_gmt":"2020-07-16T23:00:13","slug":"juanita-ugalde-fallo-atuel-esperanzador","status":"publish","type":"post","link":"https:\/\/diariotextual.com\/inicio\/index.php\/2020\/07\/16\/juanita-ugalde-fallo-atuel-esperanzador\/","title":{"rendered":"Juanita de Ugalde y el fallo por el Atuel: \u00abEs esperanzador\u00bb"},"content":{"rendered":"<p><strong>Juanita de Ugalde<\/strong> dice estar<strong> emocionada y esperanzada<\/strong>, pero<strong> pide cautela<\/strong> luego de conocerse hoy <a href=\"http:\/\/diariotextual.com\/inicio\/index.php\/2020\/07\/16\/historico-fallo-la-corte-establecio-caudal-minimo-32-m3-s-del-atuel\/\" target=\"_blank\" rel=\"noopener\"><strong>el fallo de la Corte Suprema de Justicia de la Naci\u00f3n<\/strong> <\/a>que estableci\u00f3 que, inicialmente, su oeste pampeano debe recibir al menos 3,2 m3\/s de caudal del r\u00edo Atuel.<\/p>\n<p><strong>Juanita es una militante social<\/strong>. Naci\u00f3n y se cri\u00f3 en el Puesto Ugalde, donde se encuentra el puente de los Vinchuqueros y la estaci\u00f3n de aforo Antero Ugalde, bautizada as\u00ed en honor a su padre.<\/p>\n<p>Es m\u00e9dica veterinaria y vicepresidenta de la Asamblea por los R\u00edos Pampeanos. Tambi\u00e9n integra la Comisi\u00f3n Interprovincial del Atuel Inferior (CIAI).<\/p>\n<p>\u201cEste fallo de la Corte -cuenta al ser consultada por <strong>Diario Textual<\/strong>&#8211; me emociona, me esperanza y me hace dudar un poco de la reacci\u00f3n de Mendoza, que ya desoy\u00f3 muchos fallos\u201d.<\/p>\n<blockquote class=\"wp-embedded-content\" data-secret=\"UWMjXrFXhy\"><p><a href=\"http:\/\/diariotextual.com\/inicio\/index.php\/2020\/07\/16\/fallo-atuel-mendoza-tambien-festejo-revelo-hara-desoir-la-corte\/\">Fallo por el Atuel: Mendoza tambi\u00e9n festej\u00f3 y revel\u00f3 c\u00f3mo har\u00e1 para desoir a la Corte<\/a><\/p><\/blockquote>\n<p><iframe class=\"wp-embedded-content\" sandbox=\"allow-scripts\" security=\"restricted\" style=\"position: absolute; clip: rect(1px, 1px, 1px, 1px);\" src=\"http:\/\/diariotextual.com\/inicio\/index.php\/2020\/07\/16\/fallo-atuel-mendoza-tambien-festejo-revelo-hara-desoir-la-corte\/embed\/#?secret=UWMjXrFXhy\" data-secret=\"UWMjXrFXhy\" width=\"600\" height=\"338\" title=\"&#171;Fallo por el Atuel: Mendoza tambi\u00e9n festej\u00f3 y revel\u00f3 c\u00f3mo har\u00e1 para desoir a la Corte&#187; &#8212; Diario Textual\" frameborder=\"0\" marginwidth=\"0\" marginheight=\"0\" scrolling=\"no\"><\/iframe><\/p>\n<p>&nbsp;<\/p>\n<p>\u201cSiempre en Mendoza encuentran un atajo. Espero que esta vez no sea as\u00ed\u201d, agrega. \u201cLe\u00ed el fallo desde mi escaso conocimiento en lo legal, buscando d\u00f3nde nos podr\u00edan jorobar. Pero la verdad es que una vez m\u00e1s la Justicia nos da la raz\u00f3n, a cual no es tan dif\u00edcil de ver\u201d, finaliza.<\/p>\n<p>&nbsp;<\/p>\n<p><strong>Qu\u00e9 pedir\u00e1 ahora La Pampa<\/strong><\/p>\n<p>En el Gobierno de<strong> Sergio Ziliotto<\/strong> festejan, pero <strong>ya se preparan para presentar una serie de pedidos<\/strong> para alcanzar esa meta.<\/p>\n<p>Seg\u00fan pudo saber<a href=\"http:\/\/diariotextual.com\/inicio\/index.php\/2020\/07\/16\/fallo-atuel-la-pampa-ahora-va-pedir-obras-mejorar-riego-la-devolucion-rio\/\" target=\"_blank\" rel=\"noopener\"> <strong>Diario Textual<\/strong><\/a>, se trata de <strong>solicitudes de obras de impermeabilizaciones de canales<\/strong>, <strong>mejoras en los sistemas de riego en el sur mendocino<\/strong> e, incluso,<strong> la restituci\u00f3n de parte del caudal del r\u00edo Diamante<\/strong>. Todo eso <strong>le permitir\u00eda a La Pampa llevar los 3,2 m3\/s a los 9,5 m3\/s de caudal.<\/strong><\/p>\n<p>&nbsp;<\/p>\n<p><strong>Qu\u00e9 dijo la Corte<\/strong><\/p>\n<p>La <strong>Corte Suprema de Justicia de la Naci\u00f3n<\/strong> fij\u00f3 que<strong> Mendoza<\/strong> debe <strong>garantizar un caudal inicial m\u00ednimo permanente de 3,2m3\/s en el ingreso del r\u00edo Atuel<\/strong> a <strong>La Pampa<\/strong>. Pero ese caudal, incluso, podr\u00eda ampliarse.<\/p>\n<p>Este fallo es un <strong>gran triunfo judicial y pol\u00edtico para La Pampa<\/strong>. Similar al de 2017, cuando el m\u00e1ximo tribunal ratific\u00f3 que el Atuel es interprovincial.<\/p>\n<p>Mendoza, a partir de las negociaciones entre 2018 y 2019, <strong>hab\u00eda propuesto largar 1,3 m3\/s<\/strong> para nuestra provincia y llegar a 2,6 m3\/s en cinco a\u00f1os. En tanto, <strong>La Pampa reclam\u00f3 inicialmente 3,4 m3\/s, para pasar en forma progresiva a 4,5 m3\/s en un a\u00f1o<\/strong>. Ahora <strong>la Corte fij\u00f3 el valor en 3,2 m3\/s<\/strong>.<\/p>\n<p>&nbsp;<\/p>\n<blockquote class=\"wp-embedded-content\" data-secret=\"DQDp7nkEqK\"><p><a href=\"http:\/\/diariotextual.com\/inicio\/index.php\/2020\/07\/16\/fallo-atuel-la-pampa-ahora-va-pedir-obras-mejorar-riego-la-devolucion-rio\/\">Fallo por el Atuel: La Pampa ahora va a pedir obras, mejorar el riego y la devoluci\u00f3n de otro r\u00edo<\/a><\/p><\/blockquote>\n<p><iframe class=\"wp-embedded-content\" sandbox=\"allow-scripts\" security=\"restricted\" style=\"position: absolute; clip: rect(1px, 1px, 1px, 1px);\" src=\"http:\/\/diariotextual.com\/inicio\/index.php\/2020\/07\/16\/fallo-atuel-la-pampa-ahora-va-pedir-obras-mejorar-riego-la-devolucion-rio\/embed\/#?secret=DQDp7nkEqK\" data-secret=\"DQDp7nkEqK\" width=\"600\" height=\"338\" title=\"&#171;Fallo por el Atuel: La Pampa ahora va a pedir obras, mejorar el riego y la devoluci\u00f3n de otro r\u00edo&#187; &#8212; Diario Textual\" frameborder=\"0\" marginwidth=\"0\" marginheight=\"0\" scrolling=\"no\"><\/iframe><\/p>\n<p>&nbsp;<\/p>\n<p>&nbsp;<\/p>\n<p><strong>El caudal fijado es una meta interina<\/strong>: la Corte apel\u00f3 al <strong>Principio Ambiental de Progresividad<\/strong>, que tiene en cuenta el alcance gradual de objetivos, para lo cual se deben establecer metas interinas y metas finales.<\/p>\n<p>En este caso, al perseguirse una recomposici\u00f3n natural del ecosistema, no puede conocerse anticipadamente el tiempo necesario para alcanzarla.<\/p>\n<p>Por ello, <strong>orden\u00f3 que el caudal de 3,2 m3\/s sea monitoreado por un programa que deber\u00e1n fijar las partes con el fin de evaluar si cumple con los requerimientos m\u00ednimos del h\u00e1bitat en el mantenimiento de la bi\u00f3tica, salinidad y niveles fre\u00e1ticos.<\/strong><\/p>\n<p>As\u00ed la Corte Suprema expresamente estableci\u00f3 que el caudal fijado es solo una meta interina. <strong>Para la meta final deber\u00e1 determinarse en forma definitiva el caudal h\u00eddrico apto para la recomposici\u00f3n del noroeste pampeano.<\/strong><\/p>\n<p>&nbsp;<\/p>\n<p><a title=\"View La Corte orden\u00f3 3,2 m3\/s del Atuel on Scribd\" href=\"https:\/\/www.scribd.com\/document\/469389129\/La-Corte-ordeno-3-2-m3-s-del-Atuel#from_embed\">La Corte orden\u00f3 3,2 m3\/s del Atuel<\/a> by <a title=\"View diariotextual's profile on Scribd\" href=\"https:\/\/www.scribd.com\/user\/247128503\/diariotextual#from_embed\">diariotextual<\/a> on Scribd<\/p>\n<p><iframe id=\"doc_48781\" class=\"scribd_iframe_embed\" title=\"La Corte orden\u00f3 3,2 m3\/s del Atuel\" src=\"https:\/\/es.scribd.com\/embeds\/469389129\/content?start_page=1&amp;view_mode=scroll&amp;access_key=key-yFVOYIrD9HkQWEN7VWBX\" width=\"600\" height=\"800\" frameborder=\"0\" scrolling=\"no\" data-auto-height=\"false\" data-aspect-ratio=\"0.7085624509033779\" data-mce-fragment=\"1\"><\/iframe><\/p>\n<p>&nbsp;<\/p>\n<p>\u00abEs un <strong>paso trascendental<\/strong> para recuperar nuestro r\u00edo Atuel\u201d, tuite\u00f3 <strong>Sergio Ziliotto<\/strong>. Adem\u00e1s, adelant\u00f3 que la Corte \u201cordena acciones y obras, a determinar en 90 d\u00edas, para garantizar dicha escorrent\u00eda. Caso contrario, la CSJN resolver\u00e1\u201d.<\/p>\n<p>Tambi\u00e9n, <strong>la Corte inst\u00f3 a crear el organismo de cuenca que se denominar\u00e1 la Comisi\u00f3n Interjurisdiccional del R\u00edo Atuel (CIRA).<\/strong><\/p>\n<p>&nbsp;<\/p>\n<blockquote class=\"twitter-tweet\">\n<p dir=\"ltr\" lang=\"es\">Un paso trascendental para recuperar nuestro R\u00edo Atuel.<\/p>\n<p>1.- La CSJN, ratificando su fallo de 2017, fij\u00f3 un caudal inicial m\u00ednimo permanente de 3,2m3\/s en el ingreso del r\u00edo a La Pampa.<\/p>\n<p>&#x1f447; (hilo)<\/p>\n<p>\u2014 Sergio Ziliotto (@ZiliottoSergio) <a href=\"https:\/\/twitter.com\/ZiliottoSergio\/status\/1283806999839494144?ref_src=twsrc%5Etfw\">July 16, 2020<\/a><\/p><\/blockquote>\n<p><script async=\"\" src=\"https:\/\/platform.twitter.com\/widgets.js\" charset=\"utf-8\"><\/script><\/p>\n<p>&nbsp;<\/p>\n<p>\u201cEl m\u00e1ximo Tribunal reconoce el da\u00f1o ambiental, elemento clave de nuestro reclamo. Logro de la sociedad pampeana y de la perseverancia de sus dirigentes\u00bb, finaliz\u00f3 Ziliotto.<\/p>\n<p>Este es<strong> el segundo rev\u00e9s que en un mes recibe Mendoza por parte de La Pampa<\/strong>, en medio de la puja por el control de los r\u00edos: hace un mes, <strong>la represa hidroel\u00e9ctrica Portezuelo del Viento qued\u00f3 tambaleando<\/strong> luego de la oposici\u00f3n liderada por La Pampa y acompa\u00f1ada por las provincias de Neuqu\u00e9n, R\u00edo Negro y Buenos Aires. El temor es que, precisamente, <strong>por esta nueva represa el r\u00edo Colorado pueda convertirse en un nuevo Atuel a partir del uso abusivo y unilateral de la provincia cuyana.<\/strong><\/p>\n<p>&nbsp;<\/p>\n<p><strong>Un robo que lleva d\u00e9cadas<\/strong><\/p>\n<p>Mendoza solo larga agua a La Pampa cuando hay excedentes. <strong>No ocurre seguido: entre 1947 y 1970 no lleg\u00f3 ni una gota de agua. Y desde diciembre de 2019 a la fecha, tampoco ingresa agua al oeste pampeano.<\/strong><\/p>\n<p>En La Pampa, a ra\u00edz de ese corte, <strong>se desertificaron 1,5 millones de hect\u00e1reas y centenares de personas<\/strong> tuvieron que<strong> migrar<\/strong> a otros lugares.<\/p>\n<p><strong>La Corte Suprema de Justicia fall\u00f3 en 1987 que el r\u00edo Atuel era interjuridiccional<\/strong>, es decir, perteneciente a ambas provincias. Adem\u00e1s, dijo que Mendoza ten\u00eda derecho a regar hasta 75.771 hect\u00e1reas.<\/p>\n<p>La Pampa volvi\u00f3 a la Corte hace una d\u00e9cada y pudo demostrar, a partir de la nueva jurisprudencia ambiental,\u00a0<strong>que el tema del Atuel no es cosa juzgada<\/strong>. Fue una bofetada para la provincia vecina.<\/p>\n<p>Casa de Gobierno sostuvo, en su demanda, que la provincia cuyana<strong> incumpl\u00eda la obligaci\u00f3n de negociar y celebrar de buena fe los convenios para regular los usos del r\u00edo<\/strong> y solicit\u00f3 que se declare la presencia de da\u00f1o ambiental, como consecuencia de los incumplimientos se\u00f1alados y se ordene su cese y la recomposici\u00f3n del ambiente. Sostuvo, adem\u00e1s, <strong>que deb\u00eda fijarse un caudal de agua m\u00ednimo a ingresar al territorio pampeano, teniendo en cuenta el derecho\u00a0humano al agua, al crecimiento arm\u00f3nico y equilibrado entre las provincias.<\/strong><\/p>\n<p>Adem\u00e1s, pidi\u00f3 que se le ordene a Mendoza la realizaci\u00f3n de las obras necesarias para optimizar la utilizaci\u00f3n del recurso agua en su sistema de riego y se la condene a indemnizar los perjuicios sufridos con motivo de los incumplimientos.<\/p>\n<p>As\u00ed,\u00a0<strong>en diciembre de 2017, la Corte ratific\u00f3 que el r\u00edo es interprovincial y orden\u00f3 sentarse a negociar.<\/strong> Sin embargo, ambas provincias no lograron acordar. \u00bfQu\u00e9 propuso Mendoza? Hacer 23 perforaciones para destinar a su propio riego para, de esa manera, \u201cliberar\u201d 1,3 m3\/seg para La Pampa. Sin embargo estuvo lejos de la pretensi\u00f3n de nuestra provincia que reclamaba al menos 3,4 m3\/seg.\u00a0<strong>Ahora la CSJN fij\u00f3 en 3,2 m3\/s el caudal m\u00ednimo.<\/strong><\/p>\n<p>&nbsp;<\/p>\n<p><strong>P\u00e9rdidas multimillonarias<\/strong><\/p>\n<p><strong>El corte del Atuel ha generado millones de d\u00f3lares en p\u00e9rdidas para La Pampa<\/strong>. El Gobierno pampeano estim\u00f3 que Mendoza estaba provocando, a fines de 2011 y principios de 2012, al menos una p\u00e9rdida econ\u00f3mica de 100 millones de pesos -unos 22,5 millones de d\u00f3lares, a valores de esa \u00e9poca- por el corte del Atuel. Si el caudal fuera relativamente bueno, la p\u00e9rdida trepar\u00eda a 570 millones -125 millones de d\u00f3lares-.<\/p>\n<p>Los valores fueron establecidos en el Estudio para la Cuantificaci\u00f3n Econ\u00f3mica elaborado por la Universidad Nacional de La Pampa (UNLPam) en el a\u00f1o 2012.<\/p>\n<p>&nbsp;<\/p>\n<blockquote class=\"wp-embedded-content\" data-secret=\"FNEt3bTFr4\"><p><a href=\"http:\/\/diariotextual.com\/inicio\/index.php\/2020\/07\/16\/este-historico-fallo-la-corte-suprema-garantizar-agua-del-atuel\/\">Este es el hist\u00f3rico fallo de la Corte Suprema para garantizar agua del Atuel<\/a><\/p><\/blockquote>\n<p><iframe class=\"wp-embedded-content\" sandbox=\"allow-scripts\" security=\"restricted\" style=\"position: absolute; clip: rect(1px, 1px, 1px, 1px);\" src=\"http:\/\/diariotextual.com\/inicio\/index.php\/2020\/07\/16\/este-historico-fallo-la-corte-suprema-garantizar-agua-del-atuel\/embed\/#?secret=FNEt3bTFr4\" data-secret=\"FNEt3bTFr4\" width=\"600\" height=\"338\" title=\"&#171;Este es el hist\u00f3rico fallo de la Corte Suprema para garantizar agua del Atuel&#187; &#8212; Diario Textual\" frameborder=\"0\" marginwidth=\"0\" marginheight=\"0\" scrolling=\"no\"><\/iframe><\/p>\n<p>&nbsp;<\/p>\n<p><strong>Los argumentos de los jueces<\/strong><\/p>\n<p>El Tribunal, en sus argumentos, precis\u00f3 que <strong>ese es el caudal recomendado por el Instituto Nacional del Agua (INA) como instrumento de posible cese del da\u00f1o ambiental ocasionado por la falta de escurrimiento del r\u00edo Atuel en territorio pampeano.<\/strong><\/p>\n<p>La Corte fall\u00f3 con el voto mayoritario suscripto por los jueces Elena Highton de Nolasco, Juan Carlos Maqueda, Ricardo Lorenzetti y Horacio Rosatti. El otro juez, <span class=\"st\"> Carlos Rosenkrantz<\/span>, adhiri\u00f3 en l\u00edneas generales a ese voto pero tuvo algunas otras consideraciones.<\/p>\n<p>Los jueces que tuvieron el voto mayoritario recordaron que las jurisdicciones no hab\u00edan arribado a una soluci\u00f3n sobre el punto, raz\u00f3n por la cual correspond\u00eda que el tribunal definiera el curso de acci\u00f3n a seguir, de acuerdo a lo establecido en su pronunciamiento del 22 de mayo de 2018.<\/p>\n<p>Dijeron que los t\u00e9rminos de la cl\u00e1usula ambiental de la Constituci\u00f3n Nacional\u00a0 permiten afirmar la existencia de deberes positivos en cabeza de los particulares y del Estado para la defensa del derecho a un ambiente sano, equilibrado y apto para el desarrollo humano. Precisaron que estos deberes se desarrollan en la Ley General del Ambiente y en el C\u00f3digo Civil y Comercial de la Naci\u00f3n de modo coherente, tanto en el \u00e1mbito p\u00fablico como privado.<\/p>\n<p>En consideraci\u00f3n de los mandatos constitucionales y legales se\u00f1alados, el Tribunal record\u00f3 que el punto de partida de este\u00a0 conflicto deviene de la disminuci\u00f3n de la oferta y, a su vez, del aumento de la demanda de agua del r\u00edo Atuel.<\/p>\n<p>La Corte a\u00f1adi\u00f3, a esta evidencia, que ese recurso deb\u00eda tambi\u00e9n ser destinado a la conservaci\u00f3n del ecosistema interprovincial, para que mantenga su sustentabilidad, todo ello sin perder de vista el inter\u00e9s de las generaciones futuras, cuyo derecho a gozar del ambiente est\u00e1 protegido por el derecho vigente.<\/p>\n<p>En este complejo marco, <strong>resalt\u00f3 la importancia de arribar a una soluci\u00f3n del conflicto de modo gradual, en los t\u00e9rminos del principio de progresividad, especialmente aplicable al caso en la medida en que, al perseguirse una recomposici\u00f3n natural o pasiva del ecosistema afectado en el noroeste de la Provincia de La Pampa, no es posible conocer anticipadamente el tiempo necesario para alcanzarla, ya que depender\u00e1 de la capacidad de auto-regeneraci\u00f3n del ecosistema.<\/strong><\/p>\n<p>Es desde esta comprensi\u00f3n del conflicto que <strong>decidi\u00f3 fijar como meta interina el caudal m\u00ednimo permanente del r\u00edo Atuel de 3,2 m3\/s<\/strong> recomendado por el Instituto Nacional del Agua (INA).<\/p>\n<p>De esta manera, el Tribunal orden\u00f3 a las provincias involucradas que junto con el Estado Nacional:<\/p>\n<p><em><strong>1.) determinen en la \u00f3rbita de la Comisi\u00f3n Interprovincial del Atuel Inferior (C.I.A.I.) las acciones u obras de infraestructura necesarias para alcanzar el caudal m\u00ednimo permanente fijado, debiendo indicar el tiempo que demandar\u00e1n y el porcentaje de los costos que cada una de las jurisdicciones afrontar\u00e1;<\/strong><\/em><\/p>\n<p><em><strong>2.) diagramen un programa de monitoreo permanente que permita el control en el tiempo de la provisi\u00f3n del caudal m\u00ednimo fijado y de la evoluci\u00f3n de la biota, la salinidad y los niveles fre\u00e1ticos;<\/strong><\/em><\/p>\n<p><em><strong>3.) presenten a la aprobaci\u00f3n del Tribunal dentro del plazo de noventa (90) d\u00edas los programas de acciones u obras y de monitoreo ordenados.<\/strong><\/em><\/p>\n<p>Finalmente, resolvi\u00f3 instar a las provincias de La Pampa y Mendoza al fortalecimiento institucional del organismo de cuenca, integrando al Estado Nacional, a cuyo fin deber\u00e1n considerar la propuesta realizada por la Secretar\u00eda de Infraestructura y Pol\u00edtica H\u00eddrica de la Naci\u00f3n para la conformaci\u00f3n de la Comisi\u00f3n Interjurisdiccional del R\u00edo Atuel (CIRA), en reemplazo de la actual Comisi\u00f3n.<\/p>\n<p>Por su parte, el doctor Carlos Rosenkrantz, en voto concurrente, adhiri\u00f3 a los puntos resolutivos del voto de la mayor\u00eda. Entendi\u00f3 que esta resoluci\u00f3n resguarda la libertad de negociaci\u00f3n reconocida a las partes dado que se toma luego de transcurrido un tiempo razonable sin que las partes hubieren arribado a un acuerdo en relaci\u00f3n con la problem\u00e1tica del r\u00edo Atuel. Por eso, el juez Rosenkrantz consider\u00f3 oportuno que el Tribunal establezca cu\u00e1l ha de ser la magnitud del caudal m\u00ednimo que funcionar\u00e1 como un objetivo que podr\u00e1 alcanzarse gradualmente o en etapas, mediante la realizaci\u00f3n de las obras que resulten necesarias seg\u00fan lo acuerden las partes o, en caso de que no existiera acuerdo, en el futuro lo decida la Corte.<\/p>\n<p>Tambi\u00e9n coincidi\u00f3 en que corresponde seguir la propuesta de los organismos t\u00e9cnicos del Estado Nacional pues, entre otras razones, fue aceptada subsidiariamente por la provincia de Mendoza, y destac\u00f3 que es importante tener presente que el ritmo de avance del caudal real hasta llegar a los 3.2 m3\/seg. que se establecen como caudal m\u00ednimo es una cuesti\u00f3n que se mantiene abierta y depender\u00e1 del acuerdo a que lleguen las partes sobre la definici\u00f3n de las obras necesarias, la distribuci\u00f3n de los costos entre ellas, los plazos y etapas de realizaci\u00f3n y el correspondiente programa de monitoreo.<\/p>\n<p>Por \u00faltimo, aclar\u00f3 que adhiri\u00f3 a instar a las provincias de La Pampa y Mendoza a que consideren la propuesta de reestructuraci\u00f3n del actual Comit\u00e9 Interprovincial del Atuel Inferior, en raz\u00f3n de considerar que ello no pod\u00eda ser entendido como un avasallamiento de sus respectivas autonom\u00edas provinciales.<\/p>\n<p>&nbsp;<\/p>\n<p>&nbsp;<\/p>\n<p>&nbsp;<\/p>\n<p>&nbsp;<\/p>\n","protected":false},"excerpt":{"rendered":"<p>Juanita de Ugalde dice estar emocionada y esperanzada, pero pide cautela luego de conocerse hoy el fallo de la Corte Suprema de Justicia de la Naci\u00f3n que estableci\u00f3 que, inicialmente,&hellip;<\/p>\n","protected":false},"author":3,"featured_media":101575,"comment_status":"closed","ping_status":"open","sticky":false,"template":"","format":"standard","meta":{"_acf_changed":false,"footnotes":""},"categories":[11,8],"tags":[34,3419],"class_list":["post-101573","post","type-post","status-publish","format-standard","has-post-thumbnail","hentry","category-que-pasa","category-politica","tag-atuel","tag-juanita"],"acf":[],"yoast_head":"<!-- This site is optimized with the Yoast SEO plugin v27.5 - https:\/\/yoast.com\/product\/yoast-seo-wordpress\/ -->\n<title>Juanita de Ugalde y el fallo por el Atuel: &quot;Es esperanzador&quot; - Diario Textual<\/title>\n<meta name=\"robots\" content=\"index, follow, max-snippet:-1, max-image-preview:large, max-video-preview:-1\" \/>\n<link rel=\"canonical\" href=\"https:\/\/diariotextual.com\/inicio\/index.php\/2020\/07\/16\/juanita-ugalde-fallo-atuel-esperanzador\/\" \/>\n<meta property=\"og:locale\" content=\"es_ES\" \/>\n<meta property=\"og:type\" content=\"article\" \/>\n<meta property=\"og:title\" content=\"Juanita de Ugalde y el fallo por el Atuel: &quot;Es esperanzador&quot; - Diario Textual\" \/>\n<meta property=\"og:description\" content=\"Juanita de Ugalde dice estar emocionada y esperanzada, pero pide cautela luego de conocerse hoy el fallo de la Corte Suprema de Justicia de la Naci\u00f3n que estableci\u00f3 que, inicialmente,&hellip;\" \/>\n<meta property=\"og:url\" content=\"https:\/\/diariotextual.com\/inicio\/index.php\/2020\/07\/16\/juanita-ugalde-fallo-atuel-esperanzador\/\" \/>\n<meta property=\"og:site_name\" content=\"Diario Textual\" \/>\n<meta property=\"article:publisher\" content=\"https:\/\/www.facebook.com\/eltextual\" \/>\n<meta property=\"article:published_time\" content=\"2020-07-16T20:40:38+00:00\" \/>\n<meta property=\"article:modified_time\" content=\"2020-07-16T23:00:13+00:00\" \/>\n<meta property=\"og:image\" content=\"https:\/\/diariotextual.com\/inicio\/wp-content\/uploads\/2020\/07\/juanitadeugaldetaraguirodriguezasambleaatuelrios2020-1.jpg\" \/>\n\t<meta property=\"og:image:width\" content=\"960\" \/>\n\t<meta property=\"og:image:height\" content=\"640\" \/>\n\t<meta property=\"og:image:type\" content=\"image\/jpeg\" \/>\n<meta name=\"author\" content=\"Diario1 Diario1\" \/>\n<meta name=\"twitter:card\" content=\"summary_large_image\" \/>\n<meta name=\"twitter:creator\" content=\"@eltextual\" \/>\n<meta name=\"twitter:site\" content=\"@eltextual\" \/>\n<meta name=\"twitter:label1\" content=\"Escrito por\" \/>\n\t<meta name=\"twitter:data1\" content=\"Diario1 Diario1\" \/>\n\t<meta name=\"twitter:label2\" content=\"Tiempo de lectura\" \/>\n\t<meta name=\"twitter:data2\" content=\"11 minutos\" \/>\n<script type=\"application\/ld+json\" class=\"yoast-schema-graph\">{\"@context\":\"https:\\\/\\\/schema.org\",\"@graph\":[{\"@type\":\"Article\",\"@id\":\"https:\\\/\\\/diariotextual.com\\\/inicio\\\/index.php\\\/2020\\\/07\\\/16\\\/juanita-ugalde-fallo-atuel-esperanzador\\\/#article\",\"isPartOf\":{\"@id\":\"https:\\\/\\\/diariotextual.com\\\/inicio\\\/index.php\\\/2020\\\/07\\\/16\\\/juanita-ugalde-fallo-atuel-esperanzador\\\/\"},\"author\":{\"name\":\"Diario1 Diario1\",\"@id\":\"https:\\\/\\\/diariotextual.com\\\/inicio\\\/#\\\/schema\\\/person\\\/418fc4093c33e86ed41562db3508f958\"},\"headline\":\"Juanita de Ugalde y el fallo por el Atuel: \u00abEs esperanzador\u00bb\",\"datePublished\":\"2020-07-16T20:40:38+00:00\",\"dateModified\":\"2020-07-16T23:00:13+00:00\",\"mainEntityOfPage\":{\"@id\":\"https:\\\/\\\/diariotextual.com\\\/inicio\\\/index.php\\\/2020\\\/07\\\/16\\\/juanita-ugalde-fallo-atuel-esperanzador\\\/\"},\"wordCount\":2190,\"publisher\":{\"@id\":\"https:\\\/\\\/diariotextual.com\\\/inicio\\\/#organization\"},\"image\":{\"@id\":\"https:\\\/\\\/diariotextual.com\\\/inicio\\\/index.php\\\/2020\\\/07\\\/16\\\/juanita-ugalde-fallo-atuel-esperanzador\\\/#primaryimage\"},\"thumbnailUrl\":\"https:\\\/\\\/diariotextual.com\\\/inicio\\\/wp-content\\\/uploads\\\/2020\\\/07\\\/juanitadeugaldetaraguirodriguezasambleaatuelrios2020-1.jpg\",\"keywords\":[\"atuel\",\"juanita\"],\"articleSection\":[\"A - QUE PASA (al costado)\",\"POLITICA\"],\"inLanguage\":\"es\"},{\"@type\":\"WebPage\",\"@id\":\"https:\\\/\\\/diariotextual.com\\\/inicio\\\/index.php\\\/2020\\\/07\\\/16\\\/juanita-ugalde-fallo-atuel-esperanzador\\\/\",\"url\":\"https:\\\/\\\/diariotextual.com\\\/inicio\\\/index.php\\\/2020\\\/07\\\/16\\\/juanita-ugalde-fallo-atuel-esperanzador\\\/\",\"name\":\"Juanita de Ugalde y el fallo por el Atuel: \\\"Es esperanzador\\\" - Diario Textual\",\"isPartOf\":{\"@id\":\"https:\\\/\\\/diariotextual.com\\\/inicio\\\/#website\"},\"primaryImageOfPage\":{\"@id\":\"https:\\\/\\\/diariotextual.com\\\/inicio\\\/index.php\\\/2020\\\/07\\\/16\\\/juanita-ugalde-fallo-atuel-esperanzador\\\/#primaryimage\"},\"image\":{\"@id\":\"https:\\\/\\\/diariotextual.com\\\/inicio\\\/index.php\\\/2020\\\/07\\\/16\\\/juanita-ugalde-fallo-atuel-esperanzador\\\/#primaryimage\"},\"thumbnailUrl\":\"https:\\\/\\\/diariotextual.com\\\/inicio\\\/wp-content\\\/uploads\\\/2020\\\/07\\\/juanitadeugaldetaraguirodriguezasambleaatuelrios2020-1.jpg\",\"datePublished\":\"2020-07-16T20:40:38+00:00\",\"dateModified\":\"2020-07-16T23:00:13+00:00\",\"breadcrumb\":{\"@id\":\"https:\\\/\\\/diariotextual.com\\\/inicio\\\/index.php\\\/2020\\\/07\\\/16\\\/juanita-ugalde-fallo-atuel-esperanzador\\\/#breadcrumb\"},\"inLanguage\":\"es\",\"potentialAction\":[{\"@type\":\"ReadAction\",\"target\":[\"https:\\\/\\\/diariotextual.com\\\/inicio\\\/index.php\\\/2020\\\/07\\\/16\\\/juanita-ugalde-fallo-atuel-esperanzador\\\/\"]}]},{\"@type\":\"ImageObject\",\"inLanguage\":\"es\",\"@id\":\"https:\\\/\\\/diariotextual.com\\\/inicio\\\/index.php\\\/2020\\\/07\\\/16\\\/juanita-ugalde-fallo-atuel-esperanzador\\\/#primaryimage\",\"url\":\"https:\\\/\\\/diariotextual.com\\\/inicio\\\/wp-content\\\/uploads\\\/2020\\\/07\\\/juanitadeugaldetaraguirodriguezasambleaatuelrios2020-1.jpg\",\"contentUrl\":\"https:\\\/\\\/diariotextual.com\\\/inicio\\\/wp-content\\\/uploads\\\/2020\\\/07\\\/juanitadeugaldetaraguirodriguezasambleaatuelrios2020-1.jpg\",\"width\":960,\"height\":640},{\"@type\":\"BreadcrumbList\",\"@id\":\"https:\\\/\\\/diariotextual.com\\\/inicio\\\/index.php\\\/2020\\\/07\\\/16\\\/juanita-ugalde-fallo-atuel-esperanzador\\\/#breadcrumb\",\"itemListElement\":[{\"@type\":\"ListItem\",\"position\":1,\"name\":\"Portada\",\"item\":\"https:\\\/\\\/diariotextual.com\\\/inicio\\\/\"},{\"@type\":\"ListItem\",\"position\":2,\"name\":\"Juanita de Ugalde y el fallo por el Atuel: \u00abEs esperanzador\u00bb\"}]},{\"@type\":\"WebSite\",\"@id\":\"https:\\\/\\\/diariotextual.com\\\/inicio\\\/#website\",\"url\":\"https:\\\/\\\/diariotextual.com\\\/inicio\\\/\",\"name\":\"Diario Textual\",\"description\":\"\",\"publisher\":{\"@id\":\"https:\\\/\\\/diariotextual.com\\\/inicio\\\/#organization\"},\"potentialAction\":[{\"@type\":\"SearchAction\",\"target\":{\"@type\":\"EntryPoint\",\"urlTemplate\":\"https:\\\/\\\/diariotextual.com\\\/inicio\\\/?s={search_term_string}\"},\"query-input\":{\"@type\":\"PropertyValueSpecification\",\"valueRequired\":true,\"valueName\":\"search_term_string\"}}],\"inLanguage\":\"es\"},{\"@type\":\"Organization\",\"@id\":\"https:\\\/\\\/diariotextual.com\\\/inicio\\\/#organization\",\"name\":\"Diario Textual\",\"url\":\"https:\\\/\\\/diariotextual.com\\\/inicio\\\/\",\"logo\":{\"@type\":\"ImageObject\",\"inLanguage\":\"es\",\"@id\":\"https:\\\/\\\/diariotextual.com\\\/inicio\\\/#\\\/schema\\\/logo\\\/image\\\/\",\"url\":\"https:\\\/\\\/diariotextual.com\\\/inicio\\\/wp-content\\\/uploads\\\/2023\\\/05\\\/logotextual1.jpg\",\"contentUrl\":\"https:\\\/\\\/diariotextual.com\\\/inicio\\\/wp-content\\\/uploads\\\/2023\\\/05\\\/logotextual1.jpg\",\"width\":516,\"height\":76,\"caption\":\"Diario Textual\"},\"image\":{\"@id\":\"https:\\\/\\\/diariotextual.com\\\/inicio\\\/#\\\/schema\\\/logo\\\/image\\\/\"},\"sameAs\":[\"https:\\\/\\\/www.facebook.com\\\/eltextual\",\"https:\\\/\\\/x.com\\\/eltextual\",\"http:\\\/\\\/www.instagram.com\\\/eltextual\"]},{\"@type\":\"Person\",\"@id\":\"https:\\\/\\\/diariotextual.com\\\/inicio\\\/#\\\/schema\\\/person\\\/418fc4093c33e86ed41562db3508f958\",\"name\":\"Diario1 Diario1\",\"image\":{\"@type\":\"ImageObject\",\"inLanguage\":\"es\",\"@id\":\"https:\\\/\\\/secure.gravatar.com\\\/avatar\\\/9167d280179c85bc18be67aa7eda765854300033af4896dd779b608640f2ef7a?s=96&d=mm&r=g\",\"url\":\"https:\\\/\\\/secure.gravatar.com\\\/avatar\\\/9167d280179c85bc18be67aa7eda765854300033af4896dd779b608640f2ef7a?s=96&d=mm&r=g\",\"contentUrl\":\"https:\\\/\\\/secure.gravatar.com\\\/avatar\\\/9167d280179c85bc18be67aa7eda765854300033af4896dd779b608640f2ef7a?s=96&d=mm&r=g\",\"caption\":\"Diario1 Diario1\"},\"url\":\"https:\\\/\\\/diariotextual.com\\\/inicio\\\/index.php\\\/author\\\/diario1\\\/\"}]}<\/script>\n<!-- \/ Yoast SEO plugin. -->","yoast_head_json":{"title":"Juanita de Ugalde y el fallo por el Atuel: \"Es esperanzador\" - Diario Textual","robots":{"index":"index","follow":"follow","max-snippet":"max-snippet:-1","max-image-preview":"max-image-preview:large","max-video-preview":"max-video-preview:-1"},"canonical":"https:\/\/diariotextual.com\/inicio\/index.php\/2020\/07\/16\/juanita-ugalde-fallo-atuel-esperanzador\/","og_locale":"es_ES","og_type":"article","og_title":"Juanita de Ugalde y el fallo por el Atuel: \"Es esperanzador\" - Diario Textual","og_description":"Juanita de Ugalde dice estar emocionada y esperanzada, pero pide cautela luego de conocerse hoy el fallo de la Corte Suprema de Justicia de la Naci\u00f3n que estableci\u00f3 que, inicialmente,&hellip;","og_url":"https:\/\/diariotextual.com\/inicio\/index.php\/2020\/07\/16\/juanita-ugalde-fallo-atuel-esperanzador\/","og_site_name":"Diario Textual","article_publisher":"https:\/\/www.facebook.com\/eltextual","article_published_time":"2020-07-16T20:40:38+00:00","article_modified_time":"2020-07-16T23:00:13+00:00","og_image":[{"width":960,"height":640,"url":"https:\/\/diariotextual.com\/inicio\/wp-content\/uploads\/2020\/07\/juanitadeugaldetaraguirodriguezasambleaatuelrios2020-1.jpg","type":"image\/jpeg"}],"author":"Diario1 Diario1","twitter_card":"summary_large_image","twitter_creator":"@eltextual","twitter_site":"@eltextual","twitter_misc":{"Escrito por":"Diario1 Diario1","Tiempo de lectura":"11 minutos"},"schema":{"@context":"https:\/\/schema.org","@graph":[{"@type":"Article","@id":"https:\/\/diariotextual.com\/inicio\/index.php\/2020\/07\/16\/juanita-ugalde-fallo-atuel-esperanzador\/#article","isPartOf":{"@id":"https:\/\/diariotextual.com\/inicio\/index.php\/2020\/07\/16\/juanita-ugalde-fallo-atuel-esperanzador\/"},"author":{"name":"Diario1 Diario1","@id":"https:\/\/diariotextual.com\/inicio\/#\/schema\/person\/418fc4093c33e86ed41562db3508f958"},"headline":"Juanita de Ugalde y el fallo por el Atuel: \u00abEs esperanzador\u00bb","datePublished":"2020-07-16T20:40:38+00:00","dateModified":"2020-07-16T23:00:13+00:00","mainEntityOfPage":{"@id":"https:\/\/diariotextual.com\/inicio\/index.php\/2020\/07\/16\/juanita-ugalde-fallo-atuel-esperanzador\/"},"wordCount":2190,"publisher":{"@id":"https:\/\/diariotextual.com\/inicio\/#organization"},"image":{"@id":"https:\/\/diariotextual.com\/inicio\/index.php\/2020\/07\/16\/juanita-ugalde-fallo-atuel-esperanzador\/#primaryimage"},"thumbnailUrl":"https:\/\/diariotextual.com\/inicio\/wp-content\/uploads\/2020\/07\/juanitadeugaldetaraguirodriguezasambleaatuelrios2020-1.jpg","keywords":["atuel","juanita"],"articleSection":["A - QUE PASA (al costado)","POLITICA"],"inLanguage":"es"},{"@type":"WebPage","@id":"https:\/\/diariotextual.com\/inicio\/index.php\/2020\/07\/16\/juanita-ugalde-fallo-atuel-esperanzador\/","url":"https:\/\/diariotextual.com\/inicio\/index.php\/2020\/07\/16\/juanita-ugalde-fallo-atuel-esperanzador\/","name":"Juanita de Ugalde y el fallo por el Atuel: \"Es esperanzador\" - Diario Textual","isPartOf":{"@id":"https:\/\/diariotextual.com\/inicio\/#website"},"primaryImageOfPage":{"@id":"https:\/\/diariotextual.com\/inicio\/index.php\/2020\/07\/16\/juanita-ugalde-fallo-atuel-esperanzador\/#primaryimage"},"image":{"@id":"https:\/\/diariotextual.com\/inicio\/index.php\/2020\/07\/16\/juanita-ugalde-fallo-atuel-esperanzador\/#primaryimage"},"thumbnailUrl":"https:\/\/diariotextual.com\/inicio\/wp-content\/uploads\/2020\/07\/juanitadeugaldetaraguirodriguezasambleaatuelrios2020-1.jpg","datePublished":"2020-07-16T20:40:38+00:00","dateModified":"2020-07-16T23:00:13+00:00","breadcrumb":{"@id":"https:\/\/diariotextual.com\/inicio\/index.php\/2020\/07\/16\/juanita-ugalde-fallo-atuel-esperanzador\/#breadcrumb"},"inLanguage":"es","potentialAction":[{"@type":"ReadAction","target":["https:\/\/diariotextual.com\/inicio\/index.php\/2020\/07\/16\/juanita-ugalde-fallo-atuel-esperanzador\/"]}]},{"@type":"ImageObject","inLanguage":"es","@id":"https:\/\/diariotextual.com\/inicio\/index.php\/2020\/07\/16\/juanita-ugalde-fallo-atuel-esperanzador\/#primaryimage","url":"https:\/\/diariotextual.com\/inicio\/wp-content\/uploads\/2020\/07\/juanitadeugaldetaraguirodriguezasambleaatuelrios2020-1.jpg","contentUrl":"https:\/\/diariotextual.com\/inicio\/wp-content\/uploads\/2020\/07\/juanitadeugaldetaraguirodriguezasambleaatuelrios2020-1.jpg","width":960,"height":640},{"@type":"BreadcrumbList","@id":"https:\/\/diariotextual.com\/inicio\/index.php\/2020\/07\/16\/juanita-ugalde-fallo-atuel-esperanzador\/#breadcrumb","itemListElement":[{"@type":"ListItem","position":1,"name":"Portada","item":"https:\/\/diariotextual.com\/inicio\/"},{"@type":"ListItem","position":2,"name":"Juanita de Ugalde y el fallo por el Atuel: \u00abEs esperanzador\u00bb"}]},{"@type":"WebSite","@id":"https:\/\/diariotextual.com\/inicio\/#website","url":"https:\/\/diariotextual.com\/inicio\/","name":"Diario Textual","description":"","publisher":{"@id":"https:\/\/diariotextual.com\/inicio\/#organization"},"potentialAction":[{"@type":"SearchAction","target":{"@type":"EntryPoint","urlTemplate":"https:\/\/diariotextual.com\/inicio\/?s={search_term_string}"},"query-input":{"@type":"PropertyValueSpecification","valueRequired":true,"valueName":"search_term_string"}}],"inLanguage":"es"},{"@type":"Organization","@id":"https:\/\/diariotextual.com\/inicio\/#organization","name":"Diario Textual","url":"https:\/\/diariotextual.com\/inicio\/","logo":{"@type":"ImageObject","inLanguage":"es","@id":"https:\/\/diariotextual.com\/inicio\/#\/schema\/logo\/image\/","url":"https:\/\/diariotextual.com\/inicio\/wp-content\/uploads\/2023\/05\/logotextual1.jpg","contentUrl":"https:\/\/diariotextual.com\/inicio\/wp-content\/uploads\/2023\/05\/logotextual1.jpg","width":516,"height":76,"caption":"Diario Textual"},"image":{"@id":"https:\/\/diariotextual.com\/inicio\/#\/schema\/logo\/image\/"},"sameAs":["https:\/\/www.facebook.com\/eltextual","https:\/\/x.com\/eltextual","http:\/\/www.instagram.com\/eltextual"]},{"@type":"Person","@id":"https:\/\/diariotextual.com\/inicio\/#\/schema\/person\/418fc4093c33e86ed41562db3508f958","name":"Diario1 Diario1","image":{"@type":"ImageObject","inLanguage":"es","@id":"https:\/\/secure.gravatar.com\/avatar\/9167d280179c85bc18be67aa7eda765854300033af4896dd779b608640f2ef7a?s=96&d=mm&r=g","url":"https:\/\/secure.gravatar.com\/avatar\/9167d280179c85bc18be67aa7eda765854300033af4896dd779b608640f2ef7a?s=96&d=mm&r=g","contentUrl":"https:\/\/secure.gravatar.com\/avatar\/9167d280179c85bc18be67aa7eda765854300033af4896dd779b608640f2ef7a?s=96&d=mm&r=g","caption":"Diario1 Diario1"},"url":"https:\/\/diariotextual.com\/inicio\/index.php\/author\/diario1\/"}]}},"_links":{"self":[{"href":"https:\/\/diariotextual.com\/inicio\/index.php\/wp-json\/wp\/v2\/posts\/101573","targetHints":{"allow":["GET"]}}],"collection":[{"href":"https:\/\/diariotextual.com\/inicio\/index.php\/wp-json\/wp\/v2\/posts"}],"about":[{"href":"https:\/\/diariotextual.com\/inicio\/index.php\/wp-json\/wp\/v2\/types\/post"}],"author":[{"embeddable":true,"href":"https:\/\/diariotextual.com\/inicio\/index.php\/wp-json\/wp\/v2\/users\/3"}],"replies":[{"embeddable":true,"href":"https:\/\/diariotextual.com\/inicio\/index.php\/wp-json\/wp\/v2\/comments?post=101573"}],"version-history":[{"count":5,"href":"https:\/\/diariotextual.com\/inicio\/index.php\/wp-json\/wp\/v2\/posts\/101573\/revisions"}],"predecessor-version":[{"id":101586,"href":"https:\/\/diariotextual.com\/inicio\/index.php\/wp-json\/wp\/v2\/posts\/101573\/revisions\/101586"}],"wp:featuredmedia":[{"embeddable":true,"href":"https:\/\/diariotextual.com\/inicio\/index.php\/wp-json\/wp\/v2\/media\/101575"}],"wp:attachment":[{"href":"https:\/\/diariotextual.com\/inicio\/index.php\/wp-json\/wp\/v2\/media?parent=101573"}],"wp:term":[{"taxonomy":"category","embeddable":true,"href":"https:\/\/diariotextual.com\/inicio\/index.php\/wp-json\/wp\/v2\/categories?post=101573"},{"taxonomy":"post_tag","embeddable":true,"href":"https:\/\/diariotextual.com\/inicio\/index.php\/wp-json\/wp\/v2\/tags?post=101573"}],"curies":[{"name":"wp","href":"https:\/\/api.w.org\/{rel}","templated":true}]}}