{"id":101583,"date":"2020-07-16T18:00:33","date_gmt":"2020-07-16T21:00:33","guid":{"rendered":"http:\/\/diariotextual.com\/inicio\/?p=101583"},"modified":"2020-07-17T07:03:18","modified_gmt":"2020-07-17T10:03:18","slug":"fallo-atuel-mendoza-tambien-festejo-revelo-hara-desoir-la-corte","status":"publish","type":"post","link":"https:\/\/diariotextual.com\/inicio\/index.php\/2020\/07\/16\/fallo-atuel-mendoza-tambien-festejo-revelo-hara-desoir-la-corte\/","title":{"rendered":"Fallo por el Atuel: Mendoza tambi\u00e9n festej\u00f3 y revel\u00f3 c\u00f3mo har\u00e1 para desoir a la Corte"},"content":{"rendered":"<div>\n<p>El gobernador mendocino<strong> Rodolfo Su\u00e1rez<\/strong> llamativamente tambi\u00e9n festej\u00f3<a href=\"http:\/\/diariotextual.com\/inicio\/index.php\/2020\/07\/16\/historico-fallo-la-corte-establecio-caudal-minimo-32-m3-s-del-atuel\/\" target=\"_blank\" rel=\"noopener\"><strong> el fallo de la Corte Suprema de Justicia de la Naci\u00f3n que estableci\u00f3 que La Pampa debe recibir, inicialmente, 3,2 m3\/s de caudal del r\u00edo Atuel<\/strong> <\/a>y revel\u00f3, t\u00e1citamente, <strong>c\u00f3mo desde su provincia intentar\u00e1n desoirlo<\/strong>: dijo que <strong>primero hay que almacenar el agua y eso solo se lograr\u00e1 con la represa Portezuelo del Viento<\/strong>, con el trasvase de agua del r\u00edo Grande al Atuel.<\/p>\n<p>\u00abHoy la CSJN hizo lugar a los argumentos mendocinos en la sentencia que dict\u00f3 sobre el juicio de La Pampa por el r\u00edo Atuel,\u00a0 disponiendo que el caudal establecido deber\u00e1 alcanzarse con obras financiadas de com\u00fan acuerdo\u201d, dijo.<br \/>\n\u201cTal como propuso la Provincia, <strong>se va diagramar un programa de monitoreo permanente<\/strong>, que permita el control en el tiempo de la provisi\u00f3n del caudal m\u00ednimo fijado\u201d, agreg\u00f3.<\/p>\n<blockquote class=\"wp-embedded-content\" data-secret=\"PPnG9FA31C\"><p><a href=\"http:\/\/diariotextual.com\/inicio\/index.php\/2020\/07\/16\/fallo-atuel-la-pampa-ahora-va-pedir-obras-mejorar-riego-la-devolucion-rio\/\">Fallo por el Atuel: La Pampa ahora va a pedir obras, mejorar el riego y la devoluci\u00f3n de otro r\u00edo<\/a><\/p><\/blockquote>\n<p><iframe class=\"wp-embedded-content\" sandbox=\"allow-scripts\" security=\"restricted\" style=\"position: absolute; clip: rect(1px, 1px, 1px, 1px);\" src=\"http:\/\/diariotextual.com\/inicio\/index.php\/2020\/07\/16\/fallo-atuel-la-pampa-ahora-va-pedir-obras-mejorar-riego-la-devolucion-rio\/embed\/#?secret=PPnG9FA31C\" data-secret=\"PPnG9FA31C\" width=\"600\" height=\"338\" title=\"&#171;Fallo por el Atuel: La Pampa ahora va a pedir obras, mejorar el riego y la devoluci\u00f3n de otro r\u00edo&#187; &#8212; Diario Textual\" frameborder=\"0\" marginwidth=\"0\" marginheight=\"0\" scrolling=\"no\"><\/iframe><\/p>\n<p>&nbsp;<\/p>\n<p><strong>\u201cLos tiempos de hoy indican que para tener caudal de agua permanente, primero hay que almacenarla. Por eso es tan importante la realizaci\u00f3n del dique Portezuelo del Viento\u201d<\/strong>, finaliz\u00f3 Su\u00e1rez.<\/p>\n<p>Mendoza pretender\u00e1 ahora meter a Portezuelo en el conflicto por el Atuel. Es que as\u00ed se revela la verdadera intenci\u00f3n de la provincia cuyana con esa represa: m\u00e1s que la generaci\u00f3n hidroel\u00e9ctrica, la interesa el trasvase del r\u00edo Grande al Atuel, con el fin de aumentar la cantidad de hect\u00e1reas regadas en San Rafael y Alvear.<\/p>\n<p>Actualmente el proyecto de la represa est\u00e1 en stand by: las cuatro provincias aguas abajo pidieron un nuevo estudio de impacto ambiental.<\/p>\n<p>&nbsp;<\/p>\n<\/div>\n<blockquote class=\"wp-embedded-content\" data-secret=\"5I4nh64lIC\"><p><a href=\"http:\/\/diariotextual.com\/inicio\/index.php\/2020\/07\/16\/historico-fallo-la-corte-establecio-caudal-minimo-32-m3-s-del-atuel\/\">Hist\u00f3rico fallo: la Corte estableci\u00f3 un caudal m\u00ednimo de 3,2 m3\/s del Atuel<\/a><\/p><\/blockquote>\n<p><iframe class=\"wp-embedded-content\" sandbox=\"allow-scripts\" security=\"restricted\" style=\"position: absolute; clip: rect(1px, 1px, 1px, 1px);\" src=\"http:\/\/diariotextual.com\/inicio\/index.php\/2020\/07\/16\/historico-fallo-la-corte-establecio-caudal-minimo-32-m3-s-del-atuel\/embed\/#?secret=5I4nh64lIC\" data-secret=\"5I4nh64lIC\" width=\"600\" height=\"338\" title=\"&#171;Hist\u00f3rico fallo: la Corte estableci\u00f3 un caudal m\u00ednimo de 3,2 m3\/s del Atuel&#187; &#8212; Diario Textual\" frameborder=\"0\" marginwidth=\"0\" marginheight=\"0\" scrolling=\"no\"><\/iframe><\/p>\n<p>&nbsp;<\/p>\n<p>&nbsp;<\/p>\n","protected":false},"excerpt":{"rendered":"<p>El gobernador mendocino Rodolfo Su\u00e1rez llamativamente tambi\u00e9n festej\u00f3 el fallo de la Corte Suprema de Justicia de la Naci\u00f3n que estableci\u00f3 que La Pampa debe recibir, inicialmente, 3,2 m3\/s de&hellip;<\/p>\n","protected":false},"author":3,"featured_media":99954,"comment_status":"closed","ping_status":"open","sticky":false,"template":"","format":"standard","meta":{"_acf_changed":false,"footnotes":""},"categories":[319,8],"tags":[],"class_list":["post-101583","post","type-post","status-publish","format-standard","has-post-thumbnail","hentry","category-a-temporales","category-politica"],"acf":[],"yoast_head":"<!-- This site is optimized with the Yoast SEO plugin v27.5 - https:\/\/yoast.com\/product\/yoast-seo-wordpress\/ -->\n<title>Fallo por el Atuel: Mendoza tambi\u00e9n festej\u00f3 y revel\u00f3 c\u00f3mo har\u00e1 para desoir a la Corte - Diario Textual<\/title>\n<meta name=\"robots\" content=\"index, follow, max-snippet:-1, max-image-preview:large, max-video-preview:-1\" \/>\n<link rel=\"canonical\" href=\"https:\/\/diariotextual.com\/inicio\/index.php\/2020\/07\/16\/fallo-atuel-mendoza-tambien-festejo-revelo-hara-desoir-la-corte\/\" \/>\n<meta property=\"og:locale\" content=\"es_ES\" \/>\n<meta property=\"og:type\" content=\"article\" \/>\n<meta property=\"og:title\" content=\"Fallo por el Atuel: Mendoza tambi\u00e9n festej\u00f3 y revel\u00f3 c\u00f3mo har\u00e1 para desoir a la Corte - Diario Textual\" \/>\n<meta property=\"og:description\" content=\"El gobernador mendocino Rodolfo Su\u00e1rez llamativamente tambi\u00e9n festej\u00f3 el fallo de la Corte Suprema de Justicia de la Naci\u00f3n que estableci\u00f3 que La Pampa debe recibir, inicialmente, 3,2 m3\/s de&hellip;\" \/>\n<meta property=\"og:url\" content=\"https:\/\/diariotextual.com\/inicio\/index.php\/2020\/07\/16\/fallo-atuel-mendoza-tambien-festejo-revelo-hara-desoir-la-corte\/\" \/>\n<meta property=\"og:site_name\" content=\"Diario Textual\" \/>\n<meta property=\"article:publisher\" content=\"https:\/\/www.facebook.com\/eltextual\" \/>\n<meta property=\"article:published_time\" content=\"2020-07-16T21:00:33+00:00\" \/>\n<meta property=\"article:modified_time\" content=\"2020-07-17T10:03:18+00:00\" \/>\n<meta property=\"og:image\" content=\"https:\/\/diariotextual.com\/inicio\/wp-content\/uploads\/2020\/07\/suarezrodolfo2020-100.jpg\" \/>\n\t<meta property=\"og:image:width\" content=\"1280\" \/>\n\t<meta property=\"og:image:height\" content=\"853\" \/>\n\t<meta property=\"og:image:type\" content=\"image\/jpeg\" \/>\n<meta name=\"author\" content=\"Diario1 Diario1\" \/>\n<meta name=\"twitter:card\" content=\"summary_large_image\" \/>\n<meta name=\"twitter:creator\" content=\"@eltextual\" \/>\n<meta name=\"twitter:site\" content=\"@eltextual\" \/>\n<meta name=\"twitter:label1\" content=\"Escrito por\" \/>\n\t<meta name=\"twitter:data1\" content=\"Diario1 Diario1\" \/>\n\t<meta name=\"twitter:label2\" content=\"Tiempo de lectura\" \/>\n\t<meta name=\"twitter:data2\" content=\"1 minuto\" \/>\n<script type=\"application\/ld+json\" class=\"yoast-schema-graph\">{\"@context\":\"https:\\\/\\\/schema.org\",\"@graph\":[{\"@type\":\"Article\",\"@id\":\"https:\\\/\\\/diariotextual.com\\\/inicio\\\/index.php\\\/2020\\\/07\\\/16\\\/fallo-atuel-mendoza-tambien-festejo-revelo-hara-desoir-la-corte\\\/#article\",\"isPartOf\":{\"@id\":\"https:\\\/\\\/diariotextual.com\\\/inicio\\\/index.php\\\/2020\\\/07\\\/16\\\/fallo-atuel-mendoza-tambien-festejo-revelo-hara-desoir-la-corte\\\/\"},\"author\":{\"name\":\"Diario1 Diario1\",\"@id\":\"https:\\\/\\\/diariotextual.com\\\/inicio\\\/#\\\/schema\\\/person\\\/418fc4093c33e86ed41562db3508f958\"},\"headline\":\"Fallo por el Atuel: Mendoza tambi\u00e9n festej\u00f3 y revel\u00f3 c\u00f3mo har\u00e1 para desoir a la Corte\",\"datePublished\":\"2020-07-16T21:00:33+00:00\",\"dateModified\":\"2020-07-17T10:03:18+00:00\",\"mainEntityOfPage\":{\"@id\":\"https:\\\/\\\/diariotextual.com\\\/inicio\\\/index.php\\\/2020\\\/07\\\/16\\\/fallo-atuel-mendoza-tambien-festejo-revelo-hara-desoir-la-corte\\\/\"},\"wordCount\":304,\"publisher\":{\"@id\":\"https:\\\/\\\/diariotextual.com\\\/inicio\\\/#organization\"},\"image\":{\"@id\":\"https:\\\/\\\/diariotextual.com\\\/inicio\\\/index.php\\\/2020\\\/07\\\/16\\\/fallo-atuel-mendoza-tambien-festejo-revelo-hara-desoir-la-corte\\\/#primaryimage\"},\"thumbnailUrl\":\"https:\\\/\\\/diariotextual.com\\\/inicio\\\/wp-content\\\/uploads\\\/2020\\\/07\\\/suarezrodolfo2020-100.jpg\",\"articleSection\":[\"A - TEMPORALES\",\"POLITICA\"],\"inLanguage\":\"es\"},{\"@type\":\"WebPage\",\"@id\":\"https:\\\/\\\/diariotextual.com\\\/inicio\\\/index.php\\\/2020\\\/07\\\/16\\\/fallo-atuel-mendoza-tambien-festejo-revelo-hara-desoir-la-corte\\\/\",\"url\":\"https:\\\/\\\/diariotextual.com\\\/inicio\\\/index.php\\\/2020\\\/07\\\/16\\\/fallo-atuel-mendoza-tambien-festejo-revelo-hara-desoir-la-corte\\\/\",\"name\":\"Fallo por el Atuel: Mendoza tambi\u00e9n festej\u00f3 y revel\u00f3 c\u00f3mo har\u00e1 para desoir a la Corte - Diario Textual\",\"isPartOf\":{\"@id\":\"https:\\\/\\\/diariotextual.com\\\/inicio\\\/#website\"},\"primaryImageOfPage\":{\"@id\":\"https:\\\/\\\/diariotextual.com\\\/inicio\\\/index.php\\\/2020\\\/07\\\/16\\\/fallo-atuel-mendoza-tambien-festejo-revelo-hara-desoir-la-corte\\\/#primaryimage\"},\"image\":{\"@id\":\"https:\\\/\\\/diariotextual.com\\\/inicio\\\/index.php\\\/2020\\\/07\\\/16\\\/fallo-atuel-mendoza-tambien-festejo-revelo-hara-desoir-la-corte\\\/#primaryimage\"},\"thumbnailUrl\":\"https:\\\/\\\/diariotextual.com\\\/inicio\\\/wp-content\\\/uploads\\\/2020\\\/07\\\/suarezrodolfo2020-100.jpg\",\"datePublished\":\"2020-07-16T21:00:33+00:00\",\"dateModified\":\"2020-07-17T10:03:18+00:00\",\"breadcrumb\":{\"@id\":\"https:\\\/\\\/diariotextual.com\\\/inicio\\\/index.php\\\/2020\\\/07\\\/16\\\/fallo-atuel-mendoza-tambien-festejo-revelo-hara-desoir-la-corte\\\/#breadcrumb\"},\"inLanguage\":\"es\",\"potentialAction\":[{\"@type\":\"ReadAction\",\"target\":[\"https:\\\/\\\/diariotextual.com\\\/inicio\\\/index.php\\\/2020\\\/07\\\/16\\\/fallo-atuel-mendoza-tambien-festejo-revelo-hara-desoir-la-corte\\\/\"]}]},{\"@type\":\"ImageObject\",\"inLanguage\":\"es\",\"@id\":\"https:\\\/\\\/diariotextual.com\\\/inicio\\\/index.php\\\/2020\\\/07\\\/16\\\/fallo-atuel-mendoza-tambien-festejo-revelo-hara-desoir-la-corte\\\/#primaryimage\",\"url\":\"https:\\\/\\\/diariotextual.com\\\/inicio\\\/wp-content\\\/uploads\\\/2020\\\/07\\\/suarezrodolfo2020-100.jpg\",\"contentUrl\":\"https:\\\/\\\/diariotextual.com\\\/inicio\\\/wp-content\\\/uploads\\\/2020\\\/07\\\/suarezrodolfo2020-100.jpg\",\"width\":1280,\"height\":853},{\"@type\":\"BreadcrumbList\",\"@id\":\"https:\\\/\\\/diariotextual.com\\\/inicio\\\/index.php\\\/2020\\\/07\\\/16\\\/fallo-atuel-mendoza-tambien-festejo-revelo-hara-desoir-la-corte\\\/#breadcrumb\",\"itemListElement\":[{\"@type\":\"ListItem\",\"position\":1,\"name\":\"Portada\",\"item\":\"https:\\\/\\\/diariotextual.com\\\/inicio\\\/\"},{\"@type\":\"ListItem\",\"position\":2,\"name\":\"Fallo por el Atuel: Mendoza tambi\u00e9n festej\u00f3 y revel\u00f3 c\u00f3mo har\u00e1 para desoir a la Corte\"}]},{\"@type\":\"WebSite\",\"@id\":\"https:\\\/\\\/diariotextual.com\\\/inicio\\\/#website\",\"url\":\"https:\\\/\\\/diariotextual.com\\\/inicio\\\/\",\"name\":\"Diario Textual\",\"description\":\"\",\"publisher\":{\"@id\":\"https:\\\/\\\/diariotextual.com\\\/inicio\\\/#organization\"},\"potentialAction\":[{\"@type\":\"SearchAction\",\"target\":{\"@type\":\"EntryPoint\",\"urlTemplate\":\"https:\\\/\\\/diariotextual.com\\\/inicio\\\/?s={search_term_string}\"},\"query-input\":{\"@type\":\"PropertyValueSpecification\",\"valueRequired\":true,\"valueName\":\"search_term_string\"}}],\"inLanguage\":\"es\"},{\"@type\":\"Organization\",\"@id\":\"https:\\\/\\\/diariotextual.com\\\/inicio\\\/#organization\",\"name\":\"Diario Textual\",\"url\":\"https:\\\/\\\/diariotextual.com\\\/inicio\\\/\",\"logo\":{\"@type\":\"ImageObject\",\"inLanguage\":\"es\",\"@id\":\"https:\\\/\\\/diariotextual.com\\\/inicio\\\/#\\\/schema\\\/logo\\\/image\\\/\",\"url\":\"https:\\\/\\\/diariotextual.com\\\/inicio\\\/wp-content\\\/uploads\\\/2023\\\/05\\\/logotextual1.jpg\",\"contentUrl\":\"https:\\\/\\\/diariotextual.com\\\/inicio\\\/wp-content\\\/uploads\\\/2023\\\/05\\\/logotextual1.jpg\",\"width\":516,\"height\":76,\"caption\":\"Diario Textual\"},\"image\":{\"@id\":\"https:\\\/\\\/diariotextual.com\\\/inicio\\\/#\\\/schema\\\/logo\\\/image\\\/\"},\"sameAs\":[\"https:\\\/\\\/www.facebook.com\\\/eltextual\",\"https:\\\/\\\/x.com\\\/eltextual\",\"http:\\\/\\\/www.instagram.com\\\/eltextual\"]},{\"@type\":\"Person\",\"@id\":\"https:\\\/\\\/diariotextual.com\\\/inicio\\\/#\\\/schema\\\/person\\\/418fc4093c33e86ed41562db3508f958\",\"name\":\"Diario1 Diario1\",\"image\":{\"@type\":\"ImageObject\",\"inLanguage\":\"es\",\"@id\":\"https:\\\/\\\/secure.gravatar.com\\\/avatar\\\/9167d280179c85bc18be67aa7eda765854300033af4896dd779b608640f2ef7a?s=96&d=mm&r=g\",\"url\":\"https:\\\/\\\/secure.gravatar.com\\\/avatar\\\/9167d280179c85bc18be67aa7eda765854300033af4896dd779b608640f2ef7a?s=96&d=mm&r=g\",\"contentUrl\":\"https:\\\/\\\/secure.gravatar.com\\\/avatar\\\/9167d280179c85bc18be67aa7eda765854300033af4896dd779b608640f2ef7a?s=96&d=mm&r=g\",\"caption\":\"Diario1 Diario1\"},\"url\":\"https:\\\/\\\/diariotextual.com\\\/inicio\\\/index.php\\\/author\\\/diario1\\\/\"}]}<\/script>\n<!-- \/ Yoast SEO plugin. -->","yoast_head_json":{"title":"Fallo por el Atuel: Mendoza tambi\u00e9n festej\u00f3 y revel\u00f3 c\u00f3mo har\u00e1 para desoir a la Corte - Diario Textual","robots":{"index":"index","follow":"follow","max-snippet":"max-snippet:-1","max-image-preview":"max-image-preview:large","max-video-preview":"max-video-preview:-1"},"canonical":"https:\/\/diariotextual.com\/inicio\/index.php\/2020\/07\/16\/fallo-atuel-mendoza-tambien-festejo-revelo-hara-desoir-la-corte\/","og_locale":"es_ES","og_type":"article","og_title":"Fallo por el Atuel: Mendoza tambi\u00e9n festej\u00f3 y revel\u00f3 c\u00f3mo har\u00e1 para desoir a la Corte - Diario Textual","og_description":"El gobernador mendocino Rodolfo Su\u00e1rez llamativamente tambi\u00e9n festej\u00f3 el fallo de la Corte Suprema de Justicia de la Naci\u00f3n que estableci\u00f3 que La Pampa debe recibir, inicialmente, 3,2 m3\/s de&hellip;","og_url":"https:\/\/diariotextual.com\/inicio\/index.php\/2020\/07\/16\/fallo-atuel-mendoza-tambien-festejo-revelo-hara-desoir-la-corte\/","og_site_name":"Diario Textual","article_publisher":"https:\/\/www.facebook.com\/eltextual","article_published_time":"2020-07-16T21:00:33+00:00","article_modified_time":"2020-07-17T10:03:18+00:00","og_image":[{"width":1280,"height":853,"url":"https:\/\/diariotextual.com\/inicio\/wp-content\/uploads\/2020\/07\/suarezrodolfo2020-100.jpg","type":"image\/jpeg"}],"author":"Diario1 Diario1","twitter_card":"summary_large_image","twitter_creator":"@eltextual","twitter_site":"@eltextual","twitter_misc":{"Escrito por":"Diario1 Diario1","Tiempo de lectura":"1 minuto"},"schema":{"@context":"https:\/\/schema.org","@graph":[{"@type":"Article","@id":"https:\/\/diariotextual.com\/inicio\/index.php\/2020\/07\/16\/fallo-atuel-mendoza-tambien-festejo-revelo-hara-desoir-la-corte\/#article","isPartOf":{"@id":"https:\/\/diariotextual.com\/inicio\/index.php\/2020\/07\/16\/fallo-atuel-mendoza-tambien-festejo-revelo-hara-desoir-la-corte\/"},"author":{"name":"Diario1 Diario1","@id":"https:\/\/diariotextual.com\/inicio\/#\/schema\/person\/418fc4093c33e86ed41562db3508f958"},"headline":"Fallo por el Atuel: Mendoza tambi\u00e9n festej\u00f3 y revel\u00f3 c\u00f3mo har\u00e1 para desoir a la Corte","datePublished":"2020-07-16T21:00:33+00:00","dateModified":"2020-07-17T10:03:18+00:00","mainEntityOfPage":{"@id":"https:\/\/diariotextual.com\/inicio\/index.php\/2020\/07\/16\/fallo-atuel-mendoza-tambien-festejo-revelo-hara-desoir-la-corte\/"},"wordCount":304,"publisher":{"@id":"https:\/\/diariotextual.com\/inicio\/#organization"},"image":{"@id":"https:\/\/diariotextual.com\/inicio\/index.php\/2020\/07\/16\/fallo-atuel-mendoza-tambien-festejo-revelo-hara-desoir-la-corte\/#primaryimage"},"thumbnailUrl":"https:\/\/diariotextual.com\/inicio\/wp-content\/uploads\/2020\/07\/suarezrodolfo2020-100.jpg","articleSection":["A - TEMPORALES","POLITICA"],"inLanguage":"es"},{"@type":"WebPage","@id":"https:\/\/diariotextual.com\/inicio\/index.php\/2020\/07\/16\/fallo-atuel-mendoza-tambien-festejo-revelo-hara-desoir-la-corte\/","url":"https:\/\/diariotextual.com\/inicio\/index.php\/2020\/07\/16\/fallo-atuel-mendoza-tambien-festejo-revelo-hara-desoir-la-corte\/","name":"Fallo por el Atuel: Mendoza tambi\u00e9n festej\u00f3 y revel\u00f3 c\u00f3mo har\u00e1 para desoir a la Corte - Diario Textual","isPartOf":{"@id":"https:\/\/diariotextual.com\/inicio\/#website"},"primaryImageOfPage":{"@id":"https:\/\/diariotextual.com\/inicio\/index.php\/2020\/07\/16\/fallo-atuel-mendoza-tambien-festejo-revelo-hara-desoir-la-corte\/#primaryimage"},"image":{"@id":"https:\/\/diariotextual.com\/inicio\/index.php\/2020\/07\/16\/fallo-atuel-mendoza-tambien-festejo-revelo-hara-desoir-la-corte\/#primaryimage"},"thumbnailUrl":"https:\/\/diariotextual.com\/inicio\/wp-content\/uploads\/2020\/07\/suarezrodolfo2020-100.jpg","datePublished":"2020-07-16T21:00:33+00:00","dateModified":"2020-07-17T10:03:18+00:00","breadcrumb":{"@id":"https:\/\/diariotextual.com\/inicio\/index.php\/2020\/07\/16\/fallo-atuel-mendoza-tambien-festejo-revelo-hara-desoir-la-corte\/#breadcrumb"},"inLanguage":"es","potentialAction":[{"@type":"ReadAction","target":["https:\/\/diariotextual.com\/inicio\/index.php\/2020\/07\/16\/fallo-atuel-mendoza-tambien-festejo-revelo-hara-desoir-la-corte\/"]}]},{"@type":"ImageObject","inLanguage":"es","@id":"https:\/\/diariotextual.com\/inicio\/index.php\/2020\/07\/16\/fallo-atuel-mendoza-tambien-festejo-revelo-hara-desoir-la-corte\/#primaryimage","url":"https:\/\/diariotextual.com\/inicio\/wp-content\/uploads\/2020\/07\/suarezrodolfo2020-100.jpg","contentUrl":"https:\/\/diariotextual.com\/inicio\/wp-content\/uploads\/2020\/07\/suarezrodolfo2020-100.jpg","width":1280,"height":853},{"@type":"BreadcrumbList","@id":"https:\/\/diariotextual.com\/inicio\/index.php\/2020\/07\/16\/fallo-atuel-mendoza-tambien-festejo-revelo-hara-desoir-la-corte\/#breadcrumb","itemListElement":[{"@type":"ListItem","position":1,"name":"Portada","item":"https:\/\/diariotextual.com\/inicio\/"},{"@type":"ListItem","position":2,"name":"Fallo por el Atuel: Mendoza tambi\u00e9n festej\u00f3 y revel\u00f3 c\u00f3mo har\u00e1 para desoir a la Corte"}]},{"@type":"WebSite","@id":"https:\/\/diariotextual.com\/inicio\/#website","url":"https:\/\/diariotextual.com\/inicio\/","name":"Diario Textual","description":"","publisher":{"@id":"https:\/\/diariotextual.com\/inicio\/#organization"},"potentialAction":[{"@type":"SearchAction","target":{"@type":"EntryPoint","urlTemplate":"https:\/\/diariotextual.com\/inicio\/?s={search_term_string}"},"query-input":{"@type":"PropertyValueSpecification","valueRequired":true,"valueName":"search_term_string"}}],"inLanguage":"es"},{"@type":"Organization","@id":"https:\/\/diariotextual.com\/inicio\/#organization","name":"Diario Textual","url":"https:\/\/diariotextual.com\/inicio\/","logo":{"@type":"ImageObject","inLanguage":"es","@id":"https:\/\/diariotextual.com\/inicio\/#\/schema\/logo\/image\/","url":"https:\/\/diariotextual.com\/inicio\/wp-content\/uploads\/2023\/05\/logotextual1.jpg","contentUrl":"https:\/\/diariotextual.com\/inicio\/wp-content\/uploads\/2023\/05\/logotextual1.jpg","width":516,"height":76,"caption":"Diario Textual"},"image":{"@id":"https:\/\/diariotextual.com\/inicio\/#\/schema\/logo\/image\/"},"sameAs":["https:\/\/www.facebook.com\/eltextual","https:\/\/x.com\/eltextual","http:\/\/www.instagram.com\/eltextual"]},{"@type":"Person","@id":"https:\/\/diariotextual.com\/inicio\/#\/schema\/person\/418fc4093c33e86ed41562db3508f958","name":"Diario1 Diario1","image":{"@type":"ImageObject","inLanguage":"es","@id":"https:\/\/secure.gravatar.com\/avatar\/9167d280179c85bc18be67aa7eda765854300033af4896dd779b608640f2ef7a?s=96&d=mm&r=g","url":"https:\/\/secure.gravatar.com\/avatar\/9167d280179c85bc18be67aa7eda765854300033af4896dd779b608640f2ef7a?s=96&d=mm&r=g","contentUrl":"https:\/\/secure.gravatar.com\/avatar\/9167d280179c85bc18be67aa7eda765854300033af4896dd779b608640f2ef7a?s=96&d=mm&r=g","caption":"Diario1 Diario1"},"url":"https:\/\/diariotextual.com\/inicio\/index.php\/author\/diario1\/"}]}},"_links":{"self":[{"href":"https:\/\/diariotextual.com\/inicio\/index.php\/wp-json\/wp\/v2\/posts\/101583","targetHints":{"allow":["GET"]}}],"collection":[{"href":"https:\/\/diariotextual.com\/inicio\/index.php\/wp-json\/wp\/v2\/posts"}],"about":[{"href":"https:\/\/diariotextual.com\/inicio\/index.php\/wp-json\/wp\/v2\/types\/post"}],"author":[{"embeddable":true,"href":"https:\/\/diariotextual.com\/inicio\/index.php\/wp-json\/wp\/v2\/users\/3"}],"replies":[{"embeddable":true,"href":"https:\/\/diariotextual.com\/inicio\/index.php\/wp-json\/wp\/v2\/comments?post=101583"}],"version-history":[{"count":3,"href":"https:\/\/diariotextual.com\/inicio\/index.php\/wp-json\/wp\/v2\/posts\/101583\/revisions"}],"predecessor-version":[{"id":101589,"href":"https:\/\/diariotextual.com\/inicio\/index.php\/wp-json\/wp\/v2\/posts\/101583\/revisions\/101589"}],"wp:featuredmedia":[{"embeddable":true,"href":"https:\/\/diariotextual.com\/inicio\/index.php\/wp-json\/wp\/v2\/media\/99954"}],"wp:attachment":[{"href":"https:\/\/diariotextual.com\/inicio\/index.php\/wp-json\/wp\/v2\/media?parent=101583"}],"wp:term":[{"taxonomy":"category","embeddable":true,"href":"https:\/\/diariotextual.com\/inicio\/index.php\/wp-json\/wp\/v2\/categories?post=101583"},{"taxonomy":"post_tag","embeddable":true,"href":"https:\/\/diariotextual.com\/inicio\/index.php\/wp-json\/wp\/v2\/tags?post=101583"}],"curies":[{"name":"wp","href":"https:\/\/api.w.org\/{rel}","templated":true}]}}