{"id":101590,"date":"2020-07-16T19:08:09","date_gmt":"2020-07-16T22:08:09","guid":{"rendered":"http:\/\/diariotextual.com\/inicio\/?p=101590"},"modified":"2020-07-17T12:43:31","modified_gmt":"2020-07-17T15:43:31","slug":"ziliotto-luego-del-historico-fallo-la-corte-reclamo-mendoza-largue-ya-agua","status":"publish","type":"post","link":"https:\/\/diariotextual.com\/inicio\/index.php\/2020\/07\/16\/ziliotto-luego-del-historico-fallo-la-corte-reclamo-mendoza-largue-ya-agua\/","title":{"rendered":"Ziliotto, luego del hist\u00f3rico fallo de la Corte, reclam\u00f3 que Mendoza largue ya el agua"},"content":{"rendered":"<p><strong>\u201cMendoza ya debe soltar el agua\u201d<\/strong>. El gobernador <strong>Sergio Ziliotto<\/strong> as\u00ed lo pidi\u00f3 horas despu\u00e9s del<a href=\"http:\/\/diariotextual.com\/inicio\/index.php\/2020\/07\/16\/historico-fallo-la-corte-establecio-caudal-minimo-32-m3-s-del-atuel\/\" target=\"_blank\" rel=\"noopener\"><strong> fallo hist\u00f3rico de la Corte Suprema de Justicia de la Naci\u00f3n<\/strong><\/a>, que estableci\u00f3 que<strong> al menos deben llegar en forma inicial unos 3,2 m3\/s<\/strong> de agua del r\u00edo <strong>Atuel<\/strong> al oeste de La Pampa.<\/p>\n<p>De esta manera, el gobernador dijo que, como se trata de <strong>un fallo ambiental<\/strong>, no se deben esperar obras para que empiece a correr el Atuel por La Pampa.<strong> Precisamente un argumento contrapuesto a la posici\u00f3n de Mendoza<\/strong>.<\/p>\n<p>Con este fallo, dijo el mandatario pampeano, se empieza a terminar con un robo de un r\u00edo que lleva ya 70 a\u00f1os. <strong>\u201cMucho se va a hablar si el caudal establecido es mucho o poco. Es una meta interina. Es para empezar, como dice el fallo de la Corte\u201d<\/strong>, avis\u00f3 Ziliotto, en una conferencia de prensa, desde el Sal\u00f3n de Acuerdos de la Casa de Gobierno.<\/p>\n<p>\u201cEste paso tan trascendental que damos con el fallo es algo que nos tiene que enorgullecer a todos por igual. Pasaron m\u00e1s de 70 a\u00f1os desde que Mendoza nos rob\u00f3 un r\u00edo\u201d, dijo. \u201cHay much\u00edsimos pampeanos que tienen mayor cuotaparte de la que tengo yo. Circunstancialmente ocupo el cargo de gobernador y eso no me da derecho a hacerme due\u00f1o de este logro\u201d, sostuvo.<\/p>\n<p>El primer paso a dar ahora, dijo, es la creaci\u00f3n de un comit\u00e9 de cuenca. \u201cSeguramente el Gobierno nacional convocar\u00e1 al comit\u00e9 de cuenca, que abarca toda la extensi\u00f3n del Atuel, en reemplazo de la CIAI, que solo abarca el Atuel Inferior\u201d, dijo.<\/p>\n<p>Adem\u00e1s chicane\u00f3 a su par cuyano, <a href=\"http:\/\/diariotextual.com\/inicio\/index.php\/2020\/07\/16\/fallo-atuel-mendoza-tambien-festejo-revelo-hara-desoir-la-corte\/\" target=\"_blank\" rel=\"noopener\"><strong>Rodolfo Su\u00e1ez, quien festej\u00f3 tambi\u00e9n el fallo<\/strong><\/a>. \u00abSi tanto festejan, que larguen el agua\u00bb, reiter\u00f3.<\/p>\n<p>A su vez, resalt\u00f3 que La Pampa no permitir\u00e1 otro pedido que desliz\u00f3 Su\u00e1rez como condici\u00f3n para que devuelva el r\u00edo robado: el trasvase del r\u00edo Grande al Atuel si es que se concreta la represa Portezuelo del Viento. <strong>\u00abSon dos cuencas distintas. No se puede mezclar el agua. No pueden darnos agua para el Atuel con el agua que le saquen al Colorado\u00bb<\/strong>, dijo.<\/p>\n<p>&nbsp;<\/p>\n<blockquote class=\"twitter-tweet\">\n<p dir=\"ltr\" lang=\"es\"><a href=\"https:\/\/twitter.com\/hashtag\/Ahora?src=hash&amp;ref_src=twsrc%5Etfw\">#Ahora<\/a>. Conferencia de Prensa. R\u00edo Atuel <a href=\"https:\/\/t.co\/h6BtAr0zk5\">https:\/\/t.co\/h6BtAr0zk5<\/a><\/p>\n<p>\u2014 Sergio Ziliotto (@ZiliottoSergio) <a href=\"https:\/\/twitter.com\/ZiliottoSergio\/status\/1283881350202707968?ref_src=twsrc%5Etfw\">July 16, 2020<\/a><\/p><\/blockquote>\n<p><script async src=\"https:\/\/platform.twitter.com\/widgets.js\" charset=\"utf-8\"><\/script><\/p>\n<p>&nbsp;<\/p>\n<p>El mandatario resalt\u00f3 el trabajo del exgobernador Carlos Verna y del escritor Edgar Morisoli. \u201cSabemos que les debemos mucho. Sino tambi\u00e9n a muchos de los que est\u00e1n aqu\u00ed\u201d, dijo.<\/p>\n<p>Entre otros, Ziliotto estuvo flanqueado por el secretario de Recursos H\u00eddricos, N\u00e9stor Lastiri; el secretario general de la Gobernaci\u00f3n y exfiscal de Estado, Jos\u00e9 Vanini; el diputado nacional y exprocurador de Rentas, Hern\u00e1n P\u00e9rez Araujo; el diputado nacional y dirigente de la Fundaci\u00f3n Chadileuv\u00fa, Mart\u00edn Berhongaray; el diputado provincial y presidente de la Comisi\u00f3n de R\u00edos, Espartaco Mar\u00edn; el presidente de la Chadileuv\u00fa, H\u00e9ctor G\u00f3mez; el presidente de la Asamblea de los R\u00edos, Roberto Rodr\u00edguez; y Pablo Dornes, de la Universidad Nacional de La Pampa.<\/p>\n<p>\u201cLa Corte habla de acciones y obras y nos da un plazo de 90 d\u00edas para ponernos de acuerdo. Transcurrido ese plazo, en caso de que no haya acuerdo, la Corte definir\u00e1\u201d, dijo. \u201cMendoza ya debe soltar el agua\u201d, sostuvo.<\/p>\n<p>&nbsp;<\/p>\n<blockquote class=\"wp-embedded-content\" data-secret=\"V8jeYnZEST\"><p><a href=\"http:\/\/diariotextual.com\/inicio\/index.php\/2020\/07\/16\/verna-fallo-la-corte-paso-importante-recuperar-rio-robado\/\">Verna: \u00abEl fallo de la Corte es un paso importante para recuperar el r\u00edo robado\u00bb<\/a><\/p><\/blockquote>\n<p><iframe class=\"wp-embedded-content\" sandbox=\"allow-scripts\" security=\"restricted\" style=\"position: absolute; clip: rect(1px, 1px, 1px, 1px);\" src=\"http:\/\/diariotextual.com\/inicio\/index.php\/2020\/07\/16\/verna-fallo-la-corte-paso-importante-recuperar-rio-robado\/embed\/#?secret=V8jeYnZEST\" data-secret=\"V8jeYnZEST\" width=\"600\" height=\"338\" title=\"&#171;Verna: \u00abEl fallo de la Corte es un paso importante para recuperar el r\u00edo robado\u00bb&#187; &#8212; Diario Textual\" frameborder=\"0\" marginwidth=\"0\" marginheight=\"0\" scrolling=\"no\"><\/iframe><\/p>\n<p>&nbsp;<\/p>\n<p><strong>&#8211; \u00bfHabl\u00f3 con Carlos Verna? -le consultaron a Ziliotto.<br \/>\n<\/strong><\/p>\n<p>&#8211; S\u00ed. Habl\u00e9 con el exgobernador, le hicimos llegar enseguida el fallo para que el fuera parte de este logro, porque as\u00ed corresponde.<\/p>\n<p><strong>&#8211; \u00bfHoy se festeja y ma\u00f1ana se trabaja?<\/strong><\/p>\n<p>&#8211; Hay que empezar a hablar de estrategias. Mendoza va a querer atenerse a las obras y nosotros vamos a hablar de las acciones. Nosotros queremos que empiece a soltar agua. Este fallo garantiza un caudal m\u00ednimo y la restituci\u00f3n del ambiente, volver a la situaci\u00f3n que tuvimos hace m\u00e1s de 70 a\u00f1os.<\/p>\n<p><strong>&#8211; \u00bfEl pr\u00f3ximo paso cu\u00e1l es?<\/strong><\/p>\n<p>&#8211; (La Corte) Ordena al gobierno nacional a crear el comit\u00e9 de cuenca y a Mendoza a garantizar un caudal m\u00ednimo. Seguramente el gobierno nacional llamar\u00e1 a las provincias para hacerlo, en reemplazo del a CIAI porque solo tiene incumbencia en el Atuel Inferior.<\/p>\n<p><strong>&#8211; \u00bfCu\u00e1ndo podr\u00eda haber agua?<\/strong><\/p>\n<p>&#8211; Estamos viendo que Mendoza est\u00e1 tan contento como nosotros. Esperemos que lo antes posible cumplan con el fallo y no tengamos que esperar 90 d\u00edas para que suelten el agua. Las obras llevan una inversi\u00f3n importante, pero una de las cosas que toma la Corte es el plan de obras que propone el gobierno nacional y fija que est\u00e1 dispuesto a hacerse cargo del 70 % de las inversiones. El mismo fallo establece que las jurisdicciones tienen que ponerse de acuerdo como van a soportar la carga de ese porcentaje.<\/p>\n<p><strong>&#8211; Hoy desde Mendoza dicen que para largar agua primero hay que acumularla.<\/strong><\/p>\n<p>-Son dos cuencas totalmente distintas, no se puede mezclar el agua. La realidad choca contra la decisi\u00f3n de Mendoza, casi chicana respecto a que nos van a dar agua con el cupo que le saquen al Colorado.<\/p>\n<p><strong>-\u00bfSe habla de resarcimiento?<\/strong><\/p>\n<p>&#8211; No habla del resarcimiento pero hay peque\u00f1os detalles, el fallo habla de da\u00f1o ambiental y antes hablaba de desertificaci\u00f3n.<\/p>\n<p><strong>&#8211; \u00bfQu\u00e9 cree que va a hacer Mendoza?<\/strong><\/p>\n<p>&#8211; Que va a hacer Mendoza ser\u00eda algo dif\u00edcil de saber. Vemos que han reaccionado y vieron como positivo es que el fallo plantea que hubieran obras. Nosotros siempre planteamos que se hicieran obras. En el acuerdo de 2008 que firmaron (Celso) Jaque, (Oscar) Jorge y Cristina Fern\u00e1ndez, se hablaba de obras y fue el caudal por el que la legislatura de Mendoza no aval\u00f3 el acuerdo.<\/p>\n<p><strong>&#8211; \u00bfCree que durante su mandato va a correr agua del Atuel en La Pampa?<\/strong><\/p>\n<p>&#8211; Siempre me gust\u00f3 ser optimista, vamos a tener agua no antes de lo pensado porque lo ten\u00edamos que tener hace mucho tiempo, pero hoy est\u00e1 mucho m\u00e1s cerca que el agua vuelva a correr y que el oeste vuelva a ser lo que fue.<\/p>\n<p>Estas fueron algunas de las palabras de los otros presentes en la conferencia de prensa:<\/p>\n<p><em><strong>N\u00e9stor Lastiri:<\/strong> \u201cEsta es una lucha respaldada por todo el pueblo pampeano. La Pampa ha pegado un salto cualitativo y cuantitativo por la lucha del Atuel (&#8230;) Reconozco la gesti\u00f3n de nuestro Gobierno y reconozco la <span data-dobid=\"hdw\">sapiencia <\/span>y lucha, durante a\u00f1os, de Edgar Morisoli y de (Ra\u00fal Celso) &#8216;Raulito&#8217; D\u2019Atri, que no solo lucharon si no que tambi\u00e9n le dieron mucho saberes a nuestra causa\u00bb.<br \/>\n<\/em><\/p>\n<p><em><strong>H\u00e9ctor G\u00f3mez: <\/strong>\u201cEstamos absolutamente emocionados por los sucesos de hoy. Este fallo viene, de alguna manera, a refrendar el fallo de 2017. Que a su vez refrenda el fallo de 1987, que estableci\u00f3 la interprovincialidad del r\u00edo y que Mendoza negaba. Ac\u00e1 lo que se impuso fue la realidad: es un r\u00edo interprovincial. Puso un punto de racionalidad a algo muy irracional que es la posici\u00f3n de Mendoza, que es que el r\u00edo Atuel est\u00e1 pero no est\u00e1 el agua. Cuando hablo de estos temas, tengo tendencia a emocionarme porque pienso en el sufrimiento de la gente del oeste, que est\u00e1 ansiando que vuelva el r\u00edo\u00bb.<br \/>\n<\/em><\/p>\n<p>&nbsp;<\/p>\n<blockquote class=\"wp-embedded-content\" data-secret=\"ZEuySqZ0AD\"><p><a href=\"http:\/\/diariotextual.com\/inicio\/index.php\/2020\/07\/16\/juanita-ugalde-fallo-atuel-esperanzador\/\">Juanita de Ugalde y el fallo por el Atuel: \u00abEs esperanzador\u00bb<\/a><\/p><\/blockquote>\n<p><iframe class=\"wp-embedded-content\" sandbox=\"allow-scripts\" security=\"restricted\" style=\"position: absolute; clip: rect(1px, 1px, 1px, 1px);\" src=\"http:\/\/diariotextual.com\/inicio\/index.php\/2020\/07\/16\/juanita-ugalde-fallo-atuel-esperanzador\/embed\/#?secret=ZEuySqZ0AD\" data-secret=\"ZEuySqZ0AD\" width=\"600\" height=\"338\" title=\"&#171;Juanita de Ugalde y el fallo por el Atuel: \u00abEs esperanzador\u00bb&#187; &#8212; Diario Textual\" frameborder=\"0\" marginwidth=\"0\" marginheight=\"0\" scrolling=\"no\"><\/iframe><\/p>\n<p>&nbsp;<\/p>\n<p><em><strong>Pablo Dornes:<\/strong> \u201cEstamos satisfechos con este valor del caudal\u201d.<\/em><\/p>\n<p><em><strong>Roberto Rodr\u00edguez:<\/strong> \u201cEsto es un gran logro de la provincia de La Pampa y ha puesto las cosas en su lugar\u201d.<\/em><\/p>\n<p><em><strong>Espartaco Mar\u00edn:<\/strong> \u201cEs una reparaci\u00f3n hist\u00f3rica. Es un paso m\u00e1s en la lucha por nuestros r\u00edos\u201d.<\/em><\/p>\n<p><img fetchpriority=\"high\" decoding=\"async\" class=\"alignnone wp-image-101635 size-large\" src=\"http:\/\/diariotextual.com\/inicio\/wp-content\/uploads\/2020\/07\/marinespartaco2020-10-1024x683.jpg\" alt=\"\" width=\"1024\" height=\"683\" srcset=\"https:\/\/diariotextual.com\/inicio\/wp-content\/uploads\/2020\/07\/marinespartaco2020-10-1024x683.jpg 1024w, https:\/\/diariotextual.com\/inicio\/wp-content\/uploads\/2020\/07\/marinespartaco2020-10-300x200.jpg 300w, https:\/\/diariotextual.com\/inicio\/wp-content\/uploads\/2020\/07\/marinespartaco2020-10-768x512.jpg 768w, https:\/\/diariotextual.com\/inicio\/wp-content\/uploads\/2020\/07\/marinespartaco2020-10-1170x781.jpg 1170w, https:\/\/diariotextual.com\/inicio\/wp-content\/uploads\/2020\/07\/marinespartaco2020-10-585x390.jpg 585w, https:\/\/diariotextual.com\/inicio\/wp-content\/uploads\/2020\/07\/marinespartaco2020-10-263x175.jpg 263w, https:\/\/diariotextual.com\/inicio\/wp-content\/uploads\/2020\/07\/marinespartaco2020-10.jpg 1280w\" sizes=\"(max-width: 1024px) 100vw, 1024px\" \/><\/p>\n<p><em><strong>Hern\u00e1n P\u00e9rez Araujo:<\/strong> \u201cEs un nuevo paso para que se recupere un r\u00edo que un d\u00eda nos fue robado. Queda much\u00edsimo trabajo por delante. Es un fallo para festejarlo hoy, pero ya ma\u00f1ana hay que ponerse a trabajar para que se haga efectivo\u201d.<\/em><\/p>\n<p>&nbsp;<\/p>\n<p><img decoding=\"async\" class=\"alignnone wp-image-101631 size-large\" src=\"http:\/\/diariotextual.com\/inicio\/wp-content\/uploads\/2020\/07\/perezaraujoatuelfallo2020-1-1024x683.jpg\" alt=\"\" width=\"1024\" height=\"683\" srcset=\"https:\/\/diariotextual.com\/inicio\/wp-content\/uploads\/2020\/07\/perezaraujoatuelfallo2020-1-1024x683.jpg 1024w, https:\/\/diariotextual.com\/inicio\/wp-content\/uploads\/2020\/07\/perezaraujoatuelfallo2020-1-300x200.jpg 300w, https:\/\/diariotextual.com\/inicio\/wp-content\/uploads\/2020\/07\/perezaraujoatuelfallo2020-1-768x512.jpg 768w, https:\/\/diariotextual.com\/inicio\/wp-content\/uploads\/2020\/07\/perezaraujoatuelfallo2020-1-1170x781.jpg 1170w, https:\/\/diariotextual.com\/inicio\/wp-content\/uploads\/2020\/07\/perezaraujoatuelfallo2020-1-585x390.jpg 585w, https:\/\/diariotextual.com\/inicio\/wp-content\/uploads\/2020\/07\/perezaraujoatuelfallo2020-1-263x175.jpg 263w, https:\/\/diariotextual.com\/inicio\/wp-content\/uploads\/2020\/07\/perezaraujoatuelfallo2020-1.jpg 1280w\" sizes=\"(max-width: 1024px) 100vw, 1024px\" \/><\/p>\n<p><em><strong>\u00a0<\/strong><\/em><\/p>\n<p><em><strong>Jos\u00e9 Vanini:<\/strong> \u00abQuiero rescatar a todos los que desde hace muchos a\u00f1os. Quiero rescatar el trabajo de los secretarios de Recursos H\u00eddricos, Juan Pablo Morisoli, Javier Schlegel y &#8216;Chamaco&#8217; Lastiri. Esa lucha de tanta gente es lo que se traduce hoy en el fallo\u00bb.<\/em><\/p>\n<p><img decoding=\"async\" class=\"alignnone wp-image-101636 size-large\" src=\"http:\/\/diariotextual.com\/inicio\/wp-content\/uploads\/2020\/07\/vaninijose2020-20-1024x683.jpg\" alt=\"\" width=\"1024\" height=\"683\" srcset=\"https:\/\/diariotextual.com\/inicio\/wp-content\/uploads\/2020\/07\/vaninijose2020-20-1024x683.jpg 1024w, https:\/\/diariotextual.com\/inicio\/wp-content\/uploads\/2020\/07\/vaninijose2020-20-300x200.jpg 300w, https:\/\/diariotextual.com\/inicio\/wp-content\/uploads\/2020\/07\/vaninijose2020-20-768x512.jpg 768w, https:\/\/diariotextual.com\/inicio\/wp-content\/uploads\/2020\/07\/vaninijose2020-20-1170x781.jpg 1170w, https:\/\/diariotextual.com\/inicio\/wp-content\/uploads\/2020\/07\/vaninijose2020-20-585x390.jpg 585w, https:\/\/diariotextual.com\/inicio\/wp-content\/uploads\/2020\/07\/vaninijose2020-20-263x175.jpg 263w, https:\/\/diariotextual.com\/inicio\/wp-content\/uploads\/2020\/07\/vaninijose2020-20.jpg 1280w\" sizes=\"(max-width: 1024px) 100vw, 1024px\" \/><\/p>\n<p>&nbsp;<\/p>\n<p><em><strong>Mart\u00edn Berhongaray:<\/strong> \u201cUna vez m\u00e1s la Corte le da la raz\u00f3n a La Pampa. La Corte fija el caudal m\u00ednimo que le corresponde a La Pampa y habla del principio de unidad de cuenca y habla de la necesidad de conformar un comit\u00e9 de cuenca y establece un plazo de 90 d\u00edas para que las partes se pongan de acuerdo en las obras y acciones que son necesarias para ese escurrimiento m\u00ednimo. Esperamos que si no se alcanza un acuerdo, la Corte avance con toda la firmeza del caso para cortar con este sufrimiento de tantas familias de nuestro oeste\u201d.<\/em><\/p>\n<blockquote class=\"wp-embedded-content\" data-secret=\"tPtuSkP8x4\"><p><a href=\"http:\/\/diariotextual.com\/inicio\/index.php\/2020\/07\/16\/fallo-atuel-la-pampa-ahora-va-pedir-obras-mejorar-riego-la-devolucion-rio\/\">Fallo por el Atuel: La Pampa ahora va a pedir obras, mejorar el riego y la devoluci\u00f3n de otro r\u00edo<\/a><\/p><\/blockquote>\n<p><iframe class=\"wp-embedded-content\" sandbox=\"allow-scripts\" security=\"restricted\" style=\"position: absolute; clip: rect(1px, 1px, 1px, 1px);\" src=\"http:\/\/diariotextual.com\/inicio\/index.php\/2020\/07\/16\/fallo-atuel-la-pampa-ahora-va-pedir-obras-mejorar-riego-la-devolucion-rio\/embed\/#?secret=tPtuSkP8x4\" data-secret=\"tPtuSkP8x4\" width=\"600\" height=\"338\" title=\"&#171;Fallo por el Atuel: La Pampa ahora va a pedir obras, mejorar el riego y la devoluci\u00f3n de otro r\u00edo&#187; &#8212; Diario Textual\" frameborder=\"0\" marginwidth=\"0\" marginheight=\"0\" scrolling=\"no\"><\/iframe><\/p>\n<p>&nbsp;<\/p>\n<p>La Corte fall\u00f3 hoy luego de un nuevo proceso judicial que lleva casi una d\u00e9cada. En 2017 ya hab\u00eda ratificado la interprovincializaci\u00f3n del r\u00edo y hab\u00eda ordenado a ambas provincias a ponerse de acuerdo con un caudal.<\/p>\n<p>Mendoza propuso, a partir de esa orden, largar 1,3 m3\/s para nuestra provincia y llegar a 2,6 m3\/s en cinco a\u00f1os. En tanto, La Pampa reclam\u00f3 inicialmente 3,4 m3\/s, para pasar en forma progresiva a 4,5 m3\/s en un a\u00f1o y con un m\u00f3dulo promedio anual de entre 7 y 9,5 metros c\u00fabicos.<strong> Ahora, al no alcanzarse un acuerdo, la Corte fij\u00f3 el valor en 3,2 m3\/s. Es un valor, inicial, similar al reclamado por nuestra provincia.<\/strong><\/p>\n<p>El caudal fijado es una meta interina: la Corte apel\u00f3 al Principio Ambiental de Progresividad, que tiene en cuenta el alcance gradual de objetivos, para lo cual se deben establecer metas interinas y metas finales.<\/p>\n<p>En este caso, al perseguirse una recomposici\u00f3n natural del ecosistema, no puede conocerse anticipadamente el tiempo necesario para alcanzarla.<\/p>\n<p>Por ello, la Corte orden\u00f3 que el caudal de 3,2 m3\/s sea monitoreado por un programa que deber\u00e1n fijar las partes con el fin de evaluar si cumple con los requerimientos m\u00ednimos del h\u00e1bitat en el mantenimiento de la bi\u00f3tica, salinidad y niveles fre\u00e1ticos. As\u00ed la Corte Suprema expresamente estableci\u00f3 que el caudal fijado es solo una meta interina. Para la meta final deber\u00e1 determinarse en forma definitiva el caudal h\u00eddrico apto para la recomposici\u00f3n del noroeste pampeano.<\/p>\n<p>Entre los principales puntos de su fallo, <strong>la Corte pidi\u00f3 que ambas provincias determinen en 90 d\u00edas las acciones u obras de infraestructura necesarias para alcanzar el caudal m\u00ednimo permanente fijado. Incluso deben indicar el tiempo que demandar\u00e1n y el porcentaje de los costos que cada una de las jurisdicciones afrontar\u00e1.<\/strong><\/p>\n<p>&nbsp;<\/p>\n<blockquote class=\"wp-embedded-content\" data-secret=\"nt5CXpzjdo\"><p><a href=\"http:\/\/diariotextual.com\/inicio\/index.php\/2020\/07\/16\/fallo-atuel-mendoza-tambien-festejo-revelo-hara-desoir-la-corte\/\">Fallo por el Atuel: Mendoza tambi\u00e9n festej\u00f3 y revel\u00f3 c\u00f3mo har\u00e1 para desoir a la Corte<\/a><\/p><\/blockquote>\n<p><iframe class=\"wp-embedded-content\" sandbox=\"allow-scripts\" security=\"restricted\" style=\"position: absolute; clip: rect(1px, 1px, 1px, 1px);\" src=\"http:\/\/diariotextual.com\/inicio\/index.php\/2020\/07\/16\/fallo-atuel-mendoza-tambien-festejo-revelo-hara-desoir-la-corte\/embed\/#?secret=nt5CXpzjdo\" data-secret=\"nt5CXpzjdo\" width=\"600\" height=\"338\" title=\"&#171;Fallo por el Atuel: Mendoza tambi\u00e9n festej\u00f3 y revel\u00f3 c\u00f3mo har\u00e1 para desoir a la Corte&#187; &#8212; Diario Textual\" frameborder=\"0\" marginwidth=\"0\" marginheight=\"0\" scrolling=\"no\"><\/iframe><\/p>\n<p>&nbsp;<\/p>\n<p>Ziliotto no lo dijo p\u00fablicamente, pero Diario Textual pudo conocer qu\u00e9 tipo de pedidos har\u00e1 La Pampa:<\/p>\n<p><em><strong>-Un plan de obras de recubrimiento e impermeabilizaciones de canales.<\/strong><\/em><\/p>\n<p><em><strong>-Un plan de inversiones para eficientizar el riego en el sur mendocino: solicitar\u00e1 que se haga por goteo y no, como hasta ahora, por manto.<\/strong><\/em><\/p>\n<p><em><strong>-Un planteo para que se restituya al menos una parte del caudal del Diamante, un antiguo tributario del Atuel. El Diamante, en 1806 fue cortado y desviado hacia la zona de San Rafael. En 2018, ante un reclamo del Gobierno pampeano, Mendoza inform\u00f3 a la CSJN que est\u00e1 dispuesta a analizar la devoluci\u00f3n de este otro r\u00edo.<\/strong><\/em><\/p>\n<p>&nbsp;<\/p>\n<p>&nbsp;<\/p>\n<p>&nbsp;<\/p>\n","protected":false},"excerpt":{"rendered":"<p>\u201cMendoza ya debe soltar el agua\u201d. El gobernador Sergio Ziliotto as\u00ed lo pidi\u00f3 horas despu\u00e9s del fallo hist\u00f3rico de la Corte Suprema de Justicia de la Naci\u00f3n, que estableci\u00f3 que&hellip;<\/p>\n","protected":false},"author":3,"featured_media":101632,"comment_status":"closed","ping_status":"open","sticky":false,"template":"","format":"standard","meta":{"_acf_changed":false,"footnotes":""},"categories":[1,319,8],"tags":[34,260,25,424],"class_list":["post-101590","post","type-post","status-publish","format-standard","has-post-thumbnail","hentry","category-es-noticia","category-a-temporales","category-politica","tag-atuel","tag-mendoza","tag-pampa","tag-ziliotto"],"acf":[],"yoast_head":"<!-- This site is optimized with the Yoast SEO plugin v27.5 - https:\/\/yoast.com\/product\/yoast-seo-wordpress\/ -->\n<title>Ziliotto, luego del hist\u00f3rico fallo de la Corte, reclam\u00f3 que Mendoza largue ya el agua - Diario Textual<\/title>\n<meta name=\"robots\" content=\"index, follow, max-snippet:-1, max-image-preview:large, max-video-preview:-1\" \/>\n<link rel=\"canonical\" href=\"https:\/\/diariotextual.com\/inicio\/index.php\/2020\/07\/16\/ziliotto-luego-del-historico-fallo-la-corte-reclamo-mendoza-largue-ya-agua\/\" \/>\n<meta property=\"og:locale\" content=\"es_ES\" \/>\n<meta property=\"og:type\" content=\"article\" \/>\n<meta property=\"og:title\" content=\"Ziliotto, luego del hist\u00f3rico fallo de la Corte, reclam\u00f3 que Mendoza largue ya el agua - Diario Textual\" \/>\n<meta property=\"og:description\" content=\"\u201cMendoza ya debe soltar el agua\u201d. El gobernador Sergio Ziliotto as\u00ed lo pidi\u00f3 horas despu\u00e9s del fallo hist\u00f3rico de la Corte Suprema de Justicia de la Naci\u00f3n, que estableci\u00f3 que&hellip;\" \/>\n<meta property=\"og:url\" content=\"https:\/\/diariotextual.com\/inicio\/index.php\/2020\/07\/16\/ziliotto-luego-del-historico-fallo-la-corte-reclamo-mendoza-largue-ya-agua\/\" \/>\n<meta property=\"og:site_name\" content=\"Diario Textual\" \/>\n<meta property=\"article:publisher\" content=\"https:\/\/www.facebook.com\/eltextual\" \/>\n<meta property=\"article:published_time\" content=\"2020-07-16T22:08:09+00:00\" \/>\n<meta property=\"article:modified_time\" content=\"2020-07-17T15:43:31+00:00\" \/>\n<meta property=\"og:image\" content=\"https:\/\/diariotextual.com\/inicio\/wp-content\/uploads\/2020\/07\/ziliottosergioatuelfallo2020-1.jpg\" \/>\n\t<meta property=\"og:image:width\" content=\"1280\" \/>\n\t<meta property=\"og:image:height\" content=\"855\" \/>\n\t<meta property=\"og:image:type\" content=\"image\/jpeg\" \/>\n<meta name=\"author\" content=\"Diario1 Diario1\" \/>\n<meta name=\"twitter:card\" content=\"summary_large_image\" \/>\n<meta name=\"twitter:creator\" content=\"@eltextual\" \/>\n<meta name=\"twitter:site\" content=\"@eltextual\" \/>\n<meta name=\"twitter:label1\" content=\"Escrito por\" \/>\n\t<meta name=\"twitter:data1\" content=\"Diario1 Diario1\" \/>\n\t<meta name=\"twitter:label2\" content=\"Tiempo de lectura\" \/>\n\t<meta name=\"twitter:data2\" content=\"10 minutos\" \/>\n<script type=\"application\/ld+json\" class=\"yoast-schema-graph\">{\"@context\":\"https:\\\/\\\/schema.org\",\"@graph\":[{\"@type\":\"Article\",\"@id\":\"https:\\\/\\\/diariotextual.com\\\/inicio\\\/index.php\\\/2020\\\/07\\\/16\\\/ziliotto-luego-del-historico-fallo-la-corte-reclamo-mendoza-largue-ya-agua\\\/#article\",\"isPartOf\":{\"@id\":\"https:\\\/\\\/diariotextual.com\\\/inicio\\\/index.php\\\/2020\\\/07\\\/16\\\/ziliotto-luego-del-historico-fallo-la-corte-reclamo-mendoza-largue-ya-agua\\\/\"},\"author\":{\"name\":\"Diario1 Diario1\",\"@id\":\"https:\\\/\\\/diariotextual.com\\\/inicio\\\/#\\\/schema\\\/person\\\/418fc4093c33e86ed41562db3508f958\"},\"headline\":\"Ziliotto, luego del hist\u00f3rico fallo de la Corte, reclam\u00f3 que Mendoza largue ya el agua\",\"datePublished\":\"2020-07-16T22:08:09+00:00\",\"dateModified\":\"2020-07-17T15:43:31+00:00\",\"mainEntityOfPage\":{\"@id\":\"https:\\\/\\\/diariotextual.com\\\/inicio\\\/index.php\\\/2020\\\/07\\\/16\\\/ziliotto-luego-del-historico-fallo-la-corte-reclamo-mendoza-largue-ya-agua\\\/\"},\"wordCount\":1949,\"publisher\":{\"@id\":\"https:\\\/\\\/diariotextual.com\\\/inicio\\\/#organization\"},\"image\":{\"@id\":\"https:\\\/\\\/diariotextual.com\\\/inicio\\\/index.php\\\/2020\\\/07\\\/16\\\/ziliotto-luego-del-historico-fallo-la-corte-reclamo-mendoza-largue-ya-agua\\\/#primaryimage\"},\"thumbnailUrl\":\"https:\\\/\\\/diariotextual.com\\\/inicio\\\/wp-content\\\/uploads\\\/2020\\\/07\\\/ziliottosergioatuelfallo2020-1.jpg\",\"keywords\":[\"atuel\",\"mendoza\",\"pampa\",\"ziliotto\"],\"articleSection\":[\"A - ES NOTICIA (van abajo)\",\"A - TEMPORALES\",\"POLITICA\"],\"inLanguage\":\"es\"},{\"@type\":\"WebPage\",\"@id\":\"https:\\\/\\\/diariotextual.com\\\/inicio\\\/index.php\\\/2020\\\/07\\\/16\\\/ziliotto-luego-del-historico-fallo-la-corte-reclamo-mendoza-largue-ya-agua\\\/\",\"url\":\"https:\\\/\\\/diariotextual.com\\\/inicio\\\/index.php\\\/2020\\\/07\\\/16\\\/ziliotto-luego-del-historico-fallo-la-corte-reclamo-mendoza-largue-ya-agua\\\/\",\"name\":\"Ziliotto, luego del hist\u00f3rico fallo de la Corte, reclam\u00f3 que Mendoza largue ya el agua - Diario Textual\",\"isPartOf\":{\"@id\":\"https:\\\/\\\/diariotextual.com\\\/inicio\\\/#website\"},\"primaryImageOfPage\":{\"@id\":\"https:\\\/\\\/diariotextual.com\\\/inicio\\\/index.php\\\/2020\\\/07\\\/16\\\/ziliotto-luego-del-historico-fallo-la-corte-reclamo-mendoza-largue-ya-agua\\\/#primaryimage\"},\"image\":{\"@id\":\"https:\\\/\\\/diariotextual.com\\\/inicio\\\/index.php\\\/2020\\\/07\\\/16\\\/ziliotto-luego-del-historico-fallo-la-corte-reclamo-mendoza-largue-ya-agua\\\/#primaryimage\"},\"thumbnailUrl\":\"https:\\\/\\\/diariotextual.com\\\/inicio\\\/wp-content\\\/uploads\\\/2020\\\/07\\\/ziliottosergioatuelfallo2020-1.jpg\",\"datePublished\":\"2020-07-16T22:08:09+00:00\",\"dateModified\":\"2020-07-17T15:43:31+00:00\",\"breadcrumb\":{\"@id\":\"https:\\\/\\\/diariotextual.com\\\/inicio\\\/index.php\\\/2020\\\/07\\\/16\\\/ziliotto-luego-del-historico-fallo-la-corte-reclamo-mendoza-largue-ya-agua\\\/#breadcrumb\"},\"inLanguage\":\"es\",\"potentialAction\":[{\"@type\":\"ReadAction\",\"target\":[\"https:\\\/\\\/diariotextual.com\\\/inicio\\\/index.php\\\/2020\\\/07\\\/16\\\/ziliotto-luego-del-historico-fallo-la-corte-reclamo-mendoza-largue-ya-agua\\\/\"]}]},{\"@type\":\"ImageObject\",\"inLanguage\":\"es\",\"@id\":\"https:\\\/\\\/diariotextual.com\\\/inicio\\\/index.php\\\/2020\\\/07\\\/16\\\/ziliotto-luego-del-historico-fallo-la-corte-reclamo-mendoza-largue-ya-agua\\\/#primaryimage\",\"url\":\"https:\\\/\\\/diariotextual.com\\\/inicio\\\/wp-content\\\/uploads\\\/2020\\\/07\\\/ziliottosergioatuelfallo2020-1.jpg\",\"contentUrl\":\"https:\\\/\\\/diariotextual.com\\\/inicio\\\/wp-content\\\/uploads\\\/2020\\\/07\\\/ziliottosergioatuelfallo2020-1.jpg\",\"width\":1280,\"height\":855},{\"@type\":\"BreadcrumbList\",\"@id\":\"https:\\\/\\\/diariotextual.com\\\/inicio\\\/index.php\\\/2020\\\/07\\\/16\\\/ziliotto-luego-del-historico-fallo-la-corte-reclamo-mendoza-largue-ya-agua\\\/#breadcrumb\",\"itemListElement\":[{\"@type\":\"ListItem\",\"position\":1,\"name\":\"Portada\",\"item\":\"https:\\\/\\\/diariotextual.com\\\/inicio\\\/\"},{\"@type\":\"ListItem\",\"position\":2,\"name\":\"Ziliotto, luego del hist\u00f3rico fallo de la Corte, reclam\u00f3 que Mendoza largue ya el agua\"}]},{\"@type\":\"WebSite\",\"@id\":\"https:\\\/\\\/diariotextual.com\\\/inicio\\\/#website\",\"url\":\"https:\\\/\\\/diariotextual.com\\\/inicio\\\/\",\"name\":\"Diario Textual\",\"description\":\"\",\"publisher\":{\"@id\":\"https:\\\/\\\/diariotextual.com\\\/inicio\\\/#organization\"},\"potentialAction\":[{\"@type\":\"SearchAction\",\"target\":{\"@type\":\"EntryPoint\",\"urlTemplate\":\"https:\\\/\\\/diariotextual.com\\\/inicio\\\/?s={search_term_string}\"},\"query-input\":{\"@type\":\"PropertyValueSpecification\",\"valueRequired\":true,\"valueName\":\"search_term_string\"}}],\"inLanguage\":\"es\"},{\"@type\":\"Organization\",\"@id\":\"https:\\\/\\\/diariotextual.com\\\/inicio\\\/#organization\",\"name\":\"Diario Textual\",\"url\":\"https:\\\/\\\/diariotextual.com\\\/inicio\\\/\",\"logo\":{\"@type\":\"ImageObject\",\"inLanguage\":\"es\",\"@id\":\"https:\\\/\\\/diariotextual.com\\\/inicio\\\/#\\\/schema\\\/logo\\\/image\\\/\",\"url\":\"https:\\\/\\\/diariotextual.com\\\/inicio\\\/wp-content\\\/uploads\\\/2023\\\/05\\\/logotextual1.jpg\",\"contentUrl\":\"https:\\\/\\\/diariotextual.com\\\/inicio\\\/wp-content\\\/uploads\\\/2023\\\/05\\\/logotextual1.jpg\",\"width\":516,\"height\":76,\"caption\":\"Diario Textual\"},\"image\":{\"@id\":\"https:\\\/\\\/diariotextual.com\\\/inicio\\\/#\\\/schema\\\/logo\\\/image\\\/\"},\"sameAs\":[\"https:\\\/\\\/www.facebook.com\\\/eltextual\",\"https:\\\/\\\/x.com\\\/eltextual\",\"http:\\\/\\\/www.instagram.com\\\/eltextual\"]},{\"@type\":\"Person\",\"@id\":\"https:\\\/\\\/diariotextual.com\\\/inicio\\\/#\\\/schema\\\/person\\\/418fc4093c33e86ed41562db3508f958\",\"name\":\"Diario1 Diario1\",\"image\":{\"@type\":\"ImageObject\",\"inLanguage\":\"es\",\"@id\":\"https:\\\/\\\/secure.gravatar.com\\\/avatar\\\/9167d280179c85bc18be67aa7eda765854300033af4896dd779b608640f2ef7a?s=96&d=mm&r=g\",\"url\":\"https:\\\/\\\/secure.gravatar.com\\\/avatar\\\/9167d280179c85bc18be67aa7eda765854300033af4896dd779b608640f2ef7a?s=96&d=mm&r=g\",\"contentUrl\":\"https:\\\/\\\/secure.gravatar.com\\\/avatar\\\/9167d280179c85bc18be67aa7eda765854300033af4896dd779b608640f2ef7a?s=96&d=mm&r=g\",\"caption\":\"Diario1 Diario1\"},\"url\":\"https:\\\/\\\/diariotextual.com\\\/inicio\\\/index.php\\\/author\\\/diario1\\\/\"}]}<\/script>\n<!-- \/ Yoast SEO plugin. -->","yoast_head_json":{"title":"Ziliotto, luego del hist\u00f3rico fallo de la Corte, reclam\u00f3 que Mendoza largue ya el agua - Diario Textual","robots":{"index":"index","follow":"follow","max-snippet":"max-snippet:-1","max-image-preview":"max-image-preview:large","max-video-preview":"max-video-preview:-1"},"canonical":"https:\/\/diariotextual.com\/inicio\/index.php\/2020\/07\/16\/ziliotto-luego-del-historico-fallo-la-corte-reclamo-mendoza-largue-ya-agua\/","og_locale":"es_ES","og_type":"article","og_title":"Ziliotto, luego del hist\u00f3rico fallo de la Corte, reclam\u00f3 que Mendoza largue ya el agua - Diario Textual","og_description":"\u201cMendoza ya debe soltar el agua\u201d. El gobernador Sergio Ziliotto as\u00ed lo pidi\u00f3 horas despu\u00e9s del fallo hist\u00f3rico de la Corte Suprema de Justicia de la Naci\u00f3n, que estableci\u00f3 que&hellip;","og_url":"https:\/\/diariotextual.com\/inicio\/index.php\/2020\/07\/16\/ziliotto-luego-del-historico-fallo-la-corte-reclamo-mendoza-largue-ya-agua\/","og_site_name":"Diario Textual","article_publisher":"https:\/\/www.facebook.com\/eltextual","article_published_time":"2020-07-16T22:08:09+00:00","article_modified_time":"2020-07-17T15:43:31+00:00","og_image":[{"width":1280,"height":855,"url":"https:\/\/diariotextual.com\/inicio\/wp-content\/uploads\/2020\/07\/ziliottosergioatuelfallo2020-1.jpg","type":"image\/jpeg"}],"author":"Diario1 Diario1","twitter_card":"summary_large_image","twitter_creator":"@eltextual","twitter_site":"@eltextual","twitter_misc":{"Escrito por":"Diario1 Diario1","Tiempo de lectura":"10 minutos"},"schema":{"@context":"https:\/\/schema.org","@graph":[{"@type":"Article","@id":"https:\/\/diariotextual.com\/inicio\/index.php\/2020\/07\/16\/ziliotto-luego-del-historico-fallo-la-corte-reclamo-mendoza-largue-ya-agua\/#article","isPartOf":{"@id":"https:\/\/diariotextual.com\/inicio\/index.php\/2020\/07\/16\/ziliotto-luego-del-historico-fallo-la-corte-reclamo-mendoza-largue-ya-agua\/"},"author":{"name":"Diario1 Diario1","@id":"https:\/\/diariotextual.com\/inicio\/#\/schema\/person\/418fc4093c33e86ed41562db3508f958"},"headline":"Ziliotto, luego del hist\u00f3rico fallo de la Corte, reclam\u00f3 que Mendoza largue ya el agua","datePublished":"2020-07-16T22:08:09+00:00","dateModified":"2020-07-17T15:43:31+00:00","mainEntityOfPage":{"@id":"https:\/\/diariotextual.com\/inicio\/index.php\/2020\/07\/16\/ziliotto-luego-del-historico-fallo-la-corte-reclamo-mendoza-largue-ya-agua\/"},"wordCount":1949,"publisher":{"@id":"https:\/\/diariotextual.com\/inicio\/#organization"},"image":{"@id":"https:\/\/diariotextual.com\/inicio\/index.php\/2020\/07\/16\/ziliotto-luego-del-historico-fallo-la-corte-reclamo-mendoza-largue-ya-agua\/#primaryimage"},"thumbnailUrl":"https:\/\/diariotextual.com\/inicio\/wp-content\/uploads\/2020\/07\/ziliottosergioatuelfallo2020-1.jpg","keywords":["atuel","mendoza","pampa","ziliotto"],"articleSection":["A - ES NOTICIA (van abajo)","A - TEMPORALES","POLITICA"],"inLanguage":"es"},{"@type":"WebPage","@id":"https:\/\/diariotextual.com\/inicio\/index.php\/2020\/07\/16\/ziliotto-luego-del-historico-fallo-la-corte-reclamo-mendoza-largue-ya-agua\/","url":"https:\/\/diariotextual.com\/inicio\/index.php\/2020\/07\/16\/ziliotto-luego-del-historico-fallo-la-corte-reclamo-mendoza-largue-ya-agua\/","name":"Ziliotto, luego del hist\u00f3rico fallo de la Corte, reclam\u00f3 que Mendoza largue ya el agua - Diario Textual","isPartOf":{"@id":"https:\/\/diariotextual.com\/inicio\/#website"},"primaryImageOfPage":{"@id":"https:\/\/diariotextual.com\/inicio\/index.php\/2020\/07\/16\/ziliotto-luego-del-historico-fallo-la-corte-reclamo-mendoza-largue-ya-agua\/#primaryimage"},"image":{"@id":"https:\/\/diariotextual.com\/inicio\/index.php\/2020\/07\/16\/ziliotto-luego-del-historico-fallo-la-corte-reclamo-mendoza-largue-ya-agua\/#primaryimage"},"thumbnailUrl":"https:\/\/diariotextual.com\/inicio\/wp-content\/uploads\/2020\/07\/ziliottosergioatuelfallo2020-1.jpg","datePublished":"2020-07-16T22:08:09+00:00","dateModified":"2020-07-17T15:43:31+00:00","breadcrumb":{"@id":"https:\/\/diariotextual.com\/inicio\/index.php\/2020\/07\/16\/ziliotto-luego-del-historico-fallo-la-corte-reclamo-mendoza-largue-ya-agua\/#breadcrumb"},"inLanguage":"es","potentialAction":[{"@type":"ReadAction","target":["https:\/\/diariotextual.com\/inicio\/index.php\/2020\/07\/16\/ziliotto-luego-del-historico-fallo-la-corte-reclamo-mendoza-largue-ya-agua\/"]}]},{"@type":"ImageObject","inLanguage":"es","@id":"https:\/\/diariotextual.com\/inicio\/index.php\/2020\/07\/16\/ziliotto-luego-del-historico-fallo-la-corte-reclamo-mendoza-largue-ya-agua\/#primaryimage","url":"https:\/\/diariotextual.com\/inicio\/wp-content\/uploads\/2020\/07\/ziliottosergioatuelfallo2020-1.jpg","contentUrl":"https:\/\/diariotextual.com\/inicio\/wp-content\/uploads\/2020\/07\/ziliottosergioatuelfallo2020-1.jpg","width":1280,"height":855},{"@type":"BreadcrumbList","@id":"https:\/\/diariotextual.com\/inicio\/index.php\/2020\/07\/16\/ziliotto-luego-del-historico-fallo-la-corte-reclamo-mendoza-largue-ya-agua\/#breadcrumb","itemListElement":[{"@type":"ListItem","position":1,"name":"Portada","item":"https:\/\/diariotextual.com\/inicio\/"},{"@type":"ListItem","position":2,"name":"Ziliotto, luego del hist\u00f3rico fallo de la Corte, reclam\u00f3 que Mendoza largue ya el agua"}]},{"@type":"WebSite","@id":"https:\/\/diariotextual.com\/inicio\/#website","url":"https:\/\/diariotextual.com\/inicio\/","name":"Diario Textual","description":"","publisher":{"@id":"https:\/\/diariotextual.com\/inicio\/#organization"},"potentialAction":[{"@type":"SearchAction","target":{"@type":"EntryPoint","urlTemplate":"https:\/\/diariotextual.com\/inicio\/?s={search_term_string}"},"query-input":{"@type":"PropertyValueSpecification","valueRequired":true,"valueName":"search_term_string"}}],"inLanguage":"es"},{"@type":"Organization","@id":"https:\/\/diariotextual.com\/inicio\/#organization","name":"Diario Textual","url":"https:\/\/diariotextual.com\/inicio\/","logo":{"@type":"ImageObject","inLanguage":"es","@id":"https:\/\/diariotextual.com\/inicio\/#\/schema\/logo\/image\/","url":"https:\/\/diariotextual.com\/inicio\/wp-content\/uploads\/2023\/05\/logotextual1.jpg","contentUrl":"https:\/\/diariotextual.com\/inicio\/wp-content\/uploads\/2023\/05\/logotextual1.jpg","width":516,"height":76,"caption":"Diario Textual"},"image":{"@id":"https:\/\/diariotextual.com\/inicio\/#\/schema\/logo\/image\/"},"sameAs":["https:\/\/www.facebook.com\/eltextual","https:\/\/x.com\/eltextual","http:\/\/www.instagram.com\/eltextual"]},{"@type":"Person","@id":"https:\/\/diariotextual.com\/inicio\/#\/schema\/person\/418fc4093c33e86ed41562db3508f958","name":"Diario1 Diario1","image":{"@type":"ImageObject","inLanguage":"es","@id":"https:\/\/secure.gravatar.com\/avatar\/9167d280179c85bc18be67aa7eda765854300033af4896dd779b608640f2ef7a?s=96&d=mm&r=g","url":"https:\/\/secure.gravatar.com\/avatar\/9167d280179c85bc18be67aa7eda765854300033af4896dd779b608640f2ef7a?s=96&d=mm&r=g","contentUrl":"https:\/\/secure.gravatar.com\/avatar\/9167d280179c85bc18be67aa7eda765854300033af4896dd779b608640f2ef7a?s=96&d=mm&r=g","caption":"Diario1 Diario1"},"url":"https:\/\/diariotextual.com\/inicio\/index.php\/author\/diario1\/"}]}},"_links":{"self":[{"href":"https:\/\/diariotextual.com\/inicio\/index.php\/wp-json\/wp\/v2\/posts\/101590","targetHints":{"allow":["GET"]}}],"collection":[{"href":"https:\/\/diariotextual.com\/inicio\/index.php\/wp-json\/wp\/v2\/posts"}],"about":[{"href":"https:\/\/diariotextual.com\/inicio\/index.php\/wp-json\/wp\/v2\/types\/post"}],"author":[{"embeddable":true,"href":"https:\/\/diariotextual.com\/inicio\/index.php\/wp-json\/wp\/v2\/users\/3"}],"replies":[{"embeddable":true,"href":"https:\/\/diariotextual.com\/inicio\/index.php\/wp-json\/wp\/v2\/comments?post=101590"}],"version-history":[{"count":28,"href":"https:\/\/diariotextual.com\/inicio\/index.php\/wp-json\/wp\/v2\/posts\/101590\/revisions"}],"predecessor-version":[{"id":101647,"href":"https:\/\/diariotextual.com\/inicio\/index.php\/wp-json\/wp\/v2\/posts\/101590\/revisions\/101647"}],"wp:featuredmedia":[{"embeddable":true,"href":"https:\/\/diariotextual.com\/inicio\/index.php\/wp-json\/wp\/v2\/media\/101632"}],"wp:attachment":[{"href":"https:\/\/diariotextual.com\/inicio\/index.php\/wp-json\/wp\/v2\/media?parent=101590"}],"wp:term":[{"taxonomy":"category","embeddable":true,"href":"https:\/\/diariotextual.com\/inicio\/index.php\/wp-json\/wp\/v2\/categories?post=101590"},{"taxonomy":"post_tag","embeddable":true,"href":"https:\/\/diariotextual.com\/inicio\/index.php\/wp-json\/wp\/v2\/tags?post=101590"}],"curies":[{"name":"wp","href":"https:\/\/api.w.org\/{rel}","templated":true}]}}