{"id":102096,"date":"2020-07-20T14:20:53","date_gmt":"2020-07-20T17:20:53","guid":{"rendered":"http:\/\/diariotextual.com\/inicio\/?p=102096"},"modified":"2020-07-20T17:09:22","modified_gmt":"2020-07-20T20:09:22","slug":"marino-avala-proyecto-bajar-iva-costo-productivo-las-pymes","status":"publish","type":"post","link":"https:\/\/diariotextual.com\/inicio\/index.php\/2020\/07\/20\/marino-avala-proyecto-bajar-iva-costo-productivo-las-pymes\/","title":{"rendered":"Marino avala proyecto para bajar el IVA en el costo productivo de las PyMes"},"content":{"rendered":"<p>El senador Juan Carlos Marino (UCR La Pampa) acompa\u00f1\u00f3 con su firma el proyecto del legislador riojano, Julio Mart\u00ednez, en el que se propone una <strong>reducci\u00f3n de la al\u00edcuota del impuesto al valor agregado del 27% al 10,5%, para las ventas de gas, energ\u00eda el\u00e9ctrica y aguas reguladas por medidor y dem\u00e1s prestaciones<\/strong> efectuadas por quienes presten servicios de telecomunicaciones, provean gas o electricidad.<\/p>\n<p><!--more--><\/p>\n<p>La iniciativa tambi\u00e9n<strong> incluye a quienes presten los servicios de provisi\u00f3n de agua corriente, cloacales y de desag\u00fce, cuando la venta o prestaci\u00f3n se efect\u00fae fuera de domicilios destinados exclusivamente a vivienda y el comprador o usuario<\/strong> sea responsable inscripto o monotributista.<\/p>\n<p>La propuesta apunta a<strong> beneficiar a empresas que, por su ubicaci\u00f3n geogr\u00e1fica, se encuentran en desventaja desde lo log\u00edstico<\/strong>, con el consecuente incremento en sus costos operativos.<\/p>\n<p>\u201cResulta una medida por dem\u00e1s interesante, toda vez que<strong> la energ\u00eda es un factor de gran relevancia para la competitividad de las econom\u00edas, ya que afecta los costos de producci\u00f3n de las actividades productivas<\/strong> y el poder adquisitivo de los hogares\u201d, expres\u00f3 Marino.<\/p>\n<p>Y agreg\u00f3: \u201cEstamos realizando <strong>un aporte para mejorar la competitividad de las empresas<\/strong> del interior, modificando el escenario por el que resulta muchas veces tan dif\u00edcil federalizar la producci\u00f3n y revertir el proceso de centralizaci\u00f3n creciente en nuestro pa\u00eds\u201d.<\/p>\n<p>Marino destac\u00f3 que para generar un desarrollo m\u00e1s equilibrado, <strong>se necesitan pol\u00edticas sostenidas de inversi\u00f3n en la mejora permanente de la infraestructura que permitir bajas en los costos de los fletes<\/strong> y, a la vez, pol\u00edticas impositivas que ofrezcan ciertas ventajas a quienes producen lejos de nuestros puertos.<\/p>\n<p>\u201cA modo de ejemplo, <strong>hoy resulta m\u00e1s caro transportar grano desde el norte argentino a las terminales portuarias del Gran Rosario, que enviarlos a los principales mercados mundiales<\/strong>\u201d, afirm\u00f3 el senador pampeano.<\/p>\n<p>Y sostuvo: \u201cLas razones del apoyo a este proyecto y de los que hemos presentado en estos \u00faltimos meses, son las mismas: permitir a nuestra provincia lograr un mayor desarrollo econ\u00f3mico, impulsar a sus empresas y generar nuevos emprendimientos, lo que permitir\u00e1 crear empleo y con la consiguiente mejora en la calidad de vida de los pampeanos\u201d.<\/p>\n","protected":false},"excerpt":{"rendered":"<p>El senador Juan Carlos Marino (UCR La Pampa) acompa\u00f1\u00f3 con su firma el proyecto del legislador riojano, Julio Mart\u00ednez, en el que se propone una reducci\u00f3n de la al\u00edcuota del&hellip;<\/p>\n","protected":false},"author":5,"featured_media":47736,"comment_status":"closed","ping_status":"open","sticky":false,"template":"","format":"standard","meta":{"_acf_changed":false,"footnotes":""},"categories":[11,5],"tags":[140,974],"class_list":["post-102096","post","type-post","status-publish","format-standard","has-post-thumbnail","hentry","category-que-pasa","category-economia","tag-marino","tag-pymes"],"acf":[],"yoast_head":"<!-- This site is optimized with the Yoast SEO plugin v27.4 - https:\/\/yoast.com\/product\/yoast-seo-wordpress\/ -->\n<title>Marino avala proyecto para bajar el IVA en el costo productivo de las PyMes - Diario Textual<\/title>\n<meta name=\"robots\" content=\"index, follow, max-snippet:-1, max-image-preview:large, max-video-preview:-1\" \/>\n<link rel=\"canonical\" href=\"https:\/\/diariotextual.com\/inicio\/index.php\/2020\/07\/20\/marino-avala-proyecto-bajar-iva-costo-productivo-las-pymes\/\" \/>\n<meta property=\"og:locale\" content=\"es_ES\" \/>\n<meta property=\"og:type\" content=\"article\" \/>\n<meta property=\"og:title\" content=\"Marino avala proyecto para bajar el IVA en el costo productivo de las PyMes - Diario Textual\" \/>\n<meta property=\"og:description\" content=\"El senador Juan Carlos Marino (UCR La Pampa) acompa\u00f1\u00f3 con su firma el proyecto del legislador riojano, Julio Mart\u00ednez, en el que se propone una reducci\u00f3n de la al\u00edcuota del&hellip;\" \/>\n<meta property=\"og:url\" content=\"https:\/\/diariotextual.com\/inicio\/index.php\/2020\/07\/20\/marino-avala-proyecto-bajar-iva-costo-productivo-las-pymes\/\" \/>\n<meta property=\"og:site_name\" content=\"Diario Textual\" \/>\n<meta property=\"article:publisher\" content=\"https:\/\/www.facebook.com\/eltextual\" \/>\n<meta property=\"article:published_time\" content=\"2020-07-20T17:20:53+00:00\" \/>\n<meta property=\"article:modified_time\" content=\"2020-07-20T20:09:22+00:00\" \/>\n<meta property=\"og:image\" content=\"https:\/\/diariotextual.com\/inicio\/wp-content\/uploads\/2019\/05\/pymesimagen45.jpg\" \/>\n\t<meta property=\"og:image:width\" content=\"1000\" \/>\n\t<meta property=\"og:image:height\" content=\"665\" \/>\n\t<meta property=\"og:image:type\" content=\"image\/jpeg\" \/>\n<meta name=\"author\" content=\"diario3\" \/>\n<meta name=\"twitter:card\" content=\"summary_large_image\" \/>\n<meta name=\"twitter:creator\" content=\"@eltextual\" \/>\n<meta name=\"twitter:site\" content=\"@eltextual\" \/>\n<meta name=\"twitter:label1\" content=\"Escrito por\" \/>\n\t<meta name=\"twitter:data1\" content=\"diario3\" \/>\n\t<meta name=\"twitter:label2\" content=\"Tiempo de lectura\" \/>\n\t<meta name=\"twitter:data2\" content=\"2 minutos\" \/>\n<script type=\"application\/ld+json\" class=\"yoast-schema-graph\">{\"@context\":\"https:\\\/\\\/schema.org\",\"@graph\":[{\"@type\":\"Article\",\"@id\":\"https:\\\/\\\/diariotextual.com\\\/inicio\\\/index.php\\\/2020\\\/07\\\/20\\\/marino-avala-proyecto-bajar-iva-costo-productivo-las-pymes\\\/#article\",\"isPartOf\":{\"@id\":\"https:\\\/\\\/diariotextual.com\\\/inicio\\\/index.php\\\/2020\\\/07\\\/20\\\/marino-avala-proyecto-bajar-iva-costo-productivo-las-pymes\\\/\"},\"author\":{\"name\":\"diario3\",\"@id\":\"https:\\\/\\\/diariotextual.com\\\/inicio\\\/#\\\/schema\\\/person\\\/a1b6f563e0ee944c60f98119389a4d9f\"},\"headline\":\"Marino avala proyecto para bajar el IVA en el costo productivo de las PyMes\",\"datePublished\":\"2020-07-20T17:20:53+00:00\",\"dateModified\":\"2020-07-20T20:09:22+00:00\",\"mainEntityOfPage\":{\"@id\":\"https:\\\/\\\/diariotextual.com\\\/inicio\\\/index.php\\\/2020\\\/07\\\/20\\\/marino-avala-proyecto-bajar-iva-costo-productivo-las-pymes\\\/\"},\"wordCount\":392,\"publisher\":{\"@id\":\"https:\\\/\\\/diariotextual.com\\\/inicio\\\/#organization\"},\"image\":{\"@id\":\"https:\\\/\\\/diariotextual.com\\\/inicio\\\/index.php\\\/2020\\\/07\\\/20\\\/marino-avala-proyecto-bajar-iva-costo-productivo-las-pymes\\\/#primaryimage\"},\"thumbnailUrl\":\"https:\\\/\\\/diariotextual.com\\\/inicio\\\/wp-content\\\/uploads\\\/2019\\\/05\\\/pymesimagen45.jpg\",\"keywords\":[\"marino\",\"pymes\"],\"articleSection\":[\"A - QUE PASA (al costado)\",\"ECONOMIA\"],\"inLanguage\":\"es\"},{\"@type\":\"WebPage\",\"@id\":\"https:\\\/\\\/diariotextual.com\\\/inicio\\\/index.php\\\/2020\\\/07\\\/20\\\/marino-avala-proyecto-bajar-iva-costo-productivo-las-pymes\\\/\",\"url\":\"https:\\\/\\\/diariotextual.com\\\/inicio\\\/index.php\\\/2020\\\/07\\\/20\\\/marino-avala-proyecto-bajar-iva-costo-productivo-las-pymes\\\/\",\"name\":\"Marino avala proyecto para bajar el IVA en el costo productivo de las PyMes - Diario Textual\",\"isPartOf\":{\"@id\":\"https:\\\/\\\/diariotextual.com\\\/inicio\\\/#website\"},\"primaryImageOfPage\":{\"@id\":\"https:\\\/\\\/diariotextual.com\\\/inicio\\\/index.php\\\/2020\\\/07\\\/20\\\/marino-avala-proyecto-bajar-iva-costo-productivo-las-pymes\\\/#primaryimage\"},\"image\":{\"@id\":\"https:\\\/\\\/diariotextual.com\\\/inicio\\\/index.php\\\/2020\\\/07\\\/20\\\/marino-avala-proyecto-bajar-iva-costo-productivo-las-pymes\\\/#primaryimage\"},\"thumbnailUrl\":\"https:\\\/\\\/diariotextual.com\\\/inicio\\\/wp-content\\\/uploads\\\/2019\\\/05\\\/pymesimagen45.jpg\",\"datePublished\":\"2020-07-20T17:20:53+00:00\",\"dateModified\":\"2020-07-20T20:09:22+00:00\",\"breadcrumb\":{\"@id\":\"https:\\\/\\\/diariotextual.com\\\/inicio\\\/index.php\\\/2020\\\/07\\\/20\\\/marino-avala-proyecto-bajar-iva-costo-productivo-las-pymes\\\/#breadcrumb\"},\"inLanguage\":\"es\",\"potentialAction\":[{\"@type\":\"ReadAction\",\"target\":[\"https:\\\/\\\/diariotextual.com\\\/inicio\\\/index.php\\\/2020\\\/07\\\/20\\\/marino-avala-proyecto-bajar-iva-costo-productivo-las-pymes\\\/\"]}]},{\"@type\":\"ImageObject\",\"inLanguage\":\"es\",\"@id\":\"https:\\\/\\\/diariotextual.com\\\/inicio\\\/index.php\\\/2020\\\/07\\\/20\\\/marino-avala-proyecto-bajar-iva-costo-productivo-las-pymes\\\/#primaryimage\",\"url\":\"https:\\\/\\\/diariotextual.com\\\/inicio\\\/wp-content\\\/uploads\\\/2019\\\/05\\\/pymesimagen45.jpg\",\"contentUrl\":\"https:\\\/\\\/diariotextual.com\\\/inicio\\\/wp-content\\\/uploads\\\/2019\\\/05\\\/pymesimagen45.jpg\",\"width\":1000,\"height\":665},{\"@type\":\"BreadcrumbList\",\"@id\":\"https:\\\/\\\/diariotextual.com\\\/inicio\\\/index.php\\\/2020\\\/07\\\/20\\\/marino-avala-proyecto-bajar-iva-costo-productivo-las-pymes\\\/#breadcrumb\",\"itemListElement\":[{\"@type\":\"ListItem\",\"position\":1,\"name\":\"Portada\",\"item\":\"https:\\\/\\\/diariotextual.com\\\/inicio\\\/\"},{\"@type\":\"ListItem\",\"position\":2,\"name\":\"Marino avala proyecto para bajar el IVA en el costo productivo de las PyMes\"}]},{\"@type\":\"WebSite\",\"@id\":\"https:\\\/\\\/diariotextual.com\\\/inicio\\\/#website\",\"url\":\"https:\\\/\\\/diariotextual.com\\\/inicio\\\/\",\"name\":\"Diario Textual\",\"description\":\"\",\"publisher\":{\"@id\":\"https:\\\/\\\/diariotextual.com\\\/inicio\\\/#organization\"},\"potentialAction\":[{\"@type\":\"SearchAction\",\"target\":{\"@type\":\"EntryPoint\",\"urlTemplate\":\"https:\\\/\\\/diariotextual.com\\\/inicio\\\/?s={search_term_string}\"},\"query-input\":{\"@type\":\"PropertyValueSpecification\",\"valueRequired\":true,\"valueName\":\"search_term_string\"}}],\"inLanguage\":\"es\"},{\"@type\":\"Organization\",\"@id\":\"https:\\\/\\\/diariotextual.com\\\/inicio\\\/#organization\",\"name\":\"Diario Textual\",\"url\":\"https:\\\/\\\/diariotextual.com\\\/inicio\\\/\",\"logo\":{\"@type\":\"ImageObject\",\"inLanguage\":\"es\",\"@id\":\"https:\\\/\\\/diariotextual.com\\\/inicio\\\/#\\\/schema\\\/logo\\\/image\\\/\",\"url\":\"https:\\\/\\\/diariotextual.com\\\/inicio\\\/wp-content\\\/uploads\\\/2023\\\/05\\\/logotextual1.jpg\",\"contentUrl\":\"https:\\\/\\\/diariotextual.com\\\/inicio\\\/wp-content\\\/uploads\\\/2023\\\/05\\\/logotextual1.jpg\",\"width\":516,\"height\":76,\"caption\":\"Diario Textual\"},\"image\":{\"@id\":\"https:\\\/\\\/diariotextual.com\\\/inicio\\\/#\\\/schema\\\/logo\\\/image\\\/\"},\"sameAs\":[\"https:\\\/\\\/www.facebook.com\\\/eltextual\",\"https:\\\/\\\/x.com\\\/eltextual\",\"http:\\\/\\\/www.instagram.com\\\/eltextual\"]},{\"@type\":\"Person\",\"@id\":\"https:\\\/\\\/diariotextual.com\\\/inicio\\\/#\\\/schema\\\/person\\\/a1b6f563e0ee944c60f98119389a4d9f\",\"name\":\"diario3\",\"image\":{\"@type\":\"ImageObject\",\"inLanguage\":\"es\",\"@id\":\"https:\\\/\\\/secure.gravatar.com\\\/avatar\\\/5e7ee62c82fc04d9dd79d746a390d93c69c43223e5faeeb3ea9461ef752bfc5d?s=96&d=mm&r=g\",\"url\":\"https:\\\/\\\/secure.gravatar.com\\\/avatar\\\/5e7ee62c82fc04d9dd79d746a390d93c69c43223e5faeeb3ea9461ef752bfc5d?s=96&d=mm&r=g\",\"contentUrl\":\"https:\\\/\\\/secure.gravatar.com\\\/avatar\\\/5e7ee62c82fc04d9dd79d746a390d93c69c43223e5faeeb3ea9461ef752bfc5d?s=96&d=mm&r=g\",\"caption\":\"diario3\"},\"url\":\"https:\\\/\\\/diariotextual.com\\\/inicio\\\/index.php\\\/author\\\/diario3\\\/\"}]}<\/script>\n<!-- \/ Yoast SEO plugin. -->","yoast_head_json":{"title":"Marino avala proyecto para bajar el IVA en el costo productivo de las PyMes - Diario Textual","robots":{"index":"index","follow":"follow","max-snippet":"max-snippet:-1","max-image-preview":"max-image-preview:large","max-video-preview":"max-video-preview:-1"},"canonical":"https:\/\/diariotextual.com\/inicio\/index.php\/2020\/07\/20\/marino-avala-proyecto-bajar-iva-costo-productivo-las-pymes\/","og_locale":"es_ES","og_type":"article","og_title":"Marino avala proyecto para bajar el IVA en el costo productivo de las PyMes - Diario Textual","og_description":"El senador Juan Carlos Marino (UCR La Pampa) acompa\u00f1\u00f3 con su firma el proyecto del legislador riojano, Julio Mart\u00ednez, en el que se propone una reducci\u00f3n de la al\u00edcuota del&hellip;","og_url":"https:\/\/diariotextual.com\/inicio\/index.php\/2020\/07\/20\/marino-avala-proyecto-bajar-iva-costo-productivo-las-pymes\/","og_site_name":"Diario Textual","article_publisher":"https:\/\/www.facebook.com\/eltextual","article_published_time":"2020-07-20T17:20:53+00:00","article_modified_time":"2020-07-20T20:09:22+00:00","og_image":[{"width":1000,"height":665,"url":"https:\/\/diariotextual.com\/inicio\/wp-content\/uploads\/2019\/05\/pymesimagen45.jpg","type":"image\/jpeg"}],"author":"diario3","twitter_card":"summary_large_image","twitter_creator":"@eltextual","twitter_site":"@eltextual","twitter_misc":{"Escrito por":"diario3","Tiempo de lectura":"2 minutos"},"schema":{"@context":"https:\/\/schema.org","@graph":[{"@type":"Article","@id":"https:\/\/diariotextual.com\/inicio\/index.php\/2020\/07\/20\/marino-avala-proyecto-bajar-iva-costo-productivo-las-pymes\/#article","isPartOf":{"@id":"https:\/\/diariotextual.com\/inicio\/index.php\/2020\/07\/20\/marino-avala-proyecto-bajar-iva-costo-productivo-las-pymes\/"},"author":{"name":"diario3","@id":"https:\/\/diariotextual.com\/inicio\/#\/schema\/person\/a1b6f563e0ee944c60f98119389a4d9f"},"headline":"Marino avala proyecto para bajar el IVA en el costo productivo de las PyMes","datePublished":"2020-07-20T17:20:53+00:00","dateModified":"2020-07-20T20:09:22+00:00","mainEntityOfPage":{"@id":"https:\/\/diariotextual.com\/inicio\/index.php\/2020\/07\/20\/marino-avala-proyecto-bajar-iva-costo-productivo-las-pymes\/"},"wordCount":392,"publisher":{"@id":"https:\/\/diariotextual.com\/inicio\/#organization"},"image":{"@id":"https:\/\/diariotextual.com\/inicio\/index.php\/2020\/07\/20\/marino-avala-proyecto-bajar-iva-costo-productivo-las-pymes\/#primaryimage"},"thumbnailUrl":"https:\/\/diariotextual.com\/inicio\/wp-content\/uploads\/2019\/05\/pymesimagen45.jpg","keywords":["marino","pymes"],"articleSection":["A - QUE PASA (al costado)","ECONOMIA"],"inLanguage":"es"},{"@type":"WebPage","@id":"https:\/\/diariotextual.com\/inicio\/index.php\/2020\/07\/20\/marino-avala-proyecto-bajar-iva-costo-productivo-las-pymes\/","url":"https:\/\/diariotextual.com\/inicio\/index.php\/2020\/07\/20\/marino-avala-proyecto-bajar-iva-costo-productivo-las-pymes\/","name":"Marino avala proyecto para bajar el IVA en el costo productivo de las PyMes - Diario Textual","isPartOf":{"@id":"https:\/\/diariotextual.com\/inicio\/#website"},"primaryImageOfPage":{"@id":"https:\/\/diariotextual.com\/inicio\/index.php\/2020\/07\/20\/marino-avala-proyecto-bajar-iva-costo-productivo-las-pymes\/#primaryimage"},"image":{"@id":"https:\/\/diariotextual.com\/inicio\/index.php\/2020\/07\/20\/marino-avala-proyecto-bajar-iva-costo-productivo-las-pymes\/#primaryimage"},"thumbnailUrl":"https:\/\/diariotextual.com\/inicio\/wp-content\/uploads\/2019\/05\/pymesimagen45.jpg","datePublished":"2020-07-20T17:20:53+00:00","dateModified":"2020-07-20T20:09:22+00:00","breadcrumb":{"@id":"https:\/\/diariotextual.com\/inicio\/index.php\/2020\/07\/20\/marino-avala-proyecto-bajar-iva-costo-productivo-las-pymes\/#breadcrumb"},"inLanguage":"es","potentialAction":[{"@type":"ReadAction","target":["https:\/\/diariotextual.com\/inicio\/index.php\/2020\/07\/20\/marino-avala-proyecto-bajar-iva-costo-productivo-las-pymes\/"]}]},{"@type":"ImageObject","inLanguage":"es","@id":"https:\/\/diariotextual.com\/inicio\/index.php\/2020\/07\/20\/marino-avala-proyecto-bajar-iva-costo-productivo-las-pymes\/#primaryimage","url":"https:\/\/diariotextual.com\/inicio\/wp-content\/uploads\/2019\/05\/pymesimagen45.jpg","contentUrl":"https:\/\/diariotextual.com\/inicio\/wp-content\/uploads\/2019\/05\/pymesimagen45.jpg","width":1000,"height":665},{"@type":"BreadcrumbList","@id":"https:\/\/diariotextual.com\/inicio\/index.php\/2020\/07\/20\/marino-avala-proyecto-bajar-iva-costo-productivo-las-pymes\/#breadcrumb","itemListElement":[{"@type":"ListItem","position":1,"name":"Portada","item":"https:\/\/diariotextual.com\/inicio\/"},{"@type":"ListItem","position":2,"name":"Marino avala proyecto para bajar el IVA en el costo productivo de las PyMes"}]},{"@type":"WebSite","@id":"https:\/\/diariotextual.com\/inicio\/#website","url":"https:\/\/diariotextual.com\/inicio\/","name":"Diario Textual","description":"","publisher":{"@id":"https:\/\/diariotextual.com\/inicio\/#organization"},"potentialAction":[{"@type":"SearchAction","target":{"@type":"EntryPoint","urlTemplate":"https:\/\/diariotextual.com\/inicio\/?s={search_term_string}"},"query-input":{"@type":"PropertyValueSpecification","valueRequired":true,"valueName":"search_term_string"}}],"inLanguage":"es"},{"@type":"Organization","@id":"https:\/\/diariotextual.com\/inicio\/#organization","name":"Diario Textual","url":"https:\/\/diariotextual.com\/inicio\/","logo":{"@type":"ImageObject","inLanguage":"es","@id":"https:\/\/diariotextual.com\/inicio\/#\/schema\/logo\/image\/","url":"https:\/\/diariotextual.com\/inicio\/wp-content\/uploads\/2023\/05\/logotextual1.jpg","contentUrl":"https:\/\/diariotextual.com\/inicio\/wp-content\/uploads\/2023\/05\/logotextual1.jpg","width":516,"height":76,"caption":"Diario Textual"},"image":{"@id":"https:\/\/diariotextual.com\/inicio\/#\/schema\/logo\/image\/"},"sameAs":["https:\/\/www.facebook.com\/eltextual","https:\/\/x.com\/eltextual","http:\/\/www.instagram.com\/eltextual"]},{"@type":"Person","@id":"https:\/\/diariotextual.com\/inicio\/#\/schema\/person\/a1b6f563e0ee944c60f98119389a4d9f","name":"diario3","image":{"@type":"ImageObject","inLanguage":"es","@id":"https:\/\/secure.gravatar.com\/avatar\/5e7ee62c82fc04d9dd79d746a390d93c69c43223e5faeeb3ea9461ef752bfc5d?s=96&d=mm&r=g","url":"https:\/\/secure.gravatar.com\/avatar\/5e7ee62c82fc04d9dd79d746a390d93c69c43223e5faeeb3ea9461ef752bfc5d?s=96&d=mm&r=g","contentUrl":"https:\/\/secure.gravatar.com\/avatar\/5e7ee62c82fc04d9dd79d746a390d93c69c43223e5faeeb3ea9461ef752bfc5d?s=96&d=mm&r=g","caption":"diario3"},"url":"https:\/\/diariotextual.com\/inicio\/index.php\/author\/diario3\/"}]}},"_links":{"self":[{"href":"https:\/\/diariotextual.com\/inicio\/index.php\/wp-json\/wp\/v2\/posts\/102096","targetHints":{"allow":["GET"]}}],"collection":[{"href":"https:\/\/diariotextual.com\/inicio\/index.php\/wp-json\/wp\/v2\/posts"}],"about":[{"href":"https:\/\/diariotextual.com\/inicio\/index.php\/wp-json\/wp\/v2\/types\/post"}],"author":[{"embeddable":true,"href":"https:\/\/diariotextual.com\/inicio\/index.php\/wp-json\/wp\/v2\/users\/5"}],"replies":[{"embeddable":true,"href":"https:\/\/diariotextual.com\/inicio\/index.php\/wp-json\/wp\/v2\/comments?post=102096"}],"version-history":[{"count":1,"href":"https:\/\/diariotextual.com\/inicio\/index.php\/wp-json\/wp\/v2\/posts\/102096\/revisions"}],"predecessor-version":[{"id":102097,"href":"https:\/\/diariotextual.com\/inicio\/index.php\/wp-json\/wp\/v2\/posts\/102096\/revisions\/102097"}],"wp:featuredmedia":[{"embeddable":true,"href":"https:\/\/diariotextual.com\/inicio\/index.php\/wp-json\/wp\/v2\/media\/47736"}],"wp:attachment":[{"href":"https:\/\/diariotextual.com\/inicio\/index.php\/wp-json\/wp\/v2\/media?parent=102096"}],"wp:term":[{"taxonomy":"category","embeddable":true,"href":"https:\/\/diariotextual.com\/inicio\/index.php\/wp-json\/wp\/v2\/categories?post=102096"},{"taxonomy":"post_tag","embeddable":true,"href":"https:\/\/diariotextual.com\/inicio\/index.php\/wp-json\/wp\/v2\/tags?post=102096"}],"curies":[{"name":"wp","href":"https:\/\/api.w.org\/{rel}","templated":true}]}}