{"id":102322,"date":"2020-07-22T10:42:45","date_gmt":"2020-07-22T13:42:45","guid":{"rendered":"http:\/\/diariotextual.com\/inicio\/?p=102322"},"modified":"2020-07-22T13:01:52","modified_gmt":"2020-07-22T16:01:52","slug":"vicentin-claudio-lozano-rechazo-la-propuesta-del-gobernador-santa-fe","status":"publish","type":"post","link":"https:\/\/diariotextual.com\/inicio\/index.php\/2020\/07\/22\/vicentin-claudio-lozano-rechazo-la-propuesta-del-gobernador-santa-fe\/","title":{"rendered":"Vicent\u00edn: Claudio Lozano rechaz\u00f3 la propuesta del gobernador de Santa Fe"},"content":{"rendered":"<p>El <strong>director del Banco Naci\u00f3n, Claudio Lozano<\/strong>, advirti\u00f3 que<strong> el nuevo plan en estudio para Vicentin, propuesta por el gobernador de Santa Fe Omar Perotti, no evita la entranjerizaci\u00f3n<\/strong> y que de esta forma la empresa cerealera podr\u00eda quedar en manos for\u00e1neas.<\/p>\n<p><!--more--><\/p>\n<p>El economista explic\u00f3 las diferencias entre la primera propuesta anunciada por el presidente Alberto Fernan\u00e1ndez y la que se encuentra ahora en an\u00e1lisis junto entre el gobierno de Santa Fe y la firma radicada en la localidad de Avellaneda de esa provincia.<\/p>\n<p>\u201cDesde<strong> el Gobierno Nacional se hab\u00eda identificado que era un grupo empresario que iba a la quiebra, afectaba el comercio exterior de granos, hab\u00eda una amenaza de extranjerizaci\u00f3n, en un contexto donde estaba claro sobre la mesa la estafa sobre los trabajadores<\/strong>, la banca p\u00fablica y sobre miles de productores\u201d, expres\u00f3.<\/p>\n<p>Lozano sostuvo que la estrategia acercada por el gobernador de Santa Fe, Omar Perotti, supone otro esquema, que implicaba una intervenci\u00f3n en el marco del concurso, y tampoco fue aceptado por el juez.<\/p>\n<p>\u201cHoy, <strong>la conversaci\u00f3n entre la provincia y Vicentin, cuyos due\u00f1os siguen al frente de manera ins\u00f3lita, tiene un acuerdo de un fideicomiso para que acreedores e inversionistas puedan tomar control sobre la empresa<\/strong>\u201d, explic\u00f3 en di\u00e1logo con Radio con Vos y advirti\u00f3: \u201c<strong>En este esquema ya no hablamos de evitar la extranjerizaci\u00f3n<\/strong>\u201d.<\/p>\n<p>\u201cPasamos de una propuesta de expropiaci\u00f3n a un rescate empresarial, donde no queda claro cu\u00e1nto va a poner el Estado, pero queda claro que no va a tener el control de la empresa el Estado\u00bb, cerr\u00f3 Claudio Lozano.<\/p>\n<section>\n<div class=\"entry-body title-font\">\n<p>El p<strong>residente Alberto Fern\u00e1ndez y el gobernador de Santa Fe, Omar Perotti mantuvieron ayer un encuentro en donde analizaron las estrategias a seguir en el concurso de la empresa Vicentin.<\/strong> La semana pasada se hab\u00eda consolidado la posibilidad de crear un fideicomiso, en donde el gobernador santafesino ser\u00eda el nexo entre la cerealera, las entidades bancarias y los acreedores.<\/p>\n<p>Voceros de Vicentin afirmaron que \u00abhay expectativas\u00bb ante el avance de la conformaci\u00f3n de un fideicomiso y esperan definiciones para la pr\u00f3xima reuni\u00f3n con la Inspecci\u00f3n General de Personas Jur\u00eddicas (IGPJ) de Santa Fe, que se llevar\u00e1 a cabo el 30 de julio.<\/p>\n<\/div>\n<\/section>\n","protected":false},"excerpt":{"rendered":"<p>El director del Banco Naci\u00f3n, Claudio Lozano, advirti\u00f3 que el nuevo plan en estudio para Vicentin, propuesta por el gobernador de Santa Fe Omar Perotti, no evita la entranjerizaci\u00f3n y&hellip;<\/p>\n","protected":false},"author":5,"featured_media":98975,"comment_status":"closed","ping_status":"open","sticky":false,"template":"","format":"standard","meta":{"_acf_changed":false,"footnotes":""},"categories":[11,5],"tags":[2723],"class_list":["post-102322","post","type-post","status-publish","format-standard","has-post-thumbnail","hentry","category-que-pasa","category-economia","tag-vicentin"],"acf":[],"yoast_head":"<!-- This site is optimized with the Yoast SEO plugin v27.4 - https:\/\/yoast.com\/product\/yoast-seo-wordpress\/ -->\n<title>Vicent\u00edn: Claudio Lozano rechaz\u00f3 la propuesta del gobernador de Santa Fe - Diario Textual<\/title>\n<meta name=\"robots\" content=\"index, follow, max-snippet:-1, max-image-preview:large, max-video-preview:-1\" \/>\n<link rel=\"canonical\" href=\"https:\/\/diariotextual.com\/inicio\/index.php\/2020\/07\/22\/vicentin-claudio-lozano-rechazo-la-propuesta-del-gobernador-santa-fe\/\" \/>\n<meta property=\"og:locale\" content=\"es_ES\" \/>\n<meta property=\"og:type\" content=\"article\" \/>\n<meta property=\"og:title\" content=\"Vicent\u00edn: Claudio Lozano rechaz\u00f3 la propuesta del gobernador de Santa Fe - Diario Textual\" \/>\n<meta property=\"og:description\" content=\"El director del Banco Naci\u00f3n, Claudio Lozano, advirti\u00f3 que el nuevo plan en estudio para Vicentin, propuesta por el gobernador de Santa Fe Omar Perotti, no evita la entranjerizaci\u00f3n y&hellip;\" \/>\n<meta property=\"og:url\" content=\"https:\/\/diariotextual.com\/inicio\/index.php\/2020\/07\/22\/vicentin-claudio-lozano-rechazo-la-propuesta-del-gobernador-santa-fe\/\" \/>\n<meta property=\"og:site_name\" content=\"Diario Textual\" \/>\n<meta property=\"article:publisher\" content=\"https:\/\/www.facebook.com\/eltextual\" \/>\n<meta property=\"article:published_time\" content=\"2020-07-22T13:42:45+00:00\" \/>\n<meta property=\"article:modified_time\" content=\"2020-07-22T16:01:52+00:00\" \/>\n<meta property=\"og:image\" content=\"https:\/\/diariotextual.com\/inicio\/wp-content\/uploads\/2020\/06\/vicentintelam2020-11.jpg\" \/>\n\t<meta property=\"og:image:width\" content=\"1109\" \/>\n\t<meta property=\"og:image:height\" content=\"768\" \/>\n\t<meta property=\"og:image:type\" content=\"image\/jpeg\" \/>\n<meta name=\"author\" content=\"diario3\" \/>\n<meta name=\"twitter:card\" content=\"summary_large_image\" \/>\n<meta name=\"twitter:creator\" content=\"@eltextual\" \/>\n<meta name=\"twitter:site\" content=\"@eltextual\" \/>\n<meta name=\"twitter:label1\" content=\"Escrito por\" \/>\n\t<meta name=\"twitter:data1\" content=\"diario3\" \/>\n\t<meta name=\"twitter:label2\" content=\"Tiempo de lectura\" \/>\n\t<meta name=\"twitter:data2\" content=\"2 minutos\" \/>\n<script type=\"application\/ld+json\" class=\"yoast-schema-graph\">{\"@context\":\"https:\\\/\\\/schema.org\",\"@graph\":[{\"@type\":\"Article\",\"@id\":\"https:\\\/\\\/diariotextual.com\\\/inicio\\\/index.php\\\/2020\\\/07\\\/22\\\/vicentin-claudio-lozano-rechazo-la-propuesta-del-gobernador-santa-fe\\\/#article\",\"isPartOf\":{\"@id\":\"https:\\\/\\\/diariotextual.com\\\/inicio\\\/index.php\\\/2020\\\/07\\\/22\\\/vicentin-claudio-lozano-rechazo-la-propuesta-del-gobernador-santa-fe\\\/\"},\"author\":{\"name\":\"diario3\",\"@id\":\"https:\\\/\\\/diariotextual.com\\\/inicio\\\/#\\\/schema\\\/person\\\/a1b6f563e0ee944c60f98119389a4d9f\"},\"headline\":\"Vicent\u00edn: Claudio Lozano rechaz\u00f3 la propuesta del gobernador de Santa Fe\",\"datePublished\":\"2020-07-22T13:42:45+00:00\",\"dateModified\":\"2020-07-22T16:01:52+00:00\",\"mainEntityOfPage\":{\"@id\":\"https:\\\/\\\/diariotextual.com\\\/inicio\\\/index.php\\\/2020\\\/07\\\/22\\\/vicentin-claudio-lozano-rechazo-la-propuesta-del-gobernador-santa-fe\\\/\"},\"wordCount\":397,\"publisher\":{\"@id\":\"https:\\\/\\\/diariotextual.com\\\/inicio\\\/#organization\"},\"image\":{\"@id\":\"https:\\\/\\\/diariotextual.com\\\/inicio\\\/index.php\\\/2020\\\/07\\\/22\\\/vicentin-claudio-lozano-rechazo-la-propuesta-del-gobernador-santa-fe\\\/#primaryimage\"},\"thumbnailUrl\":\"https:\\\/\\\/diariotextual.com\\\/inicio\\\/wp-content\\\/uploads\\\/2020\\\/06\\\/vicentintelam2020-11.jpg\",\"keywords\":[\"vicentin\"],\"articleSection\":[\"A - QUE PASA (al costado)\",\"ECONOMIA\"],\"inLanguage\":\"es\"},{\"@type\":\"WebPage\",\"@id\":\"https:\\\/\\\/diariotextual.com\\\/inicio\\\/index.php\\\/2020\\\/07\\\/22\\\/vicentin-claudio-lozano-rechazo-la-propuesta-del-gobernador-santa-fe\\\/\",\"url\":\"https:\\\/\\\/diariotextual.com\\\/inicio\\\/index.php\\\/2020\\\/07\\\/22\\\/vicentin-claudio-lozano-rechazo-la-propuesta-del-gobernador-santa-fe\\\/\",\"name\":\"Vicent\u00edn: Claudio Lozano rechaz\u00f3 la propuesta del gobernador de Santa Fe - Diario Textual\",\"isPartOf\":{\"@id\":\"https:\\\/\\\/diariotextual.com\\\/inicio\\\/#website\"},\"primaryImageOfPage\":{\"@id\":\"https:\\\/\\\/diariotextual.com\\\/inicio\\\/index.php\\\/2020\\\/07\\\/22\\\/vicentin-claudio-lozano-rechazo-la-propuesta-del-gobernador-santa-fe\\\/#primaryimage\"},\"image\":{\"@id\":\"https:\\\/\\\/diariotextual.com\\\/inicio\\\/index.php\\\/2020\\\/07\\\/22\\\/vicentin-claudio-lozano-rechazo-la-propuesta-del-gobernador-santa-fe\\\/#primaryimage\"},\"thumbnailUrl\":\"https:\\\/\\\/diariotextual.com\\\/inicio\\\/wp-content\\\/uploads\\\/2020\\\/06\\\/vicentintelam2020-11.jpg\",\"datePublished\":\"2020-07-22T13:42:45+00:00\",\"dateModified\":\"2020-07-22T16:01:52+00:00\",\"breadcrumb\":{\"@id\":\"https:\\\/\\\/diariotextual.com\\\/inicio\\\/index.php\\\/2020\\\/07\\\/22\\\/vicentin-claudio-lozano-rechazo-la-propuesta-del-gobernador-santa-fe\\\/#breadcrumb\"},\"inLanguage\":\"es\",\"potentialAction\":[{\"@type\":\"ReadAction\",\"target\":[\"https:\\\/\\\/diariotextual.com\\\/inicio\\\/index.php\\\/2020\\\/07\\\/22\\\/vicentin-claudio-lozano-rechazo-la-propuesta-del-gobernador-santa-fe\\\/\"]}]},{\"@type\":\"ImageObject\",\"inLanguage\":\"es\",\"@id\":\"https:\\\/\\\/diariotextual.com\\\/inicio\\\/index.php\\\/2020\\\/07\\\/22\\\/vicentin-claudio-lozano-rechazo-la-propuesta-del-gobernador-santa-fe\\\/#primaryimage\",\"url\":\"https:\\\/\\\/diariotextual.com\\\/inicio\\\/wp-content\\\/uploads\\\/2020\\\/06\\\/vicentintelam2020-11.jpg\",\"contentUrl\":\"https:\\\/\\\/diariotextual.com\\\/inicio\\\/wp-content\\\/uploads\\\/2020\\\/06\\\/vicentintelam2020-11.jpg\",\"width\":1109,\"height\":768,\"caption\":\"TELAM PLANTA VICENTIN EN SAN LORENZO FOTO SEBASTIAN GRANATA\"},{\"@type\":\"BreadcrumbList\",\"@id\":\"https:\\\/\\\/diariotextual.com\\\/inicio\\\/index.php\\\/2020\\\/07\\\/22\\\/vicentin-claudio-lozano-rechazo-la-propuesta-del-gobernador-santa-fe\\\/#breadcrumb\",\"itemListElement\":[{\"@type\":\"ListItem\",\"position\":1,\"name\":\"Portada\",\"item\":\"https:\\\/\\\/diariotextual.com\\\/inicio\\\/\"},{\"@type\":\"ListItem\",\"position\":2,\"name\":\"Vicent\u00edn: Claudio Lozano rechaz\u00f3 la propuesta del gobernador de Santa Fe\"}]},{\"@type\":\"WebSite\",\"@id\":\"https:\\\/\\\/diariotextual.com\\\/inicio\\\/#website\",\"url\":\"https:\\\/\\\/diariotextual.com\\\/inicio\\\/\",\"name\":\"Diario Textual\",\"description\":\"\",\"publisher\":{\"@id\":\"https:\\\/\\\/diariotextual.com\\\/inicio\\\/#organization\"},\"potentialAction\":[{\"@type\":\"SearchAction\",\"target\":{\"@type\":\"EntryPoint\",\"urlTemplate\":\"https:\\\/\\\/diariotextual.com\\\/inicio\\\/?s={search_term_string}\"},\"query-input\":{\"@type\":\"PropertyValueSpecification\",\"valueRequired\":true,\"valueName\":\"search_term_string\"}}],\"inLanguage\":\"es\"},{\"@type\":\"Organization\",\"@id\":\"https:\\\/\\\/diariotextual.com\\\/inicio\\\/#organization\",\"name\":\"Diario Textual\",\"url\":\"https:\\\/\\\/diariotextual.com\\\/inicio\\\/\",\"logo\":{\"@type\":\"ImageObject\",\"inLanguage\":\"es\",\"@id\":\"https:\\\/\\\/diariotextual.com\\\/inicio\\\/#\\\/schema\\\/logo\\\/image\\\/\",\"url\":\"https:\\\/\\\/diariotextual.com\\\/inicio\\\/wp-content\\\/uploads\\\/2023\\\/05\\\/logotextual1.jpg\",\"contentUrl\":\"https:\\\/\\\/diariotextual.com\\\/inicio\\\/wp-content\\\/uploads\\\/2023\\\/05\\\/logotextual1.jpg\",\"width\":516,\"height\":76,\"caption\":\"Diario Textual\"},\"image\":{\"@id\":\"https:\\\/\\\/diariotextual.com\\\/inicio\\\/#\\\/schema\\\/logo\\\/image\\\/\"},\"sameAs\":[\"https:\\\/\\\/www.facebook.com\\\/eltextual\",\"https:\\\/\\\/x.com\\\/eltextual\",\"http:\\\/\\\/www.instagram.com\\\/eltextual\"]},{\"@type\":\"Person\",\"@id\":\"https:\\\/\\\/diariotextual.com\\\/inicio\\\/#\\\/schema\\\/person\\\/a1b6f563e0ee944c60f98119389a4d9f\",\"name\":\"diario3\",\"image\":{\"@type\":\"ImageObject\",\"inLanguage\":\"es\",\"@id\":\"https:\\\/\\\/secure.gravatar.com\\\/avatar\\\/5e7ee62c82fc04d9dd79d746a390d93c69c43223e5faeeb3ea9461ef752bfc5d?s=96&d=mm&r=g\",\"url\":\"https:\\\/\\\/secure.gravatar.com\\\/avatar\\\/5e7ee62c82fc04d9dd79d746a390d93c69c43223e5faeeb3ea9461ef752bfc5d?s=96&d=mm&r=g\",\"contentUrl\":\"https:\\\/\\\/secure.gravatar.com\\\/avatar\\\/5e7ee62c82fc04d9dd79d746a390d93c69c43223e5faeeb3ea9461ef752bfc5d?s=96&d=mm&r=g\",\"caption\":\"diario3\"},\"url\":\"https:\\\/\\\/diariotextual.com\\\/inicio\\\/index.php\\\/author\\\/diario3\\\/\"}]}<\/script>\n<!-- \/ Yoast SEO plugin. -->","yoast_head_json":{"title":"Vicent\u00edn: Claudio Lozano rechaz\u00f3 la propuesta del gobernador de Santa Fe - Diario Textual","robots":{"index":"index","follow":"follow","max-snippet":"max-snippet:-1","max-image-preview":"max-image-preview:large","max-video-preview":"max-video-preview:-1"},"canonical":"https:\/\/diariotextual.com\/inicio\/index.php\/2020\/07\/22\/vicentin-claudio-lozano-rechazo-la-propuesta-del-gobernador-santa-fe\/","og_locale":"es_ES","og_type":"article","og_title":"Vicent\u00edn: Claudio Lozano rechaz\u00f3 la propuesta del gobernador de Santa Fe - Diario Textual","og_description":"El director del Banco Naci\u00f3n, Claudio Lozano, advirti\u00f3 que el nuevo plan en estudio para Vicentin, propuesta por el gobernador de Santa Fe Omar Perotti, no evita la entranjerizaci\u00f3n y&hellip;","og_url":"https:\/\/diariotextual.com\/inicio\/index.php\/2020\/07\/22\/vicentin-claudio-lozano-rechazo-la-propuesta-del-gobernador-santa-fe\/","og_site_name":"Diario Textual","article_publisher":"https:\/\/www.facebook.com\/eltextual","article_published_time":"2020-07-22T13:42:45+00:00","article_modified_time":"2020-07-22T16:01:52+00:00","og_image":[{"width":1109,"height":768,"url":"https:\/\/diariotextual.com\/inicio\/wp-content\/uploads\/2020\/06\/vicentintelam2020-11.jpg","type":"image\/jpeg"}],"author":"diario3","twitter_card":"summary_large_image","twitter_creator":"@eltextual","twitter_site":"@eltextual","twitter_misc":{"Escrito por":"diario3","Tiempo de lectura":"2 minutos"},"schema":{"@context":"https:\/\/schema.org","@graph":[{"@type":"Article","@id":"https:\/\/diariotextual.com\/inicio\/index.php\/2020\/07\/22\/vicentin-claudio-lozano-rechazo-la-propuesta-del-gobernador-santa-fe\/#article","isPartOf":{"@id":"https:\/\/diariotextual.com\/inicio\/index.php\/2020\/07\/22\/vicentin-claudio-lozano-rechazo-la-propuesta-del-gobernador-santa-fe\/"},"author":{"name":"diario3","@id":"https:\/\/diariotextual.com\/inicio\/#\/schema\/person\/a1b6f563e0ee944c60f98119389a4d9f"},"headline":"Vicent\u00edn: Claudio Lozano rechaz\u00f3 la propuesta del gobernador de Santa Fe","datePublished":"2020-07-22T13:42:45+00:00","dateModified":"2020-07-22T16:01:52+00:00","mainEntityOfPage":{"@id":"https:\/\/diariotextual.com\/inicio\/index.php\/2020\/07\/22\/vicentin-claudio-lozano-rechazo-la-propuesta-del-gobernador-santa-fe\/"},"wordCount":397,"publisher":{"@id":"https:\/\/diariotextual.com\/inicio\/#organization"},"image":{"@id":"https:\/\/diariotextual.com\/inicio\/index.php\/2020\/07\/22\/vicentin-claudio-lozano-rechazo-la-propuesta-del-gobernador-santa-fe\/#primaryimage"},"thumbnailUrl":"https:\/\/diariotextual.com\/inicio\/wp-content\/uploads\/2020\/06\/vicentintelam2020-11.jpg","keywords":["vicentin"],"articleSection":["A - QUE PASA (al costado)","ECONOMIA"],"inLanguage":"es"},{"@type":"WebPage","@id":"https:\/\/diariotextual.com\/inicio\/index.php\/2020\/07\/22\/vicentin-claudio-lozano-rechazo-la-propuesta-del-gobernador-santa-fe\/","url":"https:\/\/diariotextual.com\/inicio\/index.php\/2020\/07\/22\/vicentin-claudio-lozano-rechazo-la-propuesta-del-gobernador-santa-fe\/","name":"Vicent\u00edn: Claudio Lozano rechaz\u00f3 la propuesta del gobernador de Santa Fe - Diario Textual","isPartOf":{"@id":"https:\/\/diariotextual.com\/inicio\/#website"},"primaryImageOfPage":{"@id":"https:\/\/diariotextual.com\/inicio\/index.php\/2020\/07\/22\/vicentin-claudio-lozano-rechazo-la-propuesta-del-gobernador-santa-fe\/#primaryimage"},"image":{"@id":"https:\/\/diariotextual.com\/inicio\/index.php\/2020\/07\/22\/vicentin-claudio-lozano-rechazo-la-propuesta-del-gobernador-santa-fe\/#primaryimage"},"thumbnailUrl":"https:\/\/diariotextual.com\/inicio\/wp-content\/uploads\/2020\/06\/vicentintelam2020-11.jpg","datePublished":"2020-07-22T13:42:45+00:00","dateModified":"2020-07-22T16:01:52+00:00","breadcrumb":{"@id":"https:\/\/diariotextual.com\/inicio\/index.php\/2020\/07\/22\/vicentin-claudio-lozano-rechazo-la-propuesta-del-gobernador-santa-fe\/#breadcrumb"},"inLanguage":"es","potentialAction":[{"@type":"ReadAction","target":["https:\/\/diariotextual.com\/inicio\/index.php\/2020\/07\/22\/vicentin-claudio-lozano-rechazo-la-propuesta-del-gobernador-santa-fe\/"]}]},{"@type":"ImageObject","inLanguage":"es","@id":"https:\/\/diariotextual.com\/inicio\/index.php\/2020\/07\/22\/vicentin-claudio-lozano-rechazo-la-propuesta-del-gobernador-santa-fe\/#primaryimage","url":"https:\/\/diariotextual.com\/inicio\/wp-content\/uploads\/2020\/06\/vicentintelam2020-11.jpg","contentUrl":"https:\/\/diariotextual.com\/inicio\/wp-content\/uploads\/2020\/06\/vicentintelam2020-11.jpg","width":1109,"height":768,"caption":"TELAM PLANTA VICENTIN EN SAN LORENZO FOTO SEBASTIAN GRANATA"},{"@type":"BreadcrumbList","@id":"https:\/\/diariotextual.com\/inicio\/index.php\/2020\/07\/22\/vicentin-claudio-lozano-rechazo-la-propuesta-del-gobernador-santa-fe\/#breadcrumb","itemListElement":[{"@type":"ListItem","position":1,"name":"Portada","item":"https:\/\/diariotextual.com\/inicio\/"},{"@type":"ListItem","position":2,"name":"Vicent\u00edn: Claudio Lozano rechaz\u00f3 la propuesta del gobernador de Santa Fe"}]},{"@type":"WebSite","@id":"https:\/\/diariotextual.com\/inicio\/#website","url":"https:\/\/diariotextual.com\/inicio\/","name":"Diario Textual","description":"","publisher":{"@id":"https:\/\/diariotextual.com\/inicio\/#organization"},"potentialAction":[{"@type":"SearchAction","target":{"@type":"EntryPoint","urlTemplate":"https:\/\/diariotextual.com\/inicio\/?s={search_term_string}"},"query-input":{"@type":"PropertyValueSpecification","valueRequired":true,"valueName":"search_term_string"}}],"inLanguage":"es"},{"@type":"Organization","@id":"https:\/\/diariotextual.com\/inicio\/#organization","name":"Diario Textual","url":"https:\/\/diariotextual.com\/inicio\/","logo":{"@type":"ImageObject","inLanguage":"es","@id":"https:\/\/diariotextual.com\/inicio\/#\/schema\/logo\/image\/","url":"https:\/\/diariotextual.com\/inicio\/wp-content\/uploads\/2023\/05\/logotextual1.jpg","contentUrl":"https:\/\/diariotextual.com\/inicio\/wp-content\/uploads\/2023\/05\/logotextual1.jpg","width":516,"height":76,"caption":"Diario Textual"},"image":{"@id":"https:\/\/diariotextual.com\/inicio\/#\/schema\/logo\/image\/"},"sameAs":["https:\/\/www.facebook.com\/eltextual","https:\/\/x.com\/eltextual","http:\/\/www.instagram.com\/eltextual"]},{"@type":"Person","@id":"https:\/\/diariotextual.com\/inicio\/#\/schema\/person\/a1b6f563e0ee944c60f98119389a4d9f","name":"diario3","image":{"@type":"ImageObject","inLanguage":"es","@id":"https:\/\/secure.gravatar.com\/avatar\/5e7ee62c82fc04d9dd79d746a390d93c69c43223e5faeeb3ea9461ef752bfc5d?s=96&d=mm&r=g","url":"https:\/\/secure.gravatar.com\/avatar\/5e7ee62c82fc04d9dd79d746a390d93c69c43223e5faeeb3ea9461ef752bfc5d?s=96&d=mm&r=g","contentUrl":"https:\/\/secure.gravatar.com\/avatar\/5e7ee62c82fc04d9dd79d746a390d93c69c43223e5faeeb3ea9461ef752bfc5d?s=96&d=mm&r=g","caption":"diario3"},"url":"https:\/\/diariotextual.com\/inicio\/index.php\/author\/diario3\/"}]}},"_links":{"self":[{"href":"https:\/\/diariotextual.com\/inicio\/index.php\/wp-json\/wp\/v2\/posts\/102322","targetHints":{"allow":["GET"]}}],"collection":[{"href":"https:\/\/diariotextual.com\/inicio\/index.php\/wp-json\/wp\/v2\/posts"}],"about":[{"href":"https:\/\/diariotextual.com\/inicio\/index.php\/wp-json\/wp\/v2\/types\/post"}],"author":[{"embeddable":true,"href":"https:\/\/diariotextual.com\/inicio\/index.php\/wp-json\/wp\/v2\/users\/5"}],"replies":[{"embeddable":true,"href":"https:\/\/diariotextual.com\/inicio\/index.php\/wp-json\/wp\/v2\/comments?post=102322"}],"version-history":[{"count":1,"href":"https:\/\/diariotextual.com\/inicio\/index.php\/wp-json\/wp\/v2\/posts\/102322\/revisions"}],"predecessor-version":[{"id":102324,"href":"https:\/\/diariotextual.com\/inicio\/index.php\/wp-json\/wp\/v2\/posts\/102322\/revisions\/102324"}],"wp:featuredmedia":[{"embeddable":true,"href":"https:\/\/diariotextual.com\/inicio\/index.php\/wp-json\/wp\/v2\/media\/98975"}],"wp:attachment":[{"href":"https:\/\/diariotextual.com\/inicio\/index.php\/wp-json\/wp\/v2\/media?parent=102322"}],"wp:term":[{"taxonomy":"category","embeddable":true,"href":"https:\/\/diariotextual.com\/inicio\/index.php\/wp-json\/wp\/v2\/categories?post=102322"},{"taxonomy":"post_tag","embeddable":true,"href":"https:\/\/diariotextual.com\/inicio\/index.php\/wp-json\/wp\/v2\/tags?post=102322"}],"curies":[{"name":"wp","href":"https:\/\/api.w.org\/{rel}","templated":true}]}}