{"id":102529,"date":"2020-07-23T12:32:26","date_gmt":"2020-07-23T15:32:26","guid":{"rendered":"http:\/\/diariotextual.com\/inicio\/?p=102529"},"modified":"2020-07-24T10:00:11","modified_gmt":"2020-07-24T13:00:11","slug":"la-pampa-habilito-la-hoteleria-turismo-interno","status":"publish","type":"post","link":"https:\/\/diariotextual.com\/inicio\/index.php\/2020\/07\/23\/la-pampa-habilito-la-hoteleria-turismo-interno\/","title":{"rendered":"La Pampa habilit\u00f3 el turismo interno y los hoteles"},"content":{"rendered":"<p>El Gobierno provincial habilit\u00f3<strong>\u00a0los hoteles y establecimientos de alojamiento<\/strong> y tambi\u00e9n las <strong>actividades tur\u00edsticas en espacios abiertos y cerrados.<\/strong><\/p>\n<p>El Parque Luro reabre sus puertas y el ingreso ser\u00e1 exclusivamente con reserva previa, que se deber\u00e1 tramitar online.<\/p>\n<p>La solicitud para la apertura de hoteles y el reinicio de las actividades tur\u00edsticas ante el Gobierno nacional fue realizada por el gobernador Sergio Ziliotto a la Jefatura de Gabinete de Ministros de la Naci\u00f3n. Se autoriz\u00f3 a trav\u00e9s de la decisi\u00f3n administrativa 1267\/20.<\/p>\n<p>&nbsp;<\/p>\n<p><strong>Registros y protocolos<\/strong><\/p>\n<p>El decreto provincial que autoriza las actividades establece que \u201c\u00fanicamente podr\u00e1n funcionar en el marco de la habilitaci\u00f3n dispuesta por el presente aquellos hoteles y\/o establecimientos de alojamiento tur\u00edsticos que se encuentren inscriptos en el Registro Provincial de Alojamientos Tur\u00edsticos (R.P.A.T.)\u201d.<\/p>\n<p>Asimismo deber\u00e1n gestionar, previo a la apertura, la autorizaci\u00f3n individual otorgada por la Secretar\u00eda de Turismo de la Provincia previa evaluaci\u00f3n de su parte y de la Autoridad Sanitaria Provincial. El tr\u00e1mite se realizar\u00e1 en la p\u00e1gina web\u00a0<a href=\"http:\/\/registrohoteleria.lapamapa.gob.ar\/\">http:\/\/registrohoteleria.lapamapa.gob.ar<\/a>\u00a0, que estar\u00e1 operativa a partir de las 20 horas de hoy.<\/p>\n<p>Las actividades habilitadas deber\u00e1n cumplir con los protocolos de funcionamiento y sanitario epidemiol\u00f3gico elaborados para alojamientos y actividades tur\u00edsticas. Ambos fueron aprobados por las autoridades sanitarias provinciales y nacionales.<\/p>\n<p>El Gobierno provincial, junto a las Autoridades Municipales -en el \u00e1mbito de sus competencias-, asumir\u00e1n las tareas de fiscalizaci\u00f3n necesarias para garantizar el cumplimiento del \u201cdistanciamiento social, preventivo y obligatorio\u201d, de los protocolos vigentes y de las normas dispuestas en el marco de la emergencia sanitaria y de sus normas complementarias.<\/p>\n<p><img fetchpriority=\"high\" decoding=\"async\" class=\"alignnone wp-image-44113 size-full\" src=\"http:\/\/diariotextual.com\/inicio\/wp-content\/uploads\/2019\/04\/salitralencantado22.jpg\" alt=\"\" width=\"960\" height=\"674\" srcset=\"https:\/\/diariotextual.com\/inicio\/wp-content\/uploads\/2019\/04\/salitralencantado22.jpg 960w, https:\/\/diariotextual.com\/inicio\/wp-content\/uploads\/2019\/04\/salitralencantado22-300x211.jpg 300w, https:\/\/diariotextual.com\/inicio\/wp-content\/uploads\/2019\/04\/salitralencantado22-768x539.jpg 768w, https:\/\/diariotextual.com\/inicio\/wp-content\/uploads\/2019\/04\/salitralencantado22-585x411.jpg 585w\" sizes=\"(max-width: 960px) 100vw, 960px\" \/><\/p>\n<p><strong>Hoteles afectados a la pandemia<\/strong><\/p>\n<p>Los hoteles y alojamientos afectados y contratados por el Estado provincial con el fin de alojar y\/o aislar personas que provienen de otras provincias o han sido confirmadas de COVID-19 y son asintom\u00e1ticas o poseen s\u00edntomas leves, seguir\u00e1n prestando servicios conforme el objeto de su afectaci\u00f3n y est\u00e1n exceptuados de la habilitaci\u00f3n que les permite el alojamiento con fines tur\u00edsticos.<\/p>\n<p>M\u00e1s all\u00e1 de que estos establecimientos han continuado trabajando durante la pandemia en funci\u00f3n de contratos celebrados con el Gobierno provincial, la excepci\u00f3n se funda en la decisi\u00f3n de no alojar en el mismo establecimiento personas que representan riesgo de contagio con quienes se alojan con fines de esparcimiento o turismo.<\/p>\n<p>&nbsp;<\/p>\n<p><strong>Abre el Parque Luro<\/strong><\/p>\n<p>Entre los lugares que reabrir\u00e1n sus puertas y comenzar\u00e1n a recibir visitantes est\u00e1 la Reserva Provincial Parque Luro, a la que \u00fanicamente podr\u00e1n acceder aquellas personas que hayan realizado una reserva previa (mediante registro individual o familiar) en el sitio\u00a0<a href=\"https:\/\/permisoturismo.lapampa.gob.ar\/\">https:\/\/permisoturismo.lapampa.gob.ar<\/a>,\u00a0 al que se podr\u00e1 acceder a partir de las 20 horas de hoy.<\/p>\n<p>Para el retorno de la actividad, se prev\u00e9 un cupo diario m\u00e1ximo de 200 visitantes, quienes tendr\u00e1n que estar previamente registrados y presentar el formulario impreso en la entrada del Parque. En cuanto a las visitas guiadas al Museo El Castillo y la Sala de Carruajes, se realizar\u00e1n con un m\u00e1ximo de hasta 5 personas por turno.<\/p>\n<p>El Parque Luro abrir\u00e1 sus puertas diariamente, de 11 a 17. Quienes no presenten el permiso correspondiente, no podr\u00e1n ingresar. Las actividades autorizadas son exclusivamente para quienes tengan domicilio legal en La Pampa.<\/p>\n<p>&nbsp;<\/p>\n<p>&nbsp;<\/p>\n","protected":false},"excerpt":{"rendered":"<p>El Gobierno provincial habilit\u00f3\u00a0los hoteles y establecimientos de alojamiento y tambi\u00e9n las actividades tur\u00edsticas en espacios abiertos y cerrados. El Parque Luro reabre sus puertas y el ingreso ser\u00e1 exclusivamente&hellip;<\/p>\n","protected":false},"author":7,"featured_media":96777,"comment_status":"closed","ping_status":"open","sticky":false,"template":"","format":"standard","meta":{"_acf_changed":false,"footnotes":""},"categories":[319,12],"tags":[3467,3404],"class_list":["post-102529","post","type-post","status-publish","format-standard","has-post-thumbnail","hentry","category-a-temporales","category-sociedad","tag-hoteleria","tag-turismo-interno"],"acf":[],"yoast_head":"<!-- This site is optimized with the Yoast SEO plugin v27.4 - https:\/\/yoast.com\/product\/yoast-seo-wordpress\/ -->\n<title>La Pampa habilit\u00f3 el turismo interno y los hoteles - Diario Textual<\/title>\n<meta name=\"robots\" content=\"index, follow, max-snippet:-1, max-image-preview:large, max-video-preview:-1\" \/>\n<link rel=\"canonical\" href=\"https:\/\/diariotextual.com\/inicio\/index.php\/2020\/07\/23\/la-pampa-habilito-la-hoteleria-turismo-interno\/\" \/>\n<meta property=\"og:locale\" content=\"es_ES\" \/>\n<meta property=\"og:type\" content=\"article\" \/>\n<meta property=\"og:title\" content=\"La Pampa habilit\u00f3 el turismo interno y los hoteles - Diario Textual\" \/>\n<meta property=\"og:description\" content=\"El Gobierno provincial habilit\u00f3\u00a0los hoteles y establecimientos de alojamiento y tambi\u00e9n las actividades tur\u00edsticas en espacios abiertos y cerrados. El Parque Luro reabre sus puertas y el ingreso ser\u00e1 exclusivamente&hellip;\" \/>\n<meta property=\"og:url\" content=\"https:\/\/diariotextual.com\/inicio\/index.php\/2020\/07\/23\/la-pampa-habilito-la-hoteleria-turismo-interno\/\" \/>\n<meta property=\"og:site_name\" content=\"Diario Textual\" \/>\n<meta property=\"article:publisher\" content=\"https:\/\/www.facebook.com\/eltextual\" \/>\n<meta property=\"article:published_time\" content=\"2020-07-23T15:32:26+00:00\" \/>\n<meta property=\"article:modified_time\" content=\"2020-07-24T13:00:11+00:00\" \/>\n<meta property=\"og:image\" content=\"https:\/\/diariotextual.com\/inicio\/wp-content\/uploads\/2020\/06\/riocoloradoturismo2.jpg\" \/>\n\t<meta property=\"og:image:width\" content=\"960\" \/>\n\t<meta property=\"og:image:height\" content=\"720\" \/>\n\t<meta property=\"og:image:type\" content=\"image\/jpeg\" \/>\n<meta name=\"author\" content=\"diario5\" \/>\n<meta name=\"twitter:card\" content=\"summary_large_image\" \/>\n<meta name=\"twitter:creator\" content=\"@eltextual\" \/>\n<meta name=\"twitter:site\" content=\"@eltextual\" \/>\n<meta name=\"twitter:label1\" content=\"Escrito por\" \/>\n\t<meta name=\"twitter:data1\" content=\"diario5\" \/>\n\t<meta name=\"twitter:label2\" content=\"Tiempo de lectura\" \/>\n\t<meta name=\"twitter:data2\" content=\"3 minutos\" \/>\n<script type=\"application\/ld+json\" class=\"yoast-schema-graph\">{\"@context\":\"https:\\\/\\\/schema.org\",\"@graph\":[{\"@type\":\"Article\",\"@id\":\"https:\\\/\\\/diariotextual.com\\\/inicio\\\/index.php\\\/2020\\\/07\\\/23\\\/la-pampa-habilito-la-hoteleria-turismo-interno\\\/#article\",\"isPartOf\":{\"@id\":\"https:\\\/\\\/diariotextual.com\\\/inicio\\\/index.php\\\/2020\\\/07\\\/23\\\/la-pampa-habilito-la-hoteleria-turismo-interno\\\/\"},\"author\":{\"name\":\"diario5\",\"@id\":\"https:\\\/\\\/diariotextual.com\\\/inicio\\\/#\\\/schema\\\/person\\\/c7834961ad8b29b1d9cdbf4571299067\"},\"headline\":\"La Pampa habilit\u00f3 el turismo interno y los hoteles\",\"datePublished\":\"2020-07-23T15:32:26+00:00\",\"dateModified\":\"2020-07-24T13:00:11+00:00\",\"mainEntityOfPage\":{\"@id\":\"https:\\\/\\\/diariotextual.com\\\/inicio\\\/index.php\\\/2020\\\/07\\\/23\\\/la-pampa-habilito-la-hoteleria-turismo-interno\\\/\"},\"wordCount\":580,\"publisher\":{\"@id\":\"https:\\\/\\\/diariotextual.com\\\/inicio\\\/#organization\"},\"image\":{\"@id\":\"https:\\\/\\\/diariotextual.com\\\/inicio\\\/index.php\\\/2020\\\/07\\\/23\\\/la-pampa-habilito-la-hoteleria-turismo-interno\\\/#primaryimage\"},\"thumbnailUrl\":\"https:\\\/\\\/diariotextual.com\\\/inicio\\\/wp-content\\\/uploads\\\/2020\\\/06\\\/riocoloradoturismo2.jpg\",\"keywords\":[\"hoteler\u00eda\",\"turismo interno\"],\"articleSection\":[\"A - TEMPORALES\",\"SOCIEDAD\"],\"inLanguage\":\"es\"},{\"@type\":\"WebPage\",\"@id\":\"https:\\\/\\\/diariotextual.com\\\/inicio\\\/index.php\\\/2020\\\/07\\\/23\\\/la-pampa-habilito-la-hoteleria-turismo-interno\\\/\",\"url\":\"https:\\\/\\\/diariotextual.com\\\/inicio\\\/index.php\\\/2020\\\/07\\\/23\\\/la-pampa-habilito-la-hoteleria-turismo-interno\\\/\",\"name\":\"La Pampa habilit\u00f3 el turismo interno y los hoteles - Diario Textual\",\"isPartOf\":{\"@id\":\"https:\\\/\\\/diariotextual.com\\\/inicio\\\/#website\"},\"primaryImageOfPage\":{\"@id\":\"https:\\\/\\\/diariotextual.com\\\/inicio\\\/index.php\\\/2020\\\/07\\\/23\\\/la-pampa-habilito-la-hoteleria-turismo-interno\\\/#primaryimage\"},\"image\":{\"@id\":\"https:\\\/\\\/diariotextual.com\\\/inicio\\\/index.php\\\/2020\\\/07\\\/23\\\/la-pampa-habilito-la-hoteleria-turismo-interno\\\/#primaryimage\"},\"thumbnailUrl\":\"https:\\\/\\\/diariotextual.com\\\/inicio\\\/wp-content\\\/uploads\\\/2020\\\/06\\\/riocoloradoturismo2.jpg\",\"datePublished\":\"2020-07-23T15:32:26+00:00\",\"dateModified\":\"2020-07-24T13:00:11+00:00\",\"breadcrumb\":{\"@id\":\"https:\\\/\\\/diariotextual.com\\\/inicio\\\/index.php\\\/2020\\\/07\\\/23\\\/la-pampa-habilito-la-hoteleria-turismo-interno\\\/#breadcrumb\"},\"inLanguage\":\"es\",\"potentialAction\":[{\"@type\":\"ReadAction\",\"target\":[\"https:\\\/\\\/diariotextual.com\\\/inicio\\\/index.php\\\/2020\\\/07\\\/23\\\/la-pampa-habilito-la-hoteleria-turismo-interno\\\/\"]}]},{\"@type\":\"ImageObject\",\"inLanguage\":\"es\",\"@id\":\"https:\\\/\\\/diariotextual.com\\\/inicio\\\/index.php\\\/2020\\\/07\\\/23\\\/la-pampa-habilito-la-hoteleria-turismo-interno\\\/#primaryimage\",\"url\":\"https:\\\/\\\/diariotextual.com\\\/inicio\\\/wp-content\\\/uploads\\\/2020\\\/06\\\/riocoloradoturismo2.jpg\",\"contentUrl\":\"https:\\\/\\\/diariotextual.com\\\/inicio\\\/wp-content\\\/uploads\\\/2020\\\/06\\\/riocoloradoturismo2.jpg\",\"width\":960,\"height\":720},{\"@type\":\"BreadcrumbList\",\"@id\":\"https:\\\/\\\/diariotextual.com\\\/inicio\\\/index.php\\\/2020\\\/07\\\/23\\\/la-pampa-habilito-la-hoteleria-turismo-interno\\\/#breadcrumb\",\"itemListElement\":[{\"@type\":\"ListItem\",\"position\":1,\"name\":\"Portada\",\"item\":\"https:\\\/\\\/diariotextual.com\\\/inicio\\\/\"},{\"@type\":\"ListItem\",\"position\":2,\"name\":\"La Pampa habilit\u00f3 el turismo interno y los hoteles\"}]},{\"@type\":\"WebSite\",\"@id\":\"https:\\\/\\\/diariotextual.com\\\/inicio\\\/#website\",\"url\":\"https:\\\/\\\/diariotextual.com\\\/inicio\\\/\",\"name\":\"Diario Textual\",\"description\":\"\",\"publisher\":{\"@id\":\"https:\\\/\\\/diariotextual.com\\\/inicio\\\/#organization\"},\"potentialAction\":[{\"@type\":\"SearchAction\",\"target\":{\"@type\":\"EntryPoint\",\"urlTemplate\":\"https:\\\/\\\/diariotextual.com\\\/inicio\\\/?s={search_term_string}\"},\"query-input\":{\"@type\":\"PropertyValueSpecification\",\"valueRequired\":true,\"valueName\":\"search_term_string\"}}],\"inLanguage\":\"es\"},{\"@type\":\"Organization\",\"@id\":\"https:\\\/\\\/diariotextual.com\\\/inicio\\\/#organization\",\"name\":\"Diario Textual\",\"url\":\"https:\\\/\\\/diariotextual.com\\\/inicio\\\/\",\"logo\":{\"@type\":\"ImageObject\",\"inLanguage\":\"es\",\"@id\":\"https:\\\/\\\/diariotextual.com\\\/inicio\\\/#\\\/schema\\\/logo\\\/image\\\/\",\"url\":\"https:\\\/\\\/diariotextual.com\\\/inicio\\\/wp-content\\\/uploads\\\/2023\\\/05\\\/logotextual1.jpg\",\"contentUrl\":\"https:\\\/\\\/diariotextual.com\\\/inicio\\\/wp-content\\\/uploads\\\/2023\\\/05\\\/logotextual1.jpg\",\"width\":516,\"height\":76,\"caption\":\"Diario Textual\"},\"image\":{\"@id\":\"https:\\\/\\\/diariotextual.com\\\/inicio\\\/#\\\/schema\\\/logo\\\/image\\\/\"},\"sameAs\":[\"https:\\\/\\\/www.facebook.com\\\/eltextual\",\"https:\\\/\\\/x.com\\\/eltextual\",\"http:\\\/\\\/www.instagram.com\\\/eltextual\"]},{\"@type\":\"Person\",\"@id\":\"https:\\\/\\\/diariotextual.com\\\/inicio\\\/#\\\/schema\\\/person\\\/c7834961ad8b29b1d9cdbf4571299067\",\"name\":\"diario5\",\"image\":{\"@type\":\"ImageObject\",\"inLanguage\":\"es\",\"@id\":\"https:\\\/\\\/secure.gravatar.com\\\/avatar\\\/948c893b847ca6df68216ead81b63f363408ec9b0f600fefc0641ce78613b111?s=96&d=mm&r=g\",\"url\":\"https:\\\/\\\/secure.gravatar.com\\\/avatar\\\/948c893b847ca6df68216ead81b63f363408ec9b0f600fefc0641ce78613b111?s=96&d=mm&r=g\",\"contentUrl\":\"https:\\\/\\\/secure.gravatar.com\\\/avatar\\\/948c893b847ca6df68216ead81b63f363408ec9b0f600fefc0641ce78613b111?s=96&d=mm&r=g\",\"caption\":\"diario5\"},\"url\":\"https:\\\/\\\/diariotextual.com\\\/inicio\\\/index.php\\\/author\\\/diario5\\\/\"}]}<\/script>\n<!-- \/ Yoast SEO plugin. -->","yoast_head_json":{"title":"La Pampa habilit\u00f3 el turismo interno y los hoteles - Diario Textual","robots":{"index":"index","follow":"follow","max-snippet":"max-snippet:-1","max-image-preview":"max-image-preview:large","max-video-preview":"max-video-preview:-1"},"canonical":"https:\/\/diariotextual.com\/inicio\/index.php\/2020\/07\/23\/la-pampa-habilito-la-hoteleria-turismo-interno\/","og_locale":"es_ES","og_type":"article","og_title":"La Pampa habilit\u00f3 el turismo interno y los hoteles - Diario Textual","og_description":"El Gobierno provincial habilit\u00f3\u00a0los hoteles y establecimientos de alojamiento y tambi\u00e9n las actividades tur\u00edsticas en espacios abiertos y cerrados. El Parque Luro reabre sus puertas y el ingreso ser\u00e1 exclusivamente&hellip;","og_url":"https:\/\/diariotextual.com\/inicio\/index.php\/2020\/07\/23\/la-pampa-habilito-la-hoteleria-turismo-interno\/","og_site_name":"Diario Textual","article_publisher":"https:\/\/www.facebook.com\/eltextual","article_published_time":"2020-07-23T15:32:26+00:00","article_modified_time":"2020-07-24T13:00:11+00:00","og_image":[{"width":960,"height":720,"url":"https:\/\/diariotextual.com\/inicio\/wp-content\/uploads\/2020\/06\/riocoloradoturismo2.jpg","type":"image\/jpeg"}],"author":"diario5","twitter_card":"summary_large_image","twitter_creator":"@eltextual","twitter_site":"@eltextual","twitter_misc":{"Escrito por":"diario5","Tiempo de lectura":"3 minutos"},"schema":{"@context":"https:\/\/schema.org","@graph":[{"@type":"Article","@id":"https:\/\/diariotextual.com\/inicio\/index.php\/2020\/07\/23\/la-pampa-habilito-la-hoteleria-turismo-interno\/#article","isPartOf":{"@id":"https:\/\/diariotextual.com\/inicio\/index.php\/2020\/07\/23\/la-pampa-habilito-la-hoteleria-turismo-interno\/"},"author":{"name":"diario5","@id":"https:\/\/diariotextual.com\/inicio\/#\/schema\/person\/c7834961ad8b29b1d9cdbf4571299067"},"headline":"La Pampa habilit\u00f3 el turismo interno y los hoteles","datePublished":"2020-07-23T15:32:26+00:00","dateModified":"2020-07-24T13:00:11+00:00","mainEntityOfPage":{"@id":"https:\/\/diariotextual.com\/inicio\/index.php\/2020\/07\/23\/la-pampa-habilito-la-hoteleria-turismo-interno\/"},"wordCount":580,"publisher":{"@id":"https:\/\/diariotextual.com\/inicio\/#organization"},"image":{"@id":"https:\/\/diariotextual.com\/inicio\/index.php\/2020\/07\/23\/la-pampa-habilito-la-hoteleria-turismo-interno\/#primaryimage"},"thumbnailUrl":"https:\/\/diariotextual.com\/inicio\/wp-content\/uploads\/2020\/06\/riocoloradoturismo2.jpg","keywords":["hoteler\u00eda","turismo interno"],"articleSection":["A - TEMPORALES","SOCIEDAD"],"inLanguage":"es"},{"@type":"WebPage","@id":"https:\/\/diariotextual.com\/inicio\/index.php\/2020\/07\/23\/la-pampa-habilito-la-hoteleria-turismo-interno\/","url":"https:\/\/diariotextual.com\/inicio\/index.php\/2020\/07\/23\/la-pampa-habilito-la-hoteleria-turismo-interno\/","name":"La Pampa habilit\u00f3 el turismo interno y los hoteles - Diario Textual","isPartOf":{"@id":"https:\/\/diariotextual.com\/inicio\/#website"},"primaryImageOfPage":{"@id":"https:\/\/diariotextual.com\/inicio\/index.php\/2020\/07\/23\/la-pampa-habilito-la-hoteleria-turismo-interno\/#primaryimage"},"image":{"@id":"https:\/\/diariotextual.com\/inicio\/index.php\/2020\/07\/23\/la-pampa-habilito-la-hoteleria-turismo-interno\/#primaryimage"},"thumbnailUrl":"https:\/\/diariotextual.com\/inicio\/wp-content\/uploads\/2020\/06\/riocoloradoturismo2.jpg","datePublished":"2020-07-23T15:32:26+00:00","dateModified":"2020-07-24T13:00:11+00:00","breadcrumb":{"@id":"https:\/\/diariotextual.com\/inicio\/index.php\/2020\/07\/23\/la-pampa-habilito-la-hoteleria-turismo-interno\/#breadcrumb"},"inLanguage":"es","potentialAction":[{"@type":"ReadAction","target":["https:\/\/diariotextual.com\/inicio\/index.php\/2020\/07\/23\/la-pampa-habilito-la-hoteleria-turismo-interno\/"]}]},{"@type":"ImageObject","inLanguage":"es","@id":"https:\/\/diariotextual.com\/inicio\/index.php\/2020\/07\/23\/la-pampa-habilito-la-hoteleria-turismo-interno\/#primaryimage","url":"https:\/\/diariotextual.com\/inicio\/wp-content\/uploads\/2020\/06\/riocoloradoturismo2.jpg","contentUrl":"https:\/\/diariotextual.com\/inicio\/wp-content\/uploads\/2020\/06\/riocoloradoturismo2.jpg","width":960,"height":720},{"@type":"BreadcrumbList","@id":"https:\/\/diariotextual.com\/inicio\/index.php\/2020\/07\/23\/la-pampa-habilito-la-hoteleria-turismo-interno\/#breadcrumb","itemListElement":[{"@type":"ListItem","position":1,"name":"Portada","item":"https:\/\/diariotextual.com\/inicio\/"},{"@type":"ListItem","position":2,"name":"La Pampa habilit\u00f3 el turismo interno y los hoteles"}]},{"@type":"WebSite","@id":"https:\/\/diariotextual.com\/inicio\/#website","url":"https:\/\/diariotextual.com\/inicio\/","name":"Diario Textual","description":"","publisher":{"@id":"https:\/\/diariotextual.com\/inicio\/#organization"},"potentialAction":[{"@type":"SearchAction","target":{"@type":"EntryPoint","urlTemplate":"https:\/\/diariotextual.com\/inicio\/?s={search_term_string}"},"query-input":{"@type":"PropertyValueSpecification","valueRequired":true,"valueName":"search_term_string"}}],"inLanguage":"es"},{"@type":"Organization","@id":"https:\/\/diariotextual.com\/inicio\/#organization","name":"Diario Textual","url":"https:\/\/diariotextual.com\/inicio\/","logo":{"@type":"ImageObject","inLanguage":"es","@id":"https:\/\/diariotextual.com\/inicio\/#\/schema\/logo\/image\/","url":"https:\/\/diariotextual.com\/inicio\/wp-content\/uploads\/2023\/05\/logotextual1.jpg","contentUrl":"https:\/\/diariotextual.com\/inicio\/wp-content\/uploads\/2023\/05\/logotextual1.jpg","width":516,"height":76,"caption":"Diario Textual"},"image":{"@id":"https:\/\/diariotextual.com\/inicio\/#\/schema\/logo\/image\/"},"sameAs":["https:\/\/www.facebook.com\/eltextual","https:\/\/x.com\/eltextual","http:\/\/www.instagram.com\/eltextual"]},{"@type":"Person","@id":"https:\/\/diariotextual.com\/inicio\/#\/schema\/person\/c7834961ad8b29b1d9cdbf4571299067","name":"diario5","image":{"@type":"ImageObject","inLanguage":"es","@id":"https:\/\/secure.gravatar.com\/avatar\/948c893b847ca6df68216ead81b63f363408ec9b0f600fefc0641ce78613b111?s=96&d=mm&r=g","url":"https:\/\/secure.gravatar.com\/avatar\/948c893b847ca6df68216ead81b63f363408ec9b0f600fefc0641ce78613b111?s=96&d=mm&r=g","contentUrl":"https:\/\/secure.gravatar.com\/avatar\/948c893b847ca6df68216ead81b63f363408ec9b0f600fefc0641ce78613b111?s=96&d=mm&r=g","caption":"diario5"},"url":"https:\/\/diariotextual.com\/inicio\/index.php\/author\/diario5\/"}]}},"_links":{"self":[{"href":"https:\/\/diariotextual.com\/inicio\/index.php\/wp-json\/wp\/v2\/posts\/102529","targetHints":{"allow":["GET"]}}],"collection":[{"href":"https:\/\/diariotextual.com\/inicio\/index.php\/wp-json\/wp\/v2\/posts"}],"about":[{"href":"https:\/\/diariotextual.com\/inicio\/index.php\/wp-json\/wp\/v2\/types\/post"}],"author":[{"embeddable":true,"href":"https:\/\/diariotextual.com\/inicio\/index.php\/wp-json\/wp\/v2\/users\/7"}],"replies":[{"embeddable":true,"href":"https:\/\/diariotextual.com\/inicio\/index.php\/wp-json\/wp\/v2\/comments?post=102529"}],"version-history":[{"count":4,"href":"https:\/\/diariotextual.com\/inicio\/index.php\/wp-json\/wp\/v2\/posts\/102529\/revisions"}],"predecessor-version":[{"id":102533,"href":"https:\/\/diariotextual.com\/inicio\/index.php\/wp-json\/wp\/v2\/posts\/102529\/revisions\/102533"}],"wp:featuredmedia":[{"embeddable":true,"href":"https:\/\/diariotextual.com\/inicio\/index.php\/wp-json\/wp\/v2\/media\/96777"}],"wp:attachment":[{"href":"https:\/\/diariotextual.com\/inicio\/index.php\/wp-json\/wp\/v2\/media?parent=102529"}],"wp:term":[{"taxonomy":"category","embeddable":true,"href":"https:\/\/diariotextual.com\/inicio\/index.php\/wp-json\/wp\/v2\/categories?post=102529"},{"taxonomy":"post_tag","embeddable":true,"href":"https:\/\/diariotextual.com\/inicio\/index.php\/wp-json\/wp\/v2\/tags?post=102529"}],"curies":[{"name":"wp","href":"https:\/\/api.w.org\/{rel}","templated":true}]}}