{"id":102581,"date":"2020-07-23T20:27:54","date_gmt":"2020-07-23T23:27:54","guid":{"rendered":"http:\/\/diariotextual.com\/inicio\/?p=102581"},"modified":"2020-07-23T23:56:48","modified_gmt":"2020-07-24T02:56:48","slug":"catrilo-vuelve-fase-1-dos-positivos-cuarentena-estricta-al-menos-30-aislados","status":"publish","type":"post","link":"https:\/\/diariotextual.com\/inicio\/index.php\/2020\/07\/23\/catrilo-vuelve-fase-1-dos-positivos-cuarentena-estricta-al-menos-30-aislados\/","title":{"rendered":"Catril\u00f3 volvi\u00f3 a Fase 1: dos positivos, cuarentena estricta y al menos 30 aislados"},"content":{"rendered":"<p><strong>El pueblo de Catril\u00f3 retrocedi\u00f3 al inicio de la cuarentena<\/strong>: por <a href=\"http:\/\/diariotextual.com\/inicio\/index.php\/2020\/07\/23\/dos-nuevos-positivos-coronavirus-la-pampa\/\" target=\"_blank\" rel=\"noopener\"><strong>dos casos positivos de coronavirus detectados<\/strong> <\/a>hoy, el Gobierno provincial decidi\u00f3 que<strong> toda la localidad vuelva a Fase 1<\/strong>. De esta manera, <strong>la restricci\u00f3n de circulaci\u00f3n es total y solo estar\u00e1n abiertos locales de\u00a0 negocios de ventas de alimentos y farmacias.<\/strong><\/p>\n<p><strong>Hay 30 contactos estrechos con los dos positivos.<\/strong> Todos ellos no pueden salir de sus casas.<\/p>\n<blockquote class=\"wp-embedded-content\" data-secret=\"QFFEOPEAvl\"><p><a href=\"http:\/\/diariotextual.com\/inicio\/index.php\/2020\/07\/23\/covid-12-catrilo-12-personas-fueron-aisladas-hoteles-santa-rosa\/\">Covid-12 en Catril\u00f3: 12 personas fueron aisladas en hoteles en Santa Rosa<\/a><\/p><\/blockquote>\n<p><iframe class=\"wp-embedded-content\" sandbox=\"allow-scripts\" security=\"restricted\" style=\"position: absolute; clip: rect(1px, 1px, 1px, 1px);\" src=\"http:\/\/diariotextual.com\/inicio\/index.php\/2020\/07\/23\/covid-12-catrilo-12-personas-fueron-aisladas-hoteles-santa-rosa\/embed\/#?secret=QFFEOPEAvl\" data-secret=\"QFFEOPEAvl\" width=\"600\" height=\"338\" title=\"&#171;Covid-12 en Catril\u00f3: 12 personas fueron aisladas en hoteles en Santa Rosa&#187; &#8212; Diario Textual\" frameborder=\"0\" marginwidth=\"0\" marginheight=\"0\" scrolling=\"no\"><\/iframe><\/p>\n<p>&nbsp;<\/p>\n<p>\u00abLa decisi\u00f3n del Gobierno provincial se basa en los dos casos positivos registrados en las \u00faltimas horas, y a que en una primera pesquisa epidemiol\u00f3gica se determin\u00f3 la existencia de al menos 30 contactos estrechos\u00bb, comunic\u00f3.<\/p>\n<p>Seg\u00fan inform\u00f3 el Gobierno,<strong> la medida posibilitar\u00e1 la actuaci\u00f3n exhaustiva de los equipos de salud que, en una primera intervenci\u00f3n, lograron determinar que los dos infectados tuvieron al menos 30 contactos estrechos.<\/strong><\/p>\n<p>La retracci\u00f3n a la Fase 1 de la cuarentena implica que<strong> solo estar\u00e1n habilitados los negocios de venta de alimentos y farmacias.<\/strong><\/p>\n<p>&nbsp;<\/p>\n<blockquote class=\"wp-embedded-content\" data-secret=\"nRMyyzQQOH\"><p><a href=\"http:\/\/diariotextual.com\/inicio\/index.php\/2020\/07\/23\/coronavirus-relmo-sin-policias-vecino-catrilo-los-vecinos-se-autocuidan\/\">Coronavirus: en Relmo, sin polic\u00edas y vecino a Catril\u00f3, los vecinos se autocuidan<\/a><\/p><\/blockquote>\n<p><iframe class=\"wp-embedded-content\" sandbox=\"allow-scripts\" security=\"restricted\" style=\"position: absolute; clip: rect(1px, 1px, 1px, 1px);\" src=\"http:\/\/diariotextual.com\/inicio\/index.php\/2020\/07\/23\/coronavirus-relmo-sin-policias-vecino-catrilo-los-vecinos-se-autocuidan\/embed\/#?secret=nRMyyzQQOH\" data-secret=\"nRMyyzQQOH\" width=\"600\" height=\"338\" title=\"&#171;Coronavirus: en Relmo, sin polic\u00edas y vecino a Catril\u00f3, los vecinos se autocuidan&#187; &#8212; Diario Textual\" frameborder=\"0\" marginwidth=\"0\" marginheight=\"0\" scrolling=\"no\"><\/iframe><\/p>\n<p>&nbsp;<\/p>\n<p>La restricci\u00f3n de la circulaci\u00f3n es total y los ciudadanos solo deben adquirir dichos productos indispensables en comercios barriales, que no impliquen mayores desplazamientos de sus domicilios.<\/p>\n<p><strong>Asimismo se prohibi\u00f3 la circulaci\u00f3n y permanencia en v\u00edas y espacios p\u00fablicos, a fin de prevenir la circulaci\u00f3n y el contagio del virus.<\/strong><\/p>\n<p>El Ministerio de Seguridad estableci\u00f3 en esta localidad un dispositivo especial para dar cumplimiento del r\u00e9gimen que establece la Fase 1.<\/p>\n<p>Lonquimay tambi\u00e9n est\u00e1 en alerta. \u00abLa cercan\u00eda entre Catril\u00f3 y Lonquimay hace necesario que se extremen las medidas de cuidado y el respeto a los protocolos en esta \u00faltima localidad. Si bien en Lonquimay no se han registrado casos positivos, ni sospechosos, la proximidad y el v\u00ednculo social y comercial con Catril\u00f3 imponen extremar la responsabilidad social en todos los \u00e1mbitos, para evitar una posible diseminaci\u00f3n del virus\u00bb, se comunic\u00f3.<\/p>\n<blockquote class=\"wp-embedded-content\" data-secret=\"FPziTDRQdw\"><p><a href=\"http:\/\/diariotextual.com\/inicio\/index.php\/2020\/07\/23\/dos-nuevos-positivos-coronavirus-la-pampa\/\">Hay dos positivos de coronavirus en Catril\u00f3<\/a><\/p><\/blockquote>\n<p><iframe class=\"wp-embedded-content\" sandbox=\"allow-scripts\" security=\"restricted\" style=\"position: absolute; clip: rect(1px, 1px, 1px, 1px);\" src=\"http:\/\/diariotextual.com\/inicio\/index.php\/2020\/07\/23\/dos-nuevos-positivos-coronavirus-la-pampa\/embed\/#?secret=FPziTDRQdw\" data-secret=\"FPziTDRQdw\" width=\"600\" height=\"338\" title=\"&#171;Hay dos positivos de coronavirus en Catril\u00f3&#187; &#8212; Diario Textual\" frameborder=\"0\" marginwidth=\"0\" marginheight=\"0\" scrolling=\"no\"><\/iframe><\/p>\n<p>&nbsp;<\/p>\n<p>&nbsp;<\/p>\n<p>&nbsp;<\/p>\n","protected":false},"excerpt":{"rendered":"<p>El pueblo de Catril\u00f3 retrocedi\u00f3 al inicio de la cuarentena: por dos casos positivos de coronavirus detectados hoy, el Gobierno provincial decidi\u00f3 que toda la localidad vuelva a Fase 1.&hellip;<\/p>\n","protected":false},"author":3,"featured_media":101129,"comment_status":"closed","ping_status":"open","sticky":false,"template":"","format":"standard","meta":{"_acf_changed":false,"footnotes":""},"categories":[12],"tags":[],"class_list":["post-102581","post","type-post","status-publish","format-standard","has-post-thumbnail","hentry","category-sociedad"],"acf":[],"yoast_head":"<!-- This site is optimized with the Yoast SEO plugin v27.4 - https:\/\/yoast.com\/product\/yoast-seo-wordpress\/ -->\n<title>Catril\u00f3 volvi\u00f3 a Fase 1: dos positivos, cuarentena estricta y al menos 30 aislados - Diario Textual<\/title>\n<meta name=\"robots\" content=\"index, follow, max-snippet:-1, max-image-preview:large, max-video-preview:-1\" \/>\n<link rel=\"canonical\" href=\"https:\/\/diariotextual.com\/inicio\/index.php\/2020\/07\/23\/catrilo-vuelve-fase-1-dos-positivos-cuarentena-estricta-al-menos-30-aislados\/\" \/>\n<meta property=\"og:locale\" content=\"es_ES\" \/>\n<meta property=\"og:type\" content=\"article\" \/>\n<meta property=\"og:title\" content=\"Catril\u00f3 volvi\u00f3 a Fase 1: dos positivos, cuarentena estricta y al menos 30 aislados - Diario Textual\" \/>\n<meta property=\"og:description\" content=\"El pueblo de Catril\u00f3 retrocedi\u00f3 al inicio de la cuarentena: por dos casos positivos de coronavirus detectados hoy, el Gobierno provincial decidi\u00f3 que toda la localidad vuelva a Fase 1.&hellip;\" \/>\n<meta property=\"og:url\" content=\"https:\/\/diariotextual.com\/inicio\/index.php\/2020\/07\/23\/catrilo-vuelve-fase-1-dos-positivos-cuarentena-estricta-al-menos-30-aislados\/\" \/>\n<meta property=\"og:site_name\" content=\"Diario Textual\" \/>\n<meta property=\"article:publisher\" content=\"https:\/\/www.facebook.com\/eltextual\" \/>\n<meta property=\"article:published_time\" content=\"2020-07-23T23:27:54+00:00\" \/>\n<meta property=\"article:modified_time\" content=\"2020-07-24T02:56:48+00:00\" \/>\n<meta property=\"og:image\" content=\"https:\/\/diariotextual.com\/inicio\/wp-content\/uploads\/2020\/07\/coronavirustelam2020-59.jpg\" \/>\n\t<meta property=\"og:image:width\" content=\"1152\" \/>\n\t<meta property=\"og:image:height\" content=\"768\" \/>\n\t<meta property=\"og:image:type\" content=\"image\/jpeg\" \/>\n<meta name=\"author\" content=\"Diario1 Diario1\" \/>\n<meta name=\"twitter:card\" content=\"summary_large_image\" \/>\n<meta name=\"twitter:creator\" content=\"@eltextual\" \/>\n<meta name=\"twitter:site\" content=\"@eltextual\" \/>\n<meta name=\"twitter:label1\" content=\"Escrito por\" \/>\n\t<meta name=\"twitter:data1\" content=\"Diario1 Diario1\" \/>\n\t<meta name=\"twitter:label2\" content=\"Tiempo de lectura\" \/>\n\t<meta name=\"twitter:data2\" content=\"2 minutos\" \/>\n<script type=\"application\/ld+json\" class=\"yoast-schema-graph\">{\"@context\":\"https:\\\/\\\/schema.org\",\"@graph\":[{\"@type\":\"Article\",\"@id\":\"https:\\\/\\\/diariotextual.com\\\/inicio\\\/index.php\\\/2020\\\/07\\\/23\\\/catrilo-vuelve-fase-1-dos-positivos-cuarentena-estricta-al-menos-30-aislados\\\/#article\",\"isPartOf\":{\"@id\":\"https:\\\/\\\/diariotextual.com\\\/inicio\\\/index.php\\\/2020\\\/07\\\/23\\\/catrilo-vuelve-fase-1-dos-positivos-cuarentena-estricta-al-menos-30-aislados\\\/\"},\"author\":{\"name\":\"Diario1 Diario1\",\"@id\":\"https:\\\/\\\/diariotextual.com\\\/inicio\\\/#\\\/schema\\\/person\\\/418fc4093c33e86ed41562db3508f958\"},\"headline\":\"Catril\u00f3 volvi\u00f3 a Fase 1: dos positivos, cuarentena estricta y al menos 30 aislados\",\"datePublished\":\"2020-07-23T23:27:54+00:00\",\"dateModified\":\"2020-07-24T02:56:48+00:00\",\"mainEntityOfPage\":{\"@id\":\"https:\\\/\\\/diariotextual.com\\\/inicio\\\/index.php\\\/2020\\\/07\\\/23\\\/catrilo-vuelve-fase-1-dos-positivos-cuarentena-estricta-al-menos-30-aislados\\\/\"},\"wordCount\":355,\"publisher\":{\"@id\":\"https:\\\/\\\/diariotextual.com\\\/inicio\\\/#organization\"},\"image\":{\"@id\":\"https:\\\/\\\/diariotextual.com\\\/inicio\\\/index.php\\\/2020\\\/07\\\/23\\\/catrilo-vuelve-fase-1-dos-positivos-cuarentena-estricta-al-menos-30-aislados\\\/#primaryimage\"},\"thumbnailUrl\":\"https:\\\/\\\/diariotextual.com\\\/inicio\\\/wp-content\\\/uploads\\\/2020\\\/07\\\/coronavirustelam2020-59.jpg\",\"articleSection\":[\"SOCIEDAD\"],\"inLanguage\":\"es\"},{\"@type\":\"WebPage\",\"@id\":\"https:\\\/\\\/diariotextual.com\\\/inicio\\\/index.php\\\/2020\\\/07\\\/23\\\/catrilo-vuelve-fase-1-dos-positivos-cuarentena-estricta-al-menos-30-aislados\\\/\",\"url\":\"https:\\\/\\\/diariotextual.com\\\/inicio\\\/index.php\\\/2020\\\/07\\\/23\\\/catrilo-vuelve-fase-1-dos-positivos-cuarentena-estricta-al-menos-30-aislados\\\/\",\"name\":\"Catril\u00f3 volvi\u00f3 a Fase 1: dos positivos, cuarentena estricta y al menos 30 aislados - Diario Textual\",\"isPartOf\":{\"@id\":\"https:\\\/\\\/diariotextual.com\\\/inicio\\\/#website\"},\"primaryImageOfPage\":{\"@id\":\"https:\\\/\\\/diariotextual.com\\\/inicio\\\/index.php\\\/2020\\\/07\\\/23\\\/catrilo-vuelve-fase-1-dos-positivos-cuarentena-estricta-al-menos-30-aislados\\\/#primaryimage\"},\"image\":{\"@id\":\"https:\\\/\\\/diariotextual.com\\\/inicio\\\/index.php\\\/2020\\\/07\\\/23\\\/catrilo-vuelve-fase-1-dos-positivos-cuarentena-estricta-al-menos-30-aislados\\\/#primaryimage\"},\"thumbnailUrl\":\"https:\\\/\\\/diariotextual.com\\\/inicio\\\/wp-content\\\/uploads\\\/2020\\\/07\\\/coronavirustelam2020-59.jpg\",\"datePublished\":\"2020-07-23T23:27:54+00:00\",\"dateModified\":\"2020-07-24T02:56:48+00:00\",\"breadcrumb\":{\"@id\":\"https:\\\/\\\/diariotextual.com\\\/inicio\\\/index.php\\\/2020\\\/07\\\/23\\\/catrilo-vuelve-fase-1-dos-positivos-cuarentena-estricta-al-menos-30-aislados\\\/#breadcrumb\"},\"inLanguage\":\"es\",\"potentialAction\":[{\"@type\":\"ReadAction\",\"target\":[\"https:\\\/\\\/diariotextual.com\\\/inicio\\\/index.php\\\/2020\\\/07\\\/23\\\/catrilo-vuelve-fase-1-dos-positivos-cuarentena-estricta-al-menos-30-aislados\\\/\"]}]},{\"@type\":\"ImageObject\",\"inLanguage\":\"es\",\"@id\":\"https:\\\/\\\/diariotextual.com\\\/inicio\\\/index.php\\\/2020\\\/07\\\/23\\\/catrilo-vuelve-fase-1-dos-positivos-cuarentena-estricta-al-menos-30-aislados\\\/#primaryimage\",\"url\":\"https:\\\/\\\/diariotextual.com\\\/inicio\\\/wp-content\\\/uploads\\\/2020\\\/07\\\/coronavirustelam2020-59.jpg\",\"contentUrl\":\"https:\\\/\\\/diariotextual.com\\\/inicio\\\/wp-content\\\/uploads\\\/2020\\\/07\\\/coronavirustelam2020-59.jpg\",\"width\":1152,\"height\":768,\"caption\":\"Buenos Aires: Con protocolos sanitarios estrictos por la pandemis de coronavirus, personal de fuerzas de Seguridad realizan controles a veh\u00edculos, en Puente Saavedra para verificar permisos de circulaci\u00f3n. Foto: Ramiro Gomez\"},{\"@type\":\"BreadcrumbList\",\"@id\":\"https:\\\/\\\/diariotextual.com\\\/inicio\\\/index.php\\\/2020\\\/07\\\/23\\\/catrilo-vuelve-fase-1-dos-positivos-cuarentena-estricta-al-menos-30-aislados\\\/#breadcrumb\",\"itemListElement\":[{\"@type\":\"ListItem\",\"position\":1,\"name\":\"Portada\",\"item\":\"https:\\\/\\\/diariotextual.com\\\/inicio\\\/\"},{\"@type\":\"ListItem\",\"position\":2,\"name\":\"Catril\u00f3 volvi\u00f3 a Fase 1: dos positivos, cuarentena estricta y al menos 30 aislados\"}]},{\"@type\":\"WebSite\",\"@id\":\"https:\\\/\\\/diariotextual.com\\\/inicio\\\/#website\",\"url\":\"https:\\\/\\\/diariotextual.com\\\/inicio\\\/\",\"name\":\"Diario Textual\",\"description\":\"\",\"publisher\":{\"@id\":\"https:\\\/\\\/diariotextual.com\\\/inicio\\\/#organization\"},\"potentialAction\":[{\"@type\":\"SearchAction\",\"target\":{\"@type\":\"EntryPoint\",\"urlTemplate\":\"https:\\\/\\\/diariotextual.com\\\/inicio\\\/?s={search_term_string}\"},\"query-input\":{\"@type\":\"PropertyValueSpecification\",\"valueRequired\":true,\"valueName\":\"search_term_string\"}}],\"inLanguage\":\"es\"},{\"@type\":\"Organization\",\"@id\":\"https:\\\/\\\/diariotextual.com\\\/inicio\\\/#organization\",\"name\":\"Diario Textual\",\"url\":\"https:\\\/\\\/diariotextual.com\\\/inicio\\\/\",\"logo\":{\"@type\":\"ImageObject\",\"inLanguage\":\"es\",\"@id\":\"https:\\\/\\\/diariotextual.com\\\/inicio\\\/#\\\/schema\\\/logo\\\/image\\\/\",\"url\":\"https:\\\/\\\/diariotextual.com\\\/inicio\\\/wp-content\\\/uploads\\\/2023\\\/05\\\/logotextual1.jpg\",\"contentUrl\":\"https:\\\/\\\/diariotextual.com\\\/inicio\\\/wp-content\\\/uploads\\\/2023\\\/05\\\/logotextual1.jpg\",\"width\":516,\"height\":76,\"caption\":\"Diario Textual\"},\"image\":{\"@id\":\"https:\\\/\\\/diariotextual.com\\\/inicio\\\/#\\\/schema\\\/logo\\\/image\\\/\"},\"sameAs\":[\"https:\\\/\\\/www.facebook.com\\\/eltextual\",\"https:\\\/\\\/x.com\\\/eltextual\",\"http:\\\/\\\/www.instagram.com\\\/eltextual\"]},{\"@type\":\"Person\",\"@id\":\"https:\\\/\\\/diariotextual.com\\\/inicio\\\/#\\\/schema\\\/person\\\/418fc4093c33e86ed41562db3508f958\",\"name\":\"Diario1 Diario1\",\"image\":{\"@type\":\"ImageObject\",\"inLanguage\":\"es\",\"@id\":\"https:\\\/\\\/secure.gravatar.com\\\/avatar\\\/9167d280179c85bc18be67aa7eda765854300033af4896dd779b608640f2ef7a?s=96&d=mm&r=g\",\"url\":\"https:\\\/\\\/secure.gravatar.com\\\/avatar\\\/9167d280179c85bc18be67aa7eda765854300033af4896dd779b608640f2ef7a?s=96&d=mm&r=g\",\"contentUrl\":\"https:\\\/\\\/secure.gravatar.com\\\/avatar\\\/9167d280179c85bc18be67aa7eda765854300033af4896dd779b608640f2ef7a?s=96&d=mm&r=g\",\"caption\":\"Diario1 Diario1\"},\"url\":\"https:\\\/\\\/diariotextual.com\\\/inicio\\\/index.php\\\/author\\\/diario1\\\/\"}]}<\/script>\n<!-- \/ Yoast SEO plugin. -->","yoast_head_json":{"title":"Catril\u00f3 volvi\u00f3 a Fase 1: dos positivos, cuarentena estricta y al menos 30 aislados - Diario Textual","robots":{"index":"index","follow":"follow","max-snippet":"max-snippet:-1","max-image-preview":"max-image-preview:large","max-video-preview":"max-video-preview:-1"},"canonical":"https:\/\/diariotextual.com\/inicio\/index.php\/2020\/07\/23\/catrilo-vuelve-fase-1-dos-positivos-cuarentena-estricta-al-menos-30-aislados\/","og_locale":"es_ES","og_type":"article","og_title":"Catril\u00f3 volvi\u00f3 a Fase 1: dos positivos, cuarentena estricta y al menos 30 aislados - Diario Textual","og_description":"El pueblo de Catril\u00f3 retrocedi\u00f3 al inicio de la cuarentena: por dos casos positivos de coronavirus detectados hoy, el Gobierno provincial decidi\u00f3 que toda la localidad vuelva a Fase 1.&hellip;","og_url":"https:\/\/diariotextual.com\/inicio\/index.php\/2020\/07\/23\/catrilo-vuelve-fase-1-dos-positivos-cuarentena-estricta-al-menos-30-aislados\/","og_site_name":"Diario Textual","article_publisher":"https:\/\/www.facebook.com\/eltextual","article_published_time":"2020-07-23T23:27:54+00:00","article_modified_time":"2020-07-24T02:56:48+00:00","og_image":[{"width":1152,"height":768,"url":"https:\/\/diariotextual.com\/inicio\/wp-content\/uploads\/2020\/07\/coronavirustelam2020-59.jpg","type":"image\/jpeg"}],"author":"Diario1 Diario1","twitter_card":"summary_large_image","twitter_creator":"@eltextual","twitter_site":"@eltextual","twitter_misc":{"Escrito por":"Diario1 Diario1","Tiempo de lectura":"2 minutos"},"schema":{"@context":"https:\/\/schema.org","@graph":[{"@type":"Article","@id":"https:\/\/diariotextual.com\/inicio\/index.php\/2020\/07\/23\/catrilo-vuelve-fase-1-dos-positivos-cuarentena-estricta-al-menos-30-aislados\/#article","isPartOf":{"@id":"https:\/\/diariotextual.com\/inicio\/index.php\/2020\/07\/23\/catrilo-vuelve-fase-1-dos-positivos-cuarentena-estricta-al-menos-30-aislados\/"},"author":{"name":"Diario1 Diario1","@id":"https:\/\/diariotextual.com\/inicio\/#\/schema\/person\/418fc4093c33e86ed41562db3508f958"},"headline":"Catril\u00f3 volvi\u00f3 a Fase 1: dos positivos, cuarentena estricta y al menos 30 aislados","datePublished":"2020-07-23T23:27:54+00:00","dateModified":"2020-07-24T02:56:48+00:00","mainEntityOfPage":{"@id":"https:\/\/diariotextual.com\/inicio\/index.php\/2020\/07\/23\/catrilo-vuelve-fase-1-dos-positivos-cuarentena-estricta-al-menos-30-aislados\/"},"wordCount":355,"publisher":{"@id":"https:\/\/diariotextual.com\/inicio\/#organization"},"image":{"@id":"https:\/\/diariotextual.com\/inicio\/index.php\/2020\/07\/23\/catrilo-vuelve-fase-1-dos-positivos-cuarentena-estricta-al-menos-30-aislados\/#primaryimage"},"thumbnailUrl":"https:\/\/diariotextual.com\/inicio\/wp-content\/uploads\/2020\/07\/coronavirustelam2020-59.jpg","articleSection":["SOCIEDAD"],"inLanguage":"es"},{"@type":"WebPage","@id":"https:\/\/diariotextual.com\/inicio\/index.php\/2020\/07\/23\/catrilo-vuelve-fase-1-dos-positivos-cuarentena-estricta-al-menos-30-aislados\/","url":"https:\/\/diariotextual.com\/inicio\/index.php\/2020\/07\/23\/catrilo-vuelve-fase-1-dos-positivos-cuarentena-estricta-al-menos-30-aislados\/","name":"Catril\u00f3 volvi\u00f3 a Fase 1: dos positivos, cuarentena estricta y al menos 30 aislados - Diario Textual","isPartOf":{"@id":"https:\/\/diariotextual.com\/inicio\/#website"},"primaryImageOfPage":{"@id":"https:\/\/diariotextual.com\/inicio\/index.php\/2020\/07\/23\/catrilo-vuelve-fase-1-dos-positivos-cuarentena-estricta-al-menos-30-aislados\/#primaryimage"},"image":{"@id":"https:\/\/diariotextual.com\/inicio\/index.php\/2020\/07\/23\/catrilo-vuelve-fase-1-dos-positivos-cuarentena-estricta-al-menos-30-aislados\/#primaryimage"},"thumbnailUrl":"https:\/\/diariotextual.com\/inicio\/wp-content\/uploads\/2020\/07\/coronavirustelam2020-59.jpg","datePublished":"2020-07-23T23:27:54+00:00","dateModified":"2020-07-24T02:56:48+00:00","breadcrumb":{"@id":"https:\/\/diariotextual.com\/inicio\/index.php\/2020\/07\/23\/catrilo-vuelve-fase-1-dos-positivos-cuarentena-estricta-al-menos-30-aislados\/#breadcrumb"},"inLanguage":"es","potentialAction":[{"@type":"ReadAction","target":["https:\/\/diariotextual.com\/inicio\/index.php\/2020\/07\/23\/catrilo-vuelve-fase-1-dos-positivos-cuarentena-estricta-al-menos-30-aislados\/"]}]},{"@type":"ImageObject","inLanguage":"es","@id":"https:\/\/diariotextual.com\/inicio\/index.php\/2020\/07\/23\/catrilo-vuelve-fase-1-dos-positivos-cuarentena-estricta-al-menos-30-aislados\/#primaryimage","url":"https:\/\/diariotextual.com\/inicio\/wp-content\/uploads\/2020\/07\/coronavirustelam2020-59.jpg","contentUrl":"https:\/\/diariotextual.com\/inicio\/wp-content\/uploads\/2020\/07\/coronavirustelam2020-59.jpg","width":1152,"height":768,"caption":"Buenos Aires: Con protocolos sanitarios estrictos por la pandemis de coronavirus, personal de fuerzas de Seguridad realizan controles a veh\u00edculos, en Puente Saavedra para verificar permisos de circulaci\u00f3n. Foto: Ramiro Gomez"},{"@type":"BreadcrumbList","@id":"https:\/\/diariotextual.com\/inicio\/index.php\/2020\/07\/23\/catrilo-vuelve-fase-1-dos-positivos-cuarentena-estricta-al-menos-30-aislados\/#breadcrumb","itemListElement":[{"@type":"ListItem","position":1,"name":"Portada","item":"https:\/\/diariotextual.com\/inicio\/"},{"@type":"ListItem","position":2,"name":"Catril\u00f3 volvi\u00f3 a Fase 1: dos positivos, cuarentena estricta y al menos 30 aislados"}]},{"@type":"WebSite","@id":"https:\/\/diariotextual.com\/inicio\/#website","url":"https:\/\/diariotextual.com\/inicio\/","name":"Diario Textual","description":"","publisher":{"@id":"https:\/\/diariotextual.com\/inicio\/#organization"},"potentialAction":[{"@type":"SearchAction","target":{"@type":"EntryPoint","urlTemplate":"https:\/\/diariotextual.com\/inicio\/?s={search_term_string}"},"query-input":{"@type":"PropertyValueSpecification","valueRequired":true,"valueName":"search_term_string"}}],"inLanguage":"es"},{"@type":"Organization","@id":"https:\/\/diariotextual.com\/inicio\/#organization","name":"Diario Textual","url":"https:\/\/diariotextual.com\/inicio\/","logo":{"@type":"ImageObject","inLanguage":"es","@id":"https:\/\/diariotextual.com\/inicio\/#\/schema\/logo\/image\/","url":"https:\/\/diariotextual.com\/inicio\/wp-content\/uploads\/2023\/05\/logotextual1.jpg","contentUrl":"https:\/\/diariotextual.com\/inicio\/wp-content\/uploads\/2023\/05\/logotextual1.jpg","width":516,"height":76,"caption":"Diario Textual"},"image":{"@id":"https:\/\/diariotextual.com\/inicio\/#\/schema\/logo\/image\/"},"sameAs":["https:\/\/www.facebook.com\/eltextual","https:\/\/x.com\/eltextual","http:\/\/www.instagram.com\/eltextual"]},{"@type":"Person","@id":"https:\/\/diariotextual.com\/inicio\/#\/schema\/person\/418fc4093c33e86ed41562db3508f958","name":"Diario1 Diario1","image":{"@type":"ImageObject","inLanguage":"es","@id":"https:\/\/secure.gravatar.com\/avatar\/9167d280179c85bc18be67aa7eda765854300033af4896dd779b608640f2ef7a?s=96&d=mm&r=g","url":"https:\/\/secure.gravatar.com\/avatar\/9167d280179c85bc18be67aa7eda765854300033af4896dd779b608640f2ef7a?s=96&d=mm&r=g","contentUrl":"https:\/\/secure.gravatar.com\/avatar\/9167d280179c85bc18be67aa7eda765854300033af4896dd779b608640f2ef7a?s=96&d=mm&r=g","caption":"Diario1 Diario1"},"url":"https:\/\/diariotextual.com\/inicio\/index.php\/author\/diario1\/"}]}},"_links":{"self":[{"href":"https:\/\/diariotextual.com\/inicio\/index.php\/wp-json\/wp\/v2\/posts\/102581","targetHints":{"allow":["GET"]}}],"collection":[{"href":"https:\/\/diariotextual.com\/inicio\/index.php\/wp-json\/wp\/v2\/posts"}],"about":[{"href":"https:\/\/diariotextual.com\/inicio\/index.php\/wp-json\/wp\/v2\/types\/post"}],"author":[{"embeddable":true,"href":"https:\/\/diariotextual.com\/inicio\/index.php\/wp-json\/wp\/v2\/users\/3"}],"replies":[{"embeddable":true,"href":"https:\/\/diariotextual.com\/inicio\/index.php\/wp-json\/wp\/v2\/comments?post=102581"}],"version-history":[{"count":8,"href":"https:\/\/diariotextual.com\/inicio\/index.php\/wp-json\/wp\/v2\/posts\/102581\/revisions"}],"predecessor-version":[{"id":102616,"href":"https:\/\/diariotextual.com\/inicio\/index.php\/wp-json\/wp\/v2\/posts\/102581\/revisions\/102616"}],"wp:featuredmedia":[{"embeddable":true,"href":"https:\/\/diariotextual.com\/inicio\/index.php\/wp-json\/wp\/v2\/media\/101129"}],"wp:attachment":[{"href":"https:\/\/diariotextual.com\/inicio\/index.php\/wp-json\/wp\/v2\/media?parent=102581"}],"wp:term":[{"taxonomy":"category","embeddable":true,"href":"https:\/\/diariotextual.com\/inicio\/index.php\/wp-json\/wp\/v2\/categories?post=102581"},{"taxonomy":"post_tag","embeddable":true,"href":"https:\/\/diariotextual.com\/inicio\/index.php\/wp-json\/wp\/v2\/tags?post=102581"}],"curies":[{"name":"wp","href":"https:\/\/api.w.org\/{rel}","templated":true}]}}