{"id":102609,"date":"2020-07-23T23:43:38","date_gmt":"2020-07-24T02:43:38","guid":{"rendered":"http:\/\/diariotextual.com\/inicio\/?p=102609"},"modified":"2020-07-24T09:34:07","modified_gmt":"2020-07-24T12:34:07","slug":"covid-12-catrilo-12-personas-fueron-aisladas-hoteles-santa-rosa","status":"publish","type":"post","link":"https:\/\/diariotextual.com\/inicio\/index.php\/2020\/07\/23\/covid-12-catrilo-12-personas-fueron-aisladas-hoteles-santa-rosa\/","title":{"rendered":"Covid-19 en Catril\u00f3: 12 personas fueron aisladas en hoteles en Santa Rosa"},"content":{"rendered":"<p>El pueblo de Catril\u00f3, que <a href=\"http:\/\/diariotextual.com\/inicio\/index.php\/2020\/07\/23\/dos-nuevos-positivos-coronavirus-la-pampa\/\" target=\"_blank\" rel=\"noopener\"><strong>hoy tuvo sus primeros dos casos de coronavirus<\/strong><\/a>, entr\u00f3 en <strong>Fase 1<\/strong> con casi todos los comercios cerrados y sus actividades restringidas.<\/p>\n<p>Hay<strong> dos positivos<\/strong>: se trata de<strong> un empleado de una empresa cerealera y de su novia<\/strong>. No saben a\u00fan c\u00f3mo contrajeron la enfermedad. <strong>La sospecha de las autoridades es que podr\u00edan haber tenido contacto con vecinos de Pellegrini, donde hay 10 casos activos. Pero a\u00fan, a poco de conocerse los resultados de los test, no lo han podido determinar.<\/strong><\/p>\n<p>Adem\u00e1s,<strong> hay identificados entre 27 y 29 contactos estrechos de esos dos positivos<\/strong>. De esos,<strong> 10 fueron enviados en la noche de este jueves a hoteles de Santa Rosa<\/strong>, inform\u00f3 <strong>Claudia Sangiani<\/strong>, directora del Hospital Amada Gatica. \u201cDoce personas, entre los dos positivos, fueron trasladados a Santa Rosa\u201d, cont\u00f3. \u201cHay entre 17 a 19 que seguir\u00e1n en Catril\u00f3, con seguimiento\u201d, sostuvo.<\/p>\n<p>Esos 10 tienen s\u00edntomas de la enfermedad. Por eso ya fueron hisopados.<\/p>\n<p>&nbsp;<\/p>\n<blockquote class=\"wp-embedded-content\" data-secret=\"lxbpeLLIbm\"><p><a href=\"http:\/\/diariotextual.com\/inicio\/index.php\/2020\/07\/23\/coronavirus-seguridad-toma-nota-avisa-envia-mas-policias-catrilo-cane-relmo\/\">Coronavirus: Seguridad toma nota y avisa que env\u00eda m\u00e1s polic\u00edas a Catril\u00f3, Can\u00e9 y Relmo<\/a><\/p><\/blockquote>\n<p><iframe class=\"wp-embedded-content\" sandbox=\"allow-scripts\" security=\"restricted\" style=\"position: absolute; clip: rect(1px, 1px, 1px, 1px);\" src=\"http:\/\/diariotextual.com\/inicio\/index.php\/2020\/07\/23\/coronavirus-seguridad-toma-nota-avisa-envia-mas-policias-catrilo-cane-relmo\/embed\/#?secret=lxbpeLLIbm\" data-secret=\"lxbpeLLIbm\" width=\"600\" height=\"338\" title=\"&#171;Coronavirus: Seguridad toma nota y avisa que env\u00eda m\u00e1s polic\u00edas a Catril\u00f3, Can\u00e9 y Relmo&#187; &#8212; Diario Textual\" frameborder=\"0\" marginwidth=\"0\" marginheight=\"0\" scrolling=\"no\"><\/iframe><\/p>\n<p>&nbsp;<\/p>\n<p>&nbsp;<\/p>\n<p>\u201cQue se quede tranquila la comunidad que estamos estableciendo el nexo epidemiol\u00f3gico, porque sabemos que en la localidad bonaerense de Pellegrini hubo 10 casos\u201d, dijo la profesional. \u201cHay que extremar las medidas de prevenci\u00f3n. Frenar la situaci\u00f3n en esta instancia, no solo depende de la municipalidad, de Salud o del Comit\u00e9 de Crisis: depende tambi\u00e9n de la responsabilidad individual\u201d, manifest\u00f3.<\/p>\n<p>&nbsp;<\/p>\n<p><strong>A la Fase 1<\/strong><\/p>\n<p>El intendente <strong>Ricardo Delfino<\/strong>, a su vez, explic\u00f3 que pr\u00e1cticamente se paralizar\u00e1 la localidad. \u201cLa mayor\u00eda de los comercios, salvo los esenciales como los de alimentos y farmacias, deben cerrar. La cooperativa, el banco, las tiendas, los gimnasios, la cancha de padel, van a estar cerrados\u201d, agreg\u00f3.<\/p>\n<p><strong>Tambi\u00e9n se prohibi\u00f3 la circulaci\u00f3n y permanencia en v\u00edas y espacios p\u00fablicos, con el fin de prevenir la circulaci\u00f3n y el contagio del virus.<\/strong><\/p>\n<p>El Ministerio de Seguridad estableci\u00f3 en esta localidad un dispositivo especial para dar cumplimiento del r\u00e9gimen que establece la Fase 1.<\/p>\n<p>El intendente dio otro dato, referido a los trabajadores de Ferro Expreso Pampeano que vienen de provincias vecinas. \u201cLos empleados de Ferro Expreso no van a poder ingresar a la localidad\u201d, dijo.<\/p>\n<p>&nbsp;<\/p>\n<p><strong>Polic\u00edas<\/strong><\/p>\n<p>El <strong>Ministerio de Seguridad de La Pampa dispuso este jueves el env\u00edo de m\u00e1s polic\u00edas a Catril\u00f3, Can\u00e9, Quem\u00fa y Lonquimay<\/strong>, para aumentar los controles preventivos frente al coronavirus.<\/p>\n<p>La decisi\u00f3n fue comunicada en la noche de este jueves. Una hora antes, Diario Textual hab\u00eda revelado p\u00fablicamente un dato alarmante: en el pueblo de<a href=\"http:\/\/diariotextual.com\/inicio\/index.php\/2020\/07\/23\/coronavirus-relmo-sin-policias-vecino-catrilo-los-vecinos-se-autocuidan\/\" target=\"_blank\" rel=\"noopener\"><strong> Relmo, vecino a Catril\u00f3, no hay polic\u00edas en actividad<\/strong><\/a>. Es decir, adem\u00e1s de estar desprotegida la poblaci\u00f3n, hay varios kil\u00f3metros del Meridiano V -que separa a La Pampa de Buenos Aires- sin suficientes controles.<\/p>\n<p>En Relmo, por estos d\u00edas,<strong> los vecinos son los que se deben autocuidar: el \u00fanico polic\u00eda del pueblo se encuentra de licencia<\/strong>.<\/p>\n<p>La localidad, de unos 150 habitantes, est\u00e1 a cargo de la Subcomisar\u00eda de Miguel Can\u00e9. \u00abLos polic\u00edas de Can\u00e9 vienen de vez en cuando. <strong>Dan una vuelta alg\u00fan d\u00eda y se vuelven. Dicen que est\u00e1n saturados y que no les alcanza el personal\u00bb<\/strong>, cont\u00f3 un poblador conocedor de la situaci\u00f3n a <strong>Diario Textual<\/strong>.<\/p>\n<p><strong>Juan Esteban Mujica<\/strong>, de <strong>Radio Fusi\u00f3n<\/strong>, cont\u00f3 que el ministro de Seguridad, Horacio di N\u00e1poli, y el jefe de la Polic\u00eda, H\u00e9ctor Lara, en la reuni\u00f3n con el intendente Ricardo Delfino y otros integrantes del Comit\u00e9 de Crisis de Catril\u00f3, hablaron de la necesidad de incrementar la cantidad de polic\u00edas. \u00abHablaron de la necesidad de polic\u00edas en Catril\u00f3, Lonquimay, Can\u00e9, Quem\u00fa y Relmo\u00bb, sostuvo Mujica al ser consultado por Diario Textual.<\/p>\n<blockquote class=\"wp-embedded-content\" data-secret=\"tY0oqbrYoD\"><p><a href=\"http:\/\/diariotextual.com\/inicio\/index.php\/2020\/07\/23\/catrilo-vuelve-fase-1-dos-positivos-cuarentena-estricta-al-menos-30-aislados\/\">Catril\u00f3 volvi\u00f3 a Fase 1: dos positivos, cuarentena estricta y al menos 30 aislados<\/a><\/p><\/blockquote>\n<p><iframe class=\"wp-embedded-content\" sandbox=\"allow-scripts\" security=\"restricted\" style=\"position: absolute; clip: rect(1px, 1px, 1px, 1px);\" src=\"http:\/\/diariotextual.com\/inicio\/index.php\/2020\/07\/23\/catrilo-vuelve-fase-1-dos-positivos-cuarentena-estricta-al-menos-30-aislados\/embed\/#?secret=tY0oqbrYoD\" data-secret=\"tY0oqbrYoD\" width=\"600\" height=\"338\" title=\"&#171;Catril\u00f3 volvi\u00f3 a Fase 1: dos positivos, cuarentena estricta y al menos 30 aislados&#187; &#8212; Diario Textual\" frameborder=\"0\" marginwidth=\"0\" marginheight=\"0\" scrolling=\"no\"><\/iframe><\/p>\n<p>&nbsp;<\/p>\n","protected":false},"excerpt":{"rendered":"<p>El pueblo de Catril\u00f3, que hoy tuvo sus primeros dos casos de coronavirus, entr\u00f3 en Fase 1 con casi todos los comercios cerrados y sus actividades restringidas. Hay dos positivos:&hellip;<\/p>\n","protected":false},"author":3,"featured_media":87848,"comment_status":"closed","ping_status":"open","sticky":false,"template":"","format":"standard","meta":{"_acf_changed":false,"footnotes":""},"categories":[12],"tags":[406,2662],"class_list":["post-102609","post","type-post","status-publish","format-standard","has-post-thumbnail","hentry","category-sociedad","tag-catrilo","tag-coronavirus"],"acf":[],"yoast_head":"<!-- This site is optimized with the Yoast SEO plugin v27.4 - https:\/\/yoast.com\/product\/yoast-seo-wordpress\/ -->\n<title>Covid-19 en Catril\u00f3: 12 personas fueron aisladas en hoteles en Santa Rosa - Diario Textual<\/title>\n<meta name=\"robots\" content=\"index, follow, max-snippet:-1, max-image-preview:large, max-video-preview:-1\" \/>\n<link rel=\"canonical\" href=\"https:\/\/diariotextual.com\/inicio\/index.php\/2020\/07\/23\/covid-12-catrilo-12-personas-fueron-aisladas-hoteles-santa-rosa\/\" \/>\n<meta property=\"og:locale\" content=\"es_ES\" \/>\n<meta property=\"og:type\" content=\"article\" \/>\n<meta property=\"og:title\" content=\"Covid-19 en Catril\u00f3: 12 personas fueron aisladas en hoteles en Santa Rosa - Diario Textual\" \/>\n<meta property=\"og:description\" content=\"El pueblo de Catril\u00f3, que hoy tuvo sus primeros dos casos de coronavirus, entr\u00f3 en Fase 1 con casi todos los comercios cerrados y sus actividades restringidas. Hay dos positivos:&hellip;\" \/>\n<meta property=\"og:url\" content=\"https:\/\/diariotextual.com\/inicio\/index.php\/2020\/07\/23\/covid-12-catrilo-12-personas-fueron-aisladas-hoteles-santa-rosa\/\" \/>\n<meta property=\"og:site_name\" content=\"Diario Textual\" \/>\n<meta property=\"article:publisher\" content=\"https:\/\/www.facebook.com\/eltextual\" \/>\n<meta property=\"article:published_time\" content=\"2020-07-24T02:43:38+00:00\" \/>\n<meta property=\"article:modified_time\" content=\"2020-07-24T12:34:07+00:00\" \/>\n<meta property=\"og:image\" content=\"https:\/\/diariotextual.com\/inicio\/wp-content\/uploads\/2020\/04\/coronaviruslapampa2020-9000.jpg\" \/>\n\t<meta property=\"og:image:width\" content=\"1000\" \/>\n\t<meta property=\"og:image:height\" content=\"667\" \/>\n\t<meta property=\"og:image:type\" content=\"image\/jpeg\" \/>\n<meta name=\"author\" content=\"Diario1 Diario1\" \/>\n<meta name=\"twitter:card\" content=\"summary_large_image\" \/>\n<meta name=\"twitter:creator\" content=\"@eltextual\" \/>\n<meta name=\"twitter:site\" content=\"@eltextual\" \/>\n<meta name=\"twitter:label1\" content=\"Escrito por\" \/>\n\t<meta name=\"twitter:data1\" content=\"Diario1 Diario1\" \/>\n\t<meta name=\"twitter:label2\" content=\"Tiempo de lectura\" \/>\n\t<meta name=\"twitter:data2\" content=\"3 minutos\" \/>\n<script type=\"application\/ld+json\" class=\"yoast-schema-graph\">{\"@context\":\"https:\\\/\\\/schema.org\",\"@graph\":[{\"@type\":\"Article\",\"@id\":\"https:\\\/\\\/diariotextual.com\\\/inicio\\\/index.php\\\/2020\\\/07\\\/23\\\/covid-12-catrilo-12-personas-fueron-aisladas-hoteles-santa-rosa\\\/#article\",\"isPartOf\":{\"@id\":\"https:\\\/\\\/diariotextual.com\\\/inicio\\\/index.php\\\/2020\\\/07\\\/23\\\/covid-12-catrilo-12-personas-fueron-aisladas-hoteles-santa-rosa\\\/\"},\"author\":{\"name\":\"Diario1 Diario1\",\"@id\":\"https:\\\/\\\/diariotextual.com\\\/inicio\\\/#\\\/schema\\\/person\\\/418fc4093c33e86ed41562db3508f958\"},\"headline\":\"Covid-19 en Catril\u00f3: 12 personas fueron aisladas en hoteles en Santa Rosa\",\"datePublished\":\"2020-07-24T02:43:38+00:00\",\"dateModified\":\"2020-07-24T12:34:07+00:00\",\"mainEntityOfPage\":{\"@id\":\"https:\\\/\\\/diariotextual.com\\\/inicio\\\/index.php\\\/2020\\\/07\\\/23\\\/covid-12-catrilo-12-personas-fueron-aisladas-hoteles-santa-rosa\\\/\"},\"wordCount\":648,\"publisher\":{\"@id\":\"https:\\\/\\\/diariotextual.com\\\/inicio\\\/#organization\"},\"image\":{\"@id\":\"https:\\\/\\\/diariotextual.com\\\/inicio\\\/index.php\\\/2020\\\/07\\\/23\\\/covid-12-catrilo-12-personas-fueron-aisladas-hoteles-santa-rosa\\\/#primaryimage\"},\"thumbnailUrl\":\"https:\\\/\\\/diariotextual.com\\\/inicio\\\/wp-content\\\/uploads\\\/2020\\\/04\\\/coronaviruslapampa2020-9000.jpg\",\"keywords\":[\"catrilo\",\"coronavirus\"],\"articleSection\":[\"SOCIEDAD\"],\"inLanguage\":\"es\"},{\"@type\":\"WebPage\",\"@id\":\"https:\\\/\\\/diariotextual.com\\\/inicio\\\/index.php\\\/2020\\\/07\\\/23\\\/covid-12-catrilo-12-personas-fueron-aisladas-hoteles-santa-rosa\\\/\",\"url\":\"https:\\\/\\\/diariotextual.com\\\/inicio\\\/index.php\\\/2020\\\/07\\\/23\\\/covid-12-catrilo-12-personas-fueron-aisladas-hoteles-santa-rosa\\\/\",\"name\":\"Covid-19 en Catril\u00f3: 12 personas fueron aisladas en hoteles en Santa Rosa - Diario Textual\",\"isPartOf\":{\"@id\":\"https:\\\/\\\/diariotextual.com\\\/inicio\\\/#website\"},\"primaryImageOfPage\":{\"@id\":\"https:\\\/\\\/diariotextual.com\\\/inicio\\\/index.php\\\/2020\\\/07\\\/23\\\/covid-12-catrilo-12-personas-fueron-aisladas-hoteles-santa-rosa\\\/#primaryimage\"},\"image\":{\"@id\":\"https:\\\/\\\/diariotextual.com\\\/inicio\\\/index.php\\\/2020\\\/07\\\/23\\\/covid-12-catrilo-12-personas-fueron-aisladas-hoteles-santa-rosa\\\/#primaryimage\"},\"thumbnailUrl\":\"https:\\\/\\\/diariotextual.com\\\/inicio\\\/wp-content\\\/uploads\\\/2020\\\/04\\\/coronaviruslapampa2020-9000.jpg\",\"datePublished\":\"2020-07-24T02:43:38+00:00\",\"dateModified\":\"2020-07-24T12:34:07+00:00\",\"breadcrumb\":{\"@id\":\"https:\\\/\\\/diariotextual.com\\\/inicio\\\/index.php\\\/2020\\\/07\\\/23\\\/covid-12-catrilo-12-personas-fueron-aisladas-hoteles-santa-rosa\\\/#breadcrumb\"},\"inLanguage\":\"es\",\"potentialAction\":[{\"@type\":\"ReadAction\",\"target\":[\"https:\\\/\\\/diariotextual.com\\\/inicio\\\/index.php\\\/2020\\\/07\\\/23\\\/covid-12-catrilo-12-personas-fueron-aisladas-hoteles-santa-rosa\\\/\"]}]},{\"@type\":\"ImageObject\",\"inLanguage\":\"es\",\"@id\":\"https:\\\/\\\/diariotextual.com\\\/inicio\\\/index.php\\\/2020\\\/07\\\/23\\\/covid-12-catrilo-12-personas-fueron-aisladas-hoteles-santa-rosa\\\/#primaryimage\",\"url\":\"https:\\\/\\\/diariotextual.com\\\/inicio\\\/wp-content\\\/uploads\\\/2020\\\/04\\\/coronaviruslapampa2020-9000.jpg\",\"contentUrl\":\"https:\\\/\\\/diariotextual.com\\\/inicio\\\/wp-content\\\/uploads\\\/2020\\\/04\\\/coronaviruslapampa2020-9000.jpg\",\"width\":1000,\"height\":667},{\"@type\":\"BreadcrumbList\",\"@id\":\"https:\\\/\\\/diariotextual.com\\\/inicio\\\/index.php\\\/2020\\\/07\\\/23\\\/covid-12-catrilo-12-personas-fueron-aisladas-hoteles-santa-rosa\\\/#breadcrumb\",\"itemListElement\":[{\"@type\":\"ListItem\",\"position\":1,\"name\":\"Portada\",\"item\":\"https:\\\/\\\/diariotextual.com\\\/inicio\\\/\"},{\"@type\":\"ListItem\",\"position\":2,\"name\":\"Covid-19 en Catril\u00f3: 12 personas fueron aisladas en hoteles en Santa Rosa\"}]},{\"@type\":\"WebSite\",\"@id\":\"https:\\\/\\\/diariotextual.com\\\/inicio\\\/#website\",\"url\":\"https:\\\/\\\/diariotextual.com\\\/inicio\\\/\",\"name\":\"Diario Textual\",\"description\":\"\",\"publisher\":{\"@id\":\"https:\\\/\\\/diariotextual.com\\\/inicio\\\/#organization\"},\"potentialAction\":[{\"@type\":\"SearchAction\",\"target\":{\"@type\":\"EntryPoint\",\"urlTemplate\":\"https:\\\/\\\/diariotextual.com\\\/inicio\\\/?s={search_term_string}\"},\"query-input\":{\"@type\":\"PropertyValueSpecification\",\"valueRequired\":true,\"valueName\":\"search_term_string\"}}],\"inLanguage\":\"es\"},{\"@type\":\"Organization\",\"@id\":\"https:\\\/\\\/diariotextual.com\\\/inicio\\\/#organization\",\"name\":\"Diario Textual\",\"url\":\"https:\\\/\\\/diariotextual.com\\\/inicio\\\/\",\"logo\":{\"@type\":\"ImageObject\",\"inLanguage\":\"es\",\"@id\":\"https:\\\/\\\/diariotextual.com\\\/inicio\\\/#\\\/schema\\\/logo\\\/image\\\/\",\"url\":\"https:\\\/\\\/diariotextual.com\\\/inicio\\\/wp-content\\\/uploads\\\/2023\\\/05\\\/logotextual1.jpg\",\"contentUrl\":\"https:\\\/\\\/diariotextual.com\\\/inicio\\\/wp-content\\\/uploads\\\/2023\\\/05\\\/logotextual1.jpg\",\"width\":516,\"height\":76,\"caption\":\"Diario Textual\"},\"image\":{\"@id\":\"https:\\\/\\\/diariotextual.com\\\/inicio\\\/#\\\/schema\\\/logo\\\/image\\\/\"},\"sameAs\":[\"https:\\\/\\\/www.facebook.com\\\/eltextual\",\"https:\\\/\\\/x.com\\\/eltextual\",\"http:\\\/\\\/www.instagram.com\\\/eltextual\"]},{\"@type\":\"Person\",\"@id\":\"https:\\\/\\\/diariotextual.com\\\/inicio\\\/#\\\/schema\\\/person\\\/418fc4093c33e86ed41562db3508f958\",\"name\":\"Diario1 Diario1\",\"image\":{\"@type\":\"ImageObject\",\"inLanguage\":\"es\",\"@id\":\"https:\\\/\\\/secure.gravatar.com\\\/avatar\\\/9167d280179c85bc18be67aa7eda765854300033af4896dd779b608640f2ef7a?s=96&d=mm&r=g\",\"url\":\"https:\\\/\\\/secure.gravatar.com\\\/avatar\\\/9167d280179c85bc18be67aa7eda765854300033af4896dd779b608640f2ef7a?s=96&d=mm&r=g\",\"contentUrl\":\"https:\\\/\\\/secure.gravatar.com\\\/avatar\\\/9167d280179c85bc18be67aa7eda765854300033af4896dd779b608640f2ef7a?s=96&d=mm&r=g\",\"caption\":\"Diario1 Diario1\"},\"url\":\"https:\\\/\\\/diariotextual.com\\\/inicio\\\/index.php\\\/author\\\/diario1\\\/\"}]}<\/script>\n<!-- \/ Yoast SEO plugin. -->","yoast_head_json":{"title":"Covid-19 en Catril\u00f3: 12 personas fueron aisladas en hoteles en Santa Rosa - Diario Textual","robots":{"index":"index","follow":"follow","max-snippet":"max-snippet:-1","max-image-preview":"max-image-preview:large","max-video-preview":"max-video-preview:-1"},"canonical":"https:\/\/diariotextual.com\/inicio\/index.php\/2020\/07\/23\/covid-12-catrilo-12-personas-fueron-aisladas-hoteles-santa-rosa\/","og_locale":"es_ES","og_type":"article","og_title":"Covid-19 en Catril\u00f3: 12 personas fueron aisladas en hoteles en Santa Rosa - Diario Textual","og_description":"El pueblo de Catril\u00f3, que hoy tuvo sus primeros dos casos de coronavirus, entr\u00f3 en Fase 1 con casi todos los comercios cerrados y sus actividades restringidas. Hay dos positivos:&hellip;","og_url":"https:\/\/diariotextual.com\/inicio\/index.php\/2020\/07\/23\/covid-12-catrilo-12-personas-fueron-aisladas-hoteles-santa-rosa\/","og_site_name":"Diario Textual","article_publisher":"https:\/\/www.facebook.com\/eltextual","article_published_time":"2020-07-24T02:43:38+00:00","article_modified_time":"2020-07-24T12:34:07+00:00","og_image":[{"width":1000,"height":667,"url":"https:\/\/diariotextual.com\/inicio\/wp-content\/uploads\/2020\/04\/coronaviruslapampa2020-9000.jpg","type":"image\/jpeg"}],"author":"Diario1 Diario1","twitter_card":"summary_large_image","twitter_creator":"@eltextual","twitter_site":"@eltextual","twitter_misc":{"Escrito por":"Diario1 Diario1","Tiempo de lectura":"3 minutos"},"schema":{"@context":"https:\/\/schema.org","@graph":[{"@type":"Article","@id":"https:\/\/diariotextual.com\/inicio\/index.php\/2020\/07\/23\/covid-12-catrilo-12-personas-fueron-aisladas-hoteles-santa-rosa\/#article","isPartOf":{"@id":"https:\/\/diariotextual.com\/inicio\/index.php\/2020\/07\/23\/covid-12-catrilo-12-personas-fueron-aisladas-hoteles-santa-rosa\/"},"author":{"name":"Diario1 Diario1","@id":"https:\/\/diariotextual.com\/inicio\/#\/schema\/person\/418fc4093c33e86ed41562db3508f958"},"headline":"Covid-19 en Catril\u00f3: 12 personas fueron aisladas en hoteles en Santa Rosa","datePublished":"2020-07-24T02:43:38+00:00","dateModified":"2020-07-24T12:34:07+00:00","mainEntityOfPage":{"@id":"https:\/\/diariotextual.com\/inicio\/index.php\/2020\/07\/23\/covid-12-catrilo-12-personas-fueron-aisladas-hoteles-santa-rosa\/"},"wordCount":648,"publisher":{"@id":"https:\/\/diariotextual.com\/inicio\/#organization"},"image":{"@id":"https:\/\/diariotextual.com\/inicio\/index.php\/2020\/07\/23\/covid-12-catrilo-12-personas-fueron-aisladas-hoteles-santa-rosa\/#primaryimage"},"thumbnailUrl":"https:\/\/diariotextual.com\/inicio\/wp-content\/uploads\/2020\/04\/coronaviruslapampa2020-9000.jpg","keywords":["catrilo","coronavirus"],"articleSection":["SOCIEDAD"],"inLanguage":"es"},{"@type":"WebPage","@id":"https:\/\/diariotextual.com\/inicio\/index.php\/2020\/07\/23\/covid-12-catrilo-12-personas-fueron-aisladas-hoteles-santa-rosa\/","url":"https:\/\/diariotextual.com\/inicio\/index.php\/2020\/07\/23\/covid-12-catrilo-12-personas-fueron-aisladas-hoteles-santa-rosa\/","name":"Covid-19 en Catril\u00f3: 12 personas fueron aisladas en hoteles en Santa Rosa - Diario Textual","isPartOf":{"@id":"https:\/\/diariotextual.com\/inicio\/#website"},"primaryImageOfPage":{"@id":"https:\/\/diariotextual.com\/inicio\/index.php\/2020\/07\/23\/covid-12-catrilo-12-personas-fueron-aisladas-hoteles-santa-rosa\/#primaryimage"},"image":{"@id":"https:\/\/diariotextual.com\/inicio\/index.php\/2020\/07\/23\/covid-12-catrilo-12-personas-fueron-aisladas-hoteles-santa-rosa\/#primaryimage"},"thumbnailUrl":"https:\/\/diariotextual.com\/inicio\/wp-content\/uploads\/2020\/04\/coronaviruslapampa2020-9000.jpg","datePublished":"2020-07-24T02:43:38+00:00","dateModified":"2020-07-24T12:34:07+00:00","breadcrumb":{"@id":"https:\/\/diariotextual.com\/inicio\/index.php\/2020\/07\/23\/covid-12-catrilo-12-personas-fueron-aisladas-hoteles-santa-rosa\/#breadcrumb"},"inLanguage":"es","potentialAction":[{"@type":"ReadAction","target":["https:\/\/diariotextual.com\/inicio\/index.php\/2020\/07\/23\/covid-12-catrilo-12-personas-fueron-aisladas-hoteles-santa-rosa\/"]}]},{"@type":"ImageObject","inLanguage":"es","@id":"https:\/\/diariotextual.com\/inicio\/index.php\/2020\/07\/23\/covid-12-catrilo-12-personas-fueron-aisladas-hoteles-santa-rosa\/#primaryimage","url":"https:\/\/diariotextual.com\/inicio\/wp-content\/uploads\/2020\/04\/coronaviruslapampa2020-9000.jpg","contentUrl":"https:\/\/diariotextual.com\/inicio\/wp-content\/uploads\/2020\/04\/coronaviruslapampa2020-9000.jpg","width":1000,"height":667},{"@type":"BreadcrumbList","@id":"https:\/\/diariotextual.com\/inicio\/index.php\/2020\/07\/23\/covid-12-catrilo-12-personas-fueron-aisladas-hoteles-santa-rosa\/#breadcrumb","itemListElement":[{"@type":"ListItem","position":1,"name":"Portada","item":"https:\/\/diariotextual.com\/inicio\/"},{"@type":"ListItem","position":2,"name":"Covid-19 en Catril\u00f3: 12 personas fueron aisladas en hoteles en Santa Rosa"}]},{"@type":"WebSite","@id":"https:\/\/diariotextual.com\/inicio\/#website","url":"https:\/\/diariotextual.com\/inicio\/","name":"Diario Textual","description":"","publisher":{"@id":"https:\/\/diariotextual.com\/inicio\/#organization"},"potentialAction":[{"@type":"SearchAction","target":{"@type":"EntryPoint","urlTemplate":"https:\/\/diariotextual.com\/inicio\/?s={search_term_string}"},"query-input":{"@type":"PropertyValueSpecification","valueRequired":true,"valueName":"search_term_string"}}],"inLanguage":"es"},{"@type":"Organization","@id":"https:\/\/diariotextual.com\/inicio\/#organization","name":"Diario Textual","url":"https:\/\/diariotextual.com\/inicio\/","logo":{"@type":"ImageObject","inLanguage":"es","@id":"https:\/\/diariotextual.com\/inicio\/#\/schema\/logo\/image\/","url":"https:\/\/diariotextual.com\/inicio\/wp-content\/uploads\/2023\/05\/logotextual1.jpg","contentUrl":"https:\/\/diariotextual.com\/inicio\/wp-content\/uploads\/2023\/05\/logotextual1.jpg","width":516,"height":76,"caption":"Diario Textual"},"image":{"@id":"https:\/\/diariotextual.com\/inicio\/#\/schema\/logo\/image\/"},"sameAs":["https:\/\/www.facebook.com\/eltextual","https:\/\/x.com\/eltextual","http:\/\/www.instagram.com\/eltextual"]},{"@type":"Person","@id":"https:\/\/diariotextual.com\/inicio\/#\/schema\/person\/418fc4093c33e86ed41562db3508f958","name":"Diario1 Diario1","image":{"@type":"ImageObject","inLanguage":"es","@id":"https:\/\/secure.gravatar.com\/avatar\/9167d280179c85bc18be67aa7eda765854300033af4896dd779b608640f2ef7a?s=96&d=mm&r=g","url":"https:\/\/secure.gravatar.com\/avatar\/9167d280179c85bc18be67aa7eda765854300033af4896dd779b608640f2ef7a?s=96&d=mm&r=g","contentUrl":"https:\/\/secure.gravatar.com\/avatar\/9167d280179c85bc18be67aa7eda765854300033af4896dd779b608640f2ef7a?s=96&d=mm&r=g","caption":"Diario1 Diario1"},"url":"https:\/\/diariotextual.com\/inicio\/index.php\/author\/diario1\/"}]}},"_links":{"self":[{"href":"https:\/\/diariotextual.com\/inicio\/index.php\/wp-json\/wp\/v2\/posts\/102609","targetHints":{"allow":["GET"]}}],"collection":[{"href":"https:\/\/diariotextual.com\/inicio\/index.php\/wp-json\/wp\/v2\/posts"}],"about":[{"href":"https:\/\/diariotextual.com\/inicio\/index.php\/wp-json\/wp\/v2\/types\/post"}],"author":[{"embeddable":true,"href":"https:\/\/diariotextual.com\/inicio\/index.php\/wp-json\/wp\/v2\/users\/3"}],"replies":[{"embeddable":true,"href":"https:\/\/diariotextual.com\/inicio\/index.php\/wp-json\/wp\/v2\/comments?post=102609"}],"version-history":[{"count":4,"href":"https:\/\/diariotextual.com\/inicio\/index.php\/wp-json\/wp\/v2\/posts\/102609\/revisions"}],"predecessor-version":[{"id":102617,"href":"https:\/\/diariotextual.com\/inicio\/index.php\/wp-json\/wp\/v2\/posts\/102609\/revisions\/102617"}],"wp:featuredmedia":[{"embeddable":true,"href":"https:\/\/diariotextual.com\/inicio\/index.php\/wp-json\/wp\/v2\/media\/87848"}],"wp:attachment":[{"href":"https:\/\/diariotextual.com\/inicio\/index.php\/wp-json\/wp\/v2\/media?parent=102609"}],"wp:term":[{"taxonomy":"category","embeddable":true,"href":"https:\/\/diariotextual.com\/inicio\/index.php\/wp-json\/wp\/v2\/categories?post=102609"},{"taxonomy":"post_tag","embeddable":true,"href":"https:\/\/diariotextual.com\/inicio\/index.php\/wp-json\/wp\/v2\/tags?post=102609"}],"curies":[{"name":"wp","href":"https:\/\/api.w.org\/{rel}","templated":true}]}}