{"id":102671,"date":"2020-07-24T23:43:23","date_gmt":"2020-07-25T02:43:23","guid":{"rendered":"http:\/\/diariotextual.com\/inicio\/?p=102671"},"modified":"2020-07-25T00:04:23","modified_gmt":"2020-07-25T03:04:23","slug":"descontrol-catrilo-medico-privado-atendio-los-dos-primeros-pacientes-no-lo-reporto","status":"publish","type":"post","link":"https:\/\/diariotextual.com\/inicio\/index.php\/2020\/07\/24\/descontrol-catrilo-medico-privado-atendio-los-dos-primeros-pacientes-no-lo-reporto\/","title":{"rendered":"Catril\u00f3: en Epidemiolog\u00eda respaldan al m\u00e9dico privado"},"content":{"rendered":"<p>Un m\u00e9dico privado de Catril\u00f3 qued\u00f3 bajo sospecha. Seg\u00fan se hab\u00eda ventilado en una reuni\u00f3n del Comit\u00e9 de Crisis de Catril\u00f3, anoche, entre los d\u00edas 14 y 16 habr\u00eda atendido a una pareja con fiebre y otros s\u00edntomas de coronavirus y, pese a ello, no lo habr\u00eda reportado a tiempo, pudo reconstruir Diario Textual. Ayer, casi diez d\u00edas despu\u00e9s, se confirm\u00f3 que ten\u00edan coronavirus.<\/p>\n<p><strong>\u00ab\u00a1No parece m\u00e9dico!\u00bb<\/strong>, bram\u00f3 anoche a un alto funcionario de Salud, en Catril\u00f3, seg\u00fan pudo saber Diario Textual de fuentes que participaron del encuentro en Catril\u00f3. \u00abEn Salud P\u00fablica, estas dos personas hubiesen sido inmediatamente aisladas\u00bb, sostuvo.<\/p>\n<p>Desde la Direcci\u00f3n de Epidemiolog\u00eda, que depende de Salud, salieron a respaldaron luego de la publicaci\u00f3n de este portal. <strong>\u00abNos enteramos por el m\u00e9dico\u00bb<\/strong>, juraron.<\/p>\n<p>Sin embargo, <strong>no est\u00e1 claro si la notificaci\u00f3n se hizo inmediatamente a manifestarse los s\u00edntomas compatibles con el virus o si se demor\u00f3.<\/strong><\/p>\n<p><strong>Tampoco si, frente a una manifestaci\u00f3n de fiebre, estaba obligado por protocolo a reportarlo ante Salud<\/strong> pese a que ya se sab\u00eda que en la vecina localidad de Pellegrini hab\u00eda un brote de coronavirus.<\/p>\n<p>Por lo pronto, por los dos primeros casos en Catril\u00f3 se abri\u00f3 una causa penal. \u00abIntervendr\u00e1 la Justicia\u00bb, dijo el gobernador Sergio Ziliotto, en conferencia de prensa, sin mencionar espec\u00edficamente la labor de este profesional.<\/p>\n<p>El pueblo de Catril\u00f3, con 16 casos positivos este viernes a la noche, volvi\u00f3 ya a Fase 1. Incluso <strong>Ricardo Delfino<\/strong>, el intendente,\u00a0<strong>se decidi\u00f3 a aislar preventivamente en la ma\u00f1ana de este viernes<\/strong>: seg\u00fan dijeron\u00a0<strong>fuentes oficiales a Diario Textual<\/strong>,<strong>\u00a0tuvo contacto con un empleado de la municipalidad<\/strong>, que<a href=\"http:\/\/diariotextual.com\/inicio\/index.php\/2020\/07\/24\/dieron-positivo-los-doce-vecinos-catrilo-fueron-aislados\/\" target=\"_blank\" rel=\"noopener\">\u00a0<strong>hoy se confirm\u00f3 que est\u00e1 contagiado<\/strong><\/a>.<\/p>\n<p><strong>Es un aislamiento preventivo y sigue trabajando. No tiene s\u00edntomas y no fue -al menos por ahora- hisopado.<\/strong><\/p>\n<p>&nbsp;<\/p>\n<blockquote class=\"wp-embedded-content\" data-secret=\"qWNBC2xINb\"><p><a href=\"http:\/\/diariotextual.com\/inicio\/index.php\/2020\/07\/24\/covid-19-intendente-catrilo-tuvo-contacto-contagiado-ya-fue-aislado\/\">Covid-19: el intendente de Catril\u00f3 tuvo contacto con un contagiado y ya fue aislado<\/a><\/p><\/blockquote>\n<p><iframe class=\"wp-embedded-content\" sandbox=\"allow-scripts\" security=\"restricted\" style=\"position: absolute; clip: rect(1px, 1px, 1px, 1px);\" src=\"http:\/\/diariotextual.com\/inicio\/index.php\/2020\/07\/24\/covid-19-intendente-catrilo-tuvo-contacto-contagiado-ya-fue-aislado\/embed\/#?secret=qWNBC2xINb\" data-secret=\"qWNBC2xINb\" width=\"600\" height=\"338\" title=\"&#171;Covid-19: el intendente de Catril\u00f3 tuvo contacto con un contagiado y ya fue aislado&#187; &#8212; Diario Textual\" frameborder=\"0\" marginwidth=\"0\" marginheight=\"0\" scrolling=\"no\"><\/iframe><\/p>\n<p>&nbsp;<\/p>\n<p>Adem\u00e1s, hay una media docena de funcionarios -entre secretarios- que tambi\u00e9n est\u00e1n aislados en forma preventiva.<\/p>\n<p>En total, adem\u00e1s de los 16 positivos, hay un centenar de personas aisladas. No solo de Catril\u00f3, sino tambi\u00e9n de Santa Rosa y localidades vecinas.<\/p>\n<p>Este viernes Catril\u00f3 descendi\u00f3 a la\u00a0<strong>Fase 1: cerraron todos los comercios y locales p\u00fablicos, a excepci\u00f3n de supermercados, despensas, verduler\u00edas, carnicer\u00edas y farmacias.<\/strong><\/p>\n<p>&nbsp;<\/p>\n<p>&nbsp;<\/p>\n<p>&nbsp;<\/p>\n","protected":false},"excerpt":{"rendered":"<p>Un m\u00e9dico privado de Catril\u00f3 qued\u00f3 bajo sospecha. Seg\u00fan se hab\u00eda ventilado en una reuni\u00f3n del Comit\u00e9 de Crisis de Catril\u00f3, anoche, entre los d\u00edas 14 y 16 habr\u00eda atendido&hellip;<\/p>\n","protected":false},"author":3,"featured_media":99933,"comment_status":"closed","ping_status":"open","sticky":false,"template":"","format":"standard","meta":{"_acf_changed":false,"footnotes":""},"categories":[319,12],"tags":[2662],"class_list":["post-102671","post","type-post","status-publish","format-standard","has-post-thumbnail","hentry","category-a-temporales","category-sociedad","tag-coronavirus"],"acf":[],"yoast_head":"<!-- This site is optimized with the Yoast SEO plugin v27.4 - https:\/\/yoast.com\/product\/yoast-seo-wordpress\/ -->\n<title>Catril\u00f3: en Epidemiolog\u00eda respaldan al m\u00e9dico privado - Diario Textual<\/title>\n<meta name=\"robots\" content=\"index, follow, max-snippet:-1, max-image-preview:large, max-video-preview:-1\" \/>\n<link rel=\"canonical\" href=\"https:\/\/diariotextual.com\/inicio\/index.php\/2020\/07\/24\/descontrol-catrilo-medico-privado-atendio-los-dos-primeros-pacientes-no-lo-reporto\/\" \/>\n<meta property=\"og:locale\" content=\"es_ES\" \/>\n<meta property=\"og:type\" content=\"article\" \/>\n<meta property=\"og:title\" content=\"Catril\u00f3: en Epidemiolog\u00eda respaldan al m\u00e9dico privado - Diario Textual\" \/>\n<meta property=\"og:description\" content=\"Un m\u00e9dico privado de Catril\u00f3 qued\u00f3 bajo sospecha. Seg\u00fan se hab\u00eda ventilado en una reuni\u00f3n del Comit\u00e9 de Crisis de Catril\u00f3, anoche, entre los d\u00edas 14 y 16 habr\u00eda atendido&hellip;\" \/>\n<meta property=\"og:url\" content=\"https:\/\/diariotextual.com\/inicio\/index.php\/2020\/07\/24\/descontrol-catrilo-medico-privado-atendio-los-dos-primeros-pacientes-no-lo-reporto\/\" \/>\n<meta property=\"og:site_name\" content=\"Diario Textual\" \/>\n<meta property=\"article:publisher\" content=\"https:\/\/www.facebook.com\/eltextual\" \/>\n<meta property=\"article:published_time\" content=\"2020-07-25T02:43:23+00:00\" \/>\n<meta property=\"article:modified_time\" content=\"2020-07-25T03:04:23+00:00\" \/>\n<meta property=\"og:image\" content=\"https:\/\/diariotextual.com\/inicio\/wp-content\/uploads\/2020\/07\/coronavirustelam2020-55.jpg\" \/>\n\t<meta property=\"og:image:width\" content=\"1004\" \/>\n\t<meta property=\"og:image:height\" content=\"565\" \/>\n\t<meta property=\"og:image:type\" content=\"image\/jpeg\" \/>\n<meta name=\"author\" content=\"Diario1 Diario1\" \/>\n<meta name=\"twitter:card\" content=\"summary_large_image\" \/>\n<meta name=\"twitter:creator\" content=\"@eltextual\" \/>\n<meta name=\"twitter:site\" content=\"@eltextual\" \/>\n<meta name=\"twitter:label1\" content=\"Escrito por\" \/>\n\t<meta name=\"twitter:data1\" content=\"Diario1 Diario1\" \/>\n\t<meta name=\"twitter:label2\" content=\"Tiempo de lectura\" \/>\n\t<meta name=\"twitter:data2\" content=\"2 minutos\" \/>\n<script type=\"application\/ld+json\" class=\"yoast-schema-graph\">{\"@context\":\"https:\\\/\\\/schema.org\",\"@graph\":[{\"@type\":\"Article\",\"@id\":\"https:\\\/\\\/diariotextual.com\\\/inicio\\\/index.php\\\/2020\\\/07\\\/24\\\/descontrol-catrilo-medico-privado-atendio-los-dos-primeros-pacientes-no-lo-reporto\\\/#article\",\"isPartOf\":{\"@id\":\"https:\\\/\\\/diariotextual.com\\\/inicio\\\/index.php\\\/2020\\\/07\\\/24\\\/descontrol-catrilo-medico-privado-atendio-los-dos-primeros-pacientes-no-lo-reporto\\\/\"},\"author\":{\"name\":\"Diario1 Diario1\",\"@id\":\"https:\\\/\\\/diariotextual.com\\\/inicio\\\/#\\\/schema\\\/person\\\/418fc4093c33e86ed41562db3508f958\"},\"headline\":\"Catril\u00f3: en Epidemiolog\u00eda respaldan al m\u00e9dico privado\",\"datePublished\":\"2020-07-25T02:43:23+00:00\",\"dateModified\":\"2020-07-25T03:04:23+00:00\",\"mainEntityOfPage\":{\"@id\":\"https:\\\/\\\/diariotextual.com\\\/inicio\\\/index.php\\\/2020\\\/07\\\/24\\\/descontrol-catrilo-medico-privado-atendio-los-dos-primeros-pacientes-no-lo-reporto\\\/\"},\"wordCount\":409,\"publisher\":{\"@id\":\"https:\\\/\\\/diariotextual.com\\\/inicio\\\/#organization\"},\"image\":{\"@id\":\"https:\\\/\\\/diariotextual.com\\\/inicio\\\/index.php\\\/2020\\\/07\\\/24\\\/descontrol-catrilo-medico-privado-atendio-los-dos-primeros-pacientes-no-lo-reporto\\\/#primaryimage\"},\"thumbnailUrl\":\"https:\\\/\\\/diariotextual.com\\\/inicio\\\/wp-content\\\/uploads\\\/2020\\\/07\\\/coronavirustelam2020-55.jpg\",\"keywords\":[\"coronavirus\"],\"articleSection\":[\"A - TEMPORALES\",\"SOCIEDAD\"],\"inLanguage\":\"es\"},{\"@type\":\"WebPage\",\"@id\":\"https:\\\/\\\/diariotextual.com\\\/inicio\\\/index.php\\\/2020\\\/07\\\/24\\\/descontrol-catrilo-medico-privado-atendio-los-dos-primeros-pacientes-no-lo-reporto\\\/\",\"url\":\"https:\\\/\\\/diariotextual.com\\\/inicio\\\/index.php\\\/2020\\\/07\\\/24\\\/descontrol-catrilo-medico-privado-atendio-los-dos-primeros-pacientes-no-lo-reporto\\\/\",\"name\":\"Catril\u00f3: en Epidemiolog\u00eda respaldan al m\u00e9dico privado - Diario Textual\",\"isPartOf\":{\"@id\":\"https:\\\/\\\/diariotextual.com\\\/inicio\\\/#website\"},\"primaryImageOfPage\":{\"@id\":\"https:\\\/\\\/diariotextual.com\\\/inicio\\\/index.php\\\/2020\\\/07\\\/24\\\/descontrol-catrilo-medico-privado-atendio-los-dos-primeros-pacientes-no-lo-reporto\\\/#primaryimage\"},\"image\":{\"@id\":\"https:\\\/\\\/diariotextual.com\\\/inicio\\\/index.php\\\/2020\\\/07\\\/24\\\/descontrol-catrilo-medico-privado-atendio-los-dos-primeros-pacientes-no-lo-reporto\\\/#primaryimage\"},\"thumbnailUrl\":\"https:\\\/\\\/diariotextual.com\\\/inicio\\\/wp-content\\\/uploads\\\/2020\\\/07\\\/coronavirustelam2020-55.jpg\",\"datePublished\":\"2020-07-25T02:43:23+00:00\",\"dateModified\":\"2020-07-25T03:04:23+00:00\",\"breadcrumb\":{\"@id\":\"https:\\\/\\\/diariotextual.com\\\/inicio\\\/index.php\\\/2020\\\/07\\\/24\\\/descontrol-catrilo-medico-privado-atendio-los-dos-primeros-pacientes-no-lo-reporto\\\/#breadcrumb\"},\"inLanguage\":\"es\",\"potentialAction\":[{\"@type\":\"ReadAction\",\"target\":[\"https:\\\/\\\/diariotextual.com\\\/inicio\\\/index.php\\\/2020\\\/07\\\/24\\\/descontrol-catrilo-medico-privado-atendio-los-dos-primeros-pacientes-no-lo-reporto\\\/\"]}]},{\"@type\":\"ImageObject\",\"inLanguage\":\"es\",\"@id\":\"https:\\\/\\\/diariotextual.com\\\/inicio\\\/index.php\\\/2020\\\/07\\\/24\\\/descontrol-catrilo-medico-privado-atendio-los-dos-primeros-pacientes-no-lo-reporto\\\/#primaryimage\",\"url\":\"https:\\\/\\\/diariotextual.com\\\/inicio\\\/wp-content\\\/uploads\\\/2020\\\/07\\\/coronavirustelam2020-55.jpg\",\"contentUrl\":\"https:\\\/\\\/diariotextual.com\\\/inicio\\\/wp-content\\\/uploads\\\/2020\\\/07\\\/coronavirustelam2020-55.jpg\",\"width\":1004,\"height\":565},{\"@type\":\"BreadcrumbList\",\"@id\":\"https:\\\/\\\/diariotextual.com\\\/inicio\\\/index.php\\\/2020\\\/07\\\/24\\\/descontrol-catrilo-medico-privado-atendio-los-dos-primeros-pacientes-no-lo-reporto\\\/#breadcrumb\",\"itemListElement\":[{\"@type\":\"ListItem\",\"position\":1,\"name\":\"Portada\",\"item\":\"https:\\\/\\\/diariotextual.com\\\/inicio\\\/\"},{\"@type\":\"ListItem\",\"position\":2,\"name\":\"Catril\u00f3: en Epidemiolog\u00eda respaldan al m\u00e9dico privado\"}]},{\"@type\":\"WebSite\",\"@id\":\"https:\\\/\\\/diariotextual.com\\\/inicio\\\/#website\",\"url\":\"https:\\\/\\\/diariotextual.com\\\/inicio\\\/\",\"name\":\"Diario Textual\",\"description\":\"\",\"publisher\":{\"@id\":\"https:\\\/\\\/diariotextual.com\\\/inicio\\\/#organization\"},\"potentialAction\":[{\"@type\":\"SearchAction\",\"target\":{\"@type\":\"EntryPoint\",\"urlTemplate\":\"https:\\\/\\\/diariotextual.com\\\/inicio\\\/?s={search_term_string}\"},\"query-input\":{\"@type\":\"PropertyValueSpecification\",\"valueRequired\":true,\"valueName\":\"search_term_string\"}}],\"inLanguage\":\"es\"},{\"@type\":\"Organization\",\"@id\":\"https:\\\/\\\/diariotextual.com\\\/inicio\\\/#organization\",\"name\":\"Diario Textual\",\"url\":\"https:\\\/\\\/diariotextual.com\\\/inicio\\\/\",\"logo\":{\"@type\":\"ImageObject\",\"inLanguage\":\"es\",\"@id\":\"https:\\\/\\\/diariotextual.com\\\/inicio\\\/#\\\/schema\\\/logo\\\/image\\\/\",\"url\":\"https:\\\/\\\/diariotextual.com\\\/inicio\\\/wp-content\\\/uploads\\\/2023\\\/05\\\/logotextual1.jpg\",\"contentUrl\":\"https:\\\/\\\/diariotextual.com\\\/inicio\\\/wp-content\\\/uploads\\\/2023\\\/05\\\/logotextual1.jpg\",\"width\":516,\"height\":76,\"caption\":\"Diario Textual\"},\"image\":{\"@id\":\"https:\\\/\\\/diariotextual.com\\\/inicio\\\/#\\\/schema\\\/logo\\\/image\\\/\"},\"sameAs\":[\"https:\\\/\\\/www.facebook.com\\\/eltextual\",\"https:\\\/\\\/x.com\\\/eltextual\",\"http:\\\/\\\/www.instagram.com\\\/eltextual\"]},{\"@type\":\"Person\",\"@id\":\"https:\\\/\\\/diariotextual.com\\\/inicio\\\/#\\\/schema\\\/person\\\/418fc4093c33e86ed41562db3508f958\",\"name\":\"Diario1 Diario1\",\"image\":{\"@type\":\"ImageObject\",\"inLanguage\":\"es\",\"@id\":\"https:\\\/\\\/secure.gravatar.com\\\/avatar\\\/9167d280179c85bc18be67aa7eda765854300033af4896dd779b608640f2ef7a?s=96&d=mm&r=g\",\"url\":\"https:\\\/\\\/secure.gravatar.com\\\/avatar\\\/9167d280179c85bc18be67aa7eda765854300033af4896dd779b608640f2ef7a?s=96&d=mm&r=g\",\"contentUrl\":\"https:\\\/\\\/secure.gravatar.com\\\/avatar\\\/9167d280179c85bc18be67aa7eda765854300033af4896dd779b608640f2ef7a?s=96&d=mm&r=g\",\"caption\":\"Diario1 Diario1\"},\"url\":\"https:\\\/\\\/diariotextual.com\\\/inicio\\\/index.php\\\/author\\\/diario1\\\/\"}]}<\/script>\n<!-- \/ Yoast SEO plugin. -->","yoast_head_json":{"title":"Catril\u00f3: en Epidemiolog\u00eda respaldan al m\u00e9dico privado - Diario Textual","robots":{"index":"index","follow":"follow","max-snippet":"max-snippet:-1","max-image-preview":"max-image-preview:large","max-video-preview":"max-video-preview:-1"},"canonical":"https:\/\/diariotextual.com\/inicio\/index.php\/2020\/07\/24\/descontrol-catrilo-medico-privado-atendio-los-dos-primeros-pacientes-no-lo-reporto\/","og_locale":"es_ES","og_type":"article","og_title":"Catril\u00f3: en Epidemiolog\u00eda respaldan al m\u00e9dico privado - Diario Textual","og_description":"Un m\u00e9dico privado de Catril\u00f3 qued\u00f3 bajo sospecha. Seg\u00fan se hab\u00eda ventilado en una reuni\u00f3n del Comit\u00e9 de Crisis de Catril\u00f3, anoche, entre los d\u00edas 14 y 16 habr\u00eda atendido&hellip;","og_url":"https:\/\/diariotextual.com\/inicio\/index.php\/2020\/07\/24\/descontrol-catrilo-medico-privado-atendio-los-dos-primeros-pacientes-no-lo-reporto\/","og_site_name":"Diario Textual","article_publisher":"https:\/\/www.facebook.com\/eltextual","article_published_time":"2020-07-25T02:43:23+00:00","article_modified_time":"2020-07-25T03:04:23+00:00","og_image":[{"width":1004,"height":565,"url":"https:\/\/diariotextual.com\/inicio\/wp-content\/uploads\/2020\/07\/coronavirustelam2020-55.jpg","type":"image\/jpeg"}],"author":"Diario1 Diario1","twitter_card":"summary_large_image","twitter_creator":"@eltextual","twitter_site":"@eltextual","twitter_misc":{"Escrito por":"Diario1 Diario1","Tiempo de lectura":"2 minutos"},"schema":{"@context":"https:\/\/schema.org","@graph":[{"@type":"Article","@id":"https:\/\/diariotextual.com\/inicio\/index.php\/2020\/07\/24\/descontrol-catrilo-medico-privado-atendio-los-dos-primeros-pacientes-no-lo-reporto\/#article","isPartOf":{"@id":"https:\/\/diariotextual.com\/inicio\/index.php\/2020\/07\/24\/descontrol-catrilo-medico-privado-atendio-los-dos-primeros-pacientes-no-lo-reporto\/"},"author":{"name":"Diario1 Diario1","@id":"https:\/\/diariotextual.com\/inicio\/#\/schema\/person\/418fc4093c33e86ed41562db3508f958"},"headline":"Catril\u00f3: en Epidemiolog\u00eda respaldan al m\u00e9dico privado","datePublished":"2020-07-25T02:43:23+00:00","dateModified":"2020-07-25T03:04:23+00:00","mainEntityOfPage":{"@id":"https:\/\/diariotextual.com\/inicio\/index.php\/2020\/07\/24\/descontrol-catrilo-medico-privado-atendio-los-dos-primeros-pacientes-no-lo-reporto\/"},"wordCount":409,"publisher":{"@id":"https:\/\/diariotextual.com\/inicio\/#organization"},"image":{"@id":"https:\/\/diariotextual.com\/inicio\/index.php\/2020\/07\/24\/descontrol-catrilo-medico-privado-atendio-los-dos-primeros-pacientes-no-lo-reporto\/#primaryimage"},"thumbnailUrl":"https:\/\/diariotextual.com\/inicio\/wp-content\/uploads\/2020\/07\/coronavirustelam2020-55.jpg","keywords":["coronavirus"],"articleSection":["A - TEMPORALES","SOCIEDAD"],"inLanguage":"es"},{"@type":"WebPage","@id":"https:\/\/diariotextual.com\/inicio\/index.php\/2020\/07\/24\/descontrol-catrilo-medico-privado-atendio-los-dos-primeros-pacientes-no-lo-reporto\/","url":"https:\/\/diariotextual.com\/inicio\/index.php\/2020\/07\/24\/descontrol-catrilo-medico-privado-atendio-los-dos-primeros-pacientes-no-lo-reporto\/","name":"Catril\u00f3: en Epidemiolog\u00eda respaldan al m\u00e9dico privado - Diario Textual","isPartOf":{"@id":"https:\/\/diariotextual.com\/inicio\/#website"},"primaryImageOfPage":{"@id":"https:\/\/diariotextual.com\/inicio\/index.php\/2020\/07\/24\/descontrol-catrilo-medico-privado-atendio-los-dos-primeros-pacientes-no-lo-reporto\/#primaryimage"},"image":{"@id":"https:\/\/diariotextual.com\/inicio\/index.php\/2020\/07\/24\/descontrol-catrilo-medico-privado-atendio-los-dos-primeros-pacientes-no-lo-reporto\/#primaryimage"},"thumbnailUrl":"https:\/\/diariotextual.com\/inicio\/wp-content\/uploads\/2020\/07\/coronavirustelam2020-55.jpg","datePublished":"2020-07-25T02:43:23+00:00","dateModified":"2020-07-25T03:04:23+00:00","breadcrumb":{"@id":"https:\/\/diariotextual.com\/inicio\/index.php\/2020\/07\/24\/descontrol-catrilo-medico-privado-atendio-los-dos-primeros-pacientes-no-lo-reporto\/#breadcrumb"},"inLanguage":"es","potentialAction":[{"@type":"ReadAction","target":["https:\/\/diariotextual.com\/inicio\/index.php\/2020\/07\/24\/descontrol-catrilo-medico-privado-atendio-los-dos-primeros-pacientes-no-lo-reporto\/"]}]},{"@type":"ImageObject","inLanguage":"es","@id":"https:\/\/diariotextual.com\/inicio\/index.php\/2020\/07\/24\/descontrol-catrilo-medico-privado-atendio-los-dos-primeros-pacientes-no-lo-reporto\/#primaryimage","url":"https:\/\/diariotextual.com\/inicio\/wp-content\/uploads\/2020\/07\/coronavirustelam2020-55.jpg","contentUrl":"https:\/\/diariotextual.com\/inicio\/wp-content\/uploads\/2020\/07\/coronavirustelam2020-55.jpg","width":1004,"height":565},{"@type":"BreadcrumbList","@id":"https:\/\/diariotextual.com\/inicio\/index.php\/2020\/07\/24\/descontrol-catrilo-medico-privado-atendio-los-dos-primeros-pacientes-no-lo-reporto\/#breadcrumb","itemListElement":[{"@type":"ListItem","position":1,"name":"Portada","item":"https:\/\/diariotextual.com\/inicio\/"},{"@type":"ListItem","position":2,"name":"Catril\u00f3: en Epidemiolog\u00eda respaldan al m\u00e9dico privado"}]},{"@type":"WebSite","@id":"https:\/\/diariotextual.com\/inicio\/#website","url":"https:\/\/diariotextual.com\/inicio\/","name":"Diario Textual","description":"","publisher":{"@id":"https:\/\/diariotextual.com\/inicio\/#organization"},"potentialAction":[{"@type":"SearchAction","target":{"@type":"EntryPoint","urlTemplate":"https:\/\/diariotextual.com\/inicio\/?s={search_term_string}"},"query-input":{"@type":"PropertyValueSpecification","valueRequired":true,"valueName":"search_term_string"}}],"inLanguage":"es"},{"@type":"Organization","@id":"https:\/\/diariotextual.com\/inicio\/#organization","name":"Diario Textual","url":"https:\/\/diariotextual.com\/inicio\/","logo":{"@type":"ImageObject","inLanguage":"es","@id":"https:\/\/diariotextual.com\/inicio\/#\/schema\/logo\/image\/","url":"https:\/\/diariotextual.com\/inicio\/wp-content\/uploads\/2023\/05\/logotextual1.jpg","contentUrl":"https:\/\/diariotextual.com\/inicio\/wp-content\/uploads\/2023\/05\/logotextual1.jpg","width":516,"height":76,"caption":"Diario Textual"},"image":{"@id":"https:\/\/diariotextual.com\/inicio\/#\/schema\/logo\/image\/"},"sameAs":["https:\/\/www.facebook.com\/eltextual","https:\/\/x.com\/eltextual","http:\/\/www.instagram.com\/eltextual"]},{"@type":"Person","@id":"https:\/\/diariotextual.com\/inicio\/#\/schema\/person\/418fc4093c33e86ed41562db3508f958","name":"Diario1 Diario1","image":{"@type":"ImageObject","inLanguage":"es","@id":"https:\/\/secure.gravatar.com\/avatar\/9167d280179c85bc18be67aa7eda765854300033af4896dd779b608640f2ef7a?s=96&d=mm&r=g","url":"https:\/\/secure.gravatar.com\/avatar\/9167d280179c85bc18be67aa7eda765854300033af4896dd779b608640f2ef7a?s=96&d=mm&r=g","contentUrl":"https:\/\/secure.gravatar.com\/avatar\/9167d280179c85bc18be67aa7eda765854300033af4896dd779b608640f2ef7a?s=96&d=mm&r=g","caption":"Diario1 Diario1"},"url":"https:\/\/diariotextual.com\/inicio\/index.php\/author\/diario1\/"}]}},"_links":{"self":[{"href":"https:\/\/diariotextual.com\/inicio\/index.php\/wp-json\/wp\/v2\/posts\/102671","targetHints":{"allow":["GET"]}}],"collection":[{"href":"https:\/\/diariotextual.com\/inicio\/index.php\/wp-json\/wp\/v2\/posts"}],"about":[{"href":"https:\/\/diariotextual.com\/inicio\/index.php\/wp-json\/wp\/v2\/types\/post"}],"author":[{"embeddable":true,"href":"https:\/\/diariotextual.com\/inicio\/index.php\/wp-json\/wp\/v2\/users\/3"}],"replies":[{"embeddable":true,"href":"https:\/\/diariotextual.com\/inicio\/index.php\/wp-json\/wp\/v2\/comments?post=102671"}],"version-history":[{"count":11,"href":"https:\/\/diariotextual.com\/inicio\/index.php\/wp-json\/wp\/v2\/posts\/102671\/revisions"}],"predecessor-version":[{"id":102825,"href":"https:\/\/diariotextual.com\/inicio\/index.php\/wp-json\/wp\/v2\/posts\/102671\/revisions\/102825"}],"wp:featuredmedia":[{"embeddable":true,"href":"https:\/\/diariotextual.com\/inicio\/index.php\/wp-json\/wp\/v2\/media\/99933"}],"wp:attachment":[{"href":"https:\/\/diariotextual.com\/inicio\/index.php\/wp-json\/wp\/v2\/media?parent=102671"}],"wp:term":[{"taxonomy":"category","embeddable":true,"href":"https:\/\/diariotextual.com\/inicio\/index.php\/wp-json\/wp\/v2\/categories?post=102671"},{"taxonomy":"post_tag","embeddable":true,"href":"https:\/\/diariotextual.com\/inicio\/index.php\/wp-json\/wp\/v2\/tags?post=102671"}],"curies":[{"name":"wp","href":"https:\/\/api.w.org\/{rel}","templated":true}]}}