{"id":102686,"date":"2020-07-24T16:30:49","date_gmt":"2020-07-24T19:30:49","guid":{"rendered":"http:\/\/diariotextual.com\/inicio\/?p=102686"},"modified":"2020-07-24T23:05:33","modified_gmt":"2020-07-25T02:05:33","slug":"brote-catrilo-suspendieron-los-encuentros-sociales-toda-la-pampa","status":"publish","type":"post","link":"https:\/\/diariotextual.com\/inicio\/index.php\/2020\/07\/24\/brote-catrilo-suspendieron-los-encuentros-sociales-toda-la-pampa\/","title":{"rendered":"Por el brote de Catril\u00f3, suspendieron los encuentros sociales en toda La Pampa"},"content":{"rendered":"<p>El gobernador <strong>Sergio Ziliotto<\/strong> anunci\u00f3 este viernes al mediod\u00eda que por <strong>el brote de coronavirus en Catril\u00f3<\/strong> fueron <strong>suspendidos, en forma preventiva y transitoriamente, los encuentros sociales y familiares y las actividades gastron\u00f3micas con atenci\u00f3n en locales<\/strong>. Tambi\u00e9n, dijo,<strong> se suspendi\u00f3 la reapertura del Parque Luro<\/strong>, aunque sigue en pie la vuelta de <strong>la hoteler\u00eda<\/strong> y <strong>del turismo interno<\/strong>.<\/p>\n<p>Hasta este viernes a la tarde, hay 16 casos positivos en Catril\u00f3. La localidad volvi\u00f3 a Fase 1.<\/p>\n<p>&nbsp;<\/p>\n<blockquote class=\"wp-embedded-content\" data-secret=\"wwg83r0Bsd\"><p><a href=\"http:\/\/diariotextual.com\/inicio\/index.php\/2020\/07\/24\/la-pampa-habilito-motociclismo-las-pruebas-libres-automovilismo-karting\/\">La Pampa habilit\u00f3 el motociclismo y las pruebas libres de automovilismo y karting<\/a><\/p><\/blockquote>\n<p><iframe class=\"wp-embedded-content\" sandbox=\"allow-scripts\" security=\"restricted\" style=\"position: absolute; clip: rect(1px, 1px, 1px, 1px);\" src=\"http:\/\/diariotextual.com\/inicio\/index.php\/2020\/07\/24\/la-pampa-habilito-motociclismo-las-pruebas-libres-automovilismo-karting\/embed\/#?secret=wwg83r0Bsd\" data-secret=\"wwg83r0Bsd\" width=\"600\" height=\"338\" title=\"&#171;La Pampa habilit\u00f3 el motociclismo y las pruebas libres de automovilismo y karting&#187; &#8212; Diario Textual\" frameborder=\"0\" marginwidth=\"0\" marginheight=\"0\" scrolling=\"no\"><\/iframe><\/p>\n<p>&nbsp;<\/p>\n<p>En el anuncio, realizado en el Sal\u00f3n de Acuerdos de Casa de Gobierno, estuvo acompa\u00f1ado por el vicegobernador Mariano Fern\u00e1ndez; el ministro de Salud, Rub\u00e9n Kohan; y el secretario de Trabajo, Marcelo Pedehonta\u00e1.<\/p>\n<p><strong> Ziliotto<\/strong> pidi\u00f3 a la poblaci\u00f3n de La Pampa\u00a0que<a href=\"http:\/\/diariotextual.com\/inicio\/index.php\/2020\/07\/24\/no-salir-gobernador-pidio-los-pampeanos-aislamiento-social-voluntario\/\" target=\"_blank\" rel=\"noopener\"><strong> implemente un aislamiento social voluntario<\/strong><\/a>. \u00abSi no hay necesidad, no salgamos de nuestras casas\u00bb, pidi\u00f3.<\/p>\n<p>\u00abVamos a tratar de mantener las actividades econ\u00f3micas, pero debemos aumentar la responsabilidad social y el apego a los protocolos\u00bb, dijo.<\/p>\n<p>El ministro Kohan, en tanto, dijo que<strong> \u00abes obvio y no hay dudas\u00bb de que el brote en Catril\u00f3 <\/strong>-que ya volvi\u00f3 a<strong> Fase 1<\/strong>, con restricciones de circulaci\u00f3n y cierre de comercios y lugares de atenci\u00f3n al p\u00fablico-<strong> fue generado por el contacto de un pampeano con un camionero de Pellegrini.<\/strong><\/p>\n<p>&nbsp;<\/p>\n<blockquote class=\"wp-embedded-content\" data-secret=\"glYEVrN3o7\"><p><a href=\"http:\/\/diariotextual.com\/inicio\/index.php\/2020\/07\/24\/otros-79-contactos-estrechos-los-12-positivos-catrilo\/\">Hay casi un centenar de personas con contacto estrecho con los positivos de Catril\u00f3<\/a><\/p><\/blockquote>\n<p><iframe class=\"wp-embedded-content\" sandbox=\"allow-scripts\" security=\"restricted\" style=\"position: absolute; clip: rect(1px, 1px, 1px, 1px);\" src=\"http:\/\/diariotextual.com\/inicio\/index.php\/2020\/07\/24\/otros-79-contactos-estrechos-los-12-positivos-catrilo\/embed\/#?secret=glYEVrN3o7\" data-secret=\"glYEVrN3o7\" width=\"600\" height=\"338\" title=\"&#171;Hay casi un centenar de personas con contacto estrecho con los positivos de Catril\u00f3&#187; &#8212; Diario Textual\" frameborder=\"0\" marginwidth=\"0\" marginheight=\"0\" scrolling=\"no\"><\/iframe><\/p>\n<p>&nbsp;<\/p>\n<p>&nbsp;<\/p>\n<p>Ayer al mediod\u00eda se dieron a conocer los dos casos positivos de Covid-19 en Catril\u00f3. \u201cEl 90 por ciento de la actividad que desarrollaron estas personas fue en Catril\u00f3\u00bb, dijo Ziliotto. \u00abPor eso ayer decidimos que Catril\u00f3 vuelva a Fase 1, para evitar la propagaci\u00f3n del virus\u201d, dijo.<\/p>\n<p>Hoy se sumaron otros 14 positivos -12 a la ma\u00f1ana y 2 a la tarde-. \u201c<strong>\u00bfQu\u00e9 pasa hoy con estos 12 casos positivos? Empezamos a buscar los casos estrechos. El tema es que esos casos estrechos exceden el \u00e1mbito de Catril\u00f3. Por eso, hemos tomado medidas preventivas: vamos a suspender en forma preventiva y transitoria las actividades que signifiquen aglomeraci\u00f3n de personas para que estos contactos estrechos, que estamos tratando de identificar<\/strong>\u201d, dijo.<\/p>\n<p><strong>De los 12 \u00faltimos positivos, ya hay 79 contactos estrechos.<\/strong> \u201cY no solo pertenecen a Catril\u00f3. No se trata de estigmatizar a nadie. Se trata de focalizar\u201d, dijo Ziliotto.\u00a0\u201c<strong>No son asesinos los que se contagiaron<\/strong>. Solo queremos que nos den informaci\u00f3n (de sus actividades y contactos) para focalizar\u201d, insisti\u00f3.<\/p>\n<p>\u201c<strong>Por eso, desde las 15 horas de este viernes, vamos a suspender los encuentros familiares y sociales y la actividad gastron\u00f3mica que significa atenci\u00f3n al p\u00fablico<\/strong>\u201d, dijo. \u00abLa actividad gastron\u00f3mica puede seguir en la modalidad de retiro de comida y por delivery\u00bb, aclar\u00f3.<\/p>\n<p>\u00bfPor cu\u00e1nto tiempo se implementar\u00e1n estas restricciones? \u00abNo lo sabemos\u00bb, respondi\u00f3 el gobernador. \u00abQueremos establecer cu\u00e1les fueron los contactos estrechos\u00bb.<\/p>\n<p>&nbsp;<\/p>\n<p><strong>\u00bfSin circulaci\u00f3n comunitaria del virus?<\/strong><\/p>\n<p>El ministro de Salud dijo que a\u00fan no han determinado que haya circulaci\u00f3n comunitaria del virus.\u00a0<strong>\u201cCuando una casa se incendia, se llena de humo la casa vecina\u201d<\/strong>, dijo Kohan. \u201c<strong>Se incendi\u00f3 Pellegrini y es l\u00f3gico que Catril\u00f3 se llene de humo<\/strong>. Ahora hay una gran recopilaci\u00f3n de datos. Si usted no me cuenta con qui\u00e9n se relacion\u00f3 mientras desarroll\u00f3 sus s\u00edntomas, no puedo hacer un control\u201d, dijo.<\/p>\n<p>&nbsp;<\/p>\n<p><strong>Caminos ilegales<\/strong><\/p>\n<p>Ziliotto admiti\u00f3 que este brote podr\u00eda haber sido generado por contactos de pobladores de Catril\u00f3 que <strong>evadieron los controles y se comunicaban con Pellegrini a trav\u00e9s de caminos o pasos ilegales a trav\u00e9s del Meridiano V.<\/strong><\/p>\n<p>\u201cNo podemos tener un polic\u00eda en cada camino vecinal. <strong>Lamentablemente por alguno que han utilizado caminos ilegales, Catril\u00f3 est\u00e1 en Fase 1<\/strong>\u201d, dijo.<strong> \u00a0\u00abHay que analizar el rol de la sociedad m\u00e1s que de la Polic\u00eda\u00bb<\/strong>, dijo sobre el comportamiento de las fuerzas de seguridad en la zona lim\u00edtrofe.<\/p>\n<p>&nbsp;<\/p>\n<blockquote class=\"wp-embedded-content\" data-secret=\"lo0btdvv27\"><p><a href=\"http:\/\/diariotextual.com\/inicio\/index.php\/2020\/07\/24\/descontrol-catrilo-medico-privado-atendio-los-dos-primeros-pacientes-no-lo-reporto\/\">Descontrol en Catril\u00f3: un m\u00e9dico privado atendi\u00f3 a los dos primeros pacientes y no lo report\u00f3<\/a><\/p><\/blockquote>\n<p><iframe class=\"wp-embedded-content\" sandbox=\"allow-scripts\" security=\"restricted\" style=\"position: absolute; clip: rect(1px, 1px, 1px, 1px);\" src=\"http:\/\/diariotextual.com\/inicio\/index.php\/2020\/07\/24\/descontrol-catrilo-medico-privado-atendio-los-dos-primeros-pacientes-no-lo-reporto\/embed\/#?secret=lo0btdvv27\" data-secret=\"lo0btdvv27\" width=\"600\" height=\"338\" title=\"&#171;Descontrol en Catril\u00f3: un m\u00e9dico privado atendi\u00f3 a los dos primeros pacientes y no lo report\u00f3&#187; &#8212; Diario Textual\" frameborder=\"0\" marginwidth=\"0\" marginheight=\"0\" scrolling=\"no\"><\/iframe><\/p>\n<p>&nbsp;<\/p>\n<p>Catril\u00f3 est\u00e1 conmocionada. <strong>Ricardo Delfino, el intendente de\u00a0Catril\u00f3, se autoisl\u00f3 en la ma\u00f1ana de este viernes<\/strong>: seg\u00fan dijeron\u00a0fuentes oficiales a Diario Textual,\u00a0tuvo contacto con un empleado de la municipalidad, que\u00a0hoy se confirm\u00f3 que est\u00e1 contagiado.<\/p>\n<p>Es un aislamiento preventivo y sigue trabajando desde la municipalidad. No tiene s\u00edntomas y no fue -al menos por ahora- hisopado.<\/p>\n<p>Adem\u00e1s, hay una media docena de funcionarios -entre secretarios- que tambi\u00e9n est\u00e1n aislados en forma preventiva.<\/p>\n<blockquote class=\"wp-embedded-content\" data-secret=\"SmaWEAJWPU\"><p><a href=\"http:\/\/diariotextual.com\/inicio\/index.php\/2020\/07\/24\/covid-19-laboratorios-privados-la-pampa-obligados-notificar-resultados-salud\/\">Covid-19: laboratorios privados de La Pampa son obligados a notificar resultados a Salud<\/a><\/p><\/blockquote>\n<p><iframe class=\"wp-embedded-content\" sandbox=\"allow-scripts\" security=\"restricted\" style=\"position: absolute; clip: rect(1px, 1px, 1px, 1px);\" src=\"http:\/\/diariotextual.com\/inicio\/index.php\/2020\/07\/24\/covid-19-laboratorios-privados-la-pampa-obligados-notificar-resultados-salud\/embed\/#?secret=SmaWEAJWPU\" data-secret=\"SmaWEAJWPU\" width=\"600\" height=\"338\" title=\"&#171;Covid-19: laboratorios privados de La Pampa son obligados a notificar resultados a Salud&#187; &#8212; Diario Textual\" frameborder=\"0\" marginwidth=\"0\" marginheight=\"0\" scrolling=\"no\"><\/iframe><\/p>\n<p>&nbsp;<\/p>\n<p><strong>A Fase 1<\/strong><\/p>\n<p>Este viernes la localidad descendi\u00f3 a la\u00a0Fase 1: cerraron todos los comercios y locales p\u00fablicos, a excepci\u00f3n de supermercados, despensas, verduler\u00edas, carnicer\u00edas y farmacias.<\/p>\n<p>Ayer se confirmaron dos positivos y hoy otros 14. La cifra, estiman las autoridades, podr\u00eda seguir aumentando.<\/p>\n<p>&nbsp;<\/p>\n<blockquote class=\"wp-embedded-content\" data-secret=\"HxsCYDBAh2\"><p><a href=\"http:\/\/diariotextual.com\/inicio\/index.php\/2020\/07\/24\/santa-rosa-suspendio-las-actividades-recreativas-plazas-parque-don-tomas\/\">Santa Rosa suspendi\u00f3 las actividades recreativas en plazas y el Parque Don Tom\u00e1s<\/a><\/p><\/blockquote>\n<p><iframe class=\"wp-embedded-content\" sandbox=\"allow-scripts\" security=\"restricted\" style=\"position: absolute; clip: rect(1px, 1px, 1px, 1px);\" src=\"http:\/\/diariotextual.com\/inicio\/index.php\/2020\/07\/24\/santa-rosa-suspendio-las-actividades-recreativas-plazas-parque-don-tomas\/embed\/#?secret=HxsCYDBAh2\" data-secret=\"HxsCYDBAh2\" width=\"600\" height=\"338\" title=\"&#171;Santa Rosa suspendi\u00f3 las actividades recreativas en plazas y el Parque Don Tom\u00e1s&#187; &#8212; Diario Textual\" frameborder=\"0\" marginwidth=\"0\" marginheight=\"0\" scrolling=\"no\"><\/iframe><\/p>\n<p>&nbsp;<\/p>\n<p>&nbsp;<\/p>\n<p>&nbsp;<\/p>\n<p>&nbsp;<\/p>\n<p>&nbsp;<\/p>\n<p>&nbsp;<\/p>\n","protected":false},"excerpt":{"rendered":"<p>El gobernador Sergio Ziliotto anunci\u00f3 este viernes al mediod\u00eda que por el brote de coronavirus en Catril\u00f3 fueron suspendidos, en forma preventiva y transitoriamente, los encuentros sociales y familiares y&hellip;<\/p>\n","protected":false},"author":3,"featured_media":99040,"comment_status":"closed","ping_status":"open","sticky":false,"template":"","format":"standard","meta":{"_acf_changed":false,"footnotes":""},"categories":[319,12],"tags":[2662,424],"class_list":["post-102686","post","type-post","status-publish","format-standard","has-post-thumbnail","hentry","category-a-temporales","category-sociedad","tag-coronavirus","tag-ziliotto"],"acf":[],"yoast_head":"<!-- This site is optimized with the Yoast SEO plugin v27.4 - https:\/\/yoast.com\/product\/yoast-seo-wordpress\/ -->\n<title>Por el brote de Catril\u00f3, suspendieron los encuentros sociales en toda La Pampa - Diario Textual<\/title>\n<meta name=\"robots\" content=\"index, follow, max-snippet:-1, max-image-preview:large, max-video-preview:-1\" \/>\n<link rel=\"canonical\" href=\"https:\/\/diariotextual.com\/inicio\/index.php\/2020\/07\/24\/brote-catrilo-suspendieron-los-encuentros-sociales-toda-la-pampa\/\" \/>\n<meta property=\"og:locale\" content=\"es_ES\" \/>\n<meta property=\"og:type\" content=\"article\" \/>\n<meta property=\"og:title\" content=\"Por el brote de Catril\u00f3, suspendieron los encuentros sociales en toda La Pampa - Diario Textual\" \/>\n<meta property=\"og:description\" content=\"El gobernador Sergio Ziliotto anunci\u00f3 este viernes al mediod\u00eda que por el brote de coronavirus en Catril\u00f3 fueron suspendidos, en forma preventiva y transitoriamente, los encuentros sociales y familiares y&hellip;\" \/>\n<meta property=\"og:url\" content=\"https:\/\/diariotextual.com\/inicio\/index.php\/2020\/07\/24\/brote-catrilo-suspendieron-los-encuentros-sociales-toda-la-pampa\/\" \/>\n<meta property=\"og:site_name\" content=\"Diario Textual\" \/>\n<meta property=\"article:publisher\" content=\"https:\/\/www.facebook.com\/eltextual\" \/>\n<meta property=\"article:published_time\" content=\"2020-07-24T19:30:49+00:00\" \/>\n<meta property=\"article:modified_time\" content=\"2020-07-25T02:05:33+00:00\" \/>\n<meta property=\"og:image\" content=\"https:\/\/diariotextual.com\/inicio\/wp-content\/uploads\/2020\/06\/ziliottosergio2020-3003.jpg\" \/>\n\t<meta property=\"og:image:width\" content=\"1500\" \/>\n\t<meta property=\"og:image:height\" content=\"993\" \/>\n\t<meta property=\"og:image:type\" content=\"image\/jpeg\" \/>\n<meta name=\"author\" content=\"Diario1 Diario1\" \/>\n<meta name=\"twitter:card\" content=\"summary_large_image\" \/>\n<meta name=\"twitter:creator\" content=\"@eltextual\" \/>\n<meta name=\"twitter:site\" content=\"@eltextual\" \/>\n<meta name=\"twitter:label1\" content=\"Escrito por\" \/>\n\t<meta name=\"twitter:data1\" content=\"Diario1 Diario1\" \/>\n\t<meta name=\"twitter:label2\" content=\"Tiempo de lectura\" \/>\n\t<meta name=\"twitter:data2\" content=\"4 minutos\" \/>\n<script type=\"application\/ld+json\" class=\"yoast-schema-graph\">{\"@context\":\"https:\\\/\\\/schema.org\",\"@graph\":[{\"@type\":\"Article\",\"@id\":\"https:\\\/\\\/diariotextual.com\\\/inicio\\\/index.php\\\/2020\\\/07\\\/24\\\/brote-catrilo-suspendieron-los-encuentros-sociales-toda-la-pampa\\\/#article\",\"isPartOf\":{\"@id\":\"https:\\\/\\\/diariotextual.com\\\/inicio\\\/index.php\\\/2020\\\/07\\\/24\\\/brote-catrilo-suspendieron-los-encuentros-sociales-toda-la-pampa\\\/\"},\"author\":{\"name\":\"Diario1 Diario1\",\"@id\":\"https:\\\/\\\/diariotextual.com\\\/inicio\\\/#\\\/schema\\\/person\\\/418fc4093c33e86ed41562db3508f958\"},\"headline\":\"Por el brote de Catril\u00f3, suspendieron los encuentros sociales en toda La Pampa\",\"datePublished\":\"2020-07-24T19:30:49+00:00\",\"dateModified\":\"2020-07-25T02:05:33+00:00\",\"mainEntityOfPage\":{\"@id\":\"https:\\\/\\\/diariotextual.com\\\/inicio\\\/index.php\\\/2020\\\/07\\\/24\\\/brote-catrilo-suspendieron-los-encuentros-sociales-toda-la-pampa\\\/\"},\"wordCount\":826,\"publisher\":{\"@id\":\"https:\\\/\\\/diariotextual.com\\\/inicio\\\/#organization\"},\"image\":{\"@id\":\"https:\\\/\\\/diariotextual.com\\\/inicio\\\/index.php\\\/2020\\\/07\\\/24\\\/brote-catrilo-suspendieron-los-encuentros-sociales-toda-la-pampa\\\/#primaryimage\"},\"thumbnailUrl\":\"https:\\\/\\\/diariotextual.com\\\/inicio\\\/wp-content\\\/uploads\\\/2020\\\/06\\\/ziliottosergio2020-3003.jpg\",\"keywords\":[\"coronavirus\",\"ziliotto\"],\"articleSection\":[\"A - TEMPORALES\",\"SOCIEDAD\"],\"inLanguage\":\"es\"},{\"@type\":\"WebPage\",\"@id\":\"https:\\\/\\\/diariotextual.com\\\/inicio\\\/index.php\\\/2020\\\/07\\\/24\\\/brote-catrilo-suspendieron-los-encuentros-sociales-toda-la-pampa\\\/\",\"url\":\"https:\\\/\\\/diariotextual.com\\\/inicio\\\/index.php\\\/2020\\\/07\\\/24\\\/brote-catrilo-suspendieron-los-encuentros-sociales-toda-la-pampa\\\/\",\"name\":\"Por el brote de Catril\u00f3, suspendieron los encuentros sociales en toda La Pampa - Diario Textual\",\"isPartOf\":{\"@id\":\"https:\\\/\\\/diariotextual.com\\\/inicio\\\/#website\"},\"primaryImageOfPage\":{\"@id\":\"https:\\\/\\\/diariotextual.com\\\/inicio\\\/index.php\\\/2020\\\/07\\\/24\\\/brote-catrilo-suspendieron-los-encuentros-sociales-toda-la-pampa\\\/#primaryimage\"},\"image\":{\"@id\":\"https:\\\/\\\/diariotextual.com\\\/inicio\\\/index.php\\\/2020\\\/07\\\/24\\\/brote-catrilo-suspendieron-los-encuentros-sociales-toda-la-pampa\\\/#primaryimage\"},\"thumbnailUrl\":\"https:\\\/\\\/diariotextual.com\\\/inicio\\\/wp-content\\\/uploads\\\/2020\\\/06\\\/ziliottosergio2020-3003.jpg\",\"datePublished\":\"2020-07-24T19:30:49+00:00\",\"dateModified\":\"2020-07-25T02:05:33+00:00\",\"breadcrumb\":{\"@id\":\"https:\\\/\\\/diariotextual.com\\\/inicio\\\/index.php\\\/2020\\\/07\\\/24\\\/brote-catrilo-suspendieron-los-encuentros-sociales-toda-la-pampa\\\/#breadcrumb\"},\"inLanguage\":\"es\",\"potentialAction\":[{\"@type\":\"ReadAction\",\"target\":[\"https:\\\/\\\/diariotextual.com\\\/inicio\\\/index.php\\\/2020\\\/07\\\/24\\\/brote-catrilo-suspendieron-los-encuentros-sociales-toda-la-pampa\\\/\"]}]},{\"@type\":\"ImageObject\",\"inLanguage\":\"es\",\"@id\":\"https:\\\/\\\/diariotextual.com\\\/inicio\\\/index.php\\\/2020\\\/07\\\/24\\\/brote-catrilo-suspendieron-los-encuentros-sociales-toda-la-pampa\\\/#primaryimage\",\"url\":\"https:\\\/\\\/diariotextual.com\\\/inicio\\\/wp-content\\\/uploads\\\/2020\\\/06\\\/ziliottosergio2020-3003.jpg\",\"contentUrl\":\"https:\\\/\\\/diariotextual.com\\\/inicio\\\/wp-content\\\/uploads\\\/2020\\\/06\\\/ziliottosergio2020-3003.jpg\",\"width\":1500,\"height\":993},{\"@type\":\"BreadcrumbList\",\"@id\":\"https:\\\/\\\/diariotextual.com\\\/inicio\\\/index.php\\\/2020\\\/07\\\/24\\\/brote-catrilo-suspendieron-los-encuentros-sociales-toda-la-pampa\\\/#breadcrumb\",\"itemListElement\":[{\"@type\":\"ListItem\",\"position\":1,\"name\":\"Portada\",\"item\":\"https:\\\/\\\/diariotextual.com\\\/inicio\\\/\"},{\"@type\":\"ListItem\",\"position\":2,\"name\":\"Por el brote de Catril\u00f3, suspendieron los encuentros sociales en toda La Pampa\"}]},{\"@type\":\"WebSite\",\"@id\":\"https:\\\/\\\/diariotextual.com\\\/inicio\\\/#website\",\"url\":\"https:\\\/\\\/diariotextual.com\\\/inicio\\\/\",\"name\":\"Diario Textual\",\"description\":\"\",\"publisher\":{\"@id\":\"https:\\\/\\\/diariotextual.com\\\/inicio\\\/#organization\"},\"potentialAction\":[{\"@type\":\"SearchAction\",\"target\":{\"@type\":\"EntryPoint\",\"urlTemplate\":\"https:\\\/\\\/diariotextual.com\\\/inicio\\\/?s={search_term_string}\"},\"query-input\":{\"@type\":\"PropertyValueSpecification\",\"valueRequired\":true,\"valueName\":\"search_term_string\"}}],\"inLanguage\":\"es\"},{\"@type\":\"Organization\",\"@id\":\"https:\\\/\\\/diariotextual.com\\\/inicio\\\/#organization\",\"name\":\"Diario Textual\",\"url\":\"https:\\\/\\\/diariotextual.com\\\/inicio\\\/\",\"logo\":{\"@type\":\"ImageObject\",\"inLanguage\":\"es\",\"@id\":\"https:\\\/\\\/diariotextual.com\\\/inicio\\\/#\\\/schema\\\/logo\\\/image\\\/\",\"url\":\"https:\\\/\\\/diariotextual.com\\\/inicio\\\/wp-content\\\/uploads\\\/2023\\\/05\\\/logotextual1.jpg\",\"contentUrl\":\"https:\\\/\\\/diariotextual.com\\\/inicio\\\/wp-content\\\/uploads\\\/2023\\\/05\\\/logotextual1.jpg\",\"width\":516,\"height\":76,\"caption\":\"Diario Textual\"},\"image\":{\"@id\":\"https:\\\/\\\/diariotextual.com\\\/inicio\\\/#\\\/schema\\\/logo\\\/image\\\/\"},\"sameAs\":[\"https:\\\/\\\/www.facebook.com\\\/eltextual\",\"https:\\\/\\\/x.com\\\/eltextual\",\"http:\\\/\\\/www.instagram.com\\\/eltextual\"]},{\"@type\":\"Person\",\"@id\":\"https:\\\/\\\/diariotextual.com\\\/inicio\\\/#\\\/schema\\\/person\\\/418fc4093c33e86ed41562db3508f958\",\"name\":\"Diario1 Diario1\",\"image\":{\"@type\":\"ImageObject\",\"inLanguage\":\"es\",\"@id\":\"https:\\\/\\\/secure.gravatar.com\\\/avatar\\\/9167d280179c85bc18be67aa7eda765854300033af4896dd779b608640f2ef7a?s=96&d=mm&r=g\",\"url\":\"https:\\\/\\\/secure.gravatar.com\\\/avatar\\\/9167d280179c85bc18be67aa7eda765854300033af4896dd779b608640f2ef7a?s=96&d=mm&r=g\",\"contentUrl\":\"https:\\\/\\\/secure.gravatar.com\\\/avatar\\\/9167d280179c85bc18be67aa7eda765854300033af4896dd779b608640f2ef7a?s=96&d=mm&r=g\",\"caption\":\"Diario1 Diario1\"},\"url\":\"https:\\\/\\\/diariotextual.com\\\/inicio\\\/index.php\\\/author\\\/diario1\\\/\"}]}<\/script>\n<!-- \/ Yoast SEO plugin. -->","yoast_head_json":{"title":"Por el brote de Catril\u00f3, suspendieron los encuentros sociales en toda La Pampa - Diario Textual","robots":{"index":"index","follow":"follow","max-snippet":"max-snippet:-1","max-image-preview":"max-image-preview:large","max-video-preview":"max-video-preview:-1"},"canonical":"https:\/\/diariotextual.com\/inicio\/index.php\/2020\/07\/24\/brote-catrilo-suspendieron-los-encuentros-sociales-toda-la-pampa\/","og_locale":"es_ES","og_type":"article","og_title":"Por el brote de Catril\u00f3, suspendieron los encuentros sociales en toda La Pampa - Diario Textual","og_description":"El gobernador Sergio Ziliotto anunci\u00f3 este viernes al mediod\u00eda que por el brote de coronavirus en Catril\u00f3 fueron suspendidos, en forma preventiva y transitoriamente, los encuentros sociales y familiares y&hellip;","og_url":"https:\/\/diariotextual.com\/inicio\/index.php\/2020\/07\/24\/brote-catrilo-suspendieron-los-encuentros-sociales-toda-la-pampa\/","og_site_name":"Diario Textual","article_publisher":"https:\/\/www.facebook.com\/eltextual","article_published_time":"2020-07-24T19:30:49+00:00","article_modified_time":"2020-07-25T02:05:33+00:00","og_image":[{"width":1500,"height":993,"url":"https:\/\/diariotextual.com\/inicio\/wp-content\/uploads\/2020\/06\/ziliottosergio2020-3003.jpg","type":"image\/jpeg"}],"author":"Diario1 Diario1","twitter_card":"summary_large_image","twitter_creator":"@eltextual","twitter_site":"@eltextual","twitter_misc":{"Escrito por":"Diario1 Diario1","Tiempo de lectura":"4 minutos"},"schema":{"@context":"https:\/\/schema.org","@graph":[{"@type":"Article","@id":"https:\/\/diariotextual.com\/inicio\/index.php\/2020\/07\/24\/brote-catrilo-suspendieron-los-encuentros-sociales-toda-la-pampa\/#article","isPartOf":{"@id":"https:\/\/diariotextual.com\/inicio\/index.php\/2020\/07\/24\/brote-catrilo-suspendieron-los-encuentros-sociales-toda-la-pampa\/"},"author":{"name":"Diario1 Diario1","@id":"https:\/\/diariotextual.com\/inicio\/#\/schema\/person\/418fc4093c33e86ed41562db3508f958"},"headline":"Por el brote de Catril\u00f3, suspendieron los encuentros sociales en toda La Pampa","datePublished":"2020-07-24T19:30:49+00:00","dateModified":"2020-07-25T02:05:33+00:00","mainEntityOfPage":{"@id":"https:\/\/diariotextual.com\/inicio\/index.php\/2020\/07\/24\/brote-catrilo-suspendieron-los-encuentros-sociales-toda-la-pampa\/"},"wordCount":826,"publisher":{"@id":"https:\/\/diariotextual.com\/inicio\/#organization"},"image":{"@id":"https:\/\/diariotextual.com\/inicio\/index.php\/2020\/07\/24\/brote-catrilo-suspendieron-los-encuentros-sociales-toda-la-pampa\/#primaryimage"},"thumbnailUrl":"https:\/\/diariotextual.com\/inicio\/wp-content\/uploads\/2020\/06\/ziliottosergio2020-3003.jpg","keywords":["coronavirus","ziliotto"],"articleSection":["A - TEMPORALES","SOCIEDAD"],"inLanguage":"es"},{"@type":"WebPage","@id":"https:\/\/diariotextual.com\/inicio\/index.php\/2020\/07\/24\/brote-catrilo-suspendieron-los-encuentros-sociales-toda-la-pampa\/","url":"https:\/\/diariotextual.com\/inicio\/index.php\/2020\/07\/24\/brote-catrilo-suspendieron-los-encuentros-sociales-toda-la-pampa\/","name":"Por el brote de Catril\u00f3, suspendieron los encuentros sociales en toda La Pampa - Diario Textual","isPartOf":{"@id":"https:\/\/diariotextual.com\/inicio\/#website"},"primaryImageOfPage":{"@id":"https:\/\/diariotextual.com\/inicio\/index.php\/2020\/07\/24\/brote-catrilo-suspendieron-los-encuentros-sociales-toda-la-pampa\/#primaryimage"},"image":{"@id":"https:\/\/diariotextual.com\/inicio\/index.php\/2020\/07\/24\/brote-catrilo-suspendieron-los-encuentros-sociales-toda-la-pampa\/#primaryimage"},"thumbnailUrl":"https:\/\/diariotextual.com\/inicio\/wp-content\/uploads\/2020\/06\/ziliottosergio2020-3003.jpg","datePublished":"2020-07-24T19:30:49+00:00","dateModified":"2020-07-25T02:05:33+00:00","breadcrumb":{"@id":"https:\/\/diariotextual.com\/inicio\/index.php\/2020\/07\/24\/brote-catrilo-suspendieron-los-encuentros-sociales-toda-la-pampa\/#breadcrumb"},"inLanguage":"es","potentialAction":[{"@type":"ReadAction","target":["https:\/\/diariotextual.com\/inicio\/index.php\/2020\/07\/24\/brote-catrilo-suspendieron-los-encuentros-sociales-toda-la-pampa\/"]}]},{"@type":"ImageObject","inLanguage":"es","@id":"https:\/\/diariotextual.com\/inicio\/index.php\/2020\/07\/24\/brote-catrilo-suspendieron-los-encuentros-sociales-toda-la-pampa\/#primaryimage","url":"https:\/\/diariotextual.com\/inicio\/wp-content\/uploads\/2020\/06\/ziliottosergio2020-3003.jpg","contentUrl":"https:\/\/diariotextual.com\/inicio\/wp-content\/uploads\/2020\/06\/ziliottosergio2020-3003.jpg","width":1500,"height":993},{"@type":"BreadcrumbList","@id":"https:\/\/diariotextual.com\/inicio\/index.php\/2020\/07\/24\/brote-catrilo-suspendieron-los-encuentros-sociales-toda-la-pampa\/#breadcrumb","itemListElement":[{"@type":"ListItem","position":1,"name":"Portada","item":"https:\/\/diariotextual.com\/inicio\/"},{"@type":"ListItem","position":2,"name":"Por el brote de Catril\u00f3, suspendieron los encuentros sociales en toda La Pampa"}]},{"@type":"WebSite","@id":"https:\/\/diariotextual.com\/inicio\/#website","url":"https:\/\/diariotextual.com\/inicio\/","name":"Diario Textual","description":"","publisher":{"@id":"https:\/\/diariotextual.com\/inicio\/#organization"},"potentialAction":[{"@type":"SearchAction","target":{"@type":"EntryPoint","urlTemplate":"https:\/\/diariotextual.com\/inicio\/?s={search_term_string}"},"query-input":{"@type":"PropertyValueSpecification","valueRequired":true,"valueName":"search_term_string"}}],"inLanguage":"es"},{"@type":"Organization","@id":"https:\/\/diariotextual.com\/inicio\/#organization","name":"Diario Textual","url":"https:\/\/diariotextual.com\/inicio\/","logo":{"@type":"ImageObject","inLanguage":"es","@id":"https:\/\/diariotextual.com\/inicio\/#\/schema\/logo\/image\/","url":"https:\/\/diariotextual.com\/inicio\/wp-content\/uploads\/2023\/05\/logotextual1.jpg","contentUrl":"https:\/\/diariotextual.com\/inicio\/wp-content\/uploads\/2023\/05\/logotextual1.jpg","width":516,"height":76,"caption":"Diario Textual"},"image":{"@id":"https:\/\/diariotextual.com\/inicio\/#\/schema\/logo\/image\/"},"sameAs":["https:\/\/www.facebook.com\/eltextual","https:\/\/x.com\/eltextual","http:\/\/www.instagram.com\/eltextual"]},{"@type":"Person","@id":"https:\/\/diariotextual.com\/inicio\/#\/schema\/person\/418fc4093c33e86ed41562db3508f958","name":"Diario1 Diario1","image":{"@type":"ImageObject","inLanguage":"es","@id":"https:\/\/secure.gravatar.com\/avatar\/9167d280179c85bc18be67aa7eda765854300033af4896dd779b608640f2ef7a?s=96&d=mm&r=g","url":"https:\/\/secure.gravatar.com\/avatar\/9167d280179c85bc18be67aa7eda765854300033af4896dd779b608640f2ef7a?s=96&d=mm&r=g","contentUrl":"https:\/\/secure.gravatar.com\/avatar\/9167d280179c85bc18be67aa7eda765854300033af4896dd779b608640f2ef7a?s=96&d=mm&r=g","caption":"Diario1 Diario1"},"url":"https:\/\/diariotextual.com\/inicio\/index.php\/author\/diario1\/"}]}},"_links":{"self":[{"href":"https:\/\/diariotextual.com\/inicio\/index.php\/wp-json\/wp\/v2\/posts\/102686","targetHints":{"allow":["GET"]}}],"collection":[{"href":"https:\/\/diariotextual.com\/inicio\/index.php\/wp-json\/wp\/v2\/posts"}],"about":[{"href":"https:\/\/diariotextual.com\/inicio\/index.php\/wp-json\/wp\/v2\/types\/post"}],"author":[{"embeddable":true,"href":"https:\/\/diariotextual.com\/inicio\/index.php\/wp-json\/wp\/v2\/users\/3"}],"replies":[{"embeddable":true,"href":"https:\/\/diariotextual.com\/inicio\/index.php\/wp-json\/wp\/v2\/comments?post=102686"}],"version-history":[{"count":23,"href":"https:\/\/diariotextual.com\/inicio\/index.php\/wp-json\/wp\/v2\/posts\/102686\/revisions"}],"predecessor-version":[{"id":102826,"href":"https:\/\/diariotextual.com\/inicio\/index.php\/wp-json\/wp\/v2\/posts\/102686\/revisions\/102826"}],"wp:featuredmedia":[{"embeddable":true,"href":"https:\/\/diariotextual.com\/inicio\/index.php\/wp-json\/wp\/v2\/media\/99040"}],"wp:attachment":[{"href":"https:\/\/diariotextual.com\/inicio\/index.php\/wp-json\/wp\/v2\/media?parent=102686"}],"wp:term":[{"taxonomy":"category","embeddable":true,"href":"https:\/\/diariotextual.com\/inicio\/index.php\/wp-json\/wp\/v2\/categories?post=102686"},{"taxonomy":"post_tag","embeddable":true,"href":"https:\/\/diariotextual.com\/inicio\/index.php\/wp-json\/wp\/v2\/tags?post=102686"}],"curies":[{"name":"wp","href":"https:\/\/api.w.org\/{rel}","templated":true}]}}