{"id":102714,"date":"2020-07-24T13:18:40","date_gmt":"2020-07-24T16:18:40","guid":{"rendered":"http:\/\/diariotextual.com\/inicio\/?p=102714"},"modified":"2020-07-24T14:38:45","modified_gmt":"2020-07-24T17:38:45","slug":"ziliotto-resalto-la-responsabilidad-empresarial-local-gastronomico","status":"publish","type":"post","link":"https:\/\/diariotextual.com\/inicio\/index.php\/2020\/07\/24\/ziliotto-resalto-la-responsabilidad-empresarial-local-gastronomico\/","title":{"rendered":"Ziliotto resalt\u00f3 la responsabilidad empresarial de un local gastron\u00f3mico"},"content":{"rendered":"<p>El gobernador <strong>Sergio Ziliotto<\/strong> resalt\u00f3 la <strong>\u00abresponsabilidad empresarial\u00bb<\/strong> del local gastron\u00f3mico al que concurrieron d\u00edas atr\u00e1s cuatro personas de Catril\u00f3 que dieron positivo de Covid-19 y compartieron la mesa con dos santarrose\u00f1os. <strong>\u00abGracias a que se respet\u00f3 el protocolo, asentaron a todas las personas con nombre, apellido y tel\u00e9fono y as\u00ed pudimos identificarlos\u00bb<\/strong>, dijo.<\/p>\n<p>El mandatario hizo hincapi\u00e9 en la responsabilidad social en varias oportunidades de la conferencia de prensa que brind\u00f3 este mediod\u00eda en Casa de Gobierno donde dio informaci\u00f3n sobre el brote de coronavirus en Catril\u00f3.<\/p>\n<p><strong>\u00abAca podemos hablar de irresponsabilidad social, pero tambi\u00e9n de responsabilidad empresarial porque cuatro de las catorce personas que dieron positivo de Covid-19 vinieron desde Catril\u00f3 a un lugar gastron\u00f3mico de Santa Rosa la semana pasada. \u00bfC\u00f3mo pudimos focalizarlos? Porque este lugar gastron\u00f3mico, como indican los protocolos, tiene asentadas a todas las personas que en ese momento estuvieron con ese grupo de cuatro vecinos de Catril\u00f3. Con ellos compartieron la mesa dos personas de Santa Rosa. Todos est\u00e1n identificados con nombre, apellido y tel\u00e9fono\u00bb<\/strong>, explic\u00f3.<\/p>\n<p>\u00abPor eso a la gente le pedimos responsabilidad social y a las empresas y comercios que cumplan a rajatabla los protocolos, que respeten las personas por metros cuadrados, el distanciamiento, las medidas de higiene y el uso del tapaboca\u00bb, remarc\u00f3.<\/p>\n<p>Pidi\u00f3 que el resto de la sociedad cumpla un \u00abaislamiento social voluntario\u00bb hasta que se logre cortar la cadena de contagios. \u00abSi no hay que salir, no salgan. Que lo hagan solamente los que tienen que salir a trabajar para llevar un plato de comida a su mesa\u00bb, dijo.<\/p>\n","protected":false},"excerpt":{"rendered":"<p>El gobernador Sergio Ziliotto resalt\u00f3 la \u00abresponsabilidad empresarial\u00bb del local gastron\u00f3mico al que concurrieron d\u00edas atr\u00e1s cuatro personas de Catril\u00f3 que dieron positivo de Covid-19 y compartieron la mesa con&hellip;<\/p>\n","protected":false},"author":7,"featured_media":95321,"comment_status":"closed","ping_status":"open","sticky":false,"template":"","format":"standard","meta":{"_acf_changed":false,"footnotes":""},"categories":[11,319,12],"tags":[406,2899,3477],"class_list":["post-102714","post","type-post","status-publish","format-standard","has-post-thumbnail","hentry","category-que-pasa","category-a-temporales","category-sociedad","tag-catrilo","tag-covid","tag-responsabilidad"],"acf":[],"yoast_head":"<!-- This site is optimized with the Yoast SEO plugin v27.4 - https:\/\/yoast.com\/product\/yoast-seo-wordpress\/ -->\n<title>Ziliotto resalt\u00f3 la responsabilidad empresarial de un local gastron\u00f3mico - Diario Textual<\/title>\n<meta name=\"robots\" content=\"index, follow, max-snippet:-1, max-image-preview:large, max-video-preview:-1\" \/>\n<link rel=\"canonical\" href=\"https:\/\/diariotextual.com\/inicio\/index.php\/2020\/07\/24\/ziliotto-resalto-la-responsabilidad-empresarial-local-gastronomico\/\" \/>\n<meta property=\"og:locale\" content=\"es_ES\" \/>\n<meta property=\"og:type\" content=\"article\" \/>\n<meta property=\"og:title\" content=\"Ziliotto resalt\u00f3 la responsabilidad empresarial de un local gastron\u00f3mico - Diario Textual\" \/>\n<meta property=\"og:description\" content=\"El gobernador Sergio Ziliotto resalt\u00f3 la \u00abresponsabilidad empresarial\u00bb del local gastron\u00f3mico al que concurrieron d\u00edas atr\u00e1s cuatro personas de Catril\u00f3 que dieron positivo de Covid-19 y compartieron la mesa con&hellip;\" \/>\n<meta property=\"og:url\" content=\"https:\/\/diariotextual.com\/inicio\/index.php\/2020\/07\/24\/ziliotto-resalto-la-responsabilidad-empresarial-local-gastronomico\/\" \/>\n<meta property=\"og:site_name\" content=\"Diario Textual\" \/>\n<meta property=\"article:publisher\" content=\"https:\/\/www.facebook.com\/eltextual\" \/>\n<meta property=\"article:published_time\" content=\"2020-07-24T16:18:40+00:00\" \/>\n<meta property=\"article:modified_time\" content=\"2020-07-24T17:38:45+00:00\" \/>\n<meta property=\"og:image\" content=\"https:\/\/diariotextual.com\/inicio\/wp-content\/uploads\/2020\/05\/ziliottosergiocuarentena2020-1003.jpg\" \/>\n\t<meta property=\"og:image:width\" content=\"1500\" \/>\n\t<meta property=\"og:image:height\" content=\"1001\" \/>\n\t<meta property=\"og:image:type\" content=\"image\/jpeg\" \/>\n<meta name=\"author\" content=\"diario5\" \/>\n<meta name=\"twitter:card\" content=\"summary_large_image\" \/>\n<meta name=\"twitter:creator\" content=\"@eltextual\" \/>\n<meta name=\"twitter:site\" content=\"@eltextual\" \/>\n<meta name=\"twitter:label1\" content=\"Escrito por\" \/>\n\t<meta name=\"twitter:data1\" content=\"diario5\" \/>\n\t<meta name=\"twitter:label2\" content=\"Tiempo de lectura\" \/>\n\t<meta name=\"twitter:data2\" content=\"1 minuto\" \/>\n<script type=\"application\/ld+json\" class=\"yoast-schema-graph\">{\"@context\":\"https:\\\/\\\/schema.org\",\"@graph\":[{\"@type\":\"Article\",\"@id\":\"https:\\\/\\\/diariotextual.com\\\/inicio\\\/index.php\\\/2020\\\/07\\\/24\\\/ziliotto-resalto-la-responsabilidad-empresarial-local-gastronomico\\\/#article\",\"isPartOf\":{\"@id\":\"https:\\\/\\\/diariotextual.com\\\/inicio\\\/index.php\\\/2020\\\/07\\\/24\\\/ziliotto-resalto-la-responsabilidad-empresarial-local-gastronomico\\\/\"},\"author\":{\"name\":\"diario5\",\"@id\":\"https:\\\/\\\/diariotextual.com\\\/inicio\\\/#\\\/schema\\\/person\\\/c7834961ad8b29b1d9cdbf4571299067\"},\"headline\":\"Ziliotto resalt\u00f3 la responsabilidad empresarial de un local gastron\u00f3mico\",\"datePublished\":\"2020-07-24T16:18:40+00:00\",\"dateModified\":\"2020-07-24T17:38:45+00:00\",\"mainEntityOfPage\":{\"@id\":\"https:\\\/\\\/diariotextual.com\\\/inicio\\\/index.php\\\/2020\\\/07\\\/24\\\/ziliotto-resalto-la-responsabilidad-empresarial-local-gastronomico\\\/\"},\"wordCount\":284,\"publisher\":{\"@id\":\"https:\\\/\\\/diariotextual.com\\\/inicio\\\/#organization\"},\"image\":{\"@id\":\"https:\\\/\\\/diariotextual.com\\\/inicio\\\/index.php\\\/2020\\\/07\\\/24\\\/ziliotto-resalto-la-responsabilidad-empresarial-local-gastronomico\\\/#primaryimage\"},\"thumbnailUrl\":\"https:\\\/\\\/diariotextual.com\\\/inicio\\\/wp-content\\\/uploads\\\/2020\\\/05\\\/ziliottosergiocuarentena2020-1003.jpg\",\"keywords\":[\"catrilo\",\"covid\",\"responsabilidad\"],\"articleSection\":[\"A - QUE PASA (al costado)\",\"A - TEMPORALES\",\"SOCIEDAD\"],\"inLanguage\":\"es\"},{\"@type\":\"WebPage\",\"@id\":\"https:\\\/\\\/diariotextual.com\\\/inicio\\\/index.php\\\/2020\\\/07\\\/24\\\/ziliotto-resalto-la-responsabilidad-empresarial-local-gastronomico\\\/\",\"url\":\"https:\\\/\\\/diariotextual.com\\\/inicio\\\/index.php\\\/2020\\\/07\\\/24\\\/ziliotto-resalto-la-responsabilidad-empresarial-local-gastronomico\\\/\",\"name\":\"Ziliotto resalt\u00f3 la responsabilidad empresarial de un local gastron\u00f3mico - Diario Textual\",\"isPartOf\":{\"@id\":\"https:\\\/\\\/diariotextual.com\\\/inicio\\\/#website\"},\"primaryImageOfPage\":{\"@id\":\"https:\\\/\\\/diariotextual.com\\\/inicio\\\/index.php\\\/2020\\\/07\\\/24\\\/ziliotto-resalto-la-responsabilidad-empresarial-local-gastronomico\\\/#primaryimage\"},\"image\":{\"@id\":\"https:\\\/\\\/diariotextual.com\\\/inicio\\\/index.php\\\/2020\\\/07\\\/24\\\/ziliotto-resalto-la-responsabilidad-empresarial-local-gastronomico\\\/#primaryimage\"},\"thumbnailUrl\":\"https:\\\/\\\/diariotextual.com\\\/inicio\\\/wp-content\\\/uploads\\\/2020\\\/05\\\/ziliottosergiocuarentena2020-1003.jpg\",\"datePublished\":\"2020-07-24T16:18:40+00:00\",\"dateModified\":\"2020-07-24T17:38:45+00:00\",\"breadcrumb\":{\"@id\":\"https:\\\/\\\/diariotextual.com\\\/inicio\\\/index.php\\\/2020\\\/07\\\/24\\\/ziliotto-resalto-la-responsabilidad-empresarial-local-gastronomico\\\/#breadcrumb\"},\"inLanguage\":\"es\",\"potentialAction\":[{\"@type\":\"ReadAction\",\"target\":[\"https:\\\/\\\/diariotextual.com\\\/inicio\\\/index.php\\\/2020\\\/07\\\/24\\\/ziliotto-resalto-la-responsabilidad-empresarial-local-gastronomico\\\/\"]}]},{\"@type\":\"ImageObject\",\"inLanguage\":\"es\",\"@id\":\"https:\\\/\\\/diariotextual.com\\\/inicio\\\/index.php\\\/2020\\\/07\\\/24\\\/ziliotto-resalto-la-responsabilidad-empresarial-local-gastronomico\\\/#primaryimage\",\"url\":\"https:\\\/\\\/diariotextual.com\\\/inicio\\\/wp-content\\\/uploads\\\/2020\\\/05\\\/ziliottosergiocuarentena2020-1003.jpg\",\"contentUrl\":\"https:\\\/\\\/diariotextual.com\\\/inicio\\\/wp-content\\\/uploads\\\/2020\\\/05\\\/ziliottosergiocuarentena2020-1003.jpg\",\"width\":1500,\"height\":1001},{\"@type\":\"BreadcrumbList\",\"@id\":\"https:\\\/\\\/diariotextual.com\\\/inicio\\\/index.php\\\/2020\\\/07\\\/24\\\/ziliotto-resalto-la-responsabilidad-empresarial-local-gastronomico\\\/#breadcrumb\",\"itemListElement\":[{\"@type\":\"ListItem\",\"position\":1,\"name\":\"Portada\",\"item\":\"https:\\\/\\\/diariotextual.com\\\/inicio\\\/\"},{\"@type\":\"ListItem\",\"position\":2,\"name\":\"Ziliotto resalt\u00f3 la responsabilidad empresarial de un local gastron\u00f3mico\"}]},{\"@type\":\"WebSite\",\"@id\":\"https:\\\/\\\/diariotextual.com\\\/inicio\\\/#website\",\"url\":\"https:\\\/\\\/diariotextual.com\\\/inicio\\\/\",\"name\":\"Diario Textual\",\"description\":\"\",\"publisher\":{\"@id\":\"https:\\\/\\\/diariotextual.com\\\/inicio\\\/#organization\"},\"potentialAction\":[{\"@type\":\"SearchAction\",\"target\":{\"@type\":\"EntryPoint\",\"urlTemplate\":\"https:\\\/\\\/diariotextual.com\\\/inicio\\\/?s={search_term_string}\"},\"query-input\":{\"@type\":\"PropertyValueSpecification\",\"valueRequired\":true,\"valueName\":\"search_term_string\"}}],\"inLanguage\":\"es\"},{\"@type\":\"Organization\",\"@id\":\"https:\\\/\\\/diariotextual.com\\\/inicio\\\/#organization\",\"name\":\"Diario Textual\",\"url\":\"https:\\\/\\\/diariotextual.com\\\/inicio\\\/\",\"logo\":{\"@type\":\"ImageObject\",\"inLanguage\":\"es\",\"@id\":\"https:\\\/\\\/diariotextual.com\\\/inicio\\\/#\\\/schema\\\/logo\\\/image\\\/\",\"url\":\"https:\\\/\\\/diariotextual.com\\\/inicio\\\/wp-content\\\/uploads\\\/2023\\\/05\\\/logotextual1.jpg\",\"contentUrl\":\"https:\\\/\\\/diariotextual.com\\\/inicio\\\/wp-content\\\/uploads\\\/2023\\\/05\\\/logotextual1.jpg\",\"width\":516,\"height\":76,\"caption\":\"Diario Textual\"},\"image\":{\"@id\":\"https:\\\/\\\/diariotextual.com\\\/inicio\\\/#\\\/schema\\\/logo\\\/image\\\/\"},\"sameAs\":[\"https:\\\/\\\/www.facebook.com\\\/eltextual\",\"https:\\\/\\\/x.com\\\/eltextual\",\"http:\\\/\\\/www.instagram.com\\\/eltextual\"]},{\"@type\":\"Person\",\"@id\":\"https:\\\/\\\/diariotextual.com\\\/inicio\\\/#\\\/schema\\\/person\\\/c7834961ad8b29b1d9cdbf4571299067\",\"name\":\"diario5\",\"image\":{\"@type\":\"ImageObject\",\"inLanguage\":\"es\",\"@id\":\"https:\\\/\\\/secure.gravatar.com\\\/avatar\\\/948c893b847ca6df68216ead81b63f363408ec9b0f600fefc0641ce78613b111?s=96&d=mm&r=g\",\"url\":\"https:\\\/\\\/secure.gravatar.com\\\/avatar\\\/948c893b847ca6df68216ead81b63f363408ec9b0f600fefc0641ce78613b111?s=96&d=mm&r=g\",\"contentUrl\":\"https:\\\/\\\/secure.gravatar.com\\\/avatar\\\/948c893b847ca6df68216ead81b63f363408ec9b0f600fefc0641ce78613b111?s=96&d=mm&r=g\",\"caption\":\"diario5\"},\"url\":\"https:\\\/\\\/diariotextual.com\\\/inicio\\\/index.php\\\/author\\\/diario5\\\/\"}]}<\/script>\n<!-- \/ Yoast SEO plugin. -->","yoast_head_json":{"title":"Ziliotto resalt\u00f3 la responsabilidad empresarial de un local gastron\u00f3mico - Diario Textual","robots":{"index":"index","follow":"follow","max-snippet":"max-snippet:-1","max-image-preview":"max-image-preview:large","max-video-preview":"max-video-preview:-1"},"canonical":"https:\/\/diariotextual.com\/inicio\/index.php\/2020\/07\/24\/ziliotto-resalto-la-responsabilidad-empresarial-local-gastronomico\/","og_locale":"es_ES","og_type":"article","og_title":"Ziliotto resalt\u00f3 la responsabilidad empresarial de un local gastron\u00f3mico - Diario Textual","og_description":"El gobernador Sergio Ziliotto resalt\u00f3 la \u00abresponsabilidad empresarial\u00bb del local gastron\u00f3mico al que concurrieron d\u00edas atr\u00e1s cuatro personas de Catril\u00f3 que dieron positivo de Covid-19 y compartieron la mesa con&hellip;","og_url":"https:\/\/diariotextual.com\/inicio\/index.php\/2020\/07\/24\/ziliotto-resalto-la-responsabilidad-empresarial-local-gastronomico\/","og_site_name":"Diario Textual","article_publisher":"https:\/\/www.facebook.com\/eltextual","article_published_time":"2020-07-24T16:18:40+00:00","article_modified_time":"2020-07-24T17:38:45+00:00","og_image":[{"width":1500,"height":1001,"url":"https:\/\/diariotextual.com\/inicio\/wp-content\/uploads\/2020\/05\/ziliottosergiocuarentena2020-1003.jpg","type":"image\/jpeg"}],"author":"diario5","twitter_card":"summary_large_image","twitter_creator":"@eltextual","twitter_site":"@eltextual","twitter_misc":{"Escrito por":"diario5","Tiempo de lectura":"1 minuto"},"schema":{"@context":"https:\/\/schema.org","@graph":[{"@type":"Article","@id":"https:\/\/diariotextual.com\/inicio\/index.php\/2020\/07\/24\/ziliotto-resalto-la-responsabilidad-empresarial-local-gastronomico\/#article","isPartOf":{"@id":"https:\/\/diariotextual.com\/inicio\/index.php\/2020\/07\/24\/ziliotto-resalto-la-responsabilidad-empresarial-local-gastronomico\/"},"author":{"name":"diario5","@id":"https:\/\/diariotextual.com\/inicio\/#\/schema\/person\/c7834961ad8b29b1d9cdbf4571299067"},"headline":"Ziliotto resalt\u00f3 la responsabilidad empresarial de un local gastron\u00f3mico","datePublished":"2020-07-24T16:18:40+00:00","dateModified":"2020-07-24T17:38:45+00:00","mainEntityOfPage":{"@id":"https:\/\/diariotextual.com\/inicio\/index.php\/2020\/07\/24\/ziliotto-resalto-la-responsabilidad-empresarial-local-gastronomico\/"},"wordCount":284,"publisher":{"@id":"https:\/\/diariotextual.com\/inicio\/#organization"},"image":{"@id":"https:\/\/diariotextual.com\/inicio\/index.php\/2020\/07\/24\/ziliotto-resalto-la-responsabilidad-empresarial-local-gastronomico\/#primaryimage"},"thumbnailUrl":"https:\/\/diariotextual.com\/inicio\/wp-content\/uploads\/2020\/05\/ziliottosergiocuarentena2020-1003.jpg","keywords":["catrilo","covid","responsabilidad"],"articleSection":["A - QUE PASA (al costado)","A - TEMPORALES","SOCIEDAD"],"inLanguage":"es"},{"@type":"WebPage","@id":"https:\/\/diariotextual.com\/inicio\/index.php\/2020\/07\/24\/ziliotto-resalto-la-responsabilidad-empresarial-local-gastronomico\/","url":"https:\/\/diariotextual.com\/inicio\/index.php\/2020\/07\/24\/ziliotto-resalto-la-responsabilidad-empresarial-local-gastronomico\/","name":"Ziliotto resalt\u00f3 la responsabilidad empresarial de un local gastron\u00f3mico - Diario Textual","isPartOf":{"@id":"https:\/\/diariotextual.com\/inicio\/#website"},"primaryImageOfPage":{"@id":"https:\/\/diariotextual.com\/inicio\/index.php\/2020\/07\/24\/ziliotto-resalto-la-responsabilidad-empresarial-local-gastronomico\/#primaryimage"},"image":{"@id":"https:\/\/diariotextual.com\/inicio\/index.php\/2020\/07\/24\/ziliotto-resalto-la-responsabilidad-empresarial-local-gastronomico\/#primaryimage"},"thumbnailUrl":"https:\/\/diariotextual.com\/inicio\/wp-content\/uploads\/2020\/05\/ziliottosergiocuarentena2020-1003.jpg","datePublished":"2020-07-24T16:18:40+00:00","dateModified":"2020-07-24T17:38:45+00:00","breadcrumb":{"@id":"https:\/\/diariotextual.com\/inicio\/index.php\/2020\/07\/24\/ziliotto-resalto-la-responsabilidad-empresarial-local-gastronomico\/#breadcrumb"},"inLanguage":"es","potentialAction":[{"@type":"ReadAction","target":["https:\/\/diariotextual.com\/inicio\/index.php\/2020\/07\/24\/ziliotto-resalto-la-responsabilidad-empresarial-local-gastronomico\/"]}]},{"@type":"ImageObject","inLanguage":"es","@id":"https:\/\/diariotextual.com\/inicio\/index.php\/2020\/07\/24\/ziliotto-resalto-la-responsabilidad-empresarial-local-gastronomico\/#primaryimage","url":"https:\/\/diariotextual.com\/inicio\/wp-content\/uploads\/2020\/05\/ziliottosergiocuarentena2020-1003.jpg","contentUrl":"https:\/\/diariotextual.com\/inicio\/wp-content\/uploads\/2020\/05\/ziliottosergiocuarentena2020-1003.jpg","width":1500,"height":1001},{"@type":"BreadcrumbList","@id":"https:\/\/diariotextual.com\/inicio\/index.php\/2020\/07\/24\/ziliotto-resalto-la-responsabilidad-empresarial-local-gastronomico\/#breadcrumb","itemListElement":[{"@type":"ListItem","position":1,"name":"Portada","item":"https:\/\/diariotextual.com\/inicio\/"},{"@type":"ListItem","position":2,"name":"Ziliotto resalt\u00f3 la responsabilidad empresarial de un local gastron\u00f3mico"}]},{"@type":"WebSite","@id":"https:\/\/diariotextual.com\/inicio\/#website","url":"https:\/\/diariotextual.com\/inicio\/","name":"Diario Textual","description":"","publisher":{"@id":"https:\/\/diariotextual.com\/inicio\/#organization"},"potentialAction":[{"@type":"SearchAction","target":{"@type":"EntryPoint","urlTemplate":"https:\/\/diariotextual.com\/inicio\/?s={search_term_string}"},"query-input":{"@type":"PropertyValueSpecification","valueRequired":true,"valueName":"search_term_string"}}],"inLanguage":"es"},{"@type":"Organization","@id":"https:\/\/diariotextual.com\/inicio\/#organization","name":"Diario Textual","url":"https:\/\/diariotextual.com\/inicio\/","logo":{"@type":"ImageObject","inLanguage":"es","@id":"https:\/\/diariotextual.com\/inicio\/#\/schema\/logo\/image\/","url":"https:\/\/diariotextual.com\/inicio\/wp-content\/uploads\/2023\/05\/logotextual1.jpg","contentUrl":"https:\/\/diariotextual.com\/inicio\/wp-content\/uploads\/2023\/05\/logotextual1.jpg","width":516,"height":76,"caption":"Diario Textual"},"image":{"@id":"https:\/\/diariotextual.com\/inicio\/#\/schema\/logo\/image\/"},"sameAs":["https:\/\/www.facebook.com\/eltextual","https:\/\/x.com\/eltextual","http:\/\/www.instagram.com\/eltextual"]},{"@type":"Person","@id":"https:\/\/diariotextual.com\/inicio\/#\/schema\/person\/c7834961ad8b29b1d9cdbf4571299067","name":"diario5","image":{"@type":"ImageObject","inLanguage":"es","@id":"https:\/\/secure.gravatar.com\/avatar\/948c893b847ca6df68216ead81b63f363408ec9b0f600fefc0641ce78613b111?s=96&d=mm&r=g","url":"https:\/\/secure.gravatar.com\/avatar\/948c893b847ca6df68216ead81b63f363408ec9b0f600fefc0641ce78613b111?s=96&d=mm&r=g","contentUrl":"https:\/\/secure.gravatar.com\/avatar\/948c893b847ca6df68216ead81b63f363408ec9b0f600fefc0641ce78613b111?s=96&d=mm&r=g","caption":"diario5"},"url":"https:\/\/diariotextual.com\/inicio\/index.php\/author\/diario5\/"}]}},"_links":{"self":[{"href":"https:\/\/diariotextual.com\/inicio\/index.php\/wp-json\/wp\/v2\/posts\/102714","targetHints":{"allow":["GET"]}}],"collection":[{"href":"https:\/\/diariotextual.com\/inicio\/index.php\/wp-json\/wp\/v2\/posts"}],"about":[{"href":"https:\/\/diariotextual.com\/inicio\/index.php\/wp-json\/wp\/v2\/types\/post"}],"author":[{"embeddable":true,"href":"https:\/\/diariotextual.com\/inicio\/index.php\/wp-json\/wp\/v2\/users\/7"}],"replies":[{"embeddable":true,"href":"https:\/\/diariotextual.com\/inicio\/index.php\/wp-json\/wp\/v2\/comments?post=102714"}],"version-history":[{"count":1,"href":"https:\/\/diariotextual.com\/inicio\/index.php\/wp-json\/wp\/v2\/posts\/102714\/revisions"}],"predecessor-version":[{"id":102722,"href":"https:\/\/diariotextual.com\/inicio\/index.php\/wp-json\/wp\/v2\/posts\/102714\/revisions\/102722"}],"wp:featuredmedia":[{"embeddable":true,"href":"https:\/\/diariotextual.com\/inicio\/index.php\/wp-json\/wp\/v2\/media\/95321"}],"wp:attachment":[{"href":"https:\/\/diariotextual.com\/inicio\/index.php\/wp-json\/wp\/v2\/media?parent=102714"}],"wp:term":[{"taxonomy":"category","embeddable":true,"href":"https:\/\/diariotextual.com\/inicio\/index.php\/wp-json\/wp\/v2\/categories?post=102714"},{"taxonomy":"post_tag","embeddable":true,"href":"https:\/\/diariotextual.com\/inicio\/index.php\/wp-json\/wp\/v2\/tags?post=102714"}],"curies":[{"name":"wp","href":"https:\/\/api.w.org\/{rel}","templated":true}]}}