{"id":102726,"date":"2020-07-24T13:55:12","date_gmt":"2020-07-24T16:55:12","guid":{"rendered":"http:\/\/diariotextual.com\/inicio\/?p=102726"},"modified":"2020-07-24T17:57:08","modified_gmt":"2020-07-24T20:57:08","slug":"santa-rosa-suspendio-las-actividades-recreativas-plazas-parque-don-tomas","status":"publish","type":"post","link":"https:\/\/diariotextual.com\/inicio\/index.php\/2020\/07\/24\/santa-rosa-suspendio-las-actividades-recreativas-plazas-parque-don-tomas\/","title":{"rendered":"Santa Rosa suspendi\u00f3 las actividades recreativas en plazas y el Parque Don Tom\u00e1s"},"content":{"rendered":"<p>La municipalidad de <strong>Santa Rosa<\/strong> dispuso hoy, a partir del<strong> brote de coronavirus en Catril\u00f3<\/strong>, la suspensi\u00f3n de las actividades recreativas en todas las plazas e incluso en el Parque Don Tom\u00e1s. Igual en este \u00faltimo espacio se podr\u00e1n seguir desarrollando actividades aer\u00f3bicas, como caminar o correr.<\/p>\n<p>Hay, actualmente,<strong> 14 casos positivos en Catril\u00f3<\/strong>. Pero, adem\u00e1s,<strong> un centenar de casos estrechos que tienen seguimiento epidemiol\u00f3gico por la posibilidad de que hayan sido contagiados. Entre ellos, hay santarrose\u00f1os.<\/strong><\/p>\n<p>En la capital pampeana hay, actualmente, un solo caso activo: es la due\u00f1a de una verduler\u00eda, que no tiene relaci\u00f3n con el brote de Catril\u00f3.<\/p>\n<p>\u00abAnte la aparici\u00f3n en nuestra provincia de los nuevos casos de personas afectadas por la COVID 19, este municipio ha dispuesto una serie de medidas tendientes a prevenir la propagaci\u00f3n de este virus. Es as\u00ed que se suspenden todas las actividades recreativas (y eventualmente de cualquier otro tipo) en los parques y plazas de la ciudad, incluyendo al Centro Don Tom\u00e1s, donde se podr\u00e1n desarrollar actividades aer\u00f3bicas, como caminar o correr, pero sin la posibilidad de detenerse en ning\u00fan lugar del predio\u00bb, se inform\u00f3.<\/p>\n<p>Tambi\u00e9n se ha dispuesto la suspensi\u00f3n de la jornada de castraci\u00f3n y vacunaci\u00f3n de mascotas prevista para este s\u00e1bado en el predio de Hucal y Conhelo.<\/p>\n<p>&nbsp;<\/p>\n<p><strong>Tr\u00e1nsito<\/strong><\/p>\n<p>Se ha dispuesto que el pr\u00f3ximo lunes 27 no se atienda al p\u00fablico en la Direcci\u00f3n de Tr\u00e1nsito. Y por otro, el intendente Luciano di Napoli, a trav\u00e9s de la resoluci\u00f3n 708 del presente a\u00f1o, dispuso la pr\u00f3rroga por 90 d\u00edas de todas las licencias de conducir cuyo vencimiento operara entre el 15 de junio y el 15 de setiembre de 2020.<\/p>\n<p>&nbsp;<\/p>\n<p><strong>Sin reuniones sociales<\/strong><\/p>\n<p>El gobernador\u00a0<strong>Sergio Ziliotto<\/strong>\u00a0anunci\u00f3 este viernes al mediod\u00eda que por\u00a0<strong>el brote de coronavirus en Catril\u00f3<\/strong>\u00a0fueron\u00a0<strong>suspendidos, en forma preventiva y transitoriamente, los encuentros sociales y familiares y las actividades gastron\u00f3micas con atenci\u00f3n en locales<\/strong>. Tambi\u00e9n, dijo,<strong>\u00a0se suspendi\u00f3 la reapertura del Parque Luro<\/strong>, aunque sigue en pie la vuelta de\u00a0<strong>la hoteler\u00eda<\/strong>\u00a0y\u00a0<strong>del turismo interno<\/strong>.<\/p>\n<p>En el anuncio, realizado en el Sal\u00f3n de Acuerdos de Casa de Gobierno, estuvo acompa\u00f1ado por el vicegobernador Mariano Fern\u00e1ndez; el ministro de Salud, Rub\u00e9n Kohan; y el secretario de Trabajo, Marcelo Pedehonta\u00e1.<\/p>\n<p>&nbsp;<\/p>\n<blockquote class=\"wp-embedded-content\" data-secret=\"XRs4dbi0sB\"><p><a href=\"http:\/\/diariotextual.com\/inicio\/index.php\/2020\/07\/24\/brote-catrilo-suspendieron-los-encuentros-sociales-toda-la-pampa\/\">Por el brote de Catril\u00f3, suspendieron los encuentros sociales en toda La Pampa<\/a><\/p><\/blockquote>\n<p><iframe class=\"wp-embedded-content\" sandbox=\"allow-scripts\" security=\"restricted\" style=\"position: absolute; clip: rect(1px, 1px, 1px, 1px);\" src=\"http:\/\/diariotextual.com\/inicio\/index.php\/2020\/07\/24\/brote-catrilo-suspendieron-los-encuentros-sociales-toda-la-pampa\/embed\/#?secret=XRs4dbi0sB\" data-secret=\"XRs4dbi0sB\" width=\"600\" height=\"338\" title=\"&#171;Por el brote de Catril\u00f3, suspendieron los encuentros sociales en toda La Pampa&#187; &#8212; Diario Textual\" frameborder=\"0\" marginwidth=\"0\" marginheight=\"0\" scrolling=\"no\"><\/iframe><\/p>\n<p>&nbsp;<\/p>\n<p>Kohan dijo que<strong>\u00a0\u00abes obvio y no hay dudas\u00bb de que el brote en Catril\u00f3 fue generado por el contacto de un pampeano con un camionero de Pellegrini.<\/strong><\/p>\n<p>Ayer al mediod\u00eda se dieron a conocer los dos casos positivos de Covid-19 en Catril\u00f3. \u201cEl 90 por ciento de la actividad que desarrollaron estas personas fue en Catril\u00f3\u00bb, dijo Ziliotto. \u00abPor eso ayer decidimos que Catril\u00f3 vuelva a Fase 1, para evitar la propagaci\u00f3n del virus\u201d, dijo.<\/p>\n<p>Hoy se sumaron otros 12 positivos.\u00a0\u201c<strong>\u00bfQu\u00e9 pasa hoy con estos 12 casos positivos? Empezamos a buscar los casos estrechos. El tema es que esos casos estrechos exceden el \u00e1mbito de Catril\u00f3. Por eso, hemos tomado medidas preventivas: vamos a suspender en forma preventiva y transitoria las actividades que signifiquen aglomeraci\u00f3n de personas para que estos contactos estrechos, que estamos tratando de identificar<\/strong>\u201d, dijo.<\/p>\n<p><strong>De los 12 \u00faltimos positivos, ya hay 79 contactos estrechos.<\/strong>\u00a0\u201cY no solo pertenecen a Catril\u00f3. No se trata de estigmatizar a nadie. Se trata de focalizar\u201d, dijo Ziliotto.\u00a0\u201c<strong>No son asesinos los que se contagiaron<\/strong>. Solo queremos que nos den informaci\u00f3n (de sus actividades y contactos) para focalizar\u201d, insisti\u00f3.<\/p>\n<p>&nbsp;<\/p>\n<blockquote class=\"wp-embedded-content\" data-secret=\"4U9Tcafwkd\"><p><a href=\"http:\/\/diariotextual.com\/inicio\/index.php\/2020\/07\/24\/ziliotto-resalto-la-responsabilidad-empresarial-local-gastronomico\/\">Ziliotto resalt\u00f3 la responsabilidad empresarial de un local gastron\u00f3mico<\/a><\/p><\/blockquote>\n<p><iframe class=\"wp-embedded-content\" sandbox=\"allow-scripts\" security=\"restricted\" style=\"position: absolute; clip: rect(1px, 1px, 1px, 1px);\" src=\"http:\/\/diariotextual.com\/inicio\/index.php\/2020\/07\/24\/ziliotto-resalto-la-responsabilidad-empresarial-local-gastronomico\/embed\/#?secret=4U9Tcafwkd\" data-secret=\"4U9Tcafwkd\" width=\"600\" height=\"338\" title=\"&#171;Ziliotto resalt\u00f3 la responsabilidad empresarial de un local gastron\u00f3mico&#187; &#8212; Diario Textual\" frameborder=\"0\" marginwidth=\"0\" marginheight=\"0\" scrolling=\"no\"><\/iframe><\/p>\n<p>&nbsp;<\/p>\n<p>\u201c<strong>Por eso, desde las 15 horas de este viernes, vamos a suspender los encuentros familiares y sociales y la actividad gastron\u00f3mica que significa atenci\u00f3n al p\u00fablico<\/strong>\u201d, dijo. \u00abLa actividad gastron\u00f3mica puede seguir en la modalidad de retiro de comida y por delivery\u00bb, aclar\u00f3.<\/p>\n<p>\u00bfPor cu\u00e1nto tiempo se implementar\u00e1n estas restricciones? \u00abNo lo sabemos\u00bb, respondi\u00f3 el gobernador. \u00abQueremos establecer cu\u00e1les fueron los contactos estrechos\u00bb.<\/p>\n<blockquote class=\"wp-embedded-content\" data-secret=\"Q01rvDQnha\"><p><a href=\"http:\/\/diariotextual.com\/inicio\/index.php\/2020\/07\/24\/otros-79-contactos-estrechos-los-12-positivos-catrilo\/\">Cien personas, de diferentes localidades, con contacto estrecho con los positivos de Catril\u00f3<\/a><\/p><\/blockquote>\n<p><iframe class=\"wp-embedded-content\" sandbox=\"allow-scripts\" security=\"restricted\" style=\"position: absolute; clip: rect(1px, 1px, 1px, 1px);\" src=\"http:\/\/diariotextual.com\/inicio\/index.php\/2020\/07\/24\/otros-79-contactos-estrechos-los-12-positivos-catrilo\/embed\/#?secret=Q01rvDQnha\" data-secret=\"Q01rvDQnha\" width=\"600\" height=\"338\" title=\"&#171;Cien personas, de diferentes localidades, con contacto estrecho con los positivos de Catril\u00f3&#187; &#8212; Diario Textual\" frameborder=\"0\" marginwidth=\"0\" marginheight=\"0\" scrolling=\"no\"><\/iframe><\/p>\n<p>&nbsp;<\/p>\n<p>&nbsp;<\/p>\n<p>&nbsp;<\/p>\n<p>&nbsp;<\/p>\n","protected":false},"excerpt":{"rendered":"<p>La municipalidad de Santa Rosa dispuso hoy, a partir del brote de coronavirus en Catril\u00f3, la suspensi\u00f3n de las actividades recreativas en todas las plazas e incluso en el Parque&hellip;<\/p>\n","protected":false},"author":3,"featured_media":94738,"comment_status":"closed","ping_status":"open","sticky":false,"template":"","format":"standard","meta":{"_acf_changed":false,"footnotes":""},"categories":[11,319,12],"tags":[1340],"class_list":["post-102726","post","type-post","status-publish","format-standard","has-post-thumbnail","hentry","category-que-pasa","category-a-temporales","category-sociedad","tag-don-tomas"],"acf":[],"yoast_head":"<!-- This site is optimized with the Yoast SEO plugin v27.4 - https:\/\/yoast.com\/product\/yoast-seo-wordpress\/ -->\n<title>Santa Rosa suspendi\u00f3 las actividades recreativas en plazas y el Parque Don Tom\u00e1s - Diario Textual<\/title>\n<meta name=\"robots\" content=\"index, follow, max-snippet:-1, max-image-preview:large, max-video-preview:-1\" \/>\n<link rel=\"canonical\" href=\"https:\/\/diariotextual.com\/inicio\/index.php\/2020\/07\/24\/santa-rosa-suspendio-las-actividades-recreativas-plazas-parque-don-tomas\/\" \/>\n<meta property=\"og:locale\" content=\"es_ES\" \/>\n<meta property=\"og:type\" content=\"article\" \/>\n<meta property=\"og:title\" content=\"Santa Rosa suspendi\u00f3 las actividades recreativas en plazas y el Parque Don Tom\u00e1s - Diario Textual\" \/>\n<meta property=\"og:description\" content=\"La municipalidad de Santa Rosa dispuso hoy, a partir del brote de coronavirus en Catril\u00f3, la suspensi\u00f3n de las actividades recreativas en todas las plazas e incluso en el Parque&hellip;\" \/>\n<meta property=\"og:url\" content=\"https:\/\/diariotextual.com\/inicio\/index.php\/2020\/07\/24\/santa-rosa-suspendio-las-actividades-recreativas-plazas-parque-don-tomas\/\" \/>\n<meta property=\"og:site_name\" content=\"Diario Textual\" \/>\n<meta property=\"article:publisher\" content=\"https:\/\/www.facebook.com\/eltextual\" \/>\n<meta property=\"article:published_time\" content=\"2020-07-24T16:55:12+00:00\" \/>\n<meta property=\"article:modified_time\" content=\"2020-07-24T20:57:08+00:00\" \/>\n<meta property=\"og:image\" content=\"https:\/\/diariotextual.com\/inicio\/wp-content\/uploads\/2020\/05\/cuarentenaparquedontomas2020-4.jpg\" \/>\n\t<meta property=\"og:image:width\" content=\"3220\" \/>\n\t<meta property=\"og:image:height\" content=\"1941\" \/>\n\t<meta property=\"og:image:type\" content=\"image\/jpeg\" \/>\n<meta name=\"author\" content=\"Diario1 Diario1\" \/>\n<meta name=\"twitter:card\" content=\"summary_large_image\" \/>\n<meta name=\"twitter:creator\" content=\"@eltextual\" \/>\n<meta name=\"twitter:site\" content=\"@eltextual\" \/>\n<meta name=\"twitter:label1\" content=\"Escrito por\" \/>\n\t<meta name=\"twitter:data1\" content=\"Diario1 Diario1\" \/>\n\t<meta name=\"twitter:label2\" content=\"Tiempo de lectura\" \/>\n\t<meta name=\"twitter:data2\" content=\"3 minutos\" \/>\n<script type=\"application\/ld+json\" class=\"yoast-schema-graph\">{\"@context\":\"https:\\\/\\\/schema.org\",\"@graph\":[{\"@type\":\"Article\",\"@id\":\"https:\\\/\\\/diariotextual.com\\\/inicio\\\/index.php\\\/2020\\\/07\\\/24\\\/santa-rosa-suspendio-las-actividades-recreativas-plazas-parque-don-tomas\\\/#article\",\"isPartOf\":{\"@id\":\"https:\\\/\\\/diariotextual.com\\\/inicio\\\/index.php\\\/2020\\\/07\\\/24\\\/santa-rosa-suspendio-las-actividades-recreativas-plazas-parque-don-tomas\\\/\"},\"author\":{\"name\":\"Diario1 Diario1\",\"@id\":\"https:\\\/\\\/diariotextual.com\\\/inicio\\\/#\\\/schema\\\/person\\\/418fc4093c33e86ed41562db3508f958\"},\"headline\":\"Santa Rosa suspendi\u00f3 las actividades recreativas en plazas y el Parque Don Tom\u00e1s\",\"datePublished\":\"2020-07-24T16:55:12+00:00\",\"dateModified\":\"2020-07-24T20:57:08+00:00\",\"mainEntityOfPage\":{\"@id\":\"https:\\\/\\\/diariotextual.com\\\/inicio\\\/index.php\\\/2020\\\/07\\\/24\\\/santa-rosa-suspendio-las-actividades-recreativas-plazas-parque-don-tomas\\\/\"},\"wordCount\":706,\"publisher\":{\"@id\":\"https:\\\/\\\/diariotextual.com\\\/inicio\\\/#organization\"},\"image\":{\"@id\":\"https:\\\/\\\/diariotextual.com\\\/inicio\\\/index.php\\\/2020\\\/07\\\/24\\\/santa-rosa-suspendio-las-actividades-recreativas-plazas-parque-don-tomas\\\/#primaryimage\"},\"thumbnailUrl\":\"https:\\\/\\\/diariotextual.com\\\/inicio\\\/wp-content\\\/uploads\\\/2020\\\/05\\\/cuarentenaparquedontomas2020-4.jpg\",\"keywords\":[\"don tomas\"],\"articleSection\":[\"A - QUE PASA (al costado)\",\"A - TEMPORALES\",\"SOCIEDAD\"],\"inLanguage\":\"es\"},{\"@type\":\"WebPage\",\"@id\":\"https:\\\/\\\/diariotextual.com\\\/inicio\\\/index.php\\\/2020\\\/07\\\/24\\\/santa-rosa-suspendio-las-actividades-recreativas-plazas-parque-don-tomas\\\/\",\"url\":\"https:\\\/\\\/diariotextual.com\\\/inicio\\\/index.php\\\/2020\\\/07\\\/24\\\/santa-rosa-suspendio-las-actividades-recreativas-plazas-parque-don-tomas\\\/\",\"name\":\"Santa Rosa suspendi\u00f3 las actividades recreativas en plazas y el Parque Don Tom\u00e1s - Diario Textual\",\"isPartOf\":{\"@id\":\"https:\\\/\\\/diariotextual.com\\\/inicio\\\/#website\"},\"primaryImageOfPage\":{\"@id\":\"https:\\\/\\\/diariotextual.com\\\/inicio\\\/index.php\\\/2020\\\/07\\\/24\\\/santa-rosa-suspendio-las-actividades-recreativas-plazas-parque-don-tomas\\\/#primaryimage\"},\"image\":{\"@id\":\"https:\\\/\\\/diariotextual.com\\\/inicio\\\/index.php\\\/2020\\\/07\\\/24\\\/santa-rosa-suspendio-las-actividades-recreativas-plazas-parque-don-tomas\\\/#primaryimage\"},\"thumbnailUrl\":\"https:\\\/\\\/diariotextual.com\\\/inicio\\\/wp-content\\\/uploads\\\/2020\\\/05\\\/cuarentenaparquedontomas2020-4.jpg\",\"datePublished\":\"2020-07-24T16:55:12+00:00\",\"dateModified\":\"2020-07-24T20:57:08+00:00\",\"breadcrumb\":{\"@id\":\"https:\\\/\\\/diariotextual.com\\\/inicio\\\/index.php\\\/2020\\\/07\\\/24\\\/santa-rosa-suspendio-las-actividades-recreativas-plazas-parque-don-tomas\\\/#breadcrumb\"},\"inLanguage\":\"es\",\"potentialAction\":[{\"@type\":\"ReadAction\",\"target\":[\"https:\\\/\\\/diariotextual.com\\\/inicio\\\/index.php\\\/2020\\\/07\\\/24\\\/santa-rosa-suspendio-las-actividades-recreativas-plazas-parque-don-tomas\\\/\"]}]},{\"@type\":\"ImageObject\",\"inLanguage\":\"es\",\"@id\":\"https:\\\/\\\/diariotextual.com\\\/inicio\\\/index.php\\\/2020\\\/07\\\/24\\\/santa-rosa-suspendio-las-actividades-recreativas-plazas-parque-don-tomas\\\/#primaryimage\",\"url\":\"https:\\\/\\\/diariotextual.com\\\/inicio\\\/wp-content\\\/uploads\\\/2020\\\/05\\\/cuarentenaparquedontomas2020-4.jpg\",\"contentUrl\":\"https:\\\/\\\/diariotextual.com\\\/inicio\\\/wp-content\\\/uploads\\\/2020\\\/05\\\/cuarentenaparquedontomas2020-4.jpg\",\"width\":3220,\"height\":1941},{\"@type\":\"BreadcrumbList\",\"@id\":\"https:\\\/\\\/diariotextual.com\\\/inicio\\\/index.php\\\/2020\\\/07\\\/24\\\/santa-rosa-suspendio-las-actividades-recreativas-plazas-parque-don-tomas\\\/#breadcrumb\",\"itemListElement\":[{\"@type\":\"ListItem\",\"position\":1,\"name\":\"Portada\",\"item\":\"https:\\\/\\\/diariotextual.com\\\/inicio\\\/\"},{\"@type\":\"ListItem\",\"position\":2,\"name\":\"Santa Rosa suspendi\u00f3 las actividades recreativas en plazas y el Parque Don Tom\u00e1s\"}]},{\"@type\":\"WebSite\",\"@id\":\"https:\\\/\\\/diariotextual.com\\\/inicio\\\/#website\",\"url\":\"https:\\\/\\\/diariotextual.com\\\/inicio\\\/\",\"name\":\"Diario Textual\",\"description\":\"\",\"publisher\":{\"@id\":\"https:\\\/\\\/diariotextual.com\\\/inicio\\\/#organization\"},\"potentialAction\":[{\"@type\":\"SearchAction\",\"target\":{\"@type\":\"EntryPoint\",\"urlTemplate\":\"https:\\\/\\\/diariotextual.com\\\/inicio\\\/?s={search_term_string}\"},\"query-input\":{\"@type\":\"PropertyValueSpecification\",\"valueRequired\":true,\"valueName\":\"search_term_string\"}}],\"inLanguage\":\"es\"},{\"@type\":\"Organization\",\"@id\":\"https:\\\/\\\/diariotextual.com\\\/inicio\\\/#organization\",\"name\":\"Diario Textual\",\"url\":\"https:\\\/\\\/diariotextual.com\\\/inicio\\\/\",\"logo\":{\"@type\":\"ImageObject\",\"inLanguage\":\"es\",\"@id\":\"https:\\\/\\\/diariotextual.com\\\/inicio\\\/#\\\/schema\\\/logo\\\/image\\\/\",\"url\":\"https:\\\/\\\/diariotextual.com\\\/inicio\\\/wp-content\\\/uploads\\\/2023\\\/05\\\/logotextual1.jpg\",\"contentUrl\":\"https:\\\/\\\/diariotextual.com\\\/inicio\\\/wp-content\\\/uploads\\\/2023\\\/05\\\/logotextual1.jpg\",\"width\":516,\"height\":76,\"caption\":\"Diario Textual\"},\"image\":{\"@id\":\"https:\\\/\\\/diariotextual.com\\\/inicio\\\/#\\\/schema\\\/logo\\\/image\\\/\"},\"sameAs\":[\"https:\\\/\\\/www.facebook.com\\\/eltextual\",\"https:\\\/\\\/x.com\\\/eltextual\",\"http:\\\/\\\/www.instagram.com\\\/eltextual\"]},{\"@type\":\"Person\",\"@id\":\"https:\\\/\\\/diariotextual.com\\\/inicio\\\/#\\\/schema\\\/person\\\/418fc4093c33e86ed41562db3508f958\",\"name\":\"Diario1 Diario1\",\"image\":{\"@type\":\"ImageObject\",\"inLanguage\":\"es\",\"@id\":\"https:\\\/\\\/secure.gravatar.com\\\/avatar\\\/9167d280179c85bc18be67aa7eda765854300033af4896dd779b608640f2ef7a?s=96&d=mm&r=g\",\"url\":\"https:\\\/\\\/secure.gravatar.com\\\/avatar\\\/9167d280179c85bc18be67aa7eda765854300033af4896dd779b608640f2ef7a?s=96&d=mm&r=g\",\"contentUrl\":\"https:\\\/\\\/secure.gravatar.com\\\/avatar\\\/9167d280179c85bc18be67aa7eda765854300033af4896dd779b608640f2ef7a?s=96&d=mm&r=g\",\"caption\":\"Diario1 Diario1\"},\"url\":\"https:\\\/\\\/diariotextual.com\\\/inicio\\\/index.php\\\/author\\\/diario1\\\/\"}]}<\/script>\n<!-- \/ Yoast SEO plugin. -->","yoast_head_json":{"title":"Santa Rosa suspendi\u00f3 las actividades recreativas en plazas y el Parque Don Tom\u00e1s - Diario Textual","robots":{"index":"index","follow":"follow","max-snippet":"max-snippet:-1","max-image-preview":"max-image-preview:large","max-video-preview":"max-video-preview:-1"},"canonical":"https:\/\/diariotextual.com\/inicio\/index.php\/2020\/07\/24\/santa-rosa-suspendio-las-actividades-recreativas-plazas-parque-don-tomas\/","og_locale":"es_ES","og_type":"article","og_title":"Santa Rosa suspendi\u00f3 las actividades recreativas en plazas y el Parque Don Tom\u00e1s - Diario Textual","og_description":"La municipalidad de Santa Rosa dispuso hoy, a partir del brote de coronavirus en Catril\u00f3, la suspensi\u00f3n de las actividades recreativas en todas las plazas e incluso en el Parque&hellip;","og_url":"https:\/\/diariotextual.com\/inicio\/index.php\/2020\/07\/24\/santa-rosa-suspendio-las-actividades-recreativas-plazas-parque-don-tomas\/","og_site_name":"Diario Textual","article_publisher":"https:\/\/www.facebook.com\/eltextual","article_published_time":"2020-07-24T16:55:12+00:00","article_modified_time":"2020-07-24T20:57:08+00:00","og_image":[{"width":3220,"height":1941,"url":"https:\/\/diariotextual.com\/inicio\/wp-content\/uploads\/2020\/05\/cuarentenaparquedontomas2020-4.jpg","type":"image\/jpeg"}],"author":"Diario1 Diario1","twitter_card":"summary_large_image","twitter_creator":"@eltextual","twitter_site":"@eltextual","twitter_misc":{"Escrito por":"Diario1 Diario1","Tiempo de lectura":"3 minutos"},"schema":{"@context":"https:\/\/schema.org","@graph":[{"@type":"Article","@id":"https:\/\/diariotextual.com\/inicio\/index.php\/2020\/07\/24\/santa-rosa-suspendio-las-actividades-recreativas-plazas-parque-don-tomas\/#article","isPartOf":{"@id":"https:\/\/diariotextual.com\/inicio\/index.php\/2020\/07\/24\/santa-rosa-suspendio-las-actividades-recreativas-plazas-parque-don-tomas\/"},"author":{"name":"Diario1 Diario1","@id":"https:\/\/diariotextual.com\/inicio\/#\/schema\/person\/418fc4093c33e86ed41562db3508f958"},"headline":"Santa Rosa suspendi\u00f3 las actividades recreativas en plazas y el Parque Don Tom\u00e1s","datePublished":"2020-07-24T16:55:12+00:00","dateModified":"2020-07-24T20:57:08+00:00","mainEntityOfPage":{"@id":"https:\/\/diariotextual.com\/inicio\/index.php\/2020\/07\/24\/santa-rosa-suspendio-las-actividades-recreativas-plazas-parque-don-tomas\/"},"wordCount":706,"publisher":{"@id":"https:\/\/diariotextual.com\/inicio\/#organization"},"image":{"@id":"https:\/\/diariotextual.com\/inicio\/index.php\/2020\/07\/24\/santa-rosa-suspendio-las-actividades-recreativas-plazas-parque-don-tomas\/#primaryimage"},"thumbnailUrl":"https:\/\/diariotextual.com\/inicio\/wp-content\/uploads\/2020\/05\/cuarentenaparquedontomas2020-4.jpg","keywords":["don tomas"],"articleSection":["A - QUE PASA (al costado)","A - TEMPORALES","SOCIEDAD"],"inLanguage":"es"},{"@type":"WebPage","@id":"https:\/\/diariotextual.com\/inicio\/index.php\/2020\/07\/24\/santa-rosa-suspendio-las-actividades-recreativas-plazas-parque-don-tomas\/","url":"https:\/\/diariotextual.com\/inicio\/index.php\/2020\/07\/24\/santa-rosa-suspendio-las-actividades-recreativas-plazas-parque-don-tomas\/","name":"Santa Rosa suspendi\u00f3 las actividades recreativas en plazas y el Parque Don Tom\u00e1s - Diario Textual","isPartOf":{"@id":"https:\/\/diariotextual.com\/inicio\/#website"},"primaryImageOfPage":{"@id":"https:\/\/diariotextual.com\/inicio\/index.php\/2020\/07\/24\/santa-rosa-suspendio-las-actividades-recreativas-plazas-parque-don-tomas\/#primaryimage"},"image":{"@id":"https:\/\/diariotextual.com\/inicio\/index.php\/2020\/07\/24\/santa-rosa-suspendio-las-actividades-recreativas-plazas-parque-don-tomas\/#primaryimage"},"thumbnailUrl":"https:\/\/diariotextual.com\/inicio\/wp-content\/uploads\/2020\/05\/cuarentenaparquedontomas2020-4.jpg","datePublished":"2020-07-24T16:55:12+00:00","dateModified":"2020-07-24T20:57:08+00:00","breadcrumb":{"@id":"https:\/\/diariotextual.com\/inicio\/index.php\/2020\/07\/24\/santa-rosa-suspendio-las-actividades-recreativas-plazas-parque-don-tomas\/#breadcrumb"},"inLanguage":"es","potentialAction":[{"@type":"ReadAction","target":["https:\/\/diariotextual.com\/inicio\/index.php\/2020\/07\/24\/santa-rosa-suspendio-las-actividades-recreativas-plazas-parque-don-tomas\/"]}]},{"@type":"ImageObject","inLanguage":"es","@id":"https:\/\/diariotextual.com\/inicio\/index.php\/2020\/07\/24\/santa-rosa-suspendio-las-actividades-recreativas-plazas-parque-don-tomas\/#primaryimage","url":"https:\/\/diariotextual.com\/inicio\/wp-content\/uploads\/2020\/05\/cuarentenaparquedontomas2020-4.jpg","contentUrl":"https:\/\/diariotextual.com\/inicio\/wp-content\/uploads\/2020\/05\/cuarentenaparquedontomas2020-4.jpg","width":3220,"height":1941},{"@type":"BreadcrumbList","@id":"https:\/\/diariotextual.com\/inicio\/index.php\/2020\/07\/24\/santa-rosa-suspendio-las-actividades-recreativas-plazas-parque-don-tomas\/#breadcrumb","itemListElement":[{"@type":"ListItem","position":1,"name":"Portada","item":"https:\/\/diariotextual.com\/inicio\/"},{"@type":"ListItem","position":2,"name":"Santa Rosa suspendi\u00f3 las actividades recreativas en plazas y el Parque Don Tom\u00e1s"}]},{"@type":"WebSite","@id":"https:\/\/diariotextual.com\/inicio\/#website","url":"https:\/\/diariotextual.com\/inicio\/","name":"Diario Textual","description":"","publisher":{"@id":"https:\/\/diariotextual.com\/inicio\/#organization"},"potentialAction":[{"@type":"SearchAction","target":{"@type":"EntryPoint","urlTemplate":"https:\/\/diariotextual.com\/inicio\/?s={search_term_string}"},"query-input":{"@type":"PropertyValueSpecification","valueRequired":true,"valueName":"search_term_string"}}],"inLanguage":"es"},{"@type":"Organization","@id":"https:\/\/diariotextual.com\/inicio\/#organization","name":"Diario Textual","url":"https:\/\/diariotextual.com\/inicio\/","logo":{"@type":"ImageObject","inLanguage":"es","@id":"https:\/\/diariotextual.com\/inicio\/#\/schema\/logo\/image\/","url":"https:\/\/diariotextual.com\/inicio\/wp-content\/uploads\/2023\/05\/logotextual1.jpg","contentUrl":"https:\/\/diariotextual.com\/inicio\/wp-content\/uploads\/2023\/05\/logotextual1.jpg","width":516,"height":76,"caption":"Diario Textual"},"image":{"@id":"https:\/\/diariotextual.com\/inicio\/#\/schema\/logo\/image\/"},"sameAs":["https:\/\/www.facebook.com\/eltextual","https:\/\/x.com\/eltextual","http:\/\/www.instagram.com\/eltextual"]},{"@type":"Person","@id":"https:\/\/diariotextual.com\/inicio\/#\/schema\/person\/418fc4093c33e86ed41562db3508f958","name":"Diario1 Diario1","image":{"@type":"ImageObject","inLanguage":"es","@id":"https:\/\/secure.gravatar.com\/avatar\/9167d280179c85bc18be67aa7eda765854300033af4896dd779b608640f2ef7a?s=96&d=mm&r=g","url":"https:\/\/secure.gravatar.com\/avatar\/9167d280179c85bc18be67aa7eda765854300033af4896dd779b608640f2ef7a?s=96&d=mm&r=g","contentUrl":"https:\/\/secure.gravatar.com\/avatar\/9167d280179c85bc18be67aa7eda765854300033af4896dd779b608640f2ef7a?s=96&d=mm&r=g","caption":"Diario1 Diario1"},"url":"https:\/\/diariotextual.com\/inicio\/index.php\/author\/diario1\/"}]}},"_links":{"self":[{"href":"https:\/\/diariotextual.com\/inicio\/index.php\/wp-json\/wp\/v2\/posts\/102726","targetHints":{"allow":["GET"]}}],"collection":[{"href":"https:\/\/diariotextual.com\/inicio\/index.php\/wp-json\/wp\/v2\/posts"}],"about":[{"href":"https:\/\/diariotextual.com\/inicio\/index.php\/wp-json\/wp\/v2\/types\/post"}],"author":[{"embeddable":true,"href":"https:\/\/diariotextual.com\/inicio\/index.php\/wp-json\/wp\/v2\/users\/3"}],"replies":[{"embeddable":true,"href":"https:\/\/diariotextual.com\/inicio\/index.php\/wp-json\/wp\/v2\/comments?post=102726"}],"version-history":[{"count":4,"href":"https:\/\/diariotextual.com\/inicio\/index.php\/wp-json\/wp\/v2\/posts\/102726\/revisions"}],"predecessor-version":[{"id":102738,"href":"https:\/\/diariotextual.com\/inicio\/index.php\/wp-json\/wp\/v2\/posts\/102726\/revisions\/102738"}],"wp:featuredmedia":[{"embeddable":true,"href":"https:\/\/diariotextual.com\/inicio\/index.php\/wp-json\/wp\/v2\/media\/94738"}],"wp:attachment":[{"href":"https:\/\/diariotextual.com\/inicio\/index.php\/wp-json\/wp\/v2\/media?parent=102726"}],"wp:term":[{"taxonomy":"category","embeddable":true,"href":"https:\/\/diariotextual.com\/inicio\/index.php\/wp-json\/wp\/v2\/categories?post=102726"},{"taxonomy":"post_tag","embeddable":true,"href":"https:\/\/diariotextual.com\/inicio\/index.php\/wp-json\/wp\/v2\/tags?post=102726"}],"curies":[{"name":"wp","href":"https:\/\/api.w.org\/{rel}","templated":true}]}}