{"id":102739,"date":"2020-07-24T14:38:28","date_gmt":"2020-07-24T17:38:28","guid":{"rendered":"http:\/\/diariotextual.com\/inicio\/?p=102739"},"modified":"2020-07-24T14:38:28","modified_gmt":"2020-07-24T17:38:28","slug":"no-salir-gobernador-pidio-los-pampeanos-aislamiento-social-voluntario","status":"publish","type":"post","link":"https:\/\/diariotextual.com\/inicio\/index.php\/2020\/07\/24\/no-salir-gobernador-pidio-los-pampeanos-aislamiento-social-voluntario\/","title":{"rendered":"No salir: el gobernador pidi\u00f3 a los pampeanos el aislamiento social voluntario"},"content":{"rendered":"<p>El gobernador <strong>Sergio Ziliotto<\/strong> pidi\u00f3 a la poblaci\u00f3n de La Pampa, ante <strong>el brote de coronavirus con 14 casos en Catril\u00f3<\/strong> y un centenar de aislados de Santa Rosa y otras localidades, que<strong> implemente un aislamiento social voluntario<\/strong>. \u00abSi no hay necesidad, no salgamos de nuestras casas\u00bb, pidi\u00f3.<\/p>\n<p>\u00abVamos a tratar de mantener las actividades econ\u00f3micas, pero debemos aumentar la responsabilidad social y el apego a los protocolos\u00bb, dijo.<\/p>\n<p>La Pampa mantiene a\u00fan la etapa de la cuarentena de aislamiento social. Sin embargo,<strong> en solo un d\u00eda casi triplic\u00f3 la cantidad de contagiados: pas\u00f3 de 8 a 22<\/strong>. Por eso, Ziliotto <a href=\"http:\/\/diariotextual.com\/inicio\/index.php\/2020\/07\/24\/brote-catrilo-suspendieron-los-encuentros-sociales-toda-la-pampa\/\" target=\"_blank\" rel=\"noopener\"><strong>decidi\u00f3\u00a0en forma preventiva y transitoriamente, los encuentros sociales y familiares y las actividades gastron\u00f3micas<\/strong> <\/a>con atenci\u00f3n en locales. Tambi\u00e9n, dijo,\u00a0se suspendi\u00f3 la reapertura del Parque Luro, aunque sigue en pie la vuelta de\u00a0la hoteler\u00eda\u00a0y\u00a0del turismo interno.<\/p>\n<p>&nbsp;<\/p>\n<blockquote class=\"twitter-tweet\">\n<p dir=\"ltr\" lang=\"es\">COVID-19: NUEVAS MEDIDAS<br \/>\nDebido a los casos detectados en Catril\u00f3, en comit\u00e9 de crisis hemos determinado:<br \/>\nSUSPENDER desde hoy a las 15 horas<br \/>\n&#x1f449;Reuniones sociales y familiares<br \/>\n&#x1f449;Actividad gastron\u00f3mica con permanencia en el local (solo permitido delivery y retiro de comidas).<\/p>\n<p>&#x1f447; <a href=\"https:\/\/t.co\/9jdT5K4U8e\">pic.twitter.com\/9jdT5K4U8e<\/a><\/p>\n<p>\u2014 Sergio Ziliotto (@ZiliottoSergio) <a href=\"https:\/\/twitter.com\/ZiliottoSergio\/status\/1286712054787780612?ref_src=twsrc%5Etfw\">July 24, 2020<\/a><\/p><\/blockquote>\n<p><script async src=\"https:\/\/platform.twitter.com\/widgets.js\" charset=\"utf-8\"><\/script><\/p>\n<p>&nbsp;<\/p>\n<p>De esos 22, al menos hasta el mediod\u00eda de hoy, hay 15 casos activos: 14 de Catril\u00f3 y uno de Santa Rosa -la due\u00f1a de una verduler\u00eda-.<\/p>\n<p>El brote est\u00e1 concentrado en Catril\u00f3. Sin embargo, hay un centenar de contactos estrechos que tienen seguimiento epidemiol\u00f3gico. Se trata de pobladores de Catril\u00f3, Santa Rosa y otros pueblos.<\/p>\n<p>Ziliotto resalt\u00f3 la\u00a0<a href=\"http:\/\/diariotextual.com\/inicio\/index.php\/2020\/07\/24\/ziliotto-resalto-la-responsabilidad-empresarial-local-gastronomico\/\" target=\"_blank\" rel=\"noopener\"><strong>\u00abresponsabilidad empresarial\u00bb\u00a0del local gastron\u00f3mico de Santa Rosa<\/strong><\/a> al que concurrieron d\u00edas atr\u00e1s cuatro personas de Catril\u00f3 que dieron positivo de Covid-19 y compartieron la mesa con dos santarrose\u00f1os. \u00ab<strong>Gracias a que se respet\u00f3 el protocolo, asentaron a todas las personas con nombre, apellido y tel\u00e9fono y as\u00ed pudimos identificarlos\u00bb<\/strong>, dijo.<\/p>\n<blockquote class=\"wp-embedded-content\" data-secret=\"rRYDKqllSn\"><p><a href=\"http:\/\/diariotextual.com\/inicio\/index.php\/2020\/07\/24\/brote-catrilo-suspendieron-los-encuentros-sociales-toda-la-pampa\/\">Por el brote de Catril\u00f3, suspendieron los encuentros sociales en toda La Pampa<\/a><\/p><\/blockquote>\n<p><iframe class=\"wp-embedded-content\" sandbox=\"allow-scripts\" security=\"restricted\" style=\"position: absolute; clip: rect(1px, 1px, 1px, 1px);\" src=\"http:\/\/diariotextual.com\/inicio\/index.php\/2020\/07\/24\/brote-catrilo-suspendieron-los-encuentros-sociales-toda-la-pampa\/embed\/#?secret=rRYDKqllSn\" data-secret=\"rRYDKqllSn\" width=\"600\" height=\"338\" title=\"&#171;Por el brote de Catril\u00f3, suspendieron los encuentros sociales en toda La Pampa&#187; &#8212; Diario Textual\" frameborder=\"0\" marginwidth=\"0\" marginheight=\"0\" scrolling=\"no\"><\/iframe><\/p>\n<p>&nbsp;<\/p>\n<p>El ministro de Salud, Rub\u00e9n\u00a0Kohan, dijo que<strong>\u00a0\u00abes obvio y no hay dudas\u00bb de que el brote en Catril\u00f3\u00a0<\/strong>-que ya volvi\u00f3 a<strong>\u00a0Fase 1<\/strong>, con restricciones de circulaci\u00f3n y cierre de comercios y lugares de atenci\u00f3n al p\u00fablico-<strong>\u00a0fue generado por el contacto de un pampeano con un camionero de Pellegrini.<\/strong><\/p>\n<p>&nbsp;<\/p>\n<p><strong>\u00bfSin circulaci\u00f3n comunitaria del virus?<\/strong><\/p>\n<p>El ministro de Salud dijo que a\u00fan no han determinado que haya circulaci\u00f3n comunitaria del virus.\u00a0<strong>\u201cCuando una casa se incendia, se llena de humo la casa vecina\u201d<\/strong>, dijo Kohan. \u201c<strong>Se incendi\u00f3 Pellegrini y es l\u00f3gico que Catril\u00f3 se llene de humo<\/strong>. Ahora hay una gran recopilaci\u00f3n de datos. Si usted no me cuenta con qui\u00e9n se relacion\u00f3 mientras desarroll\u00f3 sus s\u00edntomas, no puedo hacer un control\u201d, dijo.<\/p>\n<p>&nbsp;<\/p>\n<p><strong>Caminos ilegales<\/strong><\/p>\n<p>Ziliotto admiti\u00f3 que este brote podr\u00eda haber sido generado por contactos de pobladores de Catril\u00f3 que\u00a0<strong>evadieron los controles y se comunicaban con Pellegrini a trav\u00e9s de caminos o pasos ilegales a trav\u00e9s del Meridiano V.<\/strong><\/p>\n<p>\u201cNo podemos tener un polic\u00eda en cada camino vecinal.\u00a0<strong>Lamentablemente por alguno que han utilizado caminos ilegales, Catril\u00f3 est\u00e1 en Fase 1<\/strong>\u201d, dijo.<strong>\u00a0\u00a0\u00abHay que analizar el rol de la sociedad m\u00e1s que de la Polic\u00eda\u00bb<\/strong>, dijo sobre el comportamiento de las fuerzas de seguridad en la zona lim\u00edtrofe.<\/p>\n<blockquote class=\"wp-embedded-content\" data-secret=\"HvFwYAhp9b\"><p><a href=\"http:\/\/diariotextual.com\/inicio\/index.php\/2020\/07\/24\/santa-rosa-suspendio-las-actividades-recreativas-plazas-parque-don-tomas\/\">Santa Rosa suspendi\u00f3 las actividades recreativas en plazas y el Parque Don Tom\u00e1s<\/a><\/p><\/blockquote>\n<p><iframe class=\"wp-embedded-content\" sandbox=\"allow-scripts\" security=\"restricted\" style=\"position: absolute; clip: rect(1px, 1px, 1px, 1px);\" src=\"http:\/\/diariotextual.com\/inicio\/index.php\/2020\/07\/24\/santa-rosa-suspendio-las-actividades-recreativas-plazas-parque-don-tomas\/embed\/#?secret=HvFwYAhp9b\" data-secret=\"HvFwYAhp9b\" width=\"600\" height=\"338\" title=\"&#171;Santa Rosa suspendi\u00f3 las actividades recreativas en plazas y el Parque Don Tom\u00e1s&#187; &#8212; Diario Textual\" frameborder=\"0\" marginwidth=\"0\" marginheight=\"0\" scrolling=\"no\"><\/iframe><\/p>\n<p>&nbsp;<\/p>\n<p>&nbsp;<\/p>\n","protected":false},"excerpt":{"rendered":"<p>El gobernador Sergio Ziliotto pidi\u00f3 a la poblaci\u00f3n de La Pampa, ante el brote de coronavirus con 14 casos en Catril\u00f3 y un centenar de aislados de Santa Rosa y&hellip;<\/p>\n","protected":false},"author":3,"featured_media":90894,"comment_status":"closed","ping_status":"open","sticky":false,"template":"","format":"standard","meta":{"_acf_changed":false,"footnotes":""},"categories":[4,8],"tags":[2662],"class_list":["post-102739","post","type-post","status-publish","format-standard","has-post-thumbnail","hentry","category-destacadas","category-politica","tag-coronavirus"],"acf":[],"yoast_head":"<!-- This site is optimized with the Yoast SEO plugin v27.4 - https:\/\/yoast.com\/product\/yoast-seo-wordpress\/ -->\n<title>No salir: el gobernador pidi\u00f3 a los pampeanos el aislamiento social voluntario - Diario Textual<\/title>\n<meta name=\"robots\" content=\"index, follow, max-snippet:-1, max-image-preview:large, max-video-preview:-1\" \/>\n<link rel=\"canonical\" href=\"https:\/\/diariotextual.com\/inicio\/index.php\/2020\/07\/24\/no-salir-gobernador-pidio-los-pampeanos-aislamiento-social-voluntario\/\" \/>\n<meta property=\"og:locale\" content=\"es_ES\" \/>\n<meta property=\"og:type\" content=\"article\" \/>\n<meta property=\"og:title\" content=\"No salir: el gobernador pidi\u00f3 a los pampeanos el aislamiento social voluntario - Diario Textual\" \/>\n<meta property=\"og:description\" content=\"El gobernador Sergio Ziliotto pidi\u00f3 a la poblaci\u00f3n de La Pampa, ante el brote de coronavirus con 14 casos en Catril\u00f3 y un centenar de aislados de Santa Rosa y&hellip;\" \/>\n<meta property=\"og:url\" content=\"https:\/\/diariotextual.com\/inicio\/index.php\/2020\/07\/24\/no-salir-gobernador-pidio-los-pampeanos-aislamiento-social-voluntario\/\" \/>\n<meta property=\"og:site_name\" content=\"Diario Textual\" \/>\n<meta property=\"article:publisher\" content=\"https:\/\/www.facebook.com\/eltextual\" \/>\n<meta property=\"article:published_time\" content=\"2020-07-24T17:38:28+00:00\" \/>\n<meta property=\"og:image\" content=\"https:\/\/diariotextual.com\/inicio\/wp-content\/uploads\/2020\/04\/coronavirustelam2020-232.jpg\" \/>\n\t<meta property=\"og:image:width\" content=\"1500\" \/>\n\t<meta property=\"og:image:height\" content=\"991\" \/>\n\t<meta property=\"og:image:type\" content=\"image\/jpeg\" \/>\n<meta name=\"author\" content=\"Diario1 Diario1\" \/>\n<meta name=\"twitter:card\" content=\"summary_large_image\" \/>\n<meta name=\"twitter:creator\" content=\"@eltextual\" \/>\n<meta name=\"twitter:site\" content=\"@eltextual\" \/>\n<meta name=\"twitter:label1\" content=\"Escrito por\" \/>\n\t<meta name=\"twitter:data1\" content=\"Diario1 Diario1\" \/>\n\t<meta name=\"twitter:label2\" content=\"Tiempo de lectura\" \/>\n\t<meta name=\"twitter:data2\" content=\"3 minutos\" \/>\n<script type=\"application\/ld+json\" class=\"yoast-schema-graph\">{\"@context\":\"https:\\\/\\\/schema.org\",\"@graph\":[{\"@type\":\"Article\",\"@id\":\"https:\\\/\\\/diariotextual.com\\\/inicio\\\/index.php\\\/2020\\\/07\\\/24\\\/no-salir-gobernador-pidio-los-pampeanos-aislamiento-social-voluntario\\\/#article\",\"isPartOf\":{\"@id\":\"https:\\\/\\\/diariotextual.com\\\/inicio\\\/index.php\\\/2020\\\/07\\\/24\\\/no-salir-gobernador-pidio-los-pampeanos-aislamiento-social-voluntario\\\/\"},\"author\":{\"name\":\"Diario1 Diario1\",\"@id\":\"https:\\\/\\\/diariotextual.com\\\/inicio\\\/#\\\/schema\\\/person\\\/418fc4093c33e86ed41562db3508f958\"},\"headline\":\"No salir: el gobernador pidi\u00f3 a los pampeanos el aislamiento social voluntario\",\"datePublished\":\"2020-07-24T17:38:28+00:00\",\"mainEntityOfPage\":{\"@id\":\"https:\\\/\\\/diariotextual.com\\\/inicio\\\/index.php\\\/2020\\\/07\\\/24\\\/no-salir-gobernador-pidio-los-pampeanos-aislamiento-social-voluntario\\\/\"},\"wordCount\":583,\"publisher\":{\"@id\":\"https:\\\/\\\/diariotextual.com\\\/inicio\\\/#organization\"},\"image\":{\"@id\":\"https:\\\/\\\/diariotextual.com\\\/inicio\\\/index.php\\\/2020\\\/07\\\/24\\\/no-salir-gobernador-pidio-los-pampeanos-aislamiento-social-voluntario\\\/#primaryimage\"},\"thumbnailUrl\":\"https:\\\/\\\/diariotextual.com\\\/inicio\\\/wp-content\\\/uploads\\\/2020\\\/04\\\/coronavirustelam2020-232.jpg\",\"keywords\":[\"coronavirus\"],\"articleSection\":[\"A - DESTACADAS (mod 16)\",\"POLITICA\"],\"inLanguage\":\"es\"},{\"@type\":\"WebPage\",\"@id\":\"https:\\\/\\\/diariotextual.com\\\/inicio\\\/index.php\\\/2020\\\/07\\\/24\\\/no-salir-gobernador-pidio-los-pampeanos-aislamiento-social-voluntario\\\/\",\"url\":\"https:\\\/\\\/diariotextual.com\\\/inicio\\\/index.php\\\/2020\\\/07\\\/24\\\/no-salir-gobernador-pidio-los-pampeanos-aislamiento-social-voluntario\\\/\",\"name\":\"No salir: el gobernador pidi\u00f3 a los pampeanos el aislamiento social voluntario - Diario Textual\",\"isPartOf\":{\"@id\":\"https:\\\/\\\/diariotextual.com\\\/inicio\\\/#website\"},\"primaryImageOfPage\":{\"@id\":\"https:\\\/\\\/diariotextual.com\\\/inicio\\\/index.php\\\/2020\\\/07\\\/24\\\/no-salir-gobernador-pidio-los-pampeanos-aislamiento-social-voluntario\\\/#primaryimage\"},\"image\":{\"@id\":\"https:\\\/\\\/diariotextual.com\\\/inicio\\\/index.php\\\/2020\\\/07\\\/24\\\/no-salir-gobernador-pidio-los-pampeanos-aislamiento-social-voluntario\\\/#primaryimage\"},\"thumbnailUrl\":\"https:\\\/\\\/diariotextual.com\\\/inicio\\\/wp-content\\\/uploads\\\/2020\\\/04\\\/coronavirustelam2020-232.jpg\",\"datePublished\":\"2020-07-24T17:38:28+00:00\",\"breadcrumb\":{\"@id\":\"https:\\\/\\\/diariotextual.com\\\/inicio\\\/index.php\\\/2020\\\/07\\\/24\\\/no-salir-gobernador-pidio-los-pampeanos-aislamiento-social-voluntario\\\/#breadcrumb\"},\"inLanguage\":\"es\",\"potentialAction\":[{\"@type\":\"ReadAction\",\"target\":[\"https:\\\/\\\/diariotextual.com\\\/inicio\\\/index.php\\\/2020\\\/07\\\/24\\\/no-salir-gobernador-pidio-los-pampeanos-aislamiento-social-voluntario\\\/\"]}]},{\"@type\":\"ImageObject\",\"inLanguage\":\"es\",\"@id\":\"https:\\\/\\\/diariotextual.com\\\/inicio\\\/index.php\\\/2020\\\/07\\\/24\\\/no-salir-gobernador-pidio-los-pampeanos-aislamiento-social-voluntario\\\/#primaryimage\",\"url\":\"https:\\\/\\\/diariotextual.com\\\/inicio\\\/wp-content\\\/uploads\\\/2020\\\/04\\\/coronavirustelam2020-232.jpg\",\"contentUrl\":\"https:\\\/\\\/diariotextual.com\\\/inicio\\\/wp-content\\\/uploads\\\/2020\\\/04\\\/coronavirustelam2020-232.jpg\",\"width\":1500,\"height\":991},{\"@type\":\"BreadcrumbList\",\"@id\":\"https:\\\/\\\/diariotextual.com\\\/inicio\\\/index.php\\\/2020\\\/07\\\/24\\\/no-salir-gobernador-pidio-los-pampeanos-aislamiento-social-voluntario\\\/#breadcrumb\",\"itemListElement\":[{\"@type\":\"ListItem\",\"position\":1,\"name\":\"Portada\",\"item\":\"https:\\\/\\\/diariotextual.com\\\/inicio\\\/\"},{\"@type\":\"ListItem\",\"position\":2,\"name\":\"No salir: el gobernador pidi\u00f3 a los pampeanos el aislamiento social voluntario\"}]},{\"@type\":\"WebSite\",\"@id\":\"https:\\\/\\\/diariotextual.com\\\/inicio\\\/#website\",\"url\":\"https:\\\/\\\/diariotextual.com\\\/inicio\\\/\",\"name\":\"Diario Textual\",\"description\":\"\",\"publisher\":{\"@id\":\"https:\\\/\\\/diariotextual.com\\\/inicio\\\/#organization\"},\"potentialAction\":[{\"@type\":\"SearchAction\",\"target\":{\"@type\":\"EntryPoint\",\"urlTemplate\":\"https:\\\/\\\/diariotextual.com\\\/inicio\\\/?s={search_term_string}\"},\"query-input\":{\"@type\":\"PropertyValueSpecification\",\"valueRequired\":true,\"valueName\":\"search_term_string\"}}],\"inLanguage\":\"es\"},{\"@type\":\"Organization\",\"@id\":\"https:\\\/\\\/diariotextual.com\\\/inicio\\\/#organization\",\"name\":\"Diario Textual\",\"url\":\"https:\\\/\\\/diariotextual.com\\\/inicio\\\/\",\"logo\":{\"@type\":\"ImageObject\",\"inLanguage\":\"es\",\"@id\":\"https:\\\/\\\/diariotextual.com\\\/inicio\\\/#\\\/schema\\\/logo\\\/image\\\/\",\"url\":\"https:\\\/\\\/diariotextual.com\\\/inicio\\\/wp-content\\\/uploads\\\/2023\\\/05\\\/logotextual1.jpg\",\"contentUrl\":\"https:\\\/\\\/diariotextual.com\\\/inicio\\\/wp-content\\\/uploads\\\/2023\\\/05\\\/logotextual1.jpg\",\"width\":516,\"height\":76,\"caption\":\"Diario Textual\"},\"image\":{\"@id\":\"https:\\\/\\\/diariotextual.com\\\/inicio\\\/#\\\/schema\\\/logo\\\/image\\\/\"},\"sameAs\":[\"https:\\\/\\\/www.facebook.com\\\/eltextual\",\"https:\\\/\\\/x.com\\\/eltextual\",\"http:\\\/\\\/www.instagram.com\\\/eltextual\"]},{\"@type\":\"Person\",\"@id\":\"https:\\\/\\\/diariotextual.com\\\/inicio\\\/#\\\/schema\\\/person\\\/418fc4093c33e86ed41562db3508f958\",\"name\":\"Diario1 Diario1\",\"image\":{\"@type\":\"ImageObject\",\"inLanguage\":\"es\",\"@id\":\"https:\\\/\\\/secure.gravatar.com\\\/avatar\\\/9167d280179c85bc18be67aa7eda765854300033af4896dd779b608640f2ef7a?s=96&d=mm&r=g\",\"url\":\"https:\\\/\\\/secure.gravatar.com\\\/avatar\\\/9167d280179c85bc18be67aa7eda765854300033af4896dd779b608640f2ef7a?s=96&d=mm&r=g\",\"contentUrl\":\"https:\\\/\\\/secure.gravatar.com\\\/avatar\\\/9167d280179c85bc18be67aa7eda765854300033af4896dd779b608640f2ef7a?s=96&d=mm&r=g\",\"caption\":\"Diario1 Diario1\"},\"url\":\"https:\\\/\\\/diariotextual.com\\\/inicio\\\/index.php\\\/author\\\/diario1\\\/\"}]}<\/script>\n<!-- \/ Yoast SEO plugin. -->","yoast_head_json":{"title":"No salir: el gobernador pidi\u00f3 a los pampeanos el aislamiento social voluntario - Diario Textual","robots":{"index":"index","follow":"follow","max-snippet":"max-snippet:-1","max-image-preview":"max-image-preview:large","max-video-preview":"max-video-preview:-1"},"canonical":"https:\/\/diariotextual.com\/inicio\/index.php\/2020\/07\/24\/no-salir-gobernador-pidio-los-pampeanos-aislamiento-social-voluntario\/","og_locale":"es_ES","og_type":"article","og_title":"No salir: el gobernador pidi\u00f3 a los pampeanos el aislamiento social voluntario - Diario Textual","og_description":"El gobernador Sergio Ziliotto pidi\u00f3 a la poblaci\u00f3n de La Pampa, ante el brote de coronavirus con 14 casos en Catril\u00f3 y un centenar de aislados de Santa Rosa y&hellip;","og_url":"https:\/\/diariotextual.com\/inicio\/index.php\/2020\/07\/24\/no-salir-gobernador-pidio-los-pampeanos-aislamiento-social-voluntario\/","og_site_name":"Diario Textual","article_publisher":"https:\/\/www.facebook.com\/eltextual","article_published_time":"2020-07-24T17:38:28+00:00","og_image":[{"width":1500,"height":991,"url":"https:\/\/diariotextual.com\/inicio\/wp-content\/uploads\/2020\/04\/coronavirustelam2020-232.jpg","type":"image\/jpeg"}],"author":"Diario1 Diario1","twitter_card":"summary_large_image","twitter_creator":"@eltextual","twitter_site":"@eltextual","twitter_misc":{"Escrito por":"Diario1 Diario1","Tiempo de lectura":"3 minutos"},"schema":{"@context":"https:\/\/schema.org","@graph":[{"@type":"Article","@id":"https:\/\/diariotextual.com\/inicio\/index.php\/2020\/07\/24\/no-salir-gobernador-pidio-los-pampeanos-aislamiento-social-voluntario\/#article","isPartOf":{"@id":"https:\/\/diariotextual.com\/inicio\/index.php\/2020\/07\/24\/no-salir-gobernador-pidio-los-pampeanos-aislamiento-social-voluntario\/"},"author":{"name":"Diario1 Diario1","@id":"https:\/\/diariotextual.com\/inicio\/#\/schema\/person\/418fc4093c33e86ed41562db3508f958"},"headline":"No salir: el gobernador pidi\u00f3 a los pampeanos el aislamiento social voluntario","datePublished":"2020-07-24T17:38:28+00:00","mainEntityOfPage":{"@id":"https:\/\/diariotextual.com\/inicio\/index.php\/2020\/07\/24\/no-salir-gobernador-pidio-los-pampeanos-aislamiento-social-voluntario\/"},"wordCount":583,"publisher":{"@id":"https:\/\/diariotextual.com\/inicio\/#organization"},"image":{"@id":"https:\/\/diariotextual.com\/inicio\/index.php\/2020\/07\/24\/no-salir-gobernador-pidio-los-pampeanos-aislamiento-social-voluntario\/#primaryimage"},"thumbnailUrl":"https:\/\/diariotextual.com\/inicio\/wp-content\/uploads\/2020\/04\/coronavirustelam2020-232.jpg","keywords":["coronavirus"],"articleSection":["A - DESTACADAS (mod 16)","POLITICA"],"inLanguage":"es"},{"@type":"WebPage","@id":"https:\/\/diariotextual.com\/inicio\/index.php\/2020\/07\/24\/no-salir-gobernador-pidio-los-pampeanos-aislamiento-social-voluntario\/","url":"https:\/\/diariotextual.com\/inicio\/index.php\/2020\/07\/24\/no-salir-gobernador-pidio-los-pampeanos-aislamiento-social-voluntario\/","name":"No salir: el gobernador pidi\u00f3 a los pampeanos el aislamiento social voluntario - Diario Textual","isPartOf":{"@id":"https:\/\/diariotextual.com\/inicio\/#website"},"primaryImageOfPage":{"@id":"https:\/\/diariotextual.com\/inicio\/index.php\/2020\/07\/24\/no-salir-gobernador-pidio-los-pampeanos-aislamiento-social-voluntario\/#primaryimage"},"image":{"@id":"https:\/\/diariotextual.com\/inicio\/index.php\/2020\/07\/24\/no-salir-gobernador-pidio-los-pampeanos-aislamiento-social-voluntario\/#primaryimage"},"thumbnailUrl":"https:\/\/diariotextual.com\/inicio\/wp-content\/uploads\/2020\/04\/coronavirustelam2020-232.jpg","datePublished":"2020-07-24T17:38:28+00:00","breadcrumb":{"@id":"https:\/\/diariotextual.com\/inicio\/index.php\/2020\/07\/24\/no-salir-gobernador-pidio-los-pampeanos-aislamiento-social-voluntario\/#breadcrumb"},"inLanguage":"es","potentialAction":[{"@type":"ReadAction","target":["https:\/\/diariotextual.com\/inicio\/index.php\/2020\/07\/24\/no-salir-gobernador-pidio-los-pampeanos-aislamiento-social-voluntario\/"]}]},{"@type":"ImageObject","inLanguage":"es","@id":"https:\/\/diariotextual.com\/inicio\/index.php\/2020\/07\/24\/no-salir-gobernador-pidio-los-pampeanos-aislamiento-social-voluntario\/#primaryimage","url":"https:\/\/diariotextual.com\/inicio\/wp-content\/uploads\/2020\/04\/coronavirustelam2020-232.jpg","contentUrl":"https:\/\/diariotextual.com\/inicio\/wp-content\/uploads\/2020\/04\/coronavirustelam2020-232.jpg","width":1500,"height":991},{"@type":"BreadcrumbList","@id":"https:\/\/diariotextual.com\/inicio\/index.php\/2020\/07\/24\/no-salir-gobernador-pidio-los-pampeanos-aislamiento-social-voluntario\/#breadcrumb","itemListElement":[{"@type":"ListItem","position":1,"name":"Portada","item":"https:\/\/diariotextual.com\/inicio\/"},{"@type":"ListItem","position":2,"name":"No salir: el gobernador pidi\u00f3 a los pampeanos el aislamiento social voluntario"}]},{"@type":"WebSite","@id":"https:\/\/diariotextual.com\/inicio\/#website","url":"https:\/\/diariotextual.com\/inicio\/","name":"Diario Textual","description":"","publisher":{"@id":"https:\/\/diariotextual.com\/inicio\/#organization"},"potentialAction":[{"@type":"SearchAction","target":{"@type":"EntryPoint","urlTemplate":"https:\/\/diariotextual.com\/inicio\/?s={search_term_string}"},"query-input":{"@type":"PropertyValueSpecification","valueRequired":true,"valueName":"search_term_string"}}],"inLanguage":"es"},{"@type":"Organization","@id":"https:\/\/diariotextual.com\/inicio\/#organization","name":"Diario Textual","url":"https:\/\/diariotextual.com\/inicio\/","logo":{"@type":"ImageObject","inLanguage":"es","@id":"https:\/\/diariotextual.com\/inicio\/#\/schema\/logo\/image\/","url":"https:\/\/diariotextual.com\/inicio\/wp-content\/uploads\/2023\/05\/logotextual1.jpg","contentUrl":"https:\/\/diariotextual.com\/inicio\/wp-content\/uploads\/2023\/05\/logotextual1.jpg","width":516,"height":76,"caption":"Diario Textual"},"image":{"@id":"https:\/\/diariotextual.com\/inicio\/#\/schema\/logo\/image\/"},"sameAs":["https:\/\/www.facebook.com\/eltextual","https:\/\/x.com\/eltextual","http:\/\/www.instagram.com\/eltextual"]},{"@type":"Person","@id":"https:\/\/diariotextual.com\/inicio\/#\/schema\/person\/418fc4093c33e86ed41562db3508f958","name":"Diario1 Diario1","image":{"@type":"ImageObject","inLanguage":"es","@id":"https:\/\/secure.gravatar.com\/avatar\/9167d280179c85bc18be67aa7eda765854300033af4896dd779b608640f2ef7a?s=96&d=mm&r=g","url":"https:\/\/secure.gravatar.com\/avatar\/9167d280179c85bc18be67aa7eda765854300033af4896dd779b608640f2ef7a?s=96&d=mm&r=g","contentUrl":"https:\/\/secure.gravatar.com\/avatar\/9167d280179c85bc18be67aa7eda765854300033af4896dd779b608640f2ef7a?s=96&d=mm&r=g","caption":"Diario1 Diario1"},"url":"https:\/\/diariotextual.com\/inicio\/index.php\/author\/diario1\/"}]}},"_links":{"self":[{"href":"https:\/\/diariotextual.com\/inicio\/index.php\/wp-json\/wp\/v2\/posts\/102739","targetHints":{"allow":["GET"]}}],"collection":[{"href":"https:\/\/diariotextual.com\/inicio\/index.php\/wp-json\/wp\/v2\/posts"}],"about":[{"href":"https:\/\/diariotextual.com\/inicio\/index.php\/wp-json\/wp\/v2\/types\/post"}],"author":[{"embeddable":true,"href":"https:\/\/diariotextual.com\/inicio\/index.php\/wp-json\/wp\/v2\/users\/3"}],"replies":[{"embeddable":true,"href":"https:\/\/diariotextual.com\/inicio\/index.php\/wp-json\/wp\/v2\/comments?post=102739"}],"version-history":[{"count":1,"href":"https:\/\/diariotextual.com\/inicio\/index.php\/wp-json\/wp\/v2\/posts\/102739\/revisions"}],"predecessor-version":[{"id":102741,"href":"https:\/\/diariotextual.com\/inicio\/index.php\/wp-json\/wp\/v2\/posts\/102739\/revisions\/102741"}],"wp:featuredmedia":[{"embeddable":true,"href":"https:\/\/diariotextual.com\/inicio\/index.php\/wp-json\/wp\/v2\/media\/90894"}],"wp:attachment":[{"href":"https:\/\/diariotextual.com\/inicio\/index.php\/wp-json\/wp\/v2\/media?parent=102739"}],"wp:term":[{"taxonomy":"category","embeddable":true,"href":"https:\/\/diariotextual.com\/inicio\/index.php\/wp-json\/wp\/v2\/categories?post=102739"},{"taxonomy":"post_tag","embeddable":true,"href":"https:\/\/diariotextual.com\/inicio\/index.php\/wp-json\/wp\/v2\/tags?post=102739"}],"curies":[{"name":"wp","href":"https:\/\/api.w.org\/{rel}","templated":true}]}}