{"id":102775,"date":"2020-07-24T16:45:26","date_gmt":"2020-07-24T19:45:26","guid":{"rendered":"http:\/\/diariotextual.com\/inicio\/?p=102775"},"modified":"2020-07-24T23:56:02","modified_gmt":"2020-07-25T02:56:02","slug":"covid-19-laboratorios-privados-la-pampa-obligados-notificar-resultados-salud","status":"publish","type":"post","link":"https:\/\/diariotextual.com\/inicio\/index.php\/2020\/07\/24\/covid-19-laboratorios-privados-la-pampa-obligados-notificar-resultados-salud\/","title":{"rendered":"Covid-19: laboratorios privados de La Pampa son obligados a notificar resultados a Salud"},"content":{"rendered":"<p>El Gobierno provincial, a trav\u00e9s del<a href=\"https:\/\/www.lapampa.gob.ar\/images\/Archivos\/BoletinOficial\/2020\/Sep_3424.pdf\" target=\"_blank\" rel=\"noopener\"><strong> Decreto 1694\/20<\/strong><\/a>, estableci\u00f3 que los laboratorios privados ahora deber\u00e1n informar al Ministerio de Salud de La Pampa los datos de las personas que han requerido pruebas de PCR, an\u00e1lisis serol\u00f3gicos y otros estudios epidemiol\u00f3gicos para determinar si est\u00e1n contagiados de coronavirus Covid-19.<\/p>\n<p><strong>La intenci\u00f3n, aunque no est\u00e1 escrita, ser\u00eda avanzar r\u00e1pidamente y contener un posible brote del virus.\u00a0<\/strong><\/p>\n<p>Adem\u00e1s, en los \u00faltimos d\u00edas <strong>habr\u00edan aumentado las consultas a laboratorios privados<\/strong>. Incluso pacientes que se encuentran aislados habr\u00edan requerido, hasta en la Justicia, la realizaci\u00f3n de pruebas privadas. Es el caso de los afectados por un caso detectado en una verduler\u00eda de Santa Rosa.<\/p>\n<p>\u00abD\u00e9jase establecido que los laboratorios y\/o establecimientos privados habilitados, previo a la realizaci\u00f3n de hisopados, pruebas de PCR (Reacci\u00f3n en Cadena de la Polimerasa), an\u00e1lisis serol\u00f3gicos y\/o estudios sanitarios epidemiol\u00f3gicos relacionados con el virus del SARS-CoV-2 &#8211; que provoca la enfermedad COVID 19-, deber\u00e1n informar al Ministerio de Salud -en su car\u00e1cter de Autoridad Sanitaria Provincial- los datos identificatorios del solicitante y del paciente, y\/o cualquier otro dato m\u00e9dico, sanitario y\/o epidemiol\u00f3gico que se haya relevado en el caso\u00bb, se indica en el decreto publicado este viernes en el Bolet\u00edn Oficial.<\/p>\n<p>\u00abLos laboratorios privados y\/o establecimientos privados habilitados deber\u00e1n informar al Ministerio de Salud -en su car\u00e1cter de Autoridad Sanitaria Provincial- previo a su comunicaci\u00f3n a los pacientes y\/o particulares,\u00a0todos los diagn\u00f3sticos y\/o resultados obtenidos a partir de la realizaci\u00f3n de hisopados, pruebas de PCR (Reacci\u00f3n en Cadena de la Polimerasa), an\u00e1lisis serol\u00f3gicos y\/o estudios sanitarios epidemiol\u00f3gicos relacionado con el virus del SARS-CoV-2, que provoca la enfermedad COVID 19\u00bb, se estableci\u00f3.<\/p>\n<p>Un dato no menos importante: tambi\u00e9n prohibi\u00f3 a los laboratorios privados la realizaci\u00f3n de hisopados, pruebas de PCR, an\u00e1lisis serol\u00f3gicos y otros estudios a toda persona que se encuentre cumpliendo el aislamiento obligatorio o que est\u00e9 con seguimiento epidemiol\u00f3gico por Salud.<\/p>\n<blockquote class=\"wp-embedded-content\" data-secret=\"xfD8KbElvE\"><p><a href=\"http:\/\/diariotextual.com\/inicio\/index.php\/2020\/07\/24\/brote-catrilo-suspendieron-los-encuentros-sociales-toda-la-pampa\/\">Por el brote de Catril\u00f3, suspendieron los encuentros sociales en toda La Pampa<\/a><\/p><\/blockquote>\n<p><iframe class=\"wp-embedded-content\" sandbox=\"allow-scripts\" security=\"restricted\" style=\"position: absolute; clip: rect(1px, 1px, 1px, 1px);\" src=\"http:\/\/diariotextual.com\/inicio\/index.php\/2020\/07\/24\/brote-catrilo-suspendieron-los-encuentros-sociales-toda-la-pampa\/embed\/#?secret=xfD8KbElvE\" data-secret=\"xfD8KbElvE\" width=\"600\" height=\"338\" title=\"&#171;Por el brote de Catril\u00f3, suspendieron los encuentros sociales en toda La Pampa&#187; &#8212; Diario Textual\" frameborder=\"0\" marginwidth=\"0\" marginheight=\"0\" scrolling=\"no\"><\/iframe><\/p>\n<p>&nbsp;<\/p>\n<p>&nbsp;<\/p>\n<p>&nbsp;<\/p>\n<p>&nbsp;<\/p>\n","protected":false},"excerpt":{"rendered":"<p>El Gobierno provincial, a trav\u00e9s del Decreto 1694\/20, estableci\u00f3 que los laboratorios privados ahora deber\u00e1n informar al Ministerio de Salud de La Pampa los datos de las personas que han&hellip;<\/p>\n","protected":false},"author":3,"featured_media":101913,"comment_status":"closed","ping_status":"open","sticky":false,"template":"","format":"standard","meta":{"_acf_changed":false,"footnotes":""},"categories":[319,12],"tags":[2662],"class_list":["post-102775","post","type-post","status-publish","format-standard","has-post-thumbnail","hentry","category-a-temporales","category-sociedad","tag-coronavirus"],"acf":[],"yoast_head":"<!-- This site is optimized with the Yoast SEO plugin v27.4 - https:\/\/yoast.com\/product\/yoast-seo-wordpress\/ -->\n<title>Covid-19: laboratorios privados de La Pampa son obligados a notificar resultados a Salud - Diario Textual<\/title>\n<meta name=\"robots\" content=\"index, follow, max-snippet:-1, max-image-preview:large, max-video-preview:-1\" \/>\n<link rel=\"canonical\" href=\"https:\/\/diariotextual.com\/inicio\/index.php\/2020\/07\/24\/covid-19-laboratorios-privados-la-pampa-obligados-notificar-resultados-salud\/\" \/>\n<meta property=\"og:locale\" content=\"es_ES\" \/>\n<meta property=\"og:type\" content=\"article\" \/>\n<meta property=\"og:title\" content=\"Covid-19: laboratorios privados de La Pampa son obligados a notificar resultados a Salud - Diario Textual\" \/>\n<meta property=\"og:description\" content=\"El Gobierno provincial, a trav\u00e9s del Decreto 1694\/20, estableci\u00f3 que los laboratorios privados ahora deber\u00e1n informar al Ministerio de Salud de La Pampa los datos de las personas que han&hellip;\" \/>\n<meta property=\"og:url\" content=\"https:\/\/diariotextual.com\/inicio\/index.php\/2020\/07\/24\/covid-19-laboratorios-privados-la-pampa-obligados-notificar-resultados-salud\/\" \/>\n<meta property=\"og:site_name\" content=\"Diario Textual\" \/>\n<meta property=\"article:publisher\" content=\"https:\/\/www.facebook.com\/eltextual\" \/>\n<meta property=\"article:published_time\" content=\"2020-07-24T19:45:26+00:00\" \/>\n<meta property=\"article:modified_time\" content=\"2020-07-25T02:56:02+00:00\" \/>\n<meta property=\"og:image\" content=\"https:\/\/diariotextual.com\/inicio\/wp-content\/uploads\/2020\/07\/coronavirusbusquedaactivahisopadoscamioneros2020-112.jpg\" \/>\n\t<meta property=\"og:image:width\" content=\"1949\" \/>\n\t<meta property=\"og:image:height\" content=\"1299\" \/>\n\t<meta property=\"og:image:type\" content=\"image\/jpeg\" \/>\n<meta name=\"author\" content=\"Diario1 Diario1\" \/>\n<meta name=\"twitter:card\" content=\"summary_large_image\" \/>\n<meta name=\"twitter:creator\" content=\"@eltextual\" \/>\n<meta name=\"twitter:site\" content=\"@eltextual\" \/>\n<meta name=\"twitter:label1\" content=\"Escrito por\" \/>\n\t<meta name=\"twitter:data1\" content=\"Diario1 Diario1\" \/>\n\t<meta name=\"twitter:label2\" content=\"Tiempo de lectura\" \/>\n\t<meta name=\"twitter:data2\" content=\"2 minutos\" \/>\n<script type=\"application\/ld+json\" class=\"yoast-schema-graph\">{\"@context\":\"https:\\\/\\\/schema.org\",\"@graph\":[{\"@type\":\"Article\",\"@id\":\"https:\\\/\\\/diariotextual.com\\\/inicio\\\/index.php\\\/2020\\\/07\\\/24\\\/covid-19-laboratorios-privados-la-pampa-obligados-notificar-resultados-salud\\\/#article\",\"isPartOf\":{\"@id\":\"https:\\\/\\\/diariotextual.com\\\/inicio\\\/index.php\\\/2020\\\/07\\\/24\\\/covid-19-laboratorios-privados-la-pampa-obligados-notificar-resultados-salud\\\/\"},\"author\":{\"name\":\"Diario1 Diario1\",\"@id\":\"https:\\\/\\\/diariotextual.com\\\/inicio\\\/#\\\/schema\\\/person\\\/418fc4093c33e86ed41562db3508f958\"},\"headline\":\"Covid-19: laboratorios privados de La Pampa son obligados a notificar resultados a Salud\",\"datePublished\":\"2020-07-24T19:45:26+00:00\",\"dateModified\":\"2020-07-25T02:56:02+00:00\",\"mainEntityOfPage\":{\"@id\":\"https:\\\/\\\/diariotextual.com\\\/inicio\\\/index.php\\\/2020\\\/07\\\/24\\\/covid-19-laboratorios-privados-la-pampa-obligados-notificar-resultados-salud\\\/\"},\"wordCount\":382,\"publisher\":{\"@id\":\"https:\\\/\\\/diariotextual.com\\\/inicio\\\/#organization\"},\"image\":{\"@id\":\"https:\\\/\\\/diariotextual.com\\\/inicio\\\/index.php\\\/2020\\\/07\\\/24\\\/covid-19-laboratorios-privados-la-pampa-obligados-notificar-resultados-salud\\\/#primaryimage\"},\"thumbnailUrl\":\"https:\\\/\\\/diariotextual.com\\\/inicio\\\/wp-content\\\/uploads\\\/2020\\\/07\\\/coronavirusbusquedaactivahisopadoscamioneros2020-112.jpg\",\"keywords\":[\"coronavirus\"],\"articleSection\":[\"A - TEMPORALES\",\"SOCIEDAD\"],\"inLanguage\":\"es\"},{\"@type\":\"WebPage\",\"@id\":\"https:\\\/\\\/diariotextual.com\\\/inicio\\\/index.php\\\/2020\\\/07\\\/24\\\/covid-19-laboratorios-privados-la-pampa-obligados-notificar-resultados-salud\\\/\",\"url\":\"https:\\\/\\\/diariotextual.com\\\/inicio\\\/index.php\\\/2020\\\/07\\\/24\\\/covid-19-laboratorios-privados-la-pampa-obligados-notificar-resultados-salud\\\/\",\"name\":\"Covid-19: laboratorios privados de La Pampa son obligados a notificar resultados a Salud - Diario Textual\",\"isPartOf\":{\"@id\":\"https:\\\/\\\/diariotextual.com\\\/inicio\\\/#website\"},\"primaryImageOfPage\":{\"@id\":\"https:\\\/\\\/diariotextual.com\\\/inicio\\\/index.php\\\/2020\\\/07\\\/24\\\/covid-19-laboratorios-privados-la-pampa-obligados-notificar-resultados-salud\\\/#primaryimage\"},\"image\":{\"@id\":\"https:\\\/\\\/diariotextual.com\\\/inicio\\\/index.php\\\/2020\\\/07\\\/24\\\/covid-19-laboratorios-privados-la-pampa-obligados-notificar-resultados-salud\\\/#primaryimage\"},\"thumbnailUrl\":\"https:\\\/\\\/diariotextual.com\\\/inicio\\\/wp-content\\\/uploads\\\/2020\\\/07\\\/coronavirusbusquedaactivahisopadoscamioneros2020-112.jpg\",\"datePublished\":\"2020-07-24T19:45:26+00:00\",\"dateModified\":\"2020-07-25T02:56:02+00:00\",\"breadcrumb\":{\"@id\":\"https:\\\/\\\/diariotextual.com\\\/inicio\\\/index.php\\\/2020\\\/07\\\/24\\\/covid-19-laboratorios-privados-la-pampa-obligados-notificar-resultados-salud\\\/#breadcrumb\"},\"inLanguage\":\"es\",\"potentialAction\":[{\"@type\":\"ReadAction\",\"target\":[\"https:\\\/\\\/diariotextual.com\\\/inicio\\\/index.php\\\/2020\\\/07\\\/24\\\/covid-19-laboratorios-privados-la-pampa-obligados-notificar-resultados-salud\\\/\"]}]},{\"@type\":\"ImageObject\",\"inLanguage\":\"es\",\"@id\":\"https:\\\/\\\/diariotextual.com\\\/inicio\\\/index.php\\\/2020\\\/07\\\/24\\\/covid-19-laboratorios-privados-la-pampa-obligados-notificar-resultados-salud\\\/#primaryimage\",\"url\":\"https:\\\/\\\/diariotextual.com\\\/inicio\\\/wp-content\\\/uploads\\\/2020\\\/07\\\/coronavirusbusquedaactivahisopadoscamioneros2020-112.jpg\",\"contentUrl\":\"https:\\\/\\\/diariotextual.com\\\/inicio\\\/wp-content\\\/uploads\\\/2020\\\/07\\\/coronavirusbusquedaactivahisopadoscamioneros2020-112.jpg\",\"width\":1949,\"height\":1299},{\"@type\":\"BreadcrumbList\",\"@id\":\"https:\\\/\\\/diariotextual.com\\\/inicio\\\/index.php\\\/2020\\\/07\\\/24\\\/covid-19-laboratorios-privados-la-pampa-obligados-notificar-resultados-salud\\\/#breadcrumb\",\"itemListElement\":[{\"@type\":\"ListItem\",\"position\":1,\"name\":\"Portada\",\"item\":\"https:\\\/\\\/diariotextual.com\\\/inicio\\\/\"},{\"@type\":\"ListItem\",\"position\":2,\"name\":\"Covid-19: laboratorios privados de La Pampa son obligados a notificar resultados a Salud\"}]},{\"@type\":\"WebSite\",\"@id\":\"https:\\\/\\\/diariotextual.com\\\/inicio\\\/#website\",\"url\":\"https:\\\/\\\/diariotextual.com\\\/inicio\\\/\",\"name\":\"Diario Textual\",\"description\":\"\",\"publisher\":{\"@id\":\"https:\\\/\\\/diariotextual.com\\\/inicio\\\/#organization\"},\"potentialAction\":[{\"@type\":\"SearchAction\",\"target\":{\"@type\":\"EntryPoint\",\"urlTemplate\":\"https:\\\/\\\/diariotextual.com\\\/inicio\\\/?s={search_term_string}\"},\"query-input\":{\"@type\":\"PropertyValueSpecification\",\"valueRequired\":true,\"valueName\":\"search_term_string\"}}],\"inLanguage\":\"es\"},{\"@type\":\"Organization\",\"@id\":\"https:\\\/\\\/diariotextual.com\\\/inicio\\\/#organization\",\"name\":\"Diario Textual\",\"url\":\"https:\\\/\\\/diariotextual.com\\\/inicio\\\/\",\"logo\":{\"@type\":\"ImageObject\",\"inLanguage\":\"es\",\"@id\":\"https:\\\/\\\/diariotextual.com\\\/inicio\\\/#\\\/schema\\\/logo\\\/image\\\/\",\"url\":\"https:\\\/\\\/diariotextual.com\\\/inicio\\\/wp-content\\\/uploads\\\/2023\\\/05\\\/logotextual1.jpg\",\"contentUrl\":\"https:\\\/\\\/diariotextual.com\\\/inicio\\\/wp-content\\\/uploads\\\/2023\\\/05\\\/logotextual1.jpg\",\"width\":516,\"height\":76,\"caption\":\"Diario Textual\"},\"image\":{\"@id\":\"https:\\\/\\\/diariotextual.com\\\/inicio\\\/#\\\/schema\\\/logo\\\/image\\\/\"},\"sameAs\":[\"https:\\\/\\\/www.facebook.com\\\/eltextual\",\"https:\\\/\\\/x.com\\\/eltextual\",\"http:\\\/\\\/www.instagram.com\\\/eltextual\"]},{\"@type\":\"Person\",\"@id\":\"https:\\\/\\\/diariotextual.com\\\/inicio\\\/#\\\/schema\\\/person\\\/418fc4093c33e86ed41562db3508f958\",\"name\":\"Diario1 Diario1\",\"image\":{\"@type\":\"ImageObject\",\"inLanguage\":\"es\",\"@id\":\"https:\\\/\\\/secure.gravatar.com\\\/avatar\\\/9167d280179c85bc18be67aa7eda765854300033af4896dd779b608640f2ef7a?s=96&d=mm&r=g\",\"url\":\"https:\\\/\\\/secure.gravatar.com\\\/avatar\\\/9167d280179c85bc18be67aa7eda765854300033af4896dd779b608640f2ef7a?s=96&d=mm&r=g\",\"contentUrl\":\"https:\\\/\\\/secure.gravatar.com\\\/avatar\\\/9167d280179c85bc18be67aa7eda765854300033af4896dd779b608640f2ef7a?s=96&d=mm&r=g\",\"caption\":\"Diario1 Diario1\"},\"url\":\"https:\\\/\\\/diariotextual.com\\\/inicio\\\/index.php\\\/author\\\/diario1\\\/\"}]}<\/script>\n<!-- \/ Yoast SEO plugin. -->","yoast_head_json":{"title":"Covid-19: laboratorios privados de La Pampa son obligados a notificar resultados a Salud - Diario Textual","robots":{"index":"index","follow":"follow","max-snippet":"max-snippet:-1","max-image-preview":"max-image-preview:large","max-video-preview":"max-video-preview:-1"},"canonical":"https:\/\/diariotextual.com\/inicio\/index.php\/2020\/07\/24\/covid-19-laboratorios-privados-la-pampa-obligados-notificar-resultados-salud\/","og_locale":"es_ES","og_type":"article","og_title":"Covid-19: laboratorios privados de La Pampa son obligados a notificar resultados a Salud - Diario Textual","og_description":"El Gobierno provincial, a trav\u00e9s del Decreto 1694\/20, estableci\u00f3 que los laboratorios privados ahora deber\u00e1n informar al Ministerio de Salud de La Pampa los datos de las personas que han&hellip;","og_url":"https:\/\/diariotextual.com\/inicio\/index.php\/2020\/07\/24\/covid-19-laboratorios-privados-la-pampa-obligados-notificar-resultados-salud\/","og_site_name":"Diario Textual","article_publisher":"https:\/\/www.facebook.com\/eltextual","article_published_time":"2020-07-24T19:45:26+00:00","article_modified_time":"2020-07-25T02:56:02+00:00","og_image":[{"width":1949,"height":1299,"url":"https:\/\/diariotextual.com\/inicio\/wp-content\/uploads\/2020\/07\/coronavirusbusquedaactivahisopadoscamioneros2020-112.jpg","type":"image\/jpeg"}],"author":"Diario1 Diario1","twitter_card":"summary_large_image","twitter_creator":"@eltextual","twitter_site":"@eltextual","twitter_misc":{"Escrito por":"Diario1 Diario1","Tiempo de lectura":"2 minutos"},"schema":{"@context":"https:\/\/schema.org","@graph":[{"@type":"Article","@id":"https:\/\/diariotextual.com\/inicio\/index.php\/2020\/07\/24\/covid-19-laboratorios-privados-la-pampa-obligados-notificar-resultados-salud\/#article","isPartOf":{"@id":"https:\/\/diariotextual.com\/inicio\/index.php\/2020\/07\/24\/covid-19-laboratorios-privados-la-pampa-obligados-notificar-resultados-salud\/"},"author":{"name":"Diario1 Diario1","@id":"https:\/\/diariotextual.com\/inicio\/#\/schema\/person\/418fc4093c33e86ed41562db3508f958"},"headline":"Covid-19: laboratorios privados de La Pampa son obligados a notificar resultados a Salud","datePublished":"2020-07-24T19:45:26+00:00","dateModified":"2020-07-25T02:56:02+00:00","mainEntityOfPage":{"@id":"https:\/\/diariotextual.com\/inicio\/index.php\/2020\/07\/24\/covid-19-laboratorios-privados-la-pampa-obligados-notificar-resultados-salud\/"},"wordCount":382,"publisher":{"@id":"https:\/\/diariotextual.com\/inicio\/#organization"},"image":{"@id":"https:\/\/diariotextual.com\/inicio\/index.php\/2020\/07\/24\/covid-19-laboratorios-privados-la-pampa-obligados-notificar-resultados-salud\/#primaryimage"},"thumbnailUrl":"https:\/\/diariotextual.com\/inicio\/wp-content\/uploads\/2020\/07\/coronavirusbusquedaactivahisopadoscamioneros2020-112.jpg","keywords":["coronavirus"],"articleSection":["A - TEMPORALES","SOCIEDAD"],"inLanguage":"es"},{"@type":"WebPage","@id":"https:\/\/diariotextual.com\/inicio\/index.php\/2020\/07\/24\/covid-19-laboratorios-privados-la-pampa-obligados-notificar-resultados-salud\/","url":"https:\/\/diariotextual.com\/inicio\/index.php\/2020\/07\/24\/covid-19-laboratorios-privados-la-pampa-obligados-notificar-resultados-salud\/","name":"Covid-19: laboratorios privados de La Pampa son obligados a notificar resultados a Salud - Diario Textual","isPartOf":{"@id":"https:\/\/diariotextual.com\/inicio\/#website"},"primaryImageOfPage":{"@id":"https:\/\/diariotextual.com\/inicio\/index.php\/2020\/07\/24\/covid-19-laboratorios-privados-la-pampa-obligados-notificar-resultados-salud\/#primaryimage"},"image":{"@id":"https:\/\/diariotextual.com\/inicio\/index.php\/2020\/07\/24\/covid-19-laboratorios-privados-la-pampa-obligados-notificar-resultados-salud\/#primaryimage"},"thumbnailUrl":"https:\/\/diariotextual.com\/inicio\/wp-content\/uploads\/2020\/07\/coronavirusbusquedaactivahisopadoscamioneros2020-112.jpg","datePublished":"2020-07-24T19:45:26+00:00","dateModified":"2020-07-25T02:56:02+00:00","breadcrumb":{"@id":"https:\/\/diariotextual.com\/inicio\/index.php\/2020\/07\/24\/covid-19-laboratorios-privados-la-pampa-obligados-notificar-resultados-salud\/#breadcrumb"},"inLanguage":"es","potentialAction":[{"@type":"ReadAction","target":["https:\/\/diariotextual.com\/inicio\/index.php\/2020\/07\/24\/covid-19-laboratorios-privados-la-pampa-obligados-notificar-resultados-salud\/"]}]},{"@type":"ImageObject","inLanguage":"es","@id":"https:\/\/diariotextual.com\/inicio\/index.php\/2020\/07\/24\/covid-19-laboratorios-privados-la-pampa-obligados-notificar-resultados-salud\/#primaryimage","url":"https:\/\/diariotextual.com\/inicio\/wp-content\/uploads\/2020\/07\/coronavirusbusquedaactivahisopadoscamioneros2020-112.jpg","contentUrl":"https:\/\/diariotextual.com\/inicio\/wp-content\/uploads\/2020\/07\/coronavirusbusquedaactivahisopadoscamioneros2020-112.jpg","width":1949,"height":1299},{"@type":"BreadcrumbList","@id":"https:\/\/diariotextual.com\/inicio\/index.php\/2020\/07\/24\/covid-19-laboratorios-privados-la-pampa-obligados-notificar-resultados-salud\/#breadcrumb","itemListElement":[{"@type":"ListItem","position":1,"name":"Portada","item":"https:\/\/diariotextual.com\/inicio\/"},{"@type":"ListItem","position":2,"name":"Covid-19: laboratorios privados de La Pampa son obligados a notificar resultados a Salud"}]},{"@type":"WebSite","@id":"https:\/\/diariotextual.com\/inicio\/#website","url":"https:\/\/diariotextual.com\/inicio\/","name":"Diario Textual","description":"","publisher":{"@id":"https:\/\/diariotextual.com\/inicio\/#organization"},"potentialAction":[{"@type":"SearchAction","target":{"@type":"EntryPoint","urlTemplate":"https:\/\/diariotextual.com\/inicio\/?s={search_term_string}"},"query-input":{"@type":"PropertyValueSpecification","valueRequired":true,"valueName":"search_term_string"}}],"inLanguage":"es"},{"@type":"Organization","@id":"https:\/\/diariotextual.com\/inicio\/#organization","name":"Diario Textual","url":"https:\/\/diariotextual.com\/inicio\/","logo":{"@type":"ImageObject","inLanguage":"es","@id":"https:\/\/diariotextual.com\/inicio\/#\/schema\/logo\/image\/","url":"https:\/\/diariotextual.com\/inicio\/wp-content\/uploads\/2023\/05\/logotextual1.jpg","contentUrl":"https:\/\/diariotextual.com\/inicio\/wp-content\/uploads\/2023\/05\/logotextual1.jpg","width":516,"height":76,"caption":"Diario Textual"},"image":{"@id":"https:\/\/diariotextual.com\/inicio\/#\/schema\/logo\/image\/"},"sameAs":["https:\/\/www.facebook.com\/eltextual","https:\/\/x.com\/eltextual","http:\/\/www.instagram.com\/eltextual"]},{"@type":"Person","@id":"https:\/\/diariotextual.com\/inicio\/#\/schema\/person\/418fc4093c33e86ed41562db3508f958","name":"Diario1 Diario1","image":{"@type":"ImageObject","inLanguage":"es","@id":"https:\/\/secure.gravatar.com\/avatar\/9167d280179c85bc18be67aa7eda765854300033af4896dd779b608640f2ef7a?s=96&d=mm&r=g","url":"https:\/\/secure.gravatar.com\/avatar\/9167d280179c85bc18be67aa7eda765854300033af4896dd779b608640f2ef7a?s=96&d=mm&r=g","contentUrl":"https:\/\/secure.gravatar.com\/avatar\/9167d280179c85bc18be67aa7eda765854300033af4896dd779b608640f2ef7a?s=96&d=mm&r=g","caption":"Diario1 Diario1"},"url":"https:\/\/diariotextual.com\/inicio\/index.php\/author\/diario1\/"}]}},"_links":{"self":[{"href":"https:\/\/diariotextual.com\/inicio\/index.php\/wp-json\/wp\/v2\/posts\/102775","targetHints":{"allow":["GET"]}}],"collection":[{"href":"https:\/\/diariotextual.com\/inicio\/index.php\/wp-json\/wp\/v2\/posts"}],"about":[{"href":"https:\/\/diariotextual.com\/inicio\/index.php\/wp-json\/wp\/v2\/types\/post"}],"author":[{"embeddable":true,"href":"https:\/\/diariotextual.com\/inicio\/index.php\/wp-json\/wp\/v2\/users\/3"}],"replies":[{"embeddable":true,"href":"https:\/\/diariotextual.com\/inicio\/index.php\/wp-json\/wp\/v2\/comments?post=102775"}],"version-history":[{"count":3,"href":"https:\/\/diariotextual.com\/inicio\/index.php\/wp-json\/wp\/v2\/posts\/102775\/revisions"}],"predecessor-version":[{"id":102778,"href":"https:\/\/diariotextual.com\/inicio\/index.php\/wp-json\/wp\/v2\/posts\/102775\/revisions\/102778"}],"wp:featuredmedia":[{"embeddable":true,"href":"https:\/\/diariotextual.com\/inicio\/index.php\/wp-json\/wp\/v2\/media\/101913"}],"wp:attachment":[{"href":"https:\/\/diariotextual.com\/inicio\/index.php\/wp-json\/wp\/v2\/media?parent=102775"}],"wp:term":[{"taxonomy":"category","embeddable":true,"href":"https:\/\/diariotextual.com\/inicio\/index.php\/wp-json\/wp\/v2\/categories?post=102775"},{"taxonomy":"post_tag","embeddable":true,"href":"https:\/\/diariotextual.com\/inicio\/index.php\/wp-json\/wp\/v2\/tags?post=102775"}],"curies":[{"name":"wp","href":"https:\/\/api.w.org\/{rel}","templated":true}]}}