{"id":103748,"date":"2020-07-29T22:00:19","date_gmt":"2020-07-30T01:00:19","guid":{"rendered":"http:\/\/diariotextual.com\/inicio\/?p=103748"},"modified":"2020-07-30T11:13:38","modified_gmt":"2020-07-30T14:13:38","slug":"coronavirus-la-pampa-ya-70-casos-activos-pico-tambien-paso-fase-1","status":"publish","type":"post","link":"https:\/\/diariotextual.com\/inicio\/index.php\/2020\/07\/29\/coronavirus-la-pampa-ya-70-casos-activos-pico-tambien-paso-fase-1\/","title":{"rendered":"Coronavirus en La Pampa: ya hay 70 casos activos y Pico tambi\u00e9n pas\u00f3 a fase 1"},"content":{"rendered":"<p><strong>Sigue subiendo la cifra de contagiados de coronavirus<\/strong>. Hoy el Ministerio de Salud detect\u00f3 <strong>10 casos positivos<\/strong> -uno por la ma\u00f1ana y 9 por la tarde-, hubo<strong> un salto de contagios que llev\u00f3 al regreso a la fase 1 en General Pico<\/strong> y, como si fuera poco,<strong> se sumaron con contagios los pueblos de Embajador Martini y Villa Mirasol<\/strong>.<\/p>\n<p><strong>Por la ma\u00f1ana se report\u00f3 un caso en Catril\u00f3, con lo que ya sum\u00f3 48 casos activos.<\/strong> Lejos, el mayor n\u00famero de contagios (igual, las autoridades de Catril\u00f3 dijeron que, en realidad, esta persona reside en Santa Rosa por lo que es probable que en las pr\u00f3ximas horas sea reasignada a la capital provincial).<\/p>\n<p><strong>Por la tarde,\u00a0 Salud comunic\u00f3 que se analizaron un total de 93 muestras<\/strong>, en los laboratorios del Hospital Gobernador Centeno y el Laboratorio Central de la Direcci\u00f3n de Epidemiologia, <strong>de los cuales 9 resultaron positivos<\/strong> para Covid-19.<\/p>\n<p>En total en la provincia de La Pampa se han confirmado desde el inicio de la pandemia 78 casos para Covid-19, de los cuales 8 est\u00e1n recuperados y<strong> 70 permanecen activos<\/strong>.<\/p>\n<p><strong>\u00bfD\u00f3nde est\u00e1n los activos? 48 en Catril\u00f3, 8 en Pico, 6 en Macach\u00edn, 5 en Santa Rosa, 1 en General Acha, 1 en Embajador Martini y 1 en Villa Mirasol.<\/strong><\/p>\n<p>&nbsp;<\/p>\n<blockquote class=\"wp-embedded-content\" data-secret=\"bgCpNfnJci\"><p><a href=\"http:\/\/diariotextual.com\/inicio\/index.php\/2020\/07\/29\/ya-tres-los-medicos-coronavirus-la-provincia\/\">Ya son tres los m\u00e9dicos con coronavirus en la provincia<\/a><\/p><\/blockquote>\n<p><iframe class=\"wp-embedded-content\" sandbox=\"allow-scripts\" security=\"restricted\" style=\"position: absolute; clip: rect(1px, 1px, 1px, 1px);\" src=\"http:\/\/diariotextual.com\/inicio\/index.php\/2020\/07\/29\/ya-tres-los-medicos-coronavirus-la-provincia\/embed\/#?secret=bgCpNfnJci\" data-secret=\"bgCpNfnJci\" width=\"600\" height=\"338\" title=\"&#171;Ya son tres los m\u00e9dicos con coronavirus en la provincia&#187; &#8212; Diario Textual\" frameborder=\"0\" marginwidth=\"0\" marginheight=\"0\" scrolling=\"no\"><\/iframe><\/p>\n<p>&nbsp;<\/p>\n<p>&nbsp;<\/p>\n<p>En la provincia se han registrado un total de <strong>653 contactos estrechos<\/strong> distribuidos en las localidades de General Acha, Macach\u00edn, Santa Rosa, Toay, Lonquimay, Anguil, Relmo, Guatrache, General Pico, Embajador Martini, Anchorena, Villa Marisol y Catril\u00f3.<\/p>\n<p>A su vez, <strong>hay 3 casos confirmados internados.<\/strong> Dos de ellos, de Catril\u00f3, casos graves en terapia intensiva del Centro Emergente de Asistencia Respiratoria del Hospital Lucio Molas. Y otro paciente con cuadro leve a moderado residente de General Pico internado en el hospital Centeno de esa localidad.<\/p>\n<p>El Gobierno provincial, adem\u00e1s, <strong>hoy determin\u00f3 que la localidad de General Pico regresa a fase 1 de administraci\u00f3n de aislamiento al igual que las localidades de Santa Rosa, Catril\u00f3, Macach\u00edn, General Pico y Toay.<\/strong><\/p>\n<p>El anuncio lo hizo, con un mensaje grabado, el gobernador<strong> Sergio Ziliotto<\/strong> a las 20 horas. Pero luego los casos siguieron incluso subiendo.<\/p>\n<p>\u201cHay cinco casos positivos\u201d, dijo. \u201cCuatro de ellos tienen nexo epidemiol\u00f3gico con Catril\u00f3 y el restante no se sabe a esta hora, por lo que hemos decidido disparar una b\u00fasqueda de estos casos estrechos\u201d, cont\u00f3.<\/p>\n<p>\u201c(Pasar a la fase 1) Nos va a permitir tratar de focalizar y cortar la cadena de contagios, individualizando a todos los casos estrechos de estos casos positivos y de los eventuales positivos, porque al momento de este mensaje todav\u00eda est\u00e1n en proceso hisopados que se hicieron en el d\u00eda de la fecha. Por eso tenemos un escenario que ya amerita pasar a una etapa de aislamiento\u201d, cont\u00f3.<\/p>\n<p><strong>\u201cLes pido a los vecinos de Pico la mayor responsabilidad. Son medidas antip\u00e1ticas, pero son necesarias. Cuando hay que cuidar la salud de los pampeanos, no podemos dudar en ning\u00fan momento\u201d, dijo.<\/strong><\/p>\n<p>\u201cSepan que tienen el acompa\u00f1amiento del Gobierno de la provincia y del equipo de Salud, pero nos falta el acompa\u00f1amiento de toda la sociedad. Por eso, aislamiento, solidaridad, conciencia y, como siempre lo repetimos, responsabilidad social\u201d, manifest\u00f3.<\/p>\n<p>Ayer, Ziliotto hab\u00eda determinado que la ciudad de Santa Rosa y las localidades de Macach\u00edn y Toay vuelvan a Fase 1 de administraci\u00f3n de aislamiento. La semana pasada Catril\u00f3 ya hab\u00eda retrocedido a la misma fase.<\/p>\n<p>Ahora, sumando a Pico, ya son cinco las localidades de La Pampa en fase 1. Representa a m\u00e1s de dos tercios de la poblaci\u00f3n de la provincia.<\/p>\n<p>&nbsp;<\/p>\n<p>&nbsp;<\/p>\n<p>&nbsp;<\/p>\n","protected":false},"excerpt":{"rendered":"<p>Sigue subiendo la cifra de contagiados de coronavirus. Hoy el Ministerio de Salud detect\u00f3 10 casos positivos -uno por la ma\u00f1ana y 9 por la tarde-, hubo un salto de&hellip;<\/p>\n","protected":false},"author":3,"featured_media":103749,"comment_status":"closed","ping_status":"open","sticky":false,"template":"","format":"standard","meta":{"_acf_changed":false,"footnotes":""},"categories":[319,12],"tags":[2662],"class_list":["post-103748","post","type-post","status-publish","format-standard","has-post-thumbnail","hentry","category-a-temporales","category-sociedad","tag-coronavirus"],"acf":[],"yoast_head":"<!-- This site is optimized with the Yoast SEO plugin v27.5 - https:\/\/yoast.com\/product\/yoast-seo-wordpress\/ -->\n<title>Coronavirus en La Pampa: ya hay 70 casos activos y Pico tambi\u00e9n pas\u00f3 a fase 1 - Diario Textual<\/title>\n<meta name=\"robots\" content=\"index, follow, max-snippet:-1, max-image-preview:large, max-video-preview:-1\" \/>\n<link rel=\"canonical\" href=\"https:\/\/diariotextual.com\/inicio\/index.php\/2020\/07\/29\/coronavirus-la-pampa-ya-70-casos-activos-pico-tambien-paso-fase-1\/\" \/>\n<meta property=\"og:locale\" content=\"es_ES\" \/>\n<meta property=\"og:type\" content=\"article\" \/>\n<meta property=\"og:title\" content=\"Coronavirus en La Pampa: ya hay 70 casos activos y Pico tambi\u00e9n pas\u00f3 a fase 1 - Diario Textual\" \/>\n<meta property=\"og:description\" content=\"Sigue subiendo la cifra de contagiados de coronavirus. Hoy el Ministerio de Salud detect\u00f3 10 casos positivos -uno por la ma\u00f1ana y 9 por la tarde-, hubo un salto de&hellip;\" \/>\n<meta property=\"og:url\" content=\"https:\/\/diariotextual.com\/inicio\/index.php\/2020\/07\/29\/coronavirus-la-pampa-ya-70-casos-activos-pico-tambien-paso-fase-1\/\" \/>\n<meta property=\"og:site_name\" content=\"Diario Textual\" \/>\n<meta property=\"article:publisher\" content=\"https:\/\/www.facebook.com\/eltextual\" \/>\n<meta property=\"article:published_time\" content=\"2020-07-30T01:00:19+00:00\" \/>\n<meta property=\"article:modified_time\" content=\"2020-07-30T14:13:38+00:00\" \/>\n<meta property=\"og:image\" content=\"https:\/\/diariotextual.com\/inicio\/wp-content\/uploads\/2020\/07\/coronaviruslapampa2020-9002.jpg\" \/>\n\t<meta property=\"og:image:width\" content=\"2000\" \/>\n\t<meta property=\"og:image:height\" content=\"1335\" \/>\n\t<meta property=\"og:image:type\" content=\"image\/jpeg\" \/>\n<meta name=\"author\" content=\"Diario1 Diario1\" \/>\n<meta name=\"twitter:card\" content=\"summary_large_image\" \/>\n<meta name=\"twitter:creator\" content=\"@eltextual\" \/>\n<meta name=\"twitter:site\" content=\"@eltextual\" \/>\n<meta name=\"twitter:label1\" content=\"Escrito por\" \/>\n\t<meta name=\"twitter:data1\" content=\"Diario1 Diario1\" \/>\n\t<meta name=\"twitter:label2\" content=\"Tiempo de lectura\" \/>\n\t<meta name=\"twitter:data2\" content=\"3 minutos\" \/>\n<script type=\"application\/ld+json\" class=\"yoast-schema-graph\">{\"@context\":\"https:\\\/\\\/schema.org\",\"@graph\":[{\"@type\":\"Article\",\"@id\":\"https:\\\/\\\/diariotextual.com\\\/inicio\\\/index.php\\\/2020\\\/07\\\/29\\\/coronavirus-la-pampa-ya-70-casos-activos-pico-tambien-paso-fase-1\\\/#article\",\"isPartOf\":{\"@id\":\"https:\\\/\\\/diariotextual.com\\\/inicio\\\/index.php\\\/2020\\\/07\\\/29\\\/coronavirus-la-pampa-ya-70-casos-activos-pico-tambien-paso-fase-1\\\/\"},\"author\":{\"name\":\"Diario1 Diario1\",\"@id\":\"https:\\\/\\\/diariotextual.com\\\/inicio\\\/#\\\/schema\\\/person\\\/418fc4093c33e86ed41562db3508f958\"},\"headline\":\"Coronavirus en La Pampa: ya hay 70 casos activos y Pico tambi\u00e9n pas\u00f3 a fase 1\",\"datePublished\":\"2020-07-30T01:00:19+00:00\",\"dateModified\":\"2020-07-30T14:13:38+00:00\",\"mainEntityOfPage\":{\"@id\":\"https:\\\/\\\/diariotextual.com\\\/inicio\\\/index.php\\\/2020\\\/07\\\/29\\\/coronavirus-la-pampa-ya-70-casos-activos-pico-tambien-paso-fase-1\\\/\"},\"wordCount\":620,\"publisher\":{\"@id\":\"https:\\\/\\\/diariotextual.com\\\/inicio\\\/#organization\"},\"image\":{\"@id\":\"https:\\\/\\\/diariotextual.com\\\/inicio\\\/index.php\\\/2020\\\/07\\\/29\\\/coronavirus-la-pampa-ya-70-casos-activos-pico-tambien-paso-fase-1\\\/#primaryimage\"},\"thumbnailUrl\":\"https:\\\/\\\/diariotextual.com\\\/inicio\\\/wp-content\\\/uploads\\\/2020\\\/07\\\/coronaviruslapampa2020-9002.jpg\",\"keywords\":[\"coronavirus\"],\"articleSection\":[\"A - TEMPORALES\",\"SOCIEDAD\"],\"inLanguage\":\"es\"},{\"@type\":\"WebPage\",\"@id\":\"https:\\\/\\\/diariotextual.com\\\/inicio\\\/index.php\\\/2020\\\/07\\\/29\\\/coronavirus-la-pampa-ya-70-casos-activos-pico-tambien-paso-fase-1\\\/\",\"url\":\"https:\\\/\\\/diariotextual.com\\\/inicio\\\/index.php\\\/2020\\\/07\\\/29\\\/coronavirus-la-pampa-ya-70-casos-activos-pico-tambien-paso-fase-1\\\/\",\"name\":\"Coronavirus en La Pampa: ya hay 70 casos activos y Pico tambi\u00e9n pas\u00f3 a fase 1 - Diario Textual\",\"isPartOf\":{\"@id\":\"https:\\\/\\\/diariotextual.com\\\/inicio\\\/#website\"},\"primaryImageOfPage\":{\"@id\":\"https:\\\/\\\/diariotextual.com\\\/inicio\\\/index.php\\\/2020\\\/07\\\/29\\\/coronavirus-la-pampa-ya-70-casos-activos-pico-tambien-paso-fase-1\\\/#primaryimage\"},\"image\":{\"@id\":\"https:\\\/\\\/diariotextual.com\\\/inicio\\\/index.php\\\/2020\\\/07\\\/29\\\/coronavirus-la-pampa-ya-70-casos-activos-pico-tambien-paso-fase-1\\\/#primaryimage\"},\"thumbnailUrl\":\"https:\\\/\\\/diariotextual.com\\\/inicio\\\/wp-content\\\/uploads\\\/2020\\\/07\\\/coronaviruslapampa2020-9002.jpg\",\"datePublished\":\"2020-07-30T01:00:19+00:00\",\"dateModified\":\"2020-07-30T14:13:38+00:00\",\"breadcrumb\":{\"@id\":\"https:\\\/\\\/diariotextual.com\\\/inicio\\\/index.php\\\/2020\\\/07\\\/29\\\/coronavirus-la-pampa-ya-70-casos-activos-pico-tambien-paso-fase-1\\\/#breadcrumb\"},\"inLanguage\":\"es\",\"potentialAction\":[{\"@type\":\"ReadAction\",\"target\":[\"https:\\\/\\\/diariotextual.com\\\/inicio\\\/index.php\\\/2020\\\/07\\\/29\\\/coronavirus-la-pampa-ya-70-casos-activos-pico-tambien-paso-fase-1\\\/\"]}]},{\"@type\":\"ImageObject\",\"inLanguage\":\"es\",\"@id\":\"https:\\\/\\\/diariotextual.com\\\/inicio\\\/index.php\\\/2020\\\/07\\\/29\\\/coronavirus-la-pampa-ya-70-casos-activos-pico-tambien-paso-fase-1\\\/#primaryimage\",\"url\":\"https:\\\/\\\/diariotextual.com\\\/inicio\\\/wp-content\\\/uploads\\\/2020\\\/07\\\/coronaviruslapampa2020-9002.jpg\",\"contentUrl\":\"https:\\\/\\\/diariotextual.com\\\/inicio\\\/wp-content\\\/uploads\\\/2020\\\/07\\\/coronaviruslapampa2020-9002.jpg\",\"width\":2000,\"height\":1335},{\"@type\":\"BreadcrumbList\",\"@id\":\"https:\\\/\\\/diariotextual.com\\\/inicio\\\/index.php\\\/2020\\\/07\\\/29\\\/coronavirus-la-pampa-ya-70-casos-activos-pico-tambien-paso-fase-1\\\/#breadcrumb\",\"itemListElement\":[{\"@type\":\"ListItem\",\"position\":1,\"name\":\"Portada\",\"item\":\"https:\\\/\\\/diariotextual.com\\\/inicio\\\/\"},{\"@type\":\"ListItem\",\"position\":2,\"name\":\"Coronavirus en La Pampa: ya hay 70 casos activos y Pico tambi\u00e9n pas\u00f3 a fase 1\"}]},{\"@type\":\"WebSite\",\"@id\":\"https:\\\/\\\/diariotextual.com\\\/inicio\\\/#website\",\"url\":\"https:\\\/\\\/diariotextual.com\\\/inicio\\\/\",\"name\":\"Diario Textual\",\"description\":\"\",\"publisher\":{\"@id\":\"https:\\\/\\\/diariotextual.com\\\/inicio\\\/#organization\"},\"potentialAction\":[{\"@type\":\"SearchAction\",\"target\":{\"@type\":\"EntryPoint\",\"urlTemplate\":\"https:\\\/\\\/diariotextual.com\\\/inicio\\\/?s={search_term_string}\"},\"query-input\":{\"@type\":\"PropertyValueSpecification\",\"valueRequired\":true,\"valueName\":\"search_term_string\"}}],\"inLanguage\":\"es\"},{\"@type\":\"Organization\",\"@id\":\"https:\\\/\\\/diariotextual.com\\\/inicio\\\/#organization\",\"name\":\"Diario Textual\",\"url\":\"https:\\\/\\\/diariotextual.com\\\/inicio\\\/\",\"logo\":{\"@type\":\"ImageObject\",\"inLanguage\":\"es\",\"@id\":\"https:\\\/\\\/diariotextual.com\\\/inicio\\\/#\\\/schema\\\/logo\\\/image\\\/\",\"url\":\"https:\\\/\\\/diariotextual.com\\\/inicio\\\/wp-content\\\/uploads\\\/2023\\\/05\\\/logotextual1.jpg\",\"contentUrl\":\"https:\\\/\\\/diariotextual.com\\\/inicio\\\/wp-content\\\/uploads\\\/2023\\\/05\\\/logotextual1.jpg\",\"width\":516,\"height\":76,\"caption\":\"Diario Textual\"},\"image\":{\"@id\":\"https:\\\/\\\/diariotextual.com\\\/inicio\\\/#\\\/schema\\\/logo\\\/image\\\/\"},\"sameAs\":[\"https:\\\/\\\/www.facebook.com\\\/eltextual\",\"https:\\\/\\\/x.com\\\/eltextual\",\"http:\\\/\\\/www.instagram.com\\\/eltextual\"]},{\"@type\":\"Person\",\"@id\":\"https:\\\/\\\/diariotextual.com\\\/inicio\\\/#\\\/schema\\\/person\\\/418fc4093c33e86ed41562db3508f958\",\"name\":\"Diario1 Diario1\",\"image\":{\"@type\":\"ImageObject\",\"inLanguage\":\"es\",\"@id\":\"https:\\\/\\\/secure.gravatar.com\\\/avatar\\\/9167d280179c85bc18be67aa7eda765854300033af4896dd779b608640f2ef7a?s=96&d=mm&r=g\",\"url\":\"https:\\\/\\\/secure.gravatar.com\\\/avatar\\\/9167d280179c85bc18be67aa7eda765854300033af4896dd779b608640f2ef7a?s=96&d=mm&r=g\",\"contentUrl\":\"https:\\\/\\\/secure.gravatar.com\\\/avatar\\\/9167d280179c85bc18be67aa7eda765854300033af4896dd779b608640f2ef7a?s=96&d=mm&r=g\",\"caption\":\"Diario1 Diario1\"},\"url\":\"https:\\\/\\\/diariotextual.com\\\/inicio\\\/index.php\\\/author\\\/diario1\\\/\"}]}<\/script>\n<!-- \/ Yoast SEO plugin. -->","yoast_head_json":{"title":"Coronavirus en La Pampa: ya hay 70 casos activos y Pico tambi\u00e9n pas\u00f3 a fase 1 - Diario Textual","robots":{"index":"index","follow":"follow","max-snippet":"max-snippet:-1","max-image-preview":"max-image-preview:large","max-video-preview":"max-video-preview:-1"},"canonical":"https:\/\/diariotextual.com\/inicio\/index.php\/2020\/07\/29\/coronavirus-la-pampa-ya-70-casos-activos-pico-tambien-paso-fase-1\/","og_locale":"es_ES","og_type":"article","og_title":"Coronavirus en La Pampa: ya hay 70 casos activos y Pico tambi\u00e9n pas\u00f3 a fase 1 - Diario Textual","og_description":"Sigue subiendo la cifra de contagiados de coronavirus. Hoy el Ministerio de Salud detect\u00f3 10 casos positivos -uno por la ma\u00f1ana y 9 por la tarde-, hubo un salto de&hellip;","og_url":"https:\/\/diariotextual.com\/inicio\/index.php\/2020\/07\/29\/coronavirus-la-pampa-ya-70-casos-activos-pico-tambien-paso-fase-1\/","og_site_name":"Diario Textual","article_publisher":"https:\/\/www.facebook.com\/eltextual","article_published_time":"2020-07-30T01:00:19+00:00","article_modified_time":"2020-07-30T14:13:38+00:00","og_image":[{"width":2000,"height":1335,"url":"https:\/\/diariotextual.com\/inicio\/wp-content\/uploads\/2020\/07\/coronaviruslapampa2020-9002.jpg","type":"image\/jpeg"}],"author":"Diario1 Diario1","twitter_card":"summary_large_image","twitter_creator":"@eltextual","twitter_site":"@eltextual","twitter_misc":{"Escrito por":"Diario1 Diario1","Tiempo de lectura":"3 minutos"},"schema":{"@context":"https:\/\/schema.org","@graph":[{"@type":"Article","@id":"https:\/\/diariotextual.com\/inicio\/index.php\/2020\/07\/29\/coronavirus-la-pampa-ya-70-casos-activos-pico-tambien-paso-fase-1\/#article","isPartOf":{"@id":"https:\/\/diariotextual.com\/inicio\/index.php\/2020\/07\/29\/coronavirus-la-pampa-ya-70-casos-activos-pico-tambien-paso-fase-1\/"},"author":{"name":"Diario1 Diario1","@id":"https:\/\/diariotextual.com\/inicio\/#\/schema\/person\/418fc4093c33e86ed41562db3508f958"},"headline":"Coronavirus en La Pampa: ya hay 70 casos activos y Pico tambi\u00e9n pas\u00f3 a fase 1","datePublished":"2020-07-30T01:00:19+00:00","dateModified":"2020-07-30T14:13:38+00:00","mainEntityOfPage":{"@id":"https:\/\/diariotextual.com\/inicio\/index.php\/2020\/07\/29\/coronavirus-la-pampa-ya-70-casos-activos-pico-tambien-paso-fase-1\/"},"wordCount":620,"publisher":{"@id":"https:\/\/diariotextual.com\/inicio\/#organization"},"image":{"@id":"https:\/\/diariotextual.com\/inicio\/index.php\/2020\/07\/29\/coronavirus-la-pampa-ya-70-casos-activos-pico-tambien-paso-fase-1\/#primaryimage"},"thumbnailUrl":"https:\/\/diariotextual.com\/inicio\/wp-content\/uploads\/2020\/07\/coronaviruslapampa2020-9002.jpg","keywords":["coronavirus"],"articleSection":["A - TEMPORALES","SOCIEDAD"],"inLanguage":"es"},{"@type":"WebPage","@id":"https:\/\/diariotextual.com\/inicio\/index.php\/2020\/07\/29\/coronavirus-la-pampa-ya-70-casos-activos-pico-tambien-paso-fase-1\/","url":"https:\/\/diariotextual.com\/inicio\/index.php\/2020\/07\/29\/coronavirus-la-pampa-ya-70-casos-activos-pico-tambien-paso-fase-1\/","name":"Coronavirus en La Pampa: ya hay 70 casos activos y Pico tambi\u00e9n pas\u00f3 a fase 1 - Diario Textual","isPartOf":{"@id":"https:\/\/diariotextual.com\/inicio\/#website"},"primaryImageOfPage":{"@id":"https:\/\/diariotextual.com\/inicio\/index.php\/2020\/07\/29\/coronavirus-la-pampa-ya-70-casos-activos-pico-tambien-paso-fase-1\/#primaryimage"},"image":{"@id":"https:\/\/diariotextual.com\/inicio\/index.php\/2020\/07\/29\/coronavirus-la-pampa-ya-70-casos-activos-pico-tambien-paso-fase-1\/#primaryimage"},"thumbnailUrl":"https:\/\/diariotextual.com\/inicio\/wp-content\/uploads\/2020\/07\/coronaviruslapampa2020-9002.jpg","datePublished":"2020-07-30T01:00:19+00:00","dateModified":"2020-07-30T14:13:38+00:00","breadcrumb":{"@id":"https:\/\/diariotextual.com\/inicio\/index.php\/2020\/07\/29\/coronavirus-la-pampa-ya-70-casos-activos-pico-tambien-paso-fase-1\/#breadcrumb"},"inLanguage":"es","potentialAction":[{"@type":"ReadAction","target":["https:\/\/diariotextual.com\/inicio\/index.php\/2020\/07\/29\/coronavirus-la-pampa-ya-70-casos-activos-pico-tambien-paso-fase-1\/"]}]},{"@type":"ImageObject","inLanguage":"es","@id":"https:\/\/diariotextual.com\/inicio\/index.php\/2020\/07\/29\/coronavirus-la-pampa-ya-70-casos-activos-pico-tambien-paso-fase-1\/#primaryimage","url":"https:\/\/diariotextual.com\/inicio\/wp-content\/uploads\/2020\/07\/coronaviruslapampa2020-9002.jpg","contentUrl":"https:\/\/diariotextual.com\/inicio\/wp-content\/uploads\/2020\/07\/coronaviruslapampa2020-9002.jpg","width":2000,"height":1335},{"@type":"BreadcrumbList","@id":"https:\/\/diariotextual.com\/inicio\/index.php\/2020\/07\/29\/coronavirus-la-pampa-ya-70-casos-activos-pico-tambien-paso-fase-1\/#breadcrumb","itemListElement":[{"@type":"ListItem","position":1,"name":"Portada","item":"https:\/\/diariotextual.com\/inicio\/"},{"@type":"ListItem","position":2,"name":"Coronavirus en La Pampa: ya hay 70 casos activos y Pico tambi\u00e9n pas\u00f3 a fase 1"}]},{"@type":"WebSite","@id":"https:\/\/diariotextual.com\/inicio\/#website","url":"https:\/\/diariotextual.com\/inicio\/","name":"Diario Textual","description":"","publisher":{"@id":"https:\/\/diariotextual.com\/inicio\/#organization"},"potentialAction":[{"@type":"SearchAction","target":{"@type":"EntryPoint","urlTemplate":"https:\/\/diariotextual.com\/inicio\/?s={search_term_string}"},"query-input":{"@type":"PropertyValueSpecification","valueRequired":true,"valueName":"search_term_string"}}],"inLanguage":"es"},{"@type":"Organization","@id":"https:\/\/diariotextual.com\/inicio\/#organization","name":"Diario Textual","url":"https:\/\/diariotextual.com\/inicio\/","logo":{"@type":"ImageObject","inLanguage":"es","@id":"https:\/\/diariotextual.com\/inicio\/#\/schema\/logo\/image\/","url":"https:\/\/diariotextual.com\/inicio\/wp-content\/uploads\/2023\/05\/logotextual1.jpg","contentUrl":"https:\/\/diariotextual.com\/inicio\/wp-content\/uploads\/2023\/05\/logotextual1.jpg","width":516,"height":76,"caption":"Diario Textual"},"image":{"@id":"https:\/\/diariotextual.com\/inicio\/#\/schema\/logo\/image\/"},"sameAs":["https:\/\/www.facebook.com\/eltextual","https:\/\/x.com\/eltextual","http:\/\/www.instagram.com\/eltextual"]},{"@type":"Person","@id":"https:\/\/diariotextual.com\/inicio\/#\/schema\/person\/418fc4093c33e86ed41562db3508f958","name":"Diario1 Diario1","image":{"@type":"ImageObject","inLanguage":"es","@id":"https:\/\/secure.gravatar.com\/avatar\/9167d280179c85bc18be67aa7eda765854300033af4896dd779b608640f2ef7a?s=96&d=mm&r=g","url":"https:\/\/secure.gravatar.com\/avatar\/9167d280179c85bc18be67aa7eda765854300033af4896dd779b608640f2ef7a?s=96&d=mm&r=g","contentUrl":"https:\/\/secure.gravatar.com\/avatar\/9167d280179c85bc18be67aa7eda765854300033af4896dd779b608640f2ef7a?s=96&d=mm&r=g","caption":"Diario1 Diario1"},"url":"https:\/\/diariotextual.com\/inicio\/index.php\/author\/diario1\/"}]}},"_links":{"self":[{"href":"https:\/\/diariotextual.com\/inicio\/index.php\/wp-json\/wp\/v2\/posts\/103748","targetHints":{"allow":["GET"]}}],"collection":[{"href":"https:\/\/diariotextual.com\/inicio\/index.php\/wp-json\/wp\/v2\/posts"}],"about":[{"href":"https:\/\/diariotextual.com\/inicio\/index.php\/wp-json\/wp\/v2\/types\/post"}],"author":[{"embeddable":true,"href":"https:\/\/diariotextual.com\/inicio\/index.php\/wp-json\/wp\/v2\/users\/3"}],"replies":[{"embeddable":true,"href":"https:\/\/diariotextual.com\/inicio\/index.php\/wp-json\/wp\/v2\/comments?post=103748"}],"version-history":[{"count":6,"href":"https:\/\/diariotextual.com\/inicio\/index.php\/wp-json\/wp\/v2\/posts\/103748\/revisions"}],"predecessor-version":[{"id":103816,"href":"https:\/\/diariotextual.com\/inicio\/index.php\/wp-json\/wp\/v2\/posts\/103748\/revisions\/103816"}],"wp:featuredmedia":[{"embeddable":true,"href":"https:\/\/diariotextual.com\/inicio\/index.php\/wp-json\/wp\/v2\/media\/103749"}],"wp:attachment":[{"href":"https:\/\/diariotextual.com\/inicio\/index.php\/wp-json\/wp\/v2\/media?parent=103748"}],"wp:term":[{"taxonomy":"category","embeddable":true,"href":"https:\/\/diariotextual.com\/inicio\/index.php\/wp-json\/wp\/v2\/categories?post=103748"},{"taxonomy":"post_tag","embeddable":true,"href":"https:\/\/diariotextual.com\/inicio\/index.php\/wp-json\/wp\/v2\/tags?post=103748"}],"curies":[{"name":"wp","href":"https:\/\/api.w.org\/{rel}","templated":true}]}}