{"id":103905,"date":"2020-07-30T12:17:55","date_gmt":"2020-07-30T15:17:55","guid":{"rendered":"http:\/\/diariotextual.com\/inicio\/?p=103905"},"modified":"2020-07-30T18:44:21","modified_gmt":"2020-07-30T21:44:21","slug":"vera-coronavirus-mate-ha-uno-los-principales-medios-transmision","status":"publish","type":"post","link":"https:\/\/diariotextual.com\/inicio\/index.php\/2020\/07\/30\/vera-coronavirus-mate-ha-uno-los-principales-medios-transmision\/","title":{"rendered":"Vera y el coronavirus: \u201cEl mate ha sido uno de los principales medios de transmisi\u00f3n\u201d"},"content":{"rendered":"<p>Integrantes del Comit\u00e9 de Crisis de General Pico mantuvieron este jueves un encuentro v\u00eda remota para analizar la situaci\u00f3n epidemiol\u00f3gica, luego que ayer el gobernador Sergio Ziliotto resolviera que tambi\u00e9n volviera a Fase 1 esa ciudad norte\u00f1a. El <strong>subsecretario de Salud, Gustavo Vera, se esperanz\u00f3 en controlar r\u00e1pidamente el contagio en Pico y afirm\u00f3 que el medio de transmisi\u00f3n del virus fue a trav\u00e9s del mate.<\/strong><\/p>\n<p><!--more--><\/p>\n<p>\u201cHemos venido con equipos de epidemiolog\u00eda de la Provincia a General Pico.<strong> Estamos siguiendo muy de cerca la evoluci\u00f3n de la situaci\u00f3n en la ciudad, que es una r\u00e9plica de lo que est\u00e1 pasando en el resto de La Pampa y que tiene que ver con el brote de Catril\u00f3 y Pellegrini, y con relaciones sociales, como tomar mate<\/strong>, darse un beso o una comida compartida\u201d, expres\u00f3 el funcionario provincial.<\/p>\n<p>\u201c<strong>Los 40 testeos realizados en el mi\u00e9rcoles en Catril\u00f3 dieron negativos, lo cual da la esperanza de poder controlar r\u00e1pidamente este foco en General Pico<\/strong>, habida cuenta de que guarda relaci\u00f3n con esa localidad y no con otro \u00e1mbito\u201d, dijo.<\/p>\n<p>El subsecretario de Salud consider\u00f3 que <strong>los 14 d\u00edas de aislamiento son claves. \u201cInclusive m\u00e1s importantes que el hisopado, ya que evitan que el virus siga circulando.<\/strong> Esto tiene que ver con la falta de medidas de protecci\u00f3n, la mayor\u00eda se ha contagiado por contacto social. La gente de Pico ven\u00eda trabajando muy bien, pero lamentablemente la situaci\u00f3n desatada en una localidad, salpic\u00f3 a varias localidades pampeanas. El mate ha sido uno de los principales medios de transmisi\u00f3n y la propagaci\u00f3n de la enfermedad\u201d.<\/p>\n<p>Este jueves 30 de julio, desde las 0 horas, General Pico volvi\u00f3 a Fase 1 de Aislamiento Preventivo y Obligatorio, tras detectarse la aparici\u00f3n de ocho casos positivos de Covid-19 en la ciudad. Tras la proliferaci\u00f3n de casos, desde <strong>el Comit\u00e9 de Crisis se asegur\u00f3 que tiene relaci\u00f3n con el brote de la localidad de Catril\u00f3.<\/strong><\/p>\n<p>El encuentro virtual estuvo encabezado por la intendenta Fernanda Alonso y cont\u00f3 con la presencia de Esteban Vianello, director del Hospital Centeno; el jefe de la UR-II, Cristian Dupuy; el fiscal Armando Ag\u00fcero; y representantes de c\u00e1maras de comercio e instituciones intermedias de la ciudad, adem\u00e1s de funcionarios del Ministerio de Salud.<\/p>\n<blockquote class=\"wp-embedded-content\" data-secret=\"EovcSh5bNM\"><p><a href=\"http:\/\/diariotextual.com\/inicio\/index.php\/2020\/07\/30\/aun-no-circulacion-comunitaria-del-coronavirus-la-pampa\/\">\u00bfPor qu\u00e9 a\u00fan no hay circulaci\u00f3n comunitaria del coronavirus en La Pampa?<\/a><\/p><\/blockquote>\n<p><iframe class=\"wp-embedded-content\" sandbox=\"allow-scripts\" security=\"restricted\" style=\"position: absolute; clip: rect(1px, 1px, 1px, 1px);\" src=\"http:\/\/diariotextual.com\/inicio\/index.php\/2020\/07\/30\/aun-no-circulacion-comunitaria-del-coronavirus-la-pampa\/embed\/#?secret=EovcSh5bNM\" data-secret=\"EovcSh5bNM\" width=\"600\" height=\"338\" title=\"&#171;\u00bfPor qu\u00e9 a\u00fan no hay circulaci\u00f3n comunitaria del coronavirus en La Pampa?&#187; &#8212; Diario Textual\" frameborder=\"0\" marginwidth=\"0\" marginheight=\"0\" scrolling=\"no\"><\/iframe><\/p>\n<p><strong>\u201cLas medidas adoptadas buscan bloquear de manera inmediata los contagios, por lo cual se solicita a la poblaci\u00f3n no circular\u00bb, dijo la intendenta Alonso<\/strong>. \u00abAquellos que por desarrollar una actividad esencial deban hacerlo, deber\u00e1n solicitar el permiso correspondiente en la p\u00e1gina web del Gobierno de La Pampa\u201d.<\/p>\n<p>El director del <strong>Centeno, Esteban Vianello, afirm\u00f3 que se est\u00e1 trabajando en el proceso de ubicar los contactos estrechos y la segunda l\u00ednea de esos contactos.<\/strong> \u201cEs un trabajo, meticuloso y lento. Hay que evitar la circulaci\u00f3n de la gente, es la \u00fanica forma en que Salud puede trabajar y contener este foco, pedimos la colaboraci\u00f3n de la comunidad\u201d, a\u00f1adi\u00f3.<\/p>\n<p>Cristian Dupuy, jefe de la UR-II, asegur\u00f3 que <strong>la Polic\u00eda local no va a exigir el certificado nacional, pero s\u00ed el provincial. \u201cUno para la ciudad interno y otro para circular entre pueblo y pueblo<\/strong>\u201d, dijo.<\/p>\n<p>&nbsp;<\/p>\n","protected":false},"excerpt":{"rendered":"<p>Integrantes del Comit\u00e9 de Crisis de General Pico mantuvieron este jueves un encuentro v\u00eda remota para analizar la situaci\u00f3n epidemiol\u00f3gica, luego que ayer el gobernador Sergio Ziliotto resolviera que tambi\u00e9n&hellip;<\/p>\n","protected":false},"author":5,"featured_media":101917,"comment_status":"closed","ping_status":"open","sticky":false,"template":"","format":"standard","meta":{"_acf_changed":false,"footnotes":""},"categories":[4,12],"tags":[2662,198,560],"class_list":["post-103905","post","type-post","status-publish","format-standard","has-post-thumbnail","hentry","category-destacadas","category-sociedad","tag-coronavirus","tag-pico","tag-vera"],"acf":[],"yoast_head":"<!-- This site is optimized with the Yoast SEO plugin v27.5 - https:\/\/yoast.com\/product\/yoast-seo-wordpress\/ -->\n<title>Vera y el coronavirus: \u201cEl mate ha sido uno de los principales medios de transmisi\u00f3n\u201d - Diario Textual<\/title>\n<meta name=\"robots\" content=\"index, follow, max-snippet:-1, max-image-preview:large, max-video-preview:-1\" \/>\n<link rel=\"canonical\" href=\"https:\/\/diariotextual.com\/inicio\/index.php\/2020\/07\/30\/vera-coronavirus-mate-ha-uno-los-principales-medios-transmision\/\" \/>\n<meta property=\"og:locale\" content=\"es_ES\" \/>\n<meta property=\"og:type\" content=\"article\" \/>\n<meta property=\"og:title\" content=\"Vera y el coronavirus: \u201cEl mate ha sido uno de los principales medios de transmisi\u00f3n\u201d - Diario Textual\" \/>\n<meta property=\"og:description\" content=\"Integrantes del Comit\u00e9 de Crisis de General Pico mantuvieron este jueves un encuentro v\u00eda remota para analizar la situaci\u00f3n epidemiol\u00f3gica, luego que ayer el gobernador Sergio Ziliotto resolviera que tambi\u00e9n&hellip;\" \/>\n<meta property=\"og:url\" content=\"https:\/\/diariotextual.com\/inicio\/index.php\/2020\/07\/30\/vera-coronavirus-mate-ha-uno-los-principales-medios-transmision\/\" \/>\n<meta property=\"og:site_name\" content=\"Diario Textual\" \/>\n<meta property=\"article:publisher\" content=\"https:\/\/www.facebook.com\/eltextual\" \/>\n<meta property=\"article:published_time\" content=\"2020-07-30T15:17:55+00:00\" \/>\n<meta property=\"article:modified_time\" content=\"2020-07-30T21:44:21+00:00\" \/>\n<meta property=\"og:image\" content=\"https:\/\/diariotextual.com\/inicio\/wp-content\/uploads\/2020\/07\/veragustavo2020-1112.jpg\" \/>\n\t<meta property=\"og:image:width\" content=\"1949\" \/>\n\t<meta property=\"og:image:height\" content=\"1299\" \/>\n\t<meta property=\"og:image:type\" content=\"image\/jpeg\" \/>\n<meta name=\"author\" content=\"diario3\" \/>\n<meta name=\"twitter:card\" content=\"summary_large_image\" \/>\n<meta name=\"twitter:creator\" content=\"@eltextual\" \/>\n<meta name=\"twitter:site\" content=\"@eltextual\" \/>\n<meta name=\"twitter:label1\" content=\"Escrito por\" \/>\n\t<meta name=\"twitter:data1\" content=\"diario3\" \/>\n\t<meta name=\"twitter:label2\" content=\"Tiempo de lectura\" \/>\n\t<meta name=\"twitter:data2\" content=\"3 minutos\" \/>\n<script type=\"application\/ld+json\" class=\"yoast-schema-graph\">{\"@context\":\"https:\\\/\\\/schema.org\",\"@graph\":[{\"@type\":\"Article\",\"@id\":\"https:\\\/\\\/diariotextual.com\\\/inicio\\\/index.php\\\/2020\\\/07\\\/30\\\/vera-coronavirus-mate-ha-uno-los-principales-medios-transmision\\\/#article\",\"isPartOf\":{\"@id\":\"https:\\\/\\\/diariotextual.com\\\/inicio\\\/index.php\\\/2020\\\/07\\\/30\\\/vera-coronavirus-mate-ha-uno-los-principales-medios-transmision\\\/\"},\"author\":{\"name\":\"diario3\",\"@id\":\"https:\\\/\\\/diariotextual.com\\\/inicio\\\/#\\\/schema\\\/person\\\/a1b6f563e0ee944c60f98119389a4d9f\"},\"headline\":\"Vera y el coronavirus: \u201cEl mate ha sido uno de los principales medios de transmisi\u00f3n\u201d\",\"datePublished\":\"2020-07-30T15:17:55+00:00\",\"dateModified\":\"2020-07-30T21:44:21+00:00\",\"mainEntityOfPage\":{\"@id\":\"https:\\\/\\\/diariotextual.com\\\/inicio\\\/index.php\\\/2020\\\/07\\\/30\\\/vera-coronavirus-mate-ha-uno-los-principales-medios-transmision\\\/\"},\"wordCount\":566,\"publisher\":{\"@id\":\"https:\\\/\\\/diariotextual.com\\\/inicio\\\/#organization\"},\"image\":{\"@id\":\"https:\\\/\\\/diariotextual.com\\\/inicio\\\/index.php\\\/2020\\\/07\\\/30\\\/vera-coronavirus-mate-ha-uno-los-principales-medios-transmision\\\/#primaryimage\"},\"thumbnailUrl\":\"https:\\\/\\\/diariotextual.com\\\/inicio\\\/wp-content\\\/uploads\\\/2020\\\/07\\\/veragustavo2020-1112.jpg\",\"keywords\":[\"coronavirus\",\"pico\",\"vera\"],\"articleSection\":[\"A - DESTACADAS (mod 16)\",\"SOCIEDAD\"],\"inLanguage\":\"es\"},{\"@type\":\"WebPage\",\"@id\":\"https:\\\/\\\/diariotextual.com\\\/inicio\\\/index.php\\\/2020\\\/07\\\/30\\\/vera-coronavirus-mate-ha-uno-los-principales-medios-transmision\\\/\",\"url\":\"https:\\\/\\\/diariotextual.com\\\/inicio\\\/index.php\\\/2020\\\/07\\\/30\\\/vera-coronavirus-mate-ha-uno-los-principales-medios-transmision\\\/\",\"name\":\"Vera y el coronavirus: \u201cEl mate ha sido uno de los principales medios de transmisi\u00f3n\u201d - Diario Textual\",\"isPartOf\":{\"@id\":\"https:\\\/\\\/diariotextual.com\\\/inicio\\\/#website\"},\"primaryImageOfPage\":{\"@id\":\"https:\\\/\\\/diariotextual.com\\\/inicio\\\/index.php\\\/2020\\\/07\\\/30\\\/vera-coronavirus-mate-ha-uno-los-principales-medios-transmision\\\/#primaryimage\"},\"image\":{\"@id\":\"https:\\\/\\\/diariotextual.com\\\/inicio\\\/index.php\\\/2020\\\/07\\\/30\\\/vera-coronavirus-mate-ha-uno-los-principales-medios-transmision\\\/#primaryimage\"},\"thumbnailUrl\":\"https:\\\/\\\/diariotextual.com\\\/inicio\\\/wp-content\\\/uploads\\\/2020\\\/07\\\/veragustavo2020-1112.jpg\",\"datePublished\":\"2020-07-30T15:17:55+00:00\",\"dateModified\":\"2020-07-30T21:44:21+00:00\",\"breadcrumb\":{\"@id\":\"https:\\\/\\\/diariotextual.com\\\/inicio\\\/index.php\\\/2020\\\/07\\\/30\\\/vera-coronavirus-mate-ha-uno-los-principales-medios-transmision\\\/#breadcrumb\"},\"inLanguage\":\"es\",\"potentialAction\":[{\"@type\":\"ReadAction\",\"target\":[\"https:\\\/\\\/diariotextual.com\\\/inicio\\\/index.php\\\/2020\\\/07\\\/30\\\/vera-coronavirus-mate-ha-uno-los-principales-medios-transmision\\\/\"]}]},{\"@type\":\"ImageObject\",\"inLanguage\":\"es\",\"@id\":\"https:\\\/\\\/diariotextual.com\\\/inicio\\\/index.php\\\/2020\\\/07\\\/30\\\/vera-coronavirus-mate-ha-uno-los-principales-medios-transmision\\\/#primaryimage\",\"url\":\"https:\\\/\\\/diariotextual.com\\\/inicio\\\/wp-content\\\/uploads\\\/2020\\\/07\\\/veragustavo2020-1112.jpg\",\"contentUrl\":\"https:\\\/\\\/diariotextual.com\\\/inicio\\\/wp-content\\\/uploads\\\/2020\\\/07\\\/veragustavo2020-1112.jpg\",\"width\":1949,\"height\":1299},{\"@type\":\"BreadcrumbList\",\"@id\":\"https:\\\/\\\/diariotextual.com\\\/inicio\\\/index.php\\\/2020\\\/07\\\/30\\\/vera-coronavirus-mate-ha-uno-los-principales-medios-transmision\\\/#breadcrumb\",\"itemListElement\":[{\"@type\":\"ListItem\",\"position\":1,\"name\":\"Portada\",\"item\":\"https:\\\/\\\/diariotextual.com\\\/inicio\\\/\"},{\"@type\":\"ListItem\",\"position\":2,\"name\":\"Vera y el coronavirus: \u201cEl mate ha sido uno de los principales medios de transmisi\u00f3n\u201d\"}]},{\"@type\":\"WebSite\",\"@id\":\"https:\\\/\\\/diariotextual.com\\\/inicio\\\/#website\",\"url\":\"https:\\\/\\\/diariotextual.com\\\/inicio\\\/\",\"name\":\"Diario Textual\",\"description\":\"\",\"publisher\":{\"@id\":\"https:\\\/\\\/diariotextual.com\\\/inicio\\\/#organization\"},\"potentialAction\":[{\"@type\":\"SearchAction\",\"target\":{\"@type\":\"EntryPoint\",\"urlTemplate\":\"https:\\\/\\\/diariotextual.com\\\/inicio\\\/?s={search_term_string}\"},\"query-input\":{\"@type\":\"PropertyValueSpecification\",\"valueRequired\":true,\"valueName\":\"search_term_string\"}}],\"inLanguage\":\"es\"},{\"@type\":\"Organization\",\"@id\":\"https:\\\/\\\/diariotextual.com\\\/inicio\\\/#organization\",\"name\":\"Diario Textual\",\"url\":\"https:\\\/\\\/diariotextual.com\\\/inicio\\\/\",\"logo\":{\"@type\":\"ImageObject\",\"inLanguage\":\"es\",\"@id\":\"https:\\\/\\\/diariotextual.com\\\/inicio\\\/#\\\/schema\\\/logo\\\/image\\\/\",\"url\":\"https:\\\/\\\/diariotextual.com\\\/inicio\\\/wp-content\\\/uploads\\\/2023\\\/05\\\/logotextual1.jpg\",\"contentUrl\":\"https:\\\/\\\/diariotextual.com\\\/inicio\\\/wp-content\\\/uploads\\\/2023\\\/05\\\/logotextual1.jpg\",\"width\":516,\"height\":76,\"caption\":\"Diario Textual\"},\"image\":{\"@id\":\"https:\\\/\\\/diariotextual.com\\\/inicio\\\/#\\\/schema\\\/logo\\\/image\\\/\"},\"sameAs\":[\"https:\\\/\\\/www.facebook.com\\\/eltextual\",\"https:\\\/\\\/x.com\\\/eltextual\",\"http:\\\/\\\/www.instagram.com\\\/eltextual\"]},{\"@type\":\"Person\",\"@id\":\"https:\\\/\\\/diariotextual.com\\\/inicio\\\/#\\\/schema\\\/person\\\/a1b6f563e0ee944c60f98119389a4d9f\",\"name\":\"diario3\",\"image\":{\"@type\":\"ImageObject\",\"inLanguage\":\"es\",\"@id\":\"https:\\\/\\\/secure.gravatar.com\\\/avatar\\\/5e7ee62c82fc04d9dd79d746a390d93c69c43223e5faeeb3ea9461ef752bfc5d?s=96&d=mm&r=g\",\"url\":\"https:\\\/\\\/secure.gravatar.com\\\/avatar\\\/5e7ee62c82fc04d9dd79d746a390d93c69c43223e5faeeb3ea9461ef752bfc5d?s=96&d=mm&r=g\",\"contentUrl\":\"https:\\\/\\\/secure.gravatar.com\\\/avatar\\\/5e7ee62c82fc04d9dd79d746a390d93c69c43223e5faeeb3ea9461ef752bfc5d?s=96&d=mm&r=g\",\"caption\":\"diario3\"},\"url\":\"https:\\\/\\\/diariotextual.com\\\/inicio\\\/index.php\\\/author\\\/diario3\\\/\"}]}<\/script>\n<!-- \/ Yoast SEO plugin. -->","yoast_head_json":{"title":"Vera y el coronavirus: \u201cEl mate ha sido uno de los principales medios de transmisi\u00f3n\u201d - Diario Textual","robots":{"index":"index","follow":"follow","max-snippet":"max-snippet:-1","max-image-preview":"max-image-preview:large","max-video-preview":"max-video-preview:-1"},"canonical":"https:\/\/diariotextual.com\/inicio\/index.php\/2020\/07\/30\/vera-coronavirus-mate-ha-uno-los-principales-medios-transmision\/","og_locale":"es_ES","og_type":"article","og_title":"Vera y el coronavirus: \u201cEl mate ha sido uno de los principales medios de transmisi\u00f3n\u201d - Diario Textual","og_description":"Integrantes del Comit\u00e9 de Crisis de General Pico mantuvieron este jueves un encuentro v\u00eda remota para analizar la situaci\u00f3n epidemiol\u00f3gica, luego que ayer el gobernador Sergio Ziliotto resolviera que tambi\u00e9n&hellip;","og_url":"https:\/\/diariotextual.com\/inicio\/index.php\/2020\/07\/30\/vera-coronavirus-mate-ha-uno-los-principales-medios-transmision\/","og_site_name":"Diario Textual","article_publisher":"https:\/\/www.facebook.com\/eltextual","article_published_time":"2020-07-30T15:17:55+00:00","article_modified_time":"2020-07-30T21:44:21+00:00","og_image":[{"width":1949,"height":1299,"url":"https:\/\/diariotextual.com\/inicio\/wp-content\/uploads\/2020\/07\/veragustavo2020-1112.jpg","type":"image\/jpeg"}],"author":"diario3","twitter_card":"summary_large_image","twitter_creator":"@eltextual","twitter_site":"@eltextual","twitter_misc":{"Escrito por":"diario3","Tiempo de lectura":"3 minutos"},"schema":{"@context":"https:\/\/schema.org","@graph":[{"@type":"Article","@id":"https:\/\/diariotextual.com\/inicio\/index.php\/2020\/07\/30\/vera-coronavirus-mate-ha-uno-los-principales-medios-transmision\/#article","isPartOf":{"@id":"https:\/\/diariotextual.com\/inicio\/index.php\/2020\/07\/30\/vera-coronavirus-mate-ha-uno-los-principales-medios-transmision\/"},"author":{"name":"diario3","@id":"https:\/\/diariotextual.com\/inicio\/#\/schema\/person\/a1b6f563e0ee944c60f98119389a4d9f"},"headline":"Vera y el coronavirus: \u201cEl mate ha sido uno de los principales medios de transmisi\u00f3n\u201d","datePublished":"2020-07-30T15:17:55+00:00","dateModified":"2020-07-30T21:44:21+00:00","mainEntityOfPage":{"@id":"https:\/\/diariotextual.com\/inicio\/index.php\/2020\/07\/30\/vera-coronavirus-mate-ha-uno-los-principales-medios-transmision\/"},"wordCount":566,"publisher":{"@id":"https:\/\/diariotextual.com\/inicio\/#organization"},"image":{"@id":"https:\/\/diariotextual.com\/inicio\/index.php\/2020\/07\/30\/vera-coronavirus-mate-ha-uno-los-principales-medios-transmision\/#primaryimage"},"thumbnailUrl":"https:\/\/diariotextual.com\/inicio\/wp-content\/uploads\/2020\/07\/veragustavo2020-1112.jpg","keywords":["coronavirus","pico","vera"],"articleSection":["A - DESTACADAS (mod 16)","SOCIEDAD"],"inLanguage":"es"},{"@type":"WebPage","@id":"https:\/\/diariotextual.com\/inicio\/index.php\/2020\/07\/30\/vera-coronavirus-mate-ha-uno-los-principales-medios-transmision\/","url":"https:\/\/diariotextual.com\/inicio\/index.php\/2020\/07\/30\/vera-coronavirus-mate-ha-uno-los-principales-medios-transmision\/","name":"Vera y el coronavirus: \u201cEl mate ha sido uno de los principales medios de transmisi\u00f3n\u201d - Diario Textual","isPartOf":{"@id":"https:\/\/diariotextual.com\/inicio\/#website"},"primaryImageOfPage":{"@id":"https:\/\/diariotextual.com\/inicio\/index.php\/2020\/07\/30\/vera-coronavirus-mate-ha-uno-los-principales-medios-transmision\/#primaryimage"},"image":{"@id":"https:\/\/diariotextual.com\/inicio\/index.php\/2020\/07\/30\/vera-coronavirus-mate-ha-uno-los-principales-medios-transmision\/#primaryimage"},"thumbnailUrl":"https:\/\/diariotextual.com\/inicio\/wp-content\/uploads\/2020\/07\/veragustavo2020-1112.jpg","datePublished":"2020-07-30T15:17:55+00:00","dateModified":"2020-07-30T21:44:21+00:00","breadcrumb":{"@id":"https:\/\/diariotextual.com\/inicio\/index.php\/2020\/07\/30\/vera-coronavirus-mate-ha-uno-los-principales-medios-transmision\/#breadcrumb"},"inLanguage":"es","potentialAction":[{"@type":"ReadAction","target":["https:\/\/diariotextual.com\/inicio\/index.php\/2020\/07\/30\/vera-coronavirus-mate-ha-uno-los-principales-medios-transmision\/"]}]},{"@type":"ImageObject","inLanguage":"es","@id":"https:\/\/diariotextual.com\/inicio\/index.php\/2020\/07\/30\/vera-coronavirus-mate-ha-uno-los-principales-medios-transmision\/#primaryimage","url":"https:\/\/diariotextual.com\/inicio\/wp-content\/uploads\/2020\/07\/veragustavo2020-1112.jpg","contentUrl":"https:\/\/diariotextual.com\/inicio\/wp-content\/uploads\/2020\/07\/veragustavo2020-1112.jpg","width":1949,"height":1299},{"@type":"BreadcrumbList","@id":"https:\/\/diariotextual.com\/inicio\/index.php\/2020\/07\/30\/vera-coronavirus-mate-ha-uno-los-principales-medios-transmision\/#breadcrumb","itemListElement":[{"@type":"ListItem","position":1,"name":"Portada","item":"https:\/\/diariotextual.com\/inicio\/"},{"@type":"ListItem","position":2,"name":"Vera y el coronavirus: \u201cEl mate ha sido uno de los principales medios de transmisi\u00f3n\u201d"}]},{"@type":"WebSite","@id":"https:\/\/diariotextual.com\/inicio\/#website","url":"https:\/\/diariotextual.com\/inicio\/","name":"Diario Textual","description":"","publisher":{"@id":"https:\/\/diariotextual.com\/inicio\/#organization"},"potentialAction":[{"@type":"SearchAction","target":{"@type":"EntryPoint","urlTemplate":"https:\/\/diariotextual.com\/inicio\/?s={search_term_string}"},"query-input":{"@type":"PropertyValueSpecification","valueRequired":true,"valueName":"search_term_string"}}],"inLanguage":"es"},{"@type":"Organization","@id":"https:\/\/diariotextual.com\/inicio\/#organization","name":"Diario Textual","url":"https:\/\/diariotextual.com\/inicio\/","logo":{"@type":"ImageObject","inLanguage":"es","@id":"https:\/\/diariotextual.com\/inicio\/#\/schema\/logo\/image\/","url":"https:\/\/diariotextual.com\/inicio\/wp-content\/uploads\/2023\/05\/logotextual1.jpg","contentUrl":"https:\/\/diariotextual.com\/inicio\/wp-content\/uploads\/2023\/05\/logotextual1.jpg","width":516,"height":76,"caption":"Diario Textual"},"image":{"@id":"https:\/\/diariotextual.com\/inicio\/#\/schema\/logo\/image\/"},"sameAs":["https:\/\/www.facebook.com\/eltextual","https:\/\/x.com\/eltextual","http:\/\/www.instagram.com\/eltextual"]},{"@type":"Person","@id":"https:\/\/diariotextual.com\/inicio\/#\/schema\/person\/a1b6f563e0ee944c60f98119389a4d9f","name":"diario3","image":{"@type":"ImageObject","inLanguage":"es","@id":"https:\/\/secure.gravatar.com\/avatar\/5e7ee62c82fc04d9dd79d746a390d93c69c43223e5faeeb3ea9461ef752bfc5d?s=96&d=mm&r=g","url":"https:\/\/secure.gravatar.com\/avatar\/5e7ee62c82fc04d9dd79d746a390d93c69c43223e5faeeb3ea9461ef752bfc5d?s=96&d=mm&r=g","contentUrl":"https:\/\/secure.gravatar.com\/avatar\/5e7ee62c82fc04d9dd79d746a390d93c69c43223e5faeeb3ea9461ef752bfc5d?s=96&d=mm&r=g","caption":"diario3"},"url":"https:\/\/diariotextual.com\/inicio\/index.php\/author\/diario3\/"}]}},"_links":{"self":[{"href":"https:\/\/diariotextual.com\/inicio\/index.php\/wp-json\/wp\/v2\/posts\/103905","targetHints":{"allow":["GET"]}}],"collection":[{"href":"https:\/\/diariotextual.com\/inicio\/index.php\/wp-json\/wp\/v2\/posts"}],"about":[{"href":"https:\/\/diariotextual.com\/inicio\/index.php\/wp-json\/wp\/v2\/types\/post"}],"author":[{"embeddable":true,"href":"https:\/\/diariotextual.com\/inicio\/index.php\/wp-json\/wp\/v2\/users\/5"}],"replies":[{"embeddable":true,"href":"https:\/\/diariotextual.com\/inicio\/index.php\/wp-json\/wp\/v2\/comments?post=103905"}],"version-history":[{"count":2,"href":"https:\/\/diariotextual.com\/inicio\/index.php\/wp-json\/wp\/v2\/posts\/103905\/revisions"}],"predecessor-version":[{"id":103916,"href":"https:\/\/diariotextual.com\/inicio\/index.php\/wp-json\/wp\/v2\/posts\/103905\/revisions\/103916"}],"wp:featuredmedia":[{"embeddable":true,"href":"https:\/\/diariotextual.com\/inicio\/index.php\/wp-json\/wp\/v2\/media\/101917"}],"wp:attachment":[{"href":"https:\/\/diariotextual.com\/inicio\/index.php\/wp-json\/wp\/v2\/media?parent=103905"}],"wp:term":[{"taxonomy":"category","embeddable":true,"href":"https:\/\/diariotextual.com\/inicio\/index.php\/wp-json\/wp\/v2\/categories?post=103905"},{"taxonomy":"post_tag","embeddable":true,"href":"https:\/\/diariotextual.com\/inicio\/index.php\/wp-json\/wp\/v2\/tags?post=103905"}],"curies":[{"name":"wp","href":"https:\/\/api.w.org\/{rel}","templated":true}]}}