{"id":104633,"date":"2020-08-03T10:45:56","date_gmt":"2020-08-03T13:45:56","guid":{"rendered":"http:\/\/diariotextual.com\/inicio\/?p=104633"},"modified":"2020-08-03T14:06:40","modified_gmt":"2020-08-03T17:06:40","slug":"quien-viaje-una-ciudad-trasmision-comunitaria-covid-19-debera-la-cuarentena","status":"publish","type":"post","link":"https:\/\/diariotextual.com\/inicio\/index.php\/2020\/08\/03\/quien-viaje-una-ciudad-trasmision-comunitaria-covid-19-debera-la-cuarentena\/","title":{"rendered":"Piden al que viaje a una ciudad con trasmisi\u00f3n comunitaria deber\u00e1 hacer la cuarentena"},"content":{"rendered":"<p>Todas las personas que viajen a las ciudades de trasmisi\u00f3n comunitaria del coronavirus en La Pampa, como <strong>Catril\u00f3, Macach\u00edn y el conglomerado Santa Rosa-Toay,<\/strong> <strong>deber\u00e1n hacer una cuarentena de 14 d\u00edas a su regreso<\/strong>, seg\u00fan informaron fuentes oficiales. Est\u00e1n exceptuados los trabajadores esenciales.<\/p>\r\n<p>Esta nueva disposici\u00f3n ya est\u00e1 siendo aplicada en algunas localidades como en Quem\u00fa Quem\u00fa. <strong>\u201cSe evaluar\u00e1 cada caso, pero por l\u00f3gica si ven\u00eds de zona de circulaci\u00f3n del virus, ten\u00e9s que hacer la cuarentena<\/strong>\u201d, explic\u00f3 <strong>Horacio \u00d1a\u00f1es<\/strong>, director del Hospital Atilio Calandri, a Diario Textual.<\/p>\r\n<p>El Ministerio de Salud de la provincia, al ser consultado por esta nueva disposici\u00f3n, no respondi\u00f3 a\u00fan a la requisitoria period\u00edstica.<\/p>\r\n<p>Quedan exceptuados de esta medida quienes sean trabajadores esenciales.<\/p>\r\n\r\n<p>Santa Rosa, Toay, Macach\u00edn y Catril\u00f3 fueron agregadas oficialmente este domingo por el Ministerio de Salud de la Naci\u00f3n como\u00a0zonas de transmisi\u00f3n comunitaria del Covid-19 en nuestra provincia.<\/p>\r\n\r\n\r\n\r\n<figure class=\"wp-block-image size-large is-resized\"><img fetchpriority=\"high\" decoding=\"async\" class=\"wp-image-104649\" src=\"http:\/\/diariotextual.com\/inicio\/wp-content\/uploads\/2020\/08\/comunicadocurentenahospitalquemu4.jpg\" alt=\"El comunicado difundido este lunes por el hospital quemuense\" width=\"431\" height=\"323\" srcset=\"https:\/\/diariotextual.com\/inicio\/wp-content\/uploads\/2020\/08\/comunicadocurentenahospitalquemu4.jpg 816w, https:\/\/diariotextual.com\/inicio\/wp-content\/uploads\/2020\/08\/comunicadocurentenahospitalquemu4-300x225.jpg 300w, https:\/\/diariotextual.com\/inicio\/wp-content\/uploads\/2020\/08\/comunicadocurentenahospitalquemu4-768x576.jpg 768w, https:\/\/diariotextual.com\/inicio\/wp-content\/uploads\/2020\/08\/comunicadocurentenahospitalquemu4-585x439.jpg 585w\" sizes=\"(max-width: 431px) 100vw, 431px\" \/>\r\n<figcaption><em>El comunicado difundido este lunes por el hospital quemuense<\/em><\/figcaption>\r\n<\/figure>\r\n\r\n\r\n\r\n<p>&nbsp;<\/p>\r\n<p>Si bien en el comunicado difundido por le hospital quemuense se hace referencia a <strong>Lonquimay y a General Pico, es importante aclarar que en estas dos localidades no hay circulaci\u00f3n comunitaria del virus.\u00a0<\/strong><\/p>\r\n<p>En total en la provincia de La Pampa se han confirmado desde el inicio de la pandemia 168 casos para Covid-19, de los cuales 8 est\u00e1n recuperados y 160 permanecen activos. Estos \u00faltimos est\u00e1n distribuidos de la siguiente manera: 49 en la ciudad de Santa Rosa, 5 en General Acha, 69 en Catril\u00f3, 19 en General Pico, 10 en Macach\u00edn, 3 en Embajador Martini, 1 en Villa Mirasol, 1 en Santa Isabel, 2 en Toay y 1 en Guatrach\u00e9.<\/p>\r\n\r\n\r\n\r\n<p>En la Provincia se contin\u00faan registrando contactos estrechos de los casos confirmados distribuidos en las localidades de General Acha, Macach\u00edn, Santa Rosa, Toay, Lonquimay, Anguil, Relmo, Santa Isabel, Quehu\u00e9, Victorica, Intendente Alvear y Guatrach\u00e9.<\/p>\r\n","protected":false},"excerpt":{"rendered":"<p>Todas las personas que viajen a las ciudades de trasmisi\u00f3n comunitaria del coronavirus en La Pampa, como Catril\u00f3, Macach\u00edn y el conglomerado Santa Rosa-Toay, deber\u00e1n hacer una cuarentena de 14&hellip;<\/p>\n","protected":false},"author":4,"featured_media":92437,"comment_status":"closed","ping_status":"open","sticky":false,"template":"","format":"standard","meta":{"_acf_changed":false,"footnotes":""},"categories":[12],"tags":[3038,2853,3551],"class_list":["post-104633","post","type-post","status-publish","format-standard","has-post-thumbnail","hentry","category-sociedad","tag-covid-19","tag-cuarentena","tag-trasmision-comunitaria"],"acf":[],"yoast_head":"<!-- This site is optimized with the Yoast SEO plugin v27.5 - https:\/\/yoast.com\/product\/yoast-seo-wordpress\/ -->\n<title>Piden al que viaje a una ciudad con trasmisi\u00f3n comunitaria deber\u00e1 hacer la cuarentena - Diario Textual<\/title>\n<meta name=\"robots\" content=\"index, follow, max-snippet:-1, max-image-preview:large, max-video-preview:-1\" \/>\n<link rel=\"canonical\" href=\"https:\/\/diariotextual.com\/inicio\/index.php\/2020\/08\/03\/quien-viaje-una-ciudad-trasmision-comunitaria-covid-19-debera-la-cuarentena\/\" \/>\n<meta property=\"og:locale\" content=\"es_ES\" \/>\n<meta property=\"og:type\" content=\"article\" \/>\n<meta property=\"og:title\" content=\"Piden al que viaje a una ciudad con trasmisi\u00f3n comunitaria deber\u00e1 hacer la cuarentena - Diario Textual\" \/>\n<meta property=\"og:description\" content=\"Todas las personas que viajen a las ciudades de trasmisi\u00f3n comunitaria del coronavirus en La Pampa, como Catril\u00f3, Macach\u00edn y el conglomerado Santa Rosa-Toay, deber\u00e1n hacer una cuarentena de 14&hellip;\" \/>\n<meta property=\"og:url\" content=\"https:\/\/diariotextual.com\/inicio\/index.php\/2020\/08\/03\/quien-viaje-una-ciudad-trasmision-comunitaria-covid-19-debera-la-cuarentena\/\" \/>\n<meta property=\"og:site_name\" content=\"Diario Textual\" \/>\n<meta property=\"article:publisher\" content=\"https:\/\/www.facebook.com\/eltextual\" \/>\n<meta property=\"article:published_time\" content=\"2020-08-03T13:45:56+00:00\" \/>\n<meta property=\"article:modified_time\" content=\"2020-08-03T17:06:40+00:00\" \/>\n<meta property=\"og:image\" content=\"https:\/\/diariotextual.com\/inicio\/wp-content\/uploads\/2020\/05\/controlpolicialcovid.jpg\" \/>\n\t<meta property=\"og:image:width\" content=\"900\" \/>\n\t<meta property=\"og:image:height\" content=\"507\" \/>\n\t<meta property=\"og:image:type\" content=\"image\/jpeg\" \/>\n<meta name=\"author\" content=\"diario2\" \/>\n<meta name=\"twitter:card\" content=\"summary_large_image\" \/>\n<meta name=\"twitter:creator\" content=\"@eltextual\" \/>\n<meta name=\"twitter:site\" content=\"@eltextual\" \/>\n<meta name=\"twitter:label1\" content=\"Escrito por\" \/>\n\t<meta name=\"twitter:data1\" content=\"diario2\" \/>\n\t<meta name=\"twitter:label2\" content=\"Tiempo de lectura\" \/>\n\t<meta name=\"twitter:data2\" content=\"2 minutos\" \/>\n<script type=\"application\/ld+json\" class=\"yoast-schema-graph\">{\"@context\":\"https:\\\/\\\/schema.org\",\"@graph\":[{\"@type\":\"Article\",\"@id\":\"https:\\\/\\\/diariotextual.com\\\/inicio\\\/index.php\\\/2020\\\/08\\\/03\\\/quien-viaje-una-ciudad-trasmision-comunitaria-covid-19-debera-la-cuarentena\\\/#article\",\"isPartOf\":{\"@id\":\"https:\\\/\\\/diariotextual.com\\\/inicio\\\/index.php\\\/2020\\\/08\\\/03\\\/quien-viaje-una-ciudad-trasmision-comunitaria-covid-19-debera-la-cuarentena\\\/\"},\"author\":{\"name\":\"diario2\",\"@id\":\"https:\\\/\\\/diariotextual.com\\\/inicio\\\/#\\\/schema\\\/person\\\/694f60677f23c4a530867a98f22b3768\"},\"headline\":\"Piden al que viaje a una ciudad con trasmisi\u00f3n comunitaria deber\u00e1 hacer la cuarentena\",\"datePublished\":\"2020-08-03T13:45:56+00:00\",\"dateModified\":\"2020-08-03T17:06:40+00:00\",\"mainEntityOfPage\":{\"@id\":\"https:\\\/\\\/diariotextual.com\\\/inicio\\\/index.php\\\/2020\\\/08\\\/03\\\/quien-viaje-una-ciudad-trasmision-comunitaria-covid-19-debera-la-cuarentena\\\/\"},\"wordCount\":328,\"publisher\":{\"@id\":\"https:\\\/\\\/diariotextual.com\\\/inicio\\\/#organization\"},\"image\":{\"@id\":\"https:\\\/\\\/diariotextual.com\\\/inicio\\\/index.php\\\/2020\\\/08\\\/03\\\/quien-viaje-una-ciudad-trasmision-comunitaria-covid-19-debera-la-cuarentena\\\/#primaryimage\"},\"thumbnailUrl\":\"https:\\\/\\\/diariotextual.com\\\/inicio\\\/wp-content\\\/uploads\\\/2020\\\/05\\\/controlpolicialcovid.jpg\",\"keywords\":[\"covid-19\",\"cuarentena\",\"trasmisi\u00f3n comunitaria\"],\"articleSection\":[\"SOCIEDAD\"],\"inLanguage\":\"es\"},{\"@type\":\"WebPage\",\"@id\":\"https:\\\/\\\/diariotextual.com\\\/inicio\\\/index.php\\\/2020\\\/08\\\/03\\\/quien-viaje-una-ciudad-trasmision-comunitaria-covid-19-debera-la-cuarentena\\\/\",\"url\":\"https:\\\/\\\/diariotextual.com\\\/inicio\\\/index.php\\\/2020\\\/08\\\/03\\\/quien-viaje-una-ciudad-trasmision-comunitaria-covid-19-debera-la-cuarentena\\\/\",\"name\":\"Piden al que viaje a una ciudad con trasmisi\u00f3n comunitaria deber\u00e1 hacer la cuarentena - Diario Textual\",\"isPartOf\":{\"@id\":\"https:\\\/\\\/diariotextual.com\\\/inicio\\\/#website\"},\"primaryImageOfPage\":{\"@id\":\"https:\\\/\\\/diariotextual.com\\\/inicio\\\/index.php\\\/2020\\\/08\\\/03\\\/quien-viaje-una-ciudad-trasmision-comunitaria-covid-19-debera-la-cuarentena\\\/#primaryimage\"},\"image\":{\"@id\":\"https:\\\/\\\/diariotextual.com\\\/inicio\\\/index.php\\\/2020\\\/08\\\/03\\\/quien-viaje-una-ciudad-trasmision-comunitaria-covid-19-debera-la-cuarentena\\\/#primaryimage\"},\"thumbnailUrl\":\"https:\\\/\\\/diariotextual.com\\\/inicio\\\/wp-content\\\/uploads\\\/2020\\\/05\\\/controlpolicialcovid.jpg\",\"datePublished\":\"2020-08-03T13:45:56+00:00\",\"dateModified\":\"2020-08-03T17:06:40+00:00\",\"breadcrumb\":{\"@id\":\"https:\\\/\\\/diariotextual.com\\\/inicio\\\/index.php\\\/2020\\\/08\\\/03\\\/quien-viaje-una-ciudad-trasmision-comunitaria-covid-19-debera-la-cuarentena\\\/#breadcrumb\"},\"inLanguage\":\"es\",\"potentialAction\":[{\"@type\":\"ReadAction\",\"target\":[\"https:\\\/\\\/diariotextual.com\\\/inicio\\\/index.php\\\/2020\\\/08\\\/03\\\/quien-viaje-una-ciudad-trasmision-comunitaria-covid-19-debera-la-cuarentena\\\/\"]}]},{\"@type\":\"ImageObject\",\"inLanguage\":\"es\",\"@id\":\"https:\\\/\\\/diariotextual.com\\\/inicio\\\/index.php\\\/2020\\\/08\\\/03\\\/quien-viaje-una-ciudad-trasmision-comunitaria-covid-19-debera-la-cuarentena\\\/#primaryimage\",\"url\":\"https:\\\/\\\/diariotextual.com\\\/inicio\\\/wp-content\\\/uploads\\\/2020\\\/05\\\/controlpolicialcovid.jpg\",\"contentUrl\":\"https:\\\/\\\/diariotextual.com\\\/inicio\\\/wp-content\\\/uploads\\\/2020\\\/05\\\/controlpolicialcovid.jpg\",\"width\":900,\"height\":507},{\"@type\":\"BreadcrumbList\",\"@id\":\"https:\\\/\\\/diariotextual.com\\\/inicio\\\/index.php\\\/2020\\\/08\\\/03\\\/quien-viaje-una-ciudad-trasmision-comunitaria-covid-19-debera-la-cuarentena\\\/#breadcrumb\",\"itemListElement\":[{\"@type\":\"ListItem\",\"position\":1,\"name\":\"Portada\",\"item\":\"https:\\\/\\\/diariotextual.com\\\/inicio\\\/\"},{\"@type\":\"ListItem\",\"position\":2,\"name\":\"Piden al que viaje a una ciudad con trasmisi\u00f3n comunitaria deber\u00e1 hacer la cuarentena\"}]},{\"@type\":\"WebSite\",\"@id\":\"https:\\\/\\\/diariotextual.com\\\/inicio\\\/#website\",\"url\":\"https:\\\/\\\/diariotextual.com\\\/inicio\\\/\",\"name\":\"Diario Textual\",\"description\":\"\",\"publisher\":{\"@id\":\"https:\\\/\\\/diariotextual.com\\\/inicio\\\/#organization\"},\"potentialAction\":[{\"@type\":\"SearchAction\",\"target\":{\"@type\":\"EntryPoint\",\"urlTemplate\":\"https:\\\/\\\/diariotextual.com\\\/inicio\\\/?s={search_term_string}\"},\"query-input\":{\"@type\":\"PropertyValueSpecification\",\"valueRequired\":true,\"valueName\":\"search_term_string\"}}],\"inLanguage\":\"es\"},{\"@type\":\"Organization\",\"@id\":\"https:\\\/\\\/diariotextual.com\\\/inicio\\\/#organization\",\"name\":\"Diario Textual\",\"url\":\"https:\\\/\\\/diariotextual.com\\\/inicio\\\/\",\"logo\":{\"@type\":\"ImageObject\",\"inLanguage\":\"es\",\"@id\":\"https:\\\/\\\/diariotextual.com\\\/inicio\\\/#\\\/schema\\\/logo\\\/image\\\/\",\"url\":\"https:\\\/\\\/diariotextual.com\\\/inicio\\\/wp-content\\\/uploads\\\/2023\\\/05\\\/logotextual1.jpg\",\"contentUrl\":\"https:\\\/\\\/diariotextual.com\\\/inicio\\\/wp-content\\\/uploads\\\/2023\\\/05\\\/logotextual1.jpg\",\"width\":516,\"height\":76,\"caption\":\"Diario Textual\"},\"image\":{\"@id\":\"https:\\\/\\\/diariotextual.com\\\/inicio\\\/#\\\/schema\\\/logo\\\/image\\\/\"},\"sameAs\":[\"https:\\\/\\\/www.facebook.com\\\/eltextual\",\"https:\\\/\\\/x.com\\\/eltextual\",\"http:\\\/\\\/www.instagram.com\\\/eltextual\"]},{\"@type\":\"Person\",\"@id\":\"https:\\\/\\\/diariotextual.com\\\/inicio\\\/#\\\/schema\\\/person\\\/694f60677f23c4a530867a98f22b3768\",\"name\":\"diario2\",\"image\":{\"@type\":\"ImageObject\",\"inLanguage\":\"es\",\"@id\":\"https:\\\/\\\/secure.gravatar.com\\\/avatar\\\/5a2567495ba16b852fcd8f1ed006a2e24fcace936018ed8237e95f488ad6e0a7?s=96&d=mm&r=g\",\"url\":\"https:\\\/\\\/secure.gravatar.com\\\/avatar\\\/5a2567495ba16b852fcd8f1ed006a2e24fcace936018ed8237e95f488ad6e0a7?s=96&d=mm&r=g\",\"contentUrl\":\"https:\\\/\\\/secure.gravatar.com\\\/avatar\\\/5a2567495ba16b852fcd8f1ed006a2e24fcace936018ed8237e95f488ad6e0a7?s=96&d=mm&r=g\",\"caption\":\"diario2\"},\"url\":\"https:\\\/\\\/diariotextual.com\\\/inicio\\\/index.php\\\/author\\\/diario2\\\/\"}]}<\/script>\n<!-- \/ Yoast SEO plugin. -->","yoast_head_json":{"title":"Piden al que viaje a una ciudad con trasmisi\u00f3n comunitaria deber\u00e1 hacer la cuarentena - Diario Textual","robots":{"index":"index","follow":"follow","max-snippet":"max-snippet:-1","max-image-preview":"max-image-preview:large","max-video-preview":"max-video-preview:-1"},"canonical":"https:\/\/diariotextual.com\/inicio\/index.php\/2020\/08\/03\/quien-viaje-una-ciudad-trasmision-comunitaria-covid-19-debera-la-cuarentena\/","og_locale":"es_ES","og_type":"article","og_title":"Piden al que viaje a una ciudad con trasmisi\u00f3n comunitaria deber\u00e1 hacer la cuarentena - Diario Textual","og_description":"Todas las personas que viajen a las ciudades de trasmisi\u00f3n comunitaria del coronavirus en La Pampa, como Catril\u00f3, Macach\u00edn y el conglomerado Santa Rosa-Toay, deber\u00e1n hacer una cuarentena de 14&hellip;","og_url":"https:\/\/diariotextual.com\/inicio\/index.php\/2020\/08\/03\/quien-viaje-una-ciudad-trasmision-comunitaria-covid-19-debera-la-cuarentena\/","og_site_name":"Diario Textual","article_publisher":"https:\/\/www.facebook.com\/eltextual","article_published_time":"2020-08-03T13:45:56+00:00","article_modified_time":"2020-08-03T17:06:40+00:00","og_image":[{"width":900,"height":507,"url":"https:\/\/diariotextual.com\/inicio\/wp-content\/uploads\/2020\/05\/controlpolicialcovid.jpg","type":"image\/jpeg"}],"author":"diario2","twitter_card":"summary_large_image","twitter_creator":"@eltextual","twitter_site":"@eltextual","twitter_misc":{"Escrito por":"diario2","Tiempo de lectura":"2 minutos"},"schema":{"@context":"https:\/\/schema.org","@graph":[{"@type":"Article","@id":"https:\/\/diariotextual.com\/inicio\/index.php\/2020\/08\/03\/quien-viaje-una-ciudad-trasmision-comunitaria-covid-19-debera-la-cuarentena\/#article","isPartOf":{"@id":"https:\/\/diariotextual.com\/inicio\/index.php\/2020\/08\/03\/quien-viaje-una-ciudad-trasmision-comunitaria-covid-19-debera-la-cuarentena\/"},"author":{"name":"diario2","@id":"https:\/\/diariotextual.com\/inicio\/#\/schema\/person\/694f60677f23c4a530867a98f22b3768"},"headline":"Piden al que viaje a una ciudad con trasmisi\u00f3n comunitaria deber\u00e1 hacer la cuarentena","datePublished":"2020-08-03T13:45:56+00:00","dateModified":"2020-08-03T17:06:40+00:00","mainEntityOfPage":{"@id":"https:\/\/diariotextual.com\/inicio\/index.php\/2020\/08\/03\/quien-viaje-una-ciudad-trasmision-comunitaria-covid-19-debera-la-cuarentena\/"},"wordCount":328,"publisher":{"@id":"https:\/\/diariotextual.com\/inicio\/#organization"},"image":{"@id":"https:\/\/diariotextual.com\/inicio\/index.php\/2020\/08\/03\/quien-viaje-una-ciudad-trasmision-comunitaria-covid-19-debera-la-cuarentena\/#primaryimage"},"thumbnailUrl":"https:\/\/diariotextual.com\/inicio\/wp-content\/uploads\/2020\/05\/controlpolicialcovid.jpg","keywords":["covid-19","cuarentena","trasmisi\u00f3n comunitaria"],"articleSection":["SOCIEDAD"],"inLanguage":"es"},{"@type":"WebPage","@id":"https:\/\/diariotextual.com\/inicio\/index.php\/2020\/08\/03\/quien-viaje-una-ciudad-trasmision-comunitaria-covid-19-debera-la-cuarentena\/","url":"https:\/\/diariotextual.com\/inicio\/index.php\/2020\/08\/03\/quien-viaje-una-ciudad-trasmision-comunitaria-covid-19-debera-la-cuarentena\/","name":"Piden al que viaje a una ciudad con trasmisi\u00f3n comunitaria deber\u00e1 hacer la cuarentena - Diario Textual","isPartOf":{"@id":"https:\/\/diariotextual.com\/inicio\/#website"},"primaryImageOfPage":{"@id":"https:\/\/diariotextual.com\/inicio\/index.php\/2020\/08\/03\/quien-viaje-una-ciudad-trasmision-comunitaria-covid-19-debera-la-cuarentena\/#primaryimage"},"image":{"@id":"https:\/\/diariotextual.com\/inicio\/index.php\/2020\/08\/03\/quien-viaje-una-ciudad-trasmision-comunitaria-covid-19-debera-la-cuarentena\/#primaryimage"},"thumbnailUrl":"https:\/\/diariotextual.com\/inicio\/wp-content\/uploads\/2020\/05\/controlpolicialcovid.jpg","datePublished":"2020-08-03T13:45:56+00:00","dateModified":"2020-08-03T17:06:40+00:00","breadcrumb":{"@id":"https:\/\/diariotextual.com\/inicio\/index.php\/2020\/08\/03\/quien-viaje-una-ciudad-trasmision-comunitaria-covid-19-debera-la-cuarentena\/#breadcrumb"},"inLanguage":"es","potentialAction":[{"@type":"ReadAction","target":["https:\/\/diariotextual.com\/inicio\/index.php\/2020\/08\/03\/quien-viaje-una-ciudad-trasmision-comunitaria-covid-19-debera-la-cuarentena\/"]}]},{"@type":"ImageObject","inLanguage":"es","@id":"https:\/\/diariotextual.com\/inicio\/index.php\/2020\/08\/03\/quien-viaje-una-ciudad-trasmision-comunitaria-covid-19-debera-la-cuarentena\/#primaryimage","url":"https:\/\/diariotextual.com\/inicio\/wp-content\/uploads\/2020\/05\/controlpolicialcovid.jpg","contentUrl":"https:\/\/diariotextual.com\/inicio\/wp-content\/uploads\/2020\/05\/controlpolicialcovid.jpg","width":900,"height":507},{"@type":"BreadcrumbList","@id":"https:\/\/diariotextual.com\/inicio\/index.php\/2020\/08\/03\/quien-viaje-una-ciudad-trasmision-comunitaria-covid-19-debera-la-cuarentena\/#breadcrumb","itemListElement":[{"@type":"ListItem","position":1,"name":"Portada","item":"https:\/\/diariotextual.com\/inicio\/"},{"@type":"ListItem","position":2,"name":"Piden al que viaje a una ciudad con trasmisi\u00f3n comunitaria deber\u00e1 hacer la cuarentena"}]},{"@type":"WebSite","@id":"https:\/\/diariotextual.com\/inicio\/#website","url":"https:\/\/diariotextual.com\/inicio\/","name":"Diario Textual","description":"","publisher":{"@id":"https:\/\/diariotextual.com\/inicio\/#organization"},"potentialAction":[{"@type":"SearchAction","target":{"@type":"EntryPoint","urlTemplate":"https:\/\/diariotextual.com\/inicio\/?s={search_term_string}"},"query-input":{"@type":"PropertyValueSpecification","valueRequired":true,"valueName":"search_term_string"}}],"inLanguage":"es"},{"@type":"Organization","@id":"https:\/\/diariotextual.com\/inicio\/#organization","name":"Diario Textual","url":"https:\/\/diariotextual.com\/inicio\/","logo":{"@type":"ImageObject","inLanguage":"es","@id":"https:\/\/diariotextual.com\/inicio\/#\/schema\/logo\/image\/","url":"https:\/\/diariotextual.com\/inicio\/wp-content\/uploads\/2023\/05\/logotextual1.jpg","contentUrl":"https:\/\/diariotextual.com\/inicio\/wp-content\/uploads\/2023\/05\/logotextual1.jpg","width":516,"height":76,"caption":"Diario Textual"},"image":{"@id":"https:\/\/diariotextual.com\/inicio\/#\/schema\/logo\/image\/"},"sameAs":["https:\/\/www.facebook.com\/eltextual","https:\/\/x.com\/eltextual","http:\/\/www.instagram.com\/eltextual"]},{"@type":"Person","@id":"https:\/\/diariotextual.com\/inicio\/#\/schema\/person\/694f60677f23c4a530867a98f22b3768","name":"diario2","image":{"@type":"ImageObject","inLanguage":"es","@id":"https:\/\/secure.gravatar.com\/avatar\/5a2567495ba16b852fcd8f1ed006a2e24fcace936018ed8237e95f488ad6e0a7?s=96&d=mm&r=g","url":"https:\/\/secure.gravatar.com\/avatar\/5a2567495ba16b852fcd8f1ed006a2e24fcace936018ed8237e95f488ad6e0a7?s=96&d=mm&r=g","contentUrl":"https:\/\/secure.gravatar.com\/avatar\/5a2567495ba16b852fcd8f1ed006a2e24fcace936018ed8237e95f488ad6e0a7?s=96&d=mm&r=g","caption":"diario2"},"url":"https:\/\/diariotextual.com\/inicio\/index.php\/author\/diario2\/"}]}},"_links":{"self":[{"href":"https:\/\/diariotextual.com\/inicio\/index.php\/wp-json\/wp\/v2\/posts\/104633","targetHints":{"allow":["GET"]}}],"collection":[{"href":"https:\/\/diariotextual.com\/inicio\/index.php\/wp-json\/wp\/v2\/posts"}],"about":[{"href":"https:\/\/diariotextual.com\/inicio\/index.php\/wp-json\/wp\/v2\/types\/post"}],"author":[{"embeddable":true,"href":"https:\/\/diariotextual.com\/inicio\/index.php\/wp-json\/wp\/v2\/users\/4"}],"replies":[{"embeddable":true,"href":"https:\/\/diariotextual.com\/inicio\/index.php\/wp-json\/wp\/v2\/comments?post=104633"}],"version-history":[{"count":12,"href":"https:\/\/diariotextual.com\/inicio\/index.php\/wp-json\/wp\/v2\/posts\/104633\/revisions"}],"predecessor-version":[{"id":104704,"href":"https:\/\/diariotextual.com\/inicio\/index.php\/wp-json\/wp\/v2\/posts\/104633\/revisions\/104704"}],"wp:featuredmedia":[{"embeddable":true,"href":"https:\/\/diariotextual.com\/inicio\/index.php\/wp-json\/wp\/v2\/media\/92437"}],"wp:attachment":[{"href":"https:\/\/diariotextual.com\/inicio\/index.php\/wp-json\/wp\/v2\/media?parent=104633"}],"wp:term":[{"taxonomy":"category","embeddable":true,"href":"https:\/\/diariotextual.com\/inicio\/index.php\/wp-json\/wp\/v2\/categories?post=104633"},{"taxonomy":"post_tag","embeddable":true,"href":"https:\/\/diariotextual.com\/inicio\/index.php\/wp-json\/wp\/v2\/tags?post=104633"}],"curies":[{"name":"wp","href":"https:\/\/api.w.org\/{rel}","templated":true}]}}