{"id":104917,"date":"2020-08-04T11:39:16","date_gmt":"2020-08-04T14:39:16","guid":{"rendered":"http:\/\/diariotextual.com\/inicio\/?p=104917"},"modified":"2020-08-04T11:46:53","modified_gmt":"2020-08-04T14:46:53","slug":"fernandez-y-el-acuerdo-por-las-deuda-el-pais-se-ahorra-33-mil-millones-de-dolares","status":"publish","type":"post","link":"https:\/\/diariotextual.com\/inicio\/index.php\/2020\/08\/04\/fernandez-y-el-acuerdo-por-las-deuda-el-pais-se-ahorra-33-mil-millones-de-dolares\/","title":{"rendered":"Fern\u00e1ndez y el acuerdo por la deuda: el pa\u00eds se ahorra 33 mil millones de d\u00f3lares"},"content":{"rendered":"\n<p>El presidente <strong>Alberto Fern\u00e1ndez <\/strong>celebr\u00f3 este martes <strong><a href=\"http:\/\/diariotextual.com\/inicio\/index.php\/2020\/08\/04\/deuda-el-gobierno-confirmo-el-acuerdo-con-los-bonistas-y-se-cerro-la-negociacion\/\" target=\"_blank\" rel=\"noreferrer noopener\">el acuerdo alcanzado con los bonistas<\/a><\/strong> que tienen<strong> t\u00edtulos p\u00fablicos<\/strong> de la Argentina bajo legislaci\u00f3n extranjera que hab\u00edan entrado en <strong>default<\/strong>.<\/p>\n\n\n\n<p>En di\u00e1logo con el periodista<strong> Iv\u00e1n Schargrodsky <\/strong>para su newslestter #OffTheRecord del sitio Cenital, el jefe de Estado valor\u00f3 especialmente el rol del ministro de Econom\u00eda,<strong> Mart\u00edn Guzm\u00e1n<\/strong>, en la negociaci\u00f3n y le envi\u00f3 un mensaje a los empresarios. \u201cTienen hoy un mejor escenario para proyectar sus negocios\u201d, dijo.<\/p>\n\n\n\n<p><strong>\u2013 \u00bfC\u00f3mo recibi\u00f3 la noticia?<\/strong><\/p>\n\n\n\n<p>\u2013 Muy contento por el pa\u00eds. Resolvimos una deuda imposible en la mayor crisis econ\u00f3mica que se recuerde y en el medio de una pandemia. En estos siete meses nos dijeron que no entend\u00edamos nada y que est\u00e1bamos camino al fracaso porque no acept\u00e1bamos las ofertas de los acreedores. Resulta que finalmente <strong>cerramos un acuerdo que le permite a la Argentina ahorrarse 33 mil millones de d\u00f3lares de la deuda asumida en los pr\u00f3ximos diez a\u00f1os<\/strong>. Ahora tenemos despejado el horizonte a donde queremos llegar.<\/p>\n\n\n\n<p><strong>\u2013 \u00bfQu\u00e9 cree que aport\u00f3 Mart\u00edn Guzm\u00e1n en este proceso?<\/strong><\/p>\n\n\n\n<p>\u2013 Guzm\u00e1n fue central. \u00c9l recogi\u00f3 cu\u00e1les eran los objetivos que deb\u00edamos alcanzar (aceptar obligaciones que se pudieran cumplir sin hacer mayores ajustes sociales y sin condicionar la inversi\u00f3n para el crecimiento) y se dio una estrategia correcta. Ese es un enorme m\u00e9rito suyo. Trabajamos todo este tiempo muy juntos y as\u00ed lo vamos a seguir haciendo. Mart\u00edn es un hombre de un enorme valor t\u00e9cnico y \u00e9tico.<\/p>\n\n\n\n<p><strong>\u2013 \u00bfQu\u00e9 mensaje le da a los empresarios?<\/strong><\/p>\n\n\n\n<p>\u2013 Los empresarios tienen hoy un mejor escenario para proyectar sus negocios. Argentina necesita que se comprometan a poner el pa\u00eds de pie. Y que entiendan que tras la pandemia debemos repensar muchas cosas. Nos dimos cuenta de la debilidad del sistema financiero mundial. Ahora debemos construir un capitalismo con m\u00e1s compromiso social. Que distribuya mejor las ganancias. Un capitalismo que privilegie la opini\u00f3n del gerente de producci\u00f3n antes que el parecer del gerente financiero.<\/p>\n\n\n\n<p><\/p>\n\n\n\n<p><\/p>\n","protected":false},"excerpt":{"rendered":"<p>El presidente Alberto Fern\u00e1ndez celebr\u00f3 este martes el acuerdo alcanzado con los bonistas que tienen t\u00edtulos p\u00fablicos de la Argentina bajo legislaci\u00f3n extranjera que hab\u00edan entrado en default. En di\u00e1logo&hellip;<\/p>\n","protected":false},"author":3,"featured_media":98340,"comment_status":"closed","ping_status":"open","sticky":false,"template":"","format":"standard","meta":{"_acf_changed":false,"footnotes":""},"categories":[4,8],"tags":[],"class_list":["post-104917","post","type-post","status-publish","format-standard","has-post-thumbnail","hentry","category-destacadas","category-politica"],"acf":[],"yoast_head":"<!-- This site is optimized with the Yoast SEO plugin v27.5 - https:\/\/yoast.com\/product\/yoast-seo-wordpress\/ -->\n<title>Fern\u00e1ndez y el acuerdo por la deuda: el pa\u00eds se ahorra 33 mil millones de d\u00f3lares - Diario Textual<\/title>\n<meta name=\"robots\" content=\"index, follow, max-snippet:-1, max-image-preview:large, max-video-preview:-1\" \/>\n<link rel=\"canonical\" href=\"https:\/\/diariotextual.com\/inicio\/index.php\/2020\/08\/04\/fernandez-y-el-acuerdo-por-las-deuda-el-pais-se-ahorra-33-mil-millones-de-dolares\/\" \/>\n<meta property=\"og:locale\" content=\"es_ES\" \/>\n<meta property=\"og:type\" content=\"article\" \/>\n<meta property=\"og:title\" content=\"Fern\u00e1ndez y el acuerdo por la deuda: el pa\u00eds se ahorra 33 mil millones de d\u00f3lares - Diario Textual\" \/>\n<meta property=\"og:description\" content=\"El presidente Alberto Fern\u00e1ndez celebr\u00f3 este martes el acuerdo alcanzado con los bonistas que tienen t\u00edtulos p\u00fablicos de la Argentina bajo legislaci\u00f3n extranjera que hab\u00edan entrado en default. En di\u00e1logo&hellip;\" \/>\n<meta property=\"og:url\" content=\"https:\/\/diariotextual.com\/inicio\/index.php\/2020\/08\/04\/fernandez-y-el-acuerdo-por-las-deuda-el-pais-se-ahorra-33-mil-millones-de-dolares\/\" \/>\n<meta property=\"og:site_name\" content=\"Diario Textual\" \/>\n<meta property=\"article:publisher\" content=\"https:\/\/www.facebook.com\/eltextual\" \/>\n<meta property=\"article:published_time\" content=\"2020-08-04T14:39:16+00:00\" \/>\n<meta property=\"article:modified_time\" content=\"2020-08-04T14:46:53+00:00\" \/>\n<meta property=\"og:image\" content=\"https:\/\/diariotextual.com\/inicio\/wp-content\/uploads\/2020\/06\/fernandezalbertotelam2020-3000.jpg\" \/>\n\t<meta property=\"og:image:width\" content=\"1004\" \/>\n\t<meta property=\"og:image:height\" content=\"564\" \/>\n\t<meta property=\"og:image:type\" content=\"image\/jpeg\" \/>\n<meta name=\"author\" content=\"Diario1 Diario1\" \/>\n<meta name=\"twitter:card\" content=\"summary_large_image\" \/>\n<meta name=\"twitter:creator\" content=\"@eltextual\" \/>\n<meta name=\"twitter:site\" content=\"@eltextual\" \/>\n<meta name=\"twitter:label1\" content=\"Escrito por\" \/>\n\t<meta name=\"twitter:data1\" content=\"Diario1 Diario1\" \/>\n\t<meta name=\"twitter:label2\" content=\"Tiempo de lectura\" \/>\n\t<meta name=\"twitter:data2\" content=\"2 minutos\" \/>\n<script type=\"application\/ld+json\" class=\"yoast-schema-graph\">{\"@context\":\"https:\\\/\\\/schema.org\",\"@graph\":[{\"@type\":\"Article\",\"@id\":\"https:\\\/\\\/diariotextual.com\\\/inicio\\\/index.php\\\/2020\\\/08\\\/04\\\/fernandez-y-el-acuerdo-por-las-deuda-el-pais-se-ahorra-33-mil-millones-de-dolares\\\/#article\",\"isPartOf\":{\"@id\":\"https:\\\/\\\/diariotextual.com\\\/inicio\\\/index.php\\\/2020\\\/08\\\/04\\\/fernandez-y-el-acuerdo-por-las-deuda-el-pais-se-ahorra-33-mil-millones-de-dolares\\\/\"},\"author\":{\"name\":\"Diario1 Diario1\",\"@id\":\"https:\\\/\\\/diariotextual.com\\\/inicio\\\/#\\\/schema\\\/person\\\/418fc4093c33e86ed41562db3508f958\"},\"headline\":\"Fern\u00e1ndez y el acuerdo por la deuda: el pa\u00eds se ahorra 33 mil millones de d\u00f3lares\",\"datePublished\":\"2020-08-04T14:39:16+00:00\",\"dateModified\":\"2020-08-04T14:46:53+00:00\",\"mainEntityOfPage\":{\"@id\":\"https:\\\/\\\/diariotextual.com\\\/inicio\\\/index.php\\\/2020\\\/08\\\/04\\\/fernandez-y-el-acuerdo-por-las-deuda-el-pais-se-ahorra-33-mil-millones-de-dolares\\\/\"},\"wordCount\":372,\"publisher\":{\"@id\":\"https:\\\/\\\/diariotextual.com\\\/inicio\\\/#organization\"},\"image\":{\"@id\":\"https:\\\/\\\/diariotextual.com\\\/inicio\\\/index.php\\\/2020\\\/08\\\/04\\\/fernandez-y-el-acuerdo-por-las-deuda-el-pais-se-ahorra-33-mil-millones-de-dolares\\\/#primaryimage\"},\"thumbnailUrl\":\"https:\\\/\\\/diariotextual.com\\\/inicio\\\/wp-content\\\/uploads\\\/2020\\\/06\\\/fernandezalbertotelam2020-3000.jpg\",\"articleSection\":[\"A - DESTACADAS (mod 16)\",\"POLITICA\"],\"inLanguage\":\"es\"},{\"@type\":\"WebPage\",\"@id\":\"https:\\\/\\\/diariotextual.com\\\/inicio\\\/index.php\\\/2020\\\/08\\\/04\\\/fernandez-y-el-acuerdo-por-las-deuda-el-pais-se-ahorra-33-mil-millones-de-dolares\\\/\",\"url\":\"https:\\\/\\\/diariotextual.com\\\/inicio\\\/index.php\\\/2020\\\/08\\\/04\\\/fernandez-y-el-acuerdo-por-las-deuda-el-pais-se-ahorra-33-mil-millones-de-dolares\\\/\",\"name\":\"Fern\u00e1ndez y el acuerdo por la deuda: el pa\u00eds se ahorra 33 mil millones de d\u00f3lares - Diario Textual\",\"isPartOf\":{\"@id\":\"https:\\\/\\\/diariotextual.com\\\/inicio\\\/#website\"},\"primaryImageOfPage\":{\"@id\":\"https:\\\/\\\/diariotextual.com\\\/inicio\\\/index.php\\\/2020\\\/08\\\/04\\\/fernandez-y-el-acuerdo-por-las-deuda-el-pais-se-ahorra-33-mil-millones-de-dolares\\\/#primaryimage\"},\"image\":{\"@id\":\"https:\\\/\\\/diariotextual.com\\\/inicio\\\/index.php\\\/2020\\\/08\\\/04\\\/fernandez-y-el-acuerdo-por-las-deuda-el-pais-se-ahorra-33-mil-millones-de-dolares\\\/#primaryimage\"},\"thumbnailUrl\":\"https:\\\/\\\/diariotextual.com\\\/inicio\\\/wp-content\\\/uploads\\\/2020\\\/06\\\/fernandezalbertotelam2020-3000.jpg\",\"datePublished\":\"2020-08-04T14:39:16+00:00\",\"dateModified\":\"2020-08-04T14:46:53+00:00\",\"breadcrumb\":{\"@id\":\"https:\\\/\\\/diariotextual.com\\\/inicio\\\/index.php\\\/2020\\\/08\\\/04\\\/fernandez-y-el-acuerdo-por-las-deuda-el-pais-se-ahorra-33-mil-millones-de-dolares\\\/#breadcrumb\"},\"inLanguage\":\"es\",\"potentialAction\":[{\"@type\":\"ReadAction\",\"target\":[\"https:\\\/\\\/diariotextual.com\\\/inicio\\\/index.php\\\/2020\\\/08\\\/04\\\/fernandez-y-el-acuerdo-por-las-deuda-el-pais-se-ahorra-33-mil-millones-de-dolares\\\/\"]}]},{\"@type\":\"ImageObject\",\"inLanguage\":\"es\",\"@id\":\"https:\\\/\\\/diariotextual.com\\\/inicio\\\/index.php\\\/2020\\\/08\\\/04\\\/fernandez-y-el-acuerdo-por-las-deuda-el-pais-se-ahorra-33-mil-millones-de-dolares\\\/#primaryimage\",\"url\":\"https:\\\/\\\/diariotextual.com\\\/inicio\\\/wp-content\\\/uploads\\\/2020\\\/06\\\/fernandezalbertotelam2020-3000.jpg\",\"contentUrl\":\"https:\\\/\\\/diariotextual.com\\\/inicio\\\/wp-content\\\/uploads\\\/2020\\\/06\\\/fernandezalbertotelam2020-3000.jpg\",\"width\":1004,\"height\":564},{\"@type\":\"BreadcrumbList\",\"@id\":\"https:\\\/\\\/diariotextual.com\\\/inicio\\\/index.php\\\/2020\\\/08\\\/04\\\/fernandez-y-el-acuerdo-por-las-deuda-el-pais-se-ahorra-33-mil-millones-de-dolares\\\/#breadcrumb\",\"itemListElement\":[{\"@type\":\"ListItem\",\"position\":1,\"name\":\"Portada\",\"item\":\"https:\\\/\\\/diariotextual.com\\\/inicio\\\/\"},{\"@type\":\"ListItem\",\"position\":2,\"name\":\"Fern\u00e1ndez y el acuerdo por la deuda: el pa\u00eds se ahorra 33 mil millones de d\u00f3lares\"}]},{\"@type\":\"WebSite\",\"@id\":\"https:\\\/\\\/diariotextual.com\\\/inicio\\\/#website\",\"url\":\"https:\\\/\\\/diariotextual.com\\\/inicio\\\/\",\"name\":\"Diario Textual\",\"description\":\"\",\"publisher\":{\"@id\":\"https:\\\/\\\/diariotextual.com\\\/inicio\\\/#organization\"},\"potentialAction\":[{\"@type\":\"SearchAction\",\"target\":{\"@type\":\"EntryPoint\",\"urlTemplate\":\"https:\\\/\\\/diariotextual.com\\\/inicio\\\/?s={search_term_string}\"},\"query-input\":{\"@type\":\"PropertyValueSpecification\",\"valueRequired\":true,\"valueName\":\"search_term_string\"}}],\"inLanguage\":\"es\"},{\"@type\":\"Organization\",\"@id\":\"https:\\\/\\\/diariotextual.com\\\/inicio\\\/#organization\",\"name\":\"Diario Textual\",\"url\":\"https:\\\/\\\/diariotextual.com\\\/inicio\\\/\",\"logo\":{\"@type\":\"ImageObject\",\"inLanguage\":\"es\",\"@id\":\"https:\\\/\\\/diariotextual.com\\\/inicio\\\/#\\\/schema\\\/logo\\\/image\\\/\",\"url\":\"https:\\\/\\\/diariotextual.com\\\/inicio\\\/wp-content\\\/uploads\\\/2023\\\/05\\\/logotextual1.jpg\",\"contentUrl\":\"https:\\\/\\\/diariotextual.com\\\/inicio\\\/wp-content\\\/uploads\\\/2023\\\/05\\\/logotextual1.jpg\",\"width\":516,\"height\":76,\"caption\":\"Diario Textual\"},\"image\":{\"@id\":\"https:\\\/\\\/diariotextual.com\\\/inicio\\\/#\\\/schema\\\/logo\\\/image\\\/\"},\"sameAs\":[\"https:\\\/\\\/www.facebook.com\\\/eltextual\",\"https:\\\/\\\/x.com\\\/eltextual\",\"http:\\\/\\\/www.instagram.com\\\/eltextual\"]},{\"@type\":\"Person\",\"@id\":\"https:\\\/\\\/diariotextual.com\\\/inicio\\\/#\\\/schema\\\/person\\\/418fc4093c33e86ed41562db3508f958\",\"name\":\"Diario1 Diario1\",\"image\":{\"@type\":\"ImageObject\",\"inLanguage\":\"es\",\"@id\":\"https:\\\/\\\/secure.gravatar.com\\\/avatar\\\/9167d280179c85bc18be67aa7eda765854300033af4896dd779b608640f2ef7a?s=96&d=mm&r=g\",\"url\":\"https:\\\/\\\/secure.gravatar.com\\\/avatar\\\/9167d280179c85bc18be67aa7eda765854300033af4896dd779b608640f2ef7a?s=96&d=mm&r=g\",\"contentUrl\":\"https:\\\/\\\/secure.gravatar.com\\\/avatar\\\/9167d280179c85bc18be67aa7eda765854300033af4896dd779b608640f2ef7a?s=96&d=mm&r=g\",\"caption\":\"Diario1 Diario1\"},\"url\":\"https:\\\/\\\/diariotextual.com\\\/inicio\\\/index.php\\\/author\\\/diario1\\\/\"}]}<\/script>\n<!-- \/ Yoast SEO plugin. -->","yoast_head_json":{"title":"Fern\u00e1ndez y el acuerdo por la deuda: el pa\u00eds se ahorra 33 mil millones de d\u00f3lares - Diario Textual","robots":{"index":"index","follow":"follow","max-snippet":"max-snippet:-1","max-image-preview":"max-image-preview:large","max-video-preview":"max-video-preview:-1"},"canonical":"https:\/\/diariotextual.com\/inicio\/index.php\/2020\/08\/04\/fernandez-y-el-acuerdo-por-las-deuda-el-pais-se-ahorra-33-mil-millones-de-dolares\/","og_locale":"es_ES","og_type":"article","og_title":"Fern\u00e1ndez y el acuerdo por la deuda: el pa\u00eds se ahorra 33 mil millones de d\u00f3lares - Diario Textual","og_description":"El presidente Alberto Fern\u00e1ndez celebr\u00f3 este martes el acuerdo alcanzado con los bonistas que tienen t\u00edtulos p\u00fablicos de la Argentina bajo legislaci\u00f3n extranjera que hab\u00edan entrado en default. En di\u00e1logo&hellip;","og_url":"https:\/\/diariotextual.com\/inicio\/index.php\/2020\/08\/04\/fernandez-y-el-acuerdo-por-las-deuda-el-pais-se-ahorra-33-mil-millones-de-dolares\/","og_site_name":"Diario Textual","article_publisher":"https:\/\/www.facebook.com\/eltextual","article_published_time":"2020-08-04T14:39:16+00:00","article_modified_time":"2020-08-04T14:46:53+00:00","og_image":[{"width":1004,"height":564,"url":"https:\/\/diariotextual.com\/inicio\/wp-content\/uploads\/2020\/06\/fernandezalbertotelam2020-3000.jpg","type":"image\/jpeg"}],"author":"Diario1 Diario1","twitter_card":"summary_large_image","twitter_creator":"@eltextual","twitter_site":"@eltextual","twitter_misc":{"Escrito por":"Diario1 Diario1","Tiempo de lectura":"2 minutos"},"schema":{"@context":"https:\/\/schema.org","@graph":[{"@type":"Article","@id":"https:\/\/diariotextual.com\/inicio\/index.php\/2020\/08\/04\/fernandez-y-el-acuerdo-por-las-deuda-el-pais-se-ahorra-33-mil-millones-de-dolares\/#article","isPartOf":{"@id":"https:\/\/diariotextual.com\/inicio\/index.php\/2020\/08\/04\/fernandez-y-el-acuerdo-por-las-deuda-el-pais-se-ahorra-33-mil-millones-de-dolares\/"},"author":{"name":"Diario1 Diario1","@id":"https:\/\/diariotextual.com\/inicio\/#\/schema\/person\/418fc4093c33e86ed41562db3508f958"},"headline":"Fern\u00e1ndez y el acuerdo por la deuda: el pa\u00eds se ahorra 33 mil millones de d\u00f3lares","datePublished":"2020-08-04T14:39:16+00:00","dateModified":"2020-08-04T14:46:53+00:00","mainEntityOfPage":{"@id":"https:\/\/diariotextual.com\/inicio\/index.php\/2020\/08\/04\/fernandez-y-el-acuerdo-por-las-deuda-el-pais-se-ahorra-33-mil-millones-de-dolares\/"},"wordCount":372,"publisher":{"@id":"https:\/\/diariotextual.com\/inicio\/#organization"},"image":{"@id":"https:\/\/diariotextual.com\/inicio\/index.php\/2020\/08\/04\/fernandez-y-el-acuerdo-por-las-deuda-el-pais-se-ahorra-33-mil-millones-de-dolares\/#primaryimage"},"thumbnailUrl":"https:\/\/diariotextual.com\/inicio\/wp-content\/uploads\/2020\/06\/fernandezalbertotelam2020-3000.jpg","articleSection":["A - DESTACADAS (mod 16)","POLITICA"],"inLanguage":"es"},{"@type":"WebPage","@id":"https:\/\/diariotextual.com\/inicio\/index.php\/2020\/08\/04\/fernandez-y-el-acuerdo-por-las-deuda-el-pais-se-ahorra-33-mil-millones-de-dolares\/","url":"https:\/\/diariotextual.com\/inicio\/index.php\/2020\/08\/04\/fernandez-y-el-acuerdo-por-las-deuda-el-pais-se-ahorra-33-mil-millones-de-dolares\/","name":"Fern\u00e1ndez y el acuerdo por la deuda: el pa\u00eds se ahorra 33 mil millones de d\u00f3lares - Diario Textual","isPartOf":{"@id":"https:\/\/diariotextual.com\/inicio\/#website"},"primaryImageOfPage":{"@id":"https:\/\/diariotextual.com\/inicio\/index.php\/2020\/08\/04\/fernandez-y-el-acuerdo-por-las-deuda-el-pais-se-ahorra-33-mil-millones-de-dolares\/#primaryimage"},"image":{"@id":"https:\/\/diariotextual.com\/inicio\/index.php\/2020\/08\/04\/fernandez-y-el-acuerdo-por-las-deuda-el-pais-se-ahorra-33-mil-millones-de-dolares\/#primaryimage"},"thumbnailUrl":"https:\/\/diariotextual.com\/inicio\/wp-content\/uploads\/2020\/06\/fernandezalbertotelam2020-3000.jpg","datePublished":"2020-08-04T14:39:16+00:00","dateModified":"2020-08-04T14:46:53+00:00","breadcrumb":{"@id":"https:\/\/diariotextual.com\/inicio\/index.php\/2020\/08\/04\/fernandez-y-el-acuerdo-por-las-deuda-el-pais-se-ahorra-33-mil-millones-de-dolares\/#breadcrumb"},"inLanguage":"es","potentialAction":[{"@type":"ReadAction","target":["https:\/\/diariotextual.com\/inicio\/index.php\/2020\/08\/04\/fernandez-y-el-acuerdo-por-las-deuda-el-pais-se-ahorra-33-mil-millones-de-dolares\/"]}]},{"@type":"ImageObject","inLanguage":"es","@id":"https:\/\/diariotextual.com\/inicio\/index.php\/2020\/08\/04\/fernandez-y-el-acuerdo-por-las-deuda-el-pais-se-ahorra-33-mil-millones-de-dolares\/#primaryimage","url":"https:\/\/diariotextual.com\/inicio\/wp-content\/uploads\/2020\/06\/fernandezalbertotelam2020-3000.jpg","contentUrl":"https:\/\/diariotextual.com\/inicio\/wp-content\/uploads\/2020\/06\/fernandezalbertotelam2020-3000.jpg","width":1004,"height":564},{"@type":"BreadcrumbList","@id":"https:\/\/diariotextual.com\/inicio\/index.php\/2020\/08\/04\/fernandez-y-el-acuerdo-por-las-deuda-el-pais-se-ahorra-33-mil-millones-de-dolares\/#breadcrumb","itemListElement":[{"@type":"ListItem","position":1,"name":"Portada","item":"https:\/\/diariotextual.com\/inicio\/"},{"@type":"ListItem","position":2,"name":"Fern\u00e1ndez y el acuerdo por la deuda: el pa\u00eds se ahorra 33 mil millones de d\u00f3lares"}]},{"@type":"WebSite","@id":"https:\/\/diariotextual.com\/inicio\/#website","url":"https:\/\/diariotextual.com\/inicio\/","name":"Diario Textual","description":"","publisher":{"@id":"https:\/\/diariotextual.com\/inicio\/#organization"},"potentialAction":[{"@type":"SearchAction","target":{"@type":"EntryPoint","urlTemplate":"https:\/\/diariotextual.com\/inicio\/?s={search_term_string}"},"query-input":{"@type":"PropertyValueSpecification","valueRequired":true,"valueName":"search_term_string"}}],"inLanguage":"es"},{"@type":"Organization","@id":"https:\/\/diariotextual.com\/inicio\/#organization","name":"Diario Textual","url":"https:\/\/diariotextual.com\/inicio\/","logo":{"@type":"ImageObject","inLanguage":"es","@id":"https:\/\/diariotextual.com\/inicio\/#\/schema\/logo\/image\/","url":"https:\/\/diariotextual.com\/inicio\/wp-content\/uploads\/2023\/05\/logotextual1.jpg","contentUrl":"https:\/\/diariotextual.com\/inicio\/wp-content\/uploads\/2023\/05\/logotextual1.jpg","width":516,"height":76,"caption":"Diario Textual"},"image":{"@id":"https:\/\/diariotextual.com\/inicio\/#\/schema\/logo\/image\/"},"sameAs":["https:\/\/www.facebook.com\/eltextual","https:\/\/x.com\/eltextual","http:\/\/www.instagram.com\/eltextual"]},{"@type":"Person","@id":"https:\/\/diariotextual.com\/inicio\/#\/schema\/person\/418fc4093c33e86ed41562db3508f958","name":"Diario1 Diario1","image":{"@type":"ImageObject","inLanguage":"es","@id":"https:\/\/secure.gravatar.com\/avatar\/9167d280179c85bc18be67aa7eda765854300033af4896dd779b608640f2ef7a?s=96&d=mm&r=g","url":"https:\/\/secure.gravatar.com\/avatar\/9167d280179c85bc18be67aa7eda765854300033af4896dd779b608640f2ef7a?s=96&d=mm&r=g","contentUrl":"https:\/\/secure.gravatar.com\/avatar\/9167d280179c85bc18be67aa7eda765854300033af4896dd779b608640f2ef7a?s=96&d=mm&r=g","caption":"Diario1 Diario1"},"url":"https:\/\/diariotextual.com\/inicio\/index.php\/author\/diario1\/"}]}},"_links":{"self":[{"href":"https:\/\/diariotextual.com\/inicio\/index.php\/wp-json\/wp\/v2\/posts\/104917","targetHints":{"allow":["GET"]}}],"collection":[{"href":"https:\/\/diariotextual.com\/inicio\/index.php\/wp-json\/wp\/v2\/posts"}],"about":[{"href":"https:\/\/diariotextual.com\/inicio\/index.php\/wp-json\/wp\/v2\/types\/post"}],"author":[{"embeddable":true,"href":"https:\/\/diariotextual.com\/inicio\/index.php\/wp-json\/wp\/v2\/users\/3"}],"replies":[{"embeddable":true,"href":"https:\/\/diariotextual.com\/inicio\/index.php\/wp-json\/wp\/v2\/comments?post=104917"}],"version-history":[{"count":3,"href":"https:\/\/diariotextual.com\/inicio\/index.php\/wp-json\/wp\/v2\/posts\/104917\/revisions"}],"predecessor-version":[{"id":104922,"href":"https:\/\/diariotextual.com\/inicio\/index.php\/wp-json\/wp\/v2\/posts\/104917\/revisions\/104922"}],"wp:featuredmedia":[{"embeddable":true,"href":"https:\/\/diariotextual.com\/inicio\/index.php\/wp-json\/wp\/v2\/media\/98340"}],"wp:attachment":[{"href":"https:\/\/diariotextual.com\/inicio\/index.php\/wp-json\/wp\/v2\/media?parent=104917"}],"wp:term":[{"taxonomy":"category","embeddable":true,"href":"https:\/\/diariotextual.com\/inicio\/index.php\/wp-json\/wp\/v2\/categories?post=104917"},{"taxonomy":"post_tag","embeddable":true,"href":"https:\/\/diariotextual.com\/inicio\/index.php\/wp-json\/wp\/v2\/tags?post=104917"}],"curies":[{"name":"wp","href":"https:\/\/api.w.org\/{rel}","templated":true}]}}