{"id":10531,"date":"2018-06-14T10:25:29","date_gmt":"2018-06-14T13:25:29","guid":{"rendered":"http:\/\/diariotextual.com\/inicio\/?p=10531"},"modified":"2018-06-14T15:28:09","modified_gmt":"2018-06-14T18:28:09","slug":"aborto-los-memes-tuits-la-pampa-cambio-la-votacion","status":"publish","type":"post","link":"https:\/\/diariotextual.com\/inicio\/index.php\/2018\/06\/14\/aborto-los-memes-tuits-la-pampa-cambio-la-votacion\/","title":{"rendered":"Aborto: los memes y tuits sobre La Pampa y el cambio en la votaci\u00f3n"},"content":{"rendered":"<p>Luego del anuncio en el cambio de la votaci\u00f3n de los diputados pampeanos por la ley del aborto legal, el hashtag La Pampa (#LaPampa) fue tendencia en las redes. Compartimos algunos de los memes y tuits m\u00e1s destacados.<\/p>\n<p><img fetchpriority=\"high\" decoding=\"async\" class=\"alignnone size-full wp-image-10532\" src=\"http:\/\/diariotextual.com\/inicio\/wp-content\/uploads\/2018\/06\/memelapampavoto-1.jpg\" alt=\"\" width=\"815\" height=\"388\" srcset=\"https:\/\/diariotextual.com\/inicio\/wp-content\/uploads\/2018\/06\/memelapampavoto-1.jpg 815w, https:\/\/diariotextual.com\/inicio\/wp-content\/uploads\/2018\/06\/memelapampavoto-1-300x143.jpg 300w, https:\/\/diariotextual.com\/inicio\/wp-content\/uploads\/2018\/06\/memelapampavoto-1-768x366.jpg 768w, https:\/\/diariotextual.com\/inicio\/wp-content\/uploads\/2018\/06\/memelapampavoto-1-585x279.jpg 585w\" sizes=\"(max-width: 815px) 100vw, 815px\" \/><\/p>\n<blockquote class=\"twitter-tweet\" data-lang=\"es\">\n<p dir=\"ltr\" lang=\"es\">La Pampa. <a href=\"https:\/\/t.co\/aVRylPSEXR\">pic.twitter.com\/aVRylPSEXR<\/a><\/p>\n<p>\u2014 mockingbird (@cristianbaelish) <a href=\"https:\/\/twitter.com\/cristianbaelish\/status\/1007222988113154054?ref_src=twsrc%5Etfw\">14 de junio de 2018<\/a><\/p><\/blockquote>\n<p><script async src=\"https:\/\/platform.twitter.com\/widgets.js\" charset=\"utf-8\"><\/script><\/p>\n<p>&nbsp;<\/p>\n<p>&nbsp;<\/p>\n<blockquote class=\"twitter-tweet\" data-lang=\"es\">\n<p dir=\"ltr\" lang=\"es\">LA PAMPA, NUEVA PROVINCIA FAVORITA<\/p>\n<p>\u2014 tora (@lulens) <a href=\"https:\/\/twitter.com\/lulens\/status\/1007228517812264960?ref_src=twsrc%5Etfw\">14 de junio de 2018<\/a><\/p><\/blockquote>\n<p><script async src=\"https:\/\/platform.twitter.com\/widgets.js\" charset=\"utf-8\"><\/script><\/p>\n<p>&nbsp;<\/p>\n<blockquote class=\"twitter-tweet\" data-lang=\"es\">\n<p dir=\"ltr\" lang=\"es\">Salvan la votaci\u00f3n La Pampa y Tierra del Fuego, cuyos 5 diputados votan a favor, como R\u00edo Negro. A la marea humana que se quiera venir a vivir a la Patagonia le aviso que hacen cuatro grados bajo cero y se congelaron las ca\u00f1er\u00edas.<\/p>\n<p>\u2014 mecasullo (@mecasullo) <a href=\"https:\/\/twitter.com\/mecasullo\/status\/1007233935968030721?ref_src=twsrc%5Etfw\">14 de junio de 2018<\/a><\/p><\/blockquote>\n<p><script async src=\"https:\/\/platform.twitter.com\/widgets.js\" charset=\"utf-8\"><\/script><\/p>\n<blockquote class=\"twitter-tweet\" data-lang=\"es\">\n<p dir=\"ltr\" lang=\"es\">\u00bfLes dije que creo que La Pampa es la provincia m\u00e1s linda del pa\u00eds? &#x1f49a;&#x1f49a;&#x1f49a;&#x1f49a;&#x1f49a;&#x1f49a;&#x1f49a;&#x1f49a;&#x1f49a;&#x1f49a;&#x1f49a;<\/p>\n<p>\u2014 Clarisse &#x1f49a; (@clarisse_1981) <a href=\"https:\/\/twitter.com\/clarisse_1981\/status\/1007222384603037696?ref_src=twsrc%5Etfw\">14 de junio de 2018<\/a><\/p><\/blockquote>\n<p><script async src=\"https:\/\/platform.twitter.com\/widgets.js\" charset=\"utf-8\"><\/script><\/p>\n<blockquote class=\"twitter-tweet\" data-lang=\"es\">\n<p dir=\"ltr\" lang=\"es\">La Pampa llegando al rescate <a href=\"https:\/\/t.co\/m30JrlHdU9\">pic.twitter.com\/m30JrlHdU9<\/a><\/p>\n<p>\u2014 Joaco &#x1f49a; (@JoacoVeron4) <a href=\"https:\/\/twitter.com\/JoacoVeron4\/status\/1007227503134609408?ref_src=twsrc%5Etfw\">14 de junio de 2018<\/a><\/p><\/blockquote>\n<p><script async src=\"https:\/\/platform.twitter.com\/widgets.js\" charset=\"utf-8\"><\/script><\/p>\n<blockquote class=\"twitter-tweet\" data-lang=\"es\">\n<p dir=\"ltr\" lang=\"es\">Para vos, que no ten\u00edas idea qu\u00e9 carajo hab\u00eda en La Pampa, ahora sab\u00e9s que hay omb\u00faes y dos diputados y una diputada a favor del aborto seguro, legal y gratuito.<\/p>\n<p>\u2014 Lucas (@vacomotrompada) <a href=\"https:\/\/twitter.com\/vacomotrompada\/status\/1007225599474184193?ref_src=twsrc%5Etfw\">14 de junio de 2018<\/a><\/p><\/blockquote>\n<p><script async src=\"https:\/\/platform.twitter.com\/widgets.js\" charset=\"utf-8\"><\/script><\/p>\n<blockquote class=\"twitter-tweet\" data-lang=\"es\">\n<p dir=\"ltr\" lang=\"es\">La Pampa tiene el omb\u00fa y el voto a la altura de las circunstancias.<\/p>\n<p>\u2014 El Topo Erudito (@ElTopoErudito) <a href=\"https:\/\/twitter.com\/ElTopoErudito\/status\/1007223744497102848?ref_src=twsrc%5Etfw\">14 de junio de 2018<\/a><\/p><\/blockquote>\n<p><script async src=\"https:\/\/platform.twitter.com\/widgets.js\" charset=\"utf-8\"><\/script><\/p>\n<blockquote class=\"twitter-tweet\" data-lang=\"es\">\n<p dir=\"ltr\" lang=\"es\">Si La Pampa salva esto hay que conseguirles el r\u00edo ese que les rob\u00f3 Mendoza<\/p>\n<p>\u2014 Evita (@mevaeme) <a href=\"https:\/\/twitter.com\/mevaeme\/status\/1007241343779909633?ref_src=twsrc%5Etfw\">14 de junio de 2018<\/a><\/p><\/blockquote>\n<p><script async src=\"https:\/\/platform.twitter.com\/widgets.js\" charset=\"utf-8\"><\/script><\/p>\n<blockquote class=\"twitter-tweet\" data-lang=\"es\">\n<p dir=\"ltr\" lang=\"es\">Ahora que <a href=\"https:\/\/twitter.com\/hashtag\/LaPampa?src=hash&amp;ref_src=twsrc%5Etfw\">#LaPampa<\/a> es tendencia quiero aprovechar y educar. Ac\u00e1 no hay Omb\u00fa, hay Calden.<\/p>\n<p>\u2014 Nacim Khensous (@KhensousNacim) <a href=\"https:\/\/twitter.com\/KhensousNacim\/status\/1007229171880349697?ref_src=twsrc%5Etfw\">14 de junio de 2018<\/a><\/p><\/blockquote>\n<p><script async src=\"https:\/\/platform.twitter.com\/widgets.js\" charset=\"utf-8\"><\/script><\/p>\n<blockquote class=\"twitter-tweet\" data-lang=\"es\">\n<p dir=\"ltr\" lang=\"es\">AAAAAAARO ARO ARO<br \/>\nLa Pampa tiene el Omb\u00fa,<br \/>\ny los votos del aborto.<\/p>\n<p>\u2014 camila blanco &#x26a1;&#x1f49a; (@brancowitz) <a href=\"https:\/\/twitter.com\/brancowitz\/status\/1007225620248645632?ref_src=twsrc%5Etfw\">14 de junio de 2018<\/a><\/p><\/blockquote>\n<p><script async src=\"https:\/\/platform.twitter.com\/widgets.js\" charset=\"utf-8\"><\/script><\/p>\n<blockquote class=\"twitter-tweet\" data-lang=\"es\">\n<p dir=\"ltr\" lang=\"es\">La Pampa apareci\u00f3 en el \u00faltimo momento como si fuese Picoro salvando a Gohan.<\/p>\n<p>\u2014 Alfajor&#x1f49a;Triple (@Sedbastiann) <a href=\"https:\/\/twitter.com\/Sedbastiann\/status\/1007221470114795525?ref_src=twsrc%5Etfw\">14 de junio de 2018<\/a><\/p><\/blockquote>\n<p><script async src=\"https:\/\/platform.twitter.com\/widgets.js\" charset=\"utf-8\"><\/script><\/p>\n<blockquote class=\"twitter-tweet\" data-lang=\"es\">\n<p dir=\"ltr\" lang=\"es\">La Pampa, hoy te convertir\u00e1s en h\u00e9roe <a href=\"https:\/\/twitter.com\/hashtag\/AbortoSeraLey?src=hash&amp;ref_src=twsrc%5Etfw\">#AbortoSeraLey<\/a><\/p>\n<p>\u2014 Nicolas Alegre (@nicoalegre) <a href=\"https:\/\/twitter.com\/nicoalegre\/status\/1007227498487341056?ref_src=twsrc%5Etfw\">14 de junio de 2018<\/a><\/p><\/blockquote>\n<p><script async src=\"https:\/\/platform.twitter.com\/widgets.js\" charset=\"utf-8\"><\/script><\/p>\n<blockquote class=\"twitter-tweet\" data-lang=\"es\">\n<p dir=\"ltr\" lang=\"es\">FUNDEMOSLE UN CLUB DE F\u00daTBOL A LA PAMPA Y PONGAMOSLO EN LA SUPERLIGA<\/p>\n<p>\u2014 N. (@nzs_10) <a href=\"https:\/\/twitter.com\/nzs_10\/status\/1007223093117575168?ref_src=twsrc%5Etfw\">14 de junio de 2018<\/a><\/p><\/blockquote>\n<p><script async src=\"https:\/\/platform.twitter.com\/widgets.js\" charset=\"utf-8\"><\/script><\/p>\n<blockquote class=\"twitter-tweet\" data-lang=\"es\">\n<p dir=\"ltr\" lang=\"es\">Voy a tramitar la ciudadan\u00eda pampeana. Siempre dije que era la mejor provincia. \u00a1Te sigo desde Cemento La Pampa!<\/p>\n<p>\u2014 Diego Iglesias (@IglesiasDiego) <a href=\"https:\/\/twitter.com\/IglesiasDiego\/status\/1007223091309744131?ref_src=twsrc%5Etfw\">14 de junio de 2018<\/a><\/p><\/blockquote>\n<p><script async src=\"https:\/\/platform.twitter.com\/widgets.js\" charset=\"utf-8\"><\/script><\/p>\n<blockquote class=\"twitter-tweet\" data-lang=\"es\">\n<p dir=\"ltr\" lang=\"es\">\u00bfLa Pampa? Aborto legal, seguro y gratuito <a href=\"https:\/\/t.co\/qYmXFeuIJq\">pic.twitter.com\/qYmXFeuIJq<\/a><\/p>\n<p>\u2014 Deci &#x1f49a;&#x2618;&#x1f34f; (@decimononnica) <a href=\"https:\/\/twitter.com\/decimononnica\/status\/1007221550871928833?ref_src=twsrc%5Etfw\">14 de junio de 2018<\/a><\/p><\/blockquote>\n<p><script async src=\"https:\/\/platform.twitter.com\/widgets.js\" charset=\"utf-8\"><\/script><\/p>\n<blockquote class=\"twitter-tweet\" data-lang=\"es\">\n<p dir=\"ltr\" lang=\"es\">Marche una ruta y un puente para La Pampa!<\/p>\n<p>\u2014 Juan Negri (@jjnegri4) <a href=\"https:\/\/twitter.com\/jjnegri4\/status\/1007222696248299520?ref_src=twsrc%5Etfw\">14 de junio de 2018<\/a><\/p><\/blockquote>\n<p><script async src=\"https:\/\/platform.twitter.com\/widgets.js\" charset=\"utf-8\"><\/script><\/p>\n<blockquote class=\"twitter-tweet\" data-lang=\"es\">\n<p dir=\"ltr\" lang=\"es\">Hay que hacer un monumento a los tres de la Pampa tipo monte Rushmore sobre, no s\u00e9, UN PIQUILL\u00cdN<\/p>\n<p>\u2014 inca (@LaInca_) <a href=\"https:\/\/twitter.com\/LaInca_\/status\/1007229203488624640?ref_src=twsrc%5Etfw\">14 de junio de 2018<\/a><\/p><\/blockquote>\n<p><script async src=\"https:\/\/platform.twitter.com\/widgets.js\" charset=\"utf-8\"><\/script><\/p>\n<blockquote class=\"twitter-tweet\" data-lang=\"es\">\n<p dir=\"ltr\" lang=\"es\">Ya decid\u00ed, est\u00e1s vacaciones voy a recorrer La Pampa como agradecimiento. <a href=\"https:\/\/twitter.com\/hashtag\/LaPampa?src=hash&amp;ref_src=twsrc%5Etfw\">#LaPampa<\/a><\/p>\n<p>\u2014 Curquix &#x1f49a; (@Curquix) <a href=\"https:\/\/twitter.com\/Curquix\/status\/1007249657238577152?ref_src=twsrc%5Etfw\">14 de junio de 2018<\/a><\/p><\/blockquote>\n<p><script async src=\"https:\/\/platform.twitter.com\/widgets.js\" charset=\"utf-8\"><\/script><\/p>\n<blockquote class=\"twitter-tweet\" data-lang=\"es\">\n<p dir=\"ltr\" lang=\"es\">Lindo momento de fama para informarles que <a href=\"https:\/\/twitter.com\/hashtag\/LaPampa?src=hash&amp;ref_src=twsrc%5Etfw\">#LaPampa<\/a> no tiene el omb\u00fa. Si quieren reservarnos el billete de mil, le ponemos el calden y lo pintamos de verde.<\/p>\n<p>\u2014 Gabriel D\u00eda\u00dfolorzalo (@Gabodz) <a href=\"https:\/\/twitter.com\/Gabodz\/status\/1007231208588226560?ref_src=twsrc%5Etfw\">14 de junio de 2018<\/a><\/p><\/blockquote>\n<p><script async src=\"https:\/\/platform.twitter.com\/widgets.js\" charset=\"utf-8\"><\/script><\/p>\n<blockquote class=\"twitter-tweet\" data-lang=\"es\">\n<p dir=\"ltr\" lang=\"es\">&#8211; C\u00f3mo se llama la capital de <a href=\"https:\/\/twitter.com\/hashtag\/LaPampa?src=hash&amp;ref_src=twsrc%5Etfw\">#LaPampa<\/a> ?<br \/>\n&#8211; Hay opciones?<br \/>\n&#8211; Malena Pichot, Sof\u00eda Gala o Florencia Pe\u00f1a?<\/p>\n<p>\u2014 Lord Fuckin&#8217;Cadillac (@LordCadillac) <a href=\"https:\/\/twitter.com\/LordCadillac\/status\/1007300839789252609?ref_src=twsrc%5Etfw\">14 de junio de 2018<\/a><\/p><\/blockquote>\n<p><script async src=\"https:\/\/platform.twitter.com\/widgets.js\" charset=\"utf-8\"><\/script><\/p>\n<blockquote class=\"twitter-tweet\" data-lang=\"es\">\n<p dir=\"ltr\" lang=\"es\">En estos momentos <a href=\"https:\/\/twitter.com\/hashtag\/AbortoSeraLey?src=hash&amp;ref_src=twsrc%5Etfw\">#AbortoSeraLey<\/a> <a href=\"https:\/\/twitter.com\/hashtag\/AbortoLegalYa?src=hash&amp;ref_src=twsrc%5Etfw\">#AbortoLegalYa<\/a> <a href=\"https:\/\/twitter.com\/hashtag\/LaPampa?src=hash&amp;ref_src=twsrc%5Etfw\">#LaPampa<\/a> &#x1f49a;&#x1f49a; <a href=\"https:\/\/t.co\/0ao2V65ZsB\">pic.twitter.com\/0ao2V65ZsB<\/a><\/p>\n<p>\u2014 Matias Francos (@Matiasfrancos) <a href=\"https:\/\/twitter.com\/Matiasfrancos\/status\/1007231632041013248?ref_src=twsrc%5Etfw\">14 de junio de 2018<\/a><\/p><\/blockquote>\n<p><script async src=\"https:\/\/platform.twitter.com\/widgets.js\" charset=\"utf-8\"><\/script><\/p>\n","protected":false},"excerpt":{"rendered":"<p>Luego del anuncio en el cambio de la votaci\u00f3n de los diputados pampeanos por la ley del aborto legal, el hashtag La Pampa (#LaPampa) fue tendencia en las redes. Compartimos&hellip;<\/p>\n","protected":false},"author":4,"featured_media":10533,"comment_status":"open","ping_status":"open","sticky":false,"template":"","format":"standard","meta":{"_acf_changed":false,"footnotes":""},"categories":[4,1,11,6],"tags":[],"class_list":["post-10531","post","type-post","status-publish","format-standard","has-post-thumbnail","hentry","category-destacadas","category-es-noticia","category-que-pasa","category-tecno"],"acf":[],"yoast_head":"<!-- This site is optimized with the Yoast SEO plugin v27.4 - https:\/\/yoast.com\/product\/yoast-seo-wordpress\/ -->\n<title>Aborto: los memes y tuits sobre La Pampa y el cambio en la votaci\u00f3n - Diario Textual<\/title>\n<meta name=\"robots\" content=\"index, follow, max-snippet:-1, max-image-preview:large, max-video-preview:-1\" \/>\n<link rel=\"canonical\" href=\"https:\/\/diariotextual.com\/inicio\/index.php\/2018\/06\/14\/aborto-los-memes-tuits-la-pampa-cambio-la-votacion\/\" \/>\n<meta property=\"og:locale\" content=\"es_ES\" \/>\n<meta property=\"og:type\" content=\"article\" \/>\n<meta property=\"og:title\" content=\"Aborto: los memes y tuits sobre La Pampa y el cambio en la votaci\u00f3n - Diario Textual\" \/>\n<meta property=\"og:description\" content=\"Luego del anuncio en el cambio de la votaci\u00f3n de los diputados pampeanos por la ley del aborto legal, el hashtag La Pampa (#LaPampa) fue tendencia en las redes. Compartimos&hellip;\" \/>\n<meta property=\"og:url\" content=\"https:\/\/diariotextual.com\/inicio\/index.php\/2018\/06\/14\/aborto-los-memes-tuits-la-pampa-cambio-la-votacion\/\" \/>\n<meta property=\"og:site_name\" content=\"Diario Textual\" \/>\n<meta property=\"article:publisher\" content=\"https:\/\/www.facebook.com\/eltextual\" \/>\n<meta property=\"article:published_time\" content=\"2018-06-14T13:25:29+00:00\" \/>\n<meta property=\"article:modified_time\" content=\"2018-06-14T18:28:09+00:00\" \/>\n<meta property=\"og:image\" content=\"https:\/\/diariotextual.com\/inicio\/wp-content\/uploads\/2018\/06\/memevotacionaborto-2.jpg\" \/>\n\t<meta property=\"og:image:width\" content=\"899\" \/>\n\t<meta property=\"og:image:height\" content=\"476\" \/>\n\t<meta property=\"og:image:type\" content=\"image\/jpeg\" \/>\n<meta name=\"author\" content=\"diario2\" \/>\n<meta name=\"twitter:card\" content=\"summary_large_image\" \/>\n<meta name=\"twitter:creator\" content=\"@eltextual\" \/>\n<meta name=\"twitter:site\" content=\"@eltextual\" \/>\n<meta name=\"twitter:label1\" content=\"Escrito por\" \/>\n\t<meta name=\"twitter:data1\" content=\"diario2\" \/>\n\t<meta name=\"twitter:label2\" content=\"Tiempo de lectura\" \/>\n\t<meta name=\"twitter:data2\" content=\"3 minutos\" \/>\n<script type=\"application\/ld+json\" class=\"yoast-schema-graph\">{\"@context\":\"https:\\\/\\\/schema.org\",\"@graph\":[{\"@type\":\"Article\",\"@id\":\"https:\\\/\\\/diariotextual.com\\\/inicio\\\/index.php\\\/2018\\\/06\\\/14\\\/aborto-los-memes-tuits-la-pampa-cambio-la-votacion\\\/#article\",\"isPartOf\":{\"@id\":\"https:\\\/\\\/diariotextual.com\\\/inicio\\\/index.php\\\/2018\\\/06\\\/14\\\/aborto-los-memes-tuits-la-pampa-cambio-la-votacion\\\/\"},\"author\":{\"name\":\"diario2\",\"@id\":\"https:\\\/\\\/diariotextual.com\\\/inicio\\\/#\\\/schema\\\/person\\\/694f60677f23c4a530867a98f22b3768\"},\"headline\":\"Aborto: los memes y tuits sobre La Pampa y el cambio en la votaci\u00f3n\",\"datePublished\":\"2018-06-14T13:25:29+00:00\",\"dateModified\":\"2018-06-14T18:28:09+00:00\",\"mainEntityOfPage\":{\"@id\":\"https:\\\/\\\/diariotextual.com\\\/inicio\\\/index.php\\\/2018\\\/06\\\/14\\\/aborto-los-memes-tuits-la-pampa-cambio-la-votacion\\\/\"},\"wordCount\":589,\"commentCount\":0,\"publisher\":{\"@id\":\"https:\\\/\\\/diariotextual.com\\\/inicio\\\/#organization\"},\"image\":{\"@id\":\"https:\\\/\\\/diariotextual.com\\\/inicio\\\/index.php\\\/2018\\\/06\\\/14\\\/aborto-los-memes-tuits-la-pampa-cambio-la-votacion\\\/#primaryimage\"},\"thumbnailUrl\":\"https:\\\/\\\/diariotextual.com\\\/inicio\\\/wp-content\\\/uploads\\\/2018\\\/06\\\/memevotacionaborto-2.jpg\",\"articleSection\":[\"A - DESTACADAS (mod 16)\",\"A - ES NOTICIA (van abajo)\",\"A - QUE PASA (al costado)\",\"TECNO\"],\"inLanguage\":\"es\",\"potentialAction\":[{\"@type\":\"CommentAction\",\"name\":\"Comment\",\"target\":[\"https:\\\/\\\/diariotextual.com\\\/inicio\\\/index.php\\\/2018\\\/06\\\/14\\\/aborto-los-memes-tuits-la-pampa-cambio-la-votacion\\\/#respond\"]}]},{\"@type\":\"WebPage\",\"@id\":\"https:\\\/\\\/diariotextual.com\\\/inicio\\\/index.php\\\/2018\\\/06\\\/14\\\/aborto-los-memes-tuits-la-pampa-cambio-la-votacion\\\/\",\"url\":\"https:\\\/\\\/diariotextual.com\\\/inicio\\\/index.php\\\/2018\\\/06\\\/14\\\/aborto-los-memes-tuits-la-pampa-cambio-la-votacion\\\/\",\"name\":\"Aborto: los memes y tuits sobre La Pampa y el cambio en la votaci\u00f3n - Diario Textual\",\"isPartOf\":{\"@id\":\"https:\\\/\\\/diariotextual.com\\\/inicio\\\/#website\"},\"primaryImageOfPage\":{\"@id\":\"https:\\\/\\\/diariotextual.com\\\/inicio\\\/index.php\\\/2018\\\/06\\\/14\\\/aborto-los-memes-tuits-la-pampa-cambio-la-votacion\\\/#primaryimage\"},\"image\":{\"@id\":\"https:\\\/\\\/diariotextual.com\\\/inicio\\\/index.php\\\/2018\\\/06\\\/14\\\/aborto-los-memes-tuits-la-pampa-cambio-la-votacion\\\/#primaryimage\"},\"thumbnailUrl\":\"https:\\\/\\\/diariotextual.com\\\/inicio\\\/wp-content\\\/uploads\\\/2018\\\/06\\\/memevotacionaborto-2.jpg\",\"datePublished\":\"2018-06-14T13:25:29+00:00\",\"dateModified\":\"2018-06-14T18:28:09+00:00\",\"breadcrumb\":{\"@id\":\"https:\\\/\\\/diariotextual.com\\\/inicio\\\/index.php\\\/2018\\\/06\\\/14\\\/aborto-los-memes-tuits-la-pampa-cambio-la-votacion\\\/#breadcrumb\"},\"inLanguage\":\"es\",\"potentialAction\":[{\"@type\":\"ReadAction\",\"target\":[\"https:\\\/\\\/diariotextual.com\\\/inicio\\\/index.php\\\/2018\\\/06\\\/14\\\/aborto-los-memes-tuits-la-pampa-cambio-la-votacion\\\/\"]}]},{\"@type\":\"ImageObject\",\"inLanguage\":\"es\",\"@id\":\"https:\\\/\\\/diariotextual.com\\\/inicio\\\/index.php\\\/2018\\\/06\\\/14\\\/aborto-los-memes-tuits-la-pampa-cambio-la-votacion\\\/#primaryimage\",\"url\":\"https:\\\/\\\/diariotextual.com\\\/inicio\\\/wp-content\\\/uploads\\\/2018\\\/06\\\/memevotacionaborto-2.jpg\",\"contentUrl\":\"https:\\\/\\\/diariotextual.com\\\/inicio\\\/wp-content\\\/uploads\\\/2018\\\/06\\\/memevotacionaborto-2.jpg\",\"width\":899,\"height\":476},{\"@type\":\"BreadcrumbList\",\"@id\":\"https:\\\/\\\/diariotextual.com\\\/inicio\\\/index.php\\\/2018\\\/06\\\/14\\\/aborto-los-memes-tuits-la-pampa-cambio-la-votacion\\\/#breadcrumb\",\"itemListElement\":[{\"@type\":\"ListItem\",\"position\":1,\"name\":\"Portada\",\"item\":\"https:\\\/\\\/diariotextual.com\\\/inicio\\\/\"},{\"@type\":\"ListItem\",\"position\":2,\"name\":\"Aborto: los memes y tuits sobre La Pampa y el cambio en la votaci\u00f3n\"}]},{\"@type\":\"WebSite\",\"@id\":\"https:\\\/\\\/diariotextual.com\\\/inicio\\\/#website\",\"url\":\"https:\\\/\\\/diariotextual.com\\\/inicio\\\/\",\"name\":\"Diario Textual\",\"description\":\"\",\"publisher\":{\"@id\":\"https:\\\/\\\/diariotextual.com\\\/inicio\\\/#organization\"},\"potentialAction\":[{\"@type\":\"SearchAction\",\"target\":{\"@type\":\"EntryPoint\",\"urlTemplate\":\"https:\\\/\\\/diariotextual.com\\\/inicio\\\/?s={search_term_string}\"},\"query-input\":{\"@type\":\"PropertyValueSpecification\",\"valueRequired\":true,\"valueName\":\"search_term_string\"}}],\"inLanguage\":\"es\"},{\"@type\":\"Organization\",\"@id\":\"https:\\\/\\\/diariotextual.com\\\/inicio\\\/#organization\",\"name\":\"Diario Textual\",\"url\":\"https:\\\/\\\/diariotextual.com\\\/inicio\\\/\",\"logo\":{\"@type\":\"ImageObject\",\"inLanguage\":\"es\",\"@id\":\"https:\\\/\\\/diariotextual.com\\\/inicio\\\/#\\\/schema\\\/logo\\\/image\\\/\",\"url\":\"https:\\\/\\\/diariotextual.com\\\/inicio\\\/wp-content\\\/uploads\\\/2023\\\/05\\\/logotextual1.jpg\",\"contentUrl\":\"https:\\\/\\\/diariotextual.com\\\/inicio\\\/wp-content\\\/uploads\\\/2023\\\/05\\\/logotextual1.jpg\",\"width\":516,\"height\":76,\"caption\":\"Diario Textual\"},\"image\":{\"@id\":\"https:\\\/\\\/diariotextual.com\\\/inicio\\\/#\\\/schema\\\/logo\\\/image\\\/\"},\"sameAs\":[\"https:\\\/\\\/www.facebook.com\\\/eltextual\",\"https:\\\/\\\/x.com\\\/eltextual\",\"http:\\\/\\\/www.instagram.com\\\/eltextual\"]},{\"@type\":\"Person\",\"@id\":\"https:\\\/\\\/diariotextual.com\\\/inicio\\\/#\\\/schema\\\/person\\\/694f60677f23c4a530867a98f22b3768\",\"name\":\"diario2\",\"image\":{\"@type\":\"ImageObject\",\"inLanguage\":\"es\",\"@id\":\"https:\\\/\\\/secure.gravatar.com\\\/avatar\\\/5a2567495ba16b852fcd8f1ed006a2e24fcace936018ed8237e95f488ad6e0a7?s=96&d=mm&r=g\",\"url\":\"https:\\\/\\\/secure.gravatar.com\\\/avatar\\\/5a2567495ba16b852fcd8f1ed006a2e24fcace936018ed8237e95f488ad6e0a7?s=96&d=mm&r=g\",\"contentUrl\":\"https:\\\/\\\/secure.gravatar.com\\\/avatar\\\/5a2567495ba16b852fcd8f1ed006a2e24fcace936018ed8237e95f488ad6e0a7?s=96&d=mm&r=g\",\"caption\":\"diario2\"},\"url\":\"https:\\\/\\\/diariotextual.com\\\/inicio\\\/index.php\\\/author\\\/diario2\\\/\"}]}<\/script>\n<!-- \/ Yoast SEO plugin. -->","yoast_head_json":{"title":"Aborto: los memes y tuits sobre La Pampa y el cambio en la votaci\u00f3n - Diario Textual","robots":{"index":"index","follow":"follow","max-snippet":"max-snippet:-1","max-image-preview":"max-image-preview:large","max-video-preview":"max-video-preview:-1"},"canonical":"https:\/\/diariotextual.com\/inicio\/index.php\/2018\/06\/14\/aborto-los-memes-tuits-la-pampa-cambio-la-votacion\/","og_locale":"es_ES","og_type":"article","og_title":"Aborto: los memes y tuits sobre La Pampa y el cambio en la votaci\u00f3n - Diario Textual","og_description":"Luego del anuncio en el cambio de la votaci\u00f3n de los diputados pampeanos por la ley del aborto legal, el hashtag La Pampa (#LaPampa) fue tendencia en las redes. Compartimos&hellip;","og_url":"https:\/\/diariotextual.com\/inicio\/index.php\/2018\/06\/14\/aborto-los-memes-tuits-la-pampa-cambio-la-votacion\/","og_site_name":"Diario Textual","article_publisher":"https:\/\/www.facebook.com\/eltextual","article_published_time":"2018-06-14T13:25:29+00:00","article_modified_time":"2018-06-14T18:28:09+00:00","og_image":[{"width":899,"height":476,"url":"https:\/\/diariotextual.com\/inicio\/wp-content\/uploads\/2018\/06\/memevotacionaborto-2.jpg","type":"image\/jpeg"}],"author":"diario2","twitter_card":"summary_large_image","twitter_creator":"@eltextual","twitter_site":"@eltextual","twitter_misc":{"Escrito por":"diario2","Tiempo de lectura":"3 minutos"},"schema":{"@context":"https:\/\/schema.org","@graph":[{"@type":"Article","@id":"https:\/\/diariotextual.com\/inicio\/index.php\/2018\/06\/14\/aborto-los-memes-tuits-la-pampa-cambio-la-votacion\/#article","isPartOf":{"@id":"https:\/\/diariotextual.com\/inicio\/index.php\/2018\/06\/14\/aborto-los-memes-tuits-la-pampa-cambio-la-votacion\/"},"author":{"name":"diario2","@id":"https:\/\/diariotextual.com\/inicio\/#\/schema\/person\/694f60677f23c4a530867a98f22b3768"},"headline":"Aborto: los memes y tuits sobre La Pampa y el cambio en la votaci\u00f3n","datePublished":"2018-06-14T13:25:29+00:00","dateModified":"2018-06-14T18:28:09+00:00","mainEntityOfPage":{"@id":"https:\/\/diariotextual.com\/inicio\/index.php\/2018\/06\/14\/aborto-los-memes-tuits-la-pampa-cambio-la-votacion\/"},"wordCount":589,"commentCount":0,"publisher":{"@id":"https:\/\/diariotextual.com\/inicio\/#organization"},"image":{"@id":"https:\/\/diariotextual.com\/inicio\/index.php\/2018\/06\/14\/aborto-los-memes-tuits-la-pampa-cambio-la-votacion\/#primaryimage"},"thumbnailUrl":"https:\/\/diariotextual.com\/inicio\/wp-content\/uploads\/2018\/06\/memevotacionaborto-2.jpg","articleSection":["A - DESTACADAS (mod 16)","A - ES NOTICIA (van abajo)","A - QUE PASA (al costado)","TECNO"],"inLanguage":"es","potentialAction":[{"@type":"CommentAction","name":"Comment","target":["https:\/\/diariotextual.com\/inicio\/index.php\/2018\/06\/14\/aborto-los-memes-tuits-la-pampa-cambio-la-votacion\/#respond"]}]},{"@type":"WebPage","@id":"https:\/\/diariotextual.com\/inicio\/index.php\/2018\/06\/14\/aborto-los-memes-tuits-la-pampa-cambio-la-votacion\/","url":"https:\/\/diariotextual.com\/inicio\/index.php\/2018\/06\/14\/aborto-los-memes-tuits-la-pampa-cambio-la-votacion\/","name":"Aborto: los memes y tuits sobre La Pampa y el cambio en la votaci\u00f3n - Diario Textual","isPartOf":{"@id":"https:\/\/diariotextual.com\/inicio\/#website"},"primaryImageOfPage":{"@id":"https:\/\/diariotextual.com\/inicio\/index.php\/2018\/06\/14\/aborto-los-memes-tuits-la-pampa-cambio-la-votacion\/#primaryimage"},"image":{"@id":"https:\/\/diariotextual.com\/inicio\/index.php\/2018\/06\/14\/aborto-los-memes-tuits-la-pampa-cambio-la-votacion\/#primaryimage"},"thumbnailUrl":"https:\/\/diariotextual.com\/inicio\/wp-content\/uploads\/2018\/06\/memevotacionaborto-2.jpg","datePublished":"2018-06-14T13:25:29+00:00","dateModified":"2018-06-14T18:28:09+00:00","breadcrumb":{"@id":"https:\/\/diariotextual.com\/inicio\/index.php\/2018\/06\/14\/aborto-los-memes-tuits-la-pampa-cambio-la-votacion\/#breadcrumb"},"inLanguage":"es","potentialAction":[{"@type":"ReadAction","target":["https:\/\/diariotextual.com\/inicio\/index.php\/2018\/06\/14\/aborto-los-memes-tuits-la-pampa-cambio-la-votacion\/"]}]},{"@type":"ImageObject","inLanguage":"es","@id":"https:\/\/diariotextual.com\/inicio\/index.php\/2018\/06\/14\/aborto-los-memes-tuits-la-pampa-cambio-la-votacion\/#primaryimage","url":"https:\/\/diariotextual.com\/inicio\/wp-content\/uploads\/2018\/06\/memevotacionaborto-2.jpg","contentUrl":"https:\/\/diariotextual.com\/inicio\/wp-content\/uploads\/2018\/06\/memevotacionaborto-2.jpg","width":899,"height":476},{"@type":"BreadcrumbList","@id":"https:\/\/diariotextual.com\/inicio\/index.php\/2018\/06\/14\/aborto-los-memes-tuits-la-pampa-cambio-la-votacion\/#breadcrumb","itemListElement":[{"@type":"ListItem","position":1,"name":"Portada","item":"https:\/\/diariotextual.com\/inicio\/"},{"@type":"ListItem","position":2,"name":"Aborto: los memes y tuits sobre La Pampa y el cambio en la votaci\u00f3n"}]},{"@type":"WebSite","@id":"https:\/\/diariotextual.com\/inicio\/#website","url":"https:\/\/diariotextual.com\/inicio\/","name":"Diario Textual","description":"","publisher":{"@id":"https:\/\/diariotextual.com\/inicio\/#organization"},"potentialAction":[{"@type":"SearchAction","target":{"@type":"EntryPoint","urlTemplate":"https:\/\/diariotextual.com\/inicio\/?s={search_term_string}"},"query-input":{"@type":"PropertyValueSpecification","valueRequired":true,"valueName":"search_term_string"}}],"inLanguage":"es"},{"@type":"Organization","@id":"https:\/\/diariotextual.com\/inicio\/#organization","name":"Diario Textual","url":"https:\/\/diariotextual.com\/inicio\/","logo":{"@type":"ImageObject","inLanguage":"es","@id":"https:\/\/diariotextual.com\/inicio\/#\/schema\/logo\/image\/","url":"https:\/\/diariotextual.com\/inicio\/wp-content\/uploads\/2023\/05\/logotextual1.jpg","contentUrl":"https:\/\/diariotextual.com\/inicio\/wp-content\/uploads\/2023\/05\/logotextual1.jpg","width":516,"height":76,"caption":"Diario Textual"},"image":{"@id":"https:\/\/diariotextual.com\/inicio\/#\/schema\/logo\/image\/"},"sameAs":["https:\/\/www.facebook.com\/eltextual","https:\/\/x.com\/eltextual","http:\/\/www.instagram.com\/eltextual"]},{"@type":"Person","@id":"https:\/\/diariotextual.com\/inicio\/#\/schema\/person\/694f60677f23c4a530867a98f22b3768","name":"diario2","image":{"@type":"ImageObject","inLanguage":"es","@id":"https:\/\/secure.gravatar.com\/avatar\/5a2567495ba16b852fcd8f1ed006a2e24fcace936018ed8237e95f488ad6e0a7?s=96&d=mm&r=g","url":"https:\/\/secure.gravatar.com\/avatar\/5a2567495ba16b852fcd8f1ed006a2e24fcace936018ed8237e95f488ad6e0a7?s=96&d=mm&r=g","contentUrl":"https:\/\/secure.gravatar.com\/avatar\/5a2567495ba16b852fcd8f1ed006a2e24fcace936018ed8237e95f488ad6e0a7?s=96&d=mm&r=g","caption":"diario2"},"url":"https:\/\/diariotextual.com\/inicio\/index.php\/author\/diario2\/"}]}},"_links":{"self":[{"href":"https:\/\/diariotextual.com\/inicio\/index.php\/wp-json\/wp\/v2\/posts\/10531","targetHints":{"allow":["GET"]}}],"collection":[{"href":"https:\/\/diariotextual.com\/inicio\/index.php\/wp-json\/wp\/v2\/posts"}],"about":[{"href":"https:\/\/diariotextual.com\/inicio\/index.php\/wp-json\/wp\/v2\/types\/post"}],"author":[{"embeddable":true,"href":"https:\/\/diariotextual.com\/inicio\/index.php\/wp-json\/wp\/v2\/users\/4"}],"replies":[{"embeddable":true,"href":"https:\/\/diariotextual.com\/inicio\/index.php\/wp-json\/wp\/v2\/comments?post=10531"}],"version-history":[{"count":10,"href":"https:\/\/diariotextual.com\/inicio\/index.php\/wp-json\/wp\/v2\/posts\/10531\/revisions"}],"predecessor-version":[{"id":10619,"href":"https:\/\/diariotextual.com\/inicio\/index.php\/wp-json\/wp\/v2\/posts\/10531\/revisions\/10619"}],"wp:featuredmedia":[{"embeddable":true,"href":"https:\/\/diariotextual.com\/inicio\/index.php\/wp-json\/wp\/v2\/media\/10533"}],"wp:attachment":[{"href":"https:\/\/diariotextual.com\/inicio\/index.php\/wp-json\/wp\/v2\/media?parent=10531"}],"wp:term":[{"taxonomy":"category","embeddable":true,"href":"https:\/\/diariotextual.com\/inicio\/index.php\/wp-json\/wp\/v2\/categories?post=10531"},{"taxonomy":"post_tag","embeddable":true,"href":"https:\/\/diariotextual.com\/inicio\/index.php\/wp-json\/wp\/v2\/tags?post=10531"}],"curies":[{"name":"wp","href":"https:\/\/api.w.org\/{rel}","templated":true}]}}