{"id":105325,"date":"2020-08-06T10:32:09","date_gmt":"2020-08-06T13:32:09","guid":{"rendered":"http:\/\/diariotextual.com\/inicio\/?p=105325"},"modified":"2020-08-06T12:50:06","modified_gmt":"2020-08-06T15:50:06","slug":"ubican-a-puelches-y-a-rancul-entre-los-pueblos-mas-bonitos-del-pais","status":"publish","type":"post","link":"https:\/\/diariotextual.com\/inicio\/index.php\/2020\/08\/06\/ubican-a-puelches-y-a-rancul-entre-los-pueblos-mas-bonitos-del-pais\/","title":{"rendered":"Ubican a Puelches y a Rancul  entre los pueblos m\u00e1s bonitos del pa\u00eds"},"content":{"rendered":"\n<p>El sitio de viajes<strong> Ilusi\u00f3n Viajera<\/strong> elabor\u00f3 un curioso r\u00e1nking y ubic\u00f3 a dos pueblos de La Pampa, <strong>Puelches y Rancul<\/strong>, entre<strong> las treinta localidades m\u00e1s \u201cbonitas\u201d del pa\u00eds<\/strong>, en una gu\u00eda de los lugares que tienen su encanto para los turistas viajeros.<\/p>\n\n\n\n<p>En la gu\u00eda aparecen algunos sitios m\u00e1s conocidos y famosos y otros bastante ignorados y peque\u00f1os. La subsecretaria de Planificaci\u00f3n en Turismo, Laura Davini, comparti\u00f3 el particular ranking en sus redes sociales y destac\u00f3 que se haya seleccionado a dos pueblos pampeanos. <\/p>\n\n\n\n<p>\u201cTodos tienen su atractivo, todos tienen sus secretos y sus bellezas ocultas, pero lo que s\u00ed tienen todos es la calidez de su gente, la variedad de sus climas y la calidad de sus recursos naturales. Visitar Argentina es saber, que es posible tener el jard\u00edn del Ed\u00e9n en un solo pa\u00eds\u201d, se\u00f1al\u00f3 el sitio.<\/p>\n\n\n\n<p><strong>En la lista aparecen La Cumbrecita, Villa General Belgrano, Capilla del Monte, Tolhuin (Tierra del Fuego), Famatina (La Rioja), Las Grutas, El Bols\u00f3n, Antofagasta, Los Altares, Gaiman (Chubut), Tafi del Valle, Uspallata, Purmamarca, Yavi e Iruya. Tambi\u00e9n Villa Pehuenia, Villa la Angostura, Caviahue-Copahue, San Mart\u00edn de los Andes, Chalt\u00e9n, Colonia Wanda , San Ignacio, Caril\u00f3, Villa Gesell, Carhue, San Francisco del Monte de Oro, La Carolina (San Luis) y Calingasta (San Juan).<\/strong><\/p>\n\n\n\n<p>En cuanto a los pueblos pampeanos, explic\u00f3 que Rancul est\u00e1 ubicado junto a la ruta nacional N\u00b0 188 y que es pueblo natal del gran cantautor hispano-argentino Alberto Cortez. Se\u00f1al\u00f3 que es un pueblo t\u00edpico de la Pampa Argentina. Sus casas bajas, sus amplias calles y la calidez de sus habitantes hacen de este pueblito el lugar ideal para descansar y estar en contacto con la naturaleza. Su nombre proviene del t\u00e9rmino araucano \u201crancul\u201d que significa carrizo (una especie de ca\u00f1a abundante en la zona) y de la que dio nombre tambi\u00e9n a las tribus aut\u00f3ctonas de \u00abRanqueles\u201d. El 15 de mayo de 1945 comienza a llamarse oficialmente Rancul.<\/p>\n\n\n\n<p>\u201c<strong>Su ubicaci\u00f3n en los montes pampeanos lo hacen uno de los pueblos m\u00e1s bonitos de Argentina, y un lugar ideal para caminatas y paseos por los campos a caballo<\/strong>. Durante las traves\u00edas podr\u00e1s avistar ciervos, guanacos, \u00f1and\u00faes (avestruz americano), zorros, jabal\u00edes y hasta pumas, (tarea dif\u00edcil por ser un animal sumamente desconfiado)\u201d, indic\u00f3 el sitio <a href=\"https:\/\/www.ilusionviajera.com\/\" target=\"_blank\" rel=\"noreferrer noopener\"><code>Ilusi\u00f3n Viajera<\/code>.<\/a><\/p>\n\n\n\n<p>Las actividades principales de los lugare\u00f1os son las tareas agr\u00edcolas ganaderas y actualmente se est\u00e1 desarrollando el turismo. Puedes visitar la iglesia San Jos\u00e9, una bella construcci\u00f3n de ladrillo vista con un campanario central con forma de mirador. El pueblo cuenta con una escuela de box, un club de caza, un Instituto Agro t\u00e9cnico y una buena infraestructura tur\u00edstica.<\/p>\n\n\n\n<p>En diciembre se festeja la Fiesta Provincial del Hachero ya que lleg\u00f3 a tener 200 familias dedicadas a esta sacrificada profesi\u00f3n. En la Posada de Campo \u201cMam\u00fcll Map\u00fa\u201d que cuenta con todas las comodidades con vista al campo, WiFi, juegos para ni\u00f1os, castillos inflables y camas el\u00e1sticas podr\u00e1s disfrutar de una estad\u00eda en la aut\u00e9ntica pampa argentina. Visitar Rancul, es una de las mejores cosas que hacer en Argentina.<\/p>\n\n\n\n<p>En cuanto a Puelches, remarc\u00f3 que <strong>el Instituto Geogr\u00e1fico Militar del Ej\u00e9rcito Argentino determin\u00f3 el lugar como el centro geogr\u00e1fico argentino y est\u00e1 se\u00f1alizado con un monolito que lo indica<\/strong>. \u201cSe trata de un pintoresco pueblo argentino de 600 habitantes con una excelente zona productiva (especialmente ganado), pero con tres industrias en el lugar, la producci\u00f3n de sal mueve la econom\u00eda del pueblo\u201d, precis\u00f3.<\/p>\n\n\n\n<p>\u201c<strong>En un bello paraje de peque\u00f1as sierras y rodeado por tres lagunas (La Amarga, Urre Lauqu\u00e9n y La Dulce), que su nutren del r\u00edo Chadileuv\u00fa, posee ricos salitrales. Adem\u00e1s, se explota el cobre y el yeso en sus alrededores. Posee una Capilla Museo que fue construida con elementos t\u00edpicos de la zona, piedra y barro que conserva su forma original. Si quieres hacer un viaje al centro de la Rep\u00fablica Argentina debes visitar Puelches<\/strong>\u201d, complet\u00f3.<\/p>\n\n\n\n<p>Adem\u00e1s se\u00f1al\u00f3 como lugares que visitar en Puelches imprescindibles a los siguientes:<\/p>\n\n\n\n<p>\u2022 El Parque Nacional Lihu\u00e9 Calel: Se encuentra a 30 kil\u00f3metros del pueblo y fue creado en 1977 para preservar la biodiversidad de la sierra, que posee un clima particular.<\/p>\n\n\n\n<p>\u2022 La Laguna Dulce: Es un excelente balneario y se puede practicar pesca deportiva adem\u00e1s de tener un bello paisaje.<\/p>\n\n\n\n<p>\u2022 Laguna La Amarga: Tambi\u00e9n rodeada de un hermoso paisaje sus aguas son cristalinas y saladas.<\/p>\n\n\n\n<p>\u2022 Laguna Urre Lauquen: Con aguas saladas es la laguna m\u00e1s grande de la Provincia de La Pampa.<\/p>\n\n\n\n<p>\u2022 Practicar ciclismo: Posee varios circuitos: Variante Off-Road Intermedia 19,87 kil\u00f3metros (modalidad- moderado), Circuito Aer\u00f3bico extenso: 7,32 kil\u00f3metros (modalidad- f\u00e1cil) y Puente peatonal-TIB: 0,44 kil\u00f3metros (modalidad- f\u00e1cil).<\/p>\n\n\n\n<p>\u2022 Rutas de Senderismo: Ca\u00f1ad\u00f3n: 2,44 kil\u00f3metros (muy dif\u00edcil), Laguna Seca: 5,28 kil\u00f3metros (moderado), Transecto: 1,21 kil\u00f3metros (moderado), Circuito Aer\u00f3bico corto 4,15 kil\u00f3metros (f\u00e1cil) y Boulevard Puelches: 1,97 kil\u00f3metros (f\u00e1cil).<\/p>\n","protected":false},"excerpt":{"rendered":"<p>El sitio de viajes Ilusi\u00f3n Viajera elabor\u00f3 un curioso r\u00e1nking y ubic\u00f3 a dos pueblos de La Pampa, Puelches y Rancul, entre las treinta localidades m\u00e1s \u201cbonitas\u201d del pa\u00eds, en&hellip;<\/p>\n","protected":false},"author":3,"featured_media":105326,"comment_status":"closed","ping_status":"open","sticky":false,"template":"","format":"standard","meta":{"_acf_changed":false,"footnotes":""},"categories":[1,11,12],"tags":[2821],"class_list":["post-105325","post","type-post","status-publish","format-standard","has-post-thumbnail","hentry","category-es-noticia","category-que-pasa","category-sociedad","tag-puelches"],"acf":[],"yoast_head":"<!-- This site is optimized with the Yoast SEO plugin v27.4 - https:\/\/yoast.com\/product\/yoast-seo-wordpress\/ -->\n<title>Ubican a Puelches y a Rancul entre los pueblos m\u00e1s bonitos del pa\u00eds - Diario Textual<\/title>\n<meta name=\"robots\" content=\"index, follow, max-snippet:-1, max-image-preview:large, max-video-preview:-1\" \/>\n<link rel=\"canonical\" href=\"https:\/\/diariotextual.com\/inicio\/index.php\/2020\/08\/06\/ubican-a-puelches-y-a-rancul-entre-los-pueblos-mas-bonitos-del-pais\/\" \/>\n<meta property=\"og:locale\" content=\"es_ES\" \/>\n<meta property=\"og:type\" content=\"article\" \/>\n<meta property=\"og:title\" content=\"Ubican a Puelches y a Rancul entre los pueblos m\u00e1s bonitos del pa\u00eds - Diario Textual\" \/>\n<meta property=\"og:description\" content=\"El sitio de viajes Ilusi\u00f3n Viajera elabor\u00f3 un curioso r\u00e1nking y ubic\u00f3 a dos pueblos de La Pampa, Puelches y Rancul, entre las treinta localidades m\u00e1s \u201cbonitas\u201d del pa\u00eds, en&hellip;\" \/>\n<meta property=\"og:url\" content=\"https:\/\/diariotextual.com\/inicio\/index.php\/2020\/08\/06\/ubican-a-puelches-y-a-rancul-entre-los-pueblos-mas-bonitos-del-pais\/\" \/>\n<meta property=\"og:site_name\" content=\"Diario Textual\" \/>\n<meta property=\"article:publisher\" content=\"https:\/\/www.facebook.com\/eltextual\" \/>\n<meta property=\"article:published_time\" content=\"2020-08-06T13:32:09+00:00\" \/>\n<meta property=\"article:modified_time\" content=\"2020-08-06T15:50:06+00:00\" \/>\n<meta property=\"og:image\" content=\"https:\/\/diariotextual.com\/inicio\/wp-content\/uploads\/2020\/08\/puelches77.jpg\" \/>\n\t<meta property=\"og:image:width\" content=\"750\" \/>\n\t<meta property=\"og:image:height\" content=\"530\" \/>\n\t<meta property=\"og:image:type\" content=\"image\/jpeg\" \/>\n<meta name=\"author\" content=\"Diario1 Diario1\" \/>\n<meta name=\"twitter:card\" content=\"summary_large_image\" \/>\n<meta name=\"twitter:creator\" content=\"@eltextual\" \/>\n<meta name=\"twitter:site\" content=\"@eltextual\" \/>\n<meta name=\"twitter:label1\" content=\"Escrito por\" \/>\n\t<meta name=\"twitter:data1\" content=\"Diario1 Diario1\" \/>\n\t<meta name=\"twitter:label2\" content=\"Tiempo de lectura\" \/>\n\t<meta name=\"twitter:data2\" content=\"4 minutos\" \/>\n<script type=\"application\/ld+json\" class=\"yoast-schema-graph\">{\"@context\":\"https:\\\/\\\/schema.org\",\"@graph\":[{\"@type\":\"Article\",\"@id\":\"https:\\\/\\\/diariotextual.com\\\/inicio\\\/index.php\\\/2020\\\/08\\\/06\\\/ubican-a-puelches-y-a-rancul-entre-los-pueblos-mas-bonitos-del-pais\\\/#article\",\"isPartOf\":{\"@id\":\"https:\\\/\\\/diariotextual.com\\\/inicio\\\/index.php\\\/2020\\\/08\\\/06\\\/ubican-a-puelches-y-a-rancul-entre-los-pueblos-mas-bonitos-del-pais\\\/\"},\"author\":{\"name\":\"Diario1 Diario1\",\"@id\":\"https:\\\/\\\/diariotextual.com\\\/inicio\\\/#\\\/schema\\\/person\\\/418fc4093c33e86ed41562db3508f958\"},\"headline\":\"Ubican a Puelches y a Rancul entre los pueblos m\u00e1s bonitos del pa\u00eds\",\"datePublished\":\"2020-08-06T13:32:09+00:00\",\"dateModified\":\"2020-08-06T15:50:06+00:00\",\"mainEntityOfPage\":{\"@id\":\"https:\\\/\\\/diariotextual.com\\\/inicio\\\/index.php\\\/2020\\\/08\\\/06\\\/ubican-a-puelches-y-a-rancul-entre-los-pueblos-mas-bonitos-del-pais\\\/\"},\"wordCount\":866,\"publisher\":{\"@id\":\"https:\\\/\\\/diariotextual.com\\\/inicio\\\/#organization\"},\"image\":{\"@id\":\"https:\\\/\\\/diariotextual.com\\\/inicio\\\/index.php\\\/2020\\\/08\\\/06\\\/ubican-a-puelches-y-a-rancul-entre-los-pueblos-mas-bonitos-del-pais\\\/#primaryimage\"},\"thumbnailUrl\":\"https:\\\/\\\/diariotextual.com\\\/inicio\\\/wp-content\\\/uploads\\\/2020\\\/08\\\/puelches77.jpg\",\"keywords\":[\"puelches\"],\"articleSection\":[\"A - ES NOTICIA (van abajo)\",\"A - QUE PASA (al costado)\",\"SOCIEDAD\"],\"inLanguage\":\"es\"},{\"@type\":\"WebPage\",\"@id\":\"https:\\\/\\\/diariotextual.com\\\/inicio\\\/index.php\\\/2020\\\/08\\\/06\\\/ubican-a-puelches-y-a-rancul-entre-los-pueblos-mas-bonitos-del-pais\\\/\",\"url\":\"https:\\\/\\\/diariotextual.com\\\/inicio\\\/index.php\\\/2020\\\/08\\\/06\\\/ubican-a-puelches-y-a-rancul-entre-los-pueblos-mas-bonitos-del-pais\\\/\",\"name\":\"Ubican a Puelches y a Rancul entre los pueblos m\u00e1s bonitos del pa\u00eds - Diario Textual\",\"isPartOf\":{\"@id\":\"https:\\\/\\\/diariotextual.com\\\/inicio\\\/#website\"},\"primaryImageOfPage\":{\"@id\":\"https:\\\/\\\/diariotextual.com\\\/inicio\\\/index.php\\\/2020\\\/08\\\/06\\\/ubican-a-puelches-y-a-rancul-entre-los-pueblos-mas-bonitos-del-pais\\\/#primaryimage\"},\"image\":{\"@id\":\"https:\\\/\\\/diariotextual.com\\\/inicio\\\/index.php\\\/2020\\\/08\\\/06\\\/ubican-a-puelches-y-a-rancul-entre-los-pueblos-mas-bonitos-del-pais\\\/#primaryimage\"},\"thumbnailUrl\":\"https:\\\/\\\/diariotextual.com\\\/inicio\\\/wp-content\\\/uploads\\\/2020\\\/08\\\/puelches77.jpg\",\"datePublished\":\"2020-08-06T13:32:09+00:00\",\"dateModified\":\"2020-08-06T15:50:06+00:00\",\"breadcrumb\":{\"@id\":\"https:\\\/\\\/diariotextual.com\\\/inicio\\\/index.php\\\/2020\\\/08\\\/06\\\/ubican-a-puelches-y-a-rancul-entre-los-pueblos-mas-bonitos-del-pais\\\/#breadcrumb\"},\"inLanguage\":\"es\",\"potentialAction\":[{\"@type\":\"ReadAction\",\"target\":[\"https:\\\/\\\/diariotextual.com\\\/inicio\\\/index.php\\\/2020\\\/08\\\/06\\\/ubican-a-puelches-y-a-rancul-entre-los-pueblos-mas-bonitos-del-pais\\\/\"]}]},{\"@type\":\"ImageObject\",\"inLanguage\":\"es\",\"@id\":\"https:\\\/\\\/diariotextual.com\\\/inicio\\\/index.php\\\/2020\\\/08\\\/06\\\/ubican-a-puelches-y-a-rancul-entre-los-pueblos-mas-bonitos-del-pais\\\/#primaryimage\",\"url\":\"https:\\\/\\\/diariotextual.com\\\/inicio\\\/wp-content\\\/uploads\\\/2020\\\/08\\\/puelches77.jpg\",\"contentUrl\":\"https:\\\/\\\/diariotextual.com\\\/inicio\\\/wp-content\\\/uploads\\\/2020\\\/08\\\/puelches77.jpg\",\"width\":750,\"height\":530},{\"@type\":\"BreadcrumbList\",\"@id\":\"https:\\\/\\\/diariotextual.com\\\/inicio\\\/index.php\\\/2020\\\/08\\\/06\\\/ubican-a-puelches-y-a-rancul-entre-los-pueblos-mas-bonitos-del-pais\\\/#breadcrumb\",\"itemListElement\":[{\"@type\":\"ListItem\",\"position\":1,\"name\":\"Portada\",\"item\":\"https:\\\/\\\/diariotextual.com\\\/inicio\\\/\"},{\"@type\":\"ListItem\",\"position\":2,\"name\":\"Ubican a Puelches y a Rancul entre los pueblos m\u00e1s bonitos del pa\u00eds\"}]},{\"@type\":\"WebSite\",\"@id\":\"https:\\\/\\\/diariotextual.com\\\/inicio\\\/#website\",\"url\":\"https:\\\/\\\/diariotextual.com\\\/inicio\\\/\",\"name\":\"Diario Textual\",\"description\":\"\",\"publisher\":{\"@id\":\"https:\\\/\\\/diariotextual.com\\\/inicio\\\/#organization\"},\"potentialAction\":[{\"@type\":\"SearchAction\",\"target\":{\"@type\":\"EntryPoint\",\"urlTemplate\":\"https:\\\/\\\/diariotextual.com\\\/inicio\\\/?s={search_term_string}\"},\"query-input\":{\"@type\":\"PropertyValueSpecification\",\"valueRequired\":true,\"valueName\":\"search_term_string\"}}],\"inLanguage\":\"es\"},{\"@type\":\"Organization\",\"@id\":\"https:\\\/\\\/diariotextual.com\\\/inicio\\\/#organization\",\"name\":\"Diario Textual\",\"url\":\"https:\\\/\\\/diariotextual.com\\\/inicio\\\/\",\"logo\":{\"@type\":\"ImageObject\",\"inLanguage\":\"es\",\"@id\":\"https:\\\/\\\/diariotextual.com\\\/inicio\\\/#\\\/schema\\\/logo\\\/image\\\/\",\"url\":\"https:\\\/\\\/diariotextual.com\\\/inicio\\\/wp-content\\\/uploads\\\/2023\\\/05\\\/logotextual1.jpg\",\"contentUrl\":\"https:\\\/\\\/diariotextual.com\\\/inicio\\\/wp-content\\\/uploads\\\/2023\\\/05\\\/logotextual1.jpg\",\"width\":516,\"height\":76,\"caption\":\"Diario Textual\"},\"image\":{\"@id\":\"https:\\\/\\\/diariotextual.com\\\/inicio\\\/#\\\/schema\\\/logo\\\/image\\\/\"},\"sameAs\":[\"https:\\\/\\\/www.facebook.com\\\/eltextual\",\"https:\\\/\\\/x.com\\\/eltextual\",\"http:\\\/\\\/www.instagram.com\\\/eltextual\"]},{\"@type\":\"Person\",\"@id\":\"https:\\\/\\\/diariotextual.com\\\/inicio\\\/#\\\/schema\\\/person\\\/418fc4093c33e86ed41562db3508f958\",\"name\":\"Diario1 Diario1\",\"image\":{\"@type\":\"ImageObject\",\"inLanguage\":\"es\",\"@id\":\"https:\\\/\\\/secure.gravatar.com\\\/avatar\\\/9167d280179c85bc18be67aa7eda765854300033af4896dd779b608640f2ef7a?s=96&d=mm&r=g\",\"url\":\"https:\\\/\\\/secure.gravatar.com\\\/avatar\\\/9167d280179c85bc18be67aa7eda765854300033af4896dd779b608640f2ef7a?s=96&d=mm&r=g\",\"contentUrl\":\"https:\\\/\\\/secure.gravatar.com\\\/avatar\\\/9167d280179c85bc18be67aa7eda765854300033af4896dd779b608640f2ef7a?s=96&d=mm&r=g\",\"caption\":\"Diario1 Diario1\"},\"url\":\"https:\\\/\\\/diariotextual.com\\\/inicio\\\/index.php\\\/author\\\/diario1\\\/\"}]}<\/script>\n<!-- \/ Yoast SEO plugin. -->","yoast_head_json":{"title":"Ubican a Puelches y a Rancul entre los pueblos m\u00e1s bonitos del pa\u00eds - Diario Textual","robots":{"index":"index","follow":"follow","max-snippet":"max-snippet:-1","max-image-preview":"max-image-preview:large","max-video-preview":"max-video-preview:-1"},"canonical":"https:\/\/diariotextual.com\/inicio\/index.php\/2020\/08\/06\/ubican-a-puelches-y-a-rancul-entre-los-pueblos-mas-bonitos-del-pais\/","og_locale":"es_ES","og_type":"article","og_title":"Ubican a Puelches y a Rancul entre los pueblos m\u00e1s bonitos del pa\u00eds - Diario Textual","og_description":"El sitio de viajes Ilusi\u00f3n Viajera elabor\u00f3 un curioso r\u00e1nking y ubic\u00f3 a dos pueblos de La Pampa, Puelches y Rancul, entre las treinta localidades m\u00e1s \u201cbonitas\u201d del pa\u00eds, en&hellip;","og_url":"https:\/\/diariotextual.com\/inicio\/index.php\/2020\/08\/06\/ubican-a-puelches-y-a-rancul-entre-los-pueblos-mas-bonitos-del-pais\/","og_site_name":"Diario Textual","article_publisher":"https:\/\/www.facebook.com\/eltextual","article_published_time":"2020-08-06T13:32:09+00:00","article_modified_time":"2020-08-06T15:50:06+00:00","og_image":[{"width":750,"height":530,"url":"https:\/\/diariotextual.com\/inicio\/wp-content\/uploads\/2020\/08\/puelches77.jpg","type":"image\/jpeg"}],"author":"Diario1 Diario1","twitter_card":"summary_large_image","twitter_creator":"@eltextual","twitter_site":"@eltextual","twitter_misc":{"Escrito por":"Diario1 Diario1","Tiempo de lectura":"4 minutos"},"schema":{"@context":"https:\/\/schema.org","@graph":[{"@type":"Article","@id":"https:\/\/diariotextual.com\/inicio\/index.php\/2020\/08\/06\/ubican-a-puelches-y-a-rancul-entre-los-pueblos-mas-bonitos-del-pais\/#article","isPartOf":{"@id":"https:\/\/diariotextual.com\/inicio\/index.php\/2020\/08\/06\/ubican-a-puelches-y-a-rancul-entre-los-pueblos-mas-bonitos-del-pais\/"},"author":{"name":"Diario1 Diario1","@id":"https:\/\/diariotextual.com\/inicio\/#\/schema\/person\/418fc4093c33e86ed41562db3508f958"},"headline":"Ubican a Puelches y a Rancul entre los pueblos m\u00e1s bonitos del pa\u00eds","datePublished":"2020-08-06T13:32:09+00:00","dateModified":"2020-08-06T15:50:06+00:00","mainEntityOfPage":{"@id":"https:\/\/diariotextual.com\/inicio\/index.php\/2020\/08\/06\/ubican-a-puelches-y-a-rancul-entre-los-pueblos-mas-bonitos-del-pais\/"},"wordCount":866,"publisher":{"@id":"https:\/\/diariotextual.com\/inicio\/#organization"},"image":{"@id":"https:\/\/diariotextual.com\/inicio\/index.php\/2020\/08\/06\/ubican-a-puelches-y-a-rancul-entre-los-pueblos-mas-bonitos-del-pais\/#primaryimage"},"thumbnailUrl":"https:\/\/diariotextual.com\/inicio\/wp-content\/uploads\/2020\/08\/puelches77.jpg","keywords":["puelches"],"articleSection":["A - ES NOTICIA (van abajo)","A - QUE PASA (al costado)","SOCIEDAD"],"inLanguage":"es"},{"@type":"WebPage","@id":"https:\/\/diariotextual.com\/inicio\/index.php\/2020\/08\/06\/ubican-a-puelches-y-a-rancul-entre-los-pueblos-mas-bonitos-del-pais\/","url":"https:\/\/diariotextual.com\/inicio\/index.php\/2020\/08\/06\/ubican-a-puelches-y-a-rancul-entre-los-pueblos-mas-bonitos-del-pais\/","name":"Ubican a Puelches y a Rancul entre los pueblos m\u00e1s bonitos del pa\u00eds - Diario Textual","isPartOf":{"@id":"https:\/\/diariotextual.com\/inicio\/#website"},"primaryImageOfPage":{"@id":"https:\/\/diariotextual.com\/inicio\/index.php\/2020\/08\/06\/ubican-a-puelches-y-a-rancul-entre-los-pueblos-mas-bonitos-del-pais\/#primaryimage"},"image":{"@id":"https:\/\/diariotextual.com\/inicio\/index.php\/2020\/08\/06\/ubican-a-puelches-y-a-rancul-entre-los-pueblos-mas-bonitos-del-pais\/#primaryimage"},"thumbnailUrl":"https:\/\/diariotextual.com\/inicio\/wp-content\/uploads\/2020\/08\/puelches77.jpg","datePublished":"2020-08-06T13:32:09+00:00","dateModified":"2020-08-06T15:50:06+00:00","breadcrumb":{"@id":"https:\/\/diariotextual.com\/inicio\/index.php\/2020\/08\/06\/ubican-a-puelches-y-a-rancul-entre-los-pueblos-mas-bonitos-del-pais\/#breadcrumb"},"inLanguage":"es","potentialAction":[{"@type":"ReadAction","target":["https:\/\/diariotextual.com\/inicio\/index.php\/2020\/08\/06\/ubican-a-puelches-y-a-rancul-entre-los-pueblos-mas-bonitos-del-pais\/"]}]},{"@type":"ImageObject","inLanguage":"es","@id":"https:\/\/diariotextual.com\/inicio\/index.php\/2020\/08\/06\/ubican-a-puelches-y-a-rancul-entre-los-pueblos-mas-bonitos-del-pais\/#primaryimage","url":"https:\/\/diariotextual.com\/inicio\/wp-content\/uploads\/2020\/08\/puelches77.jpg","contentUrl":"https:\/\/diariotextual.com\/inicio\/wp-content\/uploads\/2020\/08\/puelches77.jpg","width":750,"height":530},{"@type":"BreadcrumbList","@id":"https:\/\/diariotextual.com\/inicio\/index.php\/2020\/08\/06\/ubican-a-puelches-y-a-rancul-entre-los-pueblos-mas-bonitos-del-pais\/#breadcrumb","itemListElement":[{"@type":"ListItem","position":1,"name":"Portada","item":"https:\/\/diariotextual.com\/inicio\/"},{"@type":"ListItem","position":2,"name":"Ubican a Puelches y a Rancul entre los pueblos m\u00e1s bonitos del pa\u00eds"}]},{"@type":"WebSite","@id":"https:\/\/diariotextual.com\/inicio\/#website","url":"https:\/\/diariotextual.com\/inicio\/","name":"Diario Textual","description":"","publisher":{"@id":"https:\/\/diariotextual.com\/inicio\/#organization"},"potentialAction":[{"@type":"SearchAction","target":{"@type":"EntryPoint","urlTemplate":"https:\/\/diariotextual.com\/inicio\/?s={search_term_string}"},"query-input":{"@type":"PropertyValueSpecification","valueRequired":true,"valueName":"search_term_string"}}],"inLanguage":"es"},{"@type":"Organization","@id":"https:\/\/diariotextual.com\/inicio\/#organization","name":"Diario Textual","url":"https:\/\/diariotextual.com\/inicio\/","logo":{"@type":"ImageObject","inLanguage":"es","@id":"https:\/\/diariotextual.com\/inicio\/#\/schema\/logo\/image\/","url":"https:\/\/diariotextual.com\/inicio\/wp-content\/uploads\/2023\/05\/logotextual1.jpg","contentUrl":"https:\/\/diariotextual.com\/inicio\/wp-content\/uploads\/2023\/05\/logotextual1.jpg","width":516,"height":76,"caption":"Diario Textual"},"image":{"@id":"https:\/\/diariotextual.com\/inicio\/#\/schema\/logo\/image\/"},"sameAs":["https:\/\/www.facebook.com\/eltextual","https:\/\/x.com\/eltextual","http:\/\/www.instagram.com\/eltextual"]},{"@type":"Person","@id":"https:\/\/diariotextual.com\/inicio\/#\/schema\/person\/418fc4093c33e86ed41562db3508f958","name":"Diario1 Diario1","image":{"@type":"ImageObject","inLanguage":"es","@id":"https:\/\/secure.gravatar.com\/avatar\/9167d280179c85bc18be67aa7eda765854300033af4896dd779b608640f2ef7a?s=96&d=mm&r=g","url":"https:\/\/secure.gravatar.com\/avatar\/9167d280179c85bc18be67aa7eda765854300033af4896dd779b608640f2ef7a?s=96&d=mm&r=g","contentUrl":"https:\/\/secure.gravatar.com\/avatar\/9167d280179c85bc18be67aa7eda765854300033af4896dd779b608640f2ef7a?s=96&d=mm&r=g","caption":"Diario1 Diario1"},"url":"https:\/\/diariotextual.com\/inicio\/index.php\/author\/diario1\/"}]}},"_links":{"self":[{"href":"https:\/\/diariotextual.com\/inicio\/index.php\/wp-json\/wp\/v2\/posts\/105325","targetHints":{"allow":["GET"]}}],"collection":[{"href":"https:\/\/diariotextual.com\/inicio\/index.php\/wp-json\/wp\/v2\/posts"}],"about":[{"href":"https:\/\/diariotextual.com\/inicio\/index.php\/wp-json\/wp\/v2\/types\/post"}],"author":[{"embeddable":true,"href":"https:\/\/diariotextual.com\/inicio\/index.php\/wp-json\/wp\/v2\/users\/3"}],"replies":[{"embeddable":true,"href":"https:\/\/diariotextual.com\/inicio\/index.php\/wp-json\/wp\/v2\/comments?post=105325"}],"version-history":[{"count":5,"href":"https:\/\/diariotextual.com\/inicio\/index.php\/wp-json\/wp\/v2\/posts\/105325\/revisions"}],"predecessor-version":[{"id":105365,"href":"https:\/\/diariotextual.com\/inicio\/index.php\/wp-json\/wp\/v2\/posts\/105325\/revisions\/105365"}],"wp:featuredmedia":[{"embeddable":true,"href":"https:\/\/diariotextual.com\/inicio\/index.php\/wp-json\/wp\/v2\/media\/105326"}],"wp:attachment":[{"href":"https:\/\/diariotextual.com\/inicio\/index.php\/wp-json\/wp\/v2\/media?parent=105325"}],"wp:term":[{"taxonomy":"category","embeddable":true,"href":"https:\/\/diariotextual.com\/inicio\/index.php\/wp-json\/wp\/v2\/categories?post=105325"},{"taxonomy":"post_tag","embeddable":true,"href":"https:\/\/diariotextual.com\/inicio\/index.php\/wp-json\/wp\/v2\/tags?post=105325"}],"curies":[{"name":"wp","href":"https:\/\/api.w.org\/{rel}","templated":true}]}}