{"id":108052,"date":"2020-08-25T16:50:50","date_gmt":"2020-08-25T19:50:50","guid":{"rendered":"http:\/\/diariotextual.com\/inicio\/?p=108052"},"modified":"2020-08-26T08:22:35","modified_gmt":"2020-08-26T11:22:35","slug":"un-trabajador-de-la-salud-de-guatrache-tiene-coronavirus","status":"publish","type":"post","link":"https:\/\/diariotextual.com\/inicio\/index.php\/2020\/08\/25\/un-trabajador-de-la-salud-de-guatrache-tiene-coronavirus\/","title":{"rendered":"Un trabajador de la Salud de Guatrach\u00e9 tiene coronavirus"},"content":{"rendered":"\n<p>El Ministerio de Salud de La Pampa confirm\u00f3 este martes 25 que<strong><a rel=\"noreferrer noopener\" href=\"http:\/\/diariotextual.com\/inicio\/index.php\/2020\/08\/25\/un-hombre-de-96-anos-murio-de-coronavirus-en-pico\/\" target=\"_blank\"> una persona de Pico, de 96 a\u00f1os, falleci\u00f3 con coronavirus<\/a><\/strong> y luego comunic\u00f3 que, tambi\u00e9n, un trabajador de la Salud se contagi\u00f3 de covid.<\/p>\n\n\n\n<p>Salud dijo en un parte de prensa que, en horas de la tarde de este martes, se finaliz\u00f3 con el procesamiento de 37 muestras en los laboratorios de Bacteriolog\u00eda del Hospital Lucio Molas, del Establecimiento Asistencial Gobernador Centeno y de la Direcci\u00f3n de Epidemiologia. \u00abUna de ellas result\u00f3 positiva para Covid-19\u00bb, inform\u00f3.<\/p>\n\n\n\n<p>La persona diagnosticada es un trabajador de salud que se desempe\u00f1a en Santa Rosa y Guatrach\u00e9. Es residente en esta \u00faltima localidad.<\/p>\n\n\n\n<p>Desde la Direcci\u00f3n de Epidemiolog\u00eda se est\u00e1 realizando la investigaci\u00f3n del caso. \u00abAl momento se refieren 5 contactos estrechos pertenecientes a su grupo familiar. Los mismos se encuentran cumpliendo estricto aislamiento\u00bb, se inform\u00f3.<\/p>\n\n\n\n<figure class=\"wp-block-embed-wordpress wp-block-embed is-type-wp-embed is-provider-diario-textual\"><div class=\"wp-block-embed__wrapper\">\n<blockquote class=\"wp-embedded-content\" data-secret=\"R85G8ox2fE\"><a href=\"http:\/\/diariotextual.com\/inicio\/index.php\/2020\/08\/25\/covid-ziliotto-dijo-que-la-muerte-del-abuelo-de-96-anos-se-debio-a-la-irresponsabilidad-en-catrilo\/\">Covid: Ziliotto dijo que la muerte del abuelo de 96 a\u00f1os se debi\u00f3 a la irresponsabilidad en Catril\u00f3<\/a><\/blockquote><iframe class=\"wp-embedded-content\" sandbox=\"allow-scripts\" security=\"restricted\" style=\"position: absolute; clip: rect(1px, 1px, 1px, 1px);\" title=\"\u00abCovid: Ziliotto dijo que la muerte del abuelo de 96 a\u00f1os se debi\u00f3 a la irresponsabilidad en Catril\u00f3\u00bb \u2014 Diario Textual\" src=\"http:\/\/diariotextual.com\/inicio\/index.php\/2020\/08\/25\/covid-ziliotto-dijo-que-la-muerte-del-abuelo-de-96-anos-se-debio-a-la-irresponsabilidad-en-catrilo\/embed\/#?secret=R85G8ox2fE\" data-secret=\"R85G8ox2fE\" width=\"600\" height=\"338\" frameborder=\"0\" marginwidth=\"0\" marginheight=\"0\" scrolling=\"no\"><\/iframe>\n<\/div><\/figure>\n\n\n\n<p>Desde el inicio de la pandemia, en la provincia se registraron un total 189 casos positivos para Covid-19, de los cuales 13 permanecen activos, 1 ha fallecido y 175 se han recuperado.<\/p>\n\n\n\n<p>Entre los recuperados se sumaron un paciente de Realic\u00f3 y 4 de General Pico, que han sido dados de alta.<\/p>\n\n\n\n<p>Los casos confirmados activos est\u00e1n distribuidos de la siguiente manera: 5 en la ciudad de Santa Rosa, 4 en General Pico, 2 en Catril\u00f3, 1 Macach\u00edn y 1 en Guatrach\u00e9.<br><\/p>\n\n\n\n<p>Los contactos estrechos de los casos confirmados son 67 y se encuentran cumpliendo aislamiento estricto.<br><\/p>\n","protected":false},"excerpt":{"rendered":"<p>El Ministerio de Salud de La Pampa confirm\u00f3 este martes 25 que una persona de Pico, de 96 a\u00f1os, falleci\u00f3 con coronavirus y luego comunic\u00f3 que, tambi\u00e9n, un trabajador de&hellip;<\/p>\n","protected":false},"author":3,"featured_media":103979,"comment_status":"closed","ping_status":"open","sticky":false,"template":"","format":"standard","meta":{"_acf_changed":false,"footnotes":""},"categories":[1,12],"tags":[2662],"class_list":["post-108052","post","type-post","status-publish","format-standard","has-post-thumbnail","hentry","category-es-noticia","category-sociedad","tag-coronavirus"],"acf":[],"yoast_head":"<!-- This site is optimized with the Yoast SEO plugin v27.5 - https:\/\/yoast.com\/product\/yoast-seo-wordpress\/ -->\n<title>Un trabajador de la Salud de Guatrach\u00e9 tiene coronavirus - Diario Textual<\/title>\n<meta name=\"robots\" content=\"index, follow, max-snippet:-1, max-image-preview:large, max-video-preview:-1\" \/>\n<link rel=\"canonical\" href=\"https:\/\/diariotextual.com\/inicio\/index.php\/2020\/08\/25\/un-trabajador-de-la-salud-de-guatrache-tiene-coronavirus\/\" \/>\n<meta property=\"og:locale\" content=\"es_ES\" \/>\n<meta property=\"og:type\" content=\"article\" \/>\n<meta property=\"og:title\" content=\"Un trabajador de la Salud de Guatrach\u00e9 tiene coronavirus - Diario Textual\" \/>\n<meta property=\"og:description\" content=\"El Ministerio de Salud de La Pampa confirm\u00f3 este martes 25 que una persona de Pico, de 96 a\u00f1os, falleci\u00f3 con coronavirus y luego comunic\u00f3 que, tambi\u00e9n, un trabajador de&hellip;\" \/>\n<meta property=\"og:url\" content=\"https:\/\/diariotextual.com\/inicio\/index.php\/2020\/08\/25\/un-trabajador-de-la-salud-de-guatrache-tiene-coronavirus\/\" \/>\n<meta property=\"og:site_name\" content=\"Diario Textual\" \/>\n<meta property=\"article:publisher\" content=\"https:\/\/www.facebook.com\/eltextual\" \/>\n<meta property=\"article:published_time\" content=\"2020-08-25T19:50:50+00:00\" \/>\n<meta property=\"article:modified_time\" content=\"2020-08-26T11:22:35+00:00\" \/>\n<meta property=\"og:image\" content=\"https:\/\/diariotextual.com\/inicio\/wp-content\/uploads\/2020\/07\/coronaviruspampabusquedaactiva2020-904.jpg\" \/>\n\t<meta property=\"og:image:width\" content=\"1762\" \/>\n\t<meta property=\"og:image:height\" content=\"1176\" \/>\n\t<meta property=\"og:image:type\" content=\"image\/jpeg\" \/>\n<meta name=\"author\" content=\"Diario1 Diario1\" \/>\n<meta name=\"twitter:card\" content=\"summary_large_image\" \/>\n<meta name=\"twitter:creator\" content=\"@eltextual\" \/>\n<meta name=\"twitter:site\" content=\"@eltextual\" \/>\n<meta name=\"twitter:label1\" content=\"Escrito por\" \/>\n\t<meta name=\"twitter:data1\" content=\"Diario1 Diario1\" \/>\n\t<meta name=\"twitter:label2\" content=\"Tiempo de lectura\" \/>\n\t<meta name=\"twitter:data2\" content=\"1 minuto\" \/>\n<script type=\"application\/ld+json\" class=\"yoast-schema-graph\">{\"@context\":\"https:\\\/\\\/schema.org\",\"@graph\":[{\"@type\":\"Article\",\"@id\":\"https:\\\/\\\/diariotextual.com\\\/inicio\\\/index.php\\\/2020\\\/08\\\/25\\\/un-trabajador-de-la-salud-de-guatrache-tiene-coronavirus\\\/#article\",\"isPartOf\":{\"@id\":\"https:\\\/\\\/diariotextual.com\\\/inicio\\\/index.php\\\/2020\\\/08\\\/25\\\/un-trabajador-de-la-salud-de-guatrache-tiene-coronavirus\\\/\"},\"author\":{\"name\":\"Diario1 Diario1\",\"@id\":\"https:\\\/\\\/diariotextual.com\\\/inicio\\\/#\\\/schema\\\/person\\\/418fc4093c33e86ed41562db3508f958\"},\"headline\":\"Un trabajador de la Salud de Guatrach\u00e9 tiene coronavirus\",\"datePublished\":\"2020-08-25T19:50:50+00:00\",\"dateModified\":\"2020-08-26T11:22:35+00:00\",\"mainEntityOfPage\":{\"@id\":\"https:\\\/\\\/diariotextual.com\\\/inicio\\\/index.php\\\/2020\\\/08\\\/25\\\/un-trabajador-de-la-salud-de-guatrache-tiene-coronavirus\\\/\"},\"wordCount\":252,\"publisher\":{\"@id\":\"https:\\\/\\\/diariotextual.com\\\/inicio\\\/#organization\"},\"image\":{\"@id\":\"https:\\\/\\\/diariotextual.com\\\/inicio\\\/index.php\\\/2020\\\/08\\\/25\\\/un-trabajador-de-la-salud-de-guatrache-tiene-coronavirus\\\/#primaryimage\"},\"thumbnailUrl\":\"https:\\\/\\\/diariotextual.com\\\/inicio\\\/wp-content\\\/uploads\\\/2020\\\/07\\\/coronaviruspampabusquedaactiva2020-904.jpg\",\"keywords\":[\"coronavirus\"],\"articleSection\":[\"A - ES NOTICIA (van abajo)\",\"SOCIEDAD\"],\"inLanguage\":\"es\"},{\"@type\":\"WebPage\",\"@id\":\"https:\\\/\\\/diariotextual.com\\\/inicio\\\/index.php\\\/2020\\\/08\\\/25\\\/un-trabajador-de-la-salud-de-guatrache-tiene-coronavirus\\\/\",\"url\":\"https:\\\/\\\/diariotextual.com\\\/inicio\\\/index.php\\\/2020\\\/08\\\/25\\\/un-trabajador-de-la-salud-de-guatrache-tiene-coronavirus\\\/\",\"name\":\"Un trabajador de la Salud de Guatrach\u00e9 tiene coronavirus - Diario Textual\",\"isPartOf\":{\"@id\":\"https:\\\/\\\/diariotextual.com\\\/inicio\\\/#website\"},\"primaryImageOfPage\":{\"@id\":\"https:\\\/\\\/diariotextual.com\\\/inicio\\\/index.php\\\/2020\\\/08\\\/25\\\/un-trabajador-de-la-salud-de-guatrache-tiene-coronavirus\\\/#primaryimage\"},\"image\":{\"@id\":\"https:\\\/\\\/diariotextual.com\\\/inicio\\\/index.php\\\/2020\\\/08\\\/25\\\/un-trabajador-de-la-salud-de-guatrache-tiene-coronavirus\\\/#primaryimage\"},\"thumbnailUrl\":\"https:\\\/\\\/diariotextual.com\\\/inicio\\\/wp-content\\\/uploads\\\/2020\\\/07\\\/coronaviruspampabusquedaactiva2020-904.jpg\",\"datePublished\":\"2020-08-25T19:50:50+00:00\",\"dateModified\":\"2020-08-26T11:22:35+00:00\",\"breadcrumb\":{\"@id\":\"https:\\\/\\\/diariotextual.com\\\/inicio\\\/index.php\\\/2020\\\/08\\\/25\\\/un-trabajador-de-la-salud-de-guatrache-tiene-coronavirus\\\/#breadcrumb\"},\"inLanguage\":\"es\",\"potentialAction\":[{\"@type\":\"ReadAction\",\"target\":[\"https:\\\/\\\/diariotextual.com\\\/inicio\\\/index.php\\\/2020\\\/08\\\/25\\\/un-trabajador-de-la-salud-de-guatrache-tiene-coronavirus\\\/\"]}]},{\"@type\":\"ImageObject\",\"inLanguage\":\"es\",\"@id\":\"https:\\\/\\\/diariotextual.com\\\/inicio\\\/index.php\\\/2020\\\/08\\\/25\\\/un-trabajador-de-la-salud-de-guatrache-tiene-coronavirus\\\/#primaryimage\",\"url\":\"https:\\\/\\\/diariotextual.com\\\/inicio\\\/wp-content\\\/uploads\\\/2020\\\/07\\\/coronaviruspampabusquedaactiva2020-904.jpg\",\"contentUrl\":\"https:\\\/\\\/diariotextual.com\\\/inicio\\\/wp-content\\\/uploads\\\/2020\\\/07\\\/coronaviruspampabusquedaactiva2020-904.jpg\",\"width\":1762,\"height\":1176},{\"@type\":\"BreadcrumbList\",\"@id\":\"https:\\\/\\\/diariotextual.com\\\/inicio\\\/index.php\\\/2020\\\/08\\\/25\\\/un-trabajador-de-la-salud-de-guatrache-tiene-coronavirus\\\/#breadcrumb\",\"itemListElement\":[{\"@type\":\"ListItem\",\"position\":1,\"name\":\"Portada\",\"item\":\"https:\\\/\\\/diariotextual.com\\\/inicio\\\/\"},{\"@type\":\"ListItem\",\"position\":2,\"name\":\"Un trabajador de la Salud de Guatrach\u00e9 tiene coronavirus\"}]},{\"@type\":\"WebSite\",\"@id\":\"https:\\\/\\\/diariotextual.com\\\/inicio\\\/#website\",\"url\":\"https:\\\/\\\/diariotextual.com\\\/inicio\\\/\",\"name\":\"Diario Textual\",\"description\":\"\",\"publisher\":{\"@id\":\"https:\\\/\\\/diariotextual.com\\\/inicio\\\/#organization\"},\"potentialAction\":[{\"@type\":\"SearchAction\",\"target\":{\"@type\":\"EntryPoint\",\"urlTemplate\":\"https:\\\/\\\/diariotextual.com\\\/inicio\\\/?s={search_term_string}\"},\"query-input\":{\"@type\":\"PropertyValueSpecification\",\"valueRequired\":true,\"valueName\":\"search_term_string\"}}],\"inLanguage\":\"es\"},{\"@type\":\"Organization\",\"@id\":\"https:\\\/\\\/diariotextual.com\\\/inicio\\\/#organization\",\"name\":\"Diario Textual\",\"url\":\"https:\\\/\\\/diariotextual.com\\\/inicio\\\/\",\"logo\":{\"@type\":\"ImageObject\",\"inLanguage\":\"es\",\"@id\":\"https:\\\/\\\/diariotextual.com\\\/inicio\\\/#\\\/schema\\\/logo\\\/image\\\/\",\"url\":\"https:\\\/\\\/diariotextual.com\\\/inicio\\\/wp-content\\\/uploads\\\/2023\\\/05\\\/logotextual1.jpg\",\"contentUrl\":\"https:\\\/\\\/diariotextual.com\\\/inicio\\\/wp-content\\\/uploads\\\/2023\\\/05\\\/logotextual1.jpg\",\"width\":516,\"height\":76,\"caption\":\"Diario Textual\"},\"image\":{\"@id\":\"https:\\\/\\\/diariotextual.com\\\/inicio\\\/#\\\/schema\\\/logo\\\/image\\\/\"},\"sameAs\":[\"https:\\\/\\\/www.facebook.com\\\/eltextual\",\"https:\\\/\\\/x.com\\\/eltextual\",\"http:\\\/\\\/www.instagram.com\\\/eltextual\"]},{\"@type\":\"Person\",\"@id\":\"https:\\\/\\\/diariotextual.com\\\/inicio\\\/#\\\/schema\\\/person\\\/418fc4093c33e86ed41562db3508f958\",\"name\":\"Diario1 Diario1\",\"image\":{\"@type\":\"ImageObject\",\"inLanguage\":\"es\",\"@id\":\"https:\\\/\\\/secure.gravatar.com\\\/avatar\\\/9167d280179c85bc18be67aa7eda765854300033af4896dd779b608640f2ef7a?s=96&d=mm&r=g\",\"url\":\"https:\\\/\\\/secure.gravatar.com\\\/avatar\\\/9167d280179c85bc18be67aa7eda765854300033af4896dd779b608640f2ef7a?s=96&d=mm&r=g\",\"contentUrl\":\"https:\\\/\\\/secure.gravatar.com\\\/avatar\\\/9167d280179c85bc18be67aa7eda765854300033af4896dd779b608640f2ef7a?s=96&d=mm&r=g\",\"caption\":\"Diario1 Diario1\"},\"url\":\"https:\\\/\\\/diariotextual.com\\\/inicio\\\/index.php\\\/author\\\/diario1\\\/\"}]}<\/script>\n<!-- \/ Yoast SEO plugin. -->","yoast_head_json":{"title":"Un trabajador de la Salud de Guatrach\u00e9 tiene coronavirus - Diario Textual","robots":{"index":"index","follow":"follow","max-snippet":"max-snippet:-1","max-image-preview":"max-image-preview:large","max-video-preview":"max-video-preview:-1"},"canonical":"https:\/\/diariotextual.com\/inicio\/index.php\/2020\/08\/25\/un-trabajador-de-la-salud-de-guatrache-tiene-coronavirus\/","og_locale":"es_ES","og_type":"article","og_title":"Un trabajador de la Salud de Guatrach\u00e9 tiene coronavirus - Diario Textual","og_description":"El Ministerio de Salud de La Pampa confirm\u00f3 este martes 25 que una persona de Pico, de 96 a\u00f1os, falleci\u00f3 con coronavirus y luego comunic\u00f3 que, tambi\u00e9n, un trabajador de&hellip;","og_url":"https:\/\/diariotextual.com\/inicio\/index.php\/2020\/08\/25\/un-trabajador-de-la-salud-de-guatrache-tiene-coronavirus\/","og_site_name":"Diario Textual","article_publisher":"https:\/\/www.facebook.com\/eltextual","article_published_time":"2020-08-25T19:50:50+00:00","article_modified_time":"2020-08-26T11:22:35+00:00","og_image":[{"width":1762,"height":1176,"url":"https:\/\/diariotextual.com\/inicio\/wp-content\/uploads\/2020\/07\/coronaviruspampabusquedaactiva2020-904.jpg","type":"image\/jpeg"}],"author":"Diario1 Diario1","twitter_card":"summary_large_image","twitter_creator":"@eltextual","twitter_site":"@eltextual","twitter_misc":{"Escrito por":"Diario1 Diario1","Tiempo de lectura":"1 minuto"},"schema":{"@context":"https:\/\/schema.org","@graph":[{"@type":"Article","@id":"https:\/\/diariotextual.com\/inicio\/index.php\/2020\/08\/25\/un-trabajador-de-la-salud-de-guatrache-tiene-coronavirus\/#article","isPartOf":{"@id":"https:\/\/diariotextual.com\/inicio\/index.php\/2020\/08\/25\/un-trabajador-de-la-salud-de-guatrache-tiene-coronavirus\/"},"author":{"name":"Diario1 Diario1","@id":"https:\/\/diariotextual.com\/inicio\/#\/schema\/person\/418fc4093c33e86ed41562db3508f958"},"headline":"Un trabajador de la Salud de Guatrach\u00e9 tiene coronavirus","datePublished":"2020-08-25T19:50:50+00:00","dateModified":"2020-08-26T11:22:35+00:00","mainEntityOfPage":{"@id":"https:\/\/diariotextual.com\/inicio\/index.php\/2020\/08\/25\/un-trabajador-de-la-salud-de-guatrache-tiene-coronavirus\/"},"wordCount":252,"publisher":{"@id":"https:\/\/diariotextual.com\/inicio\/#organization"},"image":{"@id":"https:\/\/diariotextual.com\/inicio\/index.php\/2020\/08\/25\/un-trabajador-de-la-salud-de-guatrache-tiene-coronavirus\/#primaryimage"},"thumbnailUrl":"https:\/\/diariotextual.com\/inicio\/wp-content\/uploads\/2020\/07\/coronaviruspampabusquedaactiva2020-904.jpg","keywords":["coronavirus"],"articleSection":["A - ES NOTICIA (van abajo)","SOCIEDAD"],"inLanguage":"es"},{"@type":"WebPage","@id":"https:\/\/diariotextual.com\/inicio\/index.php\/2020\/08\/25\/un-trabajador-de-la-salud-de-guatrache-tiene-coronavirus\/","url":"https:\/\/diariotextual.com\/inicio\/index.php\/2020\/08\/25\/un-trabajador-de-la-salud-de-guatrache-tiene-coronavirus\/","name":"Un trabajador de la Salud de Guatrach\u00e9 tiene coronavirus - Diario Textual","isPartOf":{"@id":"https:\/\/diariotextual.com\/inicio\/#website"},"primaryImageOfPage":{"@id":"https:\/\/diariotextual.com\/inicio\/index.php\/2020\/08\/25\/un-trabajador-de-la-salud-de-guatrache-tiene-coronavirus\/#primaryimage"},"image":{"@id":"https:\/\/diariotextual.com\/inicio\/index.php\/2020\/08\/25\/un-trabajador-de-la-salud-de-guatrache-tiene-coronavirus\/#primaryimage"},"thumbnailUrl":"https:\/\/diariotextual.com\/inicio\/wp-content\/uploads\/2020\/07\/coronaviruspampabusquedaactiva2020-904.jpg","datePublished":"2020-08-25T19:50:50+00:00","dateModified":"2020-08-26T11:22:35+00:00","breadcrumb":{"@id":"https:\/\/diariotextual.com\/inicio\/index.php\/2020\/08\/25\/un-trabajador-de-la-salud-de-guatrache-tiene-coronavirus\/#breadcrumb"},"inLanguage":"es","potentialAction":[{"@type":"ReadAction","target":["https:\/\/diariotextual.com\/inicio\/index.php\/2020\/08\/25\/un-trabajador-de-la-salud-de-guatrache-tiene-coronavirus\/"]}]},{"@type":"ImageObject","inLanguage":"es","@id":"https:\/\/diariotextual.com\/inicio\/index.php\/2020\/08\/25\/un-trabajador-de-la-salud-de-guatrache-tiene-coronavirus\/#primaryimage","url":"https:\/\/diariotextual.com\/inicio\/wp-content\/uploads\/2020\/07\/coronaviruspampabusquedaactiva2020-904.jpg","contentUrl":"https:\/\/diariotextual.com\/inicio\/wp-content\/uploads\/2020\/07\/coronaviruspampabusquedaactiva2020-904.jpg","width":1762,"height":1176},{"@type":"BreadcrumbList","@id":"https:\/\/diariotextual.com\/inicio\/index.php\/2020\/08\/25\/un-trabajador-de-la-salud-de-guatrache-tiene-coronavirus\/#breadcrumb","itemListElement":[{"@type":"ListItem","position":1,"name":"Portada","item":"https:\/\/diariotextual.com\/inicio\/"},{"@type":"ListItem","position":2,"name":"Un trabajador de la Salud de Guatrach\u00e9 tiene coronavirus"}]},{"@type":"WebSite","@id":"https:\/\/diariotextual.com\/inicio\/#website","url":"https:\/\/diariotextual.com\/inicio\/","name":"Diario Textual","description":"","publisher":{"@id":"https:\/\/diariotextual.com\/inicio\/#organization"},"potentialAction":[{"@type":"SearchAction","target":{"@type":"EntryPoint","urlTemplate":"https:\/\/diariotextual.com\/inicio\/?s={search_term_string}"},"query-input":{"@type":"PropertyValueSpecification","valueRequired":true,"valueName":"search_term_string"}}],"inLanguage":"es"},{"@type":"Organization","@id":"https:\/\/diariotextual.com\/inicio\/#organization","name":"Diario Textual","url":"https:\/\/diariotextual.com\/inicio\/","logo":{"@type":"ImageObject","inLanguage":"es","@id":"https:\/\/diariotextual.com\/inicio\/#\/schema\/logo\/image\/","url":"https:\/\/diariotextual.com\/inicio\/wp-content\/uploads\/2023\/05\/logotextual1.jpg","contentUrl":"https:\/\/diariotextual.com\/inicio\/wp-content\/uploads\/2023\/05\/logotextual1.jpg","width":516,"height":76,"caption":"Diario Textual"},"image":{"@id":"https:\/\/diariotextual.com\/inicio\/#\/schema\/logo\/image\/"},"sameAs":["https:\/\/www.facebook.com\/eltextual","https:\/\/x.com\/eltextual","http:\/\/www.instagram.com\/eltextual"]},{"@type":"Person","@id":"https:\/\/diariotextual.com\/inicio\/#\/schema\/person\/418fc4093c33e86ed41562db3508f958","name":"Diario1 Diario1","image":{"@type":"ImageObject","inLanguage":"es","@id":"https:\/\/secure.gravatar.com\/avatar\/9167d280179c85bc18be67aa7eda765854300033af4896dd779b608640f2ef7a?s=96&d=mm&r=g","url":"https:\/\/secure.gravatar.com\/avatar\/9167d280179c85bc18be67aa7eda765854300033af4896dd779b608640f2ef7a?s=96&d=mm&r=g","contentUrl":"https:\/\/secure.gravatar.com\/avatar\/9167d280179c85bc18be67aa7eda765854300033af4896dd779b608640f2ef7a?s=96&d=mm&r=g","caption":"Diario1 Diario1"},"url":"https:\/\/diariotextual.com\/inicio\/index.php\/author\/diario1\/"}]}},"_links":{"self":[{"href":"https:\/\/diariotextual.com\/inicio\/index.php\/wp-json\/wp\/v2\/posts\/108052","targetHints":{"allow":["GET"]}}],"collection":[{"href":"https:\/\/diariotextual.com\/inicio\/index.php\/wp-json\/wp\/v2\/posts"}],"about":[{"href":"https:\/\/diariotextual.com\/inicio\/index.php\/wp-json\/wp\/v2\/types\/post"}],"author":[{"embeddable":true,"href":"https:\/\/diariotextual.com\/inicio\/index.php\/wp-json\/wp\/v2\/users\/3"}],"replies":[{"embeddable":true,"href":"https:\/\/diariotextual.com\/inicio\/index.php\/wp-json\/wp\/v2\/comments?post=108052"}],"version-history":[{"count":4,"href":"https:\/\/diariotextual.com\/inicio\/index.php\/wp-json\/wp\/v2\/posts\/108052\/revisions"}],"predecessor-version":[{"id":108056,"href":"https:\/\/diariotextual.com\/inicio\/index.php\/wp-json\/wp\/v2\/posts\/108052\/revisions\/108056"}],"wp:featuredmedia":[{"embeddable":true,"href":"https:\/\/diariotextual.com\/inicio\/index.php\/wp-json\/wp\/v2\/media\/103979"}],"wp:attachment":[{"href":"https:\/\/diariotextual.com\/inicio\/index.php\/wp-json\/wp\/v2\/media?parent=108052"}],"wp:term":[{"taxonomy":"category","embeddable":true,"href":"https:\/\/diariotextual.com\/inicio\/index.php\/wp-json\/wp\/v2\/categories?post=108052"},{"taxonomy":"post_tag","embeddable":true,"href":"https:\/\/diariotextual.com\/inicio\/index.php\/wp-json\/wp\/v2\/tags?post=108052"}],"curies":[{"name":"wp","href":"https:\/\/api.w.org\/{rel}","templated":true}]}}