{"id":108076,"date":"2020-08-25T20:30:37","date_gmt":"2020-08-25T23:30:37","guid":{"rendered":"http:\/\/diariotextual.com\/inicio\/?p=108076"},"modified":"2020-08-26T10:23:03","modified_gmt":"2020-08-26T13:23:03","slug":"el-hijo-de-la-primera-victima-fatal-de-covid-en-la-pampa-resalto-a-trabajadores-del-hospital","status":"publish","type":"post","link":"https:\/\/diariotextual.com\/inicio\/index.php\/2020\/08\/25\/el-hijo-de-la-primera-victima-fatal-de-covid-en-la-pampa-resalto-a-trabajadores-del-hospital\/","title":{"rendered":"El hijo de la primera v\u00edctima fatal de covid en La Pampa resalt\u00f3 a trabajadores del hospital"},"content":{"rendered":"\n<p>Carlos Llanos, el hijo del hombre de 96 a\u00f1os que falleci\u00f3 este martes v\u00edctima de coronavirus en el Hospital Centeno de Pico, resalt\u00f3 el trabajo de los equipos de Salud.<\/p>\n\n\n\n<p>Llanos envi\u00f3 un mensaje por Twitter, en respuesta a <strong><a href=\"http:\/\/diariotextual.com\/inicio\/index.php\/2020\/08\/25\/covid-ziliotto-dijo-que-la-muerte-del-abuelo-de-96-anos-se-debio-a-la-irresponsabilidad-en-catrilo\/\" target=\"_blank\" rel=\"noreferrer noopener\">un comentario del gobernador Sergio Ziliotto<\/a><\/strong>.<\/p>\n\n\n\n<p>\u00abSergio, tus palabras ponen muy alta la memoria de mi padre, quiero que sepas el orgullo de ser pampeano y de haber sido atendido por una salud p\u00fablica de excelencia, mi m\u00e1s sincero agradecimiento\u00bb, escribi\u00f3 Llanos, un extrabajador del Banco de La Pampa.<\/p>\n\n\n\n<p>&nbsp;Ziliotto, m\u00e1s temprano,&nbsp;se mostr\u00f3 dolido por&nbsp;<strong><a rel=\"noreferrer noopener\" href=\"http:\/\/diariotextual.com\/inicio\/index.php\/2020\/08\/25\/un-hombre-de-96-anos-murio-de-coronavirus-en-pico\/\" target=\"_blank\">la primera muerte de una persona por coronavirus&nbsp;<\/a><\/strong>en La Pampa y&nbsp;<strong>le apunt\u00f3 a los encuentros sociales clandestinos<\/strong>&nbsp;que se hicieron en la zona de<strong>&nbsp;Catril\u00f3<\/strong>, que dispararon un brote de Covid-19. \u00abUn abuelo es el primer fallecido por Covid en La Pampa. Su edad no puede ser una justificaci\u00f3n. En sus 96 a\u00f1os gan\u00f3 muchas batallas por su salud. Esta vez no pudo con la pandemia, menos a\u00fan con la irresponsabilidad social de quienes s\u00f3lo pensaron en ellos\u00bb, tuite\u00f3.<\/p>\n\n\n\n<p><\/p>\n\n\n\n<p><\/p>\n\n\n\n<blockquote class=\"twitter-tweet\"><p lang=\"es\" dir=\"ltr\">Un abuelo es el primer fallecido por Covid en La Pampa. Su edad no puede ser una justificaci\u00f3n. En sus 96 a\u00f1os gan\u00f3 muchas batallas por su salud. Esta vez no pudo con la pandemia, menos a\u00fan con la irresponsabilidad social de quienes s\u00f3lo pensaron en ellos.<\/p>\u2014 Sergio Ziliotto (@ZiliottoSergio) <a href=\"https:\/\/twitter.com\/ZiliottoSergio\/status\/1298310680471371776?ref_src=twsrc%5Etfw\">August 25, 2020<\/a><\/blockquote> <script async=\"\" src=\"https:\/\/platform.twitter.com\/widgets.js\" charset=\"utf-8\"><\/script>\n\n\n\n<p><\/p>\n","protected":false},"excerpt":{"rendered":"<p>Carlos Llanos, el hijo del hombre de 96 a\u00f1os que falleci\u00f3 este martes v\u00edctima de coronavirus en el Hospital Centeno de Pico, resalt\u00f3 el trabajo de los equipos de Salud.&hellip;<\/p>\n","protected":false},"author":3,"featured_media":84326,"comment_status":"closed","ping_status":"open","sticky":false,"template":"","format":"standard","meta":{"_acf_changed":false,"footnotes":""},"categories":[1,11,12],"tags":[3727],"class_list":["post-108076","post","type-post","status-publish","format-standard","has-post-thumbnail","hentry","category-es-noticia","category-que-pasa","category-sociedad","tag-llanos"],"acf":[],"yoast_head":"<!-- This site is optimized with the Yoast SEO plugin v27.5 - https:\/\/yoast.com\/product\/yoast-seo-wordpress\/ -->\n<title>El hijo de la primera v\u00edctima fatal de covid en La Pampa resalt\u00f3 a trabajadores del hospital - Diario Textual<\/title>\n<meta name=\"robots\" content=\"index, follow, max-snippet:-1, max-image-preview:large, max-video-preview:-1\" \/>\n<link rel=\"canonical\" href=\"https:\/\/diariotextual.com\/inicio\/index.php\/2020\/08\/25\/el-hijo-de-la-primera-victima-fatal-de-covid-en-la-pampa-resalto-a-trabajadores-del-hospital\/\" \/>\n<meta property=\"og:locale\" content=\"es_ES\" \/>\n<meta property=\"og:type\" content=\"article\" \/>\n<meta property=\"og:title\" content=\"El hijo de la primera v\u00edctima fatal de covid en La Pampa resalt\u00f3 a trabajadores del hospital - Diario Textual\" \/>\n<meta property=\"og:description\" content=\"Carlos Llanos, el hijo del hombre de 96 a\u00f1os que falleci\u00f3 este martes v\u00edctima de coronavirus en el Hospital Centeno de Pico, resalt\u00f3 el trabajo de los equipos de Salud.&hellip;\" \/>\n<meta property=\"og:url\" content=\"https:\/\/diariotextual.com\/inicio\/index.php\/2020\/08\/25\/el-hijo-de-la-primera-victima-fatal-de-covid-en-la-pampa-resalto-a-trabajadores-del-hospital\/\" \/>\n<meta property=\"og:site_name\" content=\"Diario Textual\" \/>\n<meta property=\"article:publisher\" content=\"https:\/\/www.facebook.com\/eltextual\" \/>\n<meta property=\"article:published_time\" content=\"2020-08-25T23:30:37+00:00\" \/>\n<meta property=\"article:modified_time\" content=\"2020-08-26T13:23:03+00:00\" \/>\n<meta property=\"og:image\" content=\"https:\/\/diariotextual.com\/inicio\/wp-content\/uploads\/2020\/03\/hospitalcentenopico00.jpg\" \/>\n\t<meta property=\"og:image:width\" content=\"909\" \/>\n\t<meta property=\"og:image:height\" content=\"461\" \/>\n\t<meta property=\"og:image:type\" content=\"image\/jpeg\" \/>\n<meta name=\"author\" content=\"Diario1 Diario1\" \/>\n<meta name=\"twitter:card\" content=\"summary_large_image\" \/>\n<meta name=\"twitter:creator\" content=\"@eltextual\" \/>\n<meta name=\"twitter:site\" content=\"@eltextual\" \/>\n<meta name=\"twitter:label1\" content=\"Escrito por\" \/>\n\t<meta name=\"twitter:data1\" content=\"Diario1 Diario1\" \/>\n\t<meta name=\"twitter:label2\" content=\"Tiempo de lectura\" \/>\n\t<meta name=\"twitter:data2\" content=\"1 minuto\" \/>\n<script type=\"application\/ld+json\" class=\"yoast-schema-graph\">{\"@context\":\"https:\\\/\\\/schema.org\",\"@graph\":[{\"@type\":\"Article\",\"@id\":\"https:\\\/\\\/diariotextual.com\\\/inicio\\\/index.php\\\/2020\\\/08\\\/25\\\/el-hijo-de-la-primera-victima-fatal-de-covid-en-la-pampa-resalto-a-trabajadores-del-hospital\\\/#article\",\"isPartOf\":{\"@id\":\"https:\\\/\\\/diariotextual.com\\\/inicio\\\/index.php\\\/2020\\\/08\\\/25\\\/el-hijo-de-la-primera-victima-fatal-de-covid-en-la-pampa-resalto-a-trabajadores-del-hospital\\\/\"},\"author\":{\"name\":\"Diario1 Diario1\",\"@id\":\"https:\\\/\\\/diariotextual.com\\\/inicio\\\/#\\\/schema\\\/person\\\/418fc4093c33e86ed41562db3508f958\"},\"headline\":\"El hijo de la primera v\u00edctima fatal de covid en La Pampa resalt\u00f3 a trabajadores del hospital\",\"datePublished\":\"2020-08-25T23:30:37+00:00\",\"dateModified\":\"2020-08-26T13:23:03+00:00\",\"mainEntityOfPage\":{\"@id\":\"https:\\\/\\\/diariotextual.com\\\/inicio\\\/index.php\\\/2020\\\/08\\\/25\\\/el-hijo-de-la-primera-victima-fatal-de-covid-en-la-pampa-resalto-a-trabajadores-del-hospital\\\/\"},\"wordCount\":262,\"publisher\":{\"@id\":\"https:\\\/\\\/diariotextual.com\\\/inicio\\\/#organization\"},\"image\":{\"@id\":\"https:\\\/\\\/diariotextual.com\\\/inicio\\\/index.php\\\/2020\\\/08\\\/25\\\/el-hijo-de-la-primera-victima-fatal-de-covid-en-la-pampa-resalto-a-trabajadores-del-hospital\\\/#primaryimage\"},\"thumbnailUrl\":\"https:\\\/\\\/diariotextual.com\\\/inicio\\\/wp-content\\\/uploads\\\/2020\\\/03\\\/hospitalcentenopico00.jpg\",\"keywords\":[\"llanos\"],\"articleSection\":[\"A - ES NOTICIA (van abajo)\",\"A - QUE PASA (al costado)\",\"SOCIEDAD\"],\"inLanguage\":\"es\"},{\"@type\":\"WebPage\",\"@id\":\"https:\\\/\\\/diariotextual.com\\\/inicio\\\/index.php\\\/2020\\\/08\\\/25\\\/el-hijo-de-la-primera-victima-fatal-de-covid-en-la-pampa-resalto-a-trabajadores-del-hospital\\\/\",\"url\":\"https:\\\/\\\/diariotextual.com\\\/inicio\\\/index.php\\\/2020\\\/08\\\/25\\\/el-hijo-de-la-primera-victima-fatal-de-covid-en-la-pampa-resalto-a-trabajadores-del-hospital\\\/\",\"name\":\"El hijo de la primera v\u00edctima fatal de covid en La Pampa resalt\u00f3 a trabajadores del hospital - Diario Textual\",\"isPartOf\":{\"@id\":\"https:\\\/\\\/diariotextual.com\\\/inicio\\\/#website\"},\"primaryImageOfPage\":{\"@id\":\"https:\\\/\\\/diariotextual.com\\\/inicio\\\/index.php\\\/2020\\\/08\\\/25\\\/el-hijo-de-la-primera-victima-fatal-de-covid-en-la-pampa-resalto-a-trabajadores-del-hospital\\\/#primaryimage\"},\"image\":{\"@id\":\"https:\\\/\\\/diariotextual.com\\\/inicio\\\/index.php\\\/2020\\\/08\\\/25\\\/el-hijo-de-la-primera-victima-fatal-de-covid-en-la-pampa-resalto-a-trabajadores-del-hospital\\\/#primaryimage\"},\"thumbnailUrl\":\"https:\\\/\\\/diariotextual.com\\\/inicio\\\/wp-content\\\/uploads\\\/2020\\\/03\\\/hospitalcentenopico00.jpg\",\"datePublished\":\"2020-08-25T23:30:37+00:00\",\"dateModified\":\"2020-08-26T13:23:03+00:00\",\"breadcrumb\":{\"@id\":\"https:\\\/\\\/diariotextual.com\\\/inicio\\\/index.php\\\/2020\\\/08\\\/25\\\/el-hijo-de-la-primera-victima-fatal-de-covid-en-la-pampa-resalto-a-trabajadores-del-hospital\\\/#breadcrumb\"},\"inLanguage\":\"es\",\"potentialAction\":[{\"@type\":\"ReadAction\",\"target\":[\"https:\\\/\\\/diariotextual.com\\\/inicio\\\/index.php\\\/2020\\\/08\\\/25\\\/el-hijo-de-la-primera-victima-fatal-de-covid-en-la-pampa-resalto-a-trabajadores-del-hospital\\\/\"]}]},{\"@type\":\"ImageObject\",\"inLanguage\":\"es\",\"@id\":\"https:\\\/\\\/diariotextual.com\\\/inicio\\\/index.php\\\/2020\\\/08\\\/25\\\/el-hijo-de-la-primera-victima-fatal-de-covid-en-la-pampa-resalto-a-trabajadores-del-hospital\\\/#primaryimage\",\"url\":\"https:\\\/\\\/diariotextual.com\\\/inicio\\\/wp-content\\\/uploads\\\/2020\\\/03\\\/hospitalcentenopico00.jpg\",\"contentUrl\":\"https:\\\/\\\/diariotextual.com\\\/inicio\\\/wp-content\\\/uploads\\\/2020\\\/03\\\/hospitalcentenopico00.jpg\",\"width\":909,\"height\":461},{\"@type\":\"BreadcrumbList\",\"@id\":\"https:\\\/\\\/diariotextual.com\\\/inicio\\\/index.php\\\/2020\\\/08\\\/25\\\/el-hijo-de-la-primera-victima-fatal-de-covid-en-la-pampa-resalto-a-trabajadores-del-hospital\\\/#breadcrumb\",\"itemListElement\":[{\"@type\":\"ListItem\",\"position\":1,\"name\":\"Portada\",\"item\":\"https:\\\/\\\/diariotextual.com\\\/inicio\\\/\"},{\"@type\":\"ListItem\",\"position\":2,\"name\":\"El hijo de la primera v\u00edctima fatal de covid en La Pampa resalt\u00f3 a trabajadores del hospital\"}]},{\"@type\":\"WebSite\",\"@id\":\"https:\\\/\\\/diariotextual.com\\\/inicio\\\/#website\",\"url\":\"https:\\\/\\\/diariotextual.com\\\/inicio\\\/\",\"name\":\"Diario Textual\",\"description\":\"\",\"publisher\":{\"@id\":\"https:\\\/\\\/diariotextual.com\\\/inicio\\\/#organization\"},\"potentialAction\":[{\"@type\":\"SearchAction\",\"target\":{\"@type\":\"EntryPoint\",\"urlTemplate\":\"https:\\\/\\\/diariotextual.com\\\/inicio\\\/?s={search_term_string}\"},\"query-input\":{\"@type\":\"PropertyValueSpecification\",\"valueRequired\":true,\"valueName\":\"search_term_string\"}}],\"inLanguage\":\"es\"},{\"@type\":\"Organization\",\"@id\":\"https:\\\/\\\/diariotextual.com\\\/inicio\\\/#organization\",\"name\":\"Diario Textual\",\"url\":\"https:\\\/\\\/diariotextual.com\\\/inicio\\\/\",\"logo\":{\"@type\":\"ImageObject\",\"inLanguage\":\"es\",\"@id\":\"https:\\\/\\\/diariotextual.com\\\/inicio\\\/#\\\/schema\\\/logo\\\/image\\\/\",\"url\":\"https:\\\/\\\/diariotextual.com\\\/inicio\\\/wp-content\\\/uploads\\\/2023\\\/05\\\/logotextual1.jpg\",\"contentUrl\":\"https:\\\/\\\/diariotextual.com\\\/inicio\\\/wp-content\\\/uploads\\\/2023\\\/05\\\/logotextual1.jpg\",\"width\":516,\"height\":76,\"caption\":\"Diario Textual\"},\"image\":{\"@id\":\"https:\\\/\\\/diariotextual.com\\\/inicio\\\/#\\\/schema\\\/logo\\\/image\\\/\"},\"sameAs\":[\"https:\\\/\\\/www.facebook.com\\\/eltextual\",\"https:\\\/\\\/x.com\\\/eltextual\",\"http:\\\/\\\/www.instagram.com\\\/eltextual\"]},{\"@type\":\"Person\",\"@id\":\"https:\\\/\\\/diariotextual.com\\\/inicio\\\/#\\\/schema\\\/person\\\/418fc4093c33e86ed41562db3508f958\",\"name\":\"Diario1 Diario1\",\"image\":{\"@type\":\"ImageObject\",\"inLanguage\":\"es\",\"@id\":\"https:\\\/\\\/secure.gravatar.com\\\/avatar\\\/9167d280179c85bc18be67aa7eda765854300033af4896dd779b608640f2ef7a?s=96&d=mm&r=g\",\"url\":\"https:\\\/\\\/secure.gravatar.com\\\/avatar\\\/9167d280179c85bc18be67aa7eda765854300033af4896dd779b608640f2ef7a?s=96&d=mm&r=g\",\"contentUrl\":\"https:\\\/\\\/secure.gravatar.com\\\/avatar\\\/9167d280179c85bc18be67aa7eda765854300033af4896dd779b608640f2ef7a?s=96&d=mm&r=g\",\"caption\":\"Diario1 Diario1\"},\"url\":\"https:\\\/\\\/diariotextual.com\\\/inicio\\\/index.php\\\/author\\\/diario1\\\/\"}]}<\/script>\n<!-- \/ Yoast SEO plugin. -->","yoast_head_json":{"title":"El hijo de la primera v\u00edctima fatal de covid en La Pampa resalt\u00f3 a trabajadores del hospital - Diario Textual","robots":{"index":"index","follow":"follow","max-snippet":"max-snippet:-1","max-image-preview":"max-image-preview:large","max-video-preview":"max-video-preview:-1"},"canonical":"https:\/\/diariotextual.com\/inicio\/index.php\/2020\/08\/25\/el-hijo-de-la-primera-victima-fatal-de-covid-en-la-pampa-resalto-a-trabajadores-del-hospital\/","og_locale":"es_ES","og_type":"article","og_title":"El hijo de la primera v\u00edctima fatal de covid en La Pampa resalt\u00f3 a trabajadores del hospital - Diario Textual","og_description":"Carlos Llanos, el hijo del hombre de 96 a\u00f1os que falleci\u00f3 este martes v\u00edctima de coronavirus en el Hospital Centeno de Pico, resalt\u00f3 el trabajo de los equipos de Salud.&hellip;","og_url":"https:\/\/diariotextual.com\/inicio\/index.php\/2020\/08\/25\/el-hijo-de-la-primera-victima-fatal-de-covid-en-la-pampa-resalto-a-trabajadores-del-hospital\/","og_site_name":"Diario Textual","article_publisher":"https:\/\/www.facebook.com\/eltextual","article_published_time":"2020-08-25T23:30:37+00:00","article_modified_time":"2020-08-26T13:23:03+00:00","og_image":[{"width":909,"height":461,"url":"https:\/\/diariotextual.com\/inicio\/wp-content\/uploads\/2020\/03\/hospitalcentenopico00.jpg","type":"image\/jpeg"}],"author":"Diario1 Diario1","twitter_card":"summary_large_image","twitter_creator":"@eltextual","twitter_site":"@eltextual","twitter_misc":{"Escrito por":"Diario1 Diario1","Tiempo de lectura":"1 minuto"},"schema":{"@context":"https:\/\/schema.org","@graph":[{"@type":"Article","@id":"https:\/\/diariotextual.com\/inicio\/index.php\/2020\/08\/25\/el-hijo-de-la-primera-victima-fatal-de-covid-en-la-pampa-resalto-a-trabajadores-del-hospital\/#article","isPartOf":{"@id":"https:\/\/diariotextual.com\/inicio\/index.php\/2020\/08\/25\/el-hijo-de-la-primera-victima-fatal-de-covid-en-la-pampa-resalto-a-trabajadores-del-hospital\/"},"author":{"name":"Diario1 Diario1","@id":"https:\/\/diariotextual.com\/inicio\/#\/schema\/person\/418fc4093c33e86ed41562db3508f958"},"headline":"El hijo de la primera v\u00edctima fatal de covid en La Pampa resalt\u00f3 a trabajadores del hospital","datePublished":"2020-08-25T23:30:37+00:00","dateModified":"2020-08-26T13:23:03+00:00","mainEntityOfPage":{"@id":"https:\/\/diariotextual.com\/inicio\/index.php\/2020\/08\/25\/el-hijo-de-la-primera-victima-fatal-de-covid-en-la-pampa-resalto-a-trabajadores-del-hospital\/"},"wordCount":262,"publisher":{"@id":"https:\/\/diariotextual.com\/inicio\/#organization"},"image":{"@id":"https:\/\/diariotextual.com\/inicio\/index.php\/2020\/08\/25\/el-hijo-de-la-primera-victima-fatal-de-covid-en-la-pampa-resalto-a-trabajadores-del-hospital\/#primaryimage"},"thumbnailUrl":"https:\/\/diariotextual.com\/inicio\/wp-content\/uploads\/2020\/03\/hospitalcentenopico00.jpg","keywords":["llanos"],"articleSection":["A - ES NOTICIA (van abajo)","A - QUE PASA (al costado)","SOCIEDAD"],"inLanguage":"es"},{"@type":"WebPage","@id":"https:\/\/diariotextual.com\/inicio\/index.php\/2020\/08\/25\/el-hijo-de-la-primera-victima-fatal-de-covid-en-la-pampa-resalto-a-trabajadores-del-hospital\/","url":"https:\/\/diariotextual.com\/inicio\/index.php\/2020\/08\/25\/el-hijo-de-la-primera-victima-fatal-de-covid-en-la-pampa-resalto-a-trabajadores-del-hospital\/","name":"El hijo de la primera v\u00edctima fatal de covid en La Pampa resalt\u00f3 a trabajadores del hospital - Diario Textual","isPartOf":{"@id":"https:\/\/diariotextual.com\/inicio\/#website"},"primaryImageOfPage":{"@id":"https:\/\/diariotextual.com\/inicio\/index.php\/2020\/08\/25\/el-hijo-de-la-primera-victima-fatal-de-covid-en-la-pampa-resalto-a-trabajadores-del-hospital\/#primaryimage"},"image":{"@id":"https:\/\/diariotextual.com\/inicio\/index.php\/2020\/08\/25\/el-hijo-de-la-primera-victima-fatal-de-covid-en-la-pampa-resalto-a-trabajadores-del-hospital\/#primaryimage"},"thumbnailUrl":"https:\/\/diariotextual.com\/inicio\/wp-content\/uploads\/2020\/03\/hospitalcentenopico00.jpg","datePublished":"2020-08-25T23:30:37+00:00","dateModified":"2020-08-26T13:23:03+00:00","breadcrumb":{"@id":"https:\/\/diariotextual.com\/inicio\/index.php\/2020\/08\/25\/el-hijo-de-la-primera-victima-fatal-de-covid-en-la-pampa-resalto-a-trabajadores-del-hospital\/#breadcrumb"},"inLanguage":"es","potentialAction":[{"@type":"ReadAction","target":["https:\/\/diariotextual.com\/inicio\/index.php\/2020\/08\/25\/el-hijo-de-la-primera-victima-fatal-de-covid-en-la-pampa-resalto-a-trabajadores-del-hospital\/"]}]},{"@type":"ImageObject","inLanguage":"es","@id":"https:\/\/diariotextual.com\/inicio\/index.php\/2020\/08\/25\/el-hijo-de-la-primera-victima-fatal-de-covid-en-la-pampa-resalto-a-trabajadores-del-hospital\/#primaryimage","url":"https:\/\/diariotextual.com\/inicio\/wp-content\/uploads\/2020\/03\/hospitalcentenopico00.jpg","contentUrl":"https:\/\/diariotextual.com\/inicio\/wp-content\/uploads\/2020\/03\/hospitalcentenopico00.jpg","width":909,"height":461},{"@type":"BreadcrumbList","@id":"https:\/\/diariotextual.com\/inicio\/index.php\/2020\/08\/25\/el-hijo-de-la-primera-victima-fatal-de-covid-en-la-pampa-resalto-a-trabajadores-del-hospital\/#breadcrumb","itemListElement":[{"@type":"ListItem","position":1,"name":"Portada","item":"https:\/\/diariotextual.com\/inicio\/"},{"@type":"ListItem","position":2,"name":"El hijo de la primera v\u00edctima fatal de covid en La Pampa resalt\u00f3 a trabajadores del hospital"}]},{"@type":"WebSite","@id":"https:\/\/diariotextual.com\/inicio\/#website","url":"https:\/\/diariotextual.com\/inicio\/","name":"Diario Textual","description":"","publisher":{"@id":"https:\/\/diariotextual.com\/inicio\/#organization"},"potentialAction":[{"@type":"SearchAction","target":{"@type":"EntryPoint","urlTemplate":"https:\/\/diariotextual.com\/inicio\/?s={search_term_string}"},"query-input":{"@type":"PropertyValueSpecification","valueRequired":true,"valueName":"search_term_string"}}],"inLanguage":"es"},{"@type":"Organization","@id":"https:\/\/diariotextual.com\/inicio\/#organization","name":"Diario Textual","url":"https:\/\/diariotextual.com\/inicio\/","logo":{"@type":"ImageObject","inLanguage":"es","@id":"https:\/\/diariotextual.com\/inicio\/#\/schema\/logo\/image\/","url":"https:\/\/diariotextual.com\/inicio\/wp-content\/uploads\/2023\/05\/logotextual1.jpg","contentUrl":"https:\/\/diariotextual.com\/inicio\/wp-content\/uploads\/2023\/05\/logotextual1.jpg","width":516,"height":76,"caption":"Diario Textual"},"image":{"@id":"https:\/\/diariotextual.com\/inicio\/#\/schema\/logo\/image\/"},"sameAs":["https:\/\/www.facebook.com\/eltextual","https:\/\/x.com\/eltextual","http:\/\/www.instagram.com\/eltextual"]},{"@type":"Person","@id":"https:\/\/diariotextual.com\/inicio\/#\/schema\/person\/418fc4093c33e86ed41562db3508f958","name":"Diario1 Diario1","image":{"@type":"ImageObject","inLanguage":"es","@id":"https:\/\/secure.gravatar.com\/avatar\/9167d280179c85bc18be67aa7eda765854300033af4896dd779b608640f2ef7a?s=96&d=mm&r=g","url":"https:\/\/secure.gravatar.com\/avatar\/9167d280179c85bc18be67aa7eda765854300033af4896dd779b608640f2ef7a?s=96&d=mm&r=g","contentUrl":"https:\/\/secure.gravatar.com\/avatar\/9167d280179c85bc18be67aa7eda765854300033af4896dd779b608640f2ef7a?s=96&d=mm&r=g","caption":"Diario1 Diario1"},"url":"https:\/\/diariotextual.com\/inicio\/index.php\/author\/diario1\/"}]}},"_links":{"self":[{"href":"https:\/\/diariotextual.com\/inicio\/index.php\/wp-json\/wp\/v2\/posts\/108076","targetHints":{"allow":["GET"]}}],"collection":[{"href":"https:\/\/diariotextual.com\/inicio\/index.php\/wp-json\/wp\/v2\/posts"}],"about":[{"href":"https:\/\/diariotextual.com\/inicio\/index.php\/wp-json\/wp\/v2\/types\/post"}],"author":[{"embeddable":true,"href":"https:\/\/diariotextual.com\/inicio\/index.php\/wp-json\/wp\/v2\/users\/3"}],"replies":[{"embeddable":true,"href":"https:\/\/diariotextual.com\/inicio\/index.php\/wp-json\/wp\/v2\/comments?post=108076"}],"version-history":[{"count":2,"href":"https:\/\/diariotextual.com\/inicio\/index.php\/wp-json\/wp\/v2\/posts\/108076\/revisions"}],"predecessor-version":[{"id":108142,"href":"https:\/\/diariotextual.com\/inicio\/index.php\/wp-json\/wp\/v2\/posts\/108076\/revisions\/108142"}],"wp:featuredmedia":[{"embeddable":true,"href":"https:\/\/diariotextual.com\/inicio\/index.php\/wp-json\/wp\/v2\/media\/84326"}],"wp:attachment":[{"href":"https:\/\/diariotextual.com\/inicio\/index.php\/wp-json\/wp\/v2\/media?parent=108076"}],"wp:term":[{"taxonomy":"category","embeddable":true,"href":"https:\/\/diariotextual.com\/inicio\/index.php\/wp-json\/wp\/v2\/categories?post=108076"},{"taxonomy":"post_tag","embeddable":true,"href":"https:\/\/diariotextual.com\/inicio\/index.php\/wp-json\/wp\/v2\/tags?post=108076"}],"curies":[{"name":"wp","href":"https:\/\/api.w.org\/{rel}","templated":true}]}}