{"id":108248,"date":"2020-08-27T08:31:52","date_gmt":"2020-08-27T11:31:52","guid":{"rendered":"http:\/\/diariotextual.com\/inicio\/?p=108248"},"modified":"2020-08-27T12:17:45","modified_gmt":"2020-08-27T15:17:45","slug":"la-radio-argentina-pionera-en-el-mundo-cumple-sus-primeros-100-anos","status":"publish","type":"post","link":"https:\/\/diariotextual.com\/inicio\/index.php\/2020\/08\/27\/la-radio-argentina-pionera-en-el-mundo-cumple-sus-primeros-100-anos\/","title":{"rendered":"La radio argentina, pionera en el mundo, cumple sus primeros 100 a\u00f1os"},"content":{"rendered":"\n<p>Quienes conocieron a <strong>Enrique Tel\u00e9maco Susini<\/strong>, fallecido en 1970, dicen recordar su f\u00edsico voluminoso y su expresi\u00f3n de \u00edmpetu, como si siempre estuviera esperando algo con optimismo. De hecho fue m\u00e9dico a los 22 a\u00f1os, periodista, mel\u00f3mano y varias otras cosas, aunque <strong>ninguna tan importante como haber realizado hace un siglo -el 27 de agosto de 1920- la primera transmisi\u00f3n de radio recreativa en la Argentina.<\/strong><\/p>\n\n\n\n<p>Con la ayuda de su sobrino <strong>Miguel Mugica<\/strong> y sus amigos<strong> C\u00e9sar Guerrico <\/strong>y <strong>Luis Romero Carranza<\/strong> form\u00f3 un grupo que termin\u00f3 por ser bautizado como <strong>\u00abLos Locos de la Azotea\u00bb<\/strong>, con el que concret\u00f3<strong> la haza\u00f1a con la tecnolog\u00eda de la \u00e9poca y no pocas dotes de acrobacia para instalar una antena horizontal, como las de los radioaficionados, en la terraza del teatro Coliseo porte\u00f1o, que conectaba con un primitivo aparato de transmisi\u00f3n y llegaba a trav\u00e9s de un cable a un micr\u00f3fono disimulado en la sala.<\/strong><\/p>\n\n\n\n<p>La historia es muy conocida y agrega otro galard\u00f3n de \u00abpionero\u00bb a un pa\u00eds que gusta de vanagloriarse de inventos como el colectivo, el dulce de leche y el bol\u00edgrafo, aunque aquel teatro Coliseo de Marcelo T. de Alvear 1125, frente a la Plaza Libertad, no era el mismo de la actualidad, cuyo edificio data de 1971 e incluye el consulado de Italia y el Instituto Italiano de Cultura, sino que fue fundado durante el siglo XIX, modificado varias veces y finalmente demolido en 1938.<\/p>\n\n\n\n<p>La aventura de aquellos \u00abLocos\u00bb, que<strong> transmitieron la \u00f3pera \u00abParsifal\u00bb de Richard Wagner<\/strong> -hay un registro grabado con la voz de Susini previo a la funci\u00f3n que se puede o\u00edr en algunas recopilaciones- <strong>no solo deleit\u00f3 a un pu\u00f1ado de poseedores de receptores \u00aba galena\u00bb, que obligaban al escucha al uso de auriculares, sino que inici\u00f3 el fin del silencio en la vida cotidiana de los porte\u00f1os y luego de los argentinos en su totalidad.<\/strong><\/p>\n\n\n\n<p>En esos tiempos en Buenos Aires se editaban los diarios La Prensa, La Vanguardia, Cr\u00edtica, La Naci\u00f3n, El Cronista, Comercial, adem\u00e1s del decano La Capital (Rosario), La Gaceta (Tucum\u00e1n) y El Diario (Paran\u00e1), que eran la \u00fanica forma cotidiana de informaci\u00f3n masiva.<\/p>\n\n\n\n<p>Antes de la aparici\u00f3n de la TV, de la que tambi\u00e9n Susini particip\u00f3, y hasta fines de la d\u00e9cada de 1950, escuchar la radio fue una de las ceremonias favoritas de la poblaci\u00f3n, que aun en grupos familiares se reun\u00eda frente a aquellos receptores que con solo sonidos, m\u00fasica y palabras les permit\u00edan imaginar rostros, escenarios y lugares ex\u00f3ticos que de otro modo no iban a conocer.<\/p>\n\n\n\n<p>Con el correr de los a\u00f1os la travesura qued\u00f3 atr\u00e1s y con el incentivo de la publicidad paga desaparecieron las espont\u00e1neas transmisiones con cantantes l\u00edricos, recitadores gauchescos, pianistas y otras variantes, y de la experiencia de 1920 surgi\u00f3 la pionera de habla hispana Radio Argentina, seguida por Radio Prieto, Radio Cultura, Radio F\u00e9nix, Radio Porte\u00f1a, Radio Municipal, Radio La Voz del Aire, Radio Splendid, Radio Stentor.<\/p>\n\n\n\n<p>Pero tambi\u00e9n hubo otras como Radio El Abuelito, Radio La Abuelita, Radio Muebles D\u00edaz -que emit\u00eda desde la muebler\u00eda famosa por su chalet construido en una terraza de Cerrito y Sarmiento-, Radio Cine Par\u00eds, Radio Mayo, Radio La Raz\u00f3n y Radio Centro Espiritista, que luego se llam\u00f3 Sarmiento.<\/p>\n\n\n\n<p>En 1935 apareci\u00f3 Radio El Mundo, que pronto fue l\u00edder y funcionaba en Maip\u00fa 555, donde ahora est\u00e1 Radio Nacional, en cuyo suntuoso auditorio los oyentes se agolpaban para ver a sus \u00eddolos en carne y hueso en programas que generalmente no duraban m\u00e1s de 15 o 30 minutos (el formato de una hora fue impuesto luego por la TV).<\/p>\n\n\n\n<p>All\u00ed, locutores e int\u00e9rpretes actuaban de pie frente a los micr\u00f3fonos y se vest\u00edan de etiqueta, mientras esa y otras emisoras ten\u00edan sus propias orquestas t\u00edpicas y populares estables, adem\u00e1s de recibir la visita de artistas y agrupaciones que reun\u00edan los nombres de Nin\u00ed Marshall, Luis Sandrini, Olinda Boz\u00e1n, An\u00edbal Troilo, Francisco Canaro, el locutor Julio C\u00e9sar Barton, Alberto Castillo, en una larga lista.<\/p>\n\n\n\n<p>Un fen\u00f3meno particular fue el del radioteatro: entre otros, el caso muy especial de \u00abChispazos de tradici\u00f3n\u00bb, definido como \u00abun churrasco criollo chorreando sangre gaucha\u00bb, escrito y dirigido por el inmigrante espa\u00f1ol Jos\u00e9 Andr\u00e9s Gonz\u00e1lez Pulido, que era denostado por los intelectuales pero lograba detener la ciudad a la hora de su transmisi\u00f3n, al punto de que muchos comerciantes del centro porte\u00f1o instalaban receptores en sus tiendas para no perder clientes.<\/p>\n\n\n\n<p>Hacia 1933, los elencos se multiplican y buscan su \u00abtarget\u00bb: hab\u00eda romanticismo, unitarios y federales, bandidos rurales, nativismo, infantiles, misterio, aventuras en lugares remotos. Las compa\u00f1\u00edas respond\u00edan a los nombres de Francisco Mastandrea, H\u00e9ctor Bates, Manuel Dom\u00ednguez y Manuel Ferrad\u00e1s Campos, quien en 1937 contrata a una desconocida llamada Eva Duarte para trabajar en \u00abOro blanco\u00bb.<\/p>\n\n\n\n<p>Entre los a\u00f1os 40 y 50 compet\u00edan los emprendimientos populares de Juan Carlos Chiappe (\u00abEl gorri\u00f3n de Buenos Aires\u00bb, \u00abLito, el diariero de la esquina\u00bb, \u00abNazareno Cruz y el lobo\u00bb, \u00abFachenzo el maldito\u00bb) con los intentos formativos de Armando Disc\u00e9polo, que vert\u00eda su experiencia teatral con el elenco Radio El Mundo y sus versiones de la literatura universal y pel\u00edculas famosas. En el \u00abTeatro Palmolive del Aire\u00bb, por La Voz del Aire, el gal\u00e1n Oscar Casco calificaba de \u00abmamarrachito m\u00edo\u00bb a Hilda Bernard.<\/p>\n\n\n\n<p>En paralelo con el peronismo y la cuesti\u00f3n del voto femenino aparec\u00edan autoras como Celia Alc\u00e1ntara (\u00abDe mujer a mujer\u00bb) y Nen\u00e9 Cascallar (\u00abHogar de mujeres\u00bb, \u00abLa chica de al lado\u00bb, \u00abNosotras las mujeres\u00bb).<\/p>\n\n\n\n<p>En la radio hubo de todo: libretos de hierro, publicidades en vivo, humor, f\u00fatbol, y desde que apareci\u00f3 la TV se la dio por muerta en numerosas oportunidades; desde las primeras transmisiones cuando nadie sab\u00eda que eran en AM, pas\u00f3 por la FM, la onda corta y lleg\u00f3 a las plataformas digitales. Por el momento nadie puede aducir que no est\u00e1 viva.<\/p>\n","protected":false},"excerpt":{"rendered":"<p>Quienes conocieron a Enrique Tel\u00e9maco Susini, fallecido en 1970, dicen recordar su f\u00edsico voluminoso y su expresi\u00f3n de \u00edmpetu, como si siempre estuviera esperando algo con optimismo. De hecho fue&hellip;<\/p>\n","protected":false},"author":3,"featured_media":108250,"comment_status":"closed","ping_status":"open","sticky":false,"template":"","format":"standard","meta":{"_acf_changed":false,"footnotes":""},"categories":[1,2],"tags":[3743,299],"class_list":["post-108248","post","type-post","status-publish","format-standard","has-post-thumbnail","hentry","category-es-noticia","category-cultura","tag-azotea","tag-radio"],"acf":[],"yoast_head":"<!-- This site is optimized with the Yoast SEO plugin v27.4 - https:\/\/yoast.com\/product\/yoast-seo-wordpress\/ -->\n<title>La radio argentina, pionera en el mundo, cumple sus primeros 100 a\u00f1os - Diario Textual<\/title>\n<meta name=\"robots\" content=\"index, follow, max-snippet:-1, max-image-preview:large, max-video-preview:-1\" \/>\n<link rel=\"canonical\" href=\"https:\/\/diariotextual.com\/inicio\/index.php\/2020\/08\/27\/la-radio-argentina-pionera-en-el-mundo-cumple-sus-primeros-100-anos\/\" \/>\n<meta property=\"og:locale\" content=\"es_ES\" \/>\n<meta property=\"og:type\" content=\"article\" \/>\n<meta property=\"og:title\" content=\"La radio argentina, pionera en el mundo, cumple sus primeros 100 a\u00f1os - Diario Textual\" \/>\n<meta property=\"og:description\" content=\"Quienes conocieron a Enrique Tel\u00e9maco Susini, fallecido en 1970, dicen recordar su f\u00edsico voluminoso y su expresi\u00f3n de \u00edmpetu, como si siempre estuviera esperando algo con optimismo. De hecho fue&hellip;\" \/>\n<meta property=\"og:url\" content=\"https:\/\/diariotextual.com\/inicio\/index.php\/2020\/08\/27\/la-radio-argentina-pionera-en-el-mundo-cumple-sus-primeros-100-anos\/\" \/>\n<meta property=\"og:site_name\" content=\"Diario Textual\" \/>\n<meta property=\"article:publisher\" content=\"https:\/\/www.facebook.com\/eltextual\" \/>\n<meta property=\"article:published_time\" content=\"2020-08-27T11:31:52+00:00\" \/>\n<meta property=\"article:modified_time\" content=\"2020-08-27T15:17:45+00:00\" \/>\n<meta property=\"og:image\" content=\"https:\/\/diariotextual.com\/inicio\/wp-content\/uploads\/2020\/08\/radioloslocosazotea22.jpeg\" \/>\n\t<meta property=\"og:image:width\" content=\"1118\" \/>\n\t<meta property=\"og:image:height\" content=\"674\" \/>\n\t<meta property=\"og:image:type\" content=\"image\/jpeg\" \/>\n<meta name=\"author\" content=\"Diario1 Diario1\" \/>\n<meta name=\"twitter:card\" content=\"summary_large_image\" \/>\n<meta name=\"twitter:creator\" content=\"@eltextual\" \/>\n<meta name=\"twitter:site\" content=\"@eltextual\" \/>\n<meta name=\"twitter:label1\" content=\"Escrito por\" \/>\n\t<meta name=\"twitter:data1\" content=\"Diario1 Diario1\" \/>\n\t<meta name=\"twitter:label2\" content=\"Tiempo de lectura\" \/>\n\t<meta name=\"twitter:data2\" content=\"5 minutos\" \/>\n<script type=\"application\/ld+json\" class=\"yoast-schema-graph\">{\"@context\":\"https:\\\/\\\/schema.org\",\"@graph\":[{\"@type\":\"Article\",\"@id\":\"https:\\\/\\\/diariotextual.com\\\/inicio\\\/index.php\\\/2020\\\/08\\\/27\\\/la-radio-argentina-pionera-en-el-mundo-cumple-sus-primeros-100-anos\\\/#article\",\"isPartOf\":{\"@id\":\"https:\\\/\\\/diariotextual.com\\\/inicio\\\/index.php\\\/2020\\\/08\\\/27\\\/la-radio-argentina-pionera-en-el-mundo-cumple-sus-primeros-100-anos\\\/\"},\"author\":{\"name\":\"Diario1 Diario1\",\"@id\":\"https:\\\/\\\/diariotextual.com\\\/inicio\\\/#\\\/schema\\\/person\\\/418fc4093c33e86ed41562db3508f958\"},\"headline\":\"La radio argentina, pionera en el mundo, cumple sus primeros 100 a\u00f1os\",\"datePublished\":\"2020-08-27T11:31:52+00:00\",\"dateModified\":\"2020-08-27T15:17:45+00:00\",\"mainEntityOfPage\":{\"@id\":\"https:\\\/\\\/diariotextual.com\\\/inicio\\\/index.php\\\/2020\\\/08\\\/27\\\/la-radio-argentina-pionera-en-el-mundo-cumple-sus-primeros-100-anos\\\/\"},\"wordCount\":1047,\"publisher\":{\"@id\":\"https:\\\/\\\/diariotextual.com\\\/inicio\\\/#organization\"},\"image\":{\"@id\":\"https:\\\/\\\/diariotextual.com\\\/inicio\\\/index.php\\\/2020\\\/08\\\/27\\\/la-radio-argentina-pionera-en-el-mundo-cumple-sus-primeros-100-anos\\\/#primaryimage\"},\"thumbnailUrl\":\"https:\\\/\\\/diariotextual.com\\\/inicio\\\/wp-content\\\/uploads\\\/2020\\\/08\\\/radioloslocosazotea22.jpeg\",\"keywords\":[\"azotea\",\"radio\"],\"articleSection\":[\"A - ES NOTICIA (van abajo)\",\"CULTURA\"],\"inLanguage\":\"es\"},{\"@type\":\"WebPage\",\"@id\":\"https:\\\/\\\/diariotextual.com\\\/inicio\\\/index.php\\\/2020\\\/08\\\/27\\\/la-radio-argentina-pionera-en-el-mundo-cumple-sus-primeros-100-anos\\\/\",\"url\":\"https:\\\/\\\/diariotextual.com\\\/inicio\\\/index.php\\\/2020\\\/08\\\/27\\\/la-radio-argentina-pionera-en-el-mundo-cumple-sus-primeros-100-anos\\\/\",\"name\":\"La radio argentina, pionera en el mundo, cumple sus primeros 100 a\u00f1os - Diario Textual\",\"isPartOf\":{\"@id\":\"https:\\\/\\\/diariotextual.com\\\/inicio\\\/#website\"},\"primaryImageOfPage\":{\"@id\":\"https:\\\/\\\/diariotextual.com\\\/inicio\\\/index.php\\\/2020\\\/08\\\/27\\\/la-radio-argentina-pionera-en-el-mundo-cumple-sus-primeros-100-anos\\\/#primaryimage\"},\"image\":{\"@id\":\"https:\\\/\\\/diariotextual.com\\\/inicio\\\/index.php\\\/2020\\\/08\\\/27\\\/la-radio-argentina-pionera-en-el-mundo-cumple-sus-primeros-100-anos\\\/#primaryimage\"},\"thumbnailUrl\":\"https:\\\/\\\/diariotextual.com\\\/inicio\\\/wp-content\\\/uploads\\\/2020\\\/08\\\/radioloslocosazotea22.jpeg\",\"datePublished\":\"2020-08-27T11:31:52+00:00\",\"dateModified\":\"2020-08-27T15:17:45+00:00\",\"breadcrumb\":{\"@id\":\"https:\\\/\\\/diariotextual.com\\\/inicio\\\/index.php\\\/2020\\\/08\\\/27\\\/la-radio-argentina-pionera-en-el-mundo-cumple-sus-primeros-100-anos\\\/#breadcrumb\"},\"inLanguage\":\"es\",\"potentialAction\":[{\"@type\":\"ReadAction\",\"target\":[\"https:\\\/\\\/diariotextual.com\\\/inicio\\\/index.php\\\/2020\\\/08\\\/27\\\/la-radio-argentina-pionera-en-el-mundo-cumple-sus-primeros-100-anos\\\/\"]}]},{\"@type\":\"ImageObject\",\"inLanguage\":\"es\",\"@id\":\"https:\\\/\\\/diariotextual.com\\\/inicio\\\/index.php\\\/2020\\\/08\\\/27\\\/la-radio-argentina-pionera-en-el-mundo-cumple-sus-primeros-100-anos\\\/#primaryimage\",\"url\":\"https:\\\/\\\/diariotextual.com\\\/inicio\\\/wp-content\\\/uploads\\\/2020\\\/08\\\/radioloslocosazotea22.jpeg\",\"contentUrl\":\"https:\\\/\\\/diariotextual.com\\\/inicio\\\/wp-content\\\/uploads\\\/2020\\\/08\\\/radioloslocosazotea22.jpeg\",\"width\":1118,\"height\":674},{\"@type\":\"BreadcrumbList\",\"@id\":\"https:\\\/\\\/diariotextual.com\\\/inicio\\\/index.php\\\/2020\\\/08\\\/27\\\/la-radio-argentina-pionera-en-el-mundo-cumple-sus-primeros-100-anos\\\/#breadcrumb\",\"itemListElement\":[{\"@type\":\"ListItem\",\"position\":1,\"name\":\"Portada\",\"item\":\"https:\\\/\\\/diariotextual.com\\\/inicio\\\/\"},{\"@type\":\"ListItem\",\"position\":2,\"name\":\"La radio argentina, pionera en el mundo, cumple sus primeros 100 a\u00f1os\"}]},{\"@type\":\"WebSite\",\"@id\":\"https:\\\/\\\/diariotextual.com\\\/inicio\\\/#website\",\"url\":\"https:\\\/\\\/diariotextual.com\\\/inicio\\\/\",\"name\":\"Diario Textual\",\"description\":\"\",\"publisher\":{\"@id\":\"https:\\\/\\\/diariotextual.com\\\/inicio\\\/#organization\"},\"potentialAction\":[{\"@type\":\"SearchAction\",\"target\":{\"@type\":\"EntryPoint\",\"urlTemplate\":\"https:\\\/\\\/diariotextual.com\\\/inicio\\\/?s={search_term_string}\"},\"query-input\":{\"@type\":\"PropertyValueSpecification\",\"valueRequired\":true,\"valueName\":\"search_term_string\"}}],\"inLanguage\":\"es\"},{\"@type\":\"Organization\",\"@id\":\"https:\\\/\\\/diariotextual.com\\\/inicio\\\/#organization\",\"name\":\"Diario Textual\",\"url\":\"https:\\\/\\\/diariotextual.com\\\/inicio\\\/\",\"logo\":{\"@type\":\"ImageObject\",\"inLanguage\":\"es\",\"@id\":\"https:\\\/\\\/diariotextual.com\\\/inicio\\\/#\\\/schema\\\/logo\\\/image\\\/\",\"url\":\"https:\\\/\\\/diariotextual.com\\\/inicio\\\/wp-content\\\/uploads\\\/2023\\\/05\\\/logotextual1.jpg\",\"contentUrl\":\"https:\\\/\\\/diariotextual.com\\\/inicio\\\/wp-content\\\/uploads\\\/2023\\\/05\\\/logotextual1.jpg\",\"width\":516,\"height\":76,\"caption\":\"Diario Textual\"},\"image\":{\"@id\":\"https:\\\/\\\/diariotextual.com\\\/inicio\\\/#\\\/schema\\\/logo\\\/image\\\/\"},\"sameAs\":[\"https:\\\/\\\/www.facebook.com\\\/eltextual\",\"https:\\\/\\\/x.com\\\/eltextual\",\"http:\\\/\\\/www.instagram.com\\\/eltextual\"]},{\"@type\":\"Person\",\"@id\":\"https:\\\/\\\/diariotextual.com\\\/inicio\\\/#\\\/schema\\\/person\\\/418fc4093c33e86ed41562db3508f958\",\"name\":\"Diario1 Diario1\",\"image\":{\"@type\":\"ImageObject\",\"inLanguage\":\"es\",\"@id\":\"https:\\\/\\\/secure.gravatar.com\\\/avatar\\\/9167d280179c85bc18be67aa7eda765854300033af4896dd779b608640f2ef7a?s=96&d=mm&r=g\",\"url\":\"https:\\\/\\\/secure.gravatar.com\\\/avatar\\\/9167d280179c85bc18be67aa7eda765854300033af4896dd779b608640f2ef7a?s=96&d=mm&r=g\",\"contentUrl\":\"https:\\\/\\\/secure.gravatar.com\\\/avatar\\\/9167d280179c85bc18be67aa7eda765854300033af4896dd779b608640f2ef7a?s=96&d=mm&r=g\",\"caption\":\"Diario1 Diario1\"},\"url\":\"https:\\\/\\\/diariotextual.com\\\/inicio\\\/index.php\\\/author\\\/diario1\\\/\"}]}<\/script>\n<!-- \/ Yoast SEO plugin. -->","yoast_head_json":{"title":"La radio argentina, pionera en el mundo, cumple sus primeros 100 a\u00f1os - Diario Textual","robots":{"index":"index","follow":"follow","max-snippet":"max-snippet:-1","max-image-preview":"max-image-preview:large","max-video-preview":"max-video-preview:-1"},"canonical":"https:\/\/diariotextual.com\/inicio\/index.php\/2020\/08\/27\/la-radio-argentina-pionera-en-el-mundo-cumple-sus-primeros-100-anos\/","og_locale":"es_ES","og_type":"article","og_title":"La radio argentina, pionera en el mundo, cumple sus primeros 100 a\u00f1os - Diario Textual","og_description":"Quienes conocieron a Enrique Tel\u00e9maco Susini, fallecido en 1970, dicen recordar su f\u00edsico voluminoso y su expresi\u00f3n de \u00edmpetu, como si siempre estuviera esperando algo con optimismo. De hecho fue&hellip;","og_url":"https:\/\/diariotextual.com\/inicio\/index.php\/2020\/08\/27\/la-radio-argentina-pionera-en-el-mundo-cumple-sus-primeros-100-anos\/","og_site_name":"Diario Textual","article_publisher":"https:\/\/www.facebook.com\/eltextual","article_published_time":"2020-08-27T11:31:52+00:00","article_modified_time":"2020-08-27T15:17:45+00:00","og_image":[{"width":1118,"height":674,"url":"https:\/\/diariotextual.com\/inicio\/wp-content\/uploads\/2020\/08\/radioloslocosazotea22.jpeg","type":"image\/jpeg"}],"author":"Diario1 Diario1","twitter_card":"summary_large_image","twitter_creator":"@eltextual","twitter_site":"@eltextual","twitter_misc":{"Escrito por":"Diario1 Diario1","Tiempo de lectura":"5 minutos"},"schema":{"@context":"https:\/\/schema.org","@graph":[{"@type":"Article","@id":"https:\/\/diariotextual.com\/inicio\/index.php\/2020\/08\/27\/la-radio-argentina-pionera-en-el-mundo-cumple-sus-primeros-100-anos\/#article","isPartOf":{"@id":"https:\/\/diariotextual.com\/inicio\/index.php\/2020\/08\/27\/la-radio-argentina-pionera-en-el-mundo-cumple-sus-primeros-100-anos\/"},"author":{"name":"Diario1 Diario1","@id":"https:\/\/diariotextual.com\/inicio\/#\/schema\/person\/418fc4093c33e86ed41562db3508f958"},"headline":"La radio argentina, pionera en el mundo, cumple sus primeros 100 a\u00f1os","datePublished":"2020-08-27T11:31:52+00:00","dateModified":"2020-08-27T15:17:45+00:00","mainEntityOfPage":{"@id":"https:\/\/diariotextual.com\/inicio\/index.php\/2020\/08\/27\/la-radio-argentina-pionera-en-el-mundo-cumple-sus-primeros-100-anos\/"},"wordCount":1047,"publisher":{"@id":"https:\/\/diariotextual.com\/inicio\/#organization"},"image":{"@id":"https:\/\/diariotextual.com\/inicio\/index.php\/2020\/08\/27\/la-radio-argentina-pionera-en-el-mundo-cumple-sus-primeros-100-anos\/#primaryimage"},"thumbnailUrl":"https:\/\/diariotextual.com\/inicio\/wp-content\/uploads\/2020\/08\/radioloslocosazotea22.jpeg","keywords":["azotea","radio"],"articleSection":["A - ES NOTICIA (van abajo)","CULTURA"],"inLanguage":"es"},{"@type":"WebPage","@id":"https:\/\/diariotextual.com\/inicio\/index.php\/2020\/08\/27\/la-radio-argentina-pionera-en-el-mundo-cumple-sus-primeros-100-anos\/","url":"https:\/\/diariotextual.com\/inicio\/index.php\/2020\/08\/27\/la-radio-argentina-pionera-en-el-mundo-cumple-sus-primeros-100-anos\/","name":"La radio argentina, pionera en el mundo, cumple sus primeros 100 a\u00f1os - Diario Textual","isPartOf":{"@id":"https:\/\/diariotextual.com\/inicio\/#website"},"primaryImageOfPage":{"@id":"https:\/\/diariotextual.com\/inicio\/index.php\/2020\/08\/27\/la-radio-argentina-pionera-en-el-mundo-cumple-sus-primeros-100-anos\/#primaryimage"},"image":{"@id":"https:\/\/diariotextual.com\/inicio\/index.php\/2020\/08\/27\/la-radio-argentina-pionera-en-el-mundo-cumple-sus-primeros-100-anos\/#primaryimage"},"thumbnailUrl":"https:\/\/diariotextual.com\/inicio\/wp-content\/uploads\/2020\/08\/radioloslocosazotea22.jpeg","datePublished":"2020-08-27T11:31:52+00:00","dateModified":"2020-08-27T15:17:45+00:00","breadcrumb":{"@id":"https:\/\/diariotextual.com\/inicio\/index.php\/2020\/08\/27\/la-radio-argentina-pionera-en-el-mundo-cumple-sus-primeros-100-anos\/#breadcrumb"},"inLanguage":"es","potentialAction":[{"@type":"ReadAction","target":["https:\/\/diariotextual.com\/inicio\/index.php\/2020\/08\/27\/la-radio-argentina-pionera-en-el-mundo-cumple-sus-primeros-100-anos\/"]}]},{"@type":"ImageObject","inLanguage":"es","@id":"https:\/\/diariotextual.com\/inicio\/index.php\/2020\/08\/27\/la-radio-argentina-pionera-en-el-mundo-cumple-sus-primeros-100-anos\/#primaryimage","url":"https:\/\/diariotextual.com\/inicio\/wp-content\/uploads\/2020\/08\/radioloslocosazotea22.jpeg","contentUrl":"https:\/\/diariotextual.com\/inicio\/wp-content\/uploads\/2020\/08\/radioloslocosazotea22.jpeg","width":1118,"height":674},{"@type":"BreadcrumbList","@id":"https:\/\/diariotextual.com\/inicio\/index.php\/2020\/08\/27\/la-radio-argentina-pionera-en-el-mundo-cumple-sus-primeros-100-anos\/#breadcrumb","itemListElement":[{"@type":"ListItem","position":1,"name":"Portada","item":"https:\/\/diariotextual.com\/inicio\/"},{"@type":"ListItem","position":2,"name":"La radio argentina, pionera en el mundo, cumple sus primeros 100 a\u00f1os"}]},{"@type":"WebSite","@id":"https:\/\/diariotextual.com\/inicio\/#website","url":"https:\/\/diariotextual.com\/inicio\/","name":"Diario Textual","description":"","publisher":{"@id":"https:\/\/diariotextual.com\/inicio\/#organization"},"potentialAction":[{"@type":"SearchAction","target":{"@type":"EntryPoint","urlTemplate":"https:\/\/diariotextual.com\/inicio\/?s={search_term_string}"},"query-input":{"@type":"PropertyValueSpecification","valueRequired":true,"valueName":"search_term_string"}}],"inLanguage":"es"},{"@type":"Organization","@id":"https:\/\/diariotextual.com\/inicio\/#organization","name":"Diario Textual","url":"https:\/\/diariotextual.com\/inicio\/","logo":{"@type":"ImageObject","inLanguage":"es","@id":"https:\/\/diariotextual.com\/inicio\/#\/schema\/logo\/image\/","url":"https:\/\/diariotextual.com\/inicio\/wp-content\/uploads\/2023\/05\/logotextual1.jpg","contentUrl":"https:\/\/diariotextual.com\/inicio\/wp-content\/uploads\/2023\/05\/logotextual1.jpg","width":516,"height":76,"caption":"Diario Textual"},"image":{"@id":"https:\/\/diariotextual.com\/inicio\/#\/schema\/logo\/image\/"},"sameAs":["https:\/\/www.facebook.com\/eltextual","https:\/\/x.com\/eltextual","http:\/\/www.instagram.com\/eltextual"]},{"@type":"Person","@id":"https:\/\/diariotextual.com\/inicio\/#\/schema\/person\/418fc4093c33e86ed41562db3508f958","name":"Diario1 Diario1","image":{"@type":"ImageObject","inLanguage":"es","@id":"https:\/\/secure.gravatar.com\/avatar\/9167d280179c85bc18be67aa7eda765854300033af4896dd779b608640f2ef7a?s=96&d=mm&r=g","url":"https:\/\/secure.gravatar.com\/avatar\/9167d280179c85bc18be67aa7eda765854300033af4896dd779b608640f2ef7a?s=96&d=mm&r=g","contentUrl":"https:\/\/secure.gravatar.com\/avatar\/9167d280179c85bc18be67aa7eda765854300033af4896dd779b608640f2ef7a?s=96&d=mm&r=g","caption":"Diario1 Diario1"},"url":"https:\/\/diariotextual.com\/inicio\/index.php\/author\/diario1\/"}]}},"_links":{"self":[{"href":"https:\/\/diariotextual.com\/inicio\/index.php\/wp-json\/wp\/v2\/posts\/108248","targetHints":{"allow":["GET"]}}],"collection":[{"href":"https:\/\/diariotextual.com\/inicio\/index.php\/wp-json\/wp\/v2\/posts"}],"about":[{"href":"https:\/\/diariotextual.com\/inicio\/index.php\/wp-json\/wp\/v2\/types\/post"}],"author":[{"embeddable":true,"href":"https:\/\/diariotextual.com\/inicio\/index.php\/wp-json\/wp\/v2\/users\/3"}],"replies":[{"embeddable":true,"href":"https:\/\/diariotextual.com\/inicio\/index.php\/wp-json\/wp\/v2\/comments?post=108248"}],"version-history":[{"count":2,"href":"https:\/\/diariotextual.com\/inicio\/index.php\/wp-json\/wp\/v2\/posts\/108248\/revisions"}],"predecessor-version":[{"id":108254,"href":"https:\/\/diariotextual.com\/inicio\/index.php\/wp-json\/wp\/v2\/posts\/108248\/revisions\/108254"}],"wp:featuredmedia":[{"embeddable":true,"href":"https:\/\/diariotextual.com\/inicio\/index.php\/wp-json\/wp\/v2\/media\/108250"}],"wp:attachment":[{"href":"https:\/\/diariotextual.com\/inicio\/index.php\/wp-json\/wp\/v2\/media?parent=108248"}],"wp:term":[{"taxonomy":"category","embeddable":true,"href":"https:\/\/diariotextual.com\/inicio\/index.php\/wp-json\/wp\/v2\/categories?post=108248"},{"taxonomy":"post_tag","embeddable":true,"href":"https:\/\/diariotextual.com\/inicio\/index.php\/wp-json\/wp\/v2\/tags?post=108248"}],"curies":[{"name":"wp","href":"https:\/\/api.w.org\/{rel}","templated":true}]}}