{"id":108488,"date":"2020-08-28T19:01:00","date_gmt":"2020-08-28T22:01:00","guid":{"rendered":"http:\/\/diariotextual.com\/inicio\/?p=108488"},"modified":"2020-08-29T13:38:34","modified_gmt":"2020-08-29T16:38:34","slug":"el-frente-de-todos-ingresa-este-viernes-el-proyecto-de-impuesto-a-las-grandes-fortunas","status":"publish","type":"post","link":"https:\/\/diariotextual.com\/inicio\/index.php\/2020\/08\/28\/el-frente-de-todos-ingresa-este-viernes-el-proyecto-de-impuesto-a-las-grandes-fortunas\/","title":{"rendered":"El oficialismo envi\u00f3, con la firma de Rauschenberger, la ley del impuesto a la riqueza"},"content":{"rendered":"\n<p>Diputados del Frente de Todos -entre ellos, el pampeano Ariel Rauchenberger, presentaron el proyecto de ley que propone crear, por \u00fanica vez, un impuesto a los patrimonios que superen los 200 millones de pesos, a fin de reforzar la recaudaci\u00f3n fiscal tras la fuerte ca\u00edda derivada de la crisis econ\u00f3mica generada por la pandemia de coronavirus.<\/p>\n\n\n\n<p><br>El texto, que ingres\u00f3 por Mesa de Entradas y ahora debe ser girado a las comisiones que lo estudiar\u00e1n, fue firmado por M\u00e1ximo Kirchner, Jos\u00e9 Luis Gioja, Hugo Yasky, Ita\u00ed Hagman, Fernanda Vallejos, Juan Carlos Alderete, Leonardo Grosso, Luc\u00eda Corpacci, <strong>Ariel Rauschenberger<\/strong>, Gabriela Cerruti, Alicia Aparicio, Elda Pertile, Marcelo Casaretto y Mart\u00edn Soria.<\/p>\n\n\n\n<p>El proyecto busca <strong>gravar por \u00fanica vez con una tasa del 2% al 3,5% los patrimonios de m\u00e1s de 3.000 millones de pesos<\/strong>. \u201cEl <strong>universo de personas que pagar\u00edan el impuesto son 12.000. <\/strong>Esto deber\u00eda producir un ingreso superior a los 300.000 millones de pesos\u201d, explic\u00f3 Carlos Heller.<\/p>\n\n\n\n<p>La semana pr\u00f3xima habr\u00e1 reuni\u00f3n de la Comisi\u00f3n de Presupuesto de cara a sacar dictamen en 15 d\u00edas.<\/p>\n\n\n\n<p>El proyecto presenta<strong>&nbsp;una al\u00edcuota del 2% para aquellos contribuyentes cuyo patrimonio declarado supera el umbral de los $200 millones,<\/strong>&nbsp;con&nbsp;<strong>una escala de cargas crecientes de&nbsp;<\/strong>acuerdo a la riqueza de cada ciudadano.&nbsp;<strong>La al\u00edcuota mayor, del 3,5%, alcanza a 300 personas, estimaron legisladores del Frente de Todos.<\/strong><\/p>\n\n\n\n<p>El proyecto que se consensu\u00f3 en el oficialismo sostiene que por el total de bienes en el exterior las personas humanas tributar\u00e1n un recargo del 50% sobre la al\u00edcuota que le corresponder\u00eda. Pero si el contribuyente trae el 30% de sus tenencias financieras que tienen declaradas en el exterior, la sobre tasa se elimina y paga por todo como si lo tuvieran en el pa\u00eds, inform\u00f3 el diario \u00c1mbito Financiero.<\/p>\n\n\n\n<p>Fuentes del Frente de Todos explicaron que, tal como se defini\u00f3 desde un primer momento, <strong>el aporte solidario tiene como finalidad atender la situaci\u00f3n de los sectores m\u00e1s afectados por la pandemia<\/strong>.<\/p>\n\n\n\n<p>Estas son las 10 claves a tener en cuenta del proyecto:<\/p>\n\n\n\n<p>1- Se esperan recaudar $300.000\u00a0millones.<\/p>\n\n\n\n<p>2- Aportar\u00e1n las personas que han declarado al 31 de diciembre de 2019 un patrimonio superior a los $200 millones.<\/p>\n\n\n\n<p>3- Las escalas de tributaci\u00f3n ser\u00e1n las siguientes:\u00a0<strong>2% para ente $200-$300 millones; 2,25% hasta $400 millones; 2,75% hasta $600 millones; 3% hasta $800 millones; 3,25% hasta $1.500 millones; y 3,5% para m\u00e1s de $3.000 millones.<\/strong><\/p>\n\n\n\n<p>4- Alcanzar\u00e1 a unas 12.000 personas (no afecta a las empresas).<\/p>\n\n\n\n<p>5- Por el total de bienes en el exterior se tributar\u00e1 un recargo del 50% sobre la al\u00edcuota que corresponda seg\u00fan el patrimonio declarado.<\/p>\n\n\n\n<p>6- Si se repatria el 30% de las tenencias financieras que se tienen declaradas afuera, el diferencial se elimina y se paga por todo como si lo tuvieran en el pa\u00eds.<\/p>\n\n\n\n<p>7- El destino de los fondos recaudados ser\u00e1 con afectaci\u00f3n espec\u00edfica.<\/p>\n\n\n\n<ul class=\"wp-block-list\"><li>Un 20% a la compra y elaboraci\u00f3n de equipamiento m\u00e9dico, elementos de protecci\u00f3n, medicamentos, vacunas y todo otro insumo cr\u00edtico para la prevenci\u00f3n y asistencia sanitaria.<\/li><li>Un 20% a subsidios a las Micro, Peque\u00f1as y Medianas Empresas en los t\u00e9rminos del art\u00edculo 2\u00b0 de la Ley N\u00b0 24.467 y sus modificatorias y normas complementarias, con el principal objetivo de sostener el empleo y las remuneraciones de sus trabajadores.<\/li><li>Un 20% destinado al programa integral de becas Progresar, gestionado en el \u00e1mbito del Ministerio de Educaci\u00f3n, que permitir\u00e1 reforzar este programa que acompa\u00f1a a las y los estudiantes con un incentivo econ\u00f3mico y un importante est\u00edmulo personal en todos los niveles de formaci\u00f3n durante su trayectoria educativa y acad\u00e9mica.<\/li><li>Un 15% a los habitantes de los barrios populares identificados en el registro Nacional de Barrios Populares en Proceso de Integraci\u00f3n Urbana (RENABAP) para fortalecer dicho proceso, enfocado en la mejora de la salud y de las condiciones habitacionales de sus habitantes.<\/li><li>Un 25% a programas de exploraci\u00f3n, desarrollo y producci\u00f3n de gas natural, actividad que resulta de inter\u00e9s p\u00fablico nacional, a trav\u00e9s de Integraci\u00f3n Energ\u00e9tica Argentina S.A. la cual viabilizar\u00e1 dichos proyectos proponiendo y acordando con YPF S.A. en forma exclusiva, las distintas modalidades de ejecuci\u00f3n de los proyectos. Queda establecido que Integraci\u00f3n Energ\u00e9tica Argentina S.A. deber\u00e1 reinvertir las utilidades provenientes de los mencionados proyectos, en nuevos proyectos de gas natural durante un plazo no inferior a diez a\u00f1os a contar desde el inicio de vigencia del presente r\u00e9gimen.<\/li><\/ul>\n\n\n\n<p>8- El Poder Ejecutivo deber\u00e1 realizar una distribuci\u00f3n federal.<\/p>\n\n\n\n<p>9- La semana que viene ser\u00e1 tratado en la Comisi\u00f3n de Presupuesto.<\/p>\n\n\n\n<p>10- Por ser un proyecto que modifica el esquema impositivo, requiere para su aprobaci\u00f3n de mayor\u00edas especiales en el Congreso. En el caso de Diputados, requerir\u00e1 129 votos.<\/p>\n\n\n\n<p><\/p>\n","protected":false},"excerpt":{"rendered":"<p>Diputados del Frente de Todos -entre ellos, el pampeano Ariel Rauchenberger, presentaron el proyecto de ley que propone crear, por \u00fanica vez, un impuesto a los patrimonios que superen los&hellip;<\/p>\n","protected":false},"author":5,"featured_media":93341,"comment_status":"closed","ping_status":"open","sticky":false,"template":"","format":"standard","meta":{"_acf_changed":false,"footnotes":""},"categories":[11,8],"tags":[3523],"class_list":["post-108488","post","type-post","status-publish","format-standard","has-post-thumbnail","hentry","category-que-pasa","category-politica","tag-impuesto"],"acf":[],"yoast_head":"<!-- This site is optimized with the Yoast SEO plugin v27.5 - https:\/\/yoast.com\/product\/yoast-seo-wordpress\/ -->\n<title>El oficialismo envi\u00f3, con la firma de Rauschenberger, la ley del impuesto a la riqueza - Diario Textual<\/title>\n<meta name=\"robots\" content=\"index, follow, max-snippet:-1, max-image-preview:large, max-video-preview:-1\" \/>\n<link rel=\"canonical\" href=\"https:\/\/diariotextual.com\/inicio\/index.php\/2020\/08\/28\/el-frente-de-todos-ingresa-este-viernes-el-proyecto-de-impuesto-a-las-grandes-fortunas\/\" \/>\n<meta property=\"og:locale\" content=\"es_ES\" \/>\n<meta property=\"og:type\" content=\"article\" \/>\n<meta property=\"og:title\" content=\"El oficialismo envi\u00f3, con la firma de Rauschenberger, la ley del impuesto a la riqueza - Diario Textual\" \/>\n<meta property=\"og:description\" content=\"Diputados del Frente de Todos -entre ellos, el pampeano Ariel Rauchenberger, presentaron el proyecto de ley que propone crear, por \u00fanica vez, un impuesto a los patrimonios que superen los&hellip;\" \/>\n<meta property=\"og:url\" content=\"https:\/\/diariotextual.com\/inicio\/index.php\/2020\/08\/28\/el-frente-de-todos-ingresa-este-viernes-el-proyecto-de-impuesto-a-las-grandes-fortunas\/\" \/>\n<meta property=\"og:site_name\" content=\"Diario Textual\" \/>\n<meta property=\"article:publisher\" content=\"https:\/\/www.facebook.com\/eltextual\" \/>\n<meta property=\"article:published_time\" content=\"2020-08-28T22:01:00+00:00\" \/>\n<meta property=\"article:modified_time\" content=\"2020-08-29T16:38:34+00:00\" \/>\n<meta property=\"og:image\" content=\"https:\/\/diariotextual.com\/inicio\/wp-content\/uploads\/2020\/05\/diputadosseionvirtual.jpg\" \/>\n\t<meta property=\"og:image:width\" content=\"700\" \/>\n\t<meta property=\"og:image:height\" content=\"403\" \/>\n\t<meta property=\"og:image:type\" content=\"image\/jpeg\" \/>\n<meta name=\"author\" content=\"diario3\" \/>\n<meta name=\"twitter:card\" content=\"summary_large_image\" \/>\n<meta name=\"twitter:creator\" content=\"@eltextual\" \/>\n<meta name=\"twitter:site\" content=\"@eltextual\" \/>\n<meta name=\"twitter:label1\" content=\"Escrito por\" \/>\n\t<meta name=\"twitter:data1\" content=\"diario3\" \/>\n\t<meta name=\"twitter:label2\" content=\"Tiempo de lectura\" \/>\n\t<meta name=\"twitter:data2\" content=\"4 minutos\" \/>\n<script type=\"application\/ld+json\" class=\"yoast-schema-graph\">{\"@context\":\"https:\\\/\\\/schema.org\",\"@graph\":[{\"@type\":\"Article\",\"@id\":\"https:\\\/\\\/diariotextual.com\\\/inicio\\\/index.php\\\/2020\\\/08\\\/28\\\/el-frente-de-todos-ingresa-este-viernes-el-proyecto-de-impuesto-a-las-grandes-fortunas\\\/#article\",\"isPartOf\":{\"@id\":\"https:\\\/\\\/diariotextual.com\\\/inicio\\\/index.php\\\/2020\\\/08\\\/28\\\/el-frente-de-todos-ingresa-este-viernes-el-proyecto-de-impuesto-a-las-grandes-fortunas\\\/\"},\"author\":{\"name\":\"diario3\",\"@id\":\"https:\\\/\\\/diariotextual.com\\\/inicio\\\/#\\\/schema\\\/person\\\/a1b6f563e0ee944c60f98119389a4d9f\"},\"headline\":\"El oficialismo envi\u00f3, con la firma de Rauschenberger, la ley del impuesto a la riqueza\",\"datePublished\":\"2020-08-28T22:01:00+00:00\",\"dateModified\":\"2020-08-29T16:38:34+00:00\",\"mainEntityOfPage\":{\"@id\":\"https:\\\/\\\/diariotextual.com\\\/inicio\\\/index.php\\\/2020\\\/08\\\/28\\\/el-frente-de-todos-ingresa-este-viernes-el-proyecto-de-impuesto-a-las-grandes-fortunas\\\/\"},\"wordCount\":818,\"publisher\":{\"@id\":\"https:\\\/\\\/diariotextual.com\\\/inicio\\\/#organization\"},\"image\":{\"@id\":\"https:\\\/\\\/diariotextual.com\\\/inicio\\\/index.php\\\/2020\\\/08\\\/28\\\/el-frente-de-todos-ingresa-este-viernes-el-proyecto-de-impuesto-a-las-grandes-fortunas\\\/#primaryimage\"},\"thumbnailUrl\":\"https:\\\/\\\/diariotextual.com\\\/inicio\\\/wp-content\\\/uploads\\\/2020\\\/05\\\/diputadosseionvirtual.jpg\",\"keywords\":[\"impuesto\"],\"articleSection\":[\"A - QUE PASA (al costado)\",\"POLITICA\"],\"inLanguage\":\"es\"},{\"@type\":\"WebPage\",\"@id\":\"https:\\\/\\\/diariotextual.com\\\/inicio\\\/index.php\\\/2020\\\/08\\\/28\\\/el-frente-de-todos-ingresa-este-viernes-el-proyecto-de-impuesto-a-las-grandes-fortunas\\\/\",\"url\":\"https:\\\/\\\/diariotextual.com\\\/inicio\\\/index.php\\\/2020\\\/08\\\/28\\\/el-frente-de-todos-ingresa-este-viernes-el-proyecto-de-impuesto-a-las-grandes-fortunas\\\/\",\"name\":\"El oficialismo envi\u00f3, con la firma de Rauschenberger, la ley del impuesto a la riqueza - Diario Textual\",\"isPartOf\":{\"@id\":\"https:\\\/\\\/diariotextual.com\\\/inicio\\\/#website\"},\"primaryImageOfPage\":{\"@id\":\"https:\\\/\\\/diariotextual.com\\\/inicio\\\/index.php\\\/2020\\\/08\\\/28\\\/el-frente-de-todos-ingresa-este-viernes-el-proyecto-de-impuesto-a-las-grandes-fortunas\\\/#primaryimage\"},\"image\":{\"@id\":\"https:\\\/\\\/diariotextual.com\\\/inicio\\\/index.php\\\/2020\\\/08\\\/28\\\/el-frente-de-todos-ingresa-este-viernes-el-proyecto-de-impuesto-a-las-grandes-fortunas\\\/#primaryimage\"},\"thumbnailUrl\":\"https:\\\/\\\/diariotextual.com\\\/inicio\\\/wp-content\\\/uploads\\\/2020\\\/05\\\/diputadosseionvirtual.jpg\",\"datePublished\":\"2020-08-28T22:01:00+00:00\",\"dateModified\":\"2020-08-29T16:38:34+00:00\",\"breadcrumb\":{\"@id\":\"https:\\\/\\\/diariotextual.com\\\/inicio\\\/index.php\\\/2020\\\/08\\\/28\\\/el-frente-de-todos-ingresa-este-viernes-el-proyecto-de-impuesto-a-las-grandes-fortunas\\\/#breadcrumb\"},\"inLanguage\":\"es\",\"potentialAction\":[{\"@type\":\"ReadAction\",\"target\":[\"https:\\\/\\\/diariotextual.com\\\/inicio\\\/index.php\\\/2020\\\/08\\\/28\\\/el-frente-de-todos-ingresa-este-viernes-el-proyecto-de-impuesto-a-las-grandes-fortunas\\\/\"]}]},{\"@type\":\"ImageObject\",\"inLanguage\":\"es\",\"@id\":\"https:\\\/\\\/diariotextual.com\\\/inicio\\\/index.php\\\/2020\\\/08\\\/28\\\/el-frente-de-todos-ingresa-este-viernes-el-proyecto-de-impuesto-a-las-grandes-fortunas\\\/#primaryimage\",\"url\":\"https:\\\/\\\/diariotextual.com\\\/inicio\\\/wp-content\\\/uploads\\\/2020\\\/05\\\/diputadosseionvirtual.jpg\",\"contentUrl\":\"https:\\\/\\\/diariotextual.com\\\/inicio\\\/wp-content\\\/uploads\\\/2020\\\/05\\\/diputadosseionvirtual.jpg\",\"width\":700,\"height\":403},{\"@type\":\"BreadcrumbList\",\"@id\":\"https:\\\/\\\/diariotextual.com\\\/inicio\\\/index.php\\\/2020\\\/08\\\/28\\\/el-frente-de-todos-ingresa-este-viernes-el-proyecto-de-impuesto-a-las-grandes-fortunas\\\/#breadcrumb\",\"itemListElement\":[{\"@type\":\"ListItem\",\"position\":1,\"name\":\"Portada\",\"item\":\"https:\\\/\\\/diariotextual.com\\\/inicio\\\/\"},{\"@type\":\"ListItem\",\"position\":2,\"name\":\"El oficialismo envi\u00f3, con la firma de Rauschenberger, la ley del impuesto a la riqueza\"}]},{\"@type\":\"WebSite\",\"@id\":\"https:\\\/\\\/diariotextual.com\\\/inicio\\\/#website\",\"url\":\"https:\\\/\\\/diariotextual.com\\\/inicio\\\/\",\"name\":\"Diario Textual\",\"description\":\"\",\"publisher\":{\"@id\":\"https:\\\/\\\/diariotextual.com\\\/inicio\\\/#organization\"},\"potentialAction\":[{\"@type\":\"SearchAction\",\"target\":{\"@type\":\"EntryPoint\",\"urlTemplate\":\"https:\\\/\\\/diariotextual.com\\\/inicio\\\/?s={search_term_string}\"},\"query-input\":{\"@type\":\"PropertyValueSpecification\",\"valueRequired\":true,\"valueName\":\"search_term_string\"}}],\"inLanguage\":\"es\"},{\"@type\":\"Organization\",\"@id\":\"https:\\\/\\\/diariotextual.com\\\/inicio\\\/#organization\",\"name\":\"Diario Textual\",\"url\":\"https:\\\/\\\/diariotextual.com\\\/inicio\\\/\",\"logo\":{\"@type\":\"ImageObject\",\"inLanguage\":\"es\",\"@id\":\"https:\\\/\\\/diariotextual.com\\\/inicio\\\/#\\\/schema\\\/logo\\\/image\\\/\",\"url\":\"https:\\\/\\\/diariotextual.com\\\/inicio\\\/wp-content\\\/uploads\\\/2023\\\/05\\\/logotextual1.jpg\",\"contentUrl\":\"https:\\\/\\\/diariotextual.com\\\/inicio\\\/wp-content\\\/uploads\\\/2023\\\/05\\\/logotextual1.jpg\",\"width\":516,\"height\":76,\"caption\":\"Diario Textual\"},\"image\":{\"@id\":\"https:\\\/\\\/diariotextual.com\\\/inicio\\\/#\\\/schema\\\/logo\\\/image\\\/\"},\"sameAs\":[\"https:\\\/\\\/www.facebook.com\\\/eltextual\",\"https:\\\/\\\/x.com\\\/eltextual\",\"http:\\\/\\\/www.instagram.com\\\/eltextual\"]},{\"@type\":\"Person\",\"@id\":\"https:\\\/\\\/diariotextual.com\\\/inicio\\\/#\\\/schema\\\/person\\\/a1b6f563e0ee944c60f98119389a4d9f\",\"name\":\"diario3\",\"image\":{\"@type\":\"ImageObject\",\"inLanguage\":\"es\",\"@id\":\"https:\\\/\\\/secure.gravatar.com\\\/avatar\\\/5e7ee62c82fc04d9dd79d746a390d93c69c43223e5faeeb3ea9461ef752bfc5d?s=96&d=mm&r=g\",\"url\":\"https:\\\/\\\/secure.gravatar.com\\\/avatar\\\/5e7ee62c82fc04d9dd79d746a390d93c69c43223e5faeeb3ea9461ef752bfc5d?s=96&d=mm&r=g\",\"contentUrl\":\"https:\\\/\\\/secure.gravatar.com\\\/avatar\\\/5e7ee62c82fc04d9dd79d746a390d93c69c43223e5faeeb3ea9461ef752bfc5d?s=96&d=mm&r=g\",\"caption\":\"diario3\"},\"url\":\"https:\\\/\\\/diariotextual.com\\\/inicio\\\/index.php\\\/author\\\/diario3\\\/\"}]}<\/script>\n<!-- \/ Yoast SEO plugin. -->","yoast_head_json":{"title":"El oficialismo envi\u00f3, con la firma de Rauschenberger, la ley del impuesto a la riqueza - Diario Textual","robots":{"index":"index","follow":"follow","max-snippet":"max-snippet:-1","max-image-preview":"max-image-preview:large","max-video-preview":"max-video-preview:-1"},"canonical":"https:\/\/diariotextual.com\/inicio\/index.php\/2020\/08\/28\/el-frente-de-todos-ingresa-este-viernes-el-proyecto-de-impuesto-a-las-grandes-fortunas\/","og_locale":"es_ES","og_type":"article","og_title":"El oficialismo envi\u00f3, con la firma de Rauschenberger, la ley del impuesto a la riqueza - Diario Textual","og_description":"Diputados del Frente de Todos -entre ellos, el pampeano Ariel Rauchenberger, presentaron el proyecto de ley que propone crear, por \u00fanica vez, un impuesto a los patrimonios que superen los&hellip;","og_url":"https:\/\/diariotextual.com\/inicio\/index.php\/2020\/08\/28\/el-frente-de-todos-ingresa-este-viernes-el-proyecto-de-impuesto-a-las-grandes-fortunas\/","og_site_name":"Diario Textual","article_publisher":"https:\/\/www.facebook.com\/eltextual","article_published_time":"2020-08-28T22:01:00+00:00","article_modified_time":"2020-08-29T16:38:34+00:00","og_image":[{"width":700,"height":403,"url":"https:\/\/diariotextual.com\/inicio\/wp-content\/uploads\/2020\/05\/diputadosseionvirtual.jpg","type":"image\/jpeg"}],"author":"diario3","twitter_card":"summary_large_image","twitter_creator":"@eltextual","twitter_site":"@eltextual","twitter_misc":{"Escrito por":"diario3","Tiempo de lectura":"4 minutos"},"schema":{"@context":"https:\/\/schema.org","@graph":[{"@type":"Article","@id":"https:\/\/diariotextual.com\/inicio\/index.php\/2020\/08\/28\/el-frente-de-todos-ingresa-este-viernes-el-proyecto-de-impuesto-a-las-grandes-fortunas\/#article","isPartOf":{"@id":"https:\/\/diariotextual.com\/inicio\/index.php\/2020\/08\/28\/el-frente-de-todos-ingresa-este-viernes-el-proyecto-de-impuesto-a-las-grandes-fortunas\/"},"author":{"name":"diario3","@id":"https:\/\/diariotextual.com\/inicio\/#\/schema\/person\/a1b6f563e0ee944c60f98119389a4d9f"},"headline":"El oficialismo envi\u00f3, con la firma de Rauschenberger, la ley del impuesto a la riqueza","datePublished":"2020-08-28T22:01:00+00:00","dateModified":"2020-08-29T16:38:34+00:00","mainEntityOfPage":{"@id":"https:\/\/diariotextual.com\/inicio\/index.php\/2020\/08\/28\/el-frente-de-todos-ingresa-este-viernes-el-proyecto-de-impuesto-a-las-grandes-fortunas\/"},"wordCount":818,"publisher":{"@id":"https:\/\/diariotextual.com\/inicio\/#organization"},"image":{"@id":"https:\/\/diariotextual.com\/inicio\/index.php\/2020\/08\/28\/el-frente-de-todos-ingresa-este-viernes-el-proyecto-de-impuesto-a-las-grandes-fortunas\/#primaryimage"},"thumbnailUrl":"https:\/\/diariotextual.com\/inicio\/wp-content\/uploads\/2020\/05\/diputadosseionvirtual.jpg","keywords":["impuesto"],"articleSection":["A - QUE PASA (al costado)","POLITICA"],"inLanguage":"es"},{"@type":"WebPage","@id":"https:\/\/diariotextual.com\/inicio\/index.php\/2020\/08\/28\/el-frente-de-todos-ingresa-este-viernes-el-proyecto-de-impuesto-a-las-grandes-fortunas\/","url":"https:\/\/diariotextual.com\/inicio\/index.php\/2020\/08\/28\/el-frente-de-todos-ingresa-este-viernes-el-proyecto-de-impuesto-a-las-grandes-fortunas\/","name":"El oficialismo envi\u00f3, con la firma de Rauschenberger, la ley del impuesto a la riqueza - Diario Textual","isPartOf":{"@id":"https:\/\/diariotextual.com\/inicio\/#website"},"primaryImageOfPage":{"@id":"https:\/\/diariotextual.com\/inicio\/index.php\/2020\/08\/28\/el-frente-de-todos-ingresa-este-viernes-el-proyecto-de-impuesto-a-las-grandes-fortunas\/#primaryimage"},"image":{"@id":"https:\/\/diariotextual.com\/inicio\/index.php\/2020\/08\/28\/el-frente-de-todos-ingresa-este-viernes-el-proyecto-de-impuesto-a-las-grandes-fortunas\/#primaryimage"},"thumbnailUrl":"https:\/\/diariotextual.com\/inicio\/wp-content\/uploads\/2020\/05\/diputadosseionvirtual.jpg","datePublished":"2020-08-28T22:01:00+00:00","dateModified":"2020-08-29T16:38:34+00:00","breadcrumb":{"@id":"https:\/\/diariotextual.com\/inicio\/index.php\/2020\/08\/28\/el-frente-de-todos-ingresa-este-viernes-el-proyecto-de-impuesto-a-las-grandes-fortunas\/#breadcrumb"},"inLanguage":"es","potentialAction":[{"@type":"ReadAction","target":["https:\/\/diariotextual.com\/inicio\/index.php\/2020\/08\/28\/el-frente-de-todos-ingresa-este-viernes-el-proyecto-de-impuesto-a-las-grandes-fortunas\/"]}]},{"@type":"ImageObject","inLanguage":"es","@id":"https:\/\/diariotextual.com\/inicio\/index.php\/2020\/08\/28\/el-frente-de-todos-ingresa-este-viernes-el-proyecto-de-impuesto-a-las-grandes-fortunas\/#primaryimage","url":"https:\/\/diariotextual.com\/inicio\/wp-content\/uploads\/2020\/05\/diputadosseionvirtual.jpg","contentUrl":"https:\/\/diariotextual.com\/inicio\/wp-content\/uploads\/2020\/05\/diputadosseionvirtual.jpg","width":700,"height":403},{"@type":"BreadcrumbList","@id":"https:\/\/diariotextual.com\/inicio\/index.php\/2020\/08\/28\/el-frente-de-todos-ingresa-este-viernes-el-proyecto-de-impuesto-a-las-grandes-fortunas\/#breadcrumb","itemListElement":[{"@type":"ListItem","position":1,"name":"Portada","item":"https:\/\/diariotextual.com\/inicio\/"},{"@type":"ListItem","position":2,"name":"El oficialismo envi\u00f3, con la firma de Rauschenberger, la ley del impuesto a la riqueza"}]},{"@type":"WebSite","@id":"https:\/\/diariotextual.com\/inicio\/#website","url":"https:\/\/diariotextual.com\/inicio\/","name":"Diario Textual","description":"","publisher":{"@id":"https:\/\/diariotextual.com\/inicio\/#organization"},"potentialAction":[{"@type":"SearchAction","target":{"@type":"EntryPoint","urlTemplate":"https:\/\/diariotextual.com\/inicio\/?s={search_term_string}"},"query-input":{"@type":"PropertyValueSpecification","valueRequired":true,"valueName":"search_term_string"}}],"inLanguage":"es"},{"@type":"Organization","@id":"https:\/\/diariotextual.com\/inicio\/#organization","name":"Diario Textual","url":"https:\/\/diariotextual.com\/inicio\/","logo":{"@type":"ImageObject","inLanguage":"es","@id":"https:\/\/diariotextual.com\/inicio\/#\/schema\/logo\/image\/","url":"https:\/\/diariotextual.com\/inicio\/wp-content\/uploads\/2023\/05\/logotextual1.jpg","contentUrl":"https:\/\/diariotextual.com\/inicio\/wp-content\/uploads\/2023\/05\/logotextual1.jpg","width":516,"height":76,"caption":"Diario Textual"},"image":{"@id":"https:\/\/diariotextual.com\/inicio\/#\/schema\/logo\/image\/"},"sameAs":["https:\/\/www.facebook.com\/eltextual","https:\/\/x.com\/eltextual","http:\/\/www.instagram.com\/eltextual"]},{"@type":"Person","@id":"https:\/\/diariotextual.com\/inicio\/#\/schema\/person\/a1b6f563e0ee944c60f98119389a4d9f","name":"diario3","image":{"@type":"ImageObject","inLanguage":"es","@id":"https:\/\/secure.gravatar.com\/avatar\/5e7ee62c82fc04d9dd79d746a390d93c69c43223e5faeeb3ea9461ef752bfc5d?s=96&d=mm&r=g","url":"https:\/\/secure.gravatar.com\/avatar\/5e7ee62c82fc04d9dd79d746a390d93c69c43223e5faeeb3ea9461ef752bfc5d?s=96&d=mm&r=g","contentUrl":"https:\/\/secure.gravatar.com\/avatar\/5e7ee62c82fc04d9dd79d746a390d93c69c43223e5faeeb3ea9461ef752bfc5d?s=96&d=mm&r=g","caption":"diario3"},"url":"https:\/\/diariotextual.com\/inicio\/index.php\/author\/diario3\/"}]}},"_links":{"self":[{"href":"https:\/\/diariotextual.com\/inicio\/index.php\/wp-json\/wp\/v2\/posts\/108488","targetHints":{"allow":["GET"]}}],"collection":[{"href":"https:\/\/diariotextual.com\/inicio\/index.php\/wp-json\/wp\/v2\/posts"}],"about":[{"href":"https:\/\/diariotextual.com\/inicio\/index.php\/wp-json\/wp\/v2\/types\/post"}],"author":[{"embeddable":true,"href":"https:\/\/diariotextual.com\/inicio\/index.php\/wp-json\/wp\/v2\/users\/5"}],"replies":[{"embeddable":true,"href":"https:\/\/diariotextual.com\/inicio\/index.php\/wp-json\/wp\/v2\/comments?post=108488"}],"version-history":[{"count":8,"href":"https:\/\/diariotextual.com\/inicio\/index.php\/wp-json\/wp\/v2\/posts\/108488\/revisions"}],"predecessor-version":[{"id":108521,"href":"https:\/\/diariotextual.com\/inicio\/index.php\/wp-json\/wp\/v2\/posts\/108488\/revisions\/108521"}],"wp:featuredmedia":[{"embeddable":true,"href":"https:\/\/diariotextual.com\/inicio\/index.php\/wp-json\/wp\/v2\/media\/93341"}],"wp:attachment":[{"href":"https:\/\/diariotextual.com\/inicio\/index.php\/wp-json\/wp\/v2\/media?parent=108488"}],"wp:term":[{"taxonomy":"category","embeddable":true,"href":"https:\/\/diariotextual.com\/inicio\/index.php\/wp-json\/wp\/v2\/categories?post=108488"},{"taxonomy":"post_tag","embeddable":true,"href":"https:\/\/diariotextual.com\/inicio\/index.php\/wp-json\/wp\/v2\/tags?post=108488"}],"curies":[{"name":"wp","href":"https:\/\/api.w.org\/{rel}","templated":true}]}}