{"id":10878,"date":"2018-06-17T19:31:22","date_gmt":"2018-06-17T22:31:22","guid":{"rendered":"http:\/\/diariotextual.com\/inicio\/?p=10878"},"modified":"2018-06-17T23:13:34","modified_gmt":"2018-06-18T02:13:34","slug":"duque-se-impuso-balotaje-sera-presidente-colombia","status":"publish","type":"post","link":"https:\/\/diariotextual.com\/inicio\/index.php\/2018\/06\/17\/duque-se-impuso-balotaje-sera-presidente-colombia\/","title":{"rendered":"Duque se impuso en el balotaje y ser\u00e1 presidente de Colombia"},"content":{"rendered":"<p>El candidato derechista Iv\u00e1n Duque se convirti\u00f3 hoy en el nuevo presidente de Colombia con un 54,07 por ciento de los votos frente al 41,72 por ciento del izquierdista Gustavo Petro, sobre un 96,99 por ciento de las mesas escrutadas.<\/p>\n<p><!--more--><\/p>\n<p>Duque, quien lider\u00f3 los sondeos desde el inicio de la campa\u00f1a electoral, obtuvo un total de 10.077.906 votos. Por su parte, Petro cosech\u00f3 7.776.917 sufragios, mientras que los votos en blanco ascienden a 783.020.<\/p>\n<p>Sobre un total de 36 millones de personas habilitadas para votar, un total de 18.925.024 de colombianos acudieron a las urnas, lo que representa un 51,44 por ciento del padr\u00f3n.<\/p>\n<p>Duque llega a la Presidencia del pa\u00eds con el partido de derecha radical Centro Democr\u00e1tico, liderado por el expresidente \u00c1lvaro Uribe (2002-2010), a quien la oposici\u00f3n se\u00f1ala de ser el \u00abtitiritero\u00bb del pr\u00f3ximo mandatario.<\/p>\n<p>Las ideas de Gobierno de Duque, abogado de profesi\u00f3n y de 41 a\u00f1os, se oponen en varios aspectos a las de saliente presidente, Juan Manuel Santos, pues ha expresado su deseo de modificar los acuerdos de paz con la ex guerrilla de las FARC y condicionar la continuidad de las negociaciones con el \u00faltimo grupo rebelde del pa\u00eds, el ELN.<\/p>\n<p>Junto a Duque, las riendas del pa\u00eds quedar\u00e1n en manos de la primera mujer en la vicepresidencia, Marta Luc\u00eda Ram\u00edrez, de 63 a\u00f1os y con una amplia experiencia en el sector p\u00fablico.<\/p>\n<p>Duque asumir\u00e1 el poder el pr\u00f3ximo 7 de agosto y gobernar\u00e1 por cuatro a\u00f1os. La Constituci\u00f3n colombiana contempla la reelecci\u00f3n presidencial por un per\u00edodo m\u00e1s.<\/p>\n<p>Santos se despide de la Presidencia con una imagen favorable por debajo del 20 por ciento, a pesar de lograr el hist\u00f3rico acuerdo de fin del conflicto con las FARC (Fuerzas Armadas Revolucionarias de Colombia) y el reciente ingreso del pa\u00eds a la OCDE (Organizaci\u00f3n para la Cooperaci\u00f3n y el Desarrollo Econ\u00f3mico).<\/p>\n","protected":false},"excerpt":{"rendered":"<p>El candidato derechista Iv\u00e1n Duque se convirti\u00f3 hoy en el nuevo presidente de Colombia con un 54,07 por ciento de los votos frente al 41,72 por ciento del izquierdista Gustavo&hellip;<\/p>\n","protected":false},"author":5,"featured_media":10879,"comment_status":"open","ping_status":"open","sticky":false,"template":"","format":"standard","meta":{"_acf_changed":false,"footnotes":""},"categories":[11,7],"tags":[],"class_list":["post-10878","post","type-post","status-publish","format-standard","has-post-thumbnail","hentry","category-que-pasa","category-mundo"],"acf":[],"yoast_head":"<!-- This site is optimized with the Yoast SEO plugin v27.5 - https:\/\/yoast.com\/product\/yoast-seo-wordpress\/ -->\n<title>Duque se impuso en el balotaje y ser\u00e1 presidente de Colombia - Diario Textual<\/title>\n<meta name=\"robots\" content=\"index, follow, max-snippet:-1, max-image-preview:large, max-video-preview:-1\" \/>\n<link rel=\"canonical\" href=\"https:\/\/diariotextual.com\/inicio\/index.php\/2018\/06\/17\/duque-se-impuso-balotaje-sera-presidente-colombia\/\" \/>\n<meta property=\"og:locale\" content=\"es_ES\" \/>\n<meta property=\"og:type\" content=\"article\" \/>\n<meta property=\"og:title\" content=\"Duque se impuso en el balotaje y ser\u00e1 presidente de Colombia - Diario Textual\" \/>\n<meta property=\"og:description\" content=\"El candidato derechista Iv\u00e1n Duque se convirti\u00f3 hoy en el nuevo presidente de Colombia con un 54,07 por ciento de los votos frente al 41,72 por ciento del izquierdista Gustavo&hellip;\" \/>\n<meta property=\"og:url\" content=\"https:\/\/diariotextual.com\/inicio\/index.php\/2018\/06\/17\/duque-se-impuso-balotaje-sera-presidente-colombia\/\" \/>\n<meta property=\"og:site_name\" content=\"Diario Textual\" \/>\n<meta property=\"article:publisher\" content=\"https:\/\/www.facebook.com\/eltextual\" \/>\n<meta property=\"article:published_time\" content=\"2018-06-17T22:31:22+00:00\" \/>\n<meta property=\"article:modified_time\" content=\"2018-06-18T02:13:34+00:00\" \/>\n<meta property=\"og:image\" content=\"https:\/\/diariotextual.com\/inicio\/wp-content\/uploads\/2018\/06\/duqueivan.jpg\" \/>\n\t<meta property=\"og:image:width\" content=\"700\" \/>\n\t<meta property=\"og:image:height\" content=\"467\" \/>\n\t<meta property=\"og:image:type\" content=\"image\/jpeg\" \/>\n<meta name=\"author\" content=\"diario3\" \/>\n<meta name=\"twitter:card\" content=\"summary_large_image\" \/>\n<meta name=\"twitter:creator\" content=\"@eltextual\" \/>\n<meta name=\"twitter:site\" content=\"@eltextual\" \/>\n<meta name=\"twitter:label1\" content=\"Escrito por\" \/>\n\t<meta name=\"twitter:data1\" content=\"diario3\" \/>\n\t<meta name=\"twitter:label2\" content=\"Tiempo de lectura\" \/>\n\t<meta name=\"twitter:data2\" content=\"2 minutos\" \/>\n<script type=\"application\/ld+json\" class=\"yoast-schema-graph\">{\"@context\":\"https:\\\/\\\/schema.org\",\"@graph\":[{\"@type\":\"Article\",\"@id\":\"https:\\\/\\\/diariotextual.com\\\/inicio\\\/index.php\\\/2018\\\/06\\\/17\\\/duque-se-impuso-balotaje-sera-presidente-colombia\\\/#article\",\"isPartOf\":{\"@id\":\"https:\\\/\\\/diariotextual.com\\\/inicio\\\/index.php\\\/2018\\\/06\\\/17\\\/duque-se-impuso-balotaje-sera-presidente-colombia\\\/\"},\"author\":{\"name\":\"diario3\",\"@id\":\"https:\\\/\\\/diariotextual.com\\\/inicio\\\/#\\\/schema\\\/person\\\/a1b6f563e0ee944c60f98119389a4d9f\"},\"headline\":\"Duque se impuso en el balotaje y ser\u00e1 presidente de Colombia\",\"datePublished\":\"2018-06-17T22:31:22+00:00\",\"dateModified\":\"2018-06-18T02:13:34+00:00\",\"mainEntityOfPage\":{\"@id\":\"https:\\\/\\\/diariotextual.com\\\/inicio\\\/index.php\\\/2018\\\/06\\\/17\\\/duque-se-impuso-balotaje-sera-presidente-colombia\\\/\"},\"wordCount\":333,\"commentCount\":0,\"publisher\":{\"@id\":\"https:\\\/\\\/diariotextual.com\\\/inicio\\\/#organization\"},\"image\":{\"@id\":\"https:\\\/\\\/diariotextual.com\\\/inicio\\\/index.php\\\/2018\\\/06\\\/17\\\/duque-se-impuso-balotaje-sera-presidente-colombia\\\/#primaryimage\"},\"thumbnailUrl\":\"https:\\\/\\\/diariotextual.com\\\/inicio\\\/wp-content\\\/uploads\\\/2018\\\/06\\\/duqueivan.jpg\",\"articleSection\":[\"A - QUE PASA (al costado)\",\"MUNDO\"],\"inLanguage\":\"es\",\"potentialAction\":[{\"@type\":\"CommentAction\",\"name\":\"Comment\",\"target\":[\"https:\\\/\\\/diariotextual.com\\\/inicio\\\/index.php\\\/2018\\\/06\\\/17\\\/duque-se-impuso-balotaje-sera-presidente-colombia\\\/#respond\"]}]},{\"@type\":\"WebPage\",\"@id\":\"https:\\\/\\\/diariotextual.com\\\/inicio\\\/index.php\\\/2018\\\/06\\\/17\\\/duque-se-impuso-balotaje-sera-presidente-colombia\\\/\",\"url\":\"https:\\\/\\\/diariotextual.com\\\/inicio\\\/index.php\\\/2018\\\/06\\\/17\\\/duque-se-impuso-balotaje-sera-presidente-colombia\\\/\",\"name\":\"Duque se impuso en el balotaje y ser\u00e1 presidente de Colombia - Diario Textual\",\"isPartOf\":{\"@id\":\"https:\\\/\\\/diariotextual.com\\\/inicio\\\/#website\"},\"primaryImageOfPage\":{\"@id\":\"https:\\\/\\\/diariotextual.com\\\/inicio\\\/index.php\\\/2018\\\/06\\\/17\\\/duque-se-impuso-balotaje-sera-presidente-colombia\\\/#primaryimage\"},\"image\":{\"@id\":\"https:\\\/\\\/diariotextual.com\\\/inicio\\\/index.php\\\/2018\\\/06\\\/17\\\/duque-se-impuso-balotaje-sera-presidente-colombia\\\/#primaryimage\"},\"thumbnailUrl\":\"https:\\\/\\\/diariotextual.com\\\/inicio\\\/wp-content\\\/uploads\\\/2018\\\/06\\\/duqueivan.jpg\",\"datePublished\":\"2018-06-17T22:31:22+00:00\",\"dateModified\":\"2018-06-18T02:13:34+00:00\",\"breadcrumb\":{\"@id\":\"https:\\\/\\\/diariotextual.com\\\/inicio\\\/index.php\\\/2018\\\/06\\\/17\\\/duque-se-impuso-balotaje-sera-presidente-colombia\\\/#breadcrumb\"},\"inLanguage\":\"es\",\"potentialAction\":[{\"@type\":\"ReadAction\",\"target\":[\"https:\\\/\\\/diariotextual.com\\\/inicio\\\/index.php\\\/2018\\\/06\\\/17\\\/duque-se-impuso-balotaje-sera-presidente-colombia\\\/\"]}]},{\"@type\":\"ImageObject\",\"inLanguage\":\"es\",\"@id\":\"https:\\\/\\\/diariotextual.com\\\/inicio\\\/index.php\\\/2018\\\/06\\\/17\\\/duque-se-impuso-balotaje-sera-presidente-colombia\\\/#primaryimage\",\"url\":\"https:\\\/\\\/diariotextual.com\\\/inicio\\\/wp-content\\\/uploads\\\/2018\\\/06\\\/duqueivan.jpg\",\"contentUrl\":\"https:\\\/\\\/diariotextual.com\\\/inicio\\\/wp-content\\\/uploads\\\/2018\\\/06\\\/duqueivan.jpg\",\"width\":700,\"height\":467,\"caption\":\"zzzzinte1Colombia's presidential candidate for Colombia's Democratic Center Party Ivan Duque is hounded by supporters for a selfie, after casting his vote during the presidential runoff election on June 17, 2018 in Bogota. Colombians choose a new president Sunday in a landmark election, the first since a peace agreement with FARC rebels which conservative frontrunner Ivan Duque wants to overhaul. \\\/ AFP PHOTO \\\/ Diana Sanchezzzzz\"},{\"@type\":\"BreadcrumbList\",\"@id\":\"https:\\\/\\\/diariotextual.com\\\/inicio\\\/index.php\\\/2018\\\/06\\\/17\\\/duque-se-impuso-balotaje-sera-presidente-colombia\\\/#breadcrumb\",\"itemListElement\":[{\"@type\":\"ListItem\",\"position\":1,\"name\":\"Portada\",\"item\":\"https:\\\/\\\/diariotextual.com\\\/inicio\\\/\"},{\"@type\":\"ListItem\",\"position\":2,\"name\":\"Duque se impuso en el balotaje y ser\u00e1 presidente de Colombia\"}]},{\"@type\":\"WebSite\",\"@id\":\"https:\\\/\\\/diariotextual.com\\\/inicio\\\/#website\",\"url\":\"https:\\\/\\\/diariotextual.com\\\/inicio\\\/\",\"name\":\"Diario Textual\",\"description\":\"\",\"publisher\":{\"@id\":\"https:\\\/\\\/diariotextual.com\\\/inicio\\\/#organization\"},\"potentialAction\":[{\"@type\":\"SearchAction\",\"target\":{\"@type\":\"EntryPoint\",\"urlTemplate\":\"https:\\\/\\\/diariotextual.com\\\/inicio\\\/?s={search_term_string}\"},\"query-input\":{\"@type\":\"PropertyValueSpecification\",\"valueRequired\":true,\"valueName\":\"search_term_string\"}}],\"inLanguage\":\"es\"},{\"@type\":\"Organization\",\"@id\":\"https:\\\/\\\/diariotextual.com\\\/inicio\\\/#organization\",\"name\":\"Diario Textual\",\"url\":\"https:\\\/\\\/diariotextual.com\\\/inicio\\\/\",\"logo\":{\"@type\":\"ImageObject\",\"inLanguage\":\"es\",\"@id\":\"https:\\\/\\\/diariotextual.com\\\/inicio\\\/#\\\/schema\\\/logo\\\/image\\\/\",\"url\":\"https:\\\/\\\/diariotextual.com\\\/inicio\\\/wp-content\\\/uploads\\\/2023\\\/05\\\/logotextual1.jpg\",\"contentUrl\":\"https:\\\/\\\/diariotextual.com\\\/inicio\\\/wp-content\\\/uploads\\\/2023\\\/05\\\/logotextual1.jpg\",\"width\":516,\"height\":76,\"caption\":\"Diario Textual\"},\"image\":{\"@id\":\"https:\\\/\\\/diariotextual.com\\\/inicio\\\/#\\\/schema\\\/logo\\\/image\\\/\"},\"sameAs\":[\"https:\\\/\\\/www.facebook.com\\\/eltextual\",\"https:\\\/\\\/x.com\\\/eltextual\",\"http:\\\/\\\/www.instagram.com\\\/eltextual\"]},{\"@type\":\"Person\",\"@id\":\"https:\\\/\\\/diariotextual.com\\\/inicio\\\/#\\\/schema\\\/person\\\/a1b6f563e0ee944c60f98119389a4d9f\",\"name\":\"diario3\",\"image\":{\"@type\":\"ImageObject\",\"inLanguage\":\"es\",\"@id\":\"https:\\\/\\\/secure.gravatar.com\\\/avatar\\\/5e7ee62c82fc04d9dd79d746a390d93c69c43223e5faeeb3ea9461ef752bfc5d?s=96&d=mm&r=g\",\"url\":\"https:\\\/\\\/secure.gravatar.com\\\/avatar\\\/5e7ee62c82fc04d9dd79d746a390d93c69c43223e5faeeb3ea9461ef752bfc5d?s=96&d=mm&r=g\",\"contentUrl\":\"https:\\\/\\\/secure.gravatar.com\\\/avatar\\\/5e7ee62c82fc04d9dd79d746a390d93c69c43223e5faeeb3ea9461ef752bfc5d?s=96&d=mm&r=g\",\"caption\":\"diario3\"},\"url\":\"https:\\\/\\\/diariotextual.com\\\/inicio\\\/index.php\\\/author\\\/diario3\\\/\"}]}<\/script>\n<!-- \/ Yoast SEO plugin. -->","yoast_head_json":{"title":"Duque se impuso en el balotaje y ser\u00e1 presidente de Colombia - Diario Textual","robots":{"index":"index","follow":"follow","max-snippet":"max-snippet:-1","max-image-preview":"max-image-preview:large","max-video-preview":"max-video-preview:-1"},"canonical":"https:\/\/diariotextual.com\/inicio\/index.php\/2018\/06\/17\/duque-se-impuso-balotaje-sera-presidente-colombia\/","og_locale":"es_ES","og_type":"article","og_title":"Duque se impuso en el balotaje y ser\u00e1 presidente de Colombia - Diario Textual","og_description":"El candidato derechista Iv\u00e1n Duque se convirti\u00f3 hoy en el nuevo presidente de Colombia con un 54,07 por ciento de los votos frente al 41,72 por ciento del izquierdista Gustavo&hellip;","og_url":"https:\/\/diariotextual.com\/inicio\/index.php\/2018\/06\/17\/duque-se-impuso-balotaje-sera-presidente-colombia\/","og_site_name":"Diario Textual","article_publisher":"https:\/\/www.facebook.com\/eltextual","article_published_time":"2018-06-17T22:31:22+00:00","article_modified_time":"2018-06-18T02:13:34+00:00","og_image":[{"width":700,"height":467,"url":"https:\/\/diariotextual.com\/inicio\/wp-content\/uploads\/2018\/06\/duqueivan.jpg","type":"image\/jpeg"}],"author":"diario3","twitter_card":"summary_large_image","twitter_creator":"@eltextual","twitter_site":"@eltextual","twitter_misc":{"Escrito por":"diario3","Tiempo de lectura":"2 minutos"},"schema":{"@context":"https:\/\/schema.org","@graph":[{"@type":"Article","@id":"https:\/\/diariotextual.com\/inicio\/index.php\/2018\/06\/17\/duque-se-impuso-balotaje-sera-presidente-colombia\/#article","isPartOf":{"@id":"https:\/\/diariotextual.com\/inicio\/index.php\/2018\/06\/17\/duque-se-impuso-balotaje-sera-presidente-colombia\/"},"author":{"name":"diario3","@id":"https:\/\/diariotextual.com\/inicio\/#\/schema\/person\/a1b6f563e0ee944c60f98119389a4d9f"},"headline":"Duque se impuso en el balotaje y ser\u00e1 presidente de Colombia","datePublished":"2018-06-17T22:31:22+00:00","dateModified":"2018-06-18T02:13:34+00:00","mainEntityOfPage":{"@id":"https:\/\/diariotextual.com\/inicio\/index.php\/2018\/06\/17\/duque-se-impuso-balotaje-sera-presidente-colombia\/"},"wordCount":333,"commentCount":0,"publisher":{"@id":"https:\/\/diariotextual.com\/inicio\/#organization"},"image":{"@id":"https:\/\/diariotextual.com\/inicio\/index.php\/2018\/06\/17\/duque-se-impuso-balotaje-sera-presidente-colombia\/#primaryimage"},"thumbnailUrl":"https:\/\/diariotextual.com\/inicio\/wp-content\/uploads\/2018\/06\/duqueivan.jpg","articleSection":["A - QUE PASA (al costado)","MUNDO"],"inLanguage":"es","potentialAction":[{"@type":"CommentAction","name":"Comment","target":["https:\/\/diariotextual.com\/inicio\/index.php\/2018\/06\/17\/duque-se-impuso-balotaje-sera-presidente-colombia\/#respond"]}]},{"@type":"WebPage","@id":"https:\/\/diariotextual.com\/inicio\/index.php\/2018\/06\/17\/duque-se-impuso-balotaje-sera-presidente-colombia\/","url":"https:\/\/diariotextual.com\/inicio\/index.php\/2018\/06\/17\/duque-se-impuso-balotaje-sera-presidente-colombia\/","name":"Duque se impuso en el balotaje y ser\u00e1 presidente de Colombia - Diario Textual","isPartOf":{"@id":"https:\/\/diariotextual.com\/inicio\/#website"},"primaryImageOfPage":{"@id":"https:\/\/diariotextual.com\/inicio\/index.php\/2018\/06\/17\/duque-se-impuso-balotaje-sera-presidente-colombia\/#primaryimage"},"image":{"@id":"https:\/\/diariotextual.com\/inicio\/index.php\/2018\/06\/17\/duque-se-impuso-balotaje-sera-presidente-colombia\/#primaryimage"},"thumbnailUrl":"https:\/\/diariotextual.com\/inicio\/wp-content\/uploads\/2018\/06\/duqueivan.jpg","datePublished":"2018-06-17T22:31:22+00:00","dateModified":"2018-06-18T02:13:34+00:00","breadcrumb":{"@id":"https:\/\/diariotextual.com\/inicio\/index.php\/2018\/06\/17\/duque-se-impuso-balotaje-sera-presidente-colombia\/#breadcrumb"},"inLanguage":"es","potentialAction":[{"@type":"ReadAction","target":["https:\/\/diariotextual.com\/inicio\/index.php\/2018\/06\/17\/duque-se-impuso-balotaje-sera-presidente-colombia\/"]}]},{"@type":"ImageObject","inLanguage":"es","@id":"https:\/\/diariotextual.com\/inicio\/index.php\/2018\/06\/17\/duque-se-impuso-balotaje-sera-presidente-colombia\/#primaryimage","url":"https:\/\/diariotextual.com\/inicio\/wp-content\/uploads\/2018\/06\/duqueivan.jpg","contentUrl":"https:\/\/diariotextual.com\/inicio\/wp-content\/uploads\/2018\/06\/duqueivan.jpg","width":700,"height":467,"caption":"zzzzinte1Colombia's presidential candidate for Colombia's Democratic Center Party Ivan Duque is hounded by supporters for a selfie, after casting his vote during the presidential runoff election on June 17, 2018 in Bogota. Colombians choose a new president Sunday in a landmark election, the first since a peace agreement with FARC rebels which conservative frontrunner Ivan Duque wants to overhaul. \/ AFP PHOTO \/ Diana Sanchezzzzz"},{"@type":"BreadcrumbList","@id":"https:\/\/diariotextual.com\/inicio\/index.php\/2018\/06\/17\/duque-se-impuso-balotaje-sera-presidente-colombia\/#breadcrumb","itemListElement":[{"@type":"ListItem","position":1,"name":"Portada","item":"https:\/\/diariotextual.com\/inicio\/"},{"@type":"ListItem","position":2,"name":"Duque se impuso en el balotaje y ser\u00e1 presidente de Colombia"}]},{"@type":"WebSite","@id":"https:\/\/diariotextual.com\/inicio\/#website","url":"https:\/\/diariotextual.com\/inicio\/","name":"Diario Textual","description":"","publisher":{"@id":"https:\/\/diariotextual.com\/inicio\/#organization"},"potentialAction":[{"@type":"SearchAction","target":{"@type":"EntryPoint","urlTemplate":"https:\/\/diariotextual.com\/inicio\/?s={search_term_string}"},"query-input":{"@type":"PropertyValueSpecification","valueRequired":true,"valueName":"search_term_string"}}],"inLanguage":"es"},{"@type":"Organization","@id":"https:\/\/diariotextual.com\/inicio\/#organization","name":"Diario Textual","url":"https:\/\/diariotextual.com\/inicio\/","logo":{"@type":"ImageObject","inLanguage":"es","@id":"https:\/\/diariotextual.com\/inicio\/#\/schema\/logo\/image\/","url":"https:\/\/diariotextual.com\/inicio\/wp-content\/uploads\/2023\/05\/logotextual1.jpg","contentUrl":"https:\/\/diariotextual.com\/inicio\/wp-content\/uploads\/2023\/05\/logotextual1.jpg","width":516,"height":76,"caption":"Diario Textual"},"image":{"@id":"https:\/\/diariotextual.com\/inicio\/#\/schema\/logo\/image\/"},"sameAs":["https:\/\/www.facebook.com\/eltextual","https:\/\/x.com\/eltextual","http:\/\/www.instagram.com\/eltextual"]},{"@type":"Person","@id":"https:\/\/diariotextual.com\/inicio\/#\/schema\/person\/a1b6f563e0ee944c60f98119389a4d9f","name":"diario3","image":{"@type":"ImageObject","inLanguage":"es","@id":"https:\/\/secure.gravatar.com\/avatar\/5e7ee62c82fc04d9dd79d746a390d93c69c43223e5faeeb3ea9461ef752bfc5d?s=96&d=mm&r=g","url":"https:\/\/secure.gravatar.com\/avatar\/5e7ee62c82fc04d9dd79d746a390d93c69c43223e5faeeb3ea9461ef752bfc5d?s=96&d=mm&r=g","contentUrl":"https:\/\/secure.gravatar.com\/avatar\/5e7ee62c82fc04d9dd79d746a390d93c69c43223e5faeeb3ea9461ef752bfc5d?s=96&d=mm&r=g","caption":"diario3"},"url":"https:\/\/diariotextual.com\/inicio\/index.php\/author\/diario3\/"}]}},"_links":{"self":[{"href":"https:\/\/diariotextual.com\/inicio\/index.php\/wp-json\/wp\/v2\/posts\/10878","targetHints":{"allow":["GET"]}}],"collection":[{"href":"https:\/\/diariotextual.com\/inicio\/index.php\/wp-json\/wp\/v2\/posts"}],"about":[{"href":"https:\/\/diariotextual.com\/inicio\/index.php\/wp-json\/wp\/v2\/types\/post"}],"author":[{"embeddable":true,"href":"https:\/\/diariotextual.com\/inicio\/index.php\/wp-json\/wp\/v2\/users\/5"}],"replies":[{"embeddable":true,"href":"https:\/\/diariotextual.com\/inicio\/index.php\/wp-json\/wp\/v2\/comments?post=10878"}],"version-history":[{"count":1,"href":"https:\/\/diariotextual.com\/inicio\/index.php\/wp-json\/wp\/v2\/posts\/10878\/revisions"}],"predecessor-version":[{"id":10880,"href":"https:\/\/diariotextual.com\/inicio\/index.php\/wp-json\/wp\/v2\/posts\/10878\/revisions\/10880"}],"wp:featuredmedia":[{"embeddable":true,"href":"https:\/\/diariotextual.com\/inicio\/index.php\/wp-json\/wp\/v2\/media\/10879"}],"wp:attachment":[{"href":"https:\/\/diariotextual.com\/inicio\/index.php\/wp-json\/wp\/v2\/media?parent=10878"}],"wp:term":[{"taxonomy":"category","embeddable":true,"href":"https:\/\/diariotextual.com\/inicio\/index.php\/wp-json\/wp\/v2\/categories?post=10878"},{"taxonomy":"post_tag","embeddable":true,"href":"https:\/\/diariotextual.com\/inicio\/index.php\/wp-json\/wp\/v2\/tags?post=10878"}],"curies":[{"name":"wp","href":"https:\/\/api.w.org\/{rel}","templated":true}]}}