{"id":112422,"date":"2020-09-21T15:47:22","date_gmt":"2020-09-21T18:47:22","guid":{"rendered":"http:\/\/diariotextual.com\/inicio\/?p=112422"},"modified":"2020-09-21T18:23:29","modified_gmt":"2020-09-21T21:23:29","slug":"alberto-fernandez-anticipo-el-impulso-de-una-ley-de-educacion-ambiental","status":"publish","type":"post","link":"https:\/\/diariotextual.com\/inicio\/index.php\/2020\/09\/21\/alberto-fernandez-anticipo-el-impulso-de-una-ley-de-educacion-ambiental\/","title":{"rendered":"Alberto Fern\u00e1ndez anticip\u00f3 el impulso de una Ley de Educaci\u00f3n Ambiental"},"content":{"rendered":"\n<p>El <strong>presidente Alberto Fern\u00e1ndez<\/strong> asegur\u00f3 que <strong>\u00abla pandemia nos demostr\u00f3 lo nocivos que fuimos los seres humanos\u00bb con el medio ambiente,<\/strong> destac\u00f3 la necesidad de avanzar en la <strong>elaboraci\u00f3n de una Ley de Educaci\u00f3n Ambiental y propuso tambi\u00e9n instaurar el \u00abjuramento al medio ambiente\u00bb por parte de alumnos y alumnas<\/strong>, con el fin de concientizar sobre esta problem\u00e1tica y promover el compromiso.<\/p>\n\n\n\n<p>En un acto desde la Residencia de Olivos, Alberto Fern\u00e1ndez present\u00f3 este mediod\u00eda el <strong>Plan de Pol\u00edticas Ambientales, donde exhort\u00f3 a ser \u00abfirmes\u00bb en el cuidado del medioambiente \u00abporque ning\u00fan negocio puede ser m\u00e1s importante que preservar el lugar<\/strong> donde vivimos\u00bb.<\/p>\n\n\n\n<p>En ese sentido, sostuvo que, <strong>de hacer lo contrario, \u00abestar\u00edamos privilegiando la rentabilidad de unos pocos<\/strong> en perjuicio de inmensas mayor\u00edas\u00bb.<\/p>\n\n\n\n<p>Acompa\u00f1ado por el ministro de Ambiente y Desarrollo Sostenible, Juan Cabandi\u00e9, Fern\u00e1ndez anunci\u00f3 como parte del paquete de medidas, el Plan Federal de Erradicaci\u00f3n de Basurales a Cielo Abierto, el proyecto de Ley de Educaci\u00f3n Ambiental -en conjunto con el Ministerio de Educaci\u00f3n-, la implementaci\u00f3n del Plan Casa Com\u00fan y el traspaso del Programa Nacional de Prevenci\u00f3n de Incendios y Manejo del Fuego al ministerio de Ambiente.<\/p>\n\n\n\n<p>En su mensaje, el Jefe de Estado asegur\u00f3 que producto de las cuarentenas impuestas, a nivel global, por la <strong>pandemia de coronavirus \u00abmejor\u00f3 la pureza del agua y del aire y salieron a las calles animales<\/strong> que estaban ocultos por temor a cruzarse con nosotros\u00bb.<\/p>\n\n\n\n<p>\u00abLos <strong>primeros depredadores del medio ambiente somos los seres humanos <\/strong>y, si somos seres inteligentes y eso nos diferencia de los animales, no podemos seguir repitiendo esta historia\u00bb, agreg\u00f3 en la presentaci\u00f3n.<\/p>\n\n\n\n<p>El mandatario apunt\u00f3 que, en caso de no atender la tem\u00e1tica ambiental, \u00ab<strong>vamos a terminar de consumir nuestra casa com\u00fan en perjuicio de los que nos sucedan,<\/strong> y no tenemos ning\u00fan derecho a hacer semejante cosa\u00bb.<\/p>\n\n\n\n<p>A rengl\u00f3n seguido, <strong>plante\u00f3 la necesidad de \u00abun cambio de cultura\u00bb para \u00abamigarnos con la naturaleza\u00bb<\/strong> y sostuvo: \u00abSon los j\u00f3venes los que tienen que ponerse al frente del cuidado del medio ambiente porque eso nos va a permitir tener un mejor mundo\u00bb.<\/p>\n\n\n\n<p>El Presidente insisti\u00f3 con la idea de generar un nuevo paradigma que permita un desarrollo sostenible en t\u00e9rminos medioambientales, aunque alert\u00f3 que \u00aba veces las corporaciones se vuelvan m\u00e1s poderosas que los pa\u00edses y las decisiones de la gente\u00bb.<\/p>\n\n\n\n<p>Fue all\u00ed que exhort\u00f3 a ser \u00abmuy firmes porque ning\u00fan negocio puede ser m\u00e1s importante que preservar el lugar donde vivimos\u00bb, porque si no \u00abestar\u00edamos privilegiando la rentabilidad de unos pocos en perjuicio de inmensas mayor\u00edas\u00bb, a\u00f1adi\u00f3.<\/p>\n\n\n\n<p>En ese contexto, <strong>resalt\u00f3 la importancia del uso de combustibles f\u00f3siles para mitigar la contaminaci\u00f3n y \u00abaprovechar m\u00e1s las energ\u00edas renovables\u00bb<\/strong>.<\/p>\n\n\n\n<p>En otro tramo de su discurso, <strong>Fern\u00e1ndez destac\u00f3 la necesidad de avanzar en la elaboraci\u00f3n de una Ley de Educaci\u00f3n Ambiental y propuso tambi\u00e9n instaurar el \u00abjuramento al medioambiente\u00bb por parte de alumnos y alumnas,<\/strong> con el fin de concientizar sobre esta problem\u00e1tica y promover el compromiso \u00abno contaminar\u00bb.<\/p>\n\n\n\n<p>\u00abVengo de una generaci\u00f3n que ha disfrutado del mundo sin cuidarlo y que, repentinamente, se empieza a dar cuenta de que el mundo se nos est\u00e1 acabando tal como lo conoc\u00edamos; por lo tanto, <strong>una humanidad que no cuida al mundo, es lo mismo que alguien que no cuida su casa y su hogar<\/strong>\u00ab, reflexion\u00f3.<\/p>\n\n\n\n<p>Seg\u00fan se inform\u00f3 en la presentaci\u00f3n, <strong>el plan busca \u00abimplementar una pol\u00edtica de Estado integral para construir un modelo sostenible, de consumo responsable <\/strong>y de cuidado del ambiente\u00bb.<\/p>\n\n\n\n<p>En tanto, junto a municipios, provincias y organizaciones de la sociedad civil, se lanz\u00f3 <strong>Casa Com\u00fan, que procura \u00abla transformaci\u00f3n social\u00bb a trav\u00e9s del \u00abimpulso de la agroecolog\u00eda, las pr\u00e1cticas sostenibles<\/strong> y las reservas naturales urbanas, viveros y \u00e1reas verdes\u00bb.<\/p>\n\n\n\n<p>Por otra parte, <strong>el Plan Federal de Erradicaci\u00f3n de Basurales a Cielo Abierto busca el desarrollo sostenible a partir de la promoci\u00f3n de la econom\u00eda circular<\/strong>, el saneamiento ambiental y la reactivaci\u00f3n econ\u00f3mica.<\/p>\n\n\n\n<p>Asimismo, la Ley de Educaci\u00f3n Ambiental apunta a \u00abla transformaci\u00f3n cultural\u00bb v\u00eda \u00abun proyecto educativo para una nueva ciudadan\u00eda ambiental\u00bb que promueva la sostenibilidad.<\/p>\n\n\n\n<p>Por \u00faltimo, <strong>el Programa Nacional de Prevenci\u00f3n de Incendios y Manejo del Fuego fortalecer\u00e1 los sistemas de alerta temprana<\/strong> y ampliar\u00e1 el despliegue territorial para la preservaci\u00f3n de los bienes naturales.<\/p>\n\n\n\n<p>Participaron tambi\u00e9n en la presentaci\u00f3n el jefe de Gabinete, Santiago Cafiero; las intendentas de Quilmes, Mayra Mendoza; de Moreno, Mariel Fern\u00e1ndez, y de Chamical (La Rioja), Dora Rodr\u00edguez; adem\u00e1s del presidente del Consejo Federal de Medio Ambiente, Santiago Azulay; recicladores e integrantes de organizaciones ambientales.<\/p>\n","protected":false},"excerpt":{"rendered":"<p>El presidente Alberto Fern\u00e1ndez asegur\u00f3 que \u00abla pandemia nos demostr\u00f3 lo nocivos que fuimos los seres humanos\u00bb con el medio ambiente, destac\u00f3 la necesidad de avanzar en la elaboraci\u00f3n de&hellip;<\/p>\n","protected":false},"author":5,"featured_media":112423,"comment_status":"closed","ping_status":"open","sticky":false,"template":"","format":"standard","meta":{"_acf_changed":false,"footnotes":""},"categories":[4,8],"tags":[3935],"class_list":["post-112422","post","type-post","status-publish","format-standard","has-post-thumbnail","hentry","category-destacadas","category-politica","tag-medio-ambiente"],"acf":[],"yoast_head":"<!-- This site is optimized with the Yoast SEO plugin v27.5 - https:\/\/yoast.com\/product\/yoast-seo-wordpress\/ -->\n<title>Alberto Fern\u00e1ndez anticip\u00f3 el impulso de una Ley de Educaci\u00f3n Ambiental - Diario Textual<\/title>\n<meta name=\"robots\" content=\"index, follow, max-snippet:-1, max-image-preview:large, max-video-preview:-1\" \/>\n<link rel=\"canonical\" href=\"https:\/\/diariotextual.com\/inicio\/index.php\/2020\/09\/21\/alberto-fernandez-anticipo-el-impulso-de-una-ley-de-educacion-ambiental\/\" \/>\n<meta property=\"og:locale\" content=\"es_ES\" \/>\n<meta property=\"og:type\" content=\"article\" \/>\n<meta property=\"og:title\" content=\"Alberto Fern\u00e1ndez anticip\u00f3 el impulso de una Ley de Educaci\u00f3n Ambiental - Diario Textual\" \/>\n<meta property=\"og:description\" content=\"El presidente Alberto Fern\u00e1ndez asegur\u00f3 que \u00abla pandemia nos demostr\u00f3 lo nocivos que fuimos los seres humanos\u00bb con el medio ambiente, destac\u00f3 la necesidad de avanzar en la elaboraci\u00f3n de&hellip;\" \/>\n<meta property=\"og:url\" content=\"https:\/\/diariotextual.com\/inicio\/index.php\/2020\/09\/21\/alberto-fernandez-anticipo-el-impulso-de-una-ley-de-educacion-ambiental\/\" \/>\n<meta property=\"og:site_name\" content=\"Diario Textual\" \/>\n<meta property=\"article:publisher\" content=\"https:\/\/www.facebook.com\/eltextual\" \/>\n<meta property=\"article:published_time\" content=\"2020-09-21T18:47:22+00:00\" \/>\n<meta property=\"article:modified_time\" content=\"2020-09-21T21:23:29+00:00\" \/>\n<meta property=\"og:image\" content=\"https:\/\/diariotextual.com\/inicio\/wp-content\/uploads\/2020\/09\/FernandezAlbertoPlanAmbiental.jpg\" \/>\n\t<meta property=\"og:image:width\" content=\"700\" \/>\n\t<meta property=\"og:image:height\" content=\"387\" \/>\n\t<meta property=\"og:image:type\" content=\"image\/jpeg\" \/>\n<meta name=\"author\" content=\"diario3\" \/>\n<meta name=\"twitter:card\" content=\"summary_large_image\" \/>\n<meta name=\"twitter:creator\" content=\"@eltextual\" \/>\n<meta name=\"twitter:site\" content=\"@eltextual\" \/>\n<meta name=\"twitter:label1\" content=\"Escrito por\" \/>\n\t<meta name=\"twitter:data1\" content=\"diario3\" \/>\n\t<meta name=\"twitter:label2\" content=\"Tiempo de lectura\" \/>\n\t<meta name=\"twitter:data2\" content=\"4 minutos\" \/>\n<script type=\"application\/ld+json\" class=\"yoast-schema-graph\">{\"@context\":\"https:\\\/\\\/schema.org\",\"@graph\":[{\"@type\":\"Article\",\"@id\":\"https:\\\/\\\/diariotextual.com\\\/inicio\\\/index.php\\\/2020\\\/09\\\/21\\\/alberto-fernandez-anticipo-el-impulso-de-una-ley-de-educacion-ambiental\\\/#article\",\"isPartOf\":{\"@id\":\"https:\\\/\\\/diariotextual.com\\\/inicio\\\/index.php\\\/2020\\\/09\\\/21\\\/alberto-fernandez-anticipo-el-impulso-de-una-ley-de-educacion-ambiental\\\/\"},\"author\":{\"name\":\"diario3\",\"@id\":\"https:\\\/\\\/diariotextual.com\\\/inicio\\\/#\\\/schema\\\/person\\\/a1b6f563e0ee944c60f98119389a4d9f\"},\"headline\":\"Alberto Fern\u00e1ndez anticip\u00f3 el impulso de una Ley de Educaci\u00f3n Ambiental\",\"datePublished\":\"2020-09-21T18:47:22+00:00\",\"dateModified\":\"2020-09-21T21:23:29+00:00\",\"mainEntityOfPage\":{\"@id\":\"https:\\\/\\\/diariotextual.com\\\/inicio\\\/index.php\\\/2020\\\/09\\\/21\\\/alberto-fernandez-anticipo-el-impulso-de-una-ley-de-educacion-ambiental\\\/\"},\"wordCount\":831,\"publisher\":{\"@id\":\"https:\\\/\\\/diariotextual.com\\\/inicio\\\/#organization\"},\"image\":{\"@id\":\"https:\\\/\\\/diariotextual.com\\\/inicio\\\/index.php\\\/2020\\\/09\\\/21\\\/alberto-fernandez-anticipo-el-impulso-de-una-ley-de-educacion-ambiental\\\/#primaryimage\"},\"thumbnailUrl\":\"https:\\\/\\\/diariotextual.com\\\/inicio\\\/wp-content\\\/uploads\\\/2020\\\/09\\\/FernandezAlbertoPlanAmbiental.jpg\",\"keywords\":[\"medio ambiente\"],\"articleSection\":[\"A - DESTACADAS (mod 16)\",\"POLITICA\"],\"inLanguage\":\"es\"},{\"@type\":\"WebPage\",\"@id\":\"https:\\\/\\\/diariotextual.com\\\/inicio\\\/index.php\\\/2020\\\/09\\\/21\\\/alberto-fernandez-anticipo-el-impulso-de-una-ley-de-educacion-ambiental\\\/\",\"url\":\"https:\\\/\\\/diariotextual.com\\\/inicio\\\/index.php\\\/2020\\\/09\\\/21\\\/alberto-fernandez-anticipo-el-impulso-de-una-ley-de-educacion-ambiental\\\/\",\"name\":\"Alberto Fern\u00e1ndez anticip\u00f3 el impulso de una Ley de Educaci\u00f3n Ambiental - Diario Textual\",\"isPartOf\":{\"@id\":\"https:\\\/\\\/diariotextual.com\\\/inicio\\\/#website\"},\"primaryImageOfPage\":{\"@id\":\"https:\\\/\\\/diariotextual.com\\\/inicio\\\/index.php\\\/2020\\\/09\\\/21\\\/alberto-fernandez-anticipo-el-impulso-de-una-ley-de-educacion-ambiental\\\/#primaryimage\"},\"image\":{\"@id\":\"https:\\\/\\\/diariotextual.com\\\/inicio\\\/index.php\\\/2020\\\/09\\\/21\\\/alberto-fernandez-anticipo-el-impulso-de-una-ley-de-educacion-ambiental\\\/#primaryimage\"},\"thumbnailUrl\":\"https:\\\/\\\/diariotextual.com\\\/inicio\\\/wp-content\\\/uploads\\\/2020\\\/09\\\/FernandezAlbertoPlanAmbiental.jpg\",\"datePublished\":\"2020-09-21T18:47:22+00:00\",\"dateModified\":\"2020-09-21T21:23:29+00:00\",\"breadcrumb\":{\"@id\":\"https:\\\/\\\/diariotextual.com\\\/inicio\\\/index.php\\\/2020\\\/09\\\/21\\\/alberto-fernandez-anticipo-el-impulso-de-una-ley-de-educacion-ambiental\\\/#breadcrumb\"},\"inLanguage\":\"es\",\"potentialAction\":[{\"@type\":\"ReadAction\",\"target\":[\"https:\\\/\\\/diariotextual.com\\\/inicio\\\/index.php\\\/2020\\\/09\\\/21\\\/alberto-fernandez-anticipo-el-impulso-de-una-ley-de-educacion-ambiental\\\/\"]}]},{\"@type\":\"ImageObject\",\"inLanguage\":\"es\",\"@id\":\"https:\\\/\\\/diariotextual.com\\\/inicio\\\/index.php\\\/2020\\\/09\\\/21\\\/alberto-fernandez-anticipo-el-impulso-de-una-ley-de-educacion-ambiental\\\/#primaryimage\",\"url\":\"https:\\\/\\\/diariotextual.com\\\/inicio\\\/wp-content\\\/uploads\\\/2020\\\/09\\\/FernandezAlbertoPlanAmbiental.jpg\",\"contentUrl\":\"https:\\\/\\\/diariotextual.com\\\/inicio\\\/wp-content\\\/uploads\\\/2020\\\/09\\\/FernandezAlbertoPlanAmbiental.jpg\",\"width\":700,\"height\":387,\"caption\":\"21\\\/09\\\/2020; Buenos Aires: El presidente Alberto Fern\u00e1ndez encabez\u00f3 este mediod\u00eda, en la residencia de Olivos, la presentaci\u00f3n del Plan de Pol\u00edticas Ambientales, cuyo objetivo es construir un modelo sostenible, de consumo responsable y de cuidado del medio ambiente a nivel nacional. Foto: Prensa\\\/T\u00e9lam\\\/AMB\"},{\"@type\":\"BreadcrumbList\",\"@id\":\"https:\\\/\\\/diariotextual.com\\\/inicio\\\/index.php\\\/2020\\\/09\\\/21\\\/alberto-fernandez-anticipo-el-impulso-de-una-ley-de-educacion-ambiental\\\/#breadcrumb\",\"itemListElement\":[{\"@type\":\"ListItem\",\"position\":1,\"name\":\"Portada\",\"item\":\"https:\\\/\\\/diariotextual.com\\\/inicio\\\/\"},{\"@type\":\"ListItem\",\"position\":2,\"name\":\"Alberto Fern\u00e1ndez anticip\u00f3 el impulso de una Ley de Educaci\u00f3n Ambiental\"}]},{\"@type\":\"WebSite\",\"@id\":\"https:\\\/\\\/diariotextual.com\\\/inicio\\\/#website\",\"url\":\"https:\\\/\\\/diariotextual.com\\\/inicio\\\/\",\"name\":\"Diario Textual\",\"description\":\"\",\"publisher\":{\"@id\":\"https:\\\/\\\/diariotextual.com\\\/inicio\\\/#organization\"},\"potentialAction\":[{\"@type\":\"SearchAction\",\"target\":{\"@type\":\"EntryPoint\",\"urlTemplate\":\"https:\\\/\\\/diariotextual.com\\\/inicio\\\/?s={search_term_string}\"},\"query-input\":{\"@type\":\"PropertyValueSpecification\",\"valueRequired\":true,\"valueName\":\"search_term_string\"}}],\"inLanguage\":\"es\"},{\"@type\":\"Organization\",\"@id\":\"https:\\\/\\\/diariotextual.com\\\/inicio\\\/#organization\",\"name\":\"Diario Textual\",\"url\":\"https:\\\/\\\/diariotextual.com\\\/inicio\\\/\",\"logo\":{\"@type\":\"ImageObject\",\"inLanguage\":\"es\",\"@id\":\"https:\\\/\\\/diariotextual.com\\\/inicio\\\/#\\\/schema\\\/logo\\\/image\\\/\",\"url\":\"https:\\\/\\\/diariotextual.com\\\/inicio\\\/wp-content\\\/uploads\\\/2023\\\/05\\\/logotextual1.jpg\",\"contentUrl\":\"https:\\\/\\\/diariotextual.com\\\/inicio\\\/wp-content\\\/uploads\\\/2023\\\/05\\\/logotextual1.jpg\",\"width\":516,\"height\":76,\"caption\":\"Diario Textual\"},\"image\":{\"@id\":\"https:\\\/\\\/diariotextual.com\\\/inicio\\\/#\\\/schema\\\/logo\\\/image\\\/\"},\"sameAs\":[\"https:\\\/\\\/www.facebook.com\\\/eltextual\",\"https:\\\/\\\/x.com\\\/eltextual\",\"http:\\\/\\\/www.instagram.com\\\/eltextual\"]},{\"@type\":\"Person\",\"@id\":\"https:\\\/\\\/diariotextual.com\\\/inicio\\\/#\\\/schema\\\/person\\\/a1b6f563e0ee944c60f98119389a4d9f\",\"name\":\"diario3\",\"image\":{\"@type\":\"ImageObject\",\"inLanguage\":\"es\",\"@id\":\"https:\\\/\\\/secure.gravatar.com\\\/avatar\\\/5e7ee62c82fc04d9dd79d746a390d93c69c43223e5faeeb3ea9461ef752bfc5d?s=96&d=mm&r=g\",\"url\":\"https:\\\/\\\/secure.gravatar.com\\\/avatar\\\/5e7ee62c82fc04d9dd79d746a390d93c69c43223e5faeeb3ea9461ef752bfc5d?s=96&d=mm&r=g\",\"contentUrl\":\"https:\\\/\\\/secure.gravatar.com\\\/avatar\\\/5e7ee62c82fc04d9dd79d746a390d93c69c43223e5faeeb3ea9461ef752bfc5d?s=96&d=mm&r=g\",\"caption\":\"diario3\"},\"url\":\"https:\\\/\\\/diariotextual.com\\\/inicio\\\/index.php\\\/author\\\/diario3\\\/\"}]}<\/script>\n<!-- \/ Yoast SEO plugin. -->","yoast_head_json":{"title":"Alberto Fern\u00e1ndez anticip\u00f3 el impulso de una Ley de Educaci\u00f3n Ambiental - Diario Textual","robots":{"index":"index","follow":"follow","max-snippet":"max-snippet:-1","max-image-preview":"max-image-preview:large","max-video-preview":"max-video-preview:-1"},"canonical":"https:\/\/diariotextual.com\/inicio\/index.php\/2020\/09\/21\/alberto-fernandez-anticipo-el-impulso-de-una-ley-de-educacion-ambiental\/","og_locale":"es_ES","og_type":"article","og_title":"Alberto Fern\u00e1ndez anticip\u00f3 el impulso de una Ley de Educaci\u00f3n Ambiental - Diario Textual","og_description":"El presidente Alberto Fern\u00e1ndez asegur\u00f3 que \u00abla pandemia nos demostr\u00f3 lo nocivos que fuimos los seres humanos\u00bb con el medio ambiente, destac\u00f3 la necesidad de avanzar en la elaboraci\u00f3n de&hellip;","og_url":"https:\/\/diariotextual.com\/inicio\/index.php\/2020\/09\/21\/alberto-fernandez-anticipo-el-impulso-de-una-ley-de-educacion-ambiental\/","og_site_name":"Diario Textual","article_publisher":"https:\/\/www.facebook.com\/eltextual","article_published_time":"2020-09-21T18:47:22+00:00","article_modified_time":"2020-09-21T21:23:29+00:00","og_image":[{"width":700,"height":387,"url":"https:\/\/diariotextual.com\/inicio\/wp-content\/uploads\/2020\/09\/FernandezAlbertoPlanAmbiental.jpg","type":"image\/jpeg"}],"author":"diario3","twitter_card":"summary_large_image","twitter_creator":"@eltextual","twitter_site":"@eltextual","twitter_misc":{"Escrito por":"diario3","Tiempo de lectura":"4 minutos"},"schema":{"@context":"https:\/\/schema.org","@graph":[{"@type":"Article","@id":"https:\/\/diariotextual.com\/inicio\/index.php\/2020\/09\/21\/alberto-fernandez-anticipo-el-impulso-de-una-ley-de-educacion-ambiental\/#article","isPartOf":{"@id":"https:\/\/diariotextual.com\/inicio\/index.php\/2020\/09\/21\/alberto-fernandez-anticipo-el-impulso-de-una-ley-de-educacion-ambiental\/"},"author":{"name":"diario3","@id":"https:\/\/diariotextual.com\/inicio\/#\/schema\/person\/a1b6f563e0ee944c60f98119389a4d9f"},"headline":"Alberto Fern\u00e1ndez anticip\u00f3 el impulso de una Ley de Educaci\u00f3n Ambiental","datePublished":"2020-09-21T18:47:22+00:00","dateModified":"2020-09-21T21:23:29+00:00","mainEntityOfPage":{"@id":"https:\/\/diariotextual.com\/inicio\/index.php\/2020\/09\/21\/alberto-fernandez-anticipo-el-impulso-de-una-ley-de-educacion-ambiental\/"},"wordCount":831,"publisher":{"@id":"https:\/\/diariotextual.com\/inicio\/#organization"},"image":{"@id":"https:\/\/diariotextual.com\/inicio\/index.php\/2020\/09\/21\/alberto-fernandez-anticipo-el-impulso-de-una-ley-de-educacion-ambiental\/#primaryimage"},"thumbnailUrl":"https:\/\/diariotextual.com\/inicio\/wp-content\/uploads\/2020\/09\/FernandezAlbertoPlanAmbiental.jpg","keywords":["medio ambiente"],"articleSection":["A - DESTACADAS (mod 16)","POLITICA"],"inLanguage":"es"},{"@type":"WebPage","@id":"https:\/\/diariotextual.com\/inicio\/index.php\/2020\/09\/21\/alberto-fernandez-anticipo-el-impulso-de-una-ley-de-educacion-ambiental\/","url":"https:\/\/diariotextual.com\/inicio\/index.php\/2020\/09\/21\/alberto-fernandez-anticipo-el-impulso-de-una-ley-de-educacion-ambiental\/","name":"Alberto Fern\u00e1ndez anticip\u00f3 el impulso de una Ley de Educaci\u00f3n Ambiental - Diario Textual","isPartOf":{"@id":"https:\/\/diariotextual.com\/inicio\/#website"},"primaryImageOfPage":{"@id":"https:\/\/diariotextual.com\/inicio\/index.php\/2020\/09\/21\/alberto-fernandez-anticipo-el-impulso-de-una-ley-de-educacion-ambiental\/#primaryimage"},"image":{"@id":"https:\/\/diariotextual.com\/inicio\/index.php\/2020\/09\/21\/alberto-fernandez-anticipo-el-impulso-de-una-ley-de-educacion-ambiental\/#primaryimage"},"thumbnailUrl":"https:\/\/diariotextual.com\/inicio\/wp-content\/uploads\/2020\/09\/FernandezAlbertoPlanAmbiental.jpg","datePublished":"2020-09-21T18:47:22+00:00","dateModified":"2020-09-21T21:23:29+00:00","breadcrumb":{"@id":"https:\/\/diariotextual.com\/inicio\/index.php\/2020\/09\/21\/alberto-fernandez-anticipo-el-impulso-de-una-ley-de-educacion-ambiental\/#breadcrumb"},"inLanguage":"es","potentialAction":[{"@type":"ReadAction","target":["https:\/\/diariotextual.com\/inicio\/index.php\/2020\/09\/21\/alberto-fernandez-anticipo-el-impulso-de-una-ley-de-educacion-ambiental\/"]}]},{"@type":"ImageObject","inLanguage":"es","@id":"https:\/\/diariotextual.com\/inicio\/index.php\/2020\/09\/21\/alberto-fernandez-anticipo-el-impulso-de-una-ley-de-educacion-ambiental\/#primaryimage","url":"https:\/\/diariotextual.com\/inicio\/wp-content\/uploads\/2020\/09\/FernandezAlbertoPlanAmbiental.jpg","contentUrl":"https:\/\/diariotextual.com\/inicio\/wp-content\/uploads\/2020\/09\/FernandezAlbertoPlanAmbiental.jpg","width":700,"height":387,"caption":"21\/09\/2020; Buenos Aires: El presidente Alberto Fern\u00e1ndez encabez\u00f3 este mediod\u00eda, en la residencia de Olivos, la presentaci\u00f3n del Plan de Pol\u00edticas Ambientales, cuyo objetivo es construir un modelo sostenible, de consumo responsable y de cuidado del medio ambiente a nivel nacional. Foto: Prensa\/T\u00e9lam\/AMB"},{"@type":"BreadcrumbList","@id":"https:\/\/diariotextual.com\/inicio\/index.php\/2020\/09\/21\/alberto-fernandez-anticipo-el-impulso-de-una-ley-de-educacion-ambiental\/#breadcrumb","itemListElement":[{"@type":"ListItem","position":1,"name":"Portada","item":"https:\/\/diariotextual.com\/inicio\/"},{"@type":"ListItem","position":2,"name":"Alberto Fern\u00e1ndez anticip\u00f3 el impulso de una Ley de Educaci\u00f3n Ambiental"}]},{"@type":"WebSite","@id":"https:\/\/diariotextual.com\/inicio\/#website","url":"https:\/\/diariotextual.com\/inicio\/","name":"Diario Textual","description":"","publisher":{"@id":"https:\/\/diariotextual.com\/inicio\/#organization"},"potentialAction":[{"@type":"SearchAction","target":{"@type":"EntryPoint","urlTemplate":"https:\/\/diariotextual.com\/inicio\/?s={search_term_string}"},"query-input":{"@type":"PropertyValueSpecification","valueRequired":true,"valueName":"search_term_string"}}],"inLanguage":"es"},{"@type":"Organization","@id":"https:\/\/diariotextual.com\/inicio\/#organization","name":"Diario Textual","url":"https:\/\/diariotextual.com\/inicio\/","logo":{"@type":"ImageObject","inLanguage":"es","@id":"https:\/\/diariotextual.com\/inicio\/#\/schema\/logo\/image\/","url":"https:\/\/diariotextual.com\/inicio\/wp-content\/uploads\/2023\/05\/logotextual1.jpg","contentUrl":"https:\/\/diariotextual.com\/inicio\/wp-content\/uploads\/2023\/05\/logotextual1.jpg","width":516,"height":76,"caption":"Diario Textual"},"image":{"@id":"https:\/\/diariotextual.com\/inicio\/#\/schema\/logo\/image\/"},"sameAs":["https:\/\/www.facebook.com\/eltextual","https:\/\/x.com\/eltextual","http:\/\/www.instagram.com\/eltextual"]},{"@type":"Person","@id":"https:\/\/diariotextual.com\/inicio\/#\/schema\/person\/a1b6f563e0ee944c60f98119389a4d9f","name":"diario3","image":{"@type":"ImageObject","inLanguage":"es","@id":"https:\/\/secure.gravatar.com\/avatar\/5e7ee62c82fc04d9dd79d746a390d93c69c43223e5faeeb3ea9461ef752bfc5d?s=96&d=mm&r=g","url":"https:\/\/secure.gravatar.com\/avatar\/5e7ee62c82fc04d9dd79d746a390d93c69c43223e5faeeb3ea9461ef752bfc5d?s=96&d=mm&r=g","contentUrl":"https:\/\/secure.gravatar.com\/avatar\/5e7ee62c82fc04d9dd79d746a390d93c69c43223e5faeeb3ea9461ef752bfc5d?s=96&d=mm&r=g","caption":"diario3"},"url":"https:\/\/diariotextual.com\/inicio\/index.php\/author\/diario3\/"}]}},"_links":{"self":[{"href":"https:\/\/diariotextual.com\/inicio\/index.php\/wp-json\/wp\/v2\/posts\/112422","targetHints":{"allow":["GET"]}}],"collection":[{"href":"https:\/\/diariotextual.com\/inicio\/index.php\/wp-json\/wp\/v2\/posts"}],"about":[{"href":"https:\/\/diariotextual.com\/inicio\/index.php\/wp-json\/wp\/v2\/types\/post"}],"author":[{"embeddable":true,"href":"https:\/\/diariotextual.com\/inicio\/index.php\/wp-json\/wp\/v2\/users\/5"}],"replies":[{"embeddable":true,"href":"https:\/\/diariotextual.com\/inicio\/index.php\/wp-json\/wp\/v2\/comments?post=112422"}],"version-history":[{"count":1,"href":"https:\/\/diariotextual.com\/inicio\/index.php\/wp-json\/wp\/v2\/posts\/112422\/revisions"}],"predecessor-version":[{"id":112424,"href":"https:\/\/diariotextual.com\/inicio\/index.php\/wp-json\/wp\/v2\/posts\/112422\/revisions\/112424"}],"wp:featuredmedia":[{"embeddable":true,"href":"https:\/\/diariotextual.com\/inicio\/index.php\/wp-json\/wp\/v2\/media\/112423"}],"wp:attachment":[{"href":"https:\/\/diariotextual.com\/inicio\/index.php\/wp-json\/wp\/v2\/media?parent=112422"}],"wp:term":[{"taxonomy":"category","embeddable":true,"href":"https:\/\/diariotextual.com\/inicio\/index.php\/wp-json\/wp\/v2\/categories?post=112422"},{"taxonomy":"post_tag","embeddable":true,"href":"https:\/\/diariotextual.com\/inicio\/index.php\/wp-json\/wp\/v2\/tags?post=112422"}],"curies":[{"name":"wp","href":"https:\/\/api.w.org\/{rel}","templated":true}]}}