{"id":11400,"date":"2018-06-22T13:17:37","date_gmt":"2018-06-22T16:17:37","guid":{"rendered":"http:\/\/diariotextual.com\/inicio\/?p=11400"},"modified":"2018-06-22T14:38:24","modified_gmt":"2018-06-22T17:38:24","slug":"abuso-dos-hijas-pareja-lo-condenaron-8-anos","status":"publish","type":"post","link":"https:\/\/diariotextual.com\/inicio\/index.php\/2018\/06\/22\/abuso-dos-hijas-pareja-lo-condenaron-8-anos\/","title":{"rendered":"Abus\u00f3 de dos hijas de su pareja y lo condenaron a 8 a\u00f1os"},"content":{"rendered":"<p>El juez de audiencia de Santa Rosa Carlos Alberto Besi conden\u00f3 hoy a un padrastro de 26 a\u00f1os a la pena de seis a\u00f1os de prisi\u00f3n por ser autor del delito de abuso sexual de una menor de 13 a\u00f1os, con sometimiento gravemente ultrajante para las v\u00edctimas, por su duraci\u00f3n y circunstancias de realizaci\u00f3n, en dos hechos independiente entre s\u00ed, mediante el uso de amenazas como delito continuado, y le unific\u00f3 la sanci\u00f3n con otra anterior en una pena \u00fanica de ocho a\u00f1os de prisi\u00f3n de cumplimiento efectivo. Las v\u00edctimas fueron dos hijas de su pareja.<\/p>\n<p>Adem\u00e1s, atento a que la fiscal\u00eda y la defensa adelantaron sus renuncias a la interposici\u00f3n de recursos, Besi orden\u00f3 la detenci\u00f3n inmediata del acusado.<\/p>\n<p>Los hechos ocurrieron en la vivienda familiar donde conviv\u00edan. A una de las ni\u00f1as le trasmiti\u00f3 una infecci\u00f3n de origen sexual y a la otra le propin\u00f3 golpes, advirti\u00e9ndole que no contara nada porque si no iba a \u201ccortarle la garganta\u201d, seg\u00fan puede leerse en la sentencia.<\/p>\n<p>El delito fue valorado en el marco de la Convenci\u00f3n sobre la eliminaci\u00f3n de todas las formas de discriminaci\u00f3n contra la mujer, la Convenci\u00f3n Interamericana para prevenir, sancionar y erradicar la violencia contra la mujer, la ley 26.485 de Protecci\u00f3n integral para prevenir, sancionar y erradicar la violencia contra las mujeres y la ley 26.061 de Protecci\u00f3n Integral de los derechos de las ni\u00f1as, ni\u00f1os y adolescentes.<\/p>\n<p>La causa se resolvi\u00f3 por la v\u00eda de un acuerdo de juicio abreviado alcanzado entre el fiscal Marcos Sacco, el defensor particular Luciano Di N\u00e1poli y el imputado, un empleado con antecedentes penales.<\/p>\n<p><strong>Fundamentos del juez<\/strong><\/p>\n<p>Besi dijo en el fallo que los hechos \u201cno solo han quedado acreditados por la prueba documental\u201d incorporada al legajo, sino tambi\u00e9n \u201cpor el reconocimiento del propio imputado, logr\u00e1ndose as\u00ed una clara correspondencia entre lo acontecido, los hechos atribuidos y la calificaci\u00f3n jur\u00eddica que las partes le dieron\u201d.<\/p>\n<p>\u201cLas denuncias oportunamente realizadas son absolutamente contestes con las narraciones de las menores, que sobre los hechos padecidos hicieron a su progenitora y a las profesionales que intervinieron en cada uno de los actos judiciales durante la investigaci\u00f3n fiscal; siendo concreto y preciso el resultado del examen m\u00e9dico practicado a ellas\u201d, acot\u00f3 el magistrado.<\/p>\n<p>\u201cDebe destacarse que las profesionales que asistieron y contuvieron psicol\u00f3gicamente a las v\u00edctimas, fueron coincidentes en destacar la ausencia de fabulaci\u00f3n en sus dichos, como as\u00ed tambi\u00e9n en cuanto a la posibilidad de que hayan sido inducidas por terceros en la descripci\u00f3n f\u00e1ctica relatada\u201d, subray\u00f3 el juez.<\/p>\n<p><strong>Condena anterior<\/strong><\/p>\n<p>El padrastro ya ten\u00eda otra condena anterior. El 26 de agosto de 2014, la jueza de control Mar\u00eda Florencia Maza en otro juicio abreviado le hab\u00eda impuesto una pena \u00fanica de tres a\u00f1os en suspenso como autor del delito. En realidad le hab\u00edan dado dos a\u00f1os de ejecuci\u00f3n condicional por amenazas con armas, en concurso real con abuso de arma y portaci\u00f3n de arma de uso civil sin la debida autorizaci\u00f3n legal; encubrimiento por receptaci\u00f3n dolosa en dos oportunidades; y amenazas simples, en concurso real con adulteraci\u00f3n de la numeraci\u00f3n de un objeto registrado y la magistrada se lo hab\u00eda unificado en tres a\u00f1os en suspenso por otra condena de la antigua C\u00e1mara en lo Criminal 1 del 19 de octubre de 2012.<\/p>\n<p>Una vez que el fallo quede firme se lo informar\u00e1 a la Procuraci\u00f3n General de la Provincia, a los fines de dar cumplimiento con lo dispuesto en la ley 2547 sobre el Registro de condenados por delitos contra la integridad sexual.<\/p>\n","protected":false},"excerpt":{"rendered":"<p>El juez de audiencia de Santa Rosa Carlos Alberto Besi conden\u00f3 hoy a un padrastro de 26 a\u00f1os a la pena de seis a\u00f1os de prisi\u00f3n por ser autor del&hellip;<\/p>\n","protected":false},"author":7,"featured_media":11419,"comment_status":"closed","ping_status":"open","sticky":false,"template":"","format":"standard","meta":{"_acf_changed":false,"footnotes":""},"categories":[4,1,12],"tags":[],"class_list":["post-11400","post","type-post","status-publish","format-standard","has-post-thumbnail","hentry","category-destacadas","category-es-noticia","category-sociedad"],"acf":[],"yoast_head":"<!-- This site is optimized with the Yoast SEO plugin v27.5 - https:\/\/yoast.com\/product\/yoast-seo-wordpress\/ -->\n<title>Abus\u00f3 de dos hijas de su pareja y lo condenaron a 8 a\u00f1os - Diario Textual<\/title>\n<meta name=\"robots\" content=\"index, follow, max-snippet:-1, max-image-preview:large, max-video-preview:-1\" \/>\n<link rel=\"canonical\" href=\"https:\/\/diariotextual.com\/inicio\/index.php\/2018\/06\/22\/abuso-dos-hijas-pareja-lo-condenaron-8-anos\/\" \/>\n<meta property=\"og:locale\" content=\"es_ES\" \/>\n<meta property=\"og:type\" content=\"article\" \/>\n<meta property=\"og:title\" content=\"Abus\u00f3 de dos hijas de su pareja y lo condenaron a 8 a\u00f1os - Diario Textual\" \/>\n<meta property=\"og:description\" content=\"El juez de audiencia de Santa Rosa Carlos Alberto Besi conden\u00f3 hoy a un padrastro de 26 a\u00f1os a la pena de seis a\u00f1os de prisi\u00f3n por ser autor del&hellip;\" \/>\n<meta property=\"og:url\" content=\"https:\/\/diariotextual.com\/inicio\/index.php\/2018\/06\/22\/abuso-dos-hijas-pareja-lo-condenaron-8-anos\/\" \/>\n<meta property=\"og:site_name\" content=\"Diario Textual\" \/>\n<meta property=\"article:publisher\" content=\"https:\/\/www.facebook.com\/eltextual\" \/>\n<meta property=\"article:published_time\" content=\"2018-06-22T16:17:37+00:00\" \/>\n<meta property=\"article:modified_time\" content=\"2018-06-22T17:38:24+00:00\" \/>\n<meta property=\"og:image\" content=\"https:\/\/diariotextual.com\/inicio\/wp-content\/uploads\/2018\/06\/centrojudicial2018-990.jpg\" \/>\n\t<meta property=\"og:image:width\" content=\"959\" \/>\n\t<meta property=\"og:image:height\" content=\"652\" \/>\n\t<meta property=\"og:image:type\" content=\"image\/jpeg\" \/>\n<meta name=\"author\" content=\"diario5\" \/>\n<meta name=\"twitter:card\" content=\"summary_large_image\" \/>\n<meta name=\"twitter:creator\" content=\"@eltextual\" \/>\n<meta name=\"twitter:site\" content=\"@eltextual\" \/>\n<meta name=\"twitter:label1\" content=\"Escrito por\" \/>\n\t<meta name=\"twitter:data1\" content=\"diario5\" \/>\n\t<meta name=\"twitter:label2\" content=\"Tiempo de lectura\" \/>\n\t<meta name=\"twitter:data2\" content=\"3 minutos\" \/>\n<script type=\"application\/ld+json\" class=\"yoast-schema-graph\">{\"@context\":\"https:\\\/\\\/schema.org\",\"@graph\":[{\"@type\":\"Article\",\"@id\":\"https:\\\/\\\/diariotextual.com\\\/inicio\\\/index.php\\\/2018\\\/06\\\/22\\\/abuso-dos-hijas-pareja-lo-condenaron-8-anos\\\/#article\",\"isPartOf\":{\"@id\":\"https:\\\/\\\/diariotextual.com\\\/inicio\\\/index.php\\\/2018\\\/06\\\/22\\\/abuso-dos-hijas-pareja-lo-condenaron-8-anos\\\/\"},\"author\":{\"name\":\"diario5\",\"@id\":\"https:\\\/\\\/diariotextual.com\\\/inicio\\\/#\\\/schema\\\/person\\\/c7834961ad8b29b1d9cdbf4571299067\"},\"headline\":\"Abus\u00f3 de dos hijas de su pareja y lo condenaron a 8 a\u00f1os\",\"datePublished\":\"2018-06-22T16:17:37+00:00\",\"dateModified\":\"2018-06-22T17:38:24+00:00\",\"mainEntityOfPage\":{\"@id\":\"https:\\\/\\\/diariotextual.com\\\/inicio\\\/index.php\\\/2018\\\/06\\\/22\\\/abuso-dos-hijas-pareja-lo-condenaron-8-anos\\\/\"},\"wordCount\":646,\"publisher\":{\"@id\":\"https:\\\/\\\/diariotextual.com\\\/inicio\\\/#organization\"},\"image\":{\"@id\":\"https:\\\/\\\/diariotextual.com\\\/inicio\\\/index.php\\\/2018\\\/06\\\/22\\\/abuso-dos-hijas-pareja-lo-condenaron-8-anos\\\/#primaryimage\"},\"thumbnailUrl\":\"https:\\\/\\\/diariotextual.com\\\/inicio\\\/wp-content\\\/uploads\\\/2018\\\/06\\\/centrojudicial2018-990.jpg\",\"articleSection\":[\"A - DESTACADAS (mod 16)\",\"A - ES NOTICIA (van abajo)\",\"SOCIEDAD\"],\"inLanguage\":\"es\"},{\"@type\":\"WebPage\",\"@id\":\"https:\\\/\\\/diariotextual.com\\\/inicio\\\/index.php\\\/2018\\\/06\\\/22\\\/abuso-dos-hijas-pareja-lo-condenaron-8-anos\\\/\",\"url\":\"https:\\\/\\\/diariotextual.com\\\/inicio\\\/index.php\\\/2018\\\/06\\\/22\\\/abuso-dos-hijas-pareja-lo-condenaron-8-anos\\\/\",\"name\":\"Abus\u00f3 de dos hijas de su pareja y lo condenaron a 8 a\u00f1os - Diario Textual\",\"isPartOf\":{\"@id\":\"https:\\\/\\\/diariotextual.com\\\/inicio\\\/#website\"},\"primaryImageOfPage\":{\"@id\":\"https:\\\/\\\/diariotextual.com\\\/inicio\\\/index.php\\\/2018\\\/06\\\/22\\\/abuso-dos-hijas-pareja-lo-condenaron-8-anos\\\/#primaryimage\"},\"image\":{\"@id\":\"https:\\\/\\\/diariotextual.com\\\/inicio\\\/index.php\\\/2018\\\/06\\\/22\\\/abuso-dos-hijas-pareja-lo-condenaron-8-anos\\\/#primaryimage\"},\"thumbnailUrl\":\"https:\\\/\\\/diariotextual.com\\\/inicio\\\/wp-content\\\/uploads\\\/2018\\\/06\\\/centrojudicial2018-990.jpg\",\"datePublished\":\"2018-06-22T16:17:37+00:00\",\"dateModified\":\"2018-06-22T17:38:24+00:00\",\"breadcrumb\":{\"@id\":\"https:\\\/\\\/diariotextual.com\\\/inicio\\\/index.php\\\/2018\\\/06\\\/22\\\/abuso-dos-hijas-pareja-lo-condenaron-8-anos\\\/#breadcrumb\"},\"inLanguage\":\"es\",\"potentialAction\":[{\"@type\":\"ReadAction\",\"target\":[\"https:\\\/\\\/diariotextual.com\\\/inicio\\\/index.php\\\/2018\\\/06\\\/22\\\/abuso-dos-hijas-pareja-lo-condenaron-8-anos\\\/\"]}]},{\"@type\":\"ImageObject\",\"inLanguage\":\"es\",\"@id\":\"https:\\\/\\\/diariotextual.com\\\/inicio\\\/index.php\\\/2018\\\/06\\\/22\\\/abuso-dos-hijas-pareja-lo-condenaron-8-anos\\\/#primaryimage\",\"url\":\"https:\\\/\\\/diariotextual.com\\\/inicio\\\/wp-content\\\/uploads\\\/2018\\\/06\\\/centrojudicial2018-990.jpg\",\"contentUrl\":\"https:\\\/\\\/diariotextual.com\\\/inicio\\\/wp-content\\\/uploads\\\/2018\\\/06\\\/centrojudicial2018-990.jpg\",\"width\":959,\"height\":652},{\"@type\":\"BreadcrumbList\",\"@id\":\"https:\\\/\\\/diariotextual.com\\\/inicio\\\/index.php\\\/2018\\\/06\\\/22\\\/abuso-dos-hijas-pareja-lo-condenaron-8-anos\\\/#breadcrumb\",\"itemListElement\":[{\"@type\":\"ListItem\",\"position\":1,\"name\":\"Portada\",\"item\":\"https:\\\/\\\/diariotextual.com\\\/inicio\\\/\"},{\"@type\":\"ListItem\",\"position\":2,\"name\":\"Abus\u00f3 de dos hijas de su pareja y lo condenaron a 8 a\u00f1os\"}]},{\"@type\":\"WebSite\",\"@id\":\"https:\\\/\\\/diariotextual.com\\\/inicio\\\/#website\",\"url\":\"https:\\\/\\\/diariotextual.com\\\/inicio\\\/\",\"name\":\"Diario Textual\",\"description\":\"\",\"publisher\":{\"@id\":\"https:\\\/\\\/diariotextual.com\\\/inicio\\\/#organization\"},\"potentialAction\":[{\"@type\":\"SearchAction\",\"target\":{\"@type\":\"EntryPoint\",\"urlTemplate\":\"https:\\\/\\\/diariotextual.com\\\/inicio\\\/?s={search_term_string}\"},\"query-input\":{\"@type\":\"PropertyValueSpecification\",\"valueRequired\":true,\"valueName\":\"search_term_string\"}}],\"inLanguage\":\"es\"},{\"@type\":\"Organization\",\"@id\":\"https:\\\/\\\/diariotextual.com\\\/inicio\\\/#organization\",\"name\":\"Diario Textual\",\"url\":\"https:\\\/\\\/diariotextual.com\\\/inicio\\\/\",\"logo\":{\"@type\":\"ImageObject\",\"inLanguage\":\"es\",\"@id\":\"https:\\\/\\\/diariotextual.com\\\/inicio\\\/#\\\/schema\\\/logo\\\/image\\\/\",\"url\":\"https:\\\/\\\/diariotextual.com\\\/inicio\\\/wp-content\\\/uploads\\\/2023\\\/05\\\/logotextual1.jpg\",\"contentUrl\":\"https:\\\/\\\/diariotextual.com\\\/inicio\\\/wp-content\\\/uploads\\\/2023\\\/05\\\/logotextual1.jpg\",\"width\":516,\"height\":76,\"caption\":\"Diario Textual\"},\"image\":{\"@id\":\"https:\\\/\\\/diariotextual.com\\\/inicio\\\/#\\\/schema\\\/logo\\\/image\\\/\"},\"sameAs\":[\"https:\\\/\\\/www.facebook.com\\\/eltextual\",\"https:\\\/\\\/x.com\\\/eltextual\",\"http:\\\/\\\/www.instagram.com\\\/eltextual\"]},{\"@type\":\"Person\",\"@id\":\"https:\\\/\\\/diariotextual.com\\\/inicio\\\/#\\\/schema\\\/person\\\/c7834961ad8b29b1d9cdbf4571299067\",\"name\":\"diario5\",\"image\":{\"@type\":\"ImageObject\",\"inLanguage\":\"es\",\"@id\":\"https:\\\/\\\/secure.gravatar.com\\\/avatar\\\/948c893b847ca6df68216ead81b63f363408ec9b0f600fefc0641ce78613b111?s=96&d=mm&r=g\",\"url\":\"https:\\\/\\\/secure.gravatar.com\\\/avatar\\\/948c893b847ca6df68216ead81b63f363408ec9b0f600fefc0641ce78613b111?s=96&d=mm&r=g\",\"contentUrl\":\"https:\\\/\\\/secure.gravatar.com\\\/avatar\\\/948c893b847ca6df68216ead81b63f363408ec9b0f600fefc0641ce78613b111?s=96&d=mm&r=g\",\"caption\":\"diario5\"},\"url\":\"https:\\\/\\\/diariotextual.com\\\/inicio\\\/index.php\\\/author\\\/diario5\\\/\"}]}<\/script>\n<!-- \/ Yoast SEO plugin. -->","yoast_head_json":{"title":"Abus\u00f3 de dos hijas de su pareja y lo condenaron a 8 a\u00f1os - Diario Textual","robots":{"index":"index","follow":"follow","max-snippet":"max-snippet:-1","max-image-preview":"max-image-preview:large","max-video-preview":"max-video-preview:-1"},"canonical":"https:\/\/diariotextual.com\/inicio\/index.php\/2018\/06\/22\/abuso-dos-hijas-pareja-lo-condenaron-8-anos\/","og_locale":"es_ES","og_type":"article","og_title":"Abus\u00f3 de dos hijas de su pareja y lo condenaron a 8 a\u00f1os - Diario Textual","og_description":"El juez de audiencia de Santa Rosa Carlos Alberto Besi conden\u00f3 hoy a un padrastro de 26 a\u00f1os a la pena de seis a\u00f1os de prisi\u00f3n por ser autor del&hellip;","og_url":"https:\/\/diariotextual.com\/inicio\/index.php\/2018\/06\/22\/abuso-dos-hijas-pareja-lo-condenaron-8-anos\/","og_site_name":"Diario Textual","article_publisher":"https:\/\/www.facebook.com\/eltextual","article_published_time":"2018-06-22T16:17:37+00:00","article_modified_time":"2018-06-22T17:38:24+00:00","og_image":[{"width":959,"height":652,"url":"https:\/\/diariotextual.com\/inicio\/wp-content\/uploads\/2018\/06\/centrojudicial2018-990.jpg","type":"image\/jpeg"}],"author":"diario5","twitter_card":"summary_large_image","twitter_creator":"@eltextual","twitter_site":"@eltextual","twitter_misc":{"Escrito por":"diario5","Tiempo de lectura":"3 minutos"},"schema":{"@context":"https:\/\/schema.org","@graph":[{"@type":"Article","@id":"https:\/\/diariotextual.com\/inicio\/index.php\/2018\/06\/22\/abuso-dos-hijas-pareja-lo-condenaron-8-anos\/#article","isPartOf":{"@id":"https:\/\/diariotextual.com\/inicio\/index.php\/2018\/06\/22\/abuso-dos-hijas-pareja-lo-condenaron-8-anos\/"},"author":{"name":"diario5","@id":"https:\/\/diariotextual.com\/inicio\/#\/schema\/person\/c7834961ad8b29b1d9cdbf4571299067"},"headline":"Abus\u00f3 de dos hijas de su pareja y lo condenaron a 8 a\u00f1os","datePublished":"2018-06-22T16:17:37+00:00","dateModified":"2018-06-22T17:38:24+00:00","mainEntityOfPage":{"@id":"https:\/\/diariotextual.com\/inicio\/index.php\/2018\/06\/22\/abuso-dos-hijas-pareja-lo-condenaron-8-anos\/"},"wordCount":646,"publisher":{"@id":"https:\/\/diariotextual.com\/inicio\/#organization"},"image":{"@id":"https:\/\/diariotextual.com\/inicio\/index.php\/2018\/06\/22\/abuso-dos-hijas-pareja-lo-condenaron-8-anos\/#primaryimage"},"thumbnailUrl":"https:\/\/diariotextual.com\/inicio\/wp-content\/uploads\/2018\/06\/centrojudicial2018-990.jpg","articleSection":["A - DESTACADAS (mod 16)","A - ES NOTICIA (van abajo)","SOCIEDAD"],"inLanguage":"es"},{"@type":"WebPage","@id":"https:\/\/diariotextual.com\/inicio\/index.php\/2018\/06\/22\/abuso-dos-hijas-pareja-lo-condenaron-8-anos\/","url":"https:\/\/diariotextual.com\/inicio\/index.php\/2018\/06\/22\/abuso-dos-hijas-pareja-lo-condenaron-8-anos\/","name":"Abus\u00f3 de dos hijas de su pareja y lo condenaron a 8 a\u00f1os - Diario Textual","isPartOf":{"@id":"https:\/\/diariotextual.com\/inicio\/#website"},"primaryImageOfPage":{"@id":"https:\/\/diariotextual.com\/inicio\/index.php\/2018\/06\/22\/abuso-dos-hijas-pareja-lo-condenaron-8-anos\/#primaryimage"},"image":{"@id":"https:\/\/diariotextual.com\/inicio\/index.php\/2018\/06\/22\/abuso-dos-hijas-pareja-lo-condenaron-8-anos\/#primaryimage"},"thumbnailUrl":"https:\/\/diariotextual.com\/inicio\/wp-content\/uploads\/2018\/06\/centrojudicial2018-990.jpg","datePublished":"2018-06-22T16:17:37+00:00","dateModified":"2018-06-22T17:38:24+00:00","breadcrumb":{"@id":"https:\/\/diariotextual.com\/inicio\/index.php\/2018\/06\/22\/abuso-dos-hijas-pareja-lo-condenaron-8-anos\/#breadcrumb"},"inLanguage":"es","potentialAction":[{"@type":"ReadAction","target":["https:\/\/diariotextual.com\/inicio\/index.php\/2018\/06\/22\/abuso-dos-hijas-pareja-lo-condenaron-8-anos\/"]}]},{"@type":"ImageObject","inLanguage":"es","@id":"https:\/\/diariotextual.com\/inicio\/index.php\/2018\/06\/22\/abuso-dos-hijas-pareja-lo-condenaron-8-anos\/#primaryimage","url":"https:\/\/diariotextual.com\/inicio\/wp-content\/uploads\/2018\/06\/centrojudicial2018-990.jpg","contentUrl":"https:\/\/diariotextual.com\/inicio\/wp-content\/uploads\/2018\/06\/centrojudicial2018-990.jpg","width":959,"height":652},{"@type":"BreadcrumbList","@id":"https:\/\/diariotextual.com\/inicio\/index.php\/2018\/06\/22\/abuso-dos-hijas-pareja-lo-condenaron-8-anos\/#breadcrumb","itemListElement":[{"@type":"ListItem","position":1,"name":"Portada","item":"https:\/\/diariotextual.com\/inicio\/"},{"@type":"ListItem","position":2,"name":"Abus\u00f3 de dos hijas de su pareja y lo condenaron a 8 a\u00f1os"}]},{"@type":"WebSite","@id":"https:\/\/diariotextual.com\/inicio\/#website","url":"https:\/\/diariotextual.com\/inicio\/","name":"Diario Textual","description":"","publisher":{"@id":"https:\/\/diariotextual.com\/inicio\/#organization"},"potentialAction":[{"@type":"SearchAction","target":{"@type":"EntryPoint","urlTemplate":"https:\/\/diariotextual.com\/inicio\/?s={search_term_string}"},"query-input":{"@type":"PropertyValueSpecification","valueRequired":true,"valueName":"search_term_string"}}],"inLanguage":"es"},{"@type":"Organization","@id":"https:\/\/diariotextual.com\/inicio\/#organization","name":"Diario Textual","url":"https:\/\/diariotextual.com\/inicio\/","logo":{"@type":"ImageObject","inLanguage":"es","@id":"https:\/\/diariotextual.com\/inicio\/#\/schema\/logo\/image\/","url":"https:\/\/diariotextual.com\/inicio\/wp-content\/uploads\/2023\/05\/logotextual1.jpg","contentUrl":"https:\/\/diariotextual.com\/inicio\/wp-content\/uploads\/2023\/05\/logotextual1.jpg","width":516,"height":76,"caption":"Diario Textual"},"image":{"@id":"https:\/\/diariotextual.com\/inicio\/#\/schema\/logo\/image\/"},"sameAs":["https:\/\/www.facebook.com\/eltextual","https:\/\/x.com\/eltextual","http:\/\/www.instagram.com\/eltextual"]},{"@type":"Person","@id":"https:\/\/diariotextual.com\/inicio\/#\/schema\/person\/c7834961ad8b29b1d9cdbf4571299067","name":"diario5","image":{"@type":"ImageObject","inLanguage":"es","@id":"https:\/\/secure.gravatar.com\/avatar\/948c893b847ca6df68216ead81b63f363408ec9b0f600fefc0641ce78613b111?s=96&d=mm&r=g","url":"https:\/\/secure.gravatar.com\/avatar\/948c893b847ca6df68216ead81b63f363408ec9b0f600fefc0641ce78613b111?s=96&d=mm&r=g","contentUrl":"https:\/\/secure.gravatar.com\/avatar\/948c893b847ca6df68216ead81b63f363408ec9b0f600fefc0641ce78613b111?s=96&d=mm&r=g","caption":"diario5"},"url":"https:\/\/diariotextual.com\/inicio\/index.php\/author\/diario5\/"}]}},"_links":{"self":[{"href":"https:\/\/diariotextual.com\/inicio\/index.php\/wp-json\/wp\/v2\/posts\/11400","targetHints":{"allow":["GET"]}}],"collection":[{"href":"https:\/\/diariotextual.com\/inicio\/index.php\/wp-json\/wp\/v2\/posts"}],"about":[{"href":"https:\/\/diariotextual.com\/inicio\/index.php\/wp-json\/wp\/v2\/types\/post"}],"author":[{"embeddable":true,"href":"https:\/\/diariotextual.com\/inicio\/index.php\/wp-json\/wp\/v2\/users\/7"}],"replies":[{"embeddable":true,"href":"https:\/\/diariotextual.com\/inicio\/index.php\/wp-json\/wp\/v2\/comments?post=11400"}],"version-history":[{"count":3,"href":"https:\/\/diariotextual.com\/inicio\/index.php\/wp-json\/wp\/v2\/posts\/11400\/revisions"}],"predecessor-version":[{"id":11403,"href":"https:\/\/diariotextual.com\/inicio\/index.php\/wp-json\/wp\/v2\/posts\/11400\/revisions\/11403"}],"wp:featuredmedia":[{"embeddable":true,"href":"https:\/\/diariotextual.com\/inicio\/index.php\/wp-json\/wp\/v2\/media\/11419"}],"wp:attachment":[{"href":"https:\/\/diariotextual.com\/inicio\/index.php\/wp-json\/wp\/v2\/media?parent=11400"}],"wp:term":[{"taxonomy":"category","embeddable":true,"href":"https:\/\/diariotextual.com\/inicio\/index.php\/wp-json\/wp\/v2\/categories?post=11400"},{"taxonomy":"post_tag","embeddable":true,"href":"https:\/\/diariotextual.com\/inicio\/index.php\/wp-json\/wp\/v2\/tags?post=11400"}],"curies":[{"name":"wp","href":"https:\/\/api.w.org\/{rel}","templated":true}]}}