{"id":11436,"date":"2018-06-22T20:32:52","date_gmt":"2018-06-22T23:32:52","guid":{"rendered":"http:\/\/diariotextual.com\/inicio\/?p=11436"},"modified":"2018-06-23T10:24:29","modified_gmt":"2018-06-23T13:24:29","slug":"borthiry-la-politica-creditos-va-camino-consolidarse-politica-estado","status":"publish","type":"post","link":"https:\/\/diariotextual.com\/inicio\/index.php\/2018\/06\/22\/borthiry-la-politica-creditos-va-camino-consolidarse-politica-estado\/","title":{"rendered":"Borthiry: \u201cLa pol\u00edtica de cr\u00e9ditos va camino a consolidarse como pol\u00edtica de Estado\u00bb"},"content":{"rendered":"<p>El ministro de Desarrollo Territorial, Mart\u00edn Borthiry, recorri\u00f3 Monte Nievas y Caleuf\u00fa, all\u00ed entreg\u00f3 cr\u00e9ditos, recorri\u00f3 emprendimientos y mantuvo reuniones con funcionarios de ambos municipios.<\/p>\n<p><!--more--><\/p>\n<p>Durante la visita de algunos proyectos en marcha, Borthiry manifest\u00f3: \u00abVemos que hay emprendedores que est\u00e1n trabajando muy bien y tienen muchas posibilidades de crecer. A esas PyMEs tenemos que ayudarlas a conseguir m\u00e1s y nuevos mercados\u00bb.<\/p>\n<p>Es el caso del agua mineral \u00abOtras Corrientes\u00bb, a cargo de la Cooperativa de Provisi\u00f3n para Obras y Servicios P\u00fablicos de Caleuf\u00fa Ltda. (CoSerCal), trabajan actualmente en la elaboraci\u00f3n de bidones de 20, 12, 10 litros y botellas de 600 cm3.<\/p>\n<p>El emprendimiento lleva unos 12 a\u00f1os en el mercado y, en los \u00faltimos meses, incorporaron los c\u00f3digos de barras en las botellas de agua, lo que permitir\u00e1 comercializarla en toda la provincia de La Pampa.<\/p>\n<p>\u201cEn ambas localidades (Caleuf\u00fa y Monte Nievas) los emprendimientos est\u00e1n funcionando excelentemente. Hay otros que est\u00e1n consolid\u00e1ndose y es por eso que el Ministerio de Desarrollo Territorial sigue acompa\u00f1ando con sus equipos t\u00e9cnicos, asesorando a los vecinos para concretar las ideas\u201d, expres\u00f3.<\/p>\n<p>Borthiry record\u00f3 que cada semana desde el Ministerio est\u00e1n presentes en m\u00e1s de tres localidades y se visitan entre 10 y 15 emprendimientos. \u201cDe esos proyectos m\u00e1s del 90% est\u00e1n en marcha, lo cual es un porcentaje muy alto\u201d, dijo.<\/p>\n<p>Y agreg\u00f3: \u201cNo tenemos ninguna duda de que la estrategia de cr\u00e9ditos del Gobierno de La Pampa va camino a consolidarse como una pol\u00edtica de Estado\u00bb.<\/p>\n<p>Junto a su comitiva, en Caleuf\u00fa se encontr\u00f3 con vecinos de la zona, recorri\u00f3 emprendimientos y entregaron dos cr\u00e9ditos enmarcados en la Ley N\u00b0 2870, de Promoci\u00f3n de las Actividades Econ\u00f3micas.<\/p>\n<p>En este caso, los beneficiarios fueron Susana Felisa Tolosa, quien recibi\u00f3 un monto de 200 mil pesos para Despensa La Estaci\u00f3n, y Alejandra Marina Lovera, con un monto similar para Venta de Repuestos en general y Atenci\u00f3n al Agro.<\/p>\n<p>&nbsp;<\/p>\n","protected":false},"excerpt":{"rendered":"<p>El ministro de Desarrollo Territorial, Mart\u00edn Borthiry, recorri\u00f3 Monte Nievas y Caleuf\u00fa, all\u00ed entreg\u00f3 cr\u00e9ditos, recorri\u00f3 emprendimientos y mantuvo reuniones con funcionarios de ambos municipios.<\/p>\n","protected":false},"author":5,"featured_media":11437,"comment_status":"closed","ping_status":"open","sticky":false,"template":"","format":"standard","meta":{"_acf_changed":false,"footnotes":""},"categories":[4,11,12],"tags":[],"class_list":["post-11436","post","type-post","status-publish","format-standard","has-post-thumbnail","hentry","category-destacadas","category-que-pasa","category-sociedad"],"acf":[],"yoast_head":"<!-- This site is optimized with the Yoast SEO plugin v27.5 - https:\/\/yoast.com\/product\/yoast-seo-wordpress\/ -->\n<title>Borthiry: \u201cLa pol\u00edtica de cr\u00e9ditos va camino a consolidarse como pol\u00edtica de Estado&quot; - Diario Textual<\/title>\n<meta name=\"robots\" content=\"index, follow, max-snippet:-1, max-image-preview:large, max-video-preview:-1\" \/>\n<link rel=\"canonical\" href=\"https:\/\/diariotextual.com\/inicio\/index.php\/2018\/06\/22\/borthiry-la-politica-creditos-va-camino-consolidarse-politica-estado\/\" \/>\n<meta property=\"og:locale\" content=\"es_ES\" \/>\n<meta property=\"og:type\" content=\"article\" \/>\n<meta property=\"og:title\" content=\"Borthiry: \u201cLa pol\u00edtica de cr\u00e9ditos va camino a consolidarse como pol\u00edtica de Estado&quot; - Diario Textual\" \/>\n<meta property=\"og:description\" content=\"El ministro de Desarrollo Territorial, Mart\u00edn Borthiry, recorri\u00f3 Monte Nievas y Caleuf\u00fa, all\u00ed entreg\u00f3 cr\u00e9ditos, recorri\u00f3 emprendimientos y mantuvo reuniones con funcionarios de ambos municipios.\" \/>\n<meta property=\"og:url\" content=\"https:\/\/diariotextual.com\/inicio\/index.php\/2018\/06\/22\/borthiry-la-politica-creditos-va-camino-consolidarse-politica-estado\/\" \/>\n<meta property=\"og:site_name\" content=\"Diario Textual\" \/>\n<meta property=\"article:publisher\" content=\"https:\/\/www.facebook.com\/eltextual\" \/>\n<meta property=\"article:published_time\" content=\"2018-06-22T23:32:52+00:00\" \/>\n<meta property=\"article:modified_time\" content=\"2018-06-23T13:24:29+00:00\" \/>\n<meta property=\"og:image\" content=\"https:\/\/diariotextual.com\/inicio\/wp-content\/uploads\/2018\/06\/borthirycaleufu.jpeg\" \/>\n\t<meta property=\"og:image:width\" content=\"700\" \/>\n\t<meta property=\"og:image:height\" content=\"394\" \/>\n\t<meta property=\"og:image:type\" content=\"image\/jpeg\" \/>\n<meta name=\"author\" content=\"diario3\" \/>\n<meta name=\"twitter:card\" content=\"summary_large_image\" \/>\n<meta name=\"twitter:creator\" content=\"@eltextual\" \/>\n<meta name=\"twitter:site\" content=\"@eltextual\" \/>\n<meta name=\"twitter:label1\" content=\"Escrito por\" \/>\n\t<meta name=\"twitter:data1\" content=\"diario3\" \/>\n\t<meta name=\"twitter:label2\" content=\"Tiempo de lectura\" \/>\n\t<meta name=\"twitter:data2\" content=\"2 minutos\" \/>\n<script type=\"application\/ld+json\" class=\"yoast-schema-graph\">{\"@context\":\"https:\\\/\\\/schema.org\",\"@graph\":[{\"@type\":\"Article\",\"@id\":\"https:\\\/\\\/diariotextual.com\\\/inicio\\\/index.php\\\/2018\\\/06\\\/22\\\/borthiry-la-politica-creditos-va-camino-consolidarse-politica-estado\\\/#article\",\"isPartOf\":{\"@id\":\"https:\\\/\\\/diariotextual.com\\\/inicio\\\/index.php\\\/2018\\\/06\\\/22\\\/borthiry-la-politica-creditos-va-camino-consolidarse-politica-estado\\\/\"},\"author\":{\"name\":\"diario3\",\"@id\":\"https:\\\/\\\/diariotextual.com\\\/inicio\\\/#\\\/schema\\\/person\\\/a1b6f563e0ee944c60f98119389a4d9f\"},\"headline\":\"Borthiry: \u201cLa pol\u00edtica de cr\u00e9ditos va camino a consolidarse como pol\u00edtica de Estado\u00bb\",\"datePublished\":\"2018-06-22T23:32:52+00:00\",\"dateModified\":\"2018-06-23T13:24:29+00:00\",\"mainEntityOfPage\":{\"@id\":\"https:\\\/\\\/diariotextual.com\\\/inicio\\\/index.php\\\/2018\\\/06\\\/22\\\/borthiry-la-politica-creditos-va-camino-consolidarse-politica-estado\\\/\"},\"wordCount\":348,\"publisher\":{\"@id\":\"https:\\\/\\\/diariotextual.com\\\/inicio\\\/#organization\"},\"image\":{\"@id\":\"https:\\\/\\\/diariotextual.com\\\/inicio\\\/index.php\\\/2018\\\/06\\\/22\\\/borthiry-la-politica-creditos-va-camino-consolidarse-politica-estado\\\/#primaryimage\"},\"thumbnailUrl\":\"https:\\\/\\\/diariotextual.com\\\/inicio\\\/wp-content\\\/uploads\\\/2018\\\/06\\\/borthirycaleufu.jpeg\",\"articleSection\":[\"A - DESTACADAS (mod 16)\",\"A - QUE PASA (al costado)\",\"SOCIEDAD\"],\"inLanguage\":\"es\"},{\"@type\":\"WebPage\",\"@id\":\"https:\\\/\\\/diariotextual.com\\\/inicio\\\/index.php\\\/2018\\\/06\\\/22\\\/borthiry-la-politica-creditos-va-camino-consolidarse-politica-estado\\\/\",\"url\":\"https:\\\/\\\/diariotextual.com\\\/inicio\\\/index.php\\\/2018\\\/06\\\/22\\\/borthiry-la-politica-creditos-va-camino-consolidarse-politica-estado\\\/\",\"name\":\"Borthiry: \u201cLa pol\u00edtica de cr\u00e9ditos va camino a consolidarse como pol\u00edtica de Estado\\\" - Diario Textual\",\"isPartOf\":{\"@id\":\"https:\\\/\\\/diariotextual.com\\\/inicio\\\/#website\"},\"primaryImageOfPage\":{\"@id\":\"https:\\\/\\\/diariotextual.com\\\/inicio\\\/index.php\\\/2018\\\/06\\\/22\\\/borthiry-la-politica-creditos-va-camino-consolidarse-politica-estado\\\/#primaryimage\"},\"image\":{\"@id\":\"https:\\\/\\\/diariotextual.com\\\/inicio\\\/index.php\\\/2018\\\/06\\\/22\\\/borthiry-la-politica-creditos-va-camino-consolidarse-politica-estado\\\/#primaryimage\"},\"thumbnailUrl\":\"https:\\\/\\\/diariotextual.com\\\/inicio\\\/wp-content\\\/uploads\\\/2018\\\/06\\\/borthirycaleufu.jpeg\",\"datePublished\":\"2018-06-22T23:32:52+00:00\",\"dateModified\":\"2018-06-23T13:24:29+00:00\",\"breadcrumb\":{\"@id\":\"https:\\\/\\\/diariotextual.com\\\/inicio\\\/index.php\\\/2018\\\/06\\\/22\\\/borthiry-la-politica-creditos-va-camino-consolidarse-politica-estado\\\/#breadcrumb\"},\"inLanguage\":\"es\",\"potentialAction\":[{\"@type\":\"ReadAction\",\"target\":[\"https:\\\/\\\/diariotextual.com\\\/inicio\\\/index.php\\\/2018\\\/06\\\/22\\\/borthiry-la-politica-creditos-va-camino-consolidarse-politica-estado\\\/\"]}]},{\"@type\":\"ImageObject\",\"inLanguage\":\"es\",\"@id\":\"https:\\\/\\\/diariotextual.com\\\/inicio\\\/index.php\\\/2018\\\/06\\\/22\\\/borthiry-la-politica-creditos-va-camino-consolidarse-politica-estado\\\/#primaryimage\",\"url\":\"https:\\\/\\\/diariotextual.com\\\/inicio\\\/wp-content\\\/uploads\\\/2018\\\/06\\\/borthirycaleufu.jpeg\",\"contentUrl\":\"https:\\\/\\\/diariotextual.com\\\/inicio\\\/wp-content\\\/uploads\\\/2018\\\/06\\\/borthirycaleufu.jpeg\",\"width\":700,\"height\":394},{\"@type\":\"BreadcrumbList\",\"@id\":\"https:\\\/\\\/diariotextual.com\\\/inicio\\\/index.php\\\/2018\\\/06\\\/22\\\/borthiry-la-politica-creditos-va-camino-consolidarse-politica-estado\\\/#breadcrumb\",\"itemListElement\":[{\"@type\":\"ListItem\",\"position\":1,\"name\":\"Portada\",\"item\":\"https:\\\/\\\/diariotextual.com\\\/inicio\\\/\"},{\"@type\":\"ListItem\",\"position\":2,\"name\":\"Borthiry: \u201cLa pol\u00edtica de cr\u00e9ditos va camino a consolidarse como pol\u00edtica de Estado\u00bb\"}]},{\"@type\":\"WebSite\",\"@id\":\"https:\\\/\\\/diariotextual.com\\\/inicio\\\/#website\",\"url\":\"https:\\\/\\\/diariotextual.com\\\/inicio\\\/\",\"name\":\"Diario Textual\",\"description\":\"\",\"publisher\":{\"@id\":\"https:\\\/\\\/diariotextual.com\\\/inicio\\\/#organization\"},\"potentialAction\":[{\"@type\":\"SearchAction\",\"target\":{\"@type\":\"EntryPoint\",\"urlTemplate\":\"https:\\\/\\\/diariotextual.com\\\/inicio\\\/?s={search_term_string}\"},\"query-input\":{\"@type\":\"PropertyValueSpecification\",\"valueRequired\":true,\"valueName\":\"search_term_string\"}}],\"inLanguage\":\"es\"},{\"@type\":\"Organization\",\"@id\":\"https:\\\/\\\/diariotextual.com\\\/inicio\\\/#organization\",\"name\":\"Diario Textual\",\"url\":\"https:\\\/\\\/diariotextual.com\\\/inicio\\\/\",\"logo\":{\"@type\":\"ImageObject\",\"inLanguage\":\"es\",\"@id\":\"https:\\\/\\\/diariotextual.com\\\/inicio\\\/#\\\/schema\\\/logo\\\/image\\\/\",\"url\":\"https:\\\/\\\/diariotextual.com\\\/inicio\\\/wp-content\\\/uploads\\\/2023\\\/05\\\/logotextual1.jpg\",\"contentUrl\":\"https:\\\/\\\/diariotextual.com\\\/inicio\\\/wp-content\\\/uploads\\\/2023\\\/05\\\/logotextual1.jpg\",\"width\":516,\"height\":76,\"caption\":\"Diario Textual\"},\"image\":{\"@id\":\"https:\\\/\\\/diariotextual.com\\\/inicio\\\/#\\\/schema\\\/logo\\\/image\\\/\"},\"sameAs\":[\"https:\\\/\\\/www.facebook.com\\\/eltextual\",\"https:\\\/\\\/x.com\\\/eltextual\",\"http:\\\/\\\/www.instagram.com\\\/eltextual\"]},{\"@type\":\"Person\",\"@id\":\"https:\\\/\\\/diariotextual.com\\\/inicio\\\/#\\\/schema\\\/person\\\/a1b6f563e0ee944c60f98119389a4d9f\",\"name\":\"diario3\",\"image\":{\"@type\":\"ImageObject\",\"inLanguage\":\"es\",\"@id\":\"https:\\\/\\\/secure.gravatar.com\\\/avatar\\\/5e7ee62c82fc04d9dd79d746a390d93c69c43223e5faeeb3ea9461ef752bfc5d?s=96&d=mm&r=g\",\"url\":\"https:\\\/\\\/secure.gravatar.com\\\/avatar\\\/5e7ee62c82fc04d9dd79d746a390d93c69c43223e5faeeb3ea9461ef752bfc5d?s=96&d=mm&r=g\",\"contentUrl\":\"https:\\\/\\\/secure.gravatar.com\\\/avatar\\\/5e7ee62c82fc04d9dd79d746a390d93c69c43223e5faeeb3ea9461ef752bfc5d?s=96&d=mm&r=g\",\"caption\":\"diario3\"},\"url\":\"https:\\\/\\\/diariotextual.com\\\/inicio\\\/index.php\\\/author\\\/diario3\\\/\"}]}<\/script>\n<!-- \/ Yoast SEO plugin. -->","yoast_head_json":{"title":"Borthiry: \u201cLa pol\u00edtica de cr\u00e9ditos va camino a consolidarse como pol\u00edtica de Estado\" - Diario Textual","robots":{"index":"index","follow":"follow","max-snippet":"max-snippet:-1","max-image-preview":"max-image-preview:large","max-video-preview":"max-video-preview:-1"},"canonical":"https:\/\/diariotextual.com\/inicio\/index.php\/2018\/06\/22\/borthiry-la-politica-creditos-va-camino-consolidarse-politica-estado\/","og_locale":"es_ES","og_type":"article","og_title":"Borthiry: \u201cLa pol\u00edtica de cr\u00e9ditos va camino a consolidarse como pol\u00edtica de Estado\" - Diario Textual","og_description":"El ministro de Desarrollo Territorial, Mart\u00edn Borthiry, recorri\u00f3 Monte Nievas y Caleuf\u00fa, all\u00ed entreg\u00f3 cr\u00e9ditos, recorri\u00f3 emprendimientos y mantuvo reuniones con funcionarios de ambos municipios.","og_url":"https:\/\/diariotextual.com\/inicio\/index.php\/2018\/06\/22\/borthiry-la-politica-creditos-va-camino-consolidarse-politica-estado\/","og_site_name":"Diario Textual","article_publisher":"https:\/\/www.facebook.com\/eltextual","article_published_time":"2018-06-22T23:32:52+00:00","article_modified_time":"2018-06-23T13:24:29+00:00","og_image":[{"width":700,"height":394,"url":"https:\/\/diariotextual.com\/inicio\/wp-content\/uploads\/2018\/06\/borthirycaleufu.jpeg","type":"image\/jpeg"}],"author":"diario3","twitter_card":"summary_large_image","twitter_creator":"@eltextual","twitter_site":"@eltextual","twitter_misc":{"Escrito por":"diario3","Tiempo de lectura":"2 minutos"},"schema":{"@context":"https:\/\/schema.org","@graph":[{"@type":"Article","@id":"https:\/\/diariotextual.com\/inicio\/index.php\/2018\/06\/22\/borthiry-la-politica-creditos-va-camino-consolidarse-politica-estado\/#article","isPartOf":{"@id":"https:\/\/diariotextual.com\/inicio\/index.php\/2018\/06\/22\/borthiry-la-politica-creditos-va-camino-consolidarse-politica-estado\/"},"author":{"name":"diario3","@id":"https:\/\/diariotextual.com\/inicio\/#\/schema\/person\/a1b6f563e0ee944c60f98119389a4d9f"},"headline":"Borthiry: \u201cLa pol\u00edtica de cr\u00e9ditos va camino a consolidarse como pol\u00edtica de Estado\u00bb","datePublished":"2018-06-22T23:32:52+00:00","dateModified":"2018-06-23T13:24:29+00:00","mainEntityOfPage":{"@id":"https:\/\/diariotextual.com\/inicio\/index.php\/2018\/06\/22\/borthiry-la-politica-creditos-va-camino-consolidarse-politica-estado\/"},"wordCount":348,"publisher":{"@id":"https:\/\/diariotextual.com\/inicio\/#organization"},"image":{"@id":"https:\/\/diariotextual.com\/inicio\/index.php\/2018\/06\/22\/borthiry-la-politica-creditos-va-camino-consolidarse-politica-estado\/#primaryimage"},"thumbnailUrl":"https:\/\/diariotextual.com\/inicio\/wp-content\/uploads\/2018\/06\/borthirycaleufu.jpeg","articleSection":["A - DESTACADAS (mod 16)","A - QUE PASA (al costado)","SOCIEDAD"],"inLanguage":"es"},{"@type":"WebPage","@id":"https:\/\/diariotextual.com\/inicio\/index.php\/2018\/06\/22\/borthiry-la-politica-creditos-va-camino-consolidarse-politica-estado\/","url":"https:\/\/diariotextual.com\/inicio\/index.php\/2018\/06\/22\/borthiry-la-politica-creditos-va-camino-consolidarse-politica-estado\/","name":"Borthiry: \u201cLa pol\u00edtica de cr\u00e9ditos va camino a consolidarse como pol\u00edtica de Estado\" - Diario Textual","isPartOf":{"@id":"https:\/\/diariotextual.com\/inicio\/#website"},"primaryImageOfPage":{"@id":"https:\/\/diariotextual.com\/inicio\/index.php\/2018\/06\/22\/borthiry-la-politica-creditos-va-camino-consolidarse-politica-estado\/#primaryimage"},"image":{"@id":"https:\/\/diariotextual.com\/inicio\/index.php\/2018\/06\/22\/borthiry-la-politica-creditos-va-camino-consolidarse-politica-estado\/#primaryimage"},"thumbnailUrl":"https:\/\/diariotextual.com\/inicio\/wp-content\/uploads\/2018\/06\/borthirycaleufu.jpeg","datePublished":"2018-06-22T23:32:52+00:00","dateModified":"2018-06-23T13:24:29+00:00","breadcrumb":{"@id":"https:\/\/diariotextual.com\/inicio\/index.php\/2018\/06\/22\/borthiry-la-politica-creditos-va-camino-consolidarse-politica-estado\/#breadcrumb"},"inLanguage":"es","potentialAction":[{"@type":"ReadAction","target":["https:\/\/diariotextual.com\/inicio\/index.php\/2018\/06\/22\/borthiry-la-politica-creditos-va-camino-consolidarse-politica-estado\/"]}]},{"@type":"ImageObject","inLanguage":"es","@id":"https:\/\/diariotextual.com\/inicio\/index.php\/2018\/06\/22\/borthiry-la-politica-creditos-va-camino-consolidarse-politica-estado\/#primaryimage","url":"https:\/\/diariotextual.com\/inicio\/wp-content\/uploads\/2018\/06\/borthirycaleufu.jpeg","contentUrl":"https:\/\/diariotextual.com\/inicio\/wp-content\/uploads\/2018\/06\/borthirycaleufu.jpeg","width":700,"height":394},{"@type":"BreadcrumbList","@id":"https:\/\/diariotextual.com\/inicio\/index.php\/2018\/06\/22\/borthiry-la-politica-creditos-va-camino-consolidarse-politica-estado\/#breadcrumb","itemListElement":[{"@type":"ListItem","position":1,"name":"Portada","item":"https:\/\/diariotextual.com\/inicio\/"},{"@type":"ListItem","position":2,"name":"Borthiry: \u201cLa pol\u00edtica de cr\u00e9ditos va camino a consolidarse como pol\u00edtica de Estado\u00bb"}]},{"@type":"WebSite","@id":"https:\/\/diariotextual.com\/inicio\/#website","url":"https:\/\/diariotextual.com\/inicio\/","name":"Diario Textual","description":"","publisher":{"@id":"https:\/\/diariotextual.com\/inicio\/#organization"},"potentialAction":[{"@type":"SearchAction","target":{"@type":"EntryPoint","urlTemplate":"https:\/\/diariotextual.com\/inicio\/?s={search_term_string}"},"query-input":{"@type":"PropertyValueSpecification","valueRequired":true,"valueName":"search_term_string"}}],"inLanguage":"es"},{"@type":"Organization","@id":"https:\/\/diariotextual.com\/inicio\/#organization","name":"Diario Textual","url":"https:\/\/diariotextual.com\/inicio\/","logo":{"@type":"ImageObject","inLanguage":"es","@id":"https:\/\/diariotextual.com\/inicio\/#\/schema\/logo\/image\/","url":"https:\/\/diariotextual.com\/inicio\/wp-content\/uploads\/2023\/05\/logotextual1.jpg","contentUrl":"https:\/\/diariotextual.com\/inicio\/wp-content\/uploads\/2023\/05\/logotextual1.jpg","width":516,"height":76,"caption":"Diario Textual"},"image":{"@id":"https:\/\/diariotextual.com\/inicio\/#\/schema\/logo\/image\/"},"sameAs":["https:\/\/www.facebook.com\/eltextual","https:\/\/x.com\/eltextual","http:\/\/www.instagram.com\/eltextual"]},{"@type":"Person","@id":"https:\/\/diariotextual.com\/inicio\/#\/schema\/person\/a1b6f563e0ee944c60f98119389a4d9f","name":"diario3","image":{"@type":"ImageObject","inLanguage":"es","@id":"https:\/\/secure.gravatar.com\/avatar\/5e7ee62c82fc04d9dd79d746a390d93c69c43223e5faeeb3ea9461ef752bfc5d?s=96&d=mm&r=g","url":"https:\/\/secure.gravatar.com\/avatar\/5e7ee62c82fc04d9dd79d746a390d93c69c43223e5faeeb3ea9461ef752bfc5d?s=96&d=mm&r=g","contentUrl":"https:\/\/secure.gravatar.com\/avatar\/5e7ee62c82fc04d9dd79d746a390d93c69c43223e5faeeb3ea9461ef752bfc5d?s=96&d=mm&r=g","caption":"diario3"},"url":"https:\/\/diariotextual.com\/inicio\/index.php\/author\/diario3\/"}]}},"_links":{"self":[{"href":"https:\/\/diariotextual.com\/inicio\/index.php\/wp-json\/wp\/v2\/posts\/11436","targetHints":{"allow":["GET"]}}],"collection":[{"href":"https:\/\/diariotextual.com\/inicio\/index.php\/wp-json\/wp\/v2\/posts"}],"about":[{"href":"https:\/\/diariotextual.com\/inicio\/index.php\/wp-json\/wp\/v2\/types\/post"}],"author":[{"embeddable":true,"href":"https:\/\/diariotextual.com\/inicio\/index.php\/wp-json\/wp\/v2\/users\/5"}],"replies":[{"embeddable":true,"href":"https:\/\/diariotextual.com\/inicio\/index.php\/wp-json\/wp\/v2\/comments?post=11436"}],"version-history":[{"count":1,"href":"https:\/\/diariotextual.com\/inicio\/index.php\/wp-json\/wp\/v2\/posts\/11436\/revisions"}],"predecessor-version":[{"id":11438,"href":"https:\/\/diariotextual.com\/inicio\/index.php\/wp-json\/wp\/v2\/posts\/11436\/revisions\/11438"}],"wp:featuredmedia":[{"embeddable":true,"href":"https:\/\/diariotextual.com\/inicio\/index.php\/wp-json\/wp\/v2\/media\/11437"}],"wp:attachment":[{"href":"https:\/\/diariotextual.com\/inicio\/index.php\/wp-json\/wp\/v2\/media?parent=11436"}],"wp:term":[{"taxonomy":"category","embeddable":true,"href":"https:\/\/diariotextual.com\/inicio\/index.php\/wp-json\/wp\/v2\/categories?post=11436"},{"taxonomy":"post_tag","embeddable":true,"href":"https:\/\/diariotextual.com\/inicio\/index.php\/wp-json\/wp\/v2\/tags?post=11436"}],"curies":[{"name":"wp","href":"https:\/\/api.w.org\/{rel}","templated":true}]}}