{"id":114624,"date":"2020-10-05T08:42:41","date_gmt":"2020-10-05T11:42:41","guid":{"rendered":"http:\/\/diariotextual.com\/inicio\/?p=114624"},"modified":"2020-10-06T06:30:13","modified_gmt":"2020-10-06T09:30:13","slug":"la-pampa-ahora-los-contactos-de-los-contactos-estrechos-tambien-deben-aislarse-por-14-dias","status":"publish","type":"post","link":"https:\/\/diariotextual.com\/inicio\/index.php\/2020\/10\/05\/la-pampa-ahora-los-contactos-de-los-contactos-estrechos-tambien-deben-aislarse-por-14-dias\/","title":{"rendered":"La Pampa: ahora los contactos de los contactos estrechos tambi\u00e9n deben aislarse por 14 d\u00edas"},"content":{"rendered":"\n<p>La Pampa es una de las pocas jurisdicciones que ha implementado la estrategia de aislar a los contactos de los contactos estrechos de un positivo, con el fin de contener y eliminar los brotes de coronavirus. Esos contactos de contactos estaban aislados unos d\u00edas, hasta ver la evoluci\u00f3n epidemiol\u00f3gica. Sin embargo, <strong>desde el 1\u00b0 de octubre el Gobierno pampeano estableci\u00f3 que es obligaci\u00f3n que ese aislamiento sea de dos semanas, seg\u00fan la Resoluci\u00f3n 4293\/20 del Ministerio de Salud<\/strong>.<\/p>\n\n\n\n<p>\u201cTodo paciente que tenga diagn\u00f3stico positivo de Covid-19 deber\u00e1 ser internado en los dispositivos que correspondan seg\u00fan la gravedad de su caso\u201d, indica el art\u00edculo 1 de esa resoluci\u00f3n.<\/p>\n\n\n\n<p>En su art\u00edculo segundo, por su parte, se establece que \u201ctodo contacto estrecho detectado de paciente con Covid-19 deber\u00e1 cumplimentar 14 d\u00edas de aislamiento, en el sitio que indique el profesional interviniente\u201d en el caso.<\/p>\n\n\n\n<p>En tanto, el tercero indica que<strong> \u201ccorresponder\u00e1 aplicar tambi\u00e9n 14 d\u00edas de aislamiento a quienes fueren se\u00f1alados contactos estrechos de las personas enunciadas en el art\u00edculo 2\u00ba\u201d.<\/strong><\/p>\n\n\n\n<p>El art\u00edculo cuarto de la resoluci\u00f3n, a su vez, dice que los hisopados deber\u00e1n ser practicados a \u201ctodo contacto estrecho que presente s\u00edntomas compatibles\u201d con coronavirus.<\/p>\n\n\n\n<p>\u201cLas excepciones a lo dispuesto en los art\u00edculos 3\u00ba solo ser\u00e1n dispuestas por v\u00eda de excepci\u00f3n ministerial, reunida la informaci\u00f3n y documentaci\u00f3n suficiente que lo avale\u201d, sostiene el art\u00edculo quinto.<\/p>\n\n\n\n<p><br>Em La Pampa, desde el inicio de la pandemia, se registraron un total de\u00a0<strong>814\u00a0<\/strong>casos positivos para Covid-19 de los cuales 218 permanecen activos, 10 han fallecido y 586 se han recuperado (entre estos \u00faltimos se encuentran 4 personas de Toay, 9 de Santa Rosa, 1 de Catril\u00f3 y 2 de Bernardo Larroud\u00e9).<\/p>\n\n\n\n<p>Los casos confirmados activos est\u00e1n distribuidos de la siguiente manera:\u00a0<strong>37 en la ciudad de Santa Rosa, 38 en General Pico, 29 en 25 de Mayo, 15 en Toay, 20 en Intendente Alvear, 14 en Bernardo Larroud\u00e9, 20 en Winifreda, 13 en Realic\u00f3, 8 en Quem\u00fa Quem\u00fa, 6 en Bernasconi, 7 en General San Mart\u00edn, 2 en Abramo, 2 en Parera, 2 en Lonquimay, 3 en Embajador Martini y 2 en Macach\u00edn.<\/strong><\/p>\n\n\n\n<p><\/p>\n","protected":false},"excerpt":{"rendered":"<p>La Pampa es una de las pocas jurisdicciones que ha implementado la estrategia de aislar a los contactos de los contactos estrechos de un positivo, con el fin de contener&hellip;<\/p>\n","protected":false},"author":3,"featured_media":103982,"comment_status":"closed","ping_status":"open","sticky":false,"template":"","format":"standard","meta":{"_acf_changed":false,"footnotes":""},"categories":[319,12],"tags":[2899],"class_list":["post-114624","post","type-post","status-publish","format-standard","has-post-thumbnail","hentry","category-a-temporales","category-sociedad","tag-covid"],"acf":[],"yoast_head":"<!-- This site is optimized with the Yoast SEO plugin v27.5 - https:\/\/yoast.com\/product\/yoast-seo-wordpress\/ -->\n<title>La Pampa: ahora los contactos de los contactos estrechos tambi\u00e9n deben aislarse por 14 d\u00edas - Diario Textual<\/title>\n<meta name=\"robots\" content=\"index, follow, max-snippet:-1, max-image-preview:large, max-video-preview:-1\" \/>\n<link rel=\"canonical\" href=\"https:\/\/diariotextual.com\/inicio\/index.php\/2020\/10\/05\/la-pampa-ahora-los-contactos-de-los-contactos-estrechos-tambien-deben-aislarse-por-14-dias\/\" \/>\n<meta property=\"og:locale\" content=\"es_ES\" \/>\n<meta property=\"og:type\" content=\"article\" \/>\n<meta property=\"og:title\" content=\"La Pampa: ahora los contactos de los contactos estrechos tambi\u00e9n deben aislarse por 14 d\u00edas - Diario Textual\" \/>\n<meta property=\"og:description\" content=\"La Pampa es una de las pocas jurisdicciones que ha implementado la estrategia de aislar a los contactos de los contactos estrechos de un positivo, con el fin de contener&hellip;\" \/>\n<meta property=\"og:url\" content=\"https:\/\/diariotextual.com\/inicio\/index.php\/2020\/10\/05\/la-pampa-ahora-los-contactos-de-los-contactos-estrechos-tambien-deben-aislarse-por-14-dias\/\" \/>\n<meta property=\"og:site_name\" content=\"Diario Textual\" \/>\n<meta property=\"article:publisher\" content=\"https:\/\/www.facebook.com\/eltextual\" \/>\n<meta property=\"article:published_time\" content=\"2020-10-05T11:42:41+00:00\" \/>\n<meta property=\"article:modified_time\" content=\"2020-10-06T09:30:13+00:00\" \/>\n<meta property=\"og:image\" content=\"https:\/\/diariotextual.com\/inicio\/wp-content\/uploads\/2020\/07\/coronaviruspampabusquedaactiva2020-900.jpg\" \/>\n\t<meta property=\"og:image:width\" content=\"1323\" \/>\n\t<meta property=\"og:image:height\" content=\"883\" \/>\n\t<meta property=\"og:image:type\" content=\"image\/jpeg\" \/>\n<meta name=\"author\" content=\"Diario1 Diario1\" \/>\n<meta name=\"twitter:card\" content=\"summary_large_image\" \/>\n<meta name=\"twitter:creator\" content=\"@eltextual\" \/>\n<meta name=\"twitter:site\" content=\"@eltextual\" \/>\n<meta name=\"twitter:label1\" content=\"Escrito por\" \/>\n\t<meta name=\"twitter:data1\" content=\"Diario1 Diario1\" \/>\n\t<meta name=\"twitter:label2\" content=\"Tiempo de lectura\" \/>\n\t<meta name=\"twitter:data2\" content=\"2 minutos\" \/>\n<script type=\"application\/ld+json\" class=\"yoast-schema-graph\">{\"@context\":\"https:\\\/\\\/schema.org\",\"@graph\":[{\"@type\":\"Article\",\"@id\":\"https:\\\/\\\/diariotextual.com\\\/inicio\\\/index.php\\\/2020\\\/10\\\/05\\\/la-pampa-ahora-los-contactos-de-los-contactos-estrechos-tambien-deben-aislarse-por-14-dias\\\/#article\",\"isPartOf\":{\"@id\":\"https:\\\/\\\/diariotextual.com\\\/inicio\\\/index.php\\\/2020\\\/10\\\/05\\\/la-pampa-ahora-los-contactos-de-los-contactos-estrechos-tambien-deben-aislarse-por-14-dias\\\/\"},\"author\":{\"name\":\"Diario1 Diario1\",\"@id\":\"https:\\\/\\\/diariotextual.com\\\/inicio\\\/#\\\/schema\\\/person\\\/418fc4093c33e86ed41562db3508f958\"},\"headline\":\"La Pampa: ahora los contactos de los contactos estrechos tambi\u00e9n deben aislarse por 14 d\u00edas\",\"datePublished\":\"2020-10-05T11:42:41+00:00\",\"dateModified\":\"2020-10-06T09:30:13+00:00\",\"mainEntityOfPage\":{\"@id\":\"https:\\\/\\\/diariotextual.com\\\/inicio\\\/index.php\\\/2020\\\/10\\\/05\\\/la-pampa-ahora-los-contactos-de-los-contactos-estrechos-tambien-deben-aislarse-por-14-dias\\\/\"},\"wordCount\":365,\"publisher\":{\"@id\":\"https:\\\/\\\/diariotextual.com\\\/inicio\\\/#organization\"},\"image\":{\"@id\":\"https:\\\/\\\/diariotextual.com\\\/inicio\\\/index.php\\\/2020\\\/10\\\/05\\\/la-pampa-ahora-los-contactos-de-los-contactos-estrechos-tambien-deben-aislarse-por-14-dias\\\/#primaryimage\"},\"thumbnailUrl\":\"https:\\\/\\\/diariotextual.com\\\/inicio\\\/wp-content\\\/uploads\\\/2020\\\/07\\\/coronaviruspampabusquedaactiva2020-900.jpg\",\"keywords\":[\"covid\"],\"articleSection\":[\"A - TEMPORALES\",\"SOCIEDAD\"],\"inLanguage\":\"es\"},{\"@type\":\"WebPage\",\"@id\":\"https:\\\/\\\/diariotextual.com\\\/inicio\\\/index.php\\\/2020\\\/10\\\/05\\\/la-pampa-ahora-los-contactos-de-los-contactos-estrechos-tambien-deben-aislarse-por-14-dias\\\/\",\"url\":\"https:\\\/\\\/diariotextual.com\\\/inicio\\\/index.php\\\/2020\\\/10\\\/05\\\/la-pampa-ahora-los-contactos-de-los-contactos-estrechos-tambien-deben-aislarse-por-14-dias\\\/\",\"name\":\"La Pampa: ahora los contactos de los contactos estrechos tambi\u00e9n deben aislarse por 14 d\u00edas - Diario Textual\",\"isPartOf\":{\"@id\":\"https:\\\/\\\/diariotextual.com\\\/inicio\\\/#website\"},\"primaryImageOfPage\":{\"@id\":\"https:\\\/\\\/diariotextual.com\\\/inicio\\\/index.php\\\/2020\\\/10\\\/05\\\/la-pampa-ahora-los-contactos-de-los-contactos-estrechos-tambien-deben-aislarse-por-14-dias\\\/#primaryimage\"},\"image\":{\"@id\":\"https:\\\/\\\/diariotextual.com\\\/inicio\\\/index.php\\\/2020\\\/10\\\/05\\\/la-pampa-ahora-los-contactos-de-los-contactos-estrechos-tambien-deben-aislarse-por-14-dias\\\/#primaryimage\"},\"thumbnailUrl\":\"https:\\\/\\\/diariotextual.com\\\/inicio\\\/wp-content\\\/uploads\\\/2020\\\/07\\\/coronaviruspampabusquedaactiva2020-900.jpg\",\"datePublished\":\"2020-10-05T11:42:41+00:00\",\"dateModified\":\"2020-10-06T09:30:13+00:00\",\"breadcrumb\":{\"@id\":\"https:\\\/\\\/diariotextual.com\\\/inicio\\\/index.php\\\/2020\\\/10\\\/05\\\/la-pampa-ahora-los-contactos-de-los-contactos-estrechos-tambien-deben-aislarse-por-14-dias\\\/#breadcrumb\"},\"inLanguage\":\"es\",\"potentialAction\":[{\"@type\":\"ReadAction\",\"target\":[\"https:\\\/\\\/diariotextual.com\\\/inicio\\\/index.php\\\/2020\\\/10\\\/05\\\/la-pampa-ahora-los-contactos-de-los-contactos-estrechos-tambien-deben-aislarse-por-14-dias\\\/\"]}]},{\"@type\":\"ImageObject\",\"inLanguage\":\"es\",\"@id\":\"https:\\\/\\\/diariotextual.com\\\/inicio\\\/index.php\\\/2020\\\/10\\\/05\\\/la-pampa-ahora-los-contactos-de-los-contactos-estrechos-tambien-deben-aislarse-por-14-dias\\\/#primaryimage\",\"url\":\"https:\\\/\\\/diariotextual.com\\\/inicio\\\/wp-content\\\/uploads\\\/2020\\\/07\\\/coronaviruspampabusquedaactiva2020-900.jpg\",\"contentUrl\":\"https:\\\/\\\/diariotextual.com\\\/inicio\\\/wp-content\\\/uploads\\\/2020\\\/07\\\/coronaviruspampabusquedaactiva2020-900.jpg\",\"width\":1323,\"height\":883},{\"@type\":\"BreadcrumbList\",\"@id\":\"https:\\\/\\\/diariotextual.com\\\/inicio\\\/index.php\\\/2020\\\/10\\\/05\\\/la-pampa-ahora-los-contactos-de-los-contactos-estrechos-tambien-deben-aislarse-por-14-dias\\\/#breadcrumb\",\"itemListElement\":[{\"@type\":\"ListItem\",\"position\":1,\"name\":\"Portada\",\"item\":\"https:\\\/\\\/diariotextual.com\\\/inicio\\\/\"},{\"@type\":\"ListItem\",\"position\":2,\"name\":\"La Pampa: ahora los contactos de los contactos estrechos tambi\u00e9n deben aislarse por 14 d\u00edas\"}]},{\"@type\":\"WebSite\",\"@id\":\"https:\\\/\\\/diariotextual.com\\\/inicio\\\/#website\",\"url\":\"https:\\\/\\\/diariotextual.com\\\/inicio\\\/\",\"name\":\"Diario Textual\",\"description\":\"\",\"publisher\":{\"@id\":\"https:\\\/\\\/diariotextual.com\\\/inicio\\\/#organization\"},\"potentialAction\":[{\"@type\":\"SearchAction\",\"target\":{\"@type\":\"EntryPoint\",\"urlTemplate\":\"https:\\\/\\\/diariotextual.com\\\/inicio\\\/?s={search_term_string}\"},\"query-input\":{\"@type\":\"PropertyValueSpecification\",\"valueRequired\":true,\"valueName\":\"search_term_string\"}}],\"inLanguage\":\"es\"},{\"@type\":\"Organization\",\"@id\":\"https:\\\/\\\/diariotextual.com\\\/inicio\\\/#organization\",\"name\":\"Diario Textual\",\"url\":\"https:\\\/\\\/diariotextual.com\\\/inicio\\\/\",\"logo\":{\"@type\":\"ImageObject\",\"inLanguage\":\"es\",\"@id\":\"https:\\\/\\\/diariotextual.com\\\/inicio\\\/#\\\/schema\\\/logo\\\/image\\\/\",\"url\":\"https:\\\/\\\/diariotextual.com\\\/inicio\\\/wp-content\\\/uploads\\\/2023\\\/05\\\/logotextual1.jpg\",\"contentUrl\":\"https:\\\/\\\/diariotextual.com\\\/inicio\\\/wp-content\\\/uploads\\\/2023\\\/05\\\/logotextual1.jpg\",\"width\":516,\"height\":76,\"caption\":\"Diario Textual\"},\"image\":{\"@id\":\"https:\\\/\\\/diariotextual.com\\\/inicio\\\/#\\\/schema\\\/logo\\\/image\\\/\"},\"sameAs\":[\"https:\\\/\\\/www.facebook.com\\\/eltextual\",\"https:\\\/\\\/x.com\\\/eltextual\",\"http:\\\/\\\/www.instagram.com\\\/eltextual\"]},{\"@type\":\"Person\",\"@id\":\"https:\\\/\\\/diariotextual.com\\\/inicio\\\/#\\\/schema\\\/person\\\/418fc4093c33e86ed41562db3508f958\",\"name\":\"Diario1 Diario1\",\"image\":{\"@type\":\"ImageObject\",\"inLanguage\":\"es\",\"@id\":\"https:\\\/\\\/secure.gravatar.com\\\/avatar\\\/9167d280179c85bc18be67aa7eda765854300033af4896dd779b608640f2ef7a?s=96&d=mm&r=g\",\"url\":\"https:\\\/\\\/secure.gravatar.com\\\/avatar\\\/9167d280179c85bc18be67aa7eda765854300033af4896dd779b608640f2ef7a?s=96&d=mm&r=g\",\"contentUrl\":\"https:\\\/\\\/secure.gravatar.com\\\/avatar\\\/9167d280179c85bc18be67aa7eda765854300033af4896dd779b608640f2ef7a?s=96&d=mm&r=g\",\"caption\":\"Diario1 Diario1\"},\"url\":\"https:\\\/\\\/diariotextual.com\\\/inicio\\\/index.php\\\/author\\\/diario1\\\/\"}]}<\/script>\n<!-- \/ Yoast SEO plugin. -->","yoast_head_json":{"title":"La Pampa: ahora los contactos de los contactos estrechos tambi\u00e9n deben aislarse por 14 d\u00edas - Diario Textual","robots":{"index":"index","follow":"follow","max-snippet":"max-snippet:-1","max-image-preview":"max-image-preview:large","max-video-preview":"max-video-preview:-1"},"canonical":"https:\/\/diariotextual.com\/inicio\/index.php\/2020\/10\/05\/la-pampa-ahora-los-contactos-de-los-contactos-estrechos-tambien-deben-aislarse-por-14-dias\/","og_locale":"es_ES","og_type":"article","og_title":"La Pampa: ahora los contactos de los contactos estrechos tambi\u00e9n deben aislarse por 14 d\u00edas - Diario Textual","og_description":"La Pampa es una de las pocas jurisdicciones que ha implementado la estrategia de aislar a los contactos de los contactos estrechos de un positivo, con el fin de contener&hellip;","og_url":"https:\/\/diariotextual.com\/inicio\/index.php\/2020\/10\/05\/la-pampa-ahora-los-contactos-de-los-contactos-estrechos-tambien-deben-aislarse-por-14-dias\/","og_site_name":"Diario Textual","article_publisher":"https:\/\/www.facebook.com\/eltextual","article_published_time":"2020-10-05T11:42:41+00:00","article_modified_time":"2020-10-06T09:30:13+00:00","og_image":[{"width":1323,"height":883,"url":"https:\/\/diariotextual.com\/inicio\/wp-content\/uploads\/2020\/07\/coronaviruspampabusquedaactiva2020-900.jpg","type":"image\/jpeg"}],"author":"Diario1 Diario1","twitter_card":"summary_large_image","twitter_creator":"@eltextual","twitter_site":"@eltextual","twitter_misc":{"Escrito por":"Diario1 Diario1","Tiempo de lectura":"2 minutos"},"schema":{"@context":"https:\/\/schema.org","@graph":[{"@type":"Article","@id":"https:\/\/diariotextual.com\/inicio\/index.php\/2020\/10\/05\/la-pampa-ahora-los-contactos-de-los-contactos-estrechos-tambien-deben-aislarse-por-14-dias\/#article","isPartOf":{"@id":"https:\/\/diariotextual.com\/inicio\/index.php\/2020\/10\/05\/la-pampa-ahora-los-contactos-de-los-contactos-estrechos-tambien-deben-aislarse-por-14-dias\/"},"author":{"name":"Diario1 Diario1","@id":"https:\/\/diariotextual.com\/inicio\/#\/schema\/person\/418fc4093c33e86ed41562db3508f958"},"headline":"La Pampa: ahora los contactos de los contactos estrechos tambi\u00e9n deben aislarse por 14 d\u00edas","datePublished":"2020-10-05T11:42:41+00:00","dateModified":"2020-10-06T09:30:13+00:00","mainEntityOfPage":{"@id":"https:\/\/diariotextual.com\/inicio\/index.php\/2020\/10\/05\/la-pampa-ahora-los-contactos-de-los-contactos-estrechos-tambien-deben-aislarse-por-14-dias\/"},"wordCount":365,"publisher":{"@id":"https:\/\/diariotextual.com\/inicio\/#organization"},"image":{"@id":"https:\/\/diariotextual.com\/inicio\/index.php\/2020\/10\/05\/la-pampa-ahora-los-contactos-de-los-contactos-estrechos-tambien-deben-aislarse-por-14-dias\/#primaryimage"},"thumbnailUrl":"https:\/\/diariotextual.com\/inicio\/wp-content\/uploads\/2020\/07\/coronaviruspampabusquedaactiva2020-900.jpg","keywords":["covid"],"articleSection":["A - TEMPORALES","SOCIEDAD"],"inLanguage":"es"},{"@type":"WebPage","@id":"https:\/\/diariotextual.com\/inicio\/index.php\/2020\/10\/05\/la-pampa-ahora-los-contactos-de-los-contactos-estrechos-tambien-deben-aislarse-por-14-dias\/","url":"https:\/\/diariotextual.com\/inicio\/index.php\/2020\/10\/05\/la-pampa-ahora-los-contactos-de-los-contactos-estrechos-tambien-deben-aislarse-por-14-dias\/","name":"La Pampa: ahora los contactos de los contactos estrechos tambi\u00e9n deben aislarse por 14 d\u00edas - Diario Textual","isPartOf":{"@id":"https:\/\/diariotextual.com\/inicio\/#website"},"primaryImageOfPage":{"@id":"https:\/\/diariotextual.com\/inicio\/index.php\/2020\/10\/05\/la-pampa-ahora-los-contactos-de-los-contactos-estrechos-tambien-deben-aislarse-por-14-dias\/#primaryimage"},"image":{"@id":"https:\/\/diariotextual.com\/inicio\/index.php\/2020\/10\/05\/la-pampa-ahora-los-contactos-de-los-contactos-estrechos-tambien-deben-aislarse-por-14-dias\/#primaryimage"},"thumbnailUrl":"https:\/\/diariotextual.com\/inicio\/wp-content\/uploads\/2020\/07\/coronaviruspampabusquedaactiva2020-900.jpg","datePublished":"2020-10-05T11:42:41+00:00","dateModified":"2020-10-06T09:30:13+00:00","breadcrumb":{"@id":"https:\/\/diariotextual.com\/inicio\/index.php\/2020\/10\/05\/la-pampa-ahora-los-contactos-de-los-contactos-estrechos-tambien-deben-aislarse-por-14-dias\/#breadcrumb"},"inLanguage":"es","potentialAction":[{"@type":"ReadAction","target":["https:\/\/diariotextual.com\/inicio\/index.php\/2020\/10\/05\/la-pampa-ahora-los-contactos-de-los-contactos-estrechos-tambien-deben-aislarse-por-14-dias\/"]}]},{"@type":"ImageObject","inLanguage":"es","@id":"https:\/\/diariotextual.com\/inicio\/index.php\/2020\/10\/05\/la-pampa-ahora-los-contactos-de-los-contactos-estrechos-tambien-deben-aislarse-por-14-dias\/#primaryimage","url":"https:\/\/diariotextual.com\/inicio\/wp-content\/uploads\/2020\/07\/coronaviruspampabusquedaactiva2020-900.jpg","contentUrl":"https:\/\/diariotextual.com\/inicio\/wp-content\/uploads\/2020\/07\/coronaviruspampabusquedaactiva2020-900.jpg","width":1323,"height":883},{"@type":"BreadcrumbList","@id":"https:\/\/diariotextual.com\/inicio\/index.php\/2020\/10\/05\/la-pampa-ahora-los-contactos-de-los-contactos-estrechos-tambien-deben-aislarse-por-14-dias\/#breadcrumb","itemListElement":[{"@type":"ListItem","position":1,"name":"Portada","item":"https:\/\/diariotextual.com\/inicio\/"},{"@type":"ListItem","position":2,"name":"La Pampa: ahora los contactos de los contactos estrechos tambi\u00e9n deben aislarse por 14 d\u00edas"}]},{"@type":"WebSite","@id":"https:\/\/diariotextual.com\/inicio\/#website","url":"https:\/\/diariotextual.com\/inicio\/","name":"Diario Textual","description":"","publisher":{"@id":"https:\/\/diariotextual.com\/inicio\/#organization"},"potentialAction":[{"@type":"SearchAction","target":{"@type":"EntryPoint","urlTemplate":"https:\/\/diariotextual.com\/inicio\/?s={search_term_string}"},"query-input":{"@type":"PropertyValueSpecification","valueRequired":true,"valueName":"search_term_string"}}],"inLanguage":"es"},{"@type":"Organization","@id":"https:\/\/diariotextual.com\/inicio\/#organization","name":"Diario Textual","url":"https:\/\/diariotextual.com\/inicio\/","logo":{"@type":"ImageObject","inLanguage":"es","@id":"https:\/\/diariotextual.com\/inicio\/#\/schema\/logo\/image\/","url":"https:\/\/diariotextual.com\/inicio\/wp-content\/uploads\/2023\/05\/logotextual1.jpg","contentUrl":"https:\/\/diariotextual.com\/inicio\/wp-content\/uploads\/2023\/05\/logotextual1.jpg","width":516,"height":76,"caption":"Diario Textual"},"image":{"@id":"https:\/\/diariotextual.com\/inicio\/#\/schema\/logo\/image\/"},"sameAs":["https:\/\/www.facebook.com\/eltextual","https:\/\/x.com\/eltextual","http:\/\/www.instagram.com\/eltextual"]},{"@type":"Person","@id":"https:\/\/diariotextual.com\/inicio\/#\/schema\/person\/418fc4093c33e86ed41562db3508f958","name":"Diario1 Diario1","image":{"@type":"ImageObject","inLanguage":"es","@id":"https:\/\/secure.gravatar.com\/avatar\/9167d280179c85bc18be67aa7eda765854300033af4896dd779b608640f2ef7a?s=96&d=mm&r=g","url":"https:\/\/secure.gravatar.com\/avatar\/9167d280179c85bc18be67aa7eda765854300033af4896dd779b608640f2ef7a?s=96&d=mm&r=g","contentUrl":"https:\/\/secure.gravatar.com\/avatar\/9167d280179c85bc18be67aa7eda765854300033af4896dd779b608640f2ef7a?s=96&d=mm&r=g","caption":"Diario1 Diario1"},"url":"https:\/\/diariotextual.com\/inicio\/index.php\/author\/diario1\/"}]}},"_links":{"self":[{"href":"https:\/\/diariotextual.com\/inicio\/index.php\/wp-json\/wp\/v2\/posts\/114624","targetHints":{"allow":["GET"]}}],"collection":[{"href":"https:\/\/diariotextual.com\/inicio\/index.php\/wp-json\/wp\/v2\/posts"}],"about":[{"href":"https:\/\/diariotextual.com\/inicio\/index.php\/wp-json\/wp\/v2\/types\/post"}],"author":[{"embeddable":true,"href":"https:\/\/diariotextual.com\/inicio\/index.php\/wp-json\/wp\/v2\/users\/3"}],"replies":[{"embeddable":true,"href":"https:\/\/diariotextual.com\/inicio\/index.php\/wp-json\/wp\/v2\/comments?post=114624"}],"version-history":[{"count":4,"href":"https:\/\/diariotextual.com\/inicio\/index.php\/wp-json\/wp\/v2\/posts\/114624\/revisions"}],"predecessor-version":[{"id":114632,"href":"https:\/\/diariotextual.com\/inicio\/index.php\/wp-json\/wp\/v2\/posts\/114624\/revisions\/114632"}],"wp:featuredmedia":[{"embeddable":true,"href":"https:\/\/diariotextual.com\/inicio\/index.php\/wp-json\/wp\/v2\/media\/103982"}],"wp:attachment":[{"href":"https:\/\/diariotextual.com\/inicio\/index.php\/wp-json\/wp\/v2\/media?parent=114624"}],"wp:term":[{"taxonomy":"category","embeddable":true,"href":"https:\/\/diariotextual.com\/inicio\/index.php\/wp-json\/wp\/v2\/categories?post=114624"},{"taxonomy":"post_tag","embeddable":true,"href":"https:\/\/diariotextual.com\/inicio\/index.php\/wp-json\/wp\/v2\/tags?post=114624"}],"curies":[{"name":"wp","href":"https:\/\/api.w.org\/{rel}","templated":true}]}}