{"id":115588,"date":"2020-10-10T18:44:46","date_gmt":"2020-10-10T21:44:46","guid":{"rendered":"http:\/\/diariotextual.com\/inicio\/?p=115588"},"modified":"2020-10-11T12:19:41","modified_gmt":"2020-10-11T15:19:41","slug":"covid-en-la-pampa-un-fallecimiento-27-nuevos-casos-y-5-mil-aislados","status":"publish","type":"post","link":"https:\/\/diariotextual.com\/inicio\/index.php\/2020\/10\/10\/covid-en-la-pampa-un-fallecimiento-27-nuevos-casos-y-5-mil-aislados\/","title":{"rendered":"Covid en La Pampa: un fallecimiento, 27 nuevos casos y 5 mil aislados"},"content":{"rendered":"\n<p>El Ministerio de Salud de La Pampa inform\u00f3 que este s\u00e1bado 10 <strong><a rel=\"noreferrer noopener\" href=\"http:\/\/diariotextual.com\/inicio\/index.php\/2020\/10\/10\/murio-otra-mujer-de-covid-en-intendente-alvear\/\" target=\"_blank\">muri\u00f3 una mujer de Intendente Alvear con coronavirus<\/a><\/strong> y que <strong>se registraron 27 nuevos positivos<\/strong>. Adem\u00e1s, <strong>ya hay 5028 aislados<\/strong>.<\/p>\n\n\n\n<p><\/p>\n\n\n\n<p>Los 27 positivos surgieron de 134 muestras que se analizaron en los laboratorios de la Direcci\u00f3n de Epidemiolog\u00eda y de los hospitales Gobernador Centeno y Lucio Molas.<\/p>\n\n\n\n<p>De ellas,<strong> 6 personas son residentes en la ciudad de Santa Rosa, 11 en General Pico, 4 en Winifreda, 2 en Quem\u00fa Quem\u00fa, 1 en 25 de Mayo, 1 en Ingeniero Luiggi , 1 en Toay y 1 en Trenel<\/strong><\/p>\n\n\n\n<p>De los 27 casos confirmados, 22 se encontraban aislados por ser considerados contactos estrechos, mientras que 5 casos contin\u00faan en investigaci\u00f3n epidemiol\u00f3gica.<\/p>\n\n\n\n<figure class=\"wp-block-embed-wordpress wp-block-embed is-type-wp-embed is-provider-diario-textual\"><div class=\"wp-block-embed__wrapper\">\n<blockquote class=\"wp-embedded-content\" data-secret=\"iIqrivDUnB\"><a href=\"http:\/\/diariotextual.com\/inicio\/index.php\/2020\/10\/10\/25-de-mayo-otra-vez-le-hacen-una-causa-al-cura-por-una-misa-con-el-doble-de-personas-autorizadas\/\">25 de Mayo: otra vez le hacen una causa al cura por una misa con el doble de personas autorizadas<\/a><\/blockquote><iframe class=\"wp-embedded-content\" sandbox=\"allow-scripts\" security=\"restricted\" style=\"position: absolute; clip: rect(1px, 1px, 1px, 1px);\" title=\"\u00ab25 de Mayo: otra vez le hacen una causa al cura por una misa con el doble de personas autorizadas\u00bb \u2014 Diario Textual\" src=\"http:\/\/diariotextual.com\/inicio\/index.php\/2020\/10\/10\/25-de-mayo-otra-vez-le-hacen-una-causa-al-cura-por-una-misa-con-el-doble-de-personas-autorizadas\/embed\/#?secret=iIqrivDUnB\" data-secret=\"iIqrivDUnB\" width=\"600\" height=\"338\" frameborder=\"0\" marginwidth=\"0\" marginheight=\"0\" scrolling=\"no\"><\/iframe>\n<\/div><\/figure>\n\n\n\n<p>Adem\u00e1s, muri\u00f3 una mujer que estaba internada desde hac\u00eda 20 d\u00edas en el Centeno. De esta manera, es la decimoprimera v\u00edctima fatal por la enfermedad en la provincia.<\/p>\n\n\n\n<p>La mujer resid\u00eda en la localidad de Intendente Alvear. \u201cSe encontraba internada en sala de terapia intensiva del Establecimiento Asistencial Gobernador Centeno por presentar patolog\u00eda respiratoria COVID positivo. Se trataba de una paciente con enfermedades preexistentes\u201d, comunic\u00f3 Salud.<\/p>\n\n\n\n<p>Desde el inicio de la pandemia, en La Pampa se registraron un total de 997 casos positivos para Covid-19, de los cuales 288 permanecen activos, 11 han fallecido y 698 se han recuperado. (entre los recuperados fueron dados de alta hoy 1 persona de Realic\u00f3, 2 de Santa Rosa, 9 de Winifreda, 1 de Lonquimay, 1 de Toay y 9 de 25 de Mayo).<\/p>\n\n\n\n<figure class=\"wp-block-embed-wordpress wp-block-embed is-type-wp-embed is-provider-diario-textual\"><div class=\"wp-block-embed__wrapper\">\n<blockquote class=\"wp-embedded-content\" data-secret=\"id9a0LJK5v\"><a href=\"http:\/\/diariotextual.com\/inicio\/index.php\/2020\/10\/10\/murio-otra-mujer-de-covid-en-intendente-alvear\/\">Muri\u00f3 otra mujer de covid en La Pampa<\/a><\/blockquote><iframe class=\"wp-embedded-content\" sandbox=\"allow-scripts\" security=\"restricted\" style=\"position: absolute; clip: rect(1px, 1px, 1px, 1px);\" title=\"\u00abMuri\u00f3 otra mujer de covid en La Pampa\u00bb \u2014 Diario Textual\" src=\"http:\/\/diariotextual.com\/inicio\/index.php\/2020\/10\/10\/murio-otra-mujer-de-covid-en-intendente-alvear\/embed\/#?secret=id9a0LJK5v\" data-secret=\"id9a0LJK5v\" width=\"600\" height=\"338\" frameborder=\"0\" marginwidth=\"0\" marginheight=\"0\" scrolling=\"no\"><\/iframe>\n<\/div><\/figure>\n\n\n\n<p><\/p>\n\n\n\n<p>Los casos confirmados activos est\u00e1n distribuidos de la siguiente manera: <strong>82 en la ciudad de Santa Rosa, 70 en General Pico, 30 en 25 de Mayo, 17 en Toay, 6 en Alvear, 12 en Bernardo Larroud\u00e9, 35 en Winifreda, 11 en Realic\u00f3, 2 en Bernasconi, 2 en General San Mart\u00edn, 1 en Lonquimay, 3 en Embajador Martini, 2 en Macach\u00edn, 7 en Quem\u00fa Quem\u00fa, 3 en Ingeniero Luiggi, 1 Colonia Bar\u00f3n, 3 en Maisonnave y 1 en Trenel.<\/strong><\/p>\n\n\n\n<p><br><\/p>\n\n\n\n<p>Seg\u00fan inform\u00f3 Salud, al d\u00eda de la fecha se encuentran aisladas un total de 5.028 personas en toda la provincia.<br><\/p>\n\n\n\n<p>A su vez, se encuentran internados 23 pacientes confirmados para Covid-19. En Santa Rosa hay 14 y en General Pico.<\/p>\n\n\n\n<figure class=\"wp-block-embed-wordpress wp-block-embed is-type-wp-embed is-provider-diario-textual\"><div class=\"wp-block-embed__wrapper\">\n<blockquote class=\"wp-embedded-content\" data-secret=\"GmeMyF6BkF\"><a href=\"http:\/\/diariotextual.com\/inicio\/index.php\/2020\/10\/10\/duenos-de-una-farmacia-dieron-positivo-y-no-tenian-trazabilidad\/\">Due\u00f1os de una farmacia dieron positivo y no ten\u00edan trazabilidad<\/a><\/blockquote><iframe class=\"wp-embedded-content\" sandbox=\"allow-scripts\" security=\"restricted\" style=\"position: absolute; clip: rect(1px, 1px, 1px, 1px);\" title=\"\u00abDue\u00f1os de una farmacia dieron positivo y no ten\u00edan trazabilidad\u00bb \u2014 Diario Textual\" src=\"http:\/\/diariotextual.com\/inicio\/index.php\/2020\/10\/10\/duenos-de-una-farmacia-dieron-positivo-y-no-tenian-trazabilidad\/embed\/#?secret=GmeMyF6BkF\" data-secret=\"GmeMyF6BkF\" width=\"600\" height=\"338\" frameborder=\"0\" marginwidth=\"0\" marginheight=\"0\" scrolling=\"no\"><\/iframe>\n<\/div><\/figure>\n","protected":false},"excerpt":{"rendered":"<p>El Ministerio de Salud de La Pampa inform\u00f3 que este s\u00e1bado 10 muri\u00f3 una mujer de Intendente Alvear con coronavirus y que se registraron 27 nuevos positivos. Adem\u00e1s, ya hay&hellip;<\/p>\n","protected":false},"author":3,"featured_media":115589,"comment_status":"closed","ping_status":"open","sticky":false,"template":"","format":"standard","meta":{"_acf_changed":false,"footnotes":""},"categories":[1,12],"tags":[2899],"class_list":["post-115588","post","type-post","status-publish","format-standard","has-post-thumbnail","hentry","category-es-noticia","category-sociedad","tag-covid"],"acf":[],"yoast_head":"<!-- This site is optimized with the Yoast SEO plugin v27.5 - https:\/\/yoast.com\/product\/yoast-seo-wordpress\/ -->\n<title>Covid en La Pampa: un fallecimiento, 27 nuevos casos y 5 mil aislados - Diario Textual<\/title>\n<meta name=\"robots\" content=\"index, follow, max-snippet:-1, max-image-preview:large, max-video-preview:-1\" \/>\n<link rel=\"canonical\" href=\"https:\/\/diariotextual.com\/inicio\/index.php\/2020\/10\/10\/covid-en-la-pampa-un-fallecimiento-27-nuevos-casos-y-5-mil-aislados\/\" \/>\n<meta property=\"og:locale\" content=\"es_ES\" \/>\n<meta property=\"og:type\" content=\"article\" \/>\n<meta property=\"og:title\" content=\"Covid en La Pampa: un fallecimiento, 27 nuevos casos y 5 mil aislados - Diario Textual\" \/>\n<meta property=\"og:description\" content=\"El Ministerio de Salud de La Pampa inform\u00f3 que este s\u00e1bado 10 muri\u00f3 una mujer de Intendente Alvear con coronavirus y que se registraron 27 nuevos positivos. Adem\u00e1s, ya hay&hellip;\" \/>\n<meta property=\"og:url\" content=\"https:\/\/diariotextual.com\/inicio\/index.php\/2020\/10\/10\/covid-en-la-pampa-un-fallecimiento-27-nuevos-casos-y-5-mil-aislados\/\" \/>\n<meta property=\"og:site_name\" content=\"Diario Textual\" \/>\n<meta property=\"article:publisher\" content=\"https:\/\/www.facebook.com\/eltextual\" \/>\n<meta property=\"article:published_time\" content=\"2020-10-10T21:44:46+00:00\" \/>\n<meta property=\"article:modified_time\" content=\"2020-10-11T15:19:41+00:00\" \/>\n<meta property=\"og:image\" content=\"https:\/\/diariotextual.com\/inicio\/wp-content\/uploads\/2020\/10\/coronavirustelam2020-276.jpg\" \/>\n\t<meta property=\"og:image:width\" content=\"913\" \/>\n\t<meta property=\"og:image:height\" content=\"568\" \/>\n\t<meta property=\"og:image:type\" content=\"image\/jpeg\" \/>\n<meta name=\"author\" content=\"Diario1 Diario1\" \/>\n<meta name=\"twitter:card\" content=\"summary_large_image\" \/>\n<meta name=\"twitter:creator\" content=\"@eltextual\" \/>\n<meta name=\"twitter:site\" content=\"@eltextual\" \/>\n<meta name=\"twitter:label1\" content=\"Escrito por\" \/>\n\t<meta name=\"twitter:data1\" content=\"Diario1 Diario1\" \/>\n\t<meta name=\"twitter:label2\" content=\"Tiempo de lectura\" \/>\n\t<meta name=\"twitter:data2\" content=\"2 minutos\" \/>\n<script type=\"application\/ld+json\" class=\"yoast-schema-graph\">{\"@context\":\"https:\\\/\\\/schema.org\",\"@graph\":[{\"@type\":\"Article\",\"@id\":\"https:\\\/\\\/diariotextual.com\\\/inicio\\\/index.php\\\/2020\\\/10\\\/10\\\/covid-en-la-pampa-un-fallecimiento-27-nuevos-casos-y-5-mil-aislados\\\/#article\",\"isPartOf\":{\"@id\":\"https:\\\/\\\/diariotextual.com\\\/inicio\\\/index.php\\\/2020\\\/10\\\/10\\\/covid-en-la-pampa-un-fallecimiento-27-nuevos-casos-y-5-mil-aislados\\\/\"},\"author\":{\"name\":\"Diario1 Diario1\",\"@id\":\"https:\\\/\\\/diariotextual.com\\\/inicio\\\/#\\\/schema\\\/person\\\/418fc4093c33e86ed41562db3508f958\"},\"headline\":\"Covid en La Pampa: un fallecimiento, 27 nuevos casos y 5 mil aislados\",\"datePublished\":\"2020-10-10T21:44:46+00:00\",\"dateModified\":\"2020-10-11T15:19:41+00:00\",\"mainEntityOfPage\":{\"@id\":\"https:\\\/\\\/diariotextual.com\\\/inicio\\\/index.php\\\/2020\\\/10\\\/10\\\/covid-en-la-pampa-un-fallecimiento-27-nuevos-casos-y-5-mil-aislados\\\/\"},\"wordCount\":368,\"publisher\":{\"@id\":\"https:\\\/\\\/diariotextual.com\\\/inicio\\\/#organization\"},\"image\":{\"@id\":\"https:\\\/\\\/diariotextual.com\\\/inicio\\\/index.php\\\/2020\\\/10\\\/10\\\/covid-en-la-pampa-un-fallecimiento-27-nuevos-casos-y-5-mil-aislados\\\/#primaryimage\"},\"thumbnailUrl\":\"https:\\\/\\\/diariotextual.com\\\/inicio\\\/wp-content\\\/uploads\\\/2020\\\/10\\\/coronavirustelam2020-276.jpg\",\"keywords\":[\"covid\"],\"articleSection\":[\"A - ES NOTICIA (van abajo)\",\"SOCIEDAD\"],\"inLanguage\":\"es\"},{\"@type\":\"WebPage\",\"@id\":\"https:\\\/\\\/diariotextual.com\\\/inicio\\\/index.php\\\/2020\\\/10\\\/10\\\/covid-en-la-pampa-un-fallecimiento-27-nuevos-casos-y-5-mil-aislados\\\/\",\"url\":\"https:\\\/\\\/diariotextual.com\\\/inicio\\\/index.php\\\/2020\\\/10\\\/10\\\/covid-en-la-pampa-un-fallecimiento-27-nuevos-casos-y-5-mil-aislados\\\/\",\"name\":\"Covid en La Pampa: un fallecimiento, 27 nuevos casos y 5 mil aislados - Diario Textual\",\"isPartOf\":{\"@id\":\"https:\\\/\\\/diariotextual.com\\\/inicio\\\/#website\"},\"primaryImageOfPage\":{\"@id\":\"https:\\\/\\\/diariotextual.com\\\/inicio\\\/index.php\\\/2020\\\/10\\\/10\\\/covid-en-la-pampa-un-fallecimiento-27-nuevos-casos-y-5-mil-aislados\\\/#primaryimage\"},\"image\":{\"@id\":\"https:\\\/\\\/diariotextual.com\\\/inicio\\\/index.php\\\/2020\\\/10\\\/10\\\/covid-en-la-pampa-un-fallecimiento-27-nuevos-casos-y-5-mil-aislados\\\/#primaryimage\"},\"thumbnailUrl\":\"https:\\\/\\\/diariotextual.com\\\/inicio\\\/wp-content\\\/uploads\\\/2020\\\/10\\\/coronavirustelam2020-276.jpg\",\"datePublished\":\"2020-10-10T21:44:46+00:00\",\"dateModified\":\"2020-10-11T15:19:41+00:00\",\"breadcrumb\":{\"@id\":\"https:\\\/\\\/diariotextual.com\\\/inicio\\\/index.php\\\/2020\\\/10\\\/10\\\/covid-en-la-pampa-un-fallecimiento-27-nuevos-casos-y-5-mil-aislados\\\/#breadcrumb\"},\"inLanguage\":\"es\",\"potentialAction\":[{\"@type\":\"ReadAction\",\"target\":[\"https:\\\/\\\/diariotextual.com\\\/inicio\\\/index.php\\\/2020\\\/10\\\/10\\\/covid-en-la-pampa-un-fallecimiento-27-nuevos-casos-y-5-mil-aislados\\\/\"]}]},{\"@type\":\"ImageObject\",\"inLanguage\":\"es\",\"@id\":\"https:\\\/\\\/diariotextual.com\\\/inicio\\\/index.php\\\/2020\\\/10\\\/10\\\/covid-en-la-pampa-un-fallecimiento-27-nuevos-casos-y-5-mil-aislados\\\/#primaryimage\",\"url\":\"https:\\\/\\\/diariotextual.com\\\/inicio\\\/wp-content\\\/uploads\\\/2020\\\/10\\\/coronavirustelam2020-276.jpg\",\"contentUrl\":\"https:\\\/\\\/diariotextual.com\\\/inicio\\\/wp-content\\\/uploads\\\/2020\\\/10\\\/coronavirustelam2020-276.jpg\",\"width\":913,\"height\":568},{\"@type\":\"BreadcrumbList\",\"@id\":\"https:\\\/\\\/diariotextual.com\\\/inicio\\\/index.php\\\/2020\\\/10\\\/10\\\/covid-en-la-pampa-un-fallecimiento-27-nuevos-casos-y-5-mil-aislados\\\/#breadcrumb\",\"itemListElement\":[{\"@type\":\"ListItem\",\"position\":1,\"name\":\"Portada\",\"item\":\"https:\\\/\\\/diariotextual.com\\\/inicio\\\/\"},{\"@type\":\"ListItem\",\"position\":2,\"name\":\"Covid en La Pampa: un fallecimiento, 27 nuevos casos y 5 mil aislados\"}]},{\"@type\":\"WebSite\",\"@id\":\"https:\\\/\\\/diariotextual.com\\\/inicio\\\/#website\",\"url\":\"https:\\\/\\\/diariotextual.com\\\/inicio\\\/\",\"name\":\"Diario Textual\",\"description\":\"\",\"publisher\":{\"@id\":\"https:\\\/\\\/diariotextual.com\\\/inicio\\\/#organization\"},\"potentialAction\":[{\"@type\":\"SearchAction\",\"target\":{\"@type\":\"EntryPoint\",\"urlTemplate\":\"https:\\\/\\\/diariotextual.com\\\/inicio\\\/?s={search_term_string}\"},\"query-input\":{\"@type\":\"PropertyValueSpecification\",\"valueRequired\":true,\"valueName\":\"search_term_string\"}}],\"inLanguage\":\"es\"},{\"@type\":\"Organization\",\"@id\":\"https:\\\/\\\/diariotextual.com\\\/inicio\\\/#organization\",\"name\":\"Diario Textual\",\"url\":\"https:\\\/\\\/diariotextual.com\\\/inicio\\\/\",\"logo\":{\"@type\":\"ImageObject\",\"inLanguage\":\"es\",\"@id\":\"https:\\\/\\\/diariotextual.com\\\/inicio\\\/#\\\/schema\\\/logo\\\/image\\\/\",\"url\":\"https:\\\/\\\/diariotextual.com\\\/inicio\\\/wp-content\\\/uploads\\\/2023\\\/05\\\/logotextual1.jpg\",\"contentUrl\":\"https:\\\/\\\/diariotextual.com\\\/inicio\\\/wp-content\\\/uploads\\\/2023\\\/05\\\/logotextual1.jpg\",\"width\":516,\"height\":76,\"caption\":\"Diario Textual\"},\"image\":{\"@id\":\"https:\\\/\\\/diariotextual.com\\\/inicio\\\/#\\\/schema\\\/logo\\\/image\\\/\"},\"sameAs\":[\"https:\\\/\\\/www.facebook.com\\\/eltextual\",\"https:\\\/\\\/x.com\\\/eltextual\",\"http:\\\/\\\/www.instagram.com\\\/eltextual\"]},{\"@type\":\"Person\",\"@id\":\"https:\\\/\\\/diariotextual.com\\\/inicio\\\/#\\\/schema\\\/person\\\/418fc4093c33e86ed41562db3508f958\",\"name\":\"Diario1 Diario1\",\"image\":{\"@type\":\"ImageObject\",\"inLanguage\":\"es\",\"@id\":\"https:\\\/\\\/secure.gravatar.com\\\/avatar\\\/9167d280179c85bc18be67aa7eda765854300033af4896dd779b608640f2ef7a?s=96&d=mm&r=g\",\"url\":\"https:\\\/\\\/secure.gravatar.com\\\/avatar\\\/9167d280179c85bc18be67aa7eda765854300033af4896dd779b608640f2ef7a?s=96&d=mm&r=g\",\"contentUrl\":\"https:\\\/\\\/secure.gravatar.com\\\/avatar\\\/9167d280179c85bc18be67aa7eda765854300033af4896dd779b608640f2ef7a?s=96&d=mm&r=g\",\"caption\":\"Diario1 Diario1\"},\"url\":\"https:\\\/\\\/diariotextual.com\\\/inicio\\\/index.php\\\/author\\\/diario1\\\/\"}]}<\/script>\n<!-- \/ Yoast SEO plugin. -->","yoast_head_json":{"title":"Covid en La Pampa: un fallecimiento, 27 nuevos casos y 5 mil aislados - Diario Textual","robots":{"index":"index","follow":"follow","max-snippet":"max-snippet:-1","max-image-preview":"max-image-preview:large","max-video-preview":"max-video-preview:-1"},"canonical":"https:\/\/diariotextual.com\/inicio\/index.php\/2020\/10\/10\/covid-en-la-pampa-un-fallecimiento-27-nuevos-casos-y-5-mil-aislados\/","og_locale":"es_ES","og_type":"article","og_title":"Covid en La Pampa: un fallecimiento, 27 nuevos casos y 5 mil aislados - Diario Textual","og_description":"El Ministerio de Salud de La Pampa inform\u00f3 que este s\u00e1bado 10 muri\u00f3 una mujer de Intendente Alvear con coronavirus y que se registraron 27 nuevos positivos. Adem\u00e1s, ya hay&hellip;","og_url":"https:\/\/diariotextual.com\/inicio\/index.php\/2020\/10\/10\/covid-en-la-pampa-un-fallecimiento-27-nuevos-casos-y-5-mil-aislados\/","og_site_name":"Diario Textual","article_publisher":"https:\/\/www.facebook.com\/eltextual","article_published_time":"2020-10-10T21:44:46+00:00","article_modified_time":"2020-10-11T15:19:41+00:00","og_image":[{"width":913,"height":568,"url":"https:\/\/diariotextual.com\/inicio\/wp-content\/uploads\/2020\/10\/coronavirustelam2020-276.jpg","type":"image\/jpeg"}],"author":"Diario1 Diario1","twitter_card":"summary_large_image","twitter_creator":"@eltextual","twitter_site":"@eltextual","twitter_misc":{"Escrito por":"Diario1 Diario1","Tiempo de lectura":"2 minutos"},"schema":{"@context":"https:\/\/schema.org","@graph":[{"@type":"Article","@id":"https:\/\/diariotextual.com\/inicio\/index.php\/2020\/10\/10\/covid-en-la-pampa-un-fallecimiento-27-nuevos-casos-y-5-mil-aislados\/#article","isPartOf":{"@id":"https:\/\/diariotextual.com\/inicio\/index.php\/2020\/10\/10\/covid-en-la-pampa-un-fallecimiento-27-nuevos-casos-y-5-mil-aislados\/"},"author":{"name":"Diario1 Diario1","@id":"https:\/\/diariotextual.com\/inicio\/#\/schema\/person\/418fc4093c33e86ed41562db3508f958"},"headline":"Covid en La Pampa: un fallecimiento, 27 nuevos casos y 5 mil aislados","datePublished":"2020-10-10T21:44:46+00:00","dateModified":"2020-10-11T15:19:41+00:00","mainEntityOfPage":{"@id":"https:\/\/diariotextual.com\/inicio\/index.php\/2020\/10\/10\/covid-en-la-pampa-un-fallecimiento-27-nuevos-casos-y-5-mil-aislados\/"},"wordCount":368,"publisher":{"@id":"https:\/\/diariotextual.com\/inicio\/#organization"},"image":{"@id":"https:\/\/diariotextual.com\/inicio\/index.php\/2020\/10\/10\/covid-en-la-pampa-un-fallecimiento-27-nuevos-casos-y-5-mil-aislados\/#primaryimage"},"thumbnailUrl":"https:\/\/diariotextual.com\/inicio\/wp-content\/uploads\/2020\/10\/coronavirustelam2020-276.jpg","keywords":["covid"],"articleSection":["A - ES NOTICIA (van abajo)","SOCIEDAD"],"inLanguage":"es"},{"@type":"WebPage","@id":"https:\/\/diariotextual.com\/inicio\/index.php\/2020\/10\/10\/covid-en-la-pampa-un-fallecimiento-27-nuevos-casos-y-5-mil-aislados\/","url":"https:\/\/diariotextual.com\/inicio\/index.php\/2020\/10\/10\/covid-en-la-pampa-un-fallecimiento-27-nuevos-casos-y-5-mil-aislados\/","name":"Covid en La Pampa: un fallecimiento, 27 nuevos casos y 5 mil aislados - Diario Textual","isPartOf":{"@id":"https:\/\/diariotextual.com\/inicio\/#website"},"primaryImageOfPage":{"@id":"https:\/\/diariotextual.com\/inicio\/index.php\/2020\/10\/10\/covid-en-la-pampa-un-fallecimiento-27-nuevos-casos-y-5-mil-aislados\/#primaryimage"},"image":{"@id":"https:\/\/diariotextual.com\/inicio\/index.php\/2020\/10\/10\/covid-en-la-pampa-un-fallecimiento-27-nuevos-casos-y-5-mil-aislados\/#primaryimage"},"thumbnailUrl":"https:\/\/diariotextual.com\/inicio\/wp-content\/uploads\/2020\/10\/coronavirustelam2020-276.jpg","datePublished":"2020-10-10T21:44:46+00:00","dateModified":"2020-10-11T15:19:41+00:00","breadcrumb":{"@id":"https:\/\/diariotextual.com\/inicio\/index.php\/2020\/10\/10\/covid-en-la-pampa-un-fallecimiento-27-nuevos-casos-y-5-mil-aislados\/#breadcrumb"},"inLanguage":"es","potentialAction":[{"@type":"ReadAction","target":["https:\/\/diariotextual.com\/inicio\/index.php\/2020\/10\/10\/covid-en-la-pampa-un-fallecimiento-27-nuevos-casos-y-5-mil-aislados\/"]}]},{"@type":"ImageObject","inLanguage":"es","@id":"https:\/\/diariotextual.com\/inicio\/index.php\/2020\/10\/10\/covid-en-la-pampa-un-fallecimiento-27-nuevos-casos-y-5-mil-aislados\/#primaryimage","url":"https:\/\/diariotextual.com\/inicio\/wp-content\/uploads\/2020\/10\/coronavirustelam2020-276.jpg","contentUrl":"https:\/\/diariotextual.com\/inicio\/wp-content\/uploads\/2020\/10\/coronavirustelam2020-276.jpg","width":913,"height":568},{"@type":"BreadcrumbList","@id":"https:\/\/diariotextual.com\/inicio\/index.php\/2020\/10\/10\/covid-en-la-pampa-un-fallecimiento-27-nuevos-casos-y-5-mil-aislados\/#breadcrumb","itemListElement":[{"@type":"ListItem","position":1,"name":"Portada","item":"https:\/\/diariotextual.com\/inicio\/"},{"@type":"ListItem","position":2,"name":"Covid en La Pampa: un fallecimiento, 27 nuevos casos y 5 mil aislados"}]},{"@type":"WebSite","@id":"https:\/\/diariotextual.com\/inicio\/#website","url":"https:\/\/diariotextual.com\/inicio\/","name":"Diario Textual","description":"","publisher":{"@id":"https:\/\/diariotextual.com\/inicio\/#organization"},"potentialAction":[{"@type":"SearchAction","target":{"@type":"EntryPoint","urlTemplate":"https:\/\/diariotextual.com\/inicio\/?s={search_term_string}"},"query-input":{"@type":"PropertyValueSpecification","valueRequired":true,"valueName":"search_term_string"}}],"inLanguage":"es"},{"@type":"Organization","@id":"https:\/\/diariotextual.com\/inicio\/#organization","name":"Diario Textual","url":"https:\/\/diariotextual.com\/inicio\/","logo":{"@type":"ImageObject","inLanguage":"es","@id":"https:\/\/diariotextual.com\/inicio\/#\/schema\/logo\/image\/","url":"https:\/\/diariotextual.com\/inicio\/wp-content\/uploads\/2023\/05\/logotextual1.jpg","contentUrl":"https:\/\/diariotextual.com\/inicio\/wp-content\/uploads\/2023\/05\/logotextual1.jpg","width":516,"height":76,"caption":"Diario Textual"},"image":{"@id":"https:\/\/diariotextual.com\/inicio\/#\/schema\/logo\/image\/"},"sameAs":["https:\/\/www.facebook.com\/eltextual","https:\/\/x.com\/eltextual","http:\/\/www.instagram.com\/eltextual"]},{"@type":"Person","@id":"https:\/\/diariotextual.com\/inicio\/#\/schema\/person\/418fc4093c33e86ed41562db3508f958","name":"Diario1 Diario1","image":{"@type":"ImageObject","inLanguage":"es","@id":"https:\/\/secure.gravatar.com\/avatar\/9167d280179c85bc18be67aa7eda765854300033af4896dd779b608640f2ef7a?s=96&d=mm&r=g","url":"https:\/\/secure.gravatar.com\/avatar\/9167d280179c85bc18be67aa7eda765854300033af4896dd779b608640f2ef7a?s=96&d=mm&r=g","contentUrl":"https:\/\/secure.gravatar.com\/avatar\/9167d280179c85bc18be67aa7eda765854300033af4896dd779b608640f2ef7a?s=96&d=mm&r=g","caption":"Diario1 Diario1"},"url":"https:\/\/diariotextual.com\/inicio\/index.php\/author\/diario1\/"}]}},"_links":{"self":[{"href":"https:\/\/diariotextual.com\/inicio\/index.php\/wp-json\/wp\/v2\/posts\/115588","targetHints":{"allow":["GET"]}}],"collection":[{"href":"https:\/\/diariotextual.com\/inicio\/index.php\/wp-json\/wp\/v2\/posts"}],"about":[{"href":"https:\/\/diariotextual.com\/inicio\/index.php\/wp-json\/wp\/v2\/types\/post"}],"author":[{"embeddable":true,"href":"https:\/\/diariotextual.com\/inicio\/index.php\/wp-json\/wp\/v2\/users\/3"}],"replies":[{"embeddable":true,"href":"https:\/\/diariotextual.com\/inicio\/index.php\/wp-json\/wp\/v2\/comments?post=115588"}],"version-history":[{"count":9,"href":"https:\/\/diariotextual.com\/inicio\/index.php\/wp-json\/wp\/v2\/posts\/115588\/revisions"}],"predecessor-version":[{"id":115629,"href":"https:\/\/diariotextual.com\/inicio\/index.php\/wp-json\/wp\/v2\/posts\/115588\/revisions\/115629"}],"wp:featuredmedia":[{"embeddable":true,"href":"https:\/\/diariotextual.com\/inicio\/index.php\/wp-json\/wp\/v2\/media\/115589"}],"wp:attachment":[{"href":"https:\/\/diariotextual.com\/inicio\/index.php\/wp-json\/wp\/v2\/media?parent=115588"}],"wp:term":[{"taxonomy":"category","embeddable":true,"href":"https:\/\/diariotextual.com\/inicio\/index.php\/wp-json\/wp\/v2\/categories?post=115588"},{"taxonomy":"post_tag","embeddable":true,"href":"https:\/\/diariotextual.com\/inicio\/index.php\/wp-json\/wp\/v2\/tags?post=115588"}],"curies":[{"name":"wp","href":"https:\/\/api.w.org\/{rel}","templated":true}]}}