{"id":115646,"date":"2020-10-11T08:54:53","date_gmt":"2020-10-11T11:54:53","guid":{"rendered":"http:\/\/diariotextual.com\/inicio\/?p=115646"},"modified":"2020-10-11T10:21:03","modified_gmt":"2020-10-11T13:21:03","slug":"murio-por-coronavirus-el-reconocido-y-talentoso-actor-hugo-arana","status":"publish","type":"post","link":"https:\/\/diariotextual.com\/inicio\/index.php\/2020\/10\/11\/murio-por-coronavirus-el-reconocido-y-talentoso-actor-hugo-arana\/","title":{"rendered":"Muri\u00f3 por coronavirus el reconocido y talentoso actor Hugo Arana"},"content":{"rendered":"\n<p>El actor <strong>Hugo Arana<\/strong>, de extensa trayectoria en teatro, cine y televisi\u00f3n muri\u00f3 a los <strong>77 a\u00f1os<\/strong> en en el <strong>Sanatorio Colegiales<\/strong>. El reconocido artista hab\u00eda sido hospitalizado hace unos d\u00edas por un accidente dom\u00e9stico. Sin embargo all\u00ed le realizaron<strong> el hisopado<\/strong>, que confirm\u00f3 que estaba contagiado de Covid-19.<\/p>\n\n\n\n<p>Hugo Arana perteneci\u00f3 a ese selecto grupo de gente imprescindible. Esas personas que trascienden no solo por su arte sino tambi\u00e9n por su coherencia. Querido y respetado por todos, logr\u00f3 transitar la \u00faltima etapa de su vida en un estado reservado para pocos: la sabidur\u00eda. Porque Arana pod\u00eda re\u00edrse de su falsa muerte anunciada tres veces por twiter y desmentir por en\u00e9sima vez con una sonrisa que Facundo Arana fuera su hijo, record\u00f3<strong> Infobae<\/strong>.<\/p>\n\n\n\n<p>Pero tambi\u00e9n se lo ve\u00eda marchar por las causas que consideraba justas, colaborando con cortos de alg\u00fan estudiante de cine con m\u00e1s ideas que recursos o respondiendo con amabilidad y sinceridad las preguntas de un periodista famoso pero tambi\u00e9n las de un diario barrial o las de un alumno de una escuela de periodismo.<\/p>\n\n\n\n<p>Su ni\u00f1ez y adolescencia transcurrieron lejos de los escenarios. Creci\u00f3 en Monte Grande donde sus padres eran los caseros de una quinta. El sueldo alcanzaba para cubrir apenas las necesidades b\u00e1sicas. La cocina funcionaba a le\u00f1a, a la noche iluminaba un sol de noche, la ducha era una lata agujereada y el dent\u00edfrico se supl\u00eda con sal gruesa. \u201cA los 11, nos mudamos a Lan\u00fas y para m\u00ed fue pisar el asfalto por primera vez. Cuando abr\u00ed la canilla y sali\u00f3 agua lo viv\u00ed como un milagro\u201d, recordaba sin rencores. En la adolescencia fue alba\u00f1il, pintor, electricista, colocador de alfombras y hasta jugador de las inferiores de Lan\u00fas. Con un amigo, Carlos Herrera se hicieron amigos del proyectista del cine de la zona que desde la cabina y gratis les permit\u00eda disfrutar de las pel\u00edculas. No eran tiempo de combos de pochoclo pero s\u00ed de mate y bizcocho y de salir del cine so\u00f1ando ser recio como Marlon Brando pero nunca actor.<\/p>\n\n\n\n<p>Pero aunque la actuaci\u00f3n no era su objetivo estaba en su destino.<strong>&nbsp;\u201cUn d\u00eda fui al Centro a comprar tornillos y vi un cartel que dec\u00eda: H\u00e1gase actor, centro experimental cinematogr\u00e1fico. Y me qued\u00e9 como helado. Yo nunca hab\u00eda visto teatro aunque me gustaba mucho el cine. Estaba desesperado por hacer algo en mi vida\u201d<\/strong>. El d\u00eda que cumpli\u00f3 22 a\u00f1os, el 23 de julio del 65 se regal\u00f3 la inscripci\u00f3n a la escuela.&nbsp;<strong>\u201cYo no ten\u00eda ni idea de actuaci\u00f3n, pero a los pocos meses ya estaba con un papelito en un escenario en una obra sobre Lee Harvey Oswald, interpretado por Enrique Liporace. Y sent\u00ed: nadie me saca m\u00e1s de ac\u00e1. Era la primera vez que algo me importaba\u201d.&nbsp;<\/strong><\/p>\n\n\n\n<p>Fueron a\u00f1os intensos de trabajo y de formaci\u00f3n con los maestros Marcelo Lavalle y Augusto Fernandes. Entre clases y escenarios conoci\u00f3 a Marzenka Nowak, el amor de su vida, tan bella como sorprendente, polaca de nacimiento, con un padre l\u00edder de la resistencia que actuaba en la clandestinidad contra los nazis. Ella era refinada, jam\u00e1s se le escapaba un insulto y \u00e9l era una mezcla de atorrante, ternura y arrabal. El descubrimiento de lo opuesto dio paso al amor, se casaron y se convirtieron en los padres de Juan Gonzalo. Estuvieron juntos 44 a\u00f1os cuando un ACV se llev\u00f3 a Mayenka. \u00bfExtra\u00f1\u00e1s la vida en pareja?, le preguntaban. \u201cExtra\u00f1o a mi esposa\u201d, contestaba \u00e9l atravesado por la pena. \u201cFueron muchos a\u00f1os, y bellos. No hubo un d\u00eda que dijera: \u2018Me voy\u2019. Nunca. Ni ella ni yo. Creo que hay un concepto err\u00f3neo de lo que es una pareja. Para m\u00ed es como una huerta, hay que sacar los yuyos, hay que regar y volver a plantar, es un laburo. Es ingenuo creer en el milagro de que algo funciona porque s\u00ed, solo\u201d.&nbsp;<\/p>\n\n\n\n<p>Consolidado en la familia, con una carrera actoral que empezaba a ser reconocida por pares faltaba&nbsp;el gran salto a la popularidad y lleg\u00f3 de un modo impensado: con una publicidad. En 1970 una compa\u00f1era del taller de teatro le cont\u00f3 que Juan Jos\u00e9 Jusid buscaba a un actor para una publicidad de vino.<strong> \u201cMe negu\u00e9 rotundamente. Pero vi que Ulises Dumont hac\u00eda un aviso de calefones y Norman Briski, de hojas de afeitar y eran dos actores muy conocidos y admirables. As\u00ed que fui a la prueba y grab\u00e9 el aviso\u201d<\/strong>. All\u00ed encarnaba a un hombre que se entera que ser\u00e1 pap\u00e1 cuando su mujer le muestra unos escarpines. En el minuto diecinueve que dura el aviso \u2013algo impensado para esta \u00e9poca- Arana despliega una serie de emociones que van desde el asombro a la felicidad pasando por la ternura y el miedo que le genera la noticia de su paternidad. El aviso impact\u00f3 tanto y tan fuerte que en el a\u00f1o 2016 el actor recibi\u00f3 una estatuilla por \u201cprotagonizar la publicidad m\u00e1s recordada de la televisi\u00f3n argentina\u201d. <strong>Esa imagen de hombre tierno, buenazo y leal lo acompa\u00f1ar\u00eda toda su vida<\/strong>. Porque Arana quiz\u00e1 nunca fue un gal\u00e1n que enamoraba pero si representaba ese yerno ideal, el amigo fiel que no te deja en la estacada. Los que lo conocieron y trabajaron con \u00e9l, dec\u00edan que nunca necesit\u00f3 actuar de buen tipo porque simplemente lo era.<\/p>\n","protected":false},"excerpt":{"rendered":"<p>El actor Hugo Arana, de extensa trayectoria en teatro, cine y televisi\u00f3n muri\u00f3 a los 77 a\u00f1os en en el Sanatorio Colegiales. El reconocido artista hab\u00eda sido hospitalizado hace unos&hellip;<\/p>\n","protected":false},"author":3,"featured_media":115647,"comment_status":"closed","ping_status":"open","sticky":false,"template":"","format":"standard","meta":{"_acf_changed":false,"footnotes":""},"categories":[10,2],"tags":[4101],"class_list":["post-115646","post","type-post","status-publish","format-standard","has-post-thumbnail","hentry","category-portada-2","category-cultura","tag-arana"],"acf":[],"yoast_head":"<!-- This site is optimized with the Yoast SEO plugin v27.5 - https:\/\/yoast.com\/product\/yoast-seo-wordpress\/ -->\n<title>Muri\u00f3 por coronavirus el reconocido y talentoso actor Hugo Arana - Diario Textual<\/title>\n<meta name=\"robots\" content=\"index, follow, max-snippet:-1, max-image-preview:large, max-video-preview:-1\" \/>\n<link rel=\"canonical\" href=\"https:\/\/diariotextual.com\/inicio\/index.php\/2020\/10\/11\/murio-por-coronavirus-el-reconocido-y-talentoso-actor-hugo-arana\/\" \/>\n<meta property=\"og:locale\" content=\"es_ES\" \/>\n<meta property=\"og:type\" content=\"article\" \/>\n<meta property=\"og:title\" content=\"Muri\u00f3 por coronavirus el reconocido y talentoso actor Hugo Arana - Diario Textual\" \/>\n<meta property=\"og:description\" content=\"El actor Hugo Arana, de extensa trayectoria en teatro, cine y televisi\u00f3n muri\u00f3 a los 77 a\u00f1os en en el Sanatorio Colegiales. El reconocido artista hab\u00eda sido hospitalizado hace unos&hellip;\" \/>\n<meta property=\"og:url\" content=\"https:\/\/diariotextual.com\/inicio\/index.php\/2020\/10\/11\/murio-por-coronavirus-el-reconocido-y-talentoso-actor-hugo-arana\/\" \/>\n<meta property=\"og:site_name\" content=\"Diario Textual\" \/>\n<meta property=\"article:publisher\" content=\"https:\/\/www.facebook.com\/eltextual\" \/>\n<meta property=\"article:published_time\" content=\"2020-10-11T11:54:53+00:00\" \/>\n<meta property=\"article:modified_time\" content=\"2020-10-11T13:21:03+00:00\" \/>\n<meta property=\"og:image\" content=\"https:\/\/diariotextual.com\/inicio\/wp-content\/uploads\/2020\/10\/aranahugo1.jpg\" \/>\n\t<meta property=\"og:image:width\" content=\"768\" \/>\n\t<meta property=\"og:image:height\" content=\"432\" \/>\n\t<meta property=\"og:image:type\" content=\"image\/jpeg\" \/>\n<meta name=\"author\" content=\"Diario1 Diario1\" \/>\n<meta name=\"twitter:card\" content=\"summary_large_image\" \/>\n<meta name=\"twitter:creator\" content=\"@eltextual\" \/>\n<meta name=\"twitter:site\" content=\"@eltextual\" \/>\n<meta name=\"twitter:label1\" content=\"Escrito por\" \/>\n\t<meta name=\"twitter:data1\" content=\"Diario1 Diario1\" \/>\n\t<meta name=\"twitter:label2\" content=\"Tiempo de lectura\" \/>\n\t<meta name=\"twitter:data2\" content=\"5 minutos\" \/>\n<script type=\"application\/ld+json\" class=\"yoast-schema-graph\">{\"@context\":\"https:\\\/\\\/schema.org\",\"@graph\":[{\"@type\":\"Article\",\"@id\":\"https:\\\/\\\/diariotextual.com\\\/inicio\\\/index.php\\\/2020\\\/10\\\/11\\\/murio-por-coronavirus-el-reconocido-y-talentoso-actor-hugo-arana\\\/#article\",\"isPartOf\":{\"@id\":\"https:\\\/\\\/diariotextual.com\\\/inicio\\\/index.php\\\/2020\\\/10\\\/11\\\/murio-por-coronavirus-el-reconocido-y-talentoso-actor-hugo-arana\\\/\"},\"author\":{\"name\":\"Diario1 Diario1\",\"@id\":\"https:\\\/\\\/diariotextual.com\\\/inicio\\\/#\\\/schema\\\/person\\\/418fc4093c33e86ed41562db3508f958\"},\"headline\":\"Muri\u00f3 por coronavirus el reconocido y talentoso actor Hugo Arana\",\"datePublished\":\"2020-10-11T11:54:53+00:00\",\"dateModified\":\"2020-10-11T13:21:03+00:00\",\"mainEntityOfPage\":{\"@id\":\"https:\\\/\\\/diariotextual.com\\\/inicio\\\/index.php\\\/2020\\\/10\\\/11\\\/murio-por-coronavirus-el-reconocido-y-talentoso-actor-hugo-arana\\\/\"},\"wordCount\":943,\"publisher\":{\"@id\":\"https:\\\/\\\/diariotextual.com\\\/inicio\\\/#organization\"},\"image\":{\"@id\":\"https:\\\/\\\/diariotextual.com\\\/inicio\\\/index.php\\\/2020\\\/10\\\/11\\\/murio-por-coronavirus-el-reconocido-y-talentoso-actor-hugo-arana\\\/#primaryimage\"},\"thumbnailUrl\":\"https:\\\/\\\/diariotextual.com\\\/inicio\\\/wp-content\\\/uploads\\\/2020\\\/10\\\/aranahugo1.jpg\",\"keywords\":[\"arana\"],\"articleSection\":[\"A - PORTADA2\",\"CULTURA\"],\"inLanguage\":\"es\"},{\"@type\":\"WebPage\",\"@id\":\"https:\\\/\\\/diariotextual.com\\\/inicio\\\/index.php\\\/2020\\\/10\\\/11\\\/murio-por-coronavirus-el-reconocido-y-talentoso-actor-hugo-arana\\\/\",\"url\":\"https:\\\/\\\/diariotextual.com\\\/inicio\\\/index.php\\\/2020\\\/10\\\/11\\\/murio-por-coronavirus-el-reconocido-y-talentoso-actor-hugo-arana\\\/\",\"name\":\"Muri\u00f3 por coronavirus el reconocido y talentoso actor Hugo Arana - Diario Textual\",\"isPartOf\":{\"@id\":\"https:\\\/\\\/diariotextual.com\\\/inicio\\\/#website\"},\"primaryImageOfPage\":{\"@id\":\"https:\\\/\\\/diariotextual.com\\\/inicio\\\/index.php\\\/2020\\\/10\\\/11\\\/murio-por-coronavirus-el-reconocido-y-talentoso-actor-hugo-arana\\\/#primaryimage\"},\"image\":{\"@id\":\"https:\\\/\\\/diariotextual.com\\\/inicio\\\/index.php\\\/2020\\\/10\\\/11\\\/murio-por-coronavirus-el-reconocido-y-talentoso-actor-hugo-arana\\\/#primaryimage\"},\"thumbnailUrl\":\"https:\\\/\\\/diariotextual.com\\\/inicio\\\/wp-content\\\/uploads\\\/2020\\\/10\\\/aranahugo1.jpg\",\"datePublished\":\"2020-10-11T11:54:53+00:00\",\"dateModified\":\"2020-10-11T13:21:03+00:00\",\"breadcrumb\":{\"@id\":\"https:\\\/\\\/diariotextual.com\\\/inicio\\\/index.php\\\/2020\\\/10\\\/11\\\/murio-por-coronavirus-el-reconocido-y-talentoso-actor-hugo-arana\\\/#breadcrumb\"},\"inLanguage\":\"es\",\"potentialAction\":[{\"@type\":\"ReadAction\",\"target\":[\"https:\\\/\\\/diariotextual.com\\\/inicio\\\/index.php\\\/2020\\\/10\\\/11\\\/murio-por-coronavirus-el-reconocido-y-talentoso-actor-hugo-arana\\\/\"]}]},{\"@type\":\"ImageObject\",\"inLanguage\":\"es\",\"@id\":\"https:\\\/\\\/diariotextual.com\\\/inicio\\\/index.php\\\/2020\\\/10\\\/11\\\/murio-por-coronavirus-el-reconocido-y-talentoso-actor-hugo-arana\\\/#primaryimage\",\"url\":\"https:\\\/\\\/diariotextual.com\\\/inicio\\\/wp-content\\\/uploads\\\/2020\\\/10\\\/aranahugo1.jpg\",\"contentUrl\":\"https:\\\/\\\/diariotextual.com\\\/inicio\\\/wp-content\\\/uploads\\\/2020\\\/10\\\/aranahugo1.jpg\",\"width\":768,\"height\":432},{\"@type\":\"BreadcrumbList\",\"@id\":\"https:\\\/\\\/diariotextual.com\\\/inicio\\\/index.php\\\/2020\\\/10\\\/11\\\/murio-por-coronavirus-el-reconocido-y-talentoso-actor-hugo-arana\\\/#breadcrumb\",\"itemListElement\":[{\"@type\":\"ListItem\",\"position\":1,\"name\":\"Portada\",\"item\":\"https:\\\/\\\/diariotextual.com\\\/inicio\\\/\"},{\"@type\":\"ListItem\",\"position\":2,\"name\":\"Muri\u00f3 por coronavirus el reconocido y talentoso actor Hugo Arana\"}]},{\"@type\":\"WebSite\",\"@id\":\"https:\\\/\\\/diariotextual.com\\\/inicio\\\/#website\",\"url\":\"https:\\\/\\\/diariotextual.com\\\/inicio\\\/\",\"name\":\"Diario Textual\",\"description\":\"\",\"publisher\":{\"@id\":\"https:\\\/\\\/diariotextual.com\\\/inicio\\\/#organization\"},\"potentialAction\":[{\"@type\":\"SearchAction\",\"target\":{\"@type\":\"EntryPoint\",\"urlTemplate\":\"https:\\\/\\\/diariotextual.com\\\/inicio\\\/?s={search_term_string}\"},\"query-input\":{\"@type\":\"PropertyValueSpecification\",\"valueRequired\":true,\"valueName\":\"search_term_string\"}}],\"inLanguage\":\"es\"},{\"@type\":\"Organization\",\"@id\":\"https:\\\/\\\/diariotextual.com\\\/inicio\\\/#organization\",\"name\":\"Diario Textual\",\"url\":\"https:\\\/\\\/diariotextual.com\\\/inicio\\\/\",\"logo\":{\"@type\":\"ImageObject\",\"inLanguage\":\"es\",\"@id\":\"https:\\\/\\\/diariotextual.com\\\/inicio\\\/#\\\/schema\\\/logo\\\/image\\\/\",\"url\":\"https:\\\/\\\/diariotextual.com\\\/inicio\\\/wp-content\\\/uploads\\\/2023\\\/05\\\/logotextual1.jpg\",\"contentUrl\":\"https:\\\/\\\/diariotextual.com\\\/inicio\\\/wp-content\\\/uploads\\\/2023\\\/05\\\/logotextual1.jpg\",\"width\":516,\"height\":76,\"caption\":\"Diario Textual\"},\"image\":{\"@id\":\"https:\\\/\\\/diariotextual.com\\\/inicio\\\/#\\\/schema\\\/logo\\\/image\\\/\"},\"sameAs\":[\"https:\\\/\\\/www.facebook.com\\\/eltextual\",\"https:\\\/\\\/x.com\\\/eltextual\",\"http:\\\/\\\/www.instagram.com\\\/eltextual\"]},{\"@type\":\"Person\",\"@id\":\"https:\\\/\\\/diariotextual.com\\\/inicio\\\/#\\\/schema\\\/person\\\/418fc4093c33e86ed41562db3508f958\",\"name\":\"Diario1 Diario1\",\"image\":{\"@type\":\"ImageObject\",\"inLanguage\":\"es\",\"@id\":\"https:\\\/\\\/secure.gravatar.com\\\/avatar\\\/9167d280179c85bc18be67aa7eda765854300033af4896dd779b608640f2ef7a?s=96&d=mm&r=g\",\"url\":\"https:\\\/\\\/secure.gravatar.com\\\/avatar\\\/9167d280179c85bc18be67aa7eda765854300033af4896dd779b608640f2ef7a?s=96&d=mm&r=g\",\"contentUrl\":\"https:\\\/\\\/secure.gravatar.com\\\/avatar\\\/9167d280179c85bc18be67aa7eda765854300033af4896dd779b608640f2ef7a?s=96&d=mm&r=g\",\"caption\":\"Diario1 Diario1\"},\"url\":\"https:\\\/\\\/diariotextual.com\\\/inicio\\\/index.php\\\/author\\\/diario1\\\/\"}]}<\/script>\n<!-- \/ Yoast SEO plugin. -->","yoast_head_json":{"title":"Muri\u00f3 por coronavirus el reconocido y talentoso actor Hugo Arana - Diario Textual","robots":{"index":"index","follow":"follow","max-snippet":"max-snippet:-1","max-image-preview":"max-image-preview:large","max-video-preview":"max-video-preview:-1"},"canonical":"https:\/\/diariotextual.com\/inicio\/index.php\/2020\/10\/11\/murio-por-coronavirus-el-reconocido-y-talentoso-actor-hugo-arana\/","og_locale":"es_ES","og_type":"article","og_title":"Muri\u00f3 por coronavirus el reconocido y talentoso actor Hugo Arana - Diario Textual","og_description":"El actor Hugo Arana, de extensa trayectoria en teatro, cine y televisi\u00f3n muri\u00f3 a los 77 a\u00f1os en en el Sanatorio Colegiales. El reconocido artista hab\u00eda sido hospitalizado hace unos&hellip;","og_url":"https:\/\/diariotextual.com\/inicio\/index.php\/2020\/10\/11\/murio-por-coronavirus-el-reconocido-y-talentoso-actor-hugo-arana\/","og_site_name":"Diario Textual","article_publisher":"https:\/\/www.facebook.com\/eltextual","article_published_time":"2020-10-11T11:54:53+00:00","article_modified_time":"2020-10-11T13:21:03+00:00","og_image":[{"width":768,"height":432,"url":"https:\/\/diariotextual.com\/inicio\/wp-content\/uploads\/2020\/10\/aranahugo1.jpg","type":"image\/jpeg"}],"author":"Diario1 Diario1","twitter_card":"summary_large_image","twitter_creator":"@eltextual","twitter_site":"@eltextual","twitter_misc":{"Escrito por":"Diario1 Diario1","Tiempo de lectura":"5 minutos"},"schema":{"@context":"https:\/\/schema.org","@graph":[{"@type":"Article","@id":"https:\/\/diariotextual.com\/inicio\/index.php\/2020\/10\/11\/murio-por-coronavirus-el-reconocido-y-talentoso-actor-hugo-arana\/#article","isPartOf":{"@id":"https:\/\/diariotextual.com\/inicio\/index.php\/2020\/10\/11\/murio-por-coronavirus-el-reconocido-y-talentoso-actor-hugo-arana\/"},"author":{"name":"Diario1 Diario1","@id":"https:\/\/diariotextual.com\/inicio\/#\/schema\/person\/418fc4093c33e86ed41562db3508f958"},"headline":"Muri\u00f3 por coronavirus el reconocido y talentoso actor Hugo Arana","datePublished":"2020-10-11T11:54:53+00:00","dateModified":"2020-10-11T13:21:03+00:00","mainEntityOfPage":{"@id":"https:\/\/diariotextual.com\/inicio\/index.php\/2020\/10\/11\/murio-por-coronavirus-el-reconocido-y-talentoso-actor-hugo-arana\/"},"wordCount":943,"publisher":{"@id":"https:\/\/diariotextual.com\/inicio\/#organization"},"image":{"@id":"https:\/\/diariotextual.com\/inicio\/index.php\/2020\/10\/11\/murio-por-coronavirus-el-reconocido-y-talentoso-actor-hugo-arana\/#primaryimage"},"thumbnailUrl":"https:\/\/diariotextual.com\/inicio\/wp-content\/uploads\/2020\/10\/aranahugo1.jpg","keywords":["arana"],"articleSection":["A - PORTADA2","CULTURA"],"inLanguage":"es"},{"@type":"WebPage","@id":"https:\/\/diariotextual.com\/inicio\/index.php\/2020\/10\/11\/murio-por-coronavirus-el-reconocido-y-talentoso-actor-hugo-arana\/","url":"https:\/\/diariotextual.com\/inicio\/index.php\/2020\/10\/11\/murio-por-coronavirus-el-reconocido-y-talentoso-actor-hugo-arana\/","name":"Muri\u00f3 por coronavirus el reconocido y talentoso actor Hugo Arana - Diario Textual","isPartOf":{"@id":"https:\/\/diariotextual.com\/inicio\/#website"},"primaryImageOfPage":{"@id":"https:\/\/diariotextual.com\/inicio\/index.php\/2020\/10\/11\/murio-por-coronavirus-el-reconocido-y-talentoso-actor-hugo-arana\/#primaryimage"},"image":{"@id":"https:\/\/diariotextual.com\/inicio\/index.php\/2020\/10\/11\/murio-por-coronavirus-el-reconocido-y-talentoso-actor-hugo-arana\/#primaryimage"},"thumbnailUrl":"https:\/\/diariotextual.com\/inicio\/wp-content\/uploads\/2020\/10\/aranahugo1.jpg","datePublished":"2020-10-11T11:54:53+00:00","dateModified":"2020-10-11T13:21:03+00:00","breadcrumb":{"@id":"https:\/\/diariotextual.com\/inicio\/index.php\/2020\/10\/11\/murio-por-coronavirus-el-reconocido-y-talentoso-actor-hugo-arana\/#breadcrumb"},"inLanguage":"es","potentialAction":[{"@type":"ReadAction","target":["https:\/\/diariotextual.com\/inicio\/index.php\/2020\/10\/11\/murio-por-coronavirus-el-reconocido-y-talentoso-actor-hugo-arana\/"]}]},{"@type":"ImageObject","inLanguage":"es","@id":"https:\/\/diariotextual.com\/inicio\/index.php\/2020\/10\/11\/murio-por-coronavirus-el-reconocido-y-talentoso-actor-hugo-arana\/#primaryimage","url":"https:\/\/diariotextual.com\/inicio\/wp-content\/uploads\/2020\/10\/aranahugo1.jpg","contentUrl":"https:\/\/diariotextual.com\/inicio\/wp-content\/uploads\/2020\/10\/aranahugo1.jpg","width":768,"height":432},{"@type":"BreadcrumbList","@id":"https:\/\/diariotextual.com\/inicio\/index.php\/2020\/10\/11\/murio-por-coronavirus-el-reconocido-y-talentoso-actor-hugo-arana\/#breadcrumb","itemListElement":[{"@type":"ListItem","position":1,"name":"Portada","item":"https:\/\/diariotextual.com\/inicio\/"},{"@type":"ListItem","position":2,"name":"Muri\u00f3 por coronavirus el reconocido y talentoso actor Hugo Arana"}]},{"@type":"WebSite","@id":"https:\/\/diariotextual.com\/inicio\/#website","url":"https:\/\/diariotextual.com\/inicio\/","name":"Diario Textual","description":"","publisher":{"@id":"https:\/\/diariotextual.com\/inicio\/#organization"},"potentialAction":[{"@type":"SearchAction","target":{"@type":"EntryPoint","urlTemplate":"https:\/\/diariotextual.com\/inicio\/?s={search_term_string}"},"query-input":{"@type":"PropertyValueSpecification","valueRequired":true,"valueName":"search_term_string"}}],"inLanguage":"es"},{"@type":"Organization","@id":"https:\/\/diariotextual.com\/inicio\/#organization","name":"Diario Textual","url":"https:\/\/diariotextual.com\/inicio\/","logo":{"@type":"ImageObject","inLanguage":"es","@id":"https:\/\/diariotextual.com\/inicio\/#\/schema\/logo\/image\/","url":"https:\/\/diariotextual.com\/inicio\/wp-content\/uploads\/2023\/05\/logotextual1.jpg","contentUrl":"https:\/\/diariotextual.com\/inicio\/wp-content\/uploads\/2023\/05\/logotextual1.jpg","width":516,"height":76,"caption":"Diario Textual"},"image":{"@id":"https:\/\/diariotextual.com\/inicio\/#\/schema\/logo\/image\/"},"sameAs":["https:\/\/www.facebook.com\/eltextual","https:\/\/x.com\/eltextual","http:\/\/www.instagram.com\/eltextual"]},{"@type":"Person","@id":"https:\/\/diariotextual.com\/inicio\/#\/schema\/person\/418fc4093c33e86ed41562db3508f958","name":"Diario1 Diario1","image":{"@type":"ImageObject","inLanguage":"es","@id":"https:\/\/secure.gravatar.com\/avatar\/9167d280179c85bc18be67aa7eda765854300033af4896dd779b608640f2ef7a?s=96&d=mm&r=g","url":"https:\/\/secure.gravatar.com\/avatar\/9167d280179c85bc18be67aa7eda765854300033af4896dd779b608640f2ef7a?s=96&d=mm&r=g","contentUrl":"https:\/\/secure.gravatar.com\/avatar\/9167d280179c85bc18be67aa7eda765854300033af4896dd779b608640f2ef7a?s=96&d=mm&r=g","caption":"Diario1 Diario1"},"url":"https:\/\/diariotextual.com\/inicio\/index.php\/author\/diario1\/"}]}},"_links":{"self":[{"href":"https:\/\/diariotextual.com\/inicio\/index.php\/wp-json\/wp\/v2\/posts\/115646","targetHints":{"allow":["GET"]}}],"collection":[{"href":"https:\/\/diariotextual.com\/inicio\/index.php\/wp-json\/wp\/v2\/posts"}],"about":[{"href":"https:\/\/diariotextual.com\/inicio\/index.php\/wp-json\/wp\/v2\/types\/post"}],"author":[{"embeddable":true,"href":"https:\/\/diariotextual.com\/inicio\/index.php\/wp-json\/wp\/v2\/users\/3"}],"replies":[{"embeddable":true,"href":"https:\/\/diariotextual.com\/inicio\/index.php\/wp-json\/wp\/v2\/comments?post=115646"}],"version-history":[{"count":3,"href":"https:\/\/diariotextual.com\/inicio\/index.php\/wp-json\/wp\/v2\/posts\/115646\/revisions"}],"predecessor-version":[{"id":115673,"href":"https:\/\/diariotextual.com\/inicio\/index.php\/wp-json\/wp\/v2\/posts\/115646\/revisions\/115673"}],"wp:featuredmedia":[{"embeddable":true,"href":"https:\/\/diariotextual.com\/inicio\/index.php\/wp-json\/wp\/v2\/media\/115647"}],"wp:attachment":[{"href":"https:\/\/diariotextual.com\/inicio\/index.php\/wp-json\/wp\/v2\/media?parent=115646"}],"wp:term":[{"taxonomy":"category","embeddable":true,"href":"https:\/\/diariotextual.com\/inicio\/index.php\/wp-json\/wp\/v2\/categories?post=115646"},{"taxonomy":"post_tag","embeddable":true,"href":"https:\/\/diariotextual.com\/inicio\/index.php\/wp-json\/wp\/v2\/tags?post=115646"}],"curies":[{"name":"wp","href":"https:\/\/api.w.org\/{rel}","templated":true}]}}