{"id":115699,"date":"2020-10-11T17:47:57","date_gmt":"2020-10-11T20:47:57","guid":{"rendered":"http:\/\/diariotextual.com\/inicio\/?p=115699"},"modified":"2020-10-11T21:22:23","modified_gmt":"2020-10-12T00:22:23","slug":"hubo-marchas-simultaneas-por-libre-paso-sin-cuarentena-en-realico-catrilo-anchorena-y-arauz","status":"publish","type":"post","link":"https:\/\/diariotextual.com\/inicio\/index.php\/2020\/10\/11\/hubo-marchas-simultaneas-por-libre-paso-sin-cuarentena-en-realico-catrilo-anchorena-y-arauz\/","title":{"rendered":"Hubo marchas simult\u00e1neas por libre paso y sin cuarentena en Realic\u00f3, Catril\u00f3, Anchorena y Arauz"},"content":{"rendered":"\n<p>Una <strong>serie de manifestaciones<\/strong> se registraron en la tarde de este domingo en <strong>diversos puntos lim\u00edtrofes de La Pampa con C\u00f3rdoba y con Buenos Aires<\/strong>, en reclamo de la<strong> libre circulaci\u00f3n <\/strong>entre provincias: en medio del pedido de las autoridades por \u201chacer un esfuerzo m\u00e1s\u201d frente al incremento de los casos de coronavirus,<strong> protestaron para que se pueda transitar libremente, sin hisopados ni cuarentena<\/strong>.<\/p>\n\n\n\n<figure class=\"wp-block-embed-wordpress wp-block-embed is-type-wp-embed is-provider-diario-textual\"><div class=\"wp-block-embed__wrapper\">\n<blockquote class=\"wp-embedded-content\" data-secret=\"e0JWVC5ghc\"><a href=\"http:\/\/diariotextual.com\/inicio\/index.php\/2020\/10\/11\/ziliotto-convoca-a-reunion-y-define-si-baja-a-fase-2-a-santa-rosa\/\">Por aumento de casos de covid, Ziliotto convoca a reuni\u00f3n y define si baja a Fase 2 a Santa Rosa<\/a><\/blockquote><iframe class=\"wp-embedded-content\" sandbox=\"allow-scripts\" security=\"restricted\" style=\"position: absolute; clip: rect(1px, 1px, 1px, 1px);\" title=\"\u00abPor aumento de casos de covid, Ziliotto convoca a reuni\u00f3n y define si baja a Fase 2 a Santa Rosa\u00bb \u2014 Diario Textual\" src=\"http:\/\/diariotextual.com\/inicio\/index.php\/2020\/10\/11\/ziliotto-convoca-a-reunion-y-define-si-baja-a-fase-2-a-santa-rosa\/embed\/#?secret=e0JWVC5ghc\" data-secret=\"e0JWVC5ghc\" width=\"600\" height=\"338\" frameborder=\"0\" marginwidth=\"0\" marginheight=\"0\" scrolling=\"no\"><\/iframe>\n<\/div><\/figure>\n\n\n\n<p>Las marchas se iniciaron pasado el mediod\u00eda y culminaron cerca de las 18 horas. Se registraron en los puestos camineros policiales de Realic\u00f3, Catril\u00f3, Anchorena y Jacinto Arauz.<\/p>\n\n\n\n<p>El gobernador <strong>Sergio Ziliotto tom\u00f3 nota de las marchas, pero pidi\u00f3 no aflojar con los controles: resalt\u00f3 que La Pampa, por esos controles estrictos que implican en la mayor\u00eda de los casos cuarentenas de 14 d\u00edas -est\u00e1n exceptuados, por ejemplo, transportistas-, tiene la posibilidad de contar con la mayor\u00eda de sus actividades econ\u00f3micas autorizadas y es una de las pocas provincias con reuniones familiares permitidas.<\/strong> En ese marco, public\u00f3 en<strong> su cuenta de Twitter<\/strong> un extracto del mensaje del presidente Alberto Fern\u00e1ndez, que <strong>elogi\u00f3 el manejo de la crisis por La Pampa<\/strong> y resalt\u00f3 la situaci\u00f3n epidemiol\u00f3gica. \u201cBien lo dice nuestro Presidente Alberto Fern\u00e1ndez: La Pampa. No habla de un Gobierno ni de un Gobernador. Porque esta realidad la construimos todas y todos los pampeanos.<strong> Nos cost\u00f3 mucho esfuerzo, pero a\u00fan falta. No aflojemos ahora<\/strong>\u201d, tuite\u00f3.<\/p>\n\n\n\n<blockquote class=\"twitter-tweet\"><p lang=\"es\" dir=\"ltr\">Bien lo dice nuestro Presidente \u2066<a href=\"https:\/\/twitter.com\/alferdez?ref_src=twsrc%5Etfw\">@alferdez<\/a>\u2069 : LA PAMPA. <br>No habla de un Gobierno ni de un Gobernador. Porque esta realidad la construimos todas y todos los pampeanos.<br>Nos cost\u00f3 mucho esfuerzo, pero a\u00fan falta. No aflojemos ahora! <a href=\"https:\/\/twitter.com\/hashtag\/SigamosCuidandonos?src=hash&amp;ref_src=twsrc%5Etfw\">#SigamosCuidandonos<\/a> <a href=\"https:\/\/t.co\/VHniPCa3bM\">pic.twitter.com\/VHniPCa3bM<\/a><\/p>\u2014 Sergio Ziliotto (@ZiliottoSergio) <a href=\"https:\/\/twitter.com\/ZiliottoSergio\/status\/1315314726671388672?ref_src=twsrc%5Etfw\">October 11, 2020<\/a><\/blockquote> <script async=\"\" src=\"https:\/\/platform.twitter.com\/widgets.js\" charset=\"utf-8\"><\/script>\n\n\n\n<p>Una de las manifestaciones, como viene ocurriendo desde hace dos semanas, se registr\u00f3 en la ruta nacional 35 que comunica<strong> Realic\u00f3<\/strong> (La Pampa) con<strong> Huinca Renanc\u00f3<\/strong> (C\u00f3rdoba). All\u00ed, public\u00f3<strong><a rel=\"noreferrer noopener\" href=\"https:\/\/infotecrealico.com.ar\/contenido\/25892\/seguilo-en-vivo-por-infotec-numeroso-reclamo-por-libre-circulacion-en-el-limite-\" target=\"_blank\"> Infotec<\/a><\/strong>, los manifestantes -de Realic\u00f3, Huinca Renanc\u00f3, Villa Huidobro, Rancul y otras localidades- cortaron el tr\u00e1nsito, aunque liberaron cada media hora.<\/p>\n\n\n\n<figure class=\"wp-block-image size-large\"><img fetchpriority=\"high\" decoding=\"async\" width=\"894\" height=\"668\" src=\"http:\/\/diariotextual.com\/inicio\/wp-content\/uploads\/2020\/10\/cortemanifestacionrealicoinfotec2020-0002.jpg\" alt=\"\" class=\"wp-image-115706\" srcset=\"https:\/\/diariotextual.com\/inicio\/wp-content\/uploads\/2020\/10\/cortemanifestacionrealicoinfotec2020-0002.jpg 894w, https:\/\/diariotextual.com\/inicio\/wp-content\/uploads\/2020\/10\/cortemanifestacionrealicoinfotec2020-0002-300x224.jpg 300w, https:\/\/diariotextual.com\/inicio\/wp-content\/uploads\/2020\/10\/cortemanifestacionrealicoinfotec2020-0002-768x574.jpg 768w, https:\/\/diariotextual.com\/inicio\/wp-content\/uploads\/2020\/10\/cortemanifestacionrealicoinfotec2020-0002-585x437.jpg 585w\" sizes=\"(max-width: 894px) 100vw, 894px\" \/><figcaption><em>Hubo un nuevo reclamo en el l\u00edmite entre La Pampa y C\u00f3rdoba (foto gentileza Infotec)<\/em>.<br><\/figcaption><\/figure>\n\n\n\n<p><\/p>\n\n\n\n<p>Tambi\u00e9n hubo al menos tres manifestaciones sobre el Meridiano V, que une a La Pampa y Buenos Aires:<strong> en proximidades de Catril\u00f3, Anchorena y Jacinto Arauz.<\/strong><\/p>\n\n\n\n<p>Una de las m\u00e1s manifestaciones m\u00e1s numerosas se registr\u00f3 en Catril\u00f3. Hubo personas de toda la zona de la provincia, como Catril\u00f3, Lonquimay y hasta de Acha, y tambi\u00e9n de las localidades bonaerenses de Pellegrini, Quenum\u00e1, Trenque Lauquen y Salliquel\u00f3<strong>. Los manifestantes hicieron un corte y hasta una sentada sobre la cinta asf\u00e1ltica, en el Puesto Caminero Catril\u00f3, pudo constatar Diario Textual.<\/strong><\/p>\n\n\n\n<p>En tanto, <strong>en el Puesto Caminero de Anchorena -que se encuentra totalmente cerrado, sobre la ruta provincial 14- se concentraron vecinos de las localidades bonaerenses de Villa Maza.<\/strong><\/p>\n\n\n\n<figure class=\"wp-block-image size-large\"><img decoding=\"async\" width=\"1024\" height=\"498\" src=\"http:\/\/diariotextual.com\/inicio\/wp-content\/uploads\/2020\/10\/IMG-20201011-WA0000-1024x498.jpg\" alt=\"\" class=\"wp-image-115701\" srcset=\"https:\/\/diariotextual.com\/inicio\/wp-content\/uploads\/2020\/10\/IMG-20201011-WA0000-1024x498.jpg 1024w, https:\/\/diariotextual.com\/inicio\/wp-content\/uploads\/2020\/10\/IMG-20201011-WA0000-300x146.jpg 300w, https:\/\/diariotextual.com\/inicio\/wp-content\/uploads\/2020\/10\/IMG-20201011-WA0000-768x373.jpg 768w, https:\/\/diariotextual.com\/inicio\/wp-content\/uploads\/2020\/10\/IMG-20201011-WA0000-1170x569.jpg 1170w, https:\/\/diariotextual.com\/inicio\/wp-content\/uploads\/2020\/10\/IMG-20201011-WA0000-585x284.jpg 585w, https:\/\/diariotextual.com\/inicio\/wp-content\/uploads\/2020\/10\/IMG-20201011-WA0000.jpg 1280w\" sizes=\"(max-width: 1024px) 100vw, 1024px\" \/><figcaption><em>Los manifestantes de Bah\u00eda Blanca, al llegar a Arauz.<\/em><br><\/figcaption><\/figure>\n\n\n\n<p><\/p>\n\n\n\n<p>Otra de las manifestaciones se concentr\u00f3 en la ruta 35, <strong>sobre el Puesto Caminero de Arauz. Los manifestantes, portando banderas, se acercaron desde Bah\u00eda Blanca y Villa Iris, en caravanas de veh\u00edculos.<\/strong><\/p>\n\n\n\n<figure class=\"wp-block-image size-large\"><img decoding=\"async\" width=\"1024\" height=\"498\" src=\"http:\/\/diariotextual.com\/inicio\/wp-content\/uploads\/2020\/10\/IMG-20201011-WA0001-1024x498.jpg\" alt=\"\" class=\"wp-image-115702\" srcset=\"https:\/\/diariotextual.com\/inicio\/wp-content\/uploads\/2020\/10\/IMG-20201011-WA0001-1024x498.jpg 1024w, https:\/\/diariotextual.com\/inicio\/wp-content\/uploads\/2020\/10\/IMG-20201011-WA0001-300x146.jpg 300w, https:\/\/diariotextual.com\/inicio\/wp-content\/uploads\/2020\/10\/IMG-20201011-WA0001-768x373.jpg 768w, https:\/\/diariotextual.com\/inicio\/wp-content\/uploads\/2020\/10\/IMG-20201011-WA0001-1170x569.jpg 1170w, https:\/\/diariotextual.com\/inicio\/wp-content\/uploads\/2020\/10\/IMG-20201011-WA0001-585x284.jpg 585w, https:\/\/diariotextual.com\/inicio\/wp-content\/uploads\/2020\/10\/IMG-20201011-WA0001.jpg 1280w\" sizes=\"(max-width: 1024px) 100vw, 1024px\" \/><figcaption>A las 15.30 horas se concentraron en Arauz.<br><\/figcaption><\/figure>\n\n\n\n<p><strong>La situaci\u00f3n epidemiol\u00f3gica no es similar entre las localidades pampeanas y los pueblos o ciudades de las provincias vecinas: hay, por lo general, m\u00e1s casos en provincias vecinas.<\/strong><\/p>\n\n\n\n<p>En Realic\u00f3, por ejemplo, hay 11 casos activos, en tanto que en la cordobesa Huinca Renanc\u00f3 son 25.<\/p>\n\n\n\n<p>A su vez, en Catril\u00f3 no hay ning\u00fan caso -luego del brote que finamente pudo ser controlado al poner casi a medio pueblo en cuarentena estricta- y en Pellegrini tampoco. Pero en Trenque Lauquen son unos 60 activos.<\/p>\n\n\n\n<p>En Anchorena y en Arauz, a su vez, no hay casos activos. Pero en la vecina Bah\u00eda Blanca, si bien con una poblaci\u00f3n que equipara a toda La Pampa, hay 2095 casos activos -con un promedio diario en las \u00faltimas semanas de un centenar- y 90 fallecidos. <\/p>\n\n\n\n<p><\/p>\n\n\n\n<p><\/p>\n","protected":false},"excerpt":{"rendered":"<p>Una serie de manifestaciones se registraron en la tarde de este domingo en diversos puntos lim\u00edtrofes de La Pampa con C\u00f3rdoba y con Buenos Aires, en reclamo de la libre&hellip;<\/p>\n","protected":false},"author":3,"featured_media":115705,"comment_status":"closed","ping_status":"open","sticky":false,"template":"","format":"standard","meta":{"_acf_changed":false,"footnotes":""},"categories":[10,12],"tags":[1021],"class_list":["post-115699","post","type-post","status-publish","format-standard","has-post-thumbnail","hentry","category-portada-2","category-sociedad","tag-corte"],"acf":[],"yoast_head":"<!-- This site is optimized with the Yoast SEO plugin v27.5 - https:\/\/yoast.com\/product\/yoast-seo-wordpress\/ -->\n<title>Hubo marchas simult\u00e1neas por libre paso y sin cuarentena en Realic\u00f3, Catril\u00f3, Anchorena y Arauz - Diario Textual<\/title>\n<meta name=\"robots\" content=\"index, follow, max-snippet:-1, max-image-preview:large, max-video-preview:-1\" \/>\n<link rel=\"canonical\" href=\"https:\/\/diariotextual.com\/inicio\/index.php\/2020\/10\/11\/hubo-marchas-simultaneas-por-libre-paso-sin-cuarentena-en-realico-catrilo-anchorena-y-arauz\/\" \/>\n<meta property=\"og:locale\" content=\"es_ES\" \/>\n<meta property=\"og:type\" content=\"article\" \/>\n<meta property=\"og:title\" content=\"Hubo marchas simult\u00e1neas por libre paso y sin cuarentena en Realic\u00f3, Catril\u00f3, Anchorena y Arauz - Diario Textual\" \/>\n<meta property=\"og:description\" content=\"Una serie de manifestaciones se registraron en la tarde de este domingo en diversos puntos lim\u00edtrofes de La Pampa con C\u00f3rdoba y con Buenos Aires, en reclamo de la libre&hellip;\" \/>\n<meta property=\"og:url\" content=\"https:\/\/diariotextual.com\/inicio\/index.php\/2020\/10\/11\/hubo-marchas-simultaneas-por-libre-paso-sin-cuarentena-en-realico-catrilo-anchorena-y-arauz\/\" \/>\n<meta property=\"og:site_name\" content=\"Diario Textual\" \/>\n<meta property=\"article:publisher\" content=\"https:\/\/www.facebook.com\/eltextual\" \/>\n<meta property=\"article:published_time\" content=\"2020-10-11T20:47:57+00:00\" \/>\n<meta property=\"article:modified_time\" content=\"2020-10-12T00:22:23+00:00\" \/>\n<meta property=\"og:image\" content=\"https:\/\/diariotextual.com\/inicio\/wp-content\/uploads\/2020\/10\/cortemanifestacionrealicoinfotec2020-0001.jpg\" \/>\n\t<meta property=\"og:image:width\" content=\"1069\" \/>\n\t<meta property=\"og:image:height\" content=\"719\" \/>\n\t<meta property=\"og:image:type\" content=\"image\/jpeg\" \/>\n<meta name=\"author\" content=\"Diario1 Diario1\" \/>\n<meta name=\"twitter:card\" content=\"summary_large_image\" \/>\n<meta name=\"twitter:creator\" content=\"@eltextual\" \/>\n<meta name=\"twitter:site\" content=\"@eltextual\" \/>\n<meta name=\"twitter:label1\" content=\"Escrito por\" \/>\n\t<meta name=\"twitter:data1\" content=\"Diario1 Diario1\" \/>\n\t<meta name=\"twitter:label2\" content=\"Tiempo de lectura\" \/>\n\t<meta name=\"twitter:data2\" content=\"3 minutos\" \/>\n<script type=\"application\/ld+json\" class=\"yoast-schema-graph\">{\"@context\":\"https:\\\/\\\/schema.org\",\"@graph\":[{\"@type\":\"Article\",\"@id\":\"https:\\\/\\\/diariotextual.com\\\/inicio\\\/index.php\\\/2020\\\/10\\\/11\\\/hubo-marchas-simultaneas-por-libre-paso-sin-cuarentena-en-realico-catrilo-anchorena-y-arauz\\\/#article\",\"isPartOf\":{\"@id\":\"https:\\\/\\\/diariotextual.com\\\/inicio\\\/index.php\\\/2020\\\/10\\\/11\\\/hubo-marchas-simultaneas-por-libre-paso-sin-cuarentena-en-realico-catrilo-anchorena-y-arauz\\\/\"},\"author\":{\"name\":\"Diario1 Diario1\",\"@id\":\"https:\\\/\\\/diariotextual.com\\\/inicio\\\/#\\\/schema\\\/person\\\/418fc4093c33e86ed41562db3508f958\"},\"headline\":\"Hubo marchas simult\u00e1neas por libre paso y sin cuarentena en Realic\u00f3, Catril\u00f3, Anchorena y Arauz\",\"datePublished\":\"2020-10-11T20:47:57+00:00\",\"dateModified\":\"2020-10-12T00:22:23+00:00\",\"mainEntityOfPage\":{\"@id\":\"https:\\\/\\\/diariotextual.com\\\/inicio\\\/index.php\\\/2020\\\/10\\\/11\\\/hubo-marchas-simultaneas-por-libre-paso-sin-cuarentena-en-realico-catrilo-anchorena-y-arauz\\\/\"},\"wordCount\":684,\"publisher\":{\"@id\":\"https:\\\/\\\/diariotextual.com\\\/inicio\\\/#organization\"},\"image\":{\"@id\":\"https:\\\/\\\/diariotextual.com\\\/inicio\\\/index.php\\\/2020\\\/10\\\/11\\\/hubo-marchas-simultaneas-por-libre-paso-sin-cuarentena-en-realico-catrilo-anchorena-y-arauz\\\/#primaryimage\"},\"thumbnailUrl\":\"https:\\\/\\\/diariotextual.com\\\/inicio\\\/wp-content\\\/uploads\\\/2020\\\/10\\\/cortemanifestacionrealicoinfotec2020-0001.jpg\",\"keywords\":[\"Corte\"],\"articleSection\":[\"A - PORTADA2\",\"SOCIEDAD\"],\"inLanguage\":\"es\"},{\"@type\":\"WebPage\",\"@id\":\"https:\\\/\\\/diariotextual.com\\\/inicio\\\/index.php\\\/2020\\\/10\\\/11\\\/hubo-marchas-simultaneas-por-libre-paso-sin-cuarentena-en-realico-catrilo-anchorena-y-arauz\\\/\",\"url\":\"https:\\\/\\\/diariotextual.com\\\/inicio\\\/index.php\\\/2020\\\/10\\\/11\\\/hubo-marchas-simultaneas-por-libre-paso-sin-cuarentena-en-realico-catrilo-anchorena-y-arauz\\\/\",\"name\":\"Hubo marchas simult\u00e1neas por libre paso y sin cuarentena en Realic\u00f3, Catril\u00f3, Anchorena y Arauz - Diario Textual\",\"isPartOf\":{\"@id\":\"https:\\\/\\\/diariotextual.com\\\/inicio\\\/#website\"},\"primaryImageOfPage\":{\"@id\":\"https:\\\/\\\/diariotextual.com\\\/inicio\\\/index.php\\\/2020\\\/10\\\/11\\\/hubo-marchas-simultaneas-por-libre-paso-sin-cuarentena-en-realico-catrilo-anchorena-y-arauz\\\/#primaryimage\"},\"image\":{\"@id\":\"https:\\\/\\\/diariotextual.com\\\/inicio\\\/index.php\\\/2020\\\/10\\\/11\\\/hubo-marchas-simultaneas-por-libre-paso-sin-cuarentena-en-realico-catrilo-anchorena-y-arauz\\\/#primaryimage\"},\"thumbnailUrl\":\"https:\\\/\\\/diariotextual.com\\\/inicio\\\/wp-content\\\/uploads\\\/2020\\\/10\\\/cortemanifestacionrealicoinfotec2020-0001.jpg\",\"datePublished\":\"2020-10-11T20:47:57+00:00\",\"dateModified\":\"2020-10-12T00:22:23+00:00\",\"breadcrumb\":{\"@id\":\"https:\\\/\\\/diariotextual.com\\\/inicio\\\/index.php\\\/2020\\\/10\\\/11\\\/hubo-marchas-simultaneas-por-libre-paso-sin-cuarentena-en-realico-catrilo-anchorena-y-arauz\\\/#breadcrumb\"},\"inLanguage\":\"es\",\"potentialAction\":[{\"@type\":\"ReadAction\",\"target\":[\"https:\\\/\\\/diariotextual.com\\\/inicio\\\/index.php\\\/2020\\\/10\\\/11\\\/hubo-marchas-simultaneas-por-libre-paso-sin-cuarentena-en-realico-catrilo-anchorena-y-arauz\\\/\"]}]},{\"@type\":\"ImageObject\",\"inLanguage\":\"es\",\"@id\":\"https:\\\/\\\/diariotextual.com\\\/inicio\\\/index.php\\\/2020\\\/10\\\/11\\\/hubo-marchas-simultaneas-por-libre-paso-sin-cuarentena-en-realico-catrilo-anchorena-y-arauz\\\/#primaryimage\",\"url\":\"https:\\\/\\\/diariotextual.com\\\/inicio\\\/wp-content\\\/uploads\\\/2020\\\/10\\\/cortemanifestacionrealicoinfotec2020-0001.jpg\",\"contentUrl\":\"https:\\\/\\\/diariotextual.com\\\/inicio\\\/wp-content\\\/uploads\\\/2020\\\/10\\\/cortemanifestacionrealicoinfotec2020-0001.jpg\",\"width\":1069,\"height\":719},{\"@type\":\"BreadcrumbList\",\"@id\":\"https:\\\/\\\/diariotextual.com\\\/inicio\\\/index.php\\\/2020\\\/10\\\/11\\\/hubo-marchas-simultaneas-por-libre-paso-sin-cuarentena-en-realico-catrilo-anchorena-y-arauz\\\/#breadcrumb\",\"itemListElement\":[{\"@type\":\"ListItem\",\"position\":1,\"name\":\"Portada\",\"item\":\"https:\\\/\\\/diariotextual.com\\\/inicio\\\/\"},{\"@type\":\"ListItem\",\"position\":2,\"name\":\"Hubo marchas simult\u00e1neas por libre paso y sin cuarentena en Realic\u00f3, Catril\u00f3, Anchorena y Arauz\"}]},{\"@type\":\"WebSite\",\"@id\":\"https:\\\/\\\/diariotextual.com\\\/inicio\\\/#website\",\"url\":\"https:\\\/\\\/diariotextual.com\\\/inicio\\\/\",\"name\":\"Diario Textual\",\"description\":\"\",\"publisher\":{\"@id\":\"https:\\\/\\\/diariotextual.com\\\/inicio\\\/#organization\"},\"potentialAction\":[{\"@type\":\"SearchAction\",\"target\":{\"@type\":\"EntryPoint\",\"urlTemplate\":\"https:\\\/\\\/diariotextual.com\\\/inicio\\\/?s={search_term_string}\"},\"query-input\":{\"@type\":\"PropertyValueSpecification\",\"valueRequired\":true,\"valueName\":\"search_term_string\"}}],\"inLanguage\":\"es\"},{\"@type\":\"Organization\",\"@id\":\"https:\\\/\\\/diariotextual.com\\\/inicio\\\/#organization\",\"name\":\"Diario Textual\",\"url\":\"https:\\\/\\\/diariotextual.com\\\/inicio\\\/\",\"logo\":{\"@type\":\"ImageObject\",\"inLanguage\":\"es\",\"@id\":\"https:\\\/\\\/diariotextual.com\\\/inicio\\\/#\\\/schema\\\/logo\\\/image\\\/\",\"url\":\"https:\\\/\\\/diariotextual.com\\\/inicio\\\/wp-content\\\/uploads\\\/2023\\\/05\\\/logotextual1.jpg\",\"contentUrl\":\"https:\\\/\\\/diariotextual.com\\\/inicio\\\/wp-content\\\/uploads\\\/2023\\\/05\\\/logotextual1.jpg\",\"width\":516,\"height\":76,\"caption\":\"Diario Textual\"},\"image\":{\"@id\":\"https:\\\/\\\/diariotextual.com\\\/inicio\\\/#\\\/schema\\\/logo\\\/image\\\/\"},\"sameAs\":[\"https:\\\/\\\/www.facebook.com\\\/eltextual\",\"https:\\\/\\\/x.com\\\/eltextual\",\"http:\\\/\\\/www.instagram.com\\\/eltextual\"]},{\"@type\":\"Person\",\"@id\":\"https:\\\/\\\/diariotextual.com\\\/inicio\\\/#\\\/schema\\\/person\\\/418fc4093c33e86ed41562db3508f958\",\"name\":\"Diario1 Diario1\",\"image\":{\"@type\":\"ImageObject\",\"inLanguage\":\"es\",\"@id\":\"https:\\\/\\\/secure.gravatar.com\\\/avatar\\\/9167d280179c85bc18be67aa7eda765854300033af4896dd779b608640f2ef7a?s=96&d=mm&r=g\",\"url\":\"https:\\\/\\\/secure.gravatar.com\\\/avatar\\\/9167d280179c85bc18be67aa7eda765854300033af4896dd779b608640f2ef7a?s=96&d=mm&r=g\",\"contentUrl\":\"https:\\\/\\\/secure.gravatar.com\\\/avatar\\\/9167d280179c85bc18be67aa7eda765854300033af4896dd779b608640f2ef7a?s=96&d=mm&r=g\",\"caption\":\"Diario1 Diario1\"},\"url\":\"https:\\\/\\\/diariotextual.com\\\/inicio\\\/index.php\\\/author\\\/diario1\\\/\"}]}<\/script>\n<!-- \/ Yoast SEO plugin. -->","yoast_head_json":{"title":"Hubo marchas simult\u00e1neas por libre paso y sin cuarentena en Realic\u00f3, Catril\u00f3, Anchorena y Arauz - Diario Textual","robots":{"index":"index","follow":"follow","max-snippet":"max-snippet:-1","max-image-preview":"max-image-preview:large","max-video-preview":"max-video-preview:-1"},"canonical":"https:\/\/diariotextual.com\/inicio\/index.php\/2020\/10\/11\/hubo-marchas-simultaneas-por-libre-paso-sin-cuarentena-en-realico-catrilo-anchorena-y-arauz\/","og_locale":"es_ES","og_type":"article","og_title":"Hubo marchas simult\u00e1neas por libre paso y sin cuarentena en Realic\u00f3, Catril\u00f3, Anchorena y Arauz - Diario Textual","og_description":"Una serie de manifestaciones se registraron en la tarde de este domingo en diversos puntos lim\u00edtrofes de La Pampa con C\u00f3rdoba y con Buenos Aires, en reclamo de la libre&hellip;","og_url":"https:\/\/diariotextual.com\/inicio\/index.php\/2020\/10\/11\/hubo-marchas-simultaneas-por-libre-paso-sin-cuarentena-en-realico-catrilo-anchorena-y-arauz\/","og_site_name":"Diario Textual","article_publisher":"https:\/\/www.facebook.com\/eltextual","article_published_time":"2020-10-11T20:47:57+00:00","article_modified_time":"2020-10-12T00:22:23+00:00","og_image":[{"width":1069,"height":719,"url":"https:\/\/diariotextual.com\/inicio\/wp-content\/uploads\/2020\/10\/cortemanifestacionrealicoinfotec2020-0001.jpg","type":"image\/jpeg"}],"author":"Diario1 Diario1","twitter_card":"summary_large_image","twitter_creator":"@eltextual","twitter_site":"@eltextual","twitter_misc":{"Escrito por":"Diario1 Diario1","Tiempo de lectura":"3 minutos"},"schema":{"@context":"https:\/\/schema.org","@graph":[{"@type":"Article","@id":"https:\/\/diariotextual.com\/inicio\/index.php\/2020\/10\/11\/hubo-marchas-simultaneas-por-libre-paso-sin-cuarentena-en-realico-catrilo-anchorena-y-arauz\/#article","isPartOf":{"@id":"https:\/\/diariotextual.com\/inicio\/index.php\/2020\/10\/11\/hubo-marchas-simultaneas-por-libre-paso-sin-cuarentena-en-realico-catrilo-anchorena-y-arauz\/"},"author":{"name":"Diario1 Diario1","@id":"https:\/\/diariotextual.com\/inicio\/#\/schema\/person\/418fc4093c33e86ed41562db3508f958"},"headline":"Hubo marchas simult\u00e1neas por libre paso y sin cuarentena en Realic\u00f3, Catril\u00f3, Anchorena y Arauz","datePublished":"2020-10-11T20:47:57+00:00","dateModified":"2020-10-12T00:22:23+00:00","mainEntityOfPage":{"@id":"https:\/\/diariotextual.com\/inicio\/index.php\/2020\/10\/11\/hubo-marchas-simultaneas-por-libre-paso-sin-cuarentena-en-realico-catrilo-anchorena-y-arauz\/"},"wordCount":684,"publisher":{"@id":"https:\/\/diariotextual.com\/inicio\/#organization"},"image":{"@id":"https:\/\/diariotextual.com\/inicio\/index.php\/2020\/10\/11\/hubo-marchas-simultaneas-por-libre-paso-sin-cuarentena-en-realico-catrilo-anchorena-y-arauz\/#primaryimage"},"thumbnailUrl":"https:\/\/diariotextual.com\/inicio\/wp-content\/uploads\/2020\/10\/cortemanifestacionrealicoinfotec2020-0001.jpg","keywords":["Corte"],"articleSection":["A - PORTADA2","SOCIEDAD"],"inLanguage":"es"},{"@type":"WebPage","@id":"https:\/\/diariotextual.com\/inicio\/index.php\/2020\/10\/11\/hubo-marchas-simultaneas-por-libre-paso-sin-cuarentena-en-realico-catrilo-anchorena-y-arauz\/","url":"https:\/\/diariotextual.com\/inicio\/index.php\/2020\/10\/11\/hubo-marchas-simultaneas-por-libre-paso-sin-cuarentena-en-realico-catrilo-anchorena-y-arauz\/","name":"Hubo marchas simult\u00e1neas por libre paso y sin cuarentena en Realic\u00f3, Catril\u00f3, Anchorena y Arauz - Diario Textual","isPartOf":{"@id":"https:\/\/diariotextual.com\/inicio\/#website"},"primaryImageOfPage":{"@id":"https:\/\/diariotextual.com\/inicio\/index.php\/2020\/10\/11\/hubo-marchas-simultaneas-por-libre-paso-sin-cuarentena-en-realico-catrilo-anchorena-y-arauz\/#primaryimage"},"image":{"@id":"https:\/\/diariotextual.com\/inicio\/index.php\/2020\/10\/11\/hubo-marchas-simultaneas-por-libre-paso-sin-cuarentena-en-realico-catrilo-anchorena-y-arauz\/#primaryimage"},"thumbnailUrl":"https:\/\/diariotextual.com\/inicio\/wp-content\/uploads\/2020\/10\/cortemanifestacionrealicoinfotec2020-0001.jpg","datePublished":"2020-10-11T20:47:57+00:00","dateModified":"2020-10-12T00:22:23+00:00","breadcrumb":{"@id":"https:\/\/diariotextual.com\/inicio\/index.php\/2020\/10\/11\/hubo-marchas-simultaneas-por-libre-paso-sin-cuarentena-en-realico-catrilo-anchorena-y-arauz\/#breadcrumb"},"inLanguage":"es","potentialAction":[{"@type":"ReadAction","target":["https:\/\/diariotextual.com\/inicio\/index.php\/2020\/10\/11\/hubo-marchas-simultaneas-por-libre-paso-sin-cuarentena-en-realico-catrilo-anchorena-y-arauz\/"]}]},{"@type":"ImageObject","inLanguage":"es","@id":"https:\/\/diariotextual.com\/inicio\/index.php\/2020\/10\/11\/hubo-marchas-simultaneas-por-libre-paso-sin-cuarentena-en-realico-catrilo-anchorena-y-arauz\/#primaryimage","url":"https:\/\/diariotextual.com\/inicio\/wp-content\/uploads\/2020\/10\/cortemanifestacionrealicoinfotec2020-0001.jpg","contentUrl":"https:\/\/diariotextual.com\/inicio\/wp-content\/uploads\/2020\/10\/cortemanifestacionrealicoinfotec2020-0001.jpg","width":1069,"height":719},{"@type":"BreadcrumbList","@id":"https:\/\/diariotextual.com\/inicio\/index.php\/2020\/10\/11\/hubo-marchas-simultaneas-por-libre-paso-sin-cuarentena-en-realico-catrilo-anchorena-y-arauz\/#breadcrumb","itemListElement":[{"@type":"ListItem","position":1,"name":"Portada","item":"https:\/\/diariotextual.com\/inicio\/"},{"@type":"ListItem","position":2,"name":"Hubo marchas simult\u00e1neas por libre paso y sin cuarentena en Realic\u00f3, Catril\u00f3, Anchorena y Arauz"}]},{"@type":"WebSite","@id":"https:\/\/diariotextual.com\/inicio\/#website","url":"https:\/\/diariotextual.com\/inicio\/","name":"Diario Textual","description":"","publisher":{"@id":"https:\/\/diariotextual.com\/inicio\/#organization"},"potentialAction":[{"@type":"SearchAction","target":{"@type":"EntryPoint","urlTemplate":"https:\/\/diariotextual.com\/inicio\/?s={search_term_string}"},"query-input":{"@type":"PropertyValueSpecification","valueRequired":true,"valueName":"search_term_string"}}],"inLanguage":"es"},{"@type":"Organization","@id":"https:\/\/diariotextual.com\/inicio\/#organization","name":"Diario Textual","url":"https:\/\/diariotextual.com\/inicio\/","logo":{"@type":"ImageObject","inLanguage":"es","@id":"https:\/\/diariotextual.com\/inicio\/#\/schema\/logo\/image\/","url":"https:\/\/diariotextual.com\/inicio\/wp-content\/uploads\/2023\/05\/logotextual1.jpg","contentUrl":"https:\/\/diariotextual.com\/inicio\/wp-content\/uploads\/2023\/05\/logotextual1.jpg","width":516,"height":76,"caption":"Diario Textual"},"image":{"@id":"https:\/\/diariotextual.com\/inicio\/#\/schema\/logo\/image\/"},"sameAs":["https:\/\/www.facebook.com\/eltextual","https:\/\/x.com\/eltextual","http:\/\/www.instagram.com\/eltextual"]},{"@type":"Person","@id":"https:\/\/diariotextual.com\/inicio\/#\/schema\/person\/418fc4093c33e86ed41562db3508f958","name":"Diario1 Diario1","image":{"@type":"ImageObject","inLanguage":"es","@id":"https:\/\/secure.gravatar.com\/avatar\/9167d280179c85bc18be67aa7eda765854300033af4896dd779b608640f2ef7a?s=96&d=mm&r=g","url":"https:\/\/secure.gravatar.com\/avatar\/9167d280179c85bc18be67aa7eda765854300033af4896dd779b608640f2ef7a?s=96&d=mm&r=g","contentUrl":"https:\/\/secure.gravatar.com\/avatar\/9167d280179c85bc18be67aa7eda765854300033af4896dd779b608640f2ef7a?s=96&d=mm&r=g","caption":"Diario1 Diario1"},"url":"https:\/\/diariotextual.com\/inicio\/index.php\/author\/diario1\/"}]}},"_links":{"self":[{"href":"https:\/\/diariotextual.com\/inicio\/index.php\/wp-json\/wp\/v2\/posts\/115699","targetHints":{"allow":["GET"]}}],"collection":[{"href":"https:\/\/diariotextual.com\/inicio\/index.php\/wp-json\/wp\/v2\/posts"}],"about":[{"href":"https:\/\/diariotextual.com\/inicio\/index.php\/wp-json\/wp\/v2\/types\/post"}],"author":[{"embeddable":true,"href":"https:\/\/diariotextual.com\/inicio\/index.php\/wp-json\/wp\/v2\/users\/3"}],"replies":[{"embeddable":true,"href":"https:\/\/diariotextual.com\/inicio\/index.php\/wp-json\/wp\/v2\/comments?post=115699"}],"version-history":[{"count":17,"href":"https:\/\/diariotextual.com\/inicio\/index.php\/wp-json\/wp\/v2\/posts\/115699\/revisions"}],"predecessor-version":[{"id":115794,"href":"https:\/\/diariotextual.com\/inicio\/index.php\/wp-json\/wp\/v2\/posts\/115699\/revisions\/115794"}],"wp:featuredmedia":[{"embeddable":true,"href":"https:\/\/diariotextual.com\/inicio\/index.php\/wp-json\/wp\/v2\/media\/115705"}],"wp:attachment":[{"href":"https:\/\/diariotextual.com\/inicio\/index.php\/wp-json\/wp\/v2\/media?parent=115699"}],"wp:term":[{"taxonomy":"category","embeddable":true,"href":"https:\/\/diariotextual.com\/inicio\/index.php\/wp-json\/wp\/v2\/categories?post=115699"},{"taxonomy":"post_tag","embeddable":true,"href":"https:\/\/diariotextual.com\/inicio\/index.php\/wp-json\/wp\/v2\/tags?post=115699"}],"curies":[{"name":"wp","href":"https:\/\/api.w.org\/{rel}","templated":true}]}}