{"id":115757,"date":"2020-10-11T20:48:16","date_gmt":"2020-10-11T23:48:16","guid":{"rendered":"http:\/\/diariotextual.com\/inicio\/?p=115757"},"modified":"2020-10-12T09:06:20","modified_gmt":"2020-10-12T12:06:20","slug":"una-funcionaria-del-ipav-positivo-de-covid","status":"publish","type":"post","link":"https:\/\/diariotextual.com\/inicio\/index.php\/2020\/10\/11\/una-funcionaria-del-ipav-positivo-de-covid\/","title":{"rendered":"Una funcionaria del Ipav, positivo de covid"},"content":{"rendered":"\n<p>Una gerenta del Instituto Provincial Aut\u00e1rquico de Viviendas (Ipav) dio <strong>positivo de coronavirus <\/strong>este domingo, confirmaron fuentes oficiales a <strong>Diario Textual<\/strong>.<\/p>\n\n\n\n<p>Romina Montes de Oca, gerenta del Promeba, ya se encuentra aislada<strong>. Tambi\u00e9n, preventivamente, fueron aislados el presidente del organismo, Jorge Lezcano, y otros gerentes, por ser contactos estrechos de Montes de Oca.<\/strong><\/p>\n\n\n\n<p>El gobernador&nbsp;<strong>Sergio Ziliotto<\/strong>&nbsp;y el equipo de salud est\u00e1n preocupados: este domingo hubo un salto de casos de coronavirus con<strong>&nbsp;82 nuevos contagios<\/strong>. De esta manera ya se acumularon, desde el inicio de la pandemia,&nbsp;<strong>1079 contagios<\/strong> en La Pampa.<\/p>\n\n\n\n<figure class=\"wp-block-embed-wordpress wp-block-embed is-type-wp-embed is-provider-diario-textual\"><div class=\"wp-block-embed__wrapper\">\n<blockquote class=\"wp-embedded-content\" data-secret=\"afqkJCsoZS\"><a href=\"http:\/\/diariotextual.com\/inicio\/index.php\/2020\/10\/11\/ziliotto-convoca-a-reunion-y-define-si-baja-a-fase-2-a-santa-rosa\/\">Por aumento de casos de covid, Ziliotto convoca a reuni\u00f3n y define si baja a Fase 2 a Santa Rosa<\/a><\/blockquote><iframe class=\"wp-embedded-content\" sandbox=\"allow-scripts\" security=\"restricted\" style=\"position: absolute; clip: rect(1px, 1px, 1px, 1px);\" title=\"\u00abPor aumento de casos de covid, Ziliotto convoca a reuni\u00f3n y define si baja a Fase 2 a Santa Rosa\u00bb \u2014 Diario Textual\" src=\"http:\/\/diariotextual.com\/inicio\/index.php\/2020\/10\/11\/ziliotto-convoca-a-reunion-y-define-si-baja-a-fase-2-a-santa-rosa\/embed\/#?secret=afqkJCsoZS\" data-secret=\"afqkJCsoZS\" width=\"600\" height=\"338\" frameborder=\"0\" marginwidth=\"0\" marginheight=\"0\" scrolling=\"no\"><\/iframe>\n<\/div><\/figure>\n\n\n\n<p>De los 82 positivos,<strong>&nbsp;58 personas tienen residencia en la ciudad de Santa Rosa, 7 en General Pico,4 en Trenel, 3 en Toay, 3 en Quem\u00fa Quem\u00fa, 2 en Winifreda, 2 de Intendente Alvear, 2 en Maisonnave y 1 en Realic\u00f3.<\/strong><\/p>\n\n\n\n<figure class=\"wp-block-embed-wordpress wp-block-embed is-type-wp-embed is-provider-diario-textual\"><div class=\"wp-block-embed__wrapper\">\n<blockquote class=\"wp-embedded-content\" data-secret=\"7MsCvOp0j5\"><a href=\"http:\/\/diariotextual.com\/inicio\/index.php\/2020\/10\/11\/preocupante-la-pampa-sumo-82-positivos-y-ya-supero-los-mil-casos-de-coronavirus\/\">Preocupante: La Pampa sum\u00f3 82 positivos y ya super\u00f3 los mil casos de coronavirus<\/a><\/blockquote><iframe class=\"wp-embedded-content\" sandbox=\"allow-scripts\" security=\"restricted\" style=\"position: absolute; clip: rect(1px, 1px, 1px, 1px);\" title=\"\u00abPreocupante: La Pampa sum\u00f3 82 positivos y ya super\u00f3 los mil casos de coronavirus\u00bb \u2014 Diario Textual\" src=\"http:\/\/diariotextual.com\/inicio\/index.php\/2020\/10\/11\/preocupante-la-pampa-sumo-82-positivos-y-ya-supero-los-mil-casos-de-coronavirus\/embed\/#?secret=7MsCvOp0j5\" data-secret=\"7MsCvOp0j5\" width=\"600\" height=\"338\" frameborder=\"0\" marginwidth=\"0\" marginheight=\"0\" scrolling=\"no\"><\/iframe>\n<\/div><\/figure>\n\n\n\n<p><br>Desde el inicio de la pandemia, en La Pampa se registraron un total de 1.079 casos positivos para Covid-19, de los cuales 349 permanecen activos, 11 han fallecido y 719 se han recuperado (entre estos \u00faltimos se encuentran 1 persona de Realic\u00f3, 1 de Santa Rosa, 2 de San Martin, 6 de Winifreda, 10 en Bernardo Larroud\u00e9 y 1 de Benasconi).<\/p>\n\n\n\n<p>Los casos confirmados activos est\u00e1n distribuidos de la siguiente manera:&nbsp;<strong>139 en la ciudad de Santa Rosa, 77 en General Pico, 30 en 25 de Mayo, 20 en Toay, 8 en Intendente Alvear, 2 en Bernardo Larroud\u00e9, 31 en Winifreda, 11 en Realic\u00f3, 1 en Bernasconi, 1 en Lonquimay, 3 en Embajador Martini, 2 en Macach\u00edn, 10 en Quem\u00fa Quem\u00fa, 3 en Ingeniero Luiggi, 1 Colonia Bar\u00f3n, 5 en Maisonave y 5 en Trenel.<\/strong><\/p>\n\n\n\n<figure class=\"wp-block-embed-wordpress wp-block-embed is-type-wp-embed is-provider-diario-textual\"><div class=\"wp-block-embed__wrapper\">\n<blockquote class=\"wp-embedded-content\" data-secret=\"mUYhYzd5O5\"><a href=\"http:\/\/diariotextual.com\/inicio\/index.php\/2020\/10\/11\/un-caso-de-covid-de-un-cartero-del-correo-argentino-de-santa-rosa\/\">Un caso de covid de un cartero del Correo Argentino de Santa Rosa<\/a><\/blockquote><iframe class=\"wp-embedded-content\" sandbox=\"allow-scripts\" security=\"restricted\" style=\"position: absolute; clip: rect(1px, 1px, 1px, 1px);\" title=\"\u00abUn caso de covid de un cartero del Correo Argentino de Santa Rosa\u00bb \u2014 Diario Textual\" src=\"http:\/\/diariotextual.com\/inicio\/index.php\/2020\/10\/11\/un-caso-de-covid-de-un-cartero-del-correo-argentino-de-santa-rosa\/embed\/#?secret=mUYhYzd5O5\" data-secret=\"mUYhYzd5O5\" width=\"600\" height=\"338\" frameborder=\"0\" marginwidth=\"0\" marginheight=\"0\" scrolling=\"no\"><\/iframe>\n<\/div><\/figure>\n","protected":false},"excerpt":{"rendered":"<p>Una gerenta del Instituto Provincial Aut\u00e1rquico de Viviendas (Ipav) dio positivo de coronavirus este domingo, confirmaron fuentes oficiales a Diario Textual. Romina Montes de Oca, gerenta del Promeba, ya se&hellip;<\/p>\n","protected":false},"author":3,"featured_media":110289,"comment_status":"closed","ping_status":"open","sticky":false,"template":"","format":"standard","meta":{"_acf_changed":false,"footnotes":""},"categories":[1,12],"tags":[564],"class_list":["post-115757","post","type-post","status-publish","format-standard","has-post-thumbnail","hentry","category-es-noticia","category-sociedad","tag-ipav"],"acf":[],"yoast_head":"<!-- This site is optimized with the Yoast SEO plugin v27.5 - https:\/\/yoast.com\/product\/yoast-seo-wordpress\/ -->\n<title>Una funcionaria del Ipav, positivo de covid - Diario Textual<\/title>\n<meta name=\"robots\" content=\"index, follow, max-snippet:-1, max-image-preview:large, max-video-preview:-1\" \/>\n<link rel=\"canonical\" href=\"https:\/\/diariotextual.com\/inicio\/index.php\/2020\/10\/11\/una-funcionaria-del-ipav-positivo-de-covid\/\" \/>\n<meta property=\"og:locale\" content=\"es_ES\" \/>\n<meta property=\"og:type\" content=\"article\" \/>\n<meta property=\"og:title\" content=\"Una funcionaria del Ipav, positivo de covid - Diario Textual\" \/>\n<meta property=\"og:description\" content=\"Una gerenta del Instituto Provincial Aut\u00e1rquico de Viviendas (Ipav) dio positivo de coronavirus este domingo, confirmaron fuentes oficiales a Diario Textual. Romina Montes de Oca, gerenta del Promeba, ya se&hellip;\" \/>\n<meta property=\"og:url\" content=\"https:\/\/diariotextual.com\/inicio\/index.php\/2020\/10\/11\/una-funcionaria-del-ipav-positivo-de-covid\/\" \/>\n<meta property=\"og:site_name\" content=\"Diario Textual\" \/>\n<meta property=\"article:publisher\" content=\"https:\/\/www.facebook.com\/eltextual\" \/>\n<meta property=\"article:published_time\" content=\"2020-10-11T23:48:16+00:00\" \/>\n<meta property=\"article:modified_time\" content=\"2020-10-12T12:06:20+00:00\" \/>\n<meta property=\"og:image\" content=\"https:\/\/diariotextual.com\/inicio\/wp-content\/uploads\/2020\/09\/coronatelam2333.jpg\" \/>\n\t<meta property=\"og:image:width\" content=\"900\" \/>\n\t<meta property=\"og:image:height\" content=\"507\" \/>\n\t<meta property=\"og:image:type\" content=\"image\/jpeg\" \/>\n<meta name=\"author\" content=\"Diario1 Diario1\" \/>\n<meta name=\"twitter:card\" content=\"summary_large_image\" \/>\n<meta name=\"twitter:creator\" content=\"@eltextual\" \/>\n<meta name=\"twitter:site\" content=\"@eltextual\" \/>\n<meta name=\"twitter:label1\" content=\"Escrito por\" \/>\n\t<meta name=\"twitter:data1\" content=\"Diario1 Diario1\" \/>\n\t<meta name=\"twitter:label2\" content=\"Tiempo de lectura\" \/>\n\t<meta name=\"twitter:data2\" content=\"1 minuto\" \/>\n<script type=\"application\/ld+json\" class=\"yoast-schema-graph\">{\"@context\":\"https:\\\/\\\/schema.org\",\"@graph\":[{\"@type\":\"Article\",\"@id\":\"https:\\\/\\\/diariotextual.com\\\/inicio\\\/index.php\\\/2020\\\/10\\\/11\\\/una-funcionaria-del-ipav-positivo-de-covid\\\/#article\",\"isPartOf\":{\"@id\":\"https:\\\/\\\/diariotextual.com\\\/inicio\\\/index.php\\\/2020\\\/10\\\/11\\\/una-funcionaria-del-ipav-positivo-de-covid\\\/\"},\"author\":{\"name\":\"Diario1 Diario1\",\"@id\":\"https:\\\/\\\/diariotextual.com\\\/inicio\\\/#\\\/schema\\\/person\\\/418fc4093c33e86ed41562db3508f958\"},\"headline\":\"Una funcionaria del Ipav, positivo de covid\",\"datePublished\":\"2020-10-11T23:48:16+00:00\",\"dateModified\":\"2020-10-12T12:06:20+00:00\",\"mainEntityOfPage\":{\"@id\":\"https:\\\/\\\/diariotextual.com\\\/inicio\\\/index.php\\\/2020\\\/10\\\/11\\\/una-funcionaria-del-ipav-positivo-de-covid\\\/\"},\"wordCount\":273,\"publisher\":{\"@id\":\"https:\\\/\\\/diariotextual.com\\\/inicio\\\/#organization\"},\"image\":{\"@id\":\"https:\\\/\\\/diariotextual.com\\\/inicio\\\/index.php\\\/2020\\\/10\\\/11\\\/una-funcionaria-del-ipav-positivo-de-covid\\\/#primaryimage\"},\"thumbnailUrl\":\"https:\\\/\\\/diariotextual.com\\\/inicio\\\/wp-content\\\/uploads\\\/2020\\\/09\\\/coronatelam2333.jpg\",\"keywords\":[\"ipav\"],\"articleSection\":[\"A - ES NOTICIA (van abajo)\",\"SOCIEDAD\"],\"inLanguage\":\"es\"},{\"@type\":\"WebPage\",\"@id\":\"https:\\\/\\\/diariotextual.com\\\/inicio\\\/index.php\\\/2020\\\/10\\\/11\\\/una-funcionaria-del-ipav-positivo-de-covid\\\/\",\"url\":\"https:\\\/\\\/diariotextual.com\\\/inicio\\\/index.php\\\/2020\\\/10\\\/11\\\/una-funcionaria-del-ipav-positivo-de-covid\\\/\",\"name\":\"Una funcionaria del Ipav, positivo de covid - Diario Textual\",\"isPartOf\":{\"@id\":\"https:\\\/\\\/diariotextual.com\\\/inicio\\\/#website\"},\"primaryImageOfPage\":{\"@id\":\"https:\\\/\\\/diariotextual.com\\\/inicio\\\/index.php\\\/2020\\\/10\\\/11\\\/una-funcionaria-del-ipav-positivo-de-covid\\\/#primaryimage\"},\"image\":{\"@id\":\"https:\\\/\\\/diariotextual.com\\\/inicio\\\/index.php\\\/2020\\\/10\\\/11\\\/una-funcionaria-del-ipav-positivo-de-covid\\\/#primaryimage\"},\"thumbnailUrl\":\"https:\\\/\\\/diariotextual.com\\\/inicio\\\/wp-content\\\/uploads\\\/2020\\\/09\\\/coronatelam2333.jpg\",\"datePublished\":\"2020-10-11T23:48:16+00:00\",\"dateModified\":\"2020-10-12T12:06:20+00:00\",\"breadcrumb\":{\"@id\":\"https:\\\/\\\/diariotextual.com\\\/inicio\\\/index.php\\\/2020\\\/10\\\/11\\\/una-funcionaria-del-ipav-positivo-de-covid\\\/#breadcrumb\"},\"inLanguage\":\"es\",\"potentialAction\":[{\"@type\":\"ReadAction\",\"target\":[\"https:\\\/\\\/diariotextual.com\\\/inicio\\\/index.php\\\/2020\\\/10\\\/11\\\/una-funcionaria-del-ipav-positivo-de-covid\\\/\"]}]},{\"@type\":\"ImageObject\",\"inLanguage\":\"es\",\"@id\":\"https:\\\/\\\/diariotextual.com\\\/inicio\\\/index.php\\\/2020\\\/10\\\/11\\\/una-funcionaria-del-ipav-positivo-de-covid\\\/#primaryimage\",\"url\":\"https:\\\/\\\/diariotextual.com\\\/inicio\\\/wp-content\\\/uploads\\\/2020\\\/09\\\/coronatelam2333.jpg\",\"contentUrl\":\"https:\\\/\\\/diariotextual.com\\\/inicio\\\/wp-content\\\/uploads\\\/2020\\\/09\\\/coronatelam2333.jpg\",\"width\":900,\"height\":507},{\"@type\":\"BreadcrumbList\",\"@id\":\"https:\\\/\\\/diariotextual.com\\\/inicio\\\/index.php\\\/2020\\\/10\\\/11\\\/una-funcionaria-del-ipav-positivo-de-covid\\\/#breadcrumb\",\"itemListElement\":[{\"@type\":\"ListItem\",\"position\":1,\"name\":\"Portada\",\"item\":\"https:\\\/\\\/diariotextual.com\\\/inicio\\\/\"},{\"@type\":\"ListItem\",\"position\":2,\"name\":\"Una funcionaria del Ipav, positivo de covid\"}]},{\"@type\":\"WebSite\",\"@id\":\"https:\\\/\\\/diariotextual.com\\\/inicio\\\/#website\",\"url\":\"https:\\\/\\\/diariotextual.com\\\/inicio\\\/\",\"name\":\"Diario Textual\",\"description\":\"\",\"publisher\":{\"@id\":\"https:\\\/\\\/diariotextual.com\\\/inicio\\\/#organization\"},\"potentialAction\":[{\"@type\":\"SearchAction\",\"target\":{\"@type\":\"EntryPoint\",\"urlTemplate\":\"https:\\\/\\\/diariotextual.com\\\/inicio\\\/?s={search_term_string}\"},\"query-input\":{\"@type\":\"PropertyValueSpecification\",\"valueRequired\":true,\"valueName\":\"search_term_string\"}}],\"inLanguage\":\"es\"},{\"@type\":\"Organization\",\"@id\":\"https:\\\/\\\/diariotextual.com\\\/inicio\\\/#organization\",\"name\":\"Diario Textual\",\"url\":\"https:\\\/\\\/diariotextual.com\\\/inicio\\\/\",\"logo\":{\"@type\":\"ImageObject\",\"inLanguage\":\"es\",\"@id\":\"https:\\\/\\\/diariotextual.com\\\/inicio\\\/#\\\/schema\\\/logo\\\/image\\\/\",\"url\":\"https:\\\/\\\/diariotextual.com\\\/inicio\\\/wp-content\\\/uploads\\\/2023\\\/05\\\/logotextual1.jpg\",\"contentUrl\":\"https:\\\/\\\/diariotextual.com\\\/inicio\\\/wp-content\\\/uploads\\\/2023\\\/05\\\/logotextual1.jpg\",\"width\":516,\"height\":76,\"caption\":\"Diario Textual\"},\"image\":{\"@id\":\"https:\\\/\\\/diariotextual.com\\\/inicio\\\/#\\\/schema\\\/logo\\\/image\\\/\"},\"sameAs\":[\"https:\\\/\\\/www.facebook.com\\\/eltextual\",\"https:\\\/\\\/x.com\\\/eltextual\",\"http:\\\/\\\/www.instagram.com\\\/eltextual\"]},{\"@type\":\"Person\",\"@id\":\"https:\\\/\\\/diariotextual.com\\\/inicio\\\/#\\\/schema\\\/person\\\/418fc4093c33e86ed41562db3508f958\",\"name\":\"Diario1 Diario1\",\"image\":{\"@type\":\"ImageObject\",\"inLanguage\":\"es\",\"@id\":\"https:\\\/\\\/secure.gravatar.com\\\/avatar\\\/9167d280179c85bc18be67aa7eda765854300033af4896dd779b608640f2ef7a?s=96&d=mm&r=g\",\"url\":\"https:\\\/\\\/secure.gravatar.com\\\/avatar\\\/9167d280179c85bc18be67aa7eda765854300033af4896dd779b608640f2ef7a?s=96&d=mm&r=g\",\"contentUrl\":\"https:\\\/\\\/secure.gravatar.com\\\/avatar\\\/9167d280179c85bc18be67aa7eda765854300033af4896dd779b608640f2ef7a?s=96&d=mm&r=g\",\"caption\":\"Diario1 Diario1\"},\"url\":\"https:\\\/\\\/diariotextual.com\\\/inicio\\\/index.php\\\/author\\\/diario1\\\/\"}]}<\/script>\n<!-- \/ Yoast SEO plugin. -->","yoast_head_json":{"title":"Una funcionaria del Ipav, positivo de covid - Diario Textual","robots":{"index":"index","follow":"follow","max-snippet":"max-snippet:-1","max-image-preview":"max-image-preview:large","max-video-preview":"max-video-preview:-1"},"canonical":"https:\/\/diariotextual.com\/inicio\/index.php\/2020\/10\/11\/una-funcionaria-del-ipav-positivo-de-covid\/","og_locale":"es_ES","og_type":"article","og_title":"Una funcionaria del Ipav, positivo de covid - Diario Textual","og_description":"Una gerenta del Instituto Provincial Aut\u00e1rquico de Viviendas (Ipav) dio positivo de coronavirus este domingo, confirmaron fuentes oficiales a Diario Textual. Romina Montes de Oca, gerenta del Promeba, ya se&hellip;","og_url":"https:\/\/diariotextual.com\/inicio\/index.php\/2020\/10\/11\/una-funcionaria-del-ipav-positivo-de-covid\/","og_site_name":"Diario Textual","article_publisher":"https:\/\/www.facebook.com\/eltextual","article_published_time":"2020-10-11T23:48:16+00:00","article_modified_time":"2020-10-12T12:06:20+00:00","og_image":[{"width":900,"height":507,"url":"https:\/\/diariotextual.com\/inicio\/wp-content\/uploads\/2020\/09\/coronatelam2333.jpg","type":"image\/jpeg"}],"author":"Diario1 Diario1","twitter_card":"summary_large_image","twitter_creator":"@eltextual","twitter_site":"@eltextual","twitter_misc":{"Escrito por":"Diario1 Diario1","Tiempo de lectura":"1 minuto"},"schema":{"@context":"https:\/\/schema.org","@graph":[{"@type":"Article","@id":"https:\/\/diariotextual.com\/inicio\/index.php\/2020\/10\/11\/una-funcionaria-del-ipav-positivo-de-covid\/#article","isPartOf":{"@id":"https:\/\/diariotextual.com\/inicio\/index.php\/2020\/10\/11\/una-funcionaria-del-ipav-positivo-de-covid\/"},"author":{"name":"Diario1 Diario1","@id":"https:\/\/diariotextual.com\/inicio\/#\/schema\/person\/418fc4093c33e86ed41562db3508f958"},"headline":"Una funcionaria del Ipav, positivo de covid","datePublished":"2020-10-11T23:48:16+00:00","dateModified":"2020-10-12T12:06:20+00:00","mainEntityOfPage":{"@id":"https:\/\/diariotextual.com\/inicio\/index.php\/2020\/10\/11\/una-funcionaria-del-ipav-positivo-de-covid\/"},"wordCount":273,"publisher":{"@id":"https:\/\/diariotextual.com\/inicio\/#organization"},"image":{"@id":"https:\/\/diariotextual.com\/inicio\/index.php\/2020\/10\/11\/una-funcionaria-del-ipav-positivo-de-covid\/#primaryimage"},"thumbnailUrl":"https:\/\/diariotextual.com\/inicio\/wp-content\/uploads\/2020\/09\/coronatelam2333.jpg","keywords":["ipav"],"articleSection":["A - ES NOTICIA (van abajo)","SOCIEDAD"],"inLanguage":"es"},{"@type":"WebPage","@id":"https:\/\/diariotextual.com\/inicio\/index.php\/2020\/10\/11\/una-funcionaria-del-ipav-positivo-de-covid\/","url":"https:\/\/diariotextual.com\/inicio\/index.php\/2020\/10\/11\/una-funcionaria-del-ipav-positivo-de-covid\/","name":"Una funcionaria del Ipav, positivo de covid - Diario Textual","isPartOf":{"@id":"https:\/\/diariotextual.com\/inicio\/#website"},"primaryImageOfPage":{"@id":"https:\/\/diariotextual.com\/inicio\/index.php\/2020\/10\/11\/una-funcionaria-del-ipav-positivo-de-covid\/#primaryimage"},"image":{"@id":"https:\/\/diariotextual.com\/inicio\/index.php\/2020\/10\/11\/una-funcionaria-del-ipav-positivo-de-covid\/#primaryimage"},"thumbnailUrl":"https:\/\/diariotextual.com\/inicio\/wp-content\/uploads\/2020\/09\/coronatelam2333.jpg","datePublished":"2020-10-11T23:48:16+00:00","dateModified":"2020-10-12T12:06:20+00:00","breadcrumb":{"@id":"https:\/\/diariotextual.com\/inicio\/index.php\/2020\/10\/11\/una-funcionaria-del-ipav-positivo-de-covid\/#breadcrumb"},"inLanguage":"es","potentialAction":[{"@type":"ReadAction","target":["https:\/\/diariotextual.com\/inicio\/index.php\/2020\/10\/11\/una-funcionaria-del-ipav-positivo-de-covid\/"]}]},{"@type":"ImageObject","inLanguage":"es","@id":"https:\/\/diariotextual.com\/inicio\/index.php\/2020\/10\/11\/una-funcionaria-del-ipav-positivo-de-covid\/#primaryimage","url":"https:\/\/diariotextual.com\/inicio\/wp-content\/uploads\/2020\/09\/coronatelam2333.jpg","contentUrl":"https:\/\/diariotextual.com\/inicio\/wp-content\/uploads\/2020\/09\/coronatelam2333.jpg","width":900,"height":507},{"@type":"BreadcrumbList","@id":"https:\/\/diariotextual.com\/inicio\/index.php\/2020\/10\/11\/una-funcionaria-del-ipav-positivo-de-covid\/#breadcrumb","itemListElement":[{"@type":"ListItem","position":1,"name":"Portada","item":"https:\/\/diariotextual.com\/inicio\/"},{"@type":"ListItem","position":2,"name":"Una funcionaria del Ipav, positivo de covid"}]},{"@type":"WebSite","@id":"https:\/\/diariotextual.com\/inicio\/#website","url":"https:\/\/diariotextual.com\/inicio\/","name":"Diario Textual","description":"","publisher":{"@id":"https:\/\/diariotextual.com\/inicio\/#organization"},"potentialAction":[{"@type":"SearchAction","target":{"@type":"EntryPoint","urlTemplate":"https:\/\/diariotextual.com\/inicio\/?s={search_term_string}"},"query-input":{"@type":"PropertyValueSpecification","valueRequired":true,"valueName":"search_term_string"}}],"inLanguage":"es"},{"@type":"Organization","@id":"https:\/\/diariotextual.com\/inicio\/#organization","name":"Diario Textual","url":"https:\/\/diariotextual.com\/inicio\/","logo":{"@type":"ImageObject","inLanguage":"es","@id":"https:\/\/diariotextual.com\/inicio\/#\/schema\/logo\/image\/","url":"https:\/\/diariotextual.com\/inicio\/wp-content\/uploads\/2023\/05\/logotextual1.jpg","contentUrl":"https:\/\/diariotextual.com\/inicio\/wp-content\/uploads\/2023\/05\/logotextual1.jpg","width":516,"height":76,"caption":"Diario Textual"},"image":{"@id":"https:\/\/diariotextual.com\/inicio\/#\/schema\/logo\/image\/"},"sameAs":["https:\/\/www.facebook.com\/eltextual","https:\/\/x.com\/eltextual","http:\/\/www.instagram.com\/eltextual"]},{"@type":"Person","@id":"https:\/\/diariotextual.com\/inicio\/#\/schema\/person\/418fc4093c33e86ed41562db3508f958","name":"Diario1 Diario1","image":{"@type":"ImageObject","inLanguage":"es","@id":"https:\/\/secure.gravatar.com\/avatar\/9167d280179c85bc18be67aa7eda765854300033af4896dd779b608640f2ef7a?s=96&d=mm&r=g","url":"https:\/\/secure.gravatar.com\/avatar\/9167d280179c85bc18be67aa7eda765854300033af4896dd779b608640f2ef7a?s=96&d=mm&r=g","contentUrl":"https:\/\/secure.gravatar.com\/avatar\/9167d280179c85bc18be67aa7eda765854300033af4896dd779b608640f2ef7a?s=96&d=mm&r=g","caption":"Diario1 Diario1"},"url":"https:\/\/diariotextual.com\/inicio\/index.php\/author\/diario1\/"}]}},"_links":{"self":[{"href":"https:\/\/diariotextual.com\/inicio\/index.php\/wp-json\/wp\/v2\/posts\/115757","targetHints":{"allow":["GET"]}}],"collection":[{"href":"https:\/\/diariotextual.com\/inicio\/index.php\/wp-json\/wp\/v2\/posts"}],"about":[{"href":"https:\/\/diariotextual.com\/inicio\/index.php\/wp-json\/wp\/v2\/types\/post"}],"author":[{"embeddable":true,"href":"https:\/\/diariotextual.com\/inicio\/index.php\/wp-json\/wp\/v2\/users\/3"}],"replies":[{"embeddable":true,"href":"https:\/\/diariotextual.com\/inicio\/index.php\/wp-json\/wp\/v2\/comments?post=115757"}],"version-history":[{"count":4,"href":"https:\/\/diariotextual.com\/inicio\/index.php\/wp-json\/wp\/v2\/posts\/115757\/revisions"}],"predecessor-version":[{"id":115803,"href":"https:\/\/diariotextual.com\/inicio\/index.php\/wp-json\/wp\/v2\/posts\/115757\/revisions\/115803"}],"wp:featuredmedia":[{"embeddable":true,"href":"https:\/\/diariotextual.com\/inicio\/index.php\/wp-json\/wp\/v2\/media\/110289"}],"wp:attachment":[{"href":"https:\/\/diariotextual.com\/inicio\/index.php\/wp-json\/wp\/v2\/media?parent=115757"}],"wp:term":[{"taxonomy":"category","embeddable":true,"href":"https:\/\/diariotextual.com\/inicio\/index.php\/wp-json\/wp\/v2\/categories?post=115757"},{"taxonomy":"post_tag","embeddable":true,"href":"https:\/\/diariotextual.com\/inicio\/index.php\/wp-json\/wp\/v2\/tags?post=115757"}],"curies":[{"name":"wp","href":"https:\/\/api.w.org\/{rel}","templated":true}]}}