{"id":115779,"date":"2020-10-11T21:11:13","date_gmt":"2020-10-12T00:11:13","guid":{"rendered":"http:\/\/diariotextual.com\/inicio\/?p=115779"},"modified":"2020-10-12T12:29:15","modified_gmt":"2020-10-12T15:29:15","slug":"ziliotto-convoca-a-reunion-y-define-si-baja-a-fase-2-a-santa-rosa","status":"publish","type":"post","link":"https:\/\/diariotextual.com\/inicio\/index.php\/2020\/10\/11\/ziliotto-convoca-a-reunion-y-define-si-baja-a-fase-2-a-santa-rosa\/","title":{"rendered":"Por aumento de casos de covid, definen si bajan a Fase 2 a Santa Rosa"},"content":{"rendered":"\n<p><strong>Sergio Ziliotto<\/strong> recibi\u00f3 este domingo los datos de los nuevos casos de coronavirus y se alarm\u00f3:<strong> <a rel=\"noreferrer noopener\" href=\"http:\/\/diariotextual.com\/inicio\/index.php\/2020\/10\/11\/alerta-por-el-salto-de-casos-de-covid-en-santa-rosa-ya-hay-139-activos\/\" target=\"_blank\">Santa Rosa sum\u00f3 58 nuevos contagios<\/a><\/strong>. Por eso el gobernador <strong>decidi\u00f3 convocar a una reuni\u00f3n este lunes para analizar qu\u00e9 medidas tomar\u00e1<\/strong>, pudo confirmar <strong>Diario Textual <\/strong>de fuentes de Casa de Gobierno.<strong> Hay quienes descuentan que analiza regresar de la Fase 5 a la Fase 2 del aislamiento a la capital provincial<\/strong>, con el fin de intentar <strong>contener el brote<\/strong>.<\/p>\n\n\n\n<p><strong>Actualmente, en Fase 5, se permiten casi todas las actividades econ\u00f3micas e incluso las reuniones sociales y familiares. Con la Fase 2 -como ya se encuentra, por ejemplo, 25 de Mayo- se permiten las mismas actividades econ\u00f3micas, pero no est\u00e1n autorizados los encuentros sociales y familiares.<\/strong><\/p>\n\n\n\n<p>Hay un dato no menor en las cifras de contagios de este domingo: <strong>varios de esos casos no tiene a\u00fan establecido el nexo epidemiol\u00f3gico<\/strong>. Es decir, no se sabe todav\u00eda c\u00f3mo se contagiaron.<\/p>\n\n\n\n<p>En total, sumando a los de Santa Rosa, <strong><a rel=\"noreferrer noopener\" href=\"http:\/\/diariotextual.com\/inicio\/index.php\/2020\/10\/11\/preocupante-la-pampa-sumo-82-positivos-y-ya-supero-los-mil-casos-de-coronavirus\/\" target=\"_blank\">hoy se registraron en la provincia 82 casos<\/a><\/strong>.<\/p>\n\n\n\n<p>De esta manera ya se acumularon, desde el inicio de la pandemia, <strong>1079 contagios<\/strong>.<\/p>\n\n\n\n<p>De los 82 positivos,<strong> 58 personas tienen residencia en la ciudad de Santa Rosa, 7 en General Pico,4 en Trenel, 3 en Toay, 3 en Quem\u00fa Quem\u00fa, 2 en Winifreda, 2 de Intendente Alvear, 2 en Maisonnave y 1 en Realic\u00f3.<\/strong><\/p>\n\n\n\n<p><\/p>\n\n\n\n<p>Desde el inicio de la pandemia, en La Pampa se registraron un total de 1.079 casos positivos para Covid-19, de los cuales 349 permanecen activos, 11 han fallecido y 719 se han recuperado (entre estos \u00faltimos se encuentran 1 persona de Realic\u00f3, 1 de Santa Rosa, 2 de San Martin, 6 de Winifreda, 10 en Bernardo Larroud\u00e9 y 1 de Benasconi).<\/p>\n\n\n\n<p>Los casos confirmados activos est\u00e1n distribuidos de la siguiente manera: <strong>139 en la ciudad de Santa Rosa, 77 en General Pico, 30 en 25 de Mayo, 20 en Toay, 8 en Intendente Alvear, 2 en Bernardo Larroud\u00e9, 31 en Winifreda, 11 en Realic\u00f3, 1 en Bernasconi, 1 en Lonquimay, 3 en Embajador Martini, 2 en Macach\u00edn, 10 en Quem\u00fa Quem\u00fa, 3 en Ingeniero Luiggi, 1 Colonia Bar\u00f3n, 5 en Maisonave y 5 en Trenel.<\/strong><\/p>\n\n\n\n<p>Seg\u00fan Salud, al d\u00eda de la fecha se encuentran aisladas un total de 5.260 personas en toda la provincia.<\/p>\n\n\n\n<p><\/p>\n\n\n\n<figure class=\"wp-block-embed-wordpress wp-block-embed is-type-wp-embed is-provider-diario-textual\"><div class=\"wp-block-embed__wrapper\">\n<blockquote class=\"wp-embedded-content\" data-secret=\"pm0lVUxQoq\"><a href=\"http:\/\/diariotextual.com\/inicio\/index.php\/2020\/10\/11\/hubo-marchas-simultaneas-por-libre-paso-sin-cuarentena-en-realico-catrilo-anchorena-y-arauz\/\">Hubo marchas simult\u00e1neas por libre paso y sin cuarentena en Realic\u00f3, Catril\u00f3, Anchorena y Arauz<\/a><\/blockquote><iframe class=\"wp-embedded-content\" sandbox=\"allow-scripts\" security=\"restricted\" style=\"position: absolute; clip: rect(1px, 1px, 1px, 1px);\" title=\"\u00abHubo marchas simult\u00e1neas por libre paso y sin cuarentena en Realic\u00f3, Catril\u00f3, Anchorena y Arauz\u00bb \u2014 Diario Textual\" src=\"http:\/\/diariotextual.com\/inicio\/index.php\/2020\/10\/11\/hubo-marchas-simultaneas-por-libre-paso-sin-cuarentena-en-realico-catrilo-anchorena-y-arauz\/embed\/#?secret=pm0lVUxQoq\" data-secret=\"pm0lVUxQoq\" width=\"600\" height=\"338\" frameborder=\"0\" marginwidth=\"0\" marginheight=\"0\" scrolling=\"no\"><\/iframe>\n<\/div><\/figure>\n\n\n\n<p><br><\/p>\n\n\n\n<p>A su vez, se encuentran internadas 25 personas confirmadas para Covid-19. En el Hospital Centeno de General Pico hay 9 pacientes (2 en sala de terapia intensiva y 7 en modulares) y en el Centro Emergente de Asistencia Respiratoria (CEAR) de Santa Rosa se encuentran internadas 16 personas (12 en cl\u00ednica m\u00e9dica y 4 en terapia intensiva).<\/p>\n\n\n\n<figure class=\"wp-block-embed-wordpress wp-block-embed is-type-wp-embed is-provider-diario-textual\"><div class=\"wp-block-embed__wrapper\">\n<blockquote class=\"wp-embedded-content\" data-secret=\"eDEg4KG6XB\"><a href=\"http:\/\/diariotextual.com\/inicio\/index.php\/2020\/10\/11\/preocupante-la-pampa-sumo-82-positivos-y-ya-supero-los-mil-casos-de-coronavirus\/\">Preocupante: La Pampa sum\u00f3 82 positivos y ya super\u00f3 los mil casos de coronavirus<\/a><\/blockquote><iframe class=\"wp-embedded-content\" sandbox=\"allow-scripts\" security=\"restricted\" style=\"position: absolute; clip: rect(1px, 1px, 1px, 1px);\" title=\"\u00abPreocupante: La Pampa sum\u00f3 82 positivos y ya super\u00f3 los mil casos de coronavirus\u00bb \u2014 Diario Textual\" src=\"http:\/\/diariotextual.com\/inicio\/index.php\/2020\/10\/11\/preocupante-la-pampa-sumo-82-positivos-y-ya-supero-los-mil-casos-de-coronavirus\/embed\/#?secret=eDEg4KG6XB\" data-secret=\"eDEg4KG6XB\" width=\"600\" height=\"338\" frameborder=\"0\" marginwidth=\"0\" marginheight=\"0\" scrolling=\"no\"><\/iframe>\n<\/div><\/figure>\n","protected":false},"excerpt":{"rendered":"<p>Sergio Ziliotto recibi\u00f3 este domingo los datos de los nuevos casos de coronavirus y se alarm\u00f3: Santa Rosa sum\u00f3 58 nuevos contagios. Por eso el gobernador decidi\u00f3 convocar a una&hellip;<\/p>\n","protected":false},"author":3,"featured_media":111000,"comment_status":"closed","ping_status":"open","sticky":false,"template":"","format":"standard","meta":{"_acf_changed":false,"footnotes":""},"categories":[8],"tags":[424],"class_list":["post-115779","post","type-post","status-publish","format-standard","has-post-thumbnail","hentry","category-politica","tag-ziliotto"],"acf":[],"yoast_head":"<!-- This site is optimized with the Yoast SEO plugin v27.5 - https:\/\/yoast.com\/product\/yoast-seo-wordpress\/ -->\n<title>Por aumento de casos de covid, definen si bajan a Fase 2 a Santa Rosa - Diario Textual<\/title>\n<meta name=\"robots\" content=\"index, follow, max-snippet:-1, max-image-preview:large, max-video-preview:-1\" \/>\n<link rel=\"canonical\" href=\"https:\/\/diariotextual.com\/inicio\/index.php\/2020\/10\/11\/ziliotto-convoca-a-reunion-y-define-si-baja-a-fase-2-a-santa-rosa\/\" \/>\n<meta property=\"og:locale\" content=\"es_ES\" \/>\n<meta property=\"og:type\" content=\"article\" \/>\n<meta property=\"og:title\" content=\"Por aumento de casos de covid, definen si bajan a Fase 2 a Santa Rosa - Diario Textual\" \/>\n<meta property=\"og:description\" content=\"Sergio Ziliotto recibi\u00f3 este domingo los datos de los nuevos casos de coronavirus y se alarm\u00f3: Santa Rosa sum\u00f3 58 nuevos contagios. Por eso el gobernador decidi\u00f3 convocar a una&hellip;\" \/>\n<meta property=\"og:url\" content=\"https:\/\/diariotextual.com\/inicio\/index.php\/2020\/10\/11\/ziliotto-convoca-a-reunion-y-define-si-baja-a-fase-2-a-santa-rosa\/\" \/>\n<meta property=\"og:site_name\" content=\"Diario Textual\" \/>\n<meta property=\"article:publisher\" content=\"https:\/\/www.facebook.com\/eltextual\" \/>\n<meta property=\"article:published_time\" content=\"2020-10-12T00:11:13+00:00\" \/>\n<meta property=\"article:modified_time\" content=\"2020-10-12T15:29:15+00:00\" \/>\n<meta property=\"og:image\" content=\"https:\/\/diariotextual.com\/inicio\/wp-content\/uploads\/2020\/09\/ziliottosergio0000999999.jpg\" \/>\n\t<meta property=\"og:image:width\" content=\"900\" \/>\n\t<meta property=\"og:image:height\" content=\"507\" \/>\n\t<meta property=\"og:image:type\" content=\"image\/jpeg\" \/>\n<meta name=\"author\" content=\"Diario1 Diario1\" \/>\n<meta name=\"twitter:card\" content=\"summary_large_image\" \/>\n<meta name=\"twitter:creator\" content=\"@eltextual\" \/>\n<meta name=\"twitter:site\" content=\"@eltextual\" \/>\n<meta name=\"twitter:label1\" content=\"Escrito por\" \/>\n\t<meta name=\"twitter:data1\" content=\"Diario1 Diario1\" \/>\n\t<meta name=\"twitter:label2\" content=\"Tiempo de lectura\" \/>\n\t<meta name=\"twitter:data2\" content=\"2 minutos\" \/>\n<script type=\"application\/ld+json\" class=\"yoast-schema-graph\">{\"@context\":\"https:\\\/\\\/schema.org\",\"@graph\":[{\"@type\":\"Article\",\"@id\":\"https:\\\/\\\/diariotextual.com\\\/inicio\\\/index.php\\\/2020\\\/10\\\/11\\\/ziliotto-convoca-a-reunion-y-define-si-baja-a-fase-2-a-santa-rosa\\\/#article\",\"isPartOf\":{\"@id\":\"https:\\\/\\\/diariotextual.com\\\/inicio\\\/index.php\\\/2020\\\/10\\\/11\\\/ziliotto-convoca-a-reunion-y-define-si-baja-a-fase-2-a-santa-rosa\\\/\"},\"author\":{\"name\":\"Diario1 Diario1\",\"@id\":\"https:\\\/\\\/diariotextual.com\\\/inicio\\\/#\\\/schema\\\/person\\\/418fc4093c33e86ed41562db3508f958\"},\"headline\":\"Por aumento de casos de covid, definen si bajan a Fase 2 a Santa Rosa\",\"datePublished\":\"2020-10-12T00:11:13+00:00\",\"dateModified\":\"2020-10-12T15:29:15+00:00\",\"mainEntityOfPage\":{\"@id\":\"https:\\\/\\\/diariotextual.com\\\/inicio\\\/index.php\\\/2020\\\/10\\\/11\\\/ziliotto-convoca-a-reunion-y-define-si-baja-a-fase-2-a-santa-rosa\\\/\"},\"wordCount\":428,\"publisher\":{\"@id\":\"https:\\\/\\\/diariotextual.com\\\/inicio\\\/#organization\"},\"image\":{\"@id\":\"https:\\\/\\\/diariotextual.com\\\/inicio\\\/index.php\\\/2020\\\/10\\\/11\\\/ziliotto-convoca-a-reunion-y-define-si-baja-a-fase-2-a-santa-rosa\\\/#primaryimage\"},\"thumbnailUrl\":\"https:\\\/\\\/diariotextual.com\\\/inicio\\\/wp-content\\\/uploads\\\/2020\\\/09\\\/ziliottosergio0000999999.jpg\",\"keywords\":[\"ziliotto\"],\"articleSection\":[\"POLITICA\"],\"inLanguage\":\"es\"},{\"@type\":\"WebPage\",\"@id\":\"https:\\\/\\\/diariotextual.com\\\/inicio\\\/index.php\\\/2020\\\/10\\\/11\\\/ziliotto-convoca-a-reunion-y-define-si-baja-a-fase-2-a-santa-rosa\\\/\",\"url\":\"https:\\\/\\\/diariotextual.com\\\/inicio\\\/index.php\\\/2020\\\/10\\\/11\\\/ziliotto-convoca-a-reunion-y-define-si-baja-a-fase-2-a-santa-rosa\\\/\",\"name\":\"Por aumento de casos de covid, definen si bajan a Fase 2 a Santa Rosa - Diario Textual\",\"isPartOf\":{\"@id\":\"https:\\\/\\\/diariotextual.com\\\/inicio\\\/#website\"},\"primaryImageOfPage\":{\"@id\":\"https:\\\/\\\/diariotextual.com\\\/inicio\\\/index.php\\\/2020\\\/10\\\/11\\\/ziliotto-convoca-a-reunion-y-define-si-baja-a-fase-2-a-santa-rosa\\\/#primaryimage\"},\"image\":{\"@id\":\"https:\\\/\\\/diariotextual.com\\\/inicio\\\/index.php\\\/2020\\\/10\\\/11\\\/ziliotto-convoca-a-reunion-y-define-si-baja-a-fase-2-a-santa-rosa\\\/#primaryimage\"},\"thumbnailUrl\":\"https:\\\/\\\/diariotextual.com\\\/inicio\\\/wp-content\\\/uploads\\\/2020\\\/09\\\/ziliottosergio0000999999.jpg\",\"datePublished\":\"2020-10-12T00:11:13+00:00\",\"dateModified\":\"2020-10-12T15:29:15+00:00\",\"breadcrumb\":{\"@id\":\"https:\\\/\\\/diariotextual.com\\\/inicio\\\/index.php\\\/2020\\\/10\\\/11\\\/ziliotto-convoca-a-reunion-y-define-si-baja-a-fase-2-a-santa-rosa\\\/#breadcrumb\"},\"inLanguage\":\"es\",\"potentialAction\":[{\"@type\":\"ReadAction\",\"target\":[\"https:\\\/\\\/diariotextual.com\\\/inicio\\\/index.php\\\/2020\\\/10\\\/11\\\/ziliotto-convoca-a-reunion-y-define-si-baja-a-fase-2-a-santa-rosa\\\/\"]}]},{\"@type\":\"ImageObject\",\"inLanguage\":\"es\",\"@id\":\"https:\\\/\\\/diariotextual.com\\\/inicio\\\/index.php\\\/2020\\\/10\\\/11\\\/ziliotto-convoca-a-reunion-y-define-si-baja-a-fase-2-a-santa-rosa\\\/#primaryimage\",\"url\":\"https:\\\/\\\/diariotextual.com\\\/inicio\\\/wp-content\\\/uploads\\\/2020\\\/09\\\/ziliottosergio0000999999.jpg\",\"contentUrl\":\"https:\\\/\\\/diariotextual.com\\\/inicio\\\/wp-content\\\/uploads\\\/2020\\\/09\\\/ziliottosergio0000999999.jpg\",\"width\":900,\"height\":507},{\"@type\":\"BreadcrumbList\",\"@id\":\"https:\\\/\\\/diariotextual.com\\\/inicio\\\/index.php\\\/2020\\\/10\\\/11\\\/ziliotto-convoca-a-reunion-y-define-si-baja-a-fase-2-a-santa-rosa\\\/#breadcrumb\",\"itemListElement\":[{\"@type\":\"ListItem\",\"position\":1,\"name\":\"Portada\",\"item\":\"https:\\\/\\\/diariotextual.com\\\/inicio\\\/\"},{\"@type\":\"ListItem\",\"position\":2,\"name\":\"Por aumento de casos de covid, definen si bajan a Fase 2 a Santa Rosa\"}]},{\"@type\":\"WebSite\",\"@id\":\"https:\\\/\\\/diariotextual.com\\\/inicio\\\/#website\",\"url\":\"https:\\\/\\\/diariotextual.com\\\/inicio\\\/\",\"name\":\"Diario Textual\",\"description\":\"\",\"publisher\":{\"@id\":\"https:\\\/\\\/diariotextual.com\\\/inicio\\\/#organization\"},\"potentialAction\":[{\"@type\":\"SearchAction\",\"target\":{\"@type\":\"EntryPoint\",\"urlTemplate\":\"https:\\\/\\\/diariotextual.com\\\/inicio\\\/?s={search_term_string}\"},\"query-input\":{\"@type\":\"PropertyValueSpecification\",\"valueRequired\":true,\"valueName\":\"search_term_string\"}}],\"inLanguage\":\"es\"},{\"@type\":\"Organization\",\"@id\":\"https:\\\/\\\/diariotextual.com\\\/inicio\\\/#organization\",\"name\":\"Diario Textual\",\"url\":\"https:\\\/\\\/diariotextual.com\\\/inicio\\\/\",\"logo\":{\"@type\":\"ImageObject\",\"inLanguage\":\"es\",\"@id\":\"https:\\\/\\\/diariotextual.com\\\/inicio\\\/#\\\/schema\\\/logo\\\/image\\\/\",\"url\":\"https:\\\/\\\/diariotextual.com\\\/inicio\\\/wp-content\\\/uploads\\\/2023\\\/05\\\/logotextual1.jpg\",\"contentUrl\":\"https:\\\/\\\/diariotextual.com\\\/inicio\\\/wp-content\\\/uploads\\\/2023\\\/05\\\/logotextual1.jpg\",\"width\":516,\"height\":76,\"caption\":\"Diario Textual\"},\"image\":{\"@id\":\"https:\\\/\\\/diariotextual.com\\\/inicio\\\/#\\\/schema\\\/logo\\\/image\\\/\"},\"sameAs\":[\"https:\\\/\\\/www.facebook.com\\\/eltextual\",\"https:\\\/\\\/x.com\\\/eltextual\",\"http:\\\/\\\/www.instagram.com\\\/eltextual\"]},{\"@type\":\"Person\",\"@id\":\"https:\\\/\\\/diariotextual.com\\\/inicio\\\/#\\\/schema\\\/person\\\/418fc4093c33e86ed41562db3508f958\",\"name\":\"Diario1 Diario1\",\"image\":{\"@type\":\"ImageObject\",\"inLanguage\":\"es\",\"@id\":\"https:\\\/\\\/secure.gravatar.com\\\/avatar\\\/9167d280179c85bc18be67aa7eda765854300033af4896dd779b608640f2ef7a?s=96&d=mm&r=g\",\"url\":\"https:\\\/\\\/secure.gravatar.com\\\/avatar\\\/9167d280179c85bc18be67aa7eda765854300033af4896dd779b608640f2ef7a?s=96&d=mm&r=g\",\"contentUrl\":\"https:\\\/\\\/secure.gravatar.com\\\/avatar\\\/9167d280179c85bc18be67aa7eda765854300033af4896dd779b608640f2ef7a?s=96&d=mm&r=g\",\"caption\":\"Diario1 Diario1\"},\"url\":\"https:\\\/\\\/diariotextual.com\\\/inicio\\\/index.php\\\/author\\\/diario1\\\/\"}]}<\/script>\n<!-- \/ Yoast SEO plugin. -->","yoast_head_json":{"title":"Por aumento de casos de covid, definen si bajan a Fase 2 a Santa Rosa - Diario Textual","robots":{"index":"index","follow":"follow","max-snippet":"max-snippet:-1","max-image-preview":"max-image-preview:large","max-video-preview":"max-video-preview:-1"},"canonical":"https:\/\/diariotextual.com\/inicio\/index.php\/2020\/10\/11\/ziliotto-convoca-a-reunion-y-define-si-baja-a-fase-2-a-santa-rosa\/","og_locale":"es_ES","og_type":"article","og_title":"Por aumento de casos de covid, definen si bajan a Fase 2 a Santa Rosa - Diario Textual","og_description":"Sergio Ziliotto recibi\u00f3 este domingo los datos de los nuevos casos de coronavirus y se alarm\u00f3: Santa Rosa sum\u00f3 58 nuevos contagios. Por eso el gobernador decidi\u00f3 convocar a una&hellip;","og_url":"https:\/\/diariotextual.com\/inicio\/index.php\/2020\/10\/11\/ziliotto-convoca-a-reunion-y-define-si-baja-a-fase-2-a-santa-rosa\/","og_site_name":"Diario Textual","article_publisher":"https:\/\/www.facebook.com\/eltextual","article_published_time":"2020-10-12T00:11:13+00:00","article_modified_time":"2020-10-12T15:29:15+00:00","og_image":[{"width":900,"height":507,"url":"https:\/\/diariotextual.com\/inicio\/wp-content\/uploads\/2020\/09\/ziliottosergio0000999999.jpg","type":"image\/jpeg"}],"author":"Diario1 Diario1","twitter_card":"summary_large_image","twitter_creator":"@eltextual","twitter_site":"@eltextual","twitter_misc":{"Escrito por":"Diario1 Diario1","Tiempo de lectura":"2 minutos"},"schema":{"@context":"https:\/\/schema.org","@graph":[{"@type":"Article","@id":"https:\/\/diariotextual.com\/inicio\/index.php\/2020\/10\/11\/ziliotto-convoca-a-reunion-y-define-si-baja-a-fase-2-a-santa-rosa\/#article","isPartOf":{"@id":"https:\/\/diariotextual.com\/inicio\/index.php\/2020\/10\/11\/ziliotto-convoca-a-reunion-y-define-si-baja-a-fase-2-a-santa-rosa\/"},"author":{"name":"Diario1 Diario1","@id":"https:\/\/diariotextual.com\/inicio\/#\/schema\/person\/418fc4093c33e86ed41562db3508f958"},"headline":"Por aumento de casos de covid, definen si bajan a Fase 2 a Santa Rosa","datePublished":"2020-10-12T00:11:13+00:00","dateModified":"2020-10-12T15:29:15+00:00","mainEntityOfPage":{"@id":"https:\/\/diariotextual.com\/inicio\/index.php\/2020\/10\/11\/ziliotto-convoca-a-reunion-y-define-si-baja-a-fase-2-a-santa-rosa\/"},"wordCount":428,"publisher":{"@id":"https:\/\/diariotextual.com\/inicio\/#organization"},"image":{"@id":"https:\/\/diariotextual.com\/inicio\/index.php\/2020\/10\/11\/ziliotto-convoca-a-reunion-y-define-si-baja-a-fase-2-a-santa-rosa\/#primaryimage"},"thumbnailUrl":"https:\/\/diariotextual.com\/inicio\/wp-content\/uploads\/2020\/09\/ziliottosergio0000999999.jpg","keywords":["ziliotto"],"articleSection":["POLITICA"],"inLanguage":"es"},{"@type":"WebPage","@id":"https:\/\/diariotextual.com\/inicio\/index.php\/2020\/10\/11\/ziliotto-convoca-a-reunion-y-define-si-baja-a-fase-2-a-santa-rosa\/","url":"https:\/\/diariotextual.com\/inicio\/index.php\/2020\/10\/11\/ziliotto-convoca-a-reunion-y-define-si-baja-a-fase-2-a-santa-rosa\/","name":"Por aumento de casos de covid, definen si bajan a Fase 2 a Santa Rosa - Diario Textual","isPartOf":{"@id":"https:\/\/diariotextual.com\/inicio\/#website"},"primaryImageOfPage":{"@id":"https:\/\/diariotextual.com\/inicio\/index.php\/2020\/10\/11\/ziliotto-convoca-a-reunion-y-define-si-baja-a-fase-2-a-santa-rosa\/#primaryimage"},"image":{"@id":"https:\/\/diariotextual.com\/inicio\/index.php\/2020\/10\/11\/ziliotto-convoca-a-reunion-y-define-si-baja-a-fase-2-a-santa-rosa\/#primaryimage"},"thumbnailUrl":"https:\/\/diariotextual.com\/inicio\/wp-content\/uploads\/2020\/09\/ziliottosergio0000999999.jpg","datePublished":"2020-10-12T00:11:13+00:00","dateModified":"2020-10-12T15:29:15+00:00","breadcrumb":{"@id":"https:\/\/diariotextual.com\/inicio\/index.php\/2020\/10\/11\/ziliotto-convoca-a-reunion-y-define-si-baja-a-fase-2-a-santa-rosa\/#breadcrumb"},"inLanguage":"es","potentialAction":[{"@type":"ReadAction","target":["https:\/\/diariotextual.com\/inicio\/index.php\/2020\/10\/11\/ziliotto-convoca-a-reunion-y-define-si-baja-a-fase-2-a-santa-rosa\/"]}]},{"@type":"ImageObject","inLanguage":"es","@id":"https:\/\/diariotextual.com\/inicio\/index.php\/2020\/10\/11\/ziliotto-convoca-a-reunion-y-define-si-baja-a-fase-2-a-santa-rosa\/#primaryimage","url":"https:\/\/diariotextual.com\/inicio\/wp-content\/uploads\/2020\/09\/ziliottosergio0000999999.jpg","contentUrl":"https:\/\/diariotextual.com\/inicio\/wp-content\/uploads\/2020\/09\/ziliottosergio0000999999.jpg","width":900,"height":507},{"@type":"BreadcrumbList","@id":"https:\/\/diariotextual.com\/inicio\/index.php\/2020\/10\/11\/ziliotto-convoca-a-reunion-y-define-si-baja-a-fase-2-a-santa-rosa\/#breadcrumb","itemListElement":[{"@type":"ListItem","position":1,"name":"Portada","item":"https:\/\/diariotextual.com\/inicio\/"},{"@type":"ListItem","position":2,"name":"Por aumento de casos de covid, definen si bajan a Fase 2 a Santa Rosa"}]},{"@type":"WebSite","@id":"https:\/\/diariotextual.com\/inicio\/#website","url":"https:\/\/diariotextual.com\/inicio\/","name":"Diario Textual","description":"","publisher":{"@id":"https:\/\/diariotextual.com\/inicio\/#organization"},"potentialAction":[{"@type":"SearchAction","target":{"@type":"EntryPoint","urlTemplate":"https:\/\/diariotextual.com\/inicio\/?s={search_term_string}"},"query-input":{"@type":"PropertyValueSpecification","valueRequired":true,"valueName":"search_term_string"}}],"inLanguage":"es"},{"@type":"Organization","@id":"https:\/\/diariotextual.com\/inicio\/#organization","name":"Diario Textual","url":"https:\/\/diariotextual.com\/inicio\/","logo":{"@type":"ImageObject","inLanguage":"es","@id":"https:\/\/diariotextual.com\/inicio\/#\/schema\/logo\/image\/","url":"https:\/\/diariotextual.com\/inicio\/wp-content\/uploads\/2023\/05\/logotextual1.jpg","contentUrl":"https:\/\/diariotextual.com\/inicio\/wp-content\/uploads\/2023\/05\/logotextual1.jpg","width":516,"height":76,"caption":"Diario Textual"},"image":{"@id":"https:\/\/diariotextual.com\/inicio\/#\/schema\/logo\/image\/"},"sameAs":["https:\/\/www.facebook.com\/eltextual","https:\/\/x.com\/eltextual","http:\/\/www.instagram.com\/eltextual"]},{"@type":"Person","@id":"https:\/\/diariotextual.com\/inicio\/#\/schema\/person\/418fc4093c33e86ed41562db3508f958","name":"Diario1 Diario1","image":{"@type":"ImageObject","inLanguage":"es","@id":"https:\/\/secure.gravatar.com\/avatar\/9167d280179c85bc18be67aa7eda765854300033af4896dd779b608640f2ef7a?s=96&d=mm&r=g","url":"https:\/\/secure.gravatar.com\/avatar\/9167d280179c85bc18be67aa7eda765854300033af4896dd779b608640f2ef7a?s=96&d=mm&r=g","contentUrl":"https:\/\/secure.gravatar.com\/avatar\/9167d280179c85bc18be67aa7eda765854300033af4896dd779b608640f2ef7a?s=96&d=mm&r=g","caption":"Diario1 Diario1"},"url":"https:\/\/diariotextual.com\/inicio\/index.php\/author\/diario1\/"}]}},"_links":{"self":[{"href":"https:\/\/diariotextual.com\/inicio\/index.php\/wp-json\/wp\/v2\/posts\/115779","targetHints":{"allow":["GET"]}}],"collection":[{"href":"https:\/\/diariotextual.com\/inicio\/index.php\/wp-json\/wp\/v2\/posts"}],"about":[{"href":"https:\/\/diariotextual.com\/inicio\/index.php\/wp-json\/wp\/v2\/types\/post"}],"author":[{"embeddable":true,"href":"https:\/\/diariotextual.com\/inicio\/index.php\/wp-json\/wp\/v2\/users\/3"}],"replies":[{"embeddable":true,"href":"https:\/\/diariotextual.com\/inicio\/index.php\/wp-json\/wp\/v2\/comments?post=115779"}],"version-history":[{"count":7,"href":"https:\/\/diariotextual.com\/inicio\/index.php\/wp-json\/wp\/v2\/posts\/115779\/revisions"}],"predecessor-version":[{"id":115799,"href":"https:\/\/diariotextual.com\/inicio\/index.php\/wp-json\/wp\/v2\/posts\/115779\/revisions\/115799"}],"wp:featuredmedia":[{"embeddable":true,"href":"https:\/\/diariotextual.com\/inicio\/index.php\/wp-json\/wp\/v2\/media\/111000"}],"wp:attachment":[{"href":"https:\/\/diariotextual.com\/inicio\/index.php\/wp-json\/wp\/v2\/media?parent=115779"}],"wp:term":[{"taxonomy":"category","embeddable":true,"href":"https:\/\/diariotextual.com\/inicio\/index.php\/wp-json\/wp\/v2\/categories?post=115779"},{"taxonomy":"post_tag","embeddable":true,"href":"https:\/\/diariotextual.com\/inicio\/index.php\/wp-json\/wp\/v2\/tags?post=115779"}],"curies":[{"name":"wp","href":"https:\/\/api.w.org\/{rel}","templated":true}]}}