{"id":115782,"date":"2020-10-11T21:42:14","date_gmt":"2020-10-12T00:42:14","guid":{"rendered":"http:\/\/diariotextual.com\/inicio\/?p=115782"},"modified":"2020-10-11T21:48:37","modified_gmt":"2020-10-12T00:48:37","slug":"covid-el-intendente-de-quemu-quemu-aislado-preventivamente","status":"publish","type":"post","link":"https:\/\/diariotextual.com\/inicio\/index.php\/2020\/10\/11\/covid-el-intendente-de-quemu-quemu-aislado-preventivamente\/","title":{"rendered":"Covid: el intendente de Quem\u00fa Quem\u00fa, aislado preventivamente"},"content":{"rendered":"\n<p>El intendente de Quem\u00fa Quem\u00fa, <strong>Alfredo Fern\u00e1ndez<\/strong>, fue aislado preventivamente por ser contacto de contacto estrecho de un paciente con coronavirus.<\/p>\n\n\n\n<p>El jefe comunal confirm\u00f3 a Diario Textual que tambi\u00e9n se encuentra aislado el secretario de Gobierno municipal, Carlos Maguregui.<\/p>\n\n\n\n<p>La localidad presenta diez casos activos de covid y m\u00e1s de 300 personas aisladas, entre contactos estrechos y contactos de contacto, seg\u00fan el \u00faltimo informe epidemiol\u00f3gico del hospital Atilio Calandri de este domingo.  <\/p>\n\n\n\n<p>En La Pampa, hasta el momento, han sido dos los intendentes que se han contagiado de coronavirus. Uno es el jefe comunal de General Acha, Abel Sabarots, que contrajo el virus mientras realizaba un tratamiento m\u00e9dico en Buenos Aires y ya se encuentra recuperado. Otro, es Luis Bertero, de Maisonnave, que se contagi\u00f3 hace unos d\u00edas.<\/p>\n\n\n\n<p>Adem\u00e1s del intendente de Quem\u00fa actualmente tambi\u00e9n est\u00e1 aislado el intendente de 25 de Mayo, Abel Abelda\u00f1o.<\/p>\n\n\n\n<figure class=\"wp-block-embed-wordpress wp-block-embed is-type-wp-embed is-provider-diario-textual\"><div class=\"wp-block-embed__wrapper\">\n<blockquote class=\"wp-embedded-content\" data-secret=\"mfeiVqijBX\"><a href=\"http:\/\/diariotextual.com\/inicio\/index.php\/2020\/10\/11\/preocupante-la-pampa-sumo-82-positivos-y-ya-supero-los-mil-casos-de-coronavirus\/\">Preocupante: La Pampa sum\u00f3 82 positivos y ya super\u00f3 los mil casos de coronavirus<\/a><\/blockquote><iframe class=\"wp-embedded-content\" sandbox=\"allow-scripts\" security=\"restricted\" style=\"position: absolute; clip: rect(1px, 1px, 1px, 1px);\" title=\"\u00abPreocupante: La Pampa sum\u00f3 82 positivos y ya super\u00f3 los mil casos de coronavirus\u00bb \u2014 Diario Textual\" src=\"http:\/\/diariotextual.com\/inicio\/index.php\/2020\/10\/11\/preocupante-la-pampa-sumo-82-positivos-y-ya-supero-los-mil-casos-de-coronavirus\/embed\/#?secret=mfeiVqijBX\" data-secret=\"mfeiVqijBX\" width=\"600\" height=\"338\" frameborder=\"0\" marginwidth=\"0\" marginheight=\"0\" scrolling=\"no\"><\/iframe>\n<\/div><\/figure>\n","protected":false},"excerpt":{"rendered":"<p>El intendente de Quem\u00fa Quem\u00fa, Alfredo Fern\u00e1ndez, fue aislado preventivamente por ser contacto de contacto estrecho de un paciente con coronavirus. El jefe comunal confirm\u00f3 a Diario Textual que tambi\u00e9n&hellip;<\/p>\n","protected":false},"author":4,"featured_media":115800,"comment_status":"closed","ping_status":"open","sticky":false,"template":"","format":"standard","meta":{"_acf_changed":false,"footnotes":""},"categories":[1,8],"tags":[1233],"class_list":["post-115782","post","type-post","status-publish","format-standard","has-post-thumbnail","hentry","category-es-noticia","category-politica","tag-quemu-quemu"],"acf":[],"yoast_head":"<!-- This site is optimized with the Yoast SEO plugin v27.5 - https:\/\/yoast.com\/product\/yoast-seo-wordpress\/ -->\n<title>Covid: el intendente de Quem\u00fa Quem\u00fa, aislado preventivamente - Diario Textual<\/title>\n<meta name=\"robots\" content=\"index, follow, max-snippet:-1, max-image-preview:large, max-video-preview:-1\" \/>\n<link rel=\"canonical\" href=\"https:\/\/diariotextual.com\/inicio\/index.php\/2020\/10\/11\/covid-el-intendente-de-quemu-quemu-aislado-preventivamente\/\" \/>\n<meta property=\"og:locale\" content=\"es_ES\" \/>\n<meta property=\"og:type\" content=\"article\" \/>\n<meta property=\"og:title\" content=\"Covid: el intendente de Quem\u00fa Quem\u00fa, aislado preventivamente - Diario Textual\" \/>\n<meta property=\"og:description\" content=\"El intendente de Quem\u00fa Quem\u00fa, Alfredo Fern\u00e1ndez, fue aislado preventivamente por ser contacto de contacto estrecho de un paciente con coronavirus. El jefe comunal confirm\u00f3 a Diario Textual que tambi\u00e9n&hellip;\" \/>\n<meta property=\"og:url\" content=\"https:\/\/diariotextual.com\/inicio\/index.php\/2020\/10\/11\/covid-el-intendente-de-quemu-quemu-aislado-preventivamente\/\" \/>\n<meta property=\"og:site_name\" content=\"Diario Textual\" \/>\n<meta property=\"article:publisher\" content=\"https:\/\/www.facebook.com\/eltextual\" \/>\n<meta property=\"article:published_time\" content=\"2020-10-12T00:42:14+00:00\" \/>\n<meta property=\"article:modified_time\" content=\"2020-10-12T00:48:37+00:00\" \/>\n<meta property=\"og:image\" content=\"https:\/\/diariotextual.com\/inicio\/wp-content\/uploads\/2020\/10\/fernandezalfredoquemu1823.jpg\" \/>\n\t<meta property=\"og:image:width\" content=\"690\" \/>\n\t<meta property=\"og:image:height\" content=\"456\" \/>\n\t<meta property=\"og:image:type\" content=\"image\/jpeg\" \/>\n<meta name=\"author\" content=\"diario2\" \/>\n<meta name=\"twitter:card\" content=\"summary_large_image\" \/>\n<meta name=\"twitter:creator\" content=\"@eltextual\" \/>\n<meta name=\"twitter:site\" content=\"@eltextual\" \/>\n<meta name=\"twitter:label1\" content=\"Escrito por\" \/>\n\t<meta name=\"twitter:data1\" content=\"diario2\" \/>\n\t<meta name=\"twitter:label2\" content=\"Tiempo de lectura\" \/>\n\t<meta name=\"twitter:data2\" content=\"1 minuto\" \/>\n<script type=\"application\/ld+json\" class=\"yoast-schema-graph\">{\"@context\":\"https:\\\/\\\/schema.org\",\"@graph\":[{\"@type\":\"Article\",\"@id\":\"https:\\\/\\\/diariotextual.com\\\/inicio\\\/index.php\\\/2020\\\/10\\\/11\\\/covid-el-intendente-de-quemu-quemu-aislado-preventivamente\\\/#article\",\"isPartOf\":{\"@id\":\"https:\\\/\\\/diariotextual.com\\\/inicio\\\/index.php\\\/2020\\\/10\\\/11\\\/covid-el-intendente-de-quemu-quemu-aislado-preventivamente\\\/\"},\"author\":{\"name\":\"diario2\",\"@id\":\"https:\\\/\\\/diariotextual.com\\\/inicio\\\/#\\\/schema\\\/person\\\/694f60677f23c4a530867a98f22b3768\"},\"headline\":\"Covid: el intendente de Quem\u00fa Quem\u00fa, aislado preventivamente\",\"datePublished\":\"2020-10-12T00:42:14+00:00\",\"dateModified\":\"2020-10-12T00:48:37+00:00\",\"mainEntityOfPage\":{\"@id\":\"https:\\\/\\\/diariotextual.com\\\/inicio\\\/index.php\\\/2020\\\/10\\\/11\\\/covid-el-intendente-de-quemu-quemu-aislado-preventivamente\\\/\"},\"wordCount\":170,\"publisher\":{\"@id\":\"https:\\\/\\\/diariotextual.com\\\/inicio\\\/#organization\"},\"image\":{\"@id\":\"https:\\\/\\\/diariotextual.com\\\/inicio\\\/index.php\\\/2020\\\/10\\\/11\\\/covid-el-intendente-de-quemu-quemu-aislado-preventivamente\\\/#primaryimage\"},\"thumbnailUrl\":\"https:\\\/\\\/diariotextual.com\\\/inicio\\\/wp-content\\\/uploads\\\/2020\\\/10\\\/fernandezalfredoquemu1823.jpg\",\"keywords\":[\"Quem\u00fa Quem\u00fa\"],\"articleSection\":[\"A - ES NOTICIA (van abajo)\",\"POLITICA\"],\"inLanguage\":\"es\"},{\"@type\":\"WebPage\",\"@id\":\"https:\\\/\\\/diariotextual.com\\\/inicio\\\/index.php\\\/2020\\\/10\\\/11\\\/covid-el-intendente-de-quemu-quemu-aislado-preventivamente\\\/\",\"url\":\"https:\\\/\\\/diariotextual.com\\\/inicio\\\/index.php\\\/2020\\\/10\\\/11\\\/covid-el-intendente-de-quemu-quemu-aislado-preventivamente\\\/\",\"name\":\"Covid: el intendente de Quem\u00fa Quem\u00fa, aislado preventivamente - Diario Textual\",\"isPartOf\":{\"@id\":\"https:\\\/\\\/diariotextual.com\\\/inicio\\\/#website\"},\"primaryImageOfPage\":{\"@id\":\"https:\\\/\\\/diariotextual.com\\\/inicio\\\/index.php\\\/2020\\\/10\\\/11\\\/covid-el-intendente-de-quemu-quemu-aislado-preventivamente\\\/#primaryimage\"},\"image\":{\"@id\":\"https:\\\/\\\/diariotextual.com\\\/inicio\\\/index.php\\\/2020\\\/10\\\/11\\\/covid-el-intendente-de-quemu-quemu-aislado-preventivamente\\\/#primaryimage\"},\"thumbnailUrl\":\"https:\\\/\\\/diariotextual.com\\\/inicio\\\/wp-content\\\/uploads\\\/2020\\\/10\\\/fernandezalfredoquemu1823.jpg\",\"datePublished\":\"2020-10-12T00:42:14+00:00\",\"dateModified\":\"2020-10-12T00:48:37+00:00\",\"breadcrumb\":{\"@id\":\"https:\\\/\\\/diariotextual.com\\\/inicio\\\/index.php\\\/2020\\\/10\\\/11\\\/covid-el-intendente-de-quemu-quemu-aislado-preventivamente\\\/#breadcrumb\"},\"inLanguage\":\"es\",\"potentialAction\":[{\"@type\":\"ReadAction\",\"target\":[\"https:\\\/\\\/diariotextual.com\\\/inicio\\\/index.php\\\/2020\\\/10\\\/11\\\/covid-el-intendente-de-quemu-quemu-aislado-preventivamente\\\/\"]}]},{\"@type\":\"ImageObject\",\"inLanguage\":\"es\",\"@id\":\"https:\\\/\\\/diariotextual.com\\\/inicio\\\/index.php\\\/2020\\\/10\\\/11\\\/covid-el-intendente-de-quemu-quemu-aislado-preventivamente\\\/#primaryimage\",\"url\":\"https:\\\/\\\/diariotextual.com\\\/inicio\\\/wp-content\\\/uploads\\\/2020\\\/10\\\/fernandezalfredoquemu1823.jpg\",\"contentUrl\":\"https:\\\/\\\/diariotextual.com\\\/inicio\\\/wp-content\\\/uploads\\\/2020\\\/10\\\/fernandezalfredoquemu1823.jpg\",\"width\":690,\"height\":456},{\"@type\":\"BreadcrumbList\",\"@id\":\"https:\\\/\\\/diariotextual.com\\\/inicio\\\/index.php\\\/2020\\\/10\\\/11\\\/covid-el-intendente-de-quemu-quemu-aislado-preventivamente\\\/#breadcrumb\",\"itemListElement\":[{\"@type\":\"ListItem\",\"position\":1,\"name\":\"Portada\",\"item\":\"https:\\\/\\\/diariotextual.com\\\/inicio\\\/\"},{\"@type\":\"ListItem\",\"position\":2,\"name\":\"Covid: el intendente de Quem\u00fa Quem\u00fa, aislado preventivamente\"}]},{\"@type\":\"WebSite\",\"@id\":\"https:\\\/\\\/diariotextual.com\\\/inicio\\\/#website\",\"url\":\"https:\\\/\\\/diariotextual.com\\\/inicio\\\/\",\"name\":\"Diario Textual\",\"description\":\"\",\"publisher\":{\"@id\":\"https:\\\/\\\/diariotextual.com\\\/inicio\\\/#organization\"},\"potentialAction\":[{\"@type\":\"SearchAction\",\"target\":{\"@type\":\"EntryPoint\",\"urlTemplate\":\"https:\\\/\\\/diariotextual.com\\\/inicio\\\/?s={search_term_string}\"},\"query-input\":{\"@type\":\"PropertyValueSpecification\",\"valueRequired\":true,\"valueName\":\"search_term_string\"}}],\"inLanguage\":\"es\"},{\"@type\":\"Organization\",\"@id\":\"https:\\\/\\\/diariotextual.com\\\/inicio\\\/#organization\",\"name\":\"Diario Textual\",\"url\":\"https:\\\/\\\/diariotextual.com\\\/inicio\\\/\",\"logo\":{\"@type\":\"ImageObject\",\"inLanguage\":\"es\",\"@id\":\"https:\\\/\\\/diariotextual.com\\\/inicio\\\/#\\\/schema\\\/logo\\\/image\\\/\",\"url\":\"https:\\\/\\\/diariotextual.com\\\/inicio\\\/wp-content\\\/uploads\\\/2023\\\/05\\\/logotextual1.jpg\",\"contentUrl\":\"https:\\\/\\\/diariotextual.com\\\/inicio\\\/wp-content\\\/uploads\\\/2023\\\/05\\\/logotextual1.jpg\",\"width\":516,\"height\":76,\"caption\":\"Diario Textual\"},\"image\":{\"@id\":\"https:\\\/\\\/diariotextual.com\\\/inicio\\\/#\\\/schema\\\/logo\\\/image\\\/\"},\"sameAs\":[\"https:\\\/\\\/www.facebook.com\\\/eltextual\",\"https:\\\/\\\/x.com\\\/eltextual\",\"http:\\\/\\\/www.instagram.com\\\/eltextual\"]},{\"@type\":\"Person\",\"@id\":\"https:\\\/\\\/diariotextual.com\\\/inicio\\\/#\\\/schema\\\/person\\\/694f60677f23c4a530867a98f22b3768\",\"name\":\"diario2\",\"image\":{\"@type\":\"ImageObject\",\"inLanguage\":\"es\",\"@id\":\"https:\\\/\\\/secure.gravatar.com\\\/avatar\\\/5a2567495ba16b852fcd8f1ed006a2e24fcace936018ed8237e95f488ad6e0a7?s=96&d=mm&r=g\",\"url\":\"https:\\\/\\\/secure.gravatar.com\\\/avatar\\\/5a2567495ba16b852fcd8f1ed006a2e24fcace936018ed8237e95f488ad6e0a7?s=96&d=mm&r=g\",\"contentUrl\":\"https:\\\/\\\/secure.gravatar.com\\\/avatar\\\/5a2567495ba16b852fcd8f1ed006a2e24fcace936018ed8237e95f488ad6e0a7?s=96&d=mm&r=g\",\"caption\":\"diario2\"},\"url\":\"https:\\\/\\\/diariotextual.com\\\/inicio\\\/index.php\\\/author\\\/diario2\\\/\"}]}<\/script>\n<!-- \/ Yoast SEO plugin. -->","yoast_head_json":{"title":"Covid: el intendente de Quem\u00fa Quem\u00fa, aislado preventivamente - Diario Textual","robots":{"index":"index","follow":"follow","max-snippet":"max-snippet:-1","max-image-preview":"max-image-preview:large","max-video-preview":"max-video-preview:-1"},"canonical":"https:\/\/diariotextual.com\/inicio\/index.php\/2020\/10\/11\/covid-el-intendente-de-quemu-quemu-aislado-preventivamente\/","og_locale":"es_ES","og_type":"article","og_title":"Covid: el intendente de Quem\u00fa Quem\u00fa, aislado preventivamente - Diario Textual","og_description":"El intendente de Quem\u00fa Quem\u00fa, Alfredo Fern\u00e1ndez, fue aislado preventivamente por ser contacto de contacto estrecho de un paciente con coronavirus. El jefe comunal confirm\u00f3 a Diario Textual que tambi\u00e9n&hellip;","og_url":"https:\/\/diariotextual.com\/inicio\/index.php\/2020\/10\/11\/covid-el-intendente-de-quemu-quemu-aislado-preventivamente\/","og_site_name":"Diario Textual","article_publisher":"https:\/\/www.facebook.com\/eltextual","article_published_time":"2020-10-12T00:42:14+00:00","article_modified_time":"2020-10-12T00:48:37+00:00","og_image":[{"width":690,"height":456,"url":"https:\/\/diariotextual.com\/inicio\/wp-content\/uploads\/2020\/10\/fernandezalfredoquemu1823.jpg","type":"image\/jpeg"}],"author":"diario2","twitter_card":"summary_large_image","twitter_creator":"@eltextual","twitter_site":"@eltextual","twitter_misc":{"Escrito por":"diario2","Tiempo de lectura":"1 minuto"},"schema":{"@context":"https:\/\/schema.org","@graph":[{"@type":"Article","@id":"https:\/\/diariotextual.com\/inicio\/index.php\/2020\/10\/11\/covid-el-intendente-de-quemu-quemu-aislado-preventivamente\/#article","isPartOf":{"@id":"https:\/\/diariotextual.com\/inicio\/index.php\/2020\/10\/11\/covid-el-intendente-de-quemu-quemu-aislado-preventivamente\/"},"author":{"name":"diario2","@id":"https:\/\/diariotextual.com\/inicio\/#\/schema\/person\/694f60677f23c4a530867a98f22b3768"},"headline":"Covid: el intendente de Quem\u00fa Quem\u00fa, aislado preventivamente","datePublished":"2020-10-12T00:42:14+00:00","dateModified":"2020-10-12T00:48:37+00:00","mainEntityOfPage":{"@id":"https:\/\/diariotextual.com\/inicio\/index.php\/2020\/10\/11\/covid-el-intendente-de-quemu-quemu-aislado-preventivamente\/"},"wordCount":170,"publisher":{"@id":"https:\/\/diariotextual.com\/inicio\/#organization"},"image":{"@id":"https:\/\/diariotextual.com\/inicio\/index.php\/2020\/10\/11\/covid-el-intendente-de-quemu-quemu-aislado-preventivamente\/#primaryimage"},"thumbnailUrl":"https:\/\/diariotextual.com\/inicio\/wp-content\/uploads\/2020\/10\/fernandezalfredoquemu1823.jpg","keywords":["Quem\u00fa Quem\u00fa"],"articleSection":["A - ES NOTICIA (van abajo)","POLITICA"],"inLanguage":"es"},{"@type":"WebPage","@id":"https:\/\/diariotextual.com\/inicio\/index.php\/2020\/10\/11\/covid-el-intendente-de-quemu-quemu-aislado-preventivamente\/","url":"https:\/\/diariotextual.com\/inicio\/index.php\/2020\/10\/11\/covid-el-intendente-de-quemu-quemu-aislado-preventivamente\/","name":"Covid: el intendente de Quem\u00fa Quem\u00fa, aislado preventivamente - Diario Textual","isPartOf":{"@id":"https:\/\/diariotextual.com\/inicio\/#website"},"primaryImageOfPage":{"@id":"https:\/\/diariotextual.com\/inicio\/index.php\/2020\/10\/11\/covid-el-intendente-de-quemu-quemu-aislado-preventivamente\/#primaryimage"},"image":{"@id":"https:\/\/diariotextual.com\/inicio\/index.php\/2020\/10\/11\/covid-el-intendente-de-quemu-quemu-aislado-preventivamente\/#primaryimage"},"thumbnailUrl":"https:\/\/diariotextual.com\/inicio\/wp-content\/uploads\/2020\/10\/fernandezalfredoquemu1823.jpg","datePublished":"2020-10-12T00:42:14+00:00","dateModified":"2020-10-12T00:48:37+00:00","breadcrumb":{"@id":"https:\/\/diariotextual.com\/inicio\/index.php\/2020\/10\/11\/covid-el-intendente-de-quemu-quemu-aislado-preventivamente\/#breadcrumb"},"inLanguage":"es","potentialAction":[{"@type":"ReadAction","target":["https:\/\/diariotextual.com\/inicio\/index.php\/2020\/10\/11\/covid-el-intendente-de-quemu-quemu-aislado-preventivamente\/"]}]},{"@type":"ImageObject","inLanguage":"es","@id":"https:\/\/diariotextual.com\/inicio\/index.php\/2020\/10\/11\/covid-el-intendente-de-quemu-quemu-aislado-preventivamente\/#primaryimage","url":"https:\/\/diariotextual.com\/inicio\/wp-content\/uploads\/2020\/10\/fernandezalfredoquemu1823.jpg","contentUrl":"https:\/\/diariotextual.com\/inicio\/wp-content\/uploads\/2020\/10\/fernandezalfredoquemu1823.jpg","width":690,"height":456},{"@type":"BreadcrumbList","@id":"https:\/\/diariotextual.com\/inicio\/index.php\/2020\/10\/11\/covid-el-intendente-de-quemu-quemu-aislado-preventivamente\/#breadcrumb","itemListElement":[{"@type":"ListItem","position":1,"name":"Portada","item":"https:\/\/diariotextual.com\/inicio\/"},{"@type":"ListItem","position":2,"name":"Covid: el intendente de Quem\u00fa Quem\u00fa, aislado preventivamente"}]},{"@type":"WebSite","@id":"https:\/\/diariotextual.com\/inicio\/#website","url":"https:\/\/diariotextual.com\/inicio\/","name":"Diario Textual","description":"","publisher":{"@id":"https:\/\/diariotextual.com\/inicio\/#organization"},"potentialAction":[{"@type":"SearchAction","target":{"@type":"EntryPoint","urlTemplate":"https:\/\/diariotextual.com\/inicio\/?s={search_term_string}"},"query-input":{"@type":"PropertyValueSpecification","valueRequired":true,"valueName":"search_term_string"}}],"inLanguage":"es"},{"@type":"Organization","@id":"https:\/\/diariotextual.com\/inicio\/#organization","name":"Diario Textual","url":"https:\/\/diariotextual.com\/inicio\/","logo":{"@type":"ImageObject","inLanguage":"es","@id":"https:\/\/diariotextual.com\/inicio\/#\/schema\/logo\/image\/","url":"https:\/\/diariotextual.com\/inicio\/wp-content\/uploads\/2023\/05\/logotextual1.jpg","contentUrl":"https:\/\/diariotextual.com\/inicio\/wp-content\/uploads\/2023\/05\/logotextual1.jpg","width":516,"height":76,"caption":"Diario Textual"},"image":{"@id":"https:\/\/diariotextual.com\/inicio\/#\/schema\/logo\/image\/"},"sameAs":["https:\/\/www.facebook.com\/eltextual","https:\/\/x.com\/eltextual","http:\/\/www.instagram.com\/eltextual"]},{"@type":"Person","@id":"https:\/\/diariotextual.com\/inicio\/#\/schema\/person\/694f60677f23c4a530867a98f22b3768","name":"diario2","image":{"@type":"ImageObject","inLanguage":"es","@id":"https:\/\/secure.gravatar.com\/avatar\/5a2567495ba16b852fcd8f1ed006a2e24fcace936018ed8237e95f488ad6e0a7?s=96&d=mm&r=g","url":"https:\/\/secure.gravatar.com\/avatar\/5a2567495ba16b852fcd8f1ed006a2e24fcace936018ed8237e95f488ad6e0a7?s=96&d=mm&r=g","contentUrl":"https:\/\/secure.gravatar.com\/avatar\/5a2567495ba16b852fcd8f1ed006a2e24fcace936018ed8237e95f488ad6e0a7?s=96&d=mm&r=g","caption":"diario2"},"url":"https:\/\/diariotextual.com\/inicio\/index.php\/author\/diario2\/"}]}},"_links":{"self":[{"href":"https:\/\/diariotextual.com\/inicio\/index.php\/wp-json\/wp\/v2\/posts\/115782","targetHints":{"allow":["GET"]}}],"collection":[{"href":"https:\/\/diariotextual.com\/inicio\/index.php\/wp-json\/wp\/v2\/posts"}],"about":[{"href":"https:\/\/diariotextual.com\/inicio\/index.php\/wp-json\/wp\/v2\/types\/post"}],"author":[{"embeddable":true,"href":"https:\/\/diariotextual.com\/inicio\/index.php\/wp-json\/wp\/v2\/users\/4"}],"replies":[{"embeddable":true,"href":"https:\/\/diariotextual.com\/inicio\/index.php\/wp-json\/wp\/v2\/comments?post=115782"}],"version-history":[{"count":3,"href":"https:\/\/diariotextual.com\/inicio\/index.php\/wp-json\/wp\/v2\/posts\/115782\/revisions"}],"predecessor-version":[{"id":115802,"href":"https:\/\/diariotextual.com\/inicio\/index.php\/wp-json\/wp\/v2\/posts\/115782\/revisions\/115802"}],"wp:featuredmedia":[{"embeddable":true,"href":"https:\/\/diariotextual.com\/inicio\/index.php\/wp-json\/wp\/v2\/media\/115800"}],"wp:attachment":[{"href":"https:\/\/diariotextual.com\/inicio\/index.php\/wp-json\/wp\/v2\/media?parent=115782"}],"wp:term":[{"taxonomy":"category","embeddable":true,"href":"https:\/\/diariotextual.com\/inicio\/index.php\/wp-json\/wp\/v2\/categories?post=115782"},{"taxonomy":"post_tag","embeddable":true,"href":"https:\/\/diariotextual.com\/inicio\/index.php\/wp-json\/wp\/v2\/tags?post=115782"}],"curies":[{"name":"wp","href":"https:\/\/api.w.org\/{rel}","templated":true}]}}