{"id":115812,"date":"2020-10-12T07:58:02","date_gmt":"2020-10-12T10:58:02","guid":{"rendered":"http:\/\/diariotextual.com\/inicio\/?p=115812"},"modified":"2020-10-12T12:29:07","modified_gmt":"2020-10-12T15:29:07","slug":"ya-hay-7-cadetes-de-la-policia-contagiados-de-covid","status":"publish","type":"post","link":"https:\/\/diariotextual.com\/inicio\/index.php\/2020\/10\/12\/ya-hay-7-cadetes-de-la-policia-contagiados-de-covid\/","title":{"rendered":"Ya hay 7 cadetes de la Escuela de Polic\u00eda contagiados de covid"},"content":{"rendered":"\n<p>Un total de<strong> siete cadetes<\/strong> de la Escuela de Polic\u00eda de La Pampa se contagiaron de coronavirus, seg\u00fan confirmaron fuentes oficiales a <strong>Diario Textual<\/strong>.<\/p>\n\n\n\n<p>Hasta el s\u00e1bado eran dos los positivos en la sede de la escuela de la avenida Belgrano de Santa Rosa y el domingo se sumaron cinco m\u00e1s.<strong> Son cuatro mujeres y tres varones, que est\u00e1n aislados en hoteles.<\/strong><\/p>\n\n\n\n<p>Las autoridades sanitarias decidieron hisopar a unos 40 cadetes. En el transcurso de este lunes se conocer\u00e1 el resultado de los test de unos 20 cadetes. <\/p>\n\n\n\n<p>Adem\u00e1s, el jefe de la Polic\u00eda, <strong>H\u00e9ctor Lara<\/strong>, permanece aislado preventivamente: es contacto estrecho de un amigo que dio positivo, con el que comparti\u00f3 un partido de pelota a paleta.<\/p>\n\n\n\n<p><\/p>\n\n\n\n<p><\/p>\n\n\n\n<h4 class=\"wp-block-heading\">Aislados en el Ipav<\/h4>\n\n\n\n<p>Una gerenta del Instituto Provincial Aut\u00e1rquico de Viviendas (Ipav)<strong><a href=\"http:\/\/diariotextual.com\/inicio\/index.php\/2020\/10\/11\/una-funcionaria-del-ipav-positivo-de-covid\/\" target=\"_blank\" rel=\"noreferrer noopener\"> dio positivo de coronavirus<\/a> <\/strong>este domingo, confirmaron fuentes oficiales a <strong>Diario Textual<\/strong>.<\/p>\n\n\n\n<p>Romina Montes de Oca, gerenta del Promeba, ya se encuentra aislada<strong>. Tambi\u00e9n, preventivamente, fueron aislados el presidente del organismo, Jorge Lezcano, y otros gerentes, por ser contactos estrechos de Montes de Oca.<\/strong><\/p>\n\n\n\n<p><\/p>\n\n\n\n<p><\/p>\n\n\n\n<h4 class=\"wp-block-heading\">Otro intendente aislado<\/h4>\n\n\n\n<p>El intendente de Quem\u00fa Quem\u00fa,<strong><a href=\"http:\/\/diariotextual.com\/inicio\/index.php\/2020\/10\/11\/covid-el-intendente-de-quemu-quemu-aislado-preventivamente\/\" target=\"_blank\" rel=\"noreferrer noopener\">&nbsp;Alfredo Fern\u00e1ndez, fue aislado preventivamente<\/a><\/strong> por ser contacto de contacto estrecho de un paciente con coronavirus.<\/p>\n\n\n\n<p>El jefe comunal confirm\u00f3 a Diario Textual que tambi\u00e9n se encuentra aislado el secretario de Gobierno municipal, Carlos Maguregui.<\/p>\n\n\n\n<p>La localidad presenta diez casos activos de covid y m\u00e1s de 300 personas aisladas, entre contactos estrechos y contactos de contacto, seg\u00fan el \u00faltimo informe epidemiol\u00f3gico del hospital Atilio Calandri de este domingo.<\/p>\n\n\n\n<p>En La Pampa, hasta el momento, han sido dos los intendentes que se han contagiado de coronavirus. Uno es el jefe comunal de General Acha, Abel Sabarots, que contrajo el virus mientras realizaba un tratamiento m\u00e9dico en Buenos Aires y ya se encuentra recuperado. Otro, es Luis Bertero, de Maisonnave, que se contagi\u00f3 hace unos d\u00edas.<\/p>\n\n\n\n<p><\/p>\n\n\n\n<p><\/p>\n\n\n\n<h4 class=\"wp-block-heading\">Un caso en el Correo Argentino<\/h4>\n\n\n\n<p>Hay un <strong><a href=\"http:\/\/diariotextual.com\/inicio\/index.php\/2020\/10\/11\/un-caso-de-covid-de-un-cartero-del-correo-argentino-de-santa-rosa\/\" target=\"_blank\" rel=\"noreferrer noopener\">caso positivo de coronavirus en un trabajador del Correo Argentino<\/a><\/strong>, de Santa Rosa. El dato fue confirmado a<strong>&nbsp;Diario Textual&nbsp;<\/strong>por&nbsp;<strong>Ricardo G\u00f3mez<\/strong>, secretario general del<strong>&nbsp;Sindicato de Obreros y Empleados de Correos y Telecomunicaciones de La Pampa<\/strong>&nbsp;(SOECYT).<\/p>\n\n\n\n<p>Seg\u00fan cont\u00f3, un cartero dio positivo de coronavirus. Por eso, dijo,&nbsp;<strong>el martes 13 no abrir\u00e1n las oficinas de distribuci\u00f3n y telegraf\u00eda por prevenci\u00f3n. Se espera que se hagan tareas de desinfecci\u00f3n.<\/strong><\/p>\n\n\n\n<p>El resto, en principio, seguir\u00e1 funcionando con normalidad. Es decir,&nbsp;<strong>se podr\u00e1 acceder a la sede ubicada en Rivadavia y Lagos y enviar, por ejemplo, cartas documento y enviar y recibir encomiendas.<\/strong><\/p>\n\n\n\n<figure class=\"wp-block-embed-wordpress wp-block-embed is-type-wp-embed is-provider-diario-textual\"><div class=\"wp-block-embed__wrapper\">\n<blockquote class=\"wp-embedded-content\" data-secret=\"QPz3U449tw\"><a href=\"http:\/\/diariotextual.com\/inicio\/index.php\/2020\/10\/11\/ziliotto-convoca-a-reunion-y-define-si-baja-a-fase-2-a-santa-rosa\/\">Por aumento de casos de covid, definen si bajan a Fase 2 a Santa Rosa<\/a><\/blockquote><iframe class=\"wp-embedded-content\" sandbox=\"allow-scripts\" security=\"restricted\" style=\"position: absolute; clip: rect(1px, 1px, 1px, 1px);\" title=\"\u00abPor aumento de casos de covid, definen si bajan a Fase 2 a Santa Rosa\u00bb \u2014 Diario Textual\" src=\"http:\/\/diariotextual.com\/inicio\/index.php\/2020\/10\/11\/ziliotto-convoca-a-reunion-y-define-si-baja-a-fase-2-a-santa-rosa\/embed\/#?secret=QPz3U449tw\" data-secret=\"QPz3U449tw\" width=\"600\" height=\"338\" frameborder=\"0\" marginwidth=\"0\" marginheight=\"0\" scrolling=\"no\"><\/iframe>\n<\/div><\/figure>\n","protected":false},"excerpt":{"rendered":"<p>Un total de siete cadetes de la Escuela de Polic\u00eda de La Pampa se contagiaron de coronavirus, seg\u00fan confirmaron fuentes oficiales a Diario Textual. Hasta el s\u00e1bado eran dos los&hellip;<\/p>\n","protected":false},"author":3,"featured_media":115814,"comment_status":"closed","ping_status":"open","sticky":false,"template":"","format":"standard","meta":{"_acf_changed":false,"footnotes":""},"categories":[10,12],"tags":[2662,2899],"class_list":["post-115812","post","type-post","status-publish","format-standard","has-post-thumbnail","hentry","category-portada-2","category-sociedad","tag-coronavirus","tag-covid"],"acf":[],"yoast_head":"<!-- This site is optimized with the Yoast SEO plugin v27.5 - https:\/\/yoast.com\/product\/yoast-seo-wordpress\/ -->\n<title>Ya hay 7 cadetes de la Escuela de Polic\u00eda contagiados de covid - Diario Textual<\/title>\n<meta name=\"robots\" content=\"index, follow, max-snippet:-1, max-image-preview:large, max-video-preview:-1\" \/>\n<link rel=\"canonical\" href=\"https:\/\/diariotextual.com\/inicio\/index.php\/2020\/10\/12\/ya-hay-7-cadetes-de-la-policia-contagiados-de-covid\/\" \/>\n<meta property=\"og:locale\" content=\"es_ES\" \/>\n<meta property=\"og:type\" content=\"article\" \/>\n<meta property=\"og:title\" content=\"Ya hay 7 cadetes de la Escuela de Polic\u00eda contagiados de covid - Diario Textual\" \/>\n<meta property=\"og:description\" content=\"Un total de siete cadetes de la Escuela de Polic\u00eda de La Pampa se contagiaron de coronavirus, seg\u00fan confirmaron fuentes oficiales a Diario Textual. Hasta el s\u00e1bado eran dos los&hellip;\" \/>\n<meta property=\"og:url\" content=\"https:\/\/diariotextual.com\/inicio\/index.php\/2020\/10\/12\/ya-hay-7-cadetes-de-la-policia-contagiados-de-covid\/\" \/>\n<meta property=\"og:site_name\" content=\"Diario Textual\" \/>\n<meta property=\"article:publisher\" content=\"https:\/\/www.facebook.com\/eltextual\" \/>\n<meta property=\"article:published_time\" content=\"2020-10-12T10:58:02+00:00\" \/>\n<meta property=\"article:modified_time\" content=\"2020-10-12T15:29:07+00:00\" \/>\n<meta property=\"og:image\" content=\"https:\/\/diariotextual.com\/inicio\/wp-content\/uploads\/2020\/10\/policiacadeteescuelapolicialapampa0001.jpg\" \/>\n\t<meta property=\"og:image:width\" content=\"1018\" \/>\n\t<meta property=\"og:image:height\" content=\"600\" \/>\n\t<meta property=\"og:image:type\" content=\"image\/jpeg\" \/>\n<meta name=\"author\" content=\"Diario1 Diario1\" \/>\n<meta name=\"twitter:card\" content=\"summary_large_image\" \/>\n<meta name=\"twitter:creator\" content=\"@eltextual\" \/>\n<meta name=\"twitter:site\" content=\"@eltextual\" \/>\n<meta name=\"twitter:label1\" content=\"Escrito por\" \/>\n\t<meta name=\"twitter:data1\" content=\"Diario1 Diario1\" \/>\n\t<meta name=\"twitter:label2\" content=\"Tiempo de lectura\" \/>\n\t<meta name=\"twitter:data2\" content=\"2 minutos\" \/>\n<script type=\"application\/ld+json\" class=\"yoast-schema-graph\">{\"@context\":\"https:\\\/\\\/schema.org\",\"@graph\":[{\"@type\":\"Article\",\"@id\":\"https:\\\/\\\/diariotextual.com\\\/inicio\\\/index.php\\\/2020\\\/10\\\/12\\\/ya-hay-7-cadetes-de-la-policia-contagiados-de-covid\\\/#article\",\"isPartOf\":{\"@id\":\"https:\\\/\\\/diariotextual.com\\\/inicio\\\/index.php\\\/2020\\\/10\\\/12\\\/ya-hay-7-cadetes-de-la-policia-contagiados-de-covid\\\/\"},\"author\":{\"name\":\"Diario1 Diario1\",\"@id\":\"https:\\\/\\\/diariotextual.com\\\/inicio\\\/#\\\/schema\\\/person\\\/418fc4093c33e86ed41562db3508f958\"},\"headline\":\"Ya hay 7 cadetes de la Escuela de Polic\u00eda contagiados de covid\",\"datePublished\":\"2020-10-12T10:58:02+00:00\",\"dateModified\":\"2020-10-12T15:29:07+00:00\",\"mainEntityOfPage\":{\"@id\":\"https:\\\/\\\/diariotextual.com\\\/inicio\\\/index.php\\\/2020\\\/10\\\/12\\\/ya-hay-7-cadetes-de-la-policia-contagiados-de-covid\\\/\"},\"wordCount\":466,\"publisher\":{\"@id\":\"https:\\\/\\\/diariotextual.com\\\/inicio\\\/#organization\"},\"image\":{\"@id\":\"https:\\\/\\\/diariotextual.com\\\/inicio\\\/index.php\\\/2020\\\/10\\\/12\\\/ya-hay-7-cadetes-de-la-policia-contagiados-de-covid\\\/#primaryimage\"},\"thumbnailUrl\":\"https:\\\/\\\/diariotextual.com\\\/inicio\\\/wp-content\\\/uploads\\\/2020\\\/10\\\/policiacadeteescuelapolicialapampa0001.jpg\",\"keywords\":[\"coronavirus\",\"covid\"],\"articleSection\":[\"A - PORTADA2\",\"SOCIEDAD\"],\"inLanguage\":\"es\"},{\"@type\":\"WebPage\",\"@id\":\"https:\\\/\\\/diariotextual.com\\\/inicio\\\/index.php\\\/2020\\\/10\\\/12\\\/ya-hay-7-cadetes-de-la-policia-contagiados-de-covid\\\/\",\"url\":\"https:\\\/\\\/diariotextual.com\\\/inicio\\\/index.php\\\/2020\\\/10\\\/12\\\/ya-hay-7-cadetes-de-la-policia-contagiados-de-covid\\\/\",\"name\":\"Ya hay 7 cadetes de la Escuela de Polic\u00eda contagiados de covid - Diario Textual\",\"isPartOf\":{\"@id\":\"https:\\\/\\\/diariotextual.com\\\/inicio\\\/#website\"},\"primaryImageOfPage\":{\"@id\":\"https:\\\/\\\/diariotextual.com\\\/inicio\\\/index.php\\\/2020\\\/10\\\/12\\\/ya-hay-7-cadetes-de-la-policia-contagiados-de-covid\\\/#primaryimage\"},\"image\":{\"@id\":\"https:\\\/\\\/diariotextual.com\\\/inicio\\\/index.php\\\/2020\\\/10\\\/12\\\/ya-hay-7-cadetes-de-la-policia-contagiados-de-covid\\\/#primaryimage\"},\"thumbnailUrl\":\"https:\\\/\\\/diariotextual.com\\\/inicio\\\/wp-content\\\/uploads\\\/2020\\\/10\\\/policiacadeteescuelapolicialapampa0001.jpg\",\"datePublished\":\"2020-10-12T10:58:02+00:00\",\"dateModified\":\"2020-10-12T15:29:07+00:00\",\"breadcrumb\":{\"@id\":\"https:\\\/\\\/diariotextual.com\\\/inicio\\\/index.php\\\/2020\\\/10\\\/12\\\/ya-hay-7-cadetes-de-la-policia-contagiados-de-covid\\\/#breadcrumb\"},\"inLanguage\":\"es\",\"potentialAction\":[{\"@type\":\"ReadAction\",\"target\":[\"https:\\\/\\\/diariotextual.com\\\/inicio\\\/index.php\\\/2020\\\/10\\\/12\\\/ya-hay-7-cadetes-de-la-policia-contagiados-de-covid\\\/\"]}]},{\"@type\":\"ImageObject\",\"inLanguage\":\"es\",\"@id\":\"https:\\\/\\\/diariotextual.com\\\/inicio\\\/index.php\\\/2020\\\/10\\\/12\\\/ya-hay-7-cadetes-de-la-policia-contagiados-de-covid\\\/#primaryimage\",\"url\":\"https:\\\/\\\/diariotextual.com\\\/inicio\\\/wp-content\\\/uploads\\\/2020\\\/10\\\/policiacadeteescuelapolicialapampa0001.jpg\",\"contentUrl\":\"https:\\\/\\\/diariotextual.com\\\/inicio\\\/wp-content\\\/uploads\\\/2020\\\/10\\\/policiacadeteescuelapolicialapampa0001.jpg\",\"width\":1018,\"height\":600},{\"@type\":\"BreadcrumbList\",\"@id\":\"https:\\\/\\\/diariotextual.com\\\/inicio\\\/index.php\\\/2020\\\/10\\\/12\\\/ya-hay-7-cadetes-de-la-policia-contagiados-de-covid\\\/#breadcrumb\",\"itemListElement\":[{\"@type\":\"ListItem\",\"position\":1,\"name\":\"Portada\",\"item\":\"https:\\\/\\\/diariotextual.com\\\/inicio\\\/\"},{\"@type\":\"ListItem\",\"position\":2,\"name\":\"Ya hay 7 cadetes de la Escuela de Polic\u00eda contagiados de covid\"}]},{\"@type\":\"WebSite\",\"@id\":\"https:\\\/\\\/diariotextual.com\\\/inicio\\\/#website\",\"url\":\"https:\\\/\\\/diariotextual.com\\\/inicio\\\/\",\"name\":\"Diario Textual\",\"description\":\"\",\"publisher\":{\"@id\":\"https:\\\/\\\/diariotextual.com\\\/inicio\\\/#organization\"},\"potentialAction\":[{\"@type\":\"SearchAction\",\"target\":{\"@type\":\"EntryPoint\",\"urlTemplate\":\"https:\\\/\\\/diariotextual.com\\\/inicio\\\/?s={search_term_string}\"},\"query-input\":{\"@type\":\"PropertyValueSpecification\",\"valueRequired\":true,\"valueName\":\"search_term_string\"}}],\"inLanguage\":\"es\"},{\"@type\":\"Organization\",\"@id\":\"https:\\\/\\\/diariotextual.com\\\/inicio\\\/#organization\",\"name\":\"Diario Textual\",\"url\":\"https:\\\/\\\/diariotextual.com\\\/inicio\\\/\",\"logo\":{\"@type\":\"ImageObject\",\"inLanguage\":\"es\",\"@id\":\"https:\\\/\\\/diariotextual.com\\\/inicio\\\/#\\\/schema\\\/logo\\\/image\\\/\",\"url\":\"https:\\\/\\\/diariotextual.com\\\/inicio\\\/wp-content\\\/uploads\\\/2023\\\/05\\\/logotextual1.jpg\",\"contentUrl\":\"https:\\\/\\\/diariotextual.com\\\/inicio\\\/wp-content\\\/uploads\\\/2023\\\/05\\\/logotextual1.jpg\",\"width\":516,\"height\":76,\"caption\":\"Diario Textual\"},\"image\":{\"@id\":\"https:\\\/\\\/diariotextual.com\\\/inicio\\\/#\\\/schema\\\/logo\\\/image\\\/\"},\"sameAs\":[\"https:\\\/\\\/www.facebook.com\\\/eltextual\",\"https:\\\/\\\/x.com\\\/eltextual\",\"http:\\\/\\\/www.instagram.com\\\/eltextual\"]},{\"@type\":\"Person\",\"@id\":\"https:\\\/\\\/diariotextual.com\\\/inicio\\\/#\\\/schema\\\/person\\\/418fc4093c33e86ed41562db3508f958\",\"name\":\"Diario1 Diario1\",\"image\":{\"@type\":\"ImageObject\",\"inLanguage\":\"es\",\"@id\":\"https:\\\/\\\/secure.gravatar.com\\\/avatar\\\/9167d280179c85bc18be67aa7eda765854300033af4896dd779b608640f2ef7a?s=96&d=mm&r=g\",\"url\":\"https:\\\/\\\/secure.gravatar.com\\\/avatar\\\/9167d280179c85bc18be67aa7eda765854300033af4896dd779b608640f2ef7a?s=96&d=mm&r=g\",\"contentUrl\":\"https:\\\/\\\/secure.gravatar.com\\\/avatar\\\/9167d280179c85bc18be67aa7eda765854300033af4896dd779b608640f2ef7a?s=96&d=mm&r=g\",\"caption\":\"Diario1 Diario1\"},\"url\":\"https:\\\/\\\/diariotextual.com\\\/inicio\\\/index.php\\\/author\\\/diario1\\\/\"}]}<\/script>\n<!-- \/ Yoast SEO plugin. -->","yoast_head_json":{"title":"Ya hay 7 cadetes de la Escuela de Polic\u00eda contagiados de covid - Diario Textual","robots":{"index":"index","follow":"follow","max-snippet":"max-snippet:-1","max-image-preview":"max-image-preview:large","max-video-preview":"max-video-preview:-1"},"canonical":"https:\/\/diariotextual.com\/inicio\/index.php\/2020\/10\/12\/ya-hay-7-cadetes-de-la-policia-contagiados-de-covid\/","og_locale":"es_ES","og_type":"article","og_title":"Ya hay 7 cadetes de la Escuela de Polic\u00eda contagiados de covid - Diario Textual","og_description":"Un total de siete cadetes de la Escuela de Polic\u00eda de La Pampa se contagiaron de coronavirus, seg\u00fan confirmaron fuentes oficiales a Diario Textual. Hasta el s\u00e1bado eran dos los&hellip;","og_url":"https:\/\/diariotextual.com\/inicio\/index.php\/2020\/10\/12\/ya-hay-7-cadetes-de-la-policia-contagiados-de-covid\/","og_site_name":"Diario Textual","article_publisher":"https:\/\/www.facebook.com\/eltextual","article_published_time":"2020-10-12T10:58:02+00:00","article_modified_time":"2020-10-12T15:29:07+00:00","og_image":[{"width":1018,"height":600,"url":"https:\/\/diariotextual.com\/inicio\/wp-content\/uploads\/2020\/10\/policiacadeteescuelapolicialapampa0001.jpg","type":"image\/jpeg"}],"author":"Diario1 Diario1","twitter_card":"summary_large_image","twitter_creator":"@eltextual","twitter_site":"@eltextual","twitter_misc":{"Escrito por":"Diario1 Diario1","Tiempo de lectura":"2 minutos"},"schema":{"@context":"https:\/\/schema.org","@graph":[{"@type":"Article","@id":"https:\/\/diariotextual.com\/inicio\/index.php\/2020\/10\/12\/ya-hay-7-cadetes-de-la-policia-contagiados-de-covid\/#article","isPartOf":{"@id":"https:\/\/diariotextual.com\/inicio\/index.php\/2020\/10\/12\/ya-hay-7-cadetes-de-la-policia-contagiados-de-covid\/"},"author":{"name":"Diario1 Diario1","@id":"https:\/\/diariotextual.com\/inicio\/#\/schema\/person\/418fc4093c33e86ed41562db3508f958"},"headline":"Ya hay 7 cadetes de la Escuela de Polic\u00eda contagiados de covid","datePublished":"2020-10-12T10:58:02+00:00","dateModified":"2020-10-12T15:29:07+00:00","mainEntityOfPage":{"@id":"https:\/\/diariotextual.com\/inicio\/index.php\/2020\/10\/12\/ya-hay-7-cadetes-de-la-policia-contagiados-de-covid\/"},"wordCount":466,"publisher":{"@id":"https:\/\/diariotextual.com\/inicio\/#organization"},"image":{"@id":"https:\/\/diariotextual.com\/inicio\/index.php\/2020\/10\/12\/ya-hay-7-cadetes-de-la-policia-contagiados-de-covid\/#primaryimage"},"thumbnailUrl":"https:\/\/diariotextual.com\/inicio\/wp-content\/uploads\/2020\/10\/policiacadeteescuelapolicialapampa0001.jpg","keywords":["coronavirus","covid"],"articleSection":["A - PORTADA2","SOCIEDAD"],"inLanguage":"es"},{"@type":"WebPage","@id":"https:\/\/diariotextual.com\/inicio\/index.php\/2020\/10\/12\/ya-hay-7-cadetes-de-la-policia-contagiados-de-covid\/","url":"https:\/\/diariotextual.com\/inicio\/index.php\/2020\/10\/12\/ya-hay-7-cadetes-de-la-policia-contagiados-de-covid\/","name":"Ya hay 7 cadetes de la Escuela de Polic\u00eda contagiados de covid - Diario Textual","isPartOf":{"@id":"https:\/\/diariotextual.com\/inicio\/#website"},"primaryImageOfPage":{"@id":"https:\/\/diariotextual.com\/inicio\/index.php\/2020\/10\/12\/ya-hay-7-cadetes-de-la-policia-contagiados-de-covid\/#primaryimage"},"image":{"@id":"https:\/\/diariotextual.com\/inicio\/index.php\/2020\/10\/12\/ya-hay-7-cadetes-de-la-policia-contagiados-de-covid\/#primaryimage"},"thumbnailUrl":"https:\/\/diariotextual.com\/inicio\/wp-content\/uploads\/2020\/10\/policiacadeteescuelapolicialapampa0001.jpg","datePublished":"2020-10-12T10:58:02+00:00","dateModified":"2020-10-12T15:29:07+00:00","breadcrumb":{"@id":"https:\/\/diariotextual.com\/inicio\/index.php\/2020\/10\/12\/ya-hay-7-cadetes-de-la-policia-contagiados-de-covid\/#breadcrumb"},"inLanguage":"es","potentialAction":[{"@type":"ReadAction","target":["https:\/\/diariotextual.com\/inicio\/index.php\/2020\/10\/12\/ya-hay-7-cadetes-de-la-policia-contagiados-de-covid\/"]}]},{"@type":"ImageObject","inLanguage":"es","@id":"https:\/\/diariotextual.com\/inicio\/index.php\/2020\/10\/12\/ya-hay-7-cadetes-de-la-policia-contagiados-de-covid\/#primaryimage","url":"https:\/\/diariotextual.com\/inicio\/wp-content\/uploads\/2020\/10\/policiacadeteescuelapolicialapampa0001.jpg","contentUrl":"https:\/\/diariotextual.com\/inicio\/wp-content\/uploads\/2020\/10\/policiacadeteescuelapolicialapampa0001.jpg","width":1018,"height":600},{"@type":"BreadcrumbList","@id":"https:\/\/diariotextual.com\/inicio\/index.php\/2020\/10\/12\/ya-hay-7-cadetes-de-la-policia-contagiados-de-covid\/#breadcrumb","itemListElement":[{"@type":"ListItem","position":1,"name":"Portada","item":"https:\/\/diariotextual.com\/inicio\/"},{"@type":"ListItem","position":2,"name":"Ya hay 7 cadetes de la Escuela de Polic\u00eda contagiados de covid"}]},{"@type":"WebSite","@id":"https:\/\/diariotextual.com\/inicio\/#website","url":"https:\/\/diariotextual.com\/inicio\/","name":"Diario Textual","description":"","publisher":{"@id":"https:\/\/diariotextual.com\/inicio\/#organization"},"potentialAction":[{"@type":"SearchAction","target":{"@type":"EntryPoint","urlTemplate":"https:\/\/diariotextual.com\/inicio\/?s={search_term_string}"},"query-input":{"@type":"PropertyValueSpecification","valueRequired":true,"valueName":"search_term_string"}}],"inLanguage":"es"},{"@type":"Organization","@id":"https:\/\/diariotextual.com\/inicio\/#organization","name":"Diario Textual","url":"https:\/\/diariotextual.com\/inicio\/","logo":{"@type":"ImageObject","inLanguage":"es","@id":"https:\/\/diariotextual.com\/inicio\/#\/schema\/logo\/image\/","url":"https:\/\/diariotextual.com\/inicio\/wp-content\/uploads\/2023\/05\/logotextual1.jpg","contentUrl":"https:\/\/diariotextual.com\/inicio\/wp-content\/uploads\/2023\/05\/logotextual1.jpg","width":516,"height":76,"caption":"Diario Textual"},"image":{"@id":"https:\/\/diariotextual.com\/inicio\/#\/schema\/logo\/image\/"},"sameAs":["https:\/\/www.facebook.com\/eltextual","https:\/\/x.com\/eltextual","http:\/\/www.instagram.com\/eltextual"]},{"@type":"Person","@id":"https:\/\/diariotextual.com\/inicio\/#\/schema\/person\/418fc4093c33e86ed41562db3508f958","name":"Diario1 Diario1","image":{"@type":"ImageObject","inLanguage":"es","@id":"https:\/\/secure.gravatar.com\/avatar\/9167d280179c85bc18be67aa7eda765854300033af4896dd779b608640f2ef7a?s=96&d=mm&r=g","url":"https:\/\/secure.gravatar.com\/avatar\/9167d280179c85bc18be67aa7eda765854300033af4896dd779b608640f2ef7a?s=96&d=mm&r=g","contentUrl":"https:\/\/secure.gravatar.com\/avatar\/9167d280179c85bc18be67aa7eda765854300033af4896dd779b608640f2ef7a?s=96&d=mm&r=g","caption":"Diario1 Diario1"},"url":"https:\/\/diariotextual.com\/inicio\/index.php\/author\/diario1\/"}]}},"_links":{"self":[{"href":"https:\/\/diariotextual.com\/inicio\/index.php\/wp-json\/wp\/v2\/posts\/115812","targetHints":{"allow":["GET"]}}],"collection":[{"href":"https:\/\/diariotextual.com\/inicio\/index.php\/wp-json\/wp\/v2\/posts"}],"about":[{"href":"https:\/\/diariotextual.com\/inicio\/index.php\/wp-json\/wp\/v2\/types\/post"}],"author":[{"embeddable":true,"href":"https:\/\/diariotextual.com\/inicio\/index.php\/wp-json\/wp\/v2\/users\/3"}],"replies":[{"embeddable":true,"href":"https:\/\/diariotextual.com\/inicio\/index.php\/wp-json\/wp\/v2\/comments?post=115812"}],"version-history":[{"count":8,"href":"https:\/\/diariotextual.com\/inicio\/index.php\/wp-json\/wp\/v2\/posts\/115812\/revisions"}],"predecessor-version":[{"id":115821,"href":"https:\/\/diariotextual.com\/inicio\/index.php\/wp-json\/wp\/v2\/posts\/115812\/revisions\/115821"}],"wp:featuredmedia":[{"embeddable":true,"href":"https:\/\/diariotextual.com\/inicio\/index.php\/wp-json\/wp\/v2\/media\/115814"}],"wp:attachment":[{"href":"https:\/\/diariotextual.com\/inicio\/index.php\/wp-json\/wp\/v2\/media?parent=115812"}],"wp:term":[{"taxonomy":"category","embeddable":true,"href":"https:\/\/diariotextual.com\/inicio\/index.php\/wp-json\/wp\/v2\/categories?post=115812"},{"taxonomy":"post_tag","embeddable":true,"href":"https:\/\/diariotextual.com\/inicio\/index.php\/wp-json\/wp\/v2\/tags?post=115812"}],"curies":[{"name":"wp","href":"https:\/\/api.w.org\/{rel}","templated":true}]}}