{"id":116218,"date":"2020-10-14T11:27:00","date_gmt":"2020-10-14T14:27:00","guid":{"rendered":"http:\/\/diariotextual.com\/inicio\/?p=116218"},"modified":"2020-10-14T19:36:35","modified_gmt":"2020-10-14T22:36:35","slug":"covid-un-intendente-le-pidio-a-kohan-reducir-dias-de-aislamiento-de-los-contactos-de-contactos","status":"publish","type":"post","link":"https:\/\/diariotextual.com\/inicio\/index.php\/2020\/10\/14\/covid-un-intendente-le-pidio-a-kohan-reducir-dias-de-aislamiento-de-los-contactos-de-contactos\/","title":{"rendered":"Covid: un intendente le pidi\u00f3 a Kohan reducir d\u00edas de aislamiento de los contactos de contactos"},"content":{"rendered":"\n<p>Hay quienes aseguran que los hospitales de algunas localidades pampeanas parecen <strong><em>call center<\/em><\/strong>: hay empleados administrativos, enfermeros y m\u00e9dicos llamando por tel\u00e9fono, en todo momento, para tratar de verificar que las personas que han sido contacto estrecho de casos positivos de coronavirus o contacto de contactos estrechos est\u00e9n cumpliendo el aislamiento en sus casas.<\/p>\n\n\n\n<p><strong>La Pampa &#8211; a trav\u00e9s de <a rel=\"noreferrer noopener\" href=\"http:\/\/diariotextual.com\/inicio\/index.php\/2020\/10\/05\/la-pampa-ahora-los-contactos-de-los-contactos-estrechos-tambien-deben-aislarse-por-14-dias\/\" target=\"_blank\">Resoluci\u00f3n 4293\/20<\/a> del Ministerio de Salud- es la \u00fanica provincia que implement\u00f3, preventivamente, la obligaci\u00f3n de 14 d\u00edas de aislamiento hasta los contactos de contacto. <\/strong>El objetivo es tratar de <strong>cortar, cuanto antes, la cadena<\/strong> de contagios.<\/p>\n\n\n\n<p>La estrategia sanitaria ha sido aplaudida hasta nivel nacional. Pero ya hay intendentes que en las \u00faltimas han pedido \u201crebajar unos d\u00edas\u201d el aislamiento de los \u201ccontactos de los contactos\u201d: es que, argumentan, en algunos pueblos no dan abasto para controlar.<\/p>\n\n\n\n<p>Desde el inicio de la pandemia, en La Pampa se registraron un total de 1.163 casos positivos para Covid-19, de los cuales 392 permanecen activos. Por esos activos,<strong> hay 5400 aislados<\/strong>.<\/p>\n\n\n\n<p>\u201cEn mi pueblo tenemos menos de 10 casos positivos, pero con 400 aislados. El hospital parece un call center, llamando a toda hora a los contactos. Pero, como en todo pueblo, las noticias corren y nos hemos enterado que algunos no cumplen con el aislamiento y se han ido a comer alg\u00fan asado a pueblos de otras provincias. Es que es muy dif\u00edcil el control. Imag\u00ednense lo que debe ser Santa Rosa o Pico\u2026\u201d, dijo un intendente, en off de r\u00e9cord, a Diario Textual.<\/p>\n\n\n\n<p>Este jefe comunal confirm\u00f3 a Diario Textual que le transmiti\u00f3 telef\u00f3nicamente la inquietud al ministro de Salud de La Pampa, Rub\u00e9n Kohan. \u201cLa problem\u00e1tica est\u00e1, tambi\u00e9n, en otros pueblos. Qued\u00f3 en analizar el tema, aunque no creo que den marcha atr\u00e1s\u201d, sostuvo.<\/p>\n\n\n\n<figure class=\"wp-block-embed-wordpress wp-block-embed is-type-wp-embed is-provider-diario-textual\"><div class=\"wp-block-embed__wrapper\">\n<blockquote class=\"wp-embedded-content\" data-secret=\"xM1FXiiSjY\"><a href=\"http:\/\/diariotextual.com\/inicio\/index.php\/2020\/10\/13\/covid-en-la-pampa-47-nuevos-casos-y-5400-aislados\/\">Covid en La Pampa: 47 nuevos casos y 5400 aislados<\/a><\/blockquote><iframe class=\"wp-embedded-content\" sandbox=\"allow-scripts\" security=\"restricted\" style=\"position: absolute; clip: rect(1px, 1px, 1px, 1px);\" title=\"\u00abCovid en La Pampa: 47 nuevos casos y 5400 aislados\u00bb \u2014 Diario Textual\" src=\"http:\/\/diariotextual.com\/inicio\/index.php\/2020\/10\/13\/covid-en-la-pampa-47-nuevos-casos-y-5400-aislados\/embed\/#?secret=xM1FXiiSjY\" data-secret=\"xM1FXiiSjY\" width=\"600\" height=\"338\" frameborder=\"0\" marginwidth=\"0\" marginheight=\"0\" scrolling=\"no\"><\/iframe>\n<\/div><\/figure>\n","protected":false},"excerpt":{"rendered":"<p>Hay quienes aseguran que los hospitales de algunas localidades pampeanas parecen call center: hay empleados administrativos, enfermeros y m\u00e9dicos llamando por tel\u00e9fono, en todo momento, para tratar de verificar que&hellip;<\/p>\n","protected":false},"author":3,"featured_media":103061,"comment_status":"closed","ping_status":"open","sticky":false,"template":"","format":"standard","meta":{"_acf_changed":false,"footnotes":""},"categories":[319,12],"tags":[2662],"class_list":["post-116218","post","type-post","status-publish","format-standard","has-post-thumbnail","hentry","category-a-temporales","category-sociedad","tag-coronavirus"],"acf":[],"yoast_head":"<!-- This site is optimized with the Yoast SEO plugin v27.5 - https:\/\/yoast.com\/product\/yoast-seo-wordpress\/ -->\n<title>Covid: un intendente le pidi\u00f3 a Kohan reducir d\u00edas de aislamiento de los contactos de contactos - Diario Textual<\/title>\n<meta name=\"robots\" content=\"index, follow, max-snippet:-1, max-image-preview:large, max-video-preview:-1\" \/>\n<link rel=\"canonical\" href=\"https:\/\/diariotextual.com\/inicio\/index.php\/2020\/10\/14\/covid-un-intendente-le-pidio-a-kohan-reducir-dias-de-aislamiento-de-los-contactos-de-contactos\/\" \/>\n<meta property=\"og:locale\" content=\"es_ES\" \/>\n<meta property=\"og:type\" content=\"article\" \/>\n<meta property=\"og:title\" content=\"Covid: un intendente le pidi\u00f3 a Kohan reducir d\u00edas de aislamiento de los contactos de contactos - Diario Textual\" \/>\n<meta property=\"og:description\" content=\"Hay quienes aseguran que los hospitales de algunas localidades pampeanas parecen call center: hay empleados administrativos, enfermeros y m\u00e9dicos llamando por tel\u00e9fono, en todo momento, para tratar de verificar que&hellip;\" \/>\n<meta property=\"og:url\" content=\"https:\/\/diariotextual.com\/inicio\/index.php\/2020\/10\/14\/covid-un-intendente-le-pidio-a-kohan-reducir-dias-de-aislamiento-de-los-contactos-de-contactos\/\" \/>\n<meta property=\"og:site_name\" content=\"Diario Textual\" \/>\n<meta property=\"article:publisher\" content=\"https:\/\/www.facebook.com\/eltextual\" \/>\n<meta property=\"article:published_time\" content=\"2020-10-14T14:27:00+00:00\" \/>\n<meta property=\"article:modified_time\" content=\"2020-10-14T22:36:35+00:00\" \/>\n<meta property=\"og:image\" content=\"https:\/\/diariotextual.com\/inicio\/wp-content\/uploads\/2020\/07\/coronaviruscatrilo2020-200.jpg\" \/>\n\t<meta property=\"og:image:width\" content=\"1485\" \/>\n\t<meta property=\"og:image:height\" content=\"991\" \/>\n\t<meta property=\"og:image:type\" content=\"image\/jpeg\" \/>\n<meta name=\"author\" content=\"Diario1 Diario1\" \/>\n<meta name=\"twitter:card\" content=\"summary_large_image\" \/>\n<meta name=\"twitter:creator\" content=\"@eltextual\" \/>\n<meta name=\"twitter:site\" content=\"@eltextual\" \/>\n<meta name=\"twitter:label1\" content=\"Escrito por\" \/>\n\t<meta name=\"twitter:data1\" content=\"Diario1 Diario1\" \/>\n\t<meta name=\"twitter:label2\" content=\"Tiempo de lectura\" \/>\n\t<meta name=\"twitter:data2\" content=\"2 minutos\" \/>\n<script type=\"application\/ld+json\" class=\"yoast-schema-graph\">{\"@context\":\"https:\\\/\\\/schema.org\",\"@graph\":[{\"@type\":\"Article\",\"@id\":\"https:\\\/\\\/diariotextual.com\\\/inicio\\\/index.php\\\/2020\\\/10\\\/14\\\/covid-un-intendente-le-pidio-a-kohan-reducir-dias-de-aislamiento-de-los-contactos-de-contactos\\\/#article\",\"isPartOf\":{\"@id\":\"https:\\\/\\\/diariotextual.com\\\/inicio\\\/index.php\\\/2020\\\/10\\\/14\\\/covid-un-intendente-le-pidio-a-kohan-reducir-dias-de-aislamiento-de-los-contactos-de-contactos\\\/\"},\"author\":{\"name\":\"Diario1 Diario1\",\"@id\":\"https:\\\/\\\/diariotextual.com\\\/inicio\\\/#\\\/schema\\\/person\\\/418fc4093c33e86ed41562db3508f958\"},\"headline\":\"Covid: un intendente le pidi\u00f3 a Kohan reducir d\u00edas de aislamiento de los contactos de contactos\",\"datePublished\":\"2020-10-14T14:27:00+00:00\",\"dateModified\":\"2020-10-14T22:36:35+00:00\",\"mainEntityOfPage\":{\"@id\":\"https:\\\/\\\/diariotextual.com\\\/inicio\\\/index.php\\\/2020\\\/10\\\/14\\\/covid-un-intendente-le-pidio-a-kohan-reducir-dias-de-aislamiento-de-los-contactos-de-contactos\\\/\"},\"wordCount\":331,\"publisher\":{\"@id\":\"https:\\\/\\\/diariotextual.com\\\/inicio\\\/#organization\"},\"image\":{\"@id\":\"https:\\\/\\\/diariotextual.com\\\/inicio\\\/index.php\\\/2020\\\/10\\\/14\\\/covid-un-intendente-le-pidio-a-kohan-reducir-dias-de-aislamiento-de-los-contactos-de-contactos\\\/#primaryimage\"},\"thumbnailUrl\":\"https:\\\/\\\/diariotextual.com\\\/inicio\\\/wp-content\\\/uploads\\\/2020\\\/07\\\/coronaviruscatrilo2020-200.jpg\",\"keywords\":[\"coronavirus\"],\"articleSection\":[\"A - TEMPORALES\",\"SOCIEDAD\"],\"inLanguage\":\"es\"},{\"@type\":\"WebPage\",\"@id\":\"https:\\\/\\\/diariotextual.com\\\/inicio\\\/index.php\\\/2020\\\/10\\\/14\\\/covid-un-intendente-le-pidio-a-kohan-reducir-dias-de-aislamiento-de-los-contactos-de-contactos\\\/\",\"url\":\"https:\\\/\\\/diariotextual.com\\\/inicio\\\/index.php\\\/2020\\\/10\\\/14\\\/covid-un-intendente-le-pidio-a-kohan-reducir-dias-de-aislamiento-de-los-contactos-de-contactos\\\/\",\"name\":\"Covid: un intendente le pidi\u00f3 a Kohan reducir d\u00edas de aislamiento de los contactos de contactos - Diario Textual\",\"isPartOf\":{\"@id\":\"https:\\\/\\\/diariotextual.com\\\/inicio\\\/#website\"},\"primaryImageOfPage\":{\"@id\":\"https:\\\/\\\/diariotextual.com\\\/inicio\\\/index.php\\\/2020\\\/10\\\/14\\\/covid-un-intendente-le-pidio-a-kohan-reducir-dias-de-aislamiento-de-los-contactos-de-contactos\\\/#primaryimage\"},\"image\":{\"@id\":\"https:\\\/\\\/diariotextual.com\\\/inicio\\\/index.php\\\/2020\\\/10\\\/14\\\/covid-un-intendente-le-pidio-a-kohan-reducir-dias-de-aislamiento-de-los-contactos-de-contactos\\\/#primaryimage\"},\"thumbnailUrl\":\"https:\\\/\\\/diariotextual.com\\\/inicio\\\/wp-content\\\/uploads\\\/2020\\\/07\\\/coronaviruscatrilo2020-200.jpg\",\"datePublished\":\"2020-10-14T14:27:00+00:00\",\"dateModified\":\"2020-10-14T22:36:35+00:00\",\"breadcrumb\":{\"@id\":\"https:\\\/\\\/diariotextual.com\\\/inicio\\\/index.php\\\/2020\\\/10\\\/14\\\/covid-un-intendente-le-pidio-a-kohan-reducir-dias-de-aislamiento-de-los-contactos-de-contactos\\\/#breadcrumb\"},\"inLanguage\":\"es\",\"potentialAction\":[{\"@type\":\"ReadAction\",\"target\":[\"https:\\\/\\\/diariotextual.com\\\/inicio\\\/index.php\\\/2020\\\/10\\\/14\\\/covid-un-intendente-le-pidio-a-kohan-reducir-dias-de-aislamiento-de-los-contactos-de-contactos\\\/\"]}]},{\"@type\":\"ImageObject\",\"inLanguage\":\"es\",\"@id\":\"https:\\\/\\\/diariotextual.com\\\/inicio\\\/index.php\\\/2020\\\/10\\\/14\\\/covid-un-intendente-le-pidio-a-kohan-reducir-dias-de-aislamiento-de-los-contactos-de-contactos\\\/#primaryimage\",\"url\":\"https:\\\/\\\/diariotextual.com\\\/inicio\\\/wp-content\\\/uploads\\\/2020\\\/07\\\/coronaviruscatrilo2020-200.jpg\",\"contentUrl\":\"https:\\\/\\\/diariotextual.com\\\/inicio\\\/wp-content\\\/uploads\\\/2020\\\/07\\\/coronaviruscatrilo2020-200.jpg\",\"width\":1485,\"height\":991},{\"@type\":\"BreadcrumbList\",\"@id\":\"https:\\\/\\\/diariotextual.com\\\/inicio\\\/index.php\\\/2020\\\/10\\\/14\\\/covid-un-intendente-le-pidio-a-kohan-reducir-dias-de-aislamiento-de-los-contactos-de-contactos\\\/#breadcrumb\",\"itemListElement\":[{\"@type\":\"ListItem\",\"position\":1,\"name\":\"Portada\",\"item\":\"https:\\\/\\\/diariotextual.com\\\/inicio\\\/\"},{\"@type\":\"ListItem\",\"position\":2,\"name\":\"Covid: un intendente le pidi\u00f3 a Kohan reducir d\u00edas de aislamiento de los contactos de contactos\"}]},{\"@type\":\"WebSite\",\"@id\":\"https:\\\/\\\/diariotextual.com\\\/inicio\\\/#website\",\"url\":\"https:\\\/\\\/diariotextual.com\\\/inicio\\\/\",\"name\":\"Diario Textual\",\"description\":\"\",\"publisher\":{\"@id\":\"https:\\\/\\\/diariotextual.com\\\/inicio\\\/#organization\"},\"potentialAction\":[{\"@type\":\"SearchAction\",\"target\":{\"@type\":\"EntryPoint\",\"urlTemplate\":\"https:\\\/\\\/diariotextual.com\\\/inicio\\\/?s={search_term_string}\"},\"query-input\":{\"@type\":\"PropertyValueSpecification\",\"valueRequired\":true,\"valueName\":\"search_term_string\"}}],\"inLanguage\":\"es\"},{\"@type\":\"Organization\",\"@id\":\"https:\\\/\\\/diariotextual.com\\\/inicio\\\/#organization\",\"name\":\"Diario Textual\",\"url\":\"https:\\\/\\\/diariotextual.com\\\/inicio\\\/\",\"logo\":{\"@type\":\"ImageObject\",\"inLanguage\":\"es\",\"@id\":\"https:\\\/\\\/diariotextual.com\\\/inicio\\\/#\\\/schema\\\/logo\\\/image\\\/\",\"url\":\"https:\\\/\\\/diariotextual.com\\\/inicio\\\/wp-content\\\/uploads\\\/2023\\\/05\\\/logotextual1.jpg\",\"contentUrl\":\"https:\\\/\\\/diariotextual.com\\\/inicio\\\/wp-content\\\/uploads\\\/2023\\\/05\\\/logotextual1.jpg\",\"width\":516,\"height\":76,\"caption\":\"Diario Textual\"},\"image\":{\"@id\":\"https:\\\/\\\/diariotextual.com\\\/inicio\\\/#\\\/schema\\\/logo\\\/image\\\/\"},\"sameAs\":[\"https:\\\/\\\/www.facebook.com\\\/eltextual\",\"https:\\\/\\\/x.com\\\/eltextual\",\"http:\\\/\\\/www.instagram.com\\\/eltextual\"]},{\"@type\":\"Person\",\"@id\":\"https:\\\/\\\/diariotextual.com\\\/inicio\\\/#\\\/schema\\\/person\\\/418fc4093c33e86ed41562db3508f958\",\"name\":\"Diario1 Diario1\",\"image\":{\"@type\":\"ImageObject\",\"inLanguage\":\"es\",\"@id\":\"https:\\\/\\\/secure.gravatar.com\\\/avatar\\\/9167d280179c85bc18be67aa7eda765854300033af4896dd779b608640f2ef7a?s=96&d=mm&r=g\",\"url\":\"https:\\\/\\\/secure.gravatar.com\\\/avatar\\\/9167d280179c85bc18be67aa7eda765854300033af4896dd779b608640f2ef7a?s=96&d=mm&r=g\",\"contentUrl\":\"https:\\\/\\\/secure.gravatar.com\\\/avatar\\\/9167d280179c85bc18be67aa7eda765854300033af4896dd779b608640f2ef7a?s=96&d=mm&r=g\",\"caption\":\"Diario1 Diario1\"},\"url\":\"https:\\\/\\\/diariotextual.com\\\/inicio\\\/index.php\\\/author\\\/diario1\\\/\"}]}<\/script>\n<!-- \/ Yoast SEO plugin. -->","yoast_head_json":{"title":"Covid: un intendente le pidi\u00f3 a Kohan reducir d\u00edas de aislamiento de los contactos de contactos - Diario Textual","robots":{"index":"index","follow":"follow","max-snippet":"max-snippet:-1","max-image-preview":"max-image-preview:large","max-video-preview":"max-video-preview:-1"},"canonical":"https:\/\/diariotextual.com\/inicio\/index.php\/2020\/10\/14\/covid-un-intendente-le-pidio-a-kohan-reducir-dias-de-aislamiento-de-los-contactos-de-contactos\/","og_locale":"es_ES","og_type":"article","og_title":"Covid: un intendente le pidi\u00f3 a Kohan reducir d\u00edas de aislamiento de los contactos de contactos - Diario Textual","og_description":"Hay quienes aseguran que los hospitales de algunas localidades pampeanas parecen call center: hay empleados administrativos, enfermeros y m\u00e9dicos llamando por tel\u00e9fono, en todo momento, para tratar de verificar que&hellip;","og_url":"https:\/\/diariotextual.com\/inicio\/index.php\/2020\/10\/14\/covid-un-intendente-le-pidio-a-kohan-reducir-dias-de-aislamiento-de-los-contactos-de-contactos\/","og_site_name":"Diario Textual","article_publisher":"https:\/\/www.facebook.com\/eltextual","article_published_time":"2020-10-14T14:27:00+00:00","article_modified_time":"2020-10-14T22:36:35+00:00","og_image":[{"width":1485,"height":991,"url":"https:\/\/diariotextual.com\/inicio\/wp-content\/uploads\/2020\/07\/coronaviruscatrilo2020-200.jpg","type":"image\/jpeg"}],"author":"Diario1 Diario1","twitter_card":"summary_large_image","twitter_creator":"@eltextual","twitter_site":"@eltextual","twitter_misc":{"Escrito por":"Diario1 Diario1","Tiempo de lectura":"2 minutos"},"schema":{"@context":"https:\/\/schema.org","@graph":[{"@type":"Article","@id":"https:\/\/diariotextual.com\/inicio\/index.php\/2020\/10\/14\/covid-un-intendente-le-pidio-a-kohan-reducir-dias-de-aislamiento-de-los-contactos-de-contactos\/#article","isPartOf":{"@id":"https:\/\/diariotextual.com\/inicio\/index.php\/2020\/10\/14\/covid-un-intendente-le-pidio-a-kohan-reducir-dias-de-aislamiento-de-los-contactos-de-contactos\/"},"author":{"name":"Diario1 Diario1","@id":"https:\/\/diariotextual.com\/inicio\/#\/schema\/person\/418fc4093c33e86ed41562db3508f958"},"headline":"Covid: un intendente le pidi\u00f3 a Kohan reducir d\u00edas de aislamiento de los contactos de contactos","datePublished":"2020-10-14T14:27:00+00:00","dateModified":"2020-10-14T22:36:35+00:00","mainEntityOfPage":{"@id":"https:\/\/diariotextual.com\/inicio\/index.php\/2020\/10\/14\/covid-un-intendente-le-pidio-a-kohan-reducir-dias-de-aislamiento-de-los-contactos-de-contactos\/"},"wordCount":331,"publisher":{"@id":"https:\/\/diariotextual.com\/inicio\/#organization"},"image":{"@id":"https:\/\/diariotextual.com\/inicio\/index.php\/2020\/10\/14\/covid-un-intendente-le-pidio-a-kohan-reducir-dias-de-aislamiento-de-los-contactos-de-contactos\/#primaryimage"},"thumbnailUrl":"https:\/\/diariotextual.com\/inicio\/wp-content\/uploads\/2020\/07\/coronaviruscatrilo2020-200.jpg","keywords":["coronavirus"],"articleSection":["A - TEMPORALES","SOCIEDAD"],"inLanguage":"es"},{"@type":"WebPage","@id":"https:\/\/diariotextual.com\/inicio\/index.php\/2020\/10\/14\/covid-un-intendente-le-pidio-a-kohan-reducir-dias-de-aislamiento-de-los-contactos-de-contactos\/","url":"https:\/\/diariotextual.com\/inicio\/index.php\/2020\/10\/14\/covid-un-intendente-le-pidio-a-kohan-reducir-dias-de-aislamiento-de-los-contactos-de-contactos\/","name":"Covid: un intendente le pidi\u00f3 a Kohan reducir d\u00edas de aislamiento de los contactos de contactos - Diario Textual","isPartOf":{"@id":"https:\/\/diariotextual.com\/inicio\/#website"},"primaryImageOfPage":{"@id":"https:\/\/diariotextual.com\/inicio\/index.php\/2020\/10\/14\/covid-un-intendente-le-pidio-a-kohan-reducir-dias-de-aislamiento-de-los-contactos-de-contactos\/#primaryimage"},"image":{"@id":"https:\/\/diariotextual.com\/inicio\/index.php\/2020\/10\/14\/covid-un-intendente-le-pidio-a-kohan-reducir-dias-de-aislamiento-de-los-contactos-de-contactos\/#primaryimage"},"thumbnailUrl":"https:\/\/diariotextual.com\/inicio\/wp-content\/uploads\/2020\/07\/coronaviruscatrilo2020-200.jpg","datePublished":"2020-10-14T14:27:00+00:00","dateModified":"2020-10-14T22:36:35+00:00","breadcrumb":{"@id":"https:\/\/diariotextual.com\/inicio\/index.php\/2020\/10\/14\/covid-un-intendente-le-pidio-a-kohan-reducir-dias-de-aislamiento-de-los-contactos-de-contactos\/#breadcrumb"},"inLanguage":"es","potentialAction":[{"@type":"ReadAction","target":["https:\/\/diariotextual.com\/inicio\/index.php\/2020\/10\/14\/covid-un-intendente-le-pidio-a-kohan-reducir-dias-de-aislamiento-de-los-contactos-de-contactos\/"]}]},{"@type":"ImageObject","inLanguage":"es","@id":"https:\/\/diariotextual.com\/inicio\/index.php\/2020\/10\/14\/covid-un-intendente-le-pidio-a-kohan-reducir-dias-de-aislamiento-de-los-contactos-de-contactos\/#primaryimage","url":"https:\/\/diariotextual.com\/inicio\/wp-content\/uploads\/2020\/07\/coronaviruscatrilo2020-200.jpg","contentUrl":"https:\/\/diariotextual.com\/inicio\/wp-content\/uploads\/2020\/07\/coronaviruscatrilo2020-200.jpg","width":1485,"height":991},{"@type":"BreadcrumbList","@id":"https:\/\/diariotextual.com\/inicio\/index.php\/2020\/10\/14\/covid-un-intendente-le-pidio-a-kohan-reducir-dias-de-aislamiento-de-los-contactos-de-contactos\/#breadcrumb","itemListElement":[{"@type":"ListItem","position":1,"name":"Portada","item":"https:\/\/diariotextual.com\/inicio\/"},{"@type":"ListItem","position":2,"name":"Covid: un intendente le pidi\u00f3 a Kohan reducir d\u00edas de aislamiento de los contactos de contactos"}]},{"@type":"WebSite","@id":"https:\/\/diariotextual.com\/inicio\/#website","url":"https:\/\/diariotextual.com\/inicio\/","name":"Diario Textual","description":"","publisher":{"@id":"https:\/\/diariotextual.com\/inicio\/#organization"},"potentialAction":[{"@type":"SearchAction","target":{"@type":"EntryPoint","urlTemplate":"https:\/\/diariotextual.com\/inicio\/?s={search_term_string}"},"query-input":{"@type":"PropertyValueSpecification","valueRequired":true,"valueName":"search_term_string"}}],"inLanguage":"es"},{"@type":"Organization","@id":"https:\/\/diariotextual.com\/inicio\/#organization","name":"Diario Textual","url":"https:\/\/diariotextual.com\/inicio\/","logo":{"@type":"ImageObject","inLanguage":"es","@id":"https:\/\/diariotextual.com\/inicio\/#\/schema\/logo\/image\/","url":"https:\/\/diariotextual.com\/inicio\/wp-content\/uploads\/2023\/05\/logotextual1.jpg","contentUrl":"https:\/\/diariotextual.com\/inicio\/wp-content\/uploads\/2023\/05\/logotextual1.jpg","width":516,"height":76,"caption":"Diario Textual"},"image":{"@id":"https:\/\/diariotextual.com\/inicio\/#\/schema\/logo\/image\/"},"sameAs":["https:\/\/www.facebook.com\/eltextual","https:\/\/x.com\/eltextual","http:\/\/www.instagram.com\/eltextual"]},{"@type":"Person","@id":"https:\/\/diariotextual.com\/inicio\/#\/schema\/person\/418fc4093c33e86ed41562db3508f958","name":"Diario1 Diario1","image":{"@type":"ImageObject","inLanguage":"es","@id":"https:\/\/secure.gravatar.com\/avatar\/9167d280179c85bc18be67aa7eda765854300033af4896dd779b608640f2ef7a?s=96&d=mm&r=g","url":"https:\/\/secure.gravatar.com\/avatar\/9167d280179c85bc18be67aa7eda765854300033af4896dd779b608640f2ef7a?s=96&d=mm&r=g","contentUrl":"https:\/\/secure.gravatar.com\/avatar\/9167d280179c85bc18be67aa7eda765854300033af4896dd779b608640f2ef7a?s=96&d=mm&r=g","caption":"Diario1 Diario1"},"url":"https:\/\/diariotextual.com\/inicio\/index.php\/author\/diario1\/"}]}},"_links":{"self":[{"href":"https:\/\/diariotextual.com\/inicio\/index.php\/wp-json\/wp\/v2\/posts\/116218","targetHints":{"allow":["GET"]}}],"collection":[{"href":"https:\/\/diariotextual.com\/inicio\/index.php\/wp-json\/wp\/v2\/posts"}],"about":[{"href":"https:\/\/diariotextual.com\/inicio\/index.php\/wp-json\/wp\/v2\/types\/post"}],"author":[{"embeddable":true,"href":"https:\/\/diariotextual.com\/inicio\/index.php\/wp-json\/wp\/v2\/users\/3"}],"replies":[{"embeddable":true,"href":"https:\/\/diariotextual.com\/inicio\/index.php\/wp-json\/wp\/v2\/comments?post=116218"}],"version-history":[{"count":5,"href":"https:\/\/diariotextual.com\/inicio\/index.php\/wp-json\/wp\/v2\/posts\/116218\/revisions"}],"predecessor-version":[{"id":116223,"href":"https:\/\/diariotextual.com\/inicio\/index.php\/wp-json\/wp\/v2\/posts\/116218\/revisions\/116223"}],"wp:featuredmedia":[{"embeddable":true,"href":"https:\/\/diariotextual.com\/inicio\/index.php\/wp-json\/wp\/v2\/media\/103061"}],"wp:attachment":[{"href":"https:\/\/diariotextual.com\/inicio\/index.php\/wp-json\/wp\/v2\/media?parent=116218"}],"wp:term":[{"taxonomy":"category","embeddable":true,"href":"https:\/\/diariotextual.com\/inicio\/index.php\/wp-json\/wp\/v2\/categories?post=116218"},{"taxonomy":"post_tag","embeddable":true,"href":"https:\/\/diariotextual.com\/inicio\/index.php\/wp-json\/wp\/v2\/tags?post=116218"}],"curies":[{"name":"wp","href":"https:\/\/api.w.org\/{rel}","templated":true}]}}