{"id":11695,"date":"2018-06-26T08:48:55","date_gmt":"2018-06-26T11:48:55","guid":{"rendered":"http:\/\/diariotextual.com\/inicio\/?p=11695"},"modified":"2018-06-26T19:43:23","modified_gmt":"2018-06-26T22:43:23","slug":"asesinaron-hombre-34-anos-santa-rosa","status":"publish","type":"post","link":"https:\/\/diariotextual.com\/inicio\/index.php\/2018\/06\/26\/asesinaron-hombre-34-anos-santa-rosa\/","title":{"rendered":"Asesinaron a un hombre de 34 a\u00f1os en Santa Rosa: hay dos detenidos"},"content":{"rendered":"<p>Un hombre de 34 a\u00f1os de edad <strong>fue asesinado<\/strong>\u00a0a\u00a0<strong>balazos<\/strong>\u00a0en un departamento en la ciudad de Santa Rosa, dijeron fuentes oficiales a Diario Textual. La v\u00edctima fue identificada como <strong>Diego Nicol\u00e1s Loza<\/strong>, un <strong>empleado municipal<\/strong>. Hay dos detenidos.<\/p>\n<p><img fetchpriority=\"high\" decoding=\"async\" class=\"alignnone size-full wp-image-11709\" src=\"http:\/\/diariotextual.com\/inicio\/wp-content\/uploads\/2018\/06\/asesinatoloza1557.jpg\" alt=\"\" width=\"863\" height=\"486\" srcset=\"https:\/\/diariotextual.com\/inicio\/wp-content\/uploads\/2018\/06\/asesinatoloza1557.jpg 863w, https:\/\/diariotextual.com\/inicio\/wp-content\/uploads\/2018\/06\/asesinatoloza1557-300x169.jpg 300w, https:\/\/diariotextual.com\/inicio\/wp-content\/uploads\/2018\/06\/asesinatoloza1557-768x433.jpg 768w, https:\/\/diariotextual.com\/inicio\/wp-content\/uploads\/2018\/06\/asesinatoloza1557-585x329.jpg 585w\" sizes=\"(max-width: 863px) 100vw, 863px\" \/><\/p>\n<p>El homicidio ocurri\u00f3 en Emilio Zola y avenida Luro. Presuntamente, dos personas ingresaron por los techos de un galp\u00f3n y, desde all\u00ed, pasaron al departamento. El m\u00f3vil del asesinato habr\u00eda sido el robo.<\/p>\n<p>El cuerpo de Loza fue hallado\u00a0<strong>anoche. \u201cSe encontr\u00f3 el cad\u00e1ver, en un balc\u00f3n, debajo de una parrilla\u201d<\/strong>, dijo el jefe de la Polic\u00eda, Roberto Ayala, a Diario Textual. \u00abSe encontraba tapado por mantas\u00bb, dijo.<\/p>\n<p>La v\u00edctima era un empleado municipal, que trabajaba en el \u00e1rea de Inspecciones. Sus familiares lo hab\u00edan visto por \u00faltima vez el s\u00e1bado. El lunes, al no presentarse a trabajar, hicieron la denuncia policial.<\/p>\n<p>Ten\u00eda tres balazos en su cuerpo: uno en un codo, otro en una rodilla y el tercero, mortal, en la boca sin orificio de salida en la cabeza. Eso pudo saber Diario Textual, luego de que las autoridades judiciales y policiales recibieron el informe de la autopsia al cuerpo.<\/p>\n<p>Los investigadores detuvieron alrededor de las 9 horas a un sospechoso en una obra en construcci\u00f3n del barrio de\u00a0Colonia Escalante, en Tellez y circunvalaci\u00f3n Santiago Marzo. El otro fue detenido al mediod\u00eda y tiene 17 a\u00f1os, pudo saber este diario digital.<\/p>\n<p>\u00abUno de los indicios para la detenci\u00f3n tuvo que ver con las huellas que se encontraron en el lugar que probaron que uno de los detenidos estuvo en el departamento de Loza\u00bb, dijo Ayala.\u00a0\u201cEstamos tratando de averiguar la vinculaci\u00f3n entre ambos\u00bb, agreg\u00f3.<\/p>\n<p>&nbsp;<\/p>\n<p>&nbsp;<\/p>\n<p>&nbsp;<\/p>\n<p>&nbsp;<\/p>\n","protected":false},"excerpt":{"rendered":"<p>Un hombre de 34 a\u00f1os de edad fue asesinado\u00a0a\u00a0balazos\u00a0en un departamento en la ciudad de Santa Rosa, dijeron fuentes oficiales a Diario Textual. La v\u00edctima fue identificada como Diego Nicol\u00e1s&hellip;<\/p>\n","protected":false},"author":3,"featured_media":11716,"comment_status":"closed","ping_status":"open","sticky":false,"template":"","format":"standard","meta":{"_acf_changed":false,"footnotes":""},"categories":[4,12],"tags":[],"class_list":["post-11695","post","type-post","status-publish","format-standard","has-post-thumbnail","hentry","category-destacadas","category-sociedad"],"acf":[],"yoast_head":"<!-- This site is optimized with the Yoast SEO plugin v27.5 - https:\/\/yoast.com\/product\/yoast-seo-wordpress\/ -->\n<title>Asesinaron a un hombre de 34 a\u00f1os en Santa Rosa: hay dos detenidos - Diario Textual<\/title>\n<meta name=\"robots\" content=\"index, follow, max-snippet:-1, max-image-preview:large, max-video-preview:-1\" \/>\n<link rel=\"canonical\" href=\"https:\/\/diariotextual.com\/inicio\/index.php\/2018\/06\/26\/asesinaron-hombre-34-anos-santa-rosa\/\" \/>\n<meta property=\"og:locale\" content=\"es_ES\" \/>\n<meta property=\"og:type\" content=\"article\" \/>\n<meta property=\"og:title\" content=\"Asesinaron a un hombre de 34 a\u00f1os en Santa Rosa: hay dos detenidos - Diario Textual\" \/>\n<meta property=\"og:description\" content=\"Un hombre de 34 a\u00f1os de edad fue asesinado\u00a0a\u00a0balazos\u00a0en un departamento en la ciudad de Santa Rosa, dijeron fuentes oficiales a Diario Textual. La v\u00edctima fue identificada como Diego Nicol\u00e1s&hellip;\" \/>\n<meta property=\"og:url\" content=\"https:\/\/diariotextual.com\/inicio\/index.php\/2018\/06\/26\/asesinaron-hombre-34-anos-santa-rosa\/\" \/>\n<meta property=\"og:site_name\" content=\"Diario Textual\" \/>\n<meta property=\"article:publisher\" content=\"https:\/\/www.facebook.com\/eltextual\" \/>\n<meta property=\"article:published_time\" content=\"2018-06-26T11:48:55+00:00\" \/>\n<meta property=\"article:modified_time\" content=\"2018-06-26T22:43:23+00:00\" \/>\n<meta property=\"og:image\" content=\"https:\/\/diariotextual.com\/inicio\/wp-content\/uploads\/2018\/06\/lozadiegonicolas1.jpg\" \/>\n\t<meta property=\"og:image:width\" content=\"959\" \/>\n\t<meta property=\"og:image:height\" content=\"656\" \/>\n\t<meta property=\"og:image:type\" content=\"image\/jpeg\" \/>\n<meta name=\"author\" content=\"Diario1 Diario1\" \/>\n<meta name=\"twitter:card\" content=\"summary_large_image\" \/>\n<meta name=\"twitter:creator\" content=\"@eltextual\" \/>\n<meta name=\"twitter:site\" content=\"@eltextual\" \/>\n<meta name=\"twitter:label1\" content=\"Escrito por\" \/>\n\t<meta name=\"twitter:data1\" content=\"Diario1 Diario1\" \/>\n\t<meta name=\"twitter:label2\" content=\"Tiempo de lectura\" \/>\n\t<meta name=\"twitter:data2\" content=\"1 minuto\" \/>\n<script type=\"application\/ld+json\" class=\"yoast-schema-graph\">{\"@context\":\"https:\\\/\\\/schema.org\",\"@graph\":[{\"@type\":\"Article\",\"@id\":\"https:\\\/\\\/diariotextual.com\\\/inicio\\\/index.php\\\/2018\\\/06\\\/26\\\/asesinaron-hombre-34-anos-santa-rosa\\\/#article\",\"isPartOf\":{\"@id\":\"https:\\\/\\\/diariotextual.com\\\/inicio\\\/index.php\\\/2018\\\/06\\\/26\\\/asesinaron-hombre-34-anos-santa-rosa\\\/\"},\"author\":{\"name\":\"Diario1 Diario1\",\"@id\":\"https:\\\/\\\/diariotextual.com\\\/inicio\\\/#\\\/schema\\\/person\\\/418fc4093c33e86ed41562db3508f958\"},\"headline\":\"Asesinaron a un hombre de 34 a\u00f1os en Santa Rosa: hay dos detenidos\",\"datePublished\":\"2018-06-26T11:48:55+00:00\",\"dateModified\":\"2018-06-26T22:43:23+00:00\",\"mainEntityOfPage\":{\"@id\":\"https:\\\/\\\/diariotextual.com\\\/inicio\\\/index.php\\\/2018\\\/06\\\/26\\\/asesinaron-hombre-34-anos-santa-rosa\\\/\"},\"wordCount\":309,\"publisher\":{\"@id\":\"https:\\\/\\\/diariotextual.com\\\/inicio\\\/#organization\"},\"image\":{\"@id\":\"https:\\\/\\\/diariotextual.com\\\/inicio\\\/index.php\\\/2018\\\/06\\\/26\\\/asesinaron-hombre-34-anos-santa-rosa\\\/#primaryimage\"},\"thumbnailUrl\":\"https:\\\/\\\/diariotextual.com\\\/inicio\\\/wp-content\\\/uploads\\\/2018\\\/06\\\/lozadiegonicolas1.jpg\",\"articleSection\":[\"A - DESTACADAS (mod 16)\",\"SOCIEDAD\"],\"inLanguage\":\"es\"},{\"@type\":\"WebPage\",\"@id\":\"https:\\\/\\\/diariotextual.com\\\/inicio\\\/index.php\\\/2018\\\/06\\\/26\\\/asesinaron-hombre-34-anos-santa-rosa\\\/\",\"url\":\"https:\\\/\\\/diariotextual.com\\\/inicio\\\/index.php\\\/2018\\\/06\\\/26\\\/asesinaron-hombre-34-anos-santa-rosa\\\/\",\"name\":\"Asesinaron a un hombre de 34 a\u00f1os en Santa Rosa: hay dos detenidos - Diario Textual\",\"isPartOf\":{\"@id\":\"https:\\\/\\\/diariotextual.com\\\/inicio\\\/#website\"},\"primaryImageOfPage\":{\"@id\":\"https:\\\/\\\/diariotextual.com\\\/inicio\\\/index.php\\\/2018\\\/06\\\/26\\\/asesinaron-hombre-34-anos-santa-rosa\\\/#primaryimage\"},\"image\":{\"@id\":\"https:\\\/\\\/diariotextual.com\\\/inicio\\\/index.php\\\/2018\\\/06\\\/26\\\/asesinaron-hombre-34-anos-santa-rosa\\\/#primaryimage\"},\"thumbnailUrl\":\"https:\\\/\\\/diariotextual.com\\\/inicio\\\/wp-content\\\/uploads\\\/2018\\\/06\\\/lozadiegonicolas1.jpg\",\"datePublished\":\"2018-06-26T11:48:55+00:00\",\"dateModified\":\"2018-06-26T22:43:23+00:00\",\"breadcrumb\":{\"@id\":\"https:\\\/\\\/diariotextual.com\\\/inicio\\\/index.php\\\/2018\\\/06\\\/26\\\/asesinaron-hombre-34-anos-santa-rosa\\\/#breadcrumb\"},\"inLanguage\":\"es\",\"potentialAction\":[{\"@type\":\"ReadAction\",\"target\":[\"https:\\\/\\\/diariotextual.com\\\/inicio\\\/index.php\\\/2018\\\/06\\\/26\\\/asesinaron-hombre-34-anos-santa-rosa\\\/\"]}]},{\"@type\":\"ImageObject\",\"inLanguage\":\"es\",\"@id\":\"https:\\\/\\\/diariotextual.com\\\/inicio\\\/index.php\\\/2018\\\/06\\\/26\\\/asesinaron-hombre-34-anos-santa-rosa\\\/#primaryimage\",\"url\":\"https:\\\/\\\/diariotextual.com\\\/inicio\\\/wp-content\\\/uploads\\\/2018\\\/06\\\/lozadiegonicolas1.jpg\",\"contentUrl\":\"https:\\\/\\\/diariotextual.com\\\/inicio\\\/wp-content\\\/uploads\\\/2018\\\/06\\\/lozadiegonicolas1.jpg\",\"width\":959,\"height\":656},{\"@type\":\"BreadcrumbList\",\"@id\":\"https:\\\/\\\/diariotextual.com\\\/inicio\\\/index.php\\\/2018\\\/06\\\/26\\\/asesinaron-hombre-34-anos-santa-rosa\\\/#breadcrumb\",\"itemListElement\":[{\"@type\":\"ListItem\",\"position\":1,\"name\":\"Portada\",\"item\":\"https:\\\/\\\/diariotextual.com\\\/inicio\\\/\"},{\"@type\":\"ListItem\",\"position\":2,\"name\":\"Asesinaron a un hombre de 34 a\u00f1os en Santa Rosa: hay dos detenidos\"}]},{\"@type\":\"WebSite\",\"@id\":\"https:\\\/\\\/diariotextual.com\\\/inicio\\\/#website\",\"url\":\"https:\\\/\\\/diariotextual.com\\\/inicio\\\/\",\"name\":\"Diario Textual\",\"description\":\"\",\"publisher\":{\"@id\":\"https:\\\/\\\/diariotextual.com\\\/inicio\\\/#organization\"},\"potentialAction\":[{\"@type\":\"SearchAction\",\"target\":{\"@type\":\"EntryPoint\",\"urlTemplate\":\"https:\\\/\\\/diariotextual.com\\\/inicio\\\/?s={search_term_string}\"},\"query-input\":{\"@type\":\"PropertyValueSpecification\",\"valueRequired\":true,\"valueName\":\"search_term_string\"}}],\"inLanguage\":\"es\"},{\"@type\":\"Organization\",\"@id\":\"https:\\\/\\\/diariotextual.com\\\/inicio\\\/#organization\",\"name\":\"Diario Textual\",\"url\":\"https:\\\/\\\/diariotextual.com\\\/inicio\\\/\",\"logo\":{\"@type\":\"ImageObject\",\"inLanguage\":\"es\",\"@id\":\"https:\\\/\\\/diariotextual.com\\\/inicio\\\/#\\\/schema\\\/logo\\\/image\\\/\",\"url\":\"https:\\\/\\\/diariotextual.com\\\/inicio\\\/wp-content\\\/uploads\\\/2023\\\/05\\\/logotextual1.jpg\",\"contentUrl\":\"https:\\\/\\\/diariotextual.com\\\/inicio\\\/wp-content\\\/uploads\\\/2023\\\/05\\\/logotextual1.jpg\",\"width\":516,\"height\":76,\"caption\":\"Diario Textual\"},\"image\":{\"@id\":\"https:\\\/\\\/diariotextual.com\\\/inicio\\\/#\\\/schema\\\/logo\\\/image\\\/\"},\"sameAs\":[\"https:\\\/\\\/www.facebook.com\\\/eltextual\",\"https:\\\/\\\/x.com\\\/eltextual\",\"http:\\\/\\\/www.instagram.com\\\/eltextual\"]},{\"@type\":\"Person\",\"@id\":\"https:\\\/\\\/diariotextual.com\\\/inicio\\\/#\\\/schema\\\/person\\\/418fc4093c33e86ed41562db3508f958\",\"name\":\"Diario1 Diario1\",\"image\":{\"@type\":\"ImageObject\",\"inLanguage\":\"es\",\"@id\":\"https:\\\/\\\/secure.gravatar.com\\\/avatar\\\/9167d280179c85bc18be67aa7eda765854300033af4896dd779b608640f2ef7a?s=96&d=mm&r=g\",\"url\":\"https:\\\/\\\/secure.gravatar.com\\\/avatar\\\/9167d280179c85bc18be67aa7eda765854300033af4896dd779b608640f2ef7a?s=96&d=mm&r=g\",\"contentUrl\":\"https:\\\/\\\/secure.gravatar.com\\\/avatar\\\/9167d280179c85bc18be67aa7eda765854300033af4896dd779b608640f2ef7a?s=96&d=mm&r=g\",\"caption\":\"Diario1 Diario1\"},\"url\":\"https:\\\/\\\/diariotextual.com\\\/inicio\\\/index.php\\\/author\\\/diario1\\\/\"}]}<\/script>\n<!-- \/ Yoast SEO plugin. -->","yoast_head_json":{"title":"Asesinaron a un hombre de 34 a\u00f1os en Santa Rosa: hay dos detenidos - Diario Textual","robots":{"index":"index","follow":"follow","max-snippet":"max-snippet:-1","max-image-preview":"max-image-preview:large","max-video-preview":"max-video-preview:-1"},"canonical":"https:\/\/diariotextual.com\/inicio\/index.php\/2018\/06\/26\/asesinaron-hombre-34-anos-santa-rosa\/","og_locale":"es_ES","og_type":"article","og_title":"Asesinaron a un hombre de 34 a\u00f1os en Santa Rosa: hay dos detenidos - Diario Textual","og_description":"Un hombre de 34 a\u00f1os de edad fue asesinado\u00a0a\u00a0balazos\u00a0en un departamento en la ciudad de Santa Rosa, dijeron fuentes oficiales a Diario Textual. La v\u00edctima fue identificada como Diego Nicol\u00e1s&hellip;","og_url":"https:\/\/diariotextual.com\/inicio\/index.php\/2018\/06\/26\/asesinaron-hombre-34-anos-santa-rosa\/","og_site_name":"Diario Textual","article_publisher":"https:\/\/www.facebook.com\/eltextual","article_published_time":"2018-06-26T11:48:55+00:00","article_modified_time":"2018-06-26T22:43:23+00:00","og_image":[{"width":959,"height":656,"url":"https:\/\/diariotextual.com\/inicio\/wp-content\/uploads\/2018\/06\/lozadiegonicolas1.jpg","type":"image\/jpeg"}],"author":"Diario1 Diario1","twitter_card":"summary_large_image","twitter_creator":"@eltextual","twitter_site":"@eltextual","twitter_misc":{"Escrito por":"Diario1 Diario1","Tiempo de lectura":"1 minuto"},"schema":{"@context":"https:\/\/schema.org","@graph":[{"@type":"Article","@id":"https:\/\/diariotextual.com\/inicio\/index.php\/2018\/06\/26\/asesinaron-hombre-34-anos-santa-rosa\/#article","isPartOf":{"@id":"https:\/\/diariotextual.com\/inicio\/index.php\/2018\/06\/26\/asesinaron-hombre-34-anos-santa-rosa\/"},"author":{"name":"Diario1 Diario1","@id":"https:\/\/diariotextual.com\/inicio\/#\/schema\/person\/418fc4093c33e86ed41562db3508f958"},"headline":"Asesinaron a un hombre de 34 a\u00f1os en Santa Rosa: hay dos detenidos","datePublished":"2018-06-26T11:48:55+00:00","dateModified":"2018-06-26T22:43:23+00:00","mainEntityOfPage":{"@id":"https:\/\/diariotextual.com\/inicio\/index.php\/2018\/06\/26\/asesinaron-hombre-34-anos-santa-rosa\/"},"wordCount":309,"publisher":{"@id":"https:\/\/diariotextual.com\/inicio\/#organization"},"image":{"@id":"https:\/\/diariotextual.com\/inicio\/index.php\/2018\/06\/26\/asesinaron-hombre-34-anos-santa-rosa\/#primaryimage"},"thumbnailUrl":"https:\/\/diariotextual.com\/inicio\/wp-content\/uploads\/2018\/06\/lozadiegonicolas1.jpg","articleSection":["A - DESTACADAS (mod 16)","SOCIEDAD"],"inLanguage":"es"},{"@type":"WebPage","@id":"https:\/\/diariotextual.com\/inicio\/index.php\/2018\/06\/26\/asesinaron-hombre-34-anos-santa-rosa\/","url":"https:\/\/diariotextual.com\/inicio\/index.php\/2018\/06\/26\/asesinaron-hombre-34-anos-santa-rosa\/","name":"Asesinaron a un hombre de 34 a\u00f1os en Santa Rosa: hay dos detenidos - Diario Textual","isPartOf":{"@id":"https:\/\/diariotextual.com\/inicio\/#website"},"primaryImageOfPage":{"@id":"https:\/\/diariotextual.com\/inicio\/index.php\/2018\/06\/26\/asesinaron-hombre-34-anos-santa-rosa\/#primaryimage"},"image":{"@id":"https:\/\/diariotextual.com\/inicio\/index.php\/2018\/06\/26\/asesinaron-hombre-34-anos-santa-rosa\/#primaryimage"},"thumbnailUrl":"https:\/\/diariotextual.com\/inicio\/wp-content\/uploads\/2018\/06\/lozadiegonicolas1.jpg","datePublished":"2018-06-26T11:48:55+00:00","dateModified":"2018-06-26T22:43:23+00:00","breadcrumb":{"@id":"https:\/\/diariotextual.com\/inicio\/index.php\/2018\/06\/26\/asesinaron-hombre-34-anos-santa-rosa\/#breadcrumb"},"inLanguage":"es","potentialAction":[{"@type":"ReadAction","target":["https:\/\/diariotextual.com\/inicio\/index.php\/2018\/06\/26\/asesinaron-hombre-34-anos-santa-rosa\/"]}]},{"@type":"ImageObject","inLanguage":"es","@id":"https:\/\/diariotextual.com\/inicio\/index.php\/2018\/06\/26\/asesinaron-hombre-34-anos-santa-rosa\/#primaryimage","url":"https:\/\/diariotextual.com\/inicio\/wp-content\/uploads\/2018\/06\/lozadiegonicolas1.jpg","contentUrl":"https:\/\/diariotextual.com\/inicio\/wp-content\/uploads\/2018\/06\/lozadiegonicolas1.jpg","width":959,"height":656},{"@type":"BreadcrumbList","@id":"https:\/\/diariotextual.com\/inicio\/index.php\/2018\/06\/26\/asesinaron-hombre-34-anos-santa-rosa\/#breadcrumb","itemListElement":[{"@type":"ListItem","position":1,"name":"Portada","item":"https:\/\/diariotextual.com\/inicio\/"},{"@type":"ListItem","position":2,"name":"Asesinaron a un hombre de 34 a\u00f1os en Santa Rosa: hay dos detenidos"}]},{"@type":"WebSite","@id":"https:\/\/diariotextual.com\/inicio\/#website","url":"https:\/\/diariotextual.com\/inicio\/","name":"Diario Textual","description":"","publisher":{"@id":"https:\/\/diariotextual.com\/inicio\/#organization"},"potentialAction":[{"@type":"SearchAction","target":{"@type":"EntryPoint","urlTemplate":"https:\/\/diariotextual.com\/inicio\/?s={search_term_string}"},"query-input":{"@type":"PropertyValueSpecification","valueRequired":true,"valueName":"search_term_string"}}],"inLanguage":"es"},{"@type":"Organization","@id":"https:\/\/diariotextual.com\/inicio\/#organization","name":"Diario Textual","url":"https:\/\/diariotextual.com\/inicio\/","logo":{"@type":"ImageObject","inLanguage":"es","@id":"https:\/\/diariotextual.com\/inicio\/#\/schema\/logo\/image\/","url":"https:\/\/diariotextual.com\/inicio\/wp-content\/uploads\/2023\/05\/logotextual1.jpg","contentUrl":"https:\/\/diariotextual.com\/inicio\/wp-content\/uploads\/2023\/05\/logotextual1.jpg","width":516,"height":76,"caption":"Diario Textual"},"image":{"@id":"https:\/\/diariotextual.com\/inicio\/#\/schema\/logo\/image\/"},"sameAs":["https:\/\/www.facebook.com\/eltextual","https:\/\/x.com\/eltextual","http:\/\/www.instagram.com\/eltextual"]},{"@type":"Person","@id":"https:\/\/diariotextual.com\/inicio\/#\/schema\/person\/418fc4093c33e86ed41562db3508f958","name":"Diario1 Diario1","image":{"@type":"ImageObject","inLanguage":"es","@id":"https:\/\/secure.gravatar.com\/avatar\/9167d280179c85bc18be67aa7eda765854300033af4896dd779b608640f2ef7a?s=96&d=mm&r=g","url":"https:\/\/secure.gravatar.com\/avatar\/9167d280179c85bc18be67aa7eda765854300033af4896dd779b608640f2ef7a?s=96&d=mm&r=g","contentUrl":"https:\/\/secure.gravatar.com\/avatar\/9167d280179c85bc18be67aa7eda765854300033af4896dd779b608640f2ef7a?s=96&d=mm&r=g","caption":"Diario1 Diario1"},"url":"https:\/\/diariotextual.com\/inicio\/index.php\/author\/diario1\/"}]}},"_links":{"self":[{"href":"https:\/\/diariotextual.com\/inicio\/index.php\/wp-json\/wp\/v2\/posts\/11695","targetHints":{"allow":["GET"]}}],"collection":[{"href":"https:\/\/diariotextual.com\/inicio\/index.php\/wp-json\/wp\/v2\/posts"}],"about":[{"href":"https:\/\/diariotextual.com\/inicio\/index.php\/wp-json\/wp\/v2\/types\/post"}],"author":[{"embeddable":true,"href":"https:\/\/diariotextual.com\/inicio\/index.php\/wp-json\/wp\/v2\/users\/3"}],"replies":[{"embeddable":true,"href":"https:\/\/diariotextual.com\/inicio\/index.php\/wp-json\/wp\/v2\/comments?post=11695"}],"version-history":[{"count":22,"href":"https:\/\/diariotextual.com\/inicio\/index.php\/wp-json\/wp\/v2\/posts\/11695\/revisions"}],"predecessor-version":[{"id":11793,"href":"https:\/\/diariotextual.com\/inicio\/index.php\/wp-json\/wp\/v2\/posts\/11695\/revisions\/11793"}],"wp:featuredmedia":[{"embeddable":true,"href":"https:\/\/diariotextual.com\/inicio\/index.php\/wp-json\/wp\/v2\/media\/11716"}],"wp:attachment":[{"href":"https:\/\/diariotextual.com\/inicio\/index.php\/wp-json\/wp\/v2\/media?parent=11695"}],"wp:term":[{"taxonomy":"category","embeddable":true,"href":"https:\/\/diariotextual.com\/inicio\/index.php\/wp-json\/wp\/v2\/categories?post=11695"},{"taxonomy":"post_tag","embeddable":true,"href":"https:\/\/diariotextual.com\/inicio\/index.php\/wp-json\/wp\/v2\/tags?post=11695"}],"curies":[{"name":"wp","href":"https:\/\/api.w.org\/{rel}","templated":true}]}}