{"id":118466,"date":"2020-10-27T15:03:41","date_gmt":"2020-10-27T18:03:41","guid":{"rendered":"http:\/\/diariotextual.com\/inicio\/?p=118466"},"modified":"2020-10-27T15:03:42","modified_gmt":"2020-10-27T18:03:42","slug":"diputado-propone-que-los-municipios-tengan-su-propia-constitucion","status":"publish","type":"post","link":"https:\/\/diariotextual.com\/inicio\/index.php\/2020\/10\/27\/diputado-propone-que-los-municipios-tengan-su-propia-constitucion\/","title":{"rendered":"Diputado propone que los municipios tengan su propia Constituci\u00f3n"},"content":{"rendered":"\n<p>El diputado provincial <strong>Marcos Cuelle (UCR)<\/strong> plante\u00f3, luego de observar la adhesi\u00f3n de muchos pol\u00edticos pampeanos al proceso de cambio de Constituci\u00f3n en Chile, la necesidad de que los <strong>municipios y comisiones de fomento pampeanos tambi\u00e9n tengan la posibilidad de discutir sus propias cartas magnas.<\/strong><\/p>\n\n\n\n<p>\u201cLa<strong> real participaci\u00f3n y la mejor democracia ser\u00eda que cada municipalidad tenga autonom\u00eda plena, que puedan dictar sus propias constituciones municipales<\/strong> y que establezcan su propio sistema de representaci\u00f3n\u201d, expres\u00f3 Cuelle a Diario Textual.<\/p>\n\n\n\n<p>\u201cQue <strong>interesante resulta ver expresiones por parte de dirigentes pampeanos que exaltan que la democracia, la paz y la participaci\u00f3n son los caminos, en relaci\u00f3n al rotundo triunfo del plebiscito chileno<\/strong> a favor de la redacci\u00f3n de una nueva Constituci\u00f3n para dar por tierra con el texto constitucional de la dictadura militar de (Augusto) Pinochet\u201d, hab\u00eda posteado el legislador provincial.<\/p>\n\n\n\n<p>Y agreg\u00f3: \u201c<strong>No se puede m\u00e1s que coincidir, pero que alentador ser\u00eda, en aras de una mejor democracia y mayor participaci\u00f3n, que tambi\u00e9n pensaran en otorgarles a las Municipalidades y Comisiones de Fomento, su plena autonom\u00eda, a trav\u00e9s del dictado de sus propias CARTAS ORG\u00c1NICAS<\/strong>, en vez de seguir pis\u00e1ndolas con la 1597. M\u00e1xime, cuando las comunas en La Pampa, son preexistentes a la constituci\u00f3n de la Provincia\u201d.<\/p>\n\n\n\n<p>Cuelle afirm\u00f3 que <strong>la mayor\u00eda de los municipios estaban ya constituidos en lo que era Territorio Nacional y que luego ser\u00eda provincia. \u201cSi celebramos la movida de Chile, de escribir una nueva Constituci\u00f3n, estar\u00eda bueno reflotar varios proyectos que est\u00e1n presentados en la Legislatura<\/strong>, para que se les pueda dar carta org\u00e1nica a los municipios y comisiones de fomento\u201d, a\u00f1adi\u00f3.<\/p>\n\n\n\n<p>El legislador radical record\u00f3 que desde el FrePam se present\u00f3 un proyecto en la C\u00e1mara de Diputados y cuyos art\u00edculos son los siguientes:<\/p>\n\n\n\n<p><em>\u201c<strong>Art. 1\u00b0: Modif\u00edquese el art\u00edculo 1\u00b0 de la Ley Org\u00e1nica de Municipalidades y Comisiones de Fomento \u2013 Ley Provincial N\u00ba 1.597 que quedar\u00e1 redactado de la siguiente forma:<\/strong><\/em><\/p>\n\n\n\n<p><em>Art\u00edculo 1\u00b0: \u201cEl gobierno y administraci\u00f3n de los intereses y servicios comunales de la provincia, corresponden a las municipalidades y comisiones de fomento en su caso, de acuerdo a lo establecido por la constituci\u00f3n provincial, las cartas org\u00e1nicas que dicten los municipios, y por la presente ley\u201d.-<\/em><\/p>\n\n\n\n<p><em><strong>Art. 2\u00b0: Incorp\u00f3rese el art\u00edculo 7 bis a la Ley Org\u00e1nica de Municipalidades y Comisiones de Fomento \u2013 Ley Provincial N\u00ba 1.597 que quedar\u00e1 redactado de la siguiente forma:<\/strong><\/em><\/p>\n\n\n\n<p><em>Art\u00edculo 7\u00b0 Bis: \u201cLas municipalidades podr\u00e1n dictar sus propias cartas org\u00e1nicas. Estas deber\u00e1n ser sancionadas por una convenci\u00f3n municipal constituyente, convocada por el Departamento Ejecutivo Municipal en virtud de una ordenanza sancionada al efecto, la que deber\u00e1 ser aprobada por las dos terceras partes de la totalidad de los miembros del concejo deliberante. La convenci\u00f3n constituyente municipal ser\u00e1 integrada por un n\u00famero igual al doble de los concejales, elegidos por el voto directo y por el sistema de representaci\u00f3n proporcional. Para ser convencional se requiere las mismas condiciones que para ser concejal\u201d.-<\/em><\/p>\n\n\n\n<p><em><strong>Art\u00edculo 3\u00b0: Modif\u00edquese el art\u00edculo 23\u00b0 de la Ley Org\u00e1nica de Municipalidades y Comisiones de Fomento \u2013 Ley Provincial N\u00ba 1.597 que quedar\u00e1 redactado de la siguiente forma:<\/strong><\/em><\/p>\n\n\n\n<p><em>Art\u00edculo 23\u00b0: \u201cAl asumir su cargo el Intendente, Viceintendente, en dicho car\u00e1cter, y Presidente de Comisi\u00f3n de Fomento, ser\u00e1 requerido en los t\u00e9rminos del art\u00edculo 18. Luego, prestar\u00e1 juramento p\u00fablico de desempe\u00f1ar legal, fiel y honradamente su cargo y de hacer cumplir la Constituci\u00f3n Provincial, la Carta Org\u00e1nica si hubiera sido dictada y la presente ley\u201d.-<\/em><\/p>\n\n\n\n<p><em><strong>Art\u00edculo 4\u00b0: Modif\u00edquese el art\u00edculo 24\u00b0 de la Ley Org\u00e1nica de Municipalidades y Comisiones de Fomento \u2013 Ley Provincial N\u00ba 1.597 que quedar\u00e1 redactado de la siguiente forma:<\/strong><\/em><\/p>\n\n\n\n<p><em>Art\u00edculo 24\u00b0: \u201cLos concejales y Vocales de las Comisiones de Fomento electos, al tomar posesi\u00f3n de sus cargos, ser\u00e1n requeridos en los t\u00e9rminos del art\u00edculo 18. Luego, prestar\u00e1n juramento p\u00fablico de desempe\u00f1ar legal, fiel y honradamente sus cargos y de hacer cumplir la Constituci\u00f3n Provincial, la Carta Org\u00e1nica si hubiera sido dictada y la presente ley\u201d.-<\/em><\/p>\n\n\n\n<p><em>Art\u00edculo 5\u00b0: De Forma\u201d.-<\/em><\/p>\n","protected":false},"excerpt":{"rendered":"<p>El diputado provincial Marcos Cuelle (UCR) plante\u00f3, luego de observar la adhesi\u00f3n de muchos pol\u00edticos pampeanos al proceso de cambio de Constituci\u00f3n en Chile, la necesidad de que los municipios&hellip;<\/p>\n","protected":false},"author":5,"featured_media":97771,"comment_status":"closed","ping_status":"open","sticky":false,"template":"","format":"standard","meta":{"_acf_changed":false,"footnotes":""},"categories":[4,8],"tags":[4259,4257,4258],"class_list":["post-118466","post","type-post","status-publish","format-standard","has-post-thumbnail","hentry","category-destacadas","category-politica","tag-constitucion","tag-marcos-cuelle","tag-municipios"],"acf":[],"yoast_head":"<!-- This site is optimized with the Yoast SEO plugin v27.5 - https:\/\/yoast.com\/product\/yoast-seo-wordpress\/ -->\n<title>Diputado propone que los municipios tengan su propia Constituci\u00f3n - Diario Textual<\/title>\n<meta name=\"robots\" content=\"index, follow, max-snippet:-1, max-image-preview:large, max-video-preview:-1\" \/>\n<link rel=\"canonical\" href=\"https:\/\/diariotextual.com\/inicio\/index.php\/2020\/10\/27\/diputado-propone-que-los-municipios-tengan-su-propia-constitucion\/\" \/>\n<meta property=\"og:locale\" content=\"es_ES\" \/>\n<meta property=\"og:type\" content=\"article\" \/>\n<meta property=\"og:title\" content=\"Diputado propone que los municipios tengan su propia Constituci\u00f3n - Diario Textual\" \/>\n<meta property=\"og:description\" content=\"El diputado provincial Marcos Cuelle (UCR) plante\u00f3, luego de observar la adhesi\u00f3n de muchos pol\u00edticos pampeanos al proceso de cambio de Constituci\u00f3n en Chile, la necesidad de que los municipios&hellip;\" \/>\n<meta property=\"og:url\" content=\"https:\/\/diariotextual.com\/inicio\/index.php\/2020\/10\/27\/diputado-propone-que-los-municipios-tengan-su-propia-constitucion\/\" \/>\n<meta property=\"og:site_name\" content=\"Diario Textual\" \/>\n<meta property=\"article:publisher\" content=\"https:\/\/www.facebook.com\/eltextual\" \/>\n<meta property=\"article:published_time\" content=\"2020-10-27T18:03:41+00:00\" \/>\n<meta property=\"article:modified_time\" content=\"2020-10-27T18:03:42+00:00\" \/>\n<meta property=\"og:image\" content=\"https:\/\/diariotextual.com\/inicio\/wp-content\/uploads\/2020\/06\/cuellemarcos223.jpg\" \/>\n\t<meta property=\"og:image:width\" content=\"558\" \/>\n\t<meta property=\"og:image:height\" content=\"380\" \/>\n\t<meta property=\"og:image:type\" content=\"image\/jpeg\" \/>\n<meta name=\"author\" content=\"diario3\" \/>\n<meta name=\"twitter:card\" content=\"summary_large_image\" \/>\n<meta name=\"twitter:creator\" content=\"@eltextual\" \/>\n<meta name=\"twitter:site\" content=\"@eltextual\" \/>\n<meta name=\"twitter:label1\" content=\"Escrito por\" \/>\n\t<meta name=\"twitter:data1\" content=\"diario3\" \/>\n\t<meta name=\"twitter:label2\" content=\"Tiempo de lectura\" \/>\n\t<meta name=\"twitter:data2\" content=\"4 minutos\" \/>\n<script type=\"application\/ld+json\" class=\"yoast-schema-graph\">{\"@context\":\"https:\\\/\\\/schema.org\",\"@graph\":[{\"@type\":\"Article\",\"@id\":\"https:\\\/\\\/diariotextual.com\\\/inicio\\\/index.php\\\/2020\\\/10\\\/27\\\/diputado-propone-que-los-municipios-tengan-su-propia-constitucion\\\/#article\",\"isPartOf\":{\"@id\":\"https:\\\/\\\/diariotextual.com\\\/inicio\\\/index.php\\\/2020\\\/10\\\/27\\\/diputado-propone-que-los-municipios-tengan-su-propia-constitucion\\\/\"},\"author\":{\"name\":\"diario3\",\"@id\":\"https:\\\/\\\/diariotextual.com\\\/inicio\\\/#\\\/schema\\\/person\\\/a1b6f563e0ee944c60f98119389a4d9f\"},\"headline\":\"Diputado propone que los municipios tengan su propia Constituci\u00f3n\",\"datePublished\":\"2020-10-27T18:03:41+00:00\",\"dateModified\":\"2020-10-27T18:03:42+00:00\",\"mainEntityOfPage\":{\"@id\":\"https:\\\/\\\/diariotextual.com\\\/inicio\\\/index.php\\\/2020\\\/10\\\/27\\\/diputado-propone-que-los-municipios-tengan-su-propia-constitucion\\\/\"},\"wordCount\":726,\"publisher\":{\"@id\":\"https:\\\/\\\/diariotextual.com\\\/inicio\\\/#organization\"},\"image\":{\"@id\":\"https:\\\/\\\/diariotextual.com\\\/inicio\\\/index.php\\\/2020\\\/10\\\/27\\\/diputado-propone-que-los-municipios-tengan-su-propia-constitucion\\\/#primaryimage\"},\"thumbnailUrl\":\"https:\\\/\\\/diariotextual.com\\\/inicio\\\/wp-content\\\/uploads\\\/2020\\\/06\\\/cuellemarcos223.jpg\",\"keywords\":[\"constitucion\",\"Marcos Cuelle\",\"municipios\"],\"articleSection\":[\"A - DESTACADAS (mod 16)\",\"POLITICA\"],\"inLanguage\":\"es\"},{\"@type\":\"WebPage\",\"@id\":\"https:\\\/\\\/diariotextual.com\\\/inicio\\\/index.php\\\/2020\\\/10\\\/27\\\/diputado-propone-que-los-municipios-tengan-su-propia-constitucion\\\/\",\"url\":\"https:\\\/\\\/diariotextual.com\\\/inicio\\\/index.php\\\/2020\\\/10\\\/27\\\/diputado-propone-que-los-municipios-tengan-su-propia-constitucion\\\/\",\"name\":\"Diputado propone que los municipios tengan su propia Constituci\u00f3n - Diario Textual\",\"isPartOf\":{\"@id\":\"https:\\\/\\\/diariotextual.com\\\/inicio\\\/#website\"},\"primaryImageOfPage\":{\"@id\":\"https:\\\/\\\/diariotextual.com\\\/inicio\\\/index.php\\\/2020\\\/10\\\/27\\\/diputado-propone-que-los-municipios-tengan-su-propia-constitucion\\\/#primaryimage\"},\"image\":{\"@id\":\"https:\\\/\\\/diariotextual.com\\\/inicio\\\/index.php\\\/2020\\\/10\\\/27\\\/diputado-propone-que-los-municipios-tengan-su-propia-constitucion\\\/#primaryimage\"},\"thumbnailUrl\":\"https:\\\/\\\/diariotextual.com\\\/inicio\\\/wp-content\\\/uploads\\\/2020\\\/06\\\/cuellemarcos223.jpg\",\"datePublished\":\"2020-10-27T18:03:41+00:00\",\"dateModified\":\"2020-10-27T18:03:42+00:00\",\"breadcrumb\":{\"@id\":\"https:\\\/\\\/diariotextual.com\\\/inicio\\\/index.php\\\/2020\\\/10\\\/27\\\/diputado-propone-que-los-municipios-tengan-su-propia-constitucion\\\/#breadcrumb\"},\"inLanguage\":\"es\",\"potentialAction\":[{\"@type\":\"ReadAction\",\"target\":[\"https:\\\/\\\/diariotextual.com\\\/inicio\\\/index.php\\\/2020\\\/10\\\/27\\\/diputado-propone-que-los-municipios-tengan-su-propia-constitucion\\\/\"]}]},{\"@type\":\"ImageObject\",\"inLanguage\":\"es\",\"@id\":\"https:\\\/\\\/diariotextual.com\\\/inicio\\\/index.php\\\/2020\\\/10\\\/27\\\/diputado-propone-que-los-municipios-tengan-su-propia-constitucion\\\/#primaryimage\",\"url\":\"https:\\\/\\\/diariotextual.com\\\/inicio\\\/wp-content\\\/uploads\\\/2020\\\/06\\\/cuellemarcos223.jpg\",\"contentUrl\":\"https:\\\/\\\/diariotextual.com\\\/inicio\\\/wp-content\\\/uploads\\\/2020\\\/06\\\/cuellemarcos223.jpg\",\"width\":558,\"height\":380},{\"@type\":\"BreadcrumbList\",\"@id\":\"https:\\\/\\\/diariotextual.com\\\/inicio\\\/index.php\\\/2020\\\/10\\\/27\\\/diputado-propone-que-los-municipios-tengan-su-propia-constitucion\\\/#breadcrumb\",\"itemListElement\":[{\"@type\":\"ListItem\",\"position\":1,\"name\":\"Portada\",\"item\":\"https:\\\/\\\/diariotextual.com\\\/inicio\\\/\"},{\"@type\":\"ListItem\",\"position\":2,\"name\":\"Diputado propone que los municipios tengan su propia Constituci\u00f3n\"}]},{\"@type\":\"WebSite\",\"@id\":\"https:\\\/\\\/diariotextual.com\\\/inicio\\\/#website\",\"url\":\"https:\\\/\\\/diariotextual.com\\\/inicio\\\/\",\"name\":\"Diario Textual\",\"description\":\"\",\"publisher\":{\"@id\":\"https:\\\/\\\/diariotextual.com\\\/inicio\\\/#organization\"},\"potentialAction\":[{\"@type\":\"SearchAction\",\"target\":{\"@type\":\"EntryPoint\",\"urlTemplate\":\"https:\\\/\\\/diariotextual.com\\\/inicio\\\/?s={search_term_string}\"},\"query-input\":{\"@type\":\"PropertyValueSpecification\",\"valueRequired\":true,\"valueName\":\"search_term_string\"}}],\"inLanguage\":\"es\"},{\"@type\":\"Organization\",\"@id\":\"https:\\\/\\\/diariotextual.com\\\/inicio\\\/#organization\",\"name\":\"Diario Textual\",\"url\":\"https:\\\/\\\/diariotextual.com\\\/inicio\\\/\",\"logo\":{\"@type\":\"ImageObject\",\"inLanguage\":\"es\",\"@id\":\"https:\\\/\\\/diariotextual.com\\\/inicio\\\/#\\\/schema\\\/logo\\\/image\\\/\",\"url\":\"https:\\\/\\\/diariotextual.com\\\/inicio\\\/wp-content\\\/uploads\\\/2023\\\/05\\\/logotextual1.jpg\",\"contentUrl\":\"https:\\\/\\\/diariotextual.com\\\/inicio\\\/wp-content\\\/uploads\\\/2023\\\/05\\\/logotextual1.jpg\",\"width\":516,\"height\":76,\"caption\":\"Diario Textual\"},\"image\":{\"@id\":\"https:\\\/\\\/diariotextual.com\\\/inicio\\\/#\\\/schema\\\/logo\\\/image\\\/\"},\"sameAs\":[\"https:\\\/\\\/www.facebook.com\\\/eltextual\",\"https:\\\/\\\/x.com\\\/eltextual\",\"http:\\\/\\\/www.instagram.com\\\/eltextual\"]},{\"@type\":\"Person\",\"@id\":\"https:\\\/\\\/diariotextual.com\\\/inicio\\\/#\\\/schema\\\/person\\\/a1b6f563e0ee944c60f98119389a4d9f\",\"name\":\"diario3\",\"image\":{\"@type\":\"ImageObject\",\"inLanguage\":\"es\",\"@id\":\"https:\\\/\\\/secure.gravatar.com\\\/avatar\\\/5e7ee62c82fc04d9dd79d746a390d93c69c43223e5faeeb3ea9461ef752bfc5d?s=96&d=mm&r=g\",\"url\":\"https:\\\/\\\/secure.gravatar.com\\\/avatar\\\/5e7ee62c82fc04d9dd79d746a390d93c69c43223e5faeeb3ea9461ef752bfc5d?s=96&d=mm&r=g\",\"contentUrl\":\"https:\\\/\\\/secure.gravatar.com\\\/avatar\\\/5e7ee62c82fc04d9dd79d746a390d93c69c43223e5faeeb3ea9461ef752bfc5d?s=96&d=mm&r=g\",\"caption\":\"diario3\"},\"url\":\"https:\\\/\\\/diariotextual.com\\\/inicio\\\/index.php\\\/author\\\/diario3\\\/\"}]}<\/script>\n<!-- \/ Yoast SEO plugin. -->","yoast_head_json":{"title":"Diputado propone que los municipios tengan su propia Constituci\u00f3n - Diario Textual","robots":{"index":"index","follow":"follow","max-snippet":"max-snippet:-1","max-image-preview":"max-image-preview:large","max-video-preview":"max-video-preview:-1"},"canonical":"https:\/\/diariotextual.com\/inicio\/index.php\/2020\/10\/27\/diputado-propone-que-los-municipios-tengan-su-propia-constitucion\/","og_locale":"es_ES","og_type":"article","og_title":"Diputado propone que los municipios tengan su propia Constituci\u00f3n - Diario Textual","og_description":"El diputado provincial Marcos Cuelle (UCR) plante\u00f3, luego de observar la adhesi\u00f3n de muchos pol\u00edticos pampeanos al proceso de cambio de Constituci\u00f3n en Chile, la necesidad de que los municipios&hellip;","og_url":"https:\/\/diariotextual.com\/inicio\/index.php\/2020\/10\/27\/diputado-propone-que-los-municipios-tengan-su-propia-constitucion\/","og_site_name":"Diario Textual","article_publisher":"https:\/\/www.facebook.com\/eltextual","article_published_time":"2020-10-27T18:03:41+00:00","article_modified_time":"2020-10-27T18:03:42+00:00","og_image":[{"width":558,"height":380,"url":"https:\/\/diariotextual.com\/inicio\/wp-content\/uploads\/2020\/06\/cuellemarcos223.jpg","type":"image\/jpeg"}],"author":"diario3","twitter_card":"summary_large_image","twitter_creator":"@eltextual","twitter_site":"@eltextual","twitter_misc":{"Escrito por":"diario3","Tiempo de lectura":"4 minutos"},"schema":{"@context":"https:\/\/schema.org","@graph":[{"@type":"Article","@id":"https:\/\/diariotextual.com\/inicio\/index.php\/2020\/10\/27\/diputado-propone-que-los-municipios-tengan-su-propia-constitucion\/#article","isPartOf":{"@id":"https:\/\/diariotextual.com\/inicio\/index.php\/2020\/10\/27\/diputado-propone-que-los-municipios-tengan-su-propia-constitucion\/"},"author":{"name":"diario3","@id":"https:\/\/diariotextual.com\/inicio\/#\/schema\/person\/a1b6f563e0ee944c60f98119389a4d9f"},"headline":"Diputado propone que los municipios tengan su propia Constituci\u00f3n","datePublished":"2020-10-27T18:03:41+00:00","dateModified":"2020-10-27T18:03:42+00:00","mainEntityOfPage":{"@id":"https:\/\/diariotextual.com\/inicio\/index.php\/2020\/10\/27\/diputado-propone-que-los-municipios-tengan-su-propia-constitucion\/"},"wordCount":726,"publisher":{"@id":"https:\/\/diariotextual.com\/inicio\/#organization"},"image":{"@id":"https:\/\/diariotextual.com\/inicio\/index.php\/2020\/10\/27\/diputado-propone-que-los-municipios-tengan-su-propia-constitucion\/#primaryimage"},"thumbnailUrl":"https:\/\/diariotextual.com\/inicio\/wp-content\/uploads\/2020\/06\/cuellemarcos223.jpg","keywords":["constitucion","Marcos Cuelle","municipios"],"articleSection":["A - DESTACADAS (mod 16)","POLITICA"],"inLanguage":"es"},{"@type":"WebPage","@id":"https:\/\/diariotextual.com\/inicio\/index.php\/2020\/10\/27\/diputado-propone-que-los-municipios-tengan-su-propia-constitucion\/","url":"https:\/\/diariotextual.com\/inicio\/index.php\/2020\/10\/27\/diputado-propone-que-los-municipios-tengan-su-propia-constitucion\/","name":"Diputado propone que los municipios tengan su propia Constituci\u00f3n - Diario Textual","isPartOf":{"@id":"https:\/\/diariotextual.com\/inicio\/#website"},"primaryImageOfPage":{"@id":"https:\/\/diariotextual.com\/inicio\/index.php\/2020\/10\/27\/diputado-propone-que-los-municipios-tengan-su-propia-constitucion\/#primaryimage"},"image":{"@id":"https:\/\/diariotextual.com\/inicio\/index.php\/2020\/10\/27\/diputado-propone-que-los-municipios-tengan-su-propia-constitucion\/#primaryimage"},"thumbnailUrl":"https:\/\/diariotextual.com\/inicio\/wp-content\/uploads\/2020\/06\/cuellemarcos223.jpg","datePublished":"2020-10-27T18:03:41+00:00","dateModified":"2020-10-27T18:03:42+00:00","breadcrumb":{"@id":"https:\/\/diariotextual.com\/inicio\/index.php\/2020\/10\/27\/diputado-propone-que-los-municipios-tengan-su-propia-constitucion\/#breadcrumb"},"inLanguage":"es","potentialAction":[{"@type":"ReadAction","target":["https:\/\/diariotextual.com\/inicio\/index.php\/2020\/10\/27\/diputado-propone-que-los-municipios-tengan-su-propia-constitucion\/"]}]},{"@type":"ImageObject","inLanguage":"es","@id":"https:\/\/diariotextual.com\/inicio\/index.php\/2020\/10\/27\/diputado-propone-que-los-municipios-tengan-su-propia-constitucion\/#primaryimage","url":"https:\/\/diariotextual.com\/inicio\/wp-content\/uploads\/2020\/06\/cuellemarcos223.jpg","contentUrl":"https:\/\/diariotextual.com\/inicio\/wp-content\/uploads\/2020\/06\/cuellemarcos223.jpg","width":558,"height":380},{"@type":"BreadcrumbList","@id":"https:\/\/diariotextual.com\/inicio\/index.php\/2020\/10\/27\/diputado-propone-que-los-municipios-tengan-su-propia-constitucion\/#breadcrumb","itemListElement":[{"@type":"ListItem","position":1,"name":"Portada","item":"https:\/\/diariotextual.com\/inicio\/"},{"@type":"ListItem","position":2,"name":"Diputado propone que los municipios tengan su propia Constituci\u00f3n"}]},{"@type":"WebSite","@id":"https:\/\/diariotextual.com\/inicio\/#website","url":"https:\/\/diariotextual.com\/inicio\/","name":"Diario Textual","description":"","publisher":{"@id":"https:\/\/diariotextual.com\/inicio\/#organization"},"potentialAction":[{"@type":"SearchAction","target":{"@type":"EntryPoint","urlTemplate":"https:\/\/diariotextual.com\/inicio\/?s={search_term_string}"},"query-input":{"@type":"PropertyValueSpecification","valueRequired":true,"valueName":"search_term_string"}}],"inLanguage":"es"},{"@type":"Organization","@id":"https:\/\/diariotextual.com\/inicio\/#organization","name":"Diario Textual","url":"https:\/\/diariotextual.com\/inicio\/","logo":{"@type":"ImageObject","inLanguage":"es","@id":"https:\/\/diariotextual.com\/inicio\/#\/schema\/logo\/image\/","url":"https:\/\/diariotextual.com\/inicio\/wp-content\/uploads\/2023\/05\/logotextual1.jpg","contentUrl":"https:\/\/diariotextual.com\/inicio\/wp-content\/uploads\/2023\/05\/logotextual1.jpg","width":516,"height":76,"caption":"Diario Textual"},"image":{"@id":"https:\/\/diariotextual.com\/inicio\/#\/schema\/logo\/image\/"},"sameAs":["https:\/\/www.facebook.com\/eltextual","https:\/\/x.com\/eltextual","http:\/\/www.instagram.com\/eltextual"]},{"@type":"Person","@id":"https:\/\/diariotextual.com\/inicio\/#\/schema\/person\/a1b6f563e0ee944c60f98119389a4d9f","name":"diario3","image":{"@type":"ImageObject","inLanguage":"es","@id":"https:\/\/secure.gravatar.com\/avatar\/5e7ee62c82fc04d9dd79d746a390d93c69c43223e5faeeb3ea9461ef752bfc5d?s=96&d=mm&r=g","url":"https:\/\/secure.gravatar.com\/avatar\/5e7ee62c82fc04d9dd79d746a390d93c69c43223e5faeeb3ea9461ef752bfc5d?s=96&d=mm&r=g","contentUrl":"https:\/\/secure.gravatar.com\/avatar\/5e7ee62c82fc04d9dd79d746a390d93c69c43223e5faeeb3ea9461ef752bfc5d?s=96&d=mm&r=g","caption":"diario3"},"url":"https:\/\/diariotextual.com\/inicio\/index.php\/author\/diario3\/"}]}},"_links":{"self":[{"href":"https:\/\/diariotextual.com\/inicio\/index.php\/wp-json\/wp\/v2\/posts\/118466","targetHints":{"allow":["GET"]}}],"collection":[{"href":"https:\/\/diariotextual.com\/inicio\/index.php\/wp-json\/wp\/v2\/posts"}],"about":[{"href":"https:\/\/diariotextual.com\/inicio\/index.php\/wp-json\/wp\/v2\/types\/post"}],"author":[{"embeddable":true,"href":"https:\/\/diariotextual.com\/inicio\/index.php\/wp-json\/wp\/v2\/users\/5"}],"replies":[{"embeddable":true,"href":"https:\/\/diariotextual.com\/inicio\/index.php\/wp-json\/wp\/v2\/comments?post=118466"}],"version-history":[{"count":1,"href":"https:\/\/diariotextual.com\/inicio\/index.php\/wp-json\/wp\/v2\/posts\/118466\/revisions"}],"predecessor-version":[{"id":118467,"href":"https:\/\/diariotextual.com\/inicio\/index.php\/wp-json\/wp\/v2\/posts\/118466\/revisions\/118467"}],"wp:featuredmedia":[{"embeddable":true,"href":"https:\/\/diariotextual.com\/inicio\/index.php\/wp-json\/wp\/v2\/media\/97771"}],"wp:attachment":[{"href":"https:\/\/diariotextual.com\/inicio\/index.php\/wp-json\/wp\/v2\/media?parent=118466"}],"wp:term":[{"taxonomy":"category","embeddable":true,"href":"https:\/\/diariotextual.com\/inicio\/index.php\/wp-json\/wp\/v2\/categories?post=118466"},{"taxonomy":"post_tag","embeddable":true,"href":"https:\/\/diariotextual.com\/inicio\/index.php\/wp-json\/wp\/v2\/tags?post=118466"}],"curies":[{"name":"wp","href":"https:\/\/api.w.org\/{rel}","templated":true}]}}