{"id":118747,"date":"2020-10-29T10:00:43","date_gmt":"2020-10-29T13:00:43","guid":{"rendered":"http:\/\/diariotextual.com\/inicio\/?p=118747"},"modified":"2020-10-29T20:13:54","modified_gmt":"2020-10-29T23:13:54","slug":"presupuesto-2021-maquieyra-cuestiono-escasez-de-fondos-para-viviendas","status":"publish","type":"post","link":"https:\/\/diariotextual.com\/inicio\/index.php\/2020\/10\/29\/presupuesto-2021-maquieyra-cuestiono-escasez-de-fondos-para-viviendas\/","title":{"rendered":"Presupuesto 2021: Maquieyra ahora cuestion\u00f3 \u201cescasez\u201d de fondos para casas"},"content":{"rendered":"\n<p>El diputado nacional <strong>Mart\u00edn Maquieyra (PRO)<\/strong> cuestion\u00f3 las <strong>\u201cescasas partidas\u201d<\/strong> en <strong>viviendas para la provincia de La Pampa<\/strong> en el Presupuesto 2021. Precisamente lo hizo un representante del Gobierno de Mauricio Macri, que entre 2016 y 2019 cort\u00f3 casi todos los fondos para casas sociales en la provincia.<\/p>\n\n\n\n<figure class=\"wp-block-embed-wordpress wp-block-embed is-type-wp-embed is-provider-diario-textual\"><div class=\"wp-block-embed__wrapper\">\n<blockquote class=\"wp-embedded-content\" data-secret=\"8jmP2TMdJL\"><a href=\"http:\/\/diariotextual.com\/inicio\/index.php\/2020\/10\/29\/el-frejupa-cruzo-a-maquieyra-por-los-fondos-para-casas-peor-es-nada\/\">El Frejupa cruz\u00f3 a Maquieyra por los fondos para casas: \u201cPeor es nada\u201d<\/a><\/blockquote><iframe class=\"wp-embedded-content\" sandbox=\"allow-scripts\" security=\"restricted\" style=\"position: absolute; clip: rect(1px, 1px, 1px, 1px);\" title=\"\u00abEl Frejupa cruz\u00f3 a Maquieyra por los fondos para casas: \u201cPeor es nada\u201d\u00bb \u2014 Diario Textual\" src=\"http:\/\/diariotextual.com\/inicio\/index.php\/2020\/10\/29\/el-frejupa-cruzo-a-maquieyra-por-los-fondos-para-casas-peor-es-nada\/embed\/#?secret=8jmP2TMdJL\" data-secret=\"8jmP2TMdJL\" width=\"600\" height=\"338\" frameborder=\"0\" marginwidth=\"0\" marginheight=\"0\" scrolling=\"no\"><\/iframe>\n<\/div><\/figure>\n\n\n\n<p>Igual, valor\u00f3 las obras de cloacas para Guatrach\u00e9 y Rancul y la repavimentaci\u00f3n de la ruta 35.<\/p>\n\n\n\n<p>El legislador advirti\u00f3 que si el Gobierno de Alberto Fern\u00e1ndez sigue financiando el d\u00e9ficit con emisi\u00f3n monetaria seguir\u00e1 la inflaci\u00f3n alta.<\/p>\n\n\n\n<p>Manifest\u00f3 que es \u201cfalaz\u201d proyectar un d\u00f3lar en $102 en el 2021 y alert\u00f3 que el pa\u00eds volvi\u00f3 a tener el d\u00e9ficit del 2016.<\/p>\n\n\n\n<p>Respecto a La Pampa, celebr\u00f3 las obras que figuran como las cloacas para Guatrach\u00e9 y Rancul y la continuaci\u00f3n de las obras de repavimentaci\u00f3n de la ruta nacional 35. Pero critic\u00f3 las escasas partidas para viviendas a la provincia.<\/p>\n\n\n\n<p>\u201cSi vamos al tema de las viviendas, algo en el que nuestro gobierno tuvo un d\u00e9ficit porque no fueron buenas las partidas para La Pampa, vemos que tambi\u00e9n este a\u00f1o ser\u00e1n escasas. &nbsp;Considerando que la respuesta del Jefe de Gabinete este a\u00f1o fueron 24 viviendas para La Pampa y para el a\u00f1o que viene ser\u00edan 288 millones de pesos, por un fideicomiso que alcanzar\u00edan solo para 100 viviendas el presidente no le estar\u00eda cumpliendo todav\u00eda la promesa que le hizo al gobernador\u201d, dijo Maquieyra.<\/p>\n\n\n\n<p>Cuestion\u00f3 a la vicepresidenta Cristina Fern\u00e1ndez de Kirchner por su convocatoria al di\u00e1logo. Dijo que este a\u00f1o s\u00f3lo se \u201cecharon culpas\u201d, sino que no hubo di\u00e1logo en el oficialismo.<\/p>\n\n\n\n<p>\u201cSomos una oposici\u00f3n que est\u00e1 abierta al di\u00e1logo y al consenso pero es dif\u00edcil cuando del otro lado se debaten el principio y derecho de la Constituci\u00f3n, cuando se debate hasta la propiedad. Cuenten con nosotros para el di\u00e1logo y para el consenso, pero no cuenten con nosotros si lo que quieren es ir en contra de la Constituci\u00f3n\u201d, finaliz\u00f3.&nbsp;<\/p>\n","protected":false},"excerpt":{"rendered":"<p>El diputado nacional Mart\u00edn Maquieyra (PRO) cuestion\u00f3 las \u201cescasas partidas\u201d en viviendas para la provincia de La Pampa en el Presupuesto 2021. Precisamente lo hizo un representante del Gobierno de&hellip;<\/p>\n","protected":false},"author":7,"featured_media":93558,"comment_status":"closed","ping_status":"open","sticky":false,"template":"","format":"standard","meta":{"_acf_changed":false,"footnotes":""},"categories":[11,8],"tags":[765],"class_list":["post-118747","post","type-post","status-publish","format-standard","has-post-thumbnail","hentry","category-que-pasa","category-politica","tag-presupuesto"],"acf":[],"yoast_head":"<!-- This site is optimized with the Yoast SEO plugin v27.5 - https:\/\/yoast.com\/product\/yoast-seo-wordpress\/ -->\n<title>Presupuesto 2021: Maquieyra ahora cuestion\u00f3 \u201cescasez\u201d de fondos para casas - Diario Textual<\/title>\n<meta name=\"robots\" content=\"index, follow, max-snippet:-1, max-image-preview:large, max-video-preview:-1\" \/>\n<link rel=\"canonical\" href=\"https:\/\/diariotextual.com\/inicio\/index.php\/2020\/10\/29\/presupuesto-2021-maquieyra-cuestiono-escasez-de-fondos-para-viviendas\/\" \/>\n<meta property=\"og:locale\" content=\"es_ES\" \/>\n<meta property=\"og:type\" content=\"article\" \/>\n<meta property=\"og:title\" content=\"Presupuesto 2021: Maquieyra ahora cuestion\u00f3 \u201cescasez\u201d de fondos para casas - Diario Textual\" \/>\n<meta property=\"og:description\" content=\"El diputado nacional Mart\u00edn Maquieyra (PRO) cuestion\u00f3 las \u201cescasas partidas\u201d en viviendas para la provincia de La Pampa en el Presupuesto 2021. Precisamente lo hizo un representante del Gobierno de&hellip;\" \/>\n<meta property=\"og:url\" content=\"https:\/\/diariotextual.com\/inicio\/index.php\/2020\/10\/29\/presupuesto-2021-maquieyra-cuestiono-escasez-de-fondos-para-viviendas\/\" \/>\n<meta property=\"og:site_name\" content=\"Diario Textual\" \/>\n<meta property=\"article:publisher\" content=\"https:\/\/www.facebook.com\/eltextual\" \/>\n<meta property=\"article:published_time\" content=\"2020-10-29T13:00:43+00:00\" \/>\n<meta property=\"article:modified_time\" content=\"2020-10-29T23:13:54+00:00\" \/>\n<meta property=\"og:image\" content=\"https:\/\/diariotextual.com\/inicio\/wp-content\/uploads\/2020\/05\/MaquieyraCongresoPresente.jpg\" \/>\n\t<meta property=\"og:image:width\" content=\"700\" \/>\n\t<meta property=\"og:image:height\" content=\"432\" \/>\n\t<meta property=\"og:image:type\" content=\"image\/jpeg\" \/>\n<meta name=\"author\" content=\"diario5\" \/>\n<meta name=\"twitter:card\" content=\"summary_large_image\" \/>\n<meta name=\"twitter:creator\" content=\"@eltextual\" \/>\n<meta name=\"twitter:site\" content=\"@eltextual\" \/>\n<meta name=\"twitter:label1\" content=\"Escrito por\" \/>\n\t<meta name=\"twitter:data1\" content=\"diario5\" \/>\n\t<meta name=\"twitter:label2\" content=\"Tiempo de lectura\" \/>\n\t<meta name=\"twitter:data2\" content=\"2 minutos\" \/>\n<script type=\"application\/ld+json\" class=\"yoast-schema-graph\">{\"@context\":\"https:\\\/\\\/schema.org\",\"@graph\":[{\"@type\":\"Article\",\"@id\":\"https:\\\/\\\/diariotextual.com\\\/inicio\\\/index.php\\\/2020\\\/10\\\/29\\\/presupuesto-2021-maquieyra-cuestiono-escasez-de-fondos-para-viviendas\\\/#article\",\"isPartOf\":{\"@id\":\"https:\\\/\\\/diariotextual.com\\\/inicio\\\/index.php\\\/2020\\\/10\\\/29\\\/presupuesto-2021-maquieyra-cuestiono-escasez-de-fondos-para-viviendas\\\/\"},\"author\":{\"name\":\"diario5\",\"@id\":\"https:\\\/\\\/diariotextual.com\\\/inicio\\\/#\\\/schema\\\/person\\\/c7834961ad8b29b1d9cdbf4571299067\"},\"headline\":\"Presupuesto 2021: Maquieyra ahora cuestion\u00f3 \u201cescasez\u201d de fondos para casas\",\"datePublished\":\"2020-10-29T13:00:43+00:00\",\"dateModified\":\"2020-10-29T23:13:54+00:00\",\"mainEntityOfPage\":{\"@id\":\"https:\\\/\\\/diariotextual.com\\\/inicio\\\/index.php\\\/2020\\\/10\\\/29\\\/presupuesto-2021-maquieyra-cuestiono-escasez-de-fondos-para-viviendas\\\/\"},\"wordCount\":361,\"publisher\":{\"@id\":\"https:\\\/\\\/diariotextual.com\\\/inicio\\\/#organization\"},\"image\":{\"@id\":\"https:\\\/\\\/diariotextual.com\\\/inicio\\\/index.php\\\/2020\\\/10\\\/29\\\/presupuesto-2021-maquieyra-cuestiono-escasez-de-fondos-para-viviendas\\\/#primaryimage\"},\"thumbnailUrl\":\"https:\\\/\\\/diariotextual.com\\\/inicio\\\/wp-content\\\/uploads\\\/2020\\\/05\\\/MaquieyraCongresoPresente.jpg\",\"keywords\":[\"presupuesto\"],\"articleSection\":[\"A - QUE PASA (al costado)\",\"POLITICA\"],\"inLanguage\":\"es\"},{\"@type\":\"WebPage\",\"@id\":\"https:\\\/\\\/diariotextual.com\\\/inicio\\\/index.php\\\/2020\\\/10\\\/29\\\/presupuesto-2021-maquieyra-cuestiono-escasez-de-fondos-para-viviendas\\\/\",\"url\":\"https:\\\/\\\/diariotextual.com\\\/inicio\\\/index.php\\\/2020\\\/10\\\/29\\\/presupuesto-2021-maquieyra-cuestiono-escasez-de-fondos-para-viviendas\\\/\",\"name\":\"Presupuesto 2021: Maquieyra ahora cuestion\u00f3 \u201cescasez\u201d de fondos para casas - Diario Textual\",\"isPartOf\":{\"@id\":\"https:\\\/\\\/diariotextual.com\\\/inicio\\\/#website\"},\"primaryImageOfPage\":{\"@id\":\"https:\\\/\\\/diariotextual.com\\\/inicio\\\/index.php\\\/2020\\\/10\\\/29\\\/presupuesto-2021-maquieyra-cuestiono-escasez-de-fondos-para-viviendas\\\/#primaryimage\"},\"image\":{\"@id\":\"https:\\\/\\\/diariotextual.com\\\/inicio\\\/index.php\\\/2020\\\/10\\\/29\\\/presupuesto-2021-maquieyra-cuestiono-escasez-de-fondos-para-viviendas\\\/#primaryimage\"},\"thumbnailUrl\":\"https:\\\/\\\/diariotextual.com\\\/inicio\\\/wp-content\\\/uploads\\\/2020\\\/05\\\/MaquieyraCongresoPresente.jpg\",\"datePublished\":\"2020-10-29T13:00:43+00:00\",\"dateModified\":\"2020-10-29T23:13:54+00:00\",\"breadcrumb\":{\"@id\":\"https:\\\/\\\/diariotextual.com\\\/inicio\\\/index.php\\\/2020\\\/10\\\/29\\\/presupuesto-2021-maquieyra-cuestiono-escasez-de-fondos-para-viviendas\\\/#breadcrumb\"},\"inLanguage\":\"es\",\"potentialAction\":[{\"@type\":\"ReadAction\",\"target\":[\"https:\\\/\\\/diariotextual.com\\\/inicio\\\/index.php\\\/2020\\\/10\\\/29\\\/presupuesto-2021-maquieyra-cuestiono-escasez-de-fondos-para-viviendas\\\/\"]}]},{\"@type\":\"ImageObject\",\"inLanguage\":\"es\",\"@id\":\"https:\\\/\\\/diariotextual.com\\\/inicio\\\/index.php\\\/2020\\\/10\\\/29\\\/presupuesto-2021-maquieyra-cuestiono-escasez-de-fondos-para-viviendas\\\/#primaryimage\",\"url\":\"https:\\\/\\\/diariotextual.com\\\/inicio\\\/wp-content\\\/uploads\\\/2020\\\/05\\\/MaquieyraCongresoPresente.jpg\",\"contentUrl\":\"https:\\\/\\\/diariotextual.com\\\/inicio\\\/wp-content\\\/uploads\\\/2020\\\/05\\\/MaquieyraCongresoPresente.jpg\",\"width\":700,\"height\":432},{\"@type\":\"BreadcrumbList\",\"@id\":\"https:\\\/\\\/diariotextual.com\\\/inicio\\\/index.php\\\/2020\\\/10\\\/29\\\/presupuesto-2021-maquieyra-cuestiono-escasez-de-fondos-para-viviendas\\\/#breadcrumb\",\"itemListElement\":[{\"@type\":\"ListItem\",\"position\":1,\"name\":\"Portada\",\"item\":\"https:\\\/\\\/diariotextual.com\\\/inicio\\\/\"},{\"@type\":\"ListItem\",\"position\":2,\"name\":\"Presupuesto 2021: Maquieyra ahora cuestion\u00f3 \u201cescasez\u201d de fondos para casas\"}]},{\"@type\":\"WebSite\",\"@id\":\"https:\\\/\\\/diariotextual.com\\\/inicio\\\/#website\",\"url\":\"https:\\\/\\\/diariotextual.com\\\/inicio\\\/\",\"name\":\"Diario Textual\",\"description\":\"\",\"publisher\":{\"@id\":\"https:\\\/\\\/diariotextual.com\\\/inicio\\\/#organization\"},\"potentialAction\":[{\"@type\":\"SearchAction\",\"target\":{\"@type\":\"EntryPoint\",\"urlTemplate\":\"https:\\\/\\\/diariotextual.com\\\/inicio\\\/?s={search_term_string}\"},\"query-input\":{\"@type\":\"PropertyValueSpecification\",\"valueRequired\":true,\"valueName\":\"search_term_string\"}}],\"inLanguage\":\"es\"},{\"@type\":\"Organization\",\"@id\":\"https:\\\/\\\/diariotextual.com\\\/inicio\\\/#organization\",\"name\":\"Diario Textual\",\"url\":\"https:\\\/\\\/diariotextual.com\\\/inicio\\\/\",\"logo\":{\"@type\":\"ImageObject\",\"inLanguage\":\"es\",\"@id\":\"https:\\\/\\\/diariotextual.com\\\/inicio\\\/#\\\/schema\\\/logo\\\/image\\\/\",\"url\":\"https:\\\/\\\/diariotextual.com\\\/inicio\\\/wp-content\\\/uploads\\\/2023\\\/05\\\/logotextual1.jpg\",\"contentUrl\":\"https:\\\/\\\/diariotextual.com\\\/inicio\\\/wp-content\\\/uploads\\\/2023\\\/05\\\/logotextual1.jpg\",\"width\":516,\"height\":76,\"caption\":\"Diario Textual\"},\"image\":{\"@id\":\"https:\\\/\\\/diariotextual.com\\\/inicio\\\/#\\\/schema\\\/logo\\\/image\\\/\"},\"sameAs\":[\"https:\\\/\\\/www.facebook.com\\\/eltextual\",\"https:\\\/\\\/x.com\\\/eltextual\",\"http:\\\/\\\/www.instagram.com\\\/eltextual\"]},{\"@type\":\"Person\",\"@id\":\"https:\\\/\\\/diariotextual.com\\\/inicio\\\/#\\\/schema\\\/person\\\/c7834961ad8b29b1d9cdbf4571299067\",\"name\":\"diario5\",\"image\":{\"@type\":\"ImageObject\",\"inLanguage\":\"es\",\"@id\":\"https:\\\/\\\/secure.gravatar.com\\\/avatar\\\/948c893b847ca6df68216ead81b63f363408ec9b0f600fefc0641ce78613b111?s=96&d=mm&r=g\",\"url\":\"https:\\\/\\\/secure.gravatar.com\\\/avatar\\\/948c893b847ca6df68216ead81b63f363408ec9b0f600fefc0641ce78613b111?s=96&d=mm&r=g\",\"contentUrl\":\"https:\\\/\\\/secure.gravatar.com\\\/avatar\\\/948c893b847ca6df68216ead81b63f363408ec9b0f600fefc0641ce78613b111?s=96&d=mm&r=g\",\"caption\":\"diario5\"},\"url\":\"https:\\\/\\\/diariotextual.com\\\/inicio\\\/index.php\\\/author\\\/diario5\\\/\"}]}<\/script>\n<!-- \/ Yoast SEO plugin. -->","yoast_head_json":{"title":"Presupuesto 2021: Maquieyra ahora cuestion\u00f3 \u201cescasez\u201d de fondos para casas - Diario Textual","robots":{"index":"index","follow":"follow","max-snippet":"max-snippet:-1","max-image-preview":"max-image-preview:large","max-video-preview":"max-video-preview:-1"},"canonical":"https:\/\/diariotextual.com\/inicio\/index.php\/2020\/10\/29\/presupuesto-2021-maquieyra-cuestiono-escasez-de-fondos-para-viviendas\/","og_locale":"es_ES","og_type":"article","og_title":"Presupuesto 2021: Maquieyra ahora cuestion\u00f3 \u201cescasez\u201d de fondos para casas - Diario Textual","og_description":"El diputado nacional Mart\u00edn Maquieyra (PRO) cuestion\u00f3 las \u201cescasas partidas\u201d en viviendas para la provincia de La Pampa en el Presupuesto 2021. Precisamente lo hizo un representante del Gobierno de&hellip;","og_url":"https:\/\/diariotextual.com\/inicio\/index.php\/2020\/10\/29\/presupuesto-2021-maquieyra-cuestiono-escasez-de-fondos-para-viviendas\/","og_site_name":"Diario Textual","article_publisher":"https:\/\/www.facebook.com\/eltextual","article_published_time":"2020-10-29T13:00:43+00:00","article_modified_time":"2020-10-29T23:13:54+00:00","og_image":[{"width":700,"height":432,"url":"https:\/\/diariotextual.com\/inicio\/wp-content\/uploads\/2020\/05\/MaquieyraCongresoPresente.jpg","type":"image\/jpeg"}],"author":"diario5","twitter_card":"summary_large_image","twitter_creator":"@eltextual","twitter_site":"@eltextual","twitter_misc":{"Escrito por":"diario5","Tiempo de lectura":"2 minutos"},"schema":{"@context":"https:\/\/schema.org","@graph":[{"@type":"Article","@id":"https:\/\/diariotextual.com\/inicio\/index.php\/2020\/10\/29\/presupuesto-2021-maquieyra-cuestiono-escasez-de-fondos-para-viviendas\/#article","isPartOf":{"@id":"https:\/\/diariotextual.com\/inicio\/index.php\/2020\/10\/29\/presupuesto-2021-maquieyra-cuestiono-escasez-de-fondos-para-viviendas\/"},"author":{"name":"diario5","@id":"https:\/\/diariotextual.com\/inicio\/#\/schema\/person\/c7834961ad8b29b1d9cdbf4571299067"},"headline":"Presupuesto 2021: Maquieyra ahora cuestion\u00f3 \u201cescasez\u201d de fondos para casas","datePublished":"2020-10-29T13:00:43+00:00","dateModified":"2020-10-29T23:13:54+00:00","mainEntityOfPage":{"@id":"https:\/\/diariotextual.com\/inicio\/index.php\/2020\/10\/29\/presupuesto-2021-maquieyra-cuestiono-escasez-de-fondos-para-viviendas\/"},"wordCount":361,"publisher":{"@id":"https:\/\/diariotextual.com\/inicio\/#organization"},"image":{"@id":"https:\/\/diariotextual.com\/inicio\/index.php\/2020\/10\/29\/presupuesto-2021-maquieyra-cuestiono-escasez-de-fondos-para-viviendas\/#primaryimage"},"thumbnailUrl":"https:\/\/diariotextual.com\/inicio\/wp-content\/uploads\/2020\/05\/MaquieyraCongresoPresente.jpg","keywords":["presupuesto"],"articleSection":["A - QUE PASA (al costado)","POLITICA"],"inLanguage":"es"},{"@type":"WebPage","@id":"https:\/\/diariotextual.com\/inicio\/index.php\/2020\/10\/29\/presupuesto-2021-maquieyra-cuestiono-escasez-de-fondos-para-viviendas\/","url":"https:\/\/diariotextual.com\/inicio\/index.php\/2020\/10\/29\/presupuesto-2021-maquieyra-cuestiono-escasez-de-fondos-para-viviendas\/","name":"Presupuesto 2021: Maquieyra ahora cuestion\u00f3 \u201cescasez\u201d de fondos para casas - Diario Textual","isPartOf":{"@id":"https:\/\/diariotextual.com\/inicio\/#website"},"primaryImageOfPage":{"@id":"https:\/\/diariotextual.com\/inicio\/index.php\/2020\/10\/29\/presupuesto-2021-maquieyra-cuestiono-escasez-de-fondos-para-viviendas\/#primaryimage"},"image":{"@id":"https:\/\/diariotextual.com\/inicio\/index.php\/2020\/10\/29\/presupuesto-2021-maquieyra-cuestiono-escasez-de-fondos-para-viviendas\/#primaryimage"},"thumbnailUrl":"https:\/\/diariotextual.com\/inicio\/wp-content\/uploads\/2020\/05\/MaquieyraCongresoPresente.jpg","datePublished":"2020-10-29T13:00:43+00:00","dateModified":"2020-10-29T23:13:54+00:00","breadcrumb":{"@id":"https:\/\/diariotextual.com\/inicio\/index.php\/2020\/10\/29\/presupuesto-2021-maquieyra-cuestiono-escasez-de-fondos-para-viviendas\/#breadcrumb"},"inLanguage":"es","potentialAction":[{"@type":"ReadAction","target":["https:\/\/diariotextual.com\/inicio\/index.php\/2020\/10\/29\/presupuesto-2021-maquieyra-cuestiono-escasez-de-fondos-para-viviendas\/"]}]},{"@type":"ImageObject","inLanguage":"es","@id":"https:\/\/diariotextual.com\/inicio\/index.php\/2020\/10\/29\/presupuesto-2021-maquieyra-cuestiono-escasez-de-fondos-para-viviendas\/#primaryimage","url":"https:\/\/diariotextual.com\/inicio\/wp-content\/uploads\/2020\/05\/MaquieyraCongresoPresente.jpg","contentUrl":"https:\/\/diariotextual.com\/inicio\/wp-content\/uploads\/2020\/05\/MaquieyraCongresoPresente.jpg","width":700,"height":432},{"@type":"BreadcrumbList","@id":"https:\/\/diariotextual.com\/inicio\/index.php\/2020\/10\/29\/presupuesto-2021-maquieyra-cuestiono-escasez-de-fondos-para-viviendas\/#breadcrumb","itemListElement":[{"@type":"ListItem","position":1,"name":"Portada","item":"https:\/\/diariotextual.com\/inicio\/"},{"@type":"ListItem","position":2,"name":"Presupuesto 2021: Maquieyra ahora cuestion\u00f3 \u201cescasez\u201d de fondos para casas"}]},{"@type":"WebSite","@id":"https:\/\/diariotextual.com\/inicio\/#website","url":"https:\/\/diariotextual.com\/inicio\/","name":"Diario Textual","description":"","publisher":{"@id":"https:\/\/diariotextual.com\/inicio\/#organization"},"potentialAction":[{"@type":"SearchAction","target":{"@type":"EntryPoint","urlTemplate":"https:\/\/diariotextual.com\/inicio\/?s={search_term_string}"},"query-input":{"@type":"PropertyValueSpecification","valueRequired":true,"valueName":"search_term_string"}}],"inLanguage":"es"},{"@type":"Organization","@id":"https:\/\/diariotextual.com\/inicio\/#organization","name":"Diario Textual","url":"https:\/\/diariotextual.com\/inicio\/","logo":{"@type":"ImageObject","inLanguage":"es","@id":"https:\/\/diariotextual.com\/inicio\/#\/schema\/logo\/image\/","url":"https:\/\/diariotextual.com\/inicio\/wp-content\/uploads\/2023\/05\/logotextual1.jpg","contentUrl":"https:\/\/diariotextual.com\/inicio\/wp-content\/uploads\/2023\/05\/logotextual1.jpg","width":516,"height":76,"caption":"Diario Textual"},"image":{"@id":"https:\/\/diariotextual.com\/inicio\/#\/schema\/logo\/image\/"},"sameAs":["https:\/\/www.facebook.com\/eltextual","https:\/\/x.com\/eltextual","http:\/\/www.instagram.com\/eltextual"]},{"@type":"Person","@id":"https:\/\/diariotextual.com\/inicio\/#\/schema\/person\/c7834961ad8b29b1d9cdbf4571299067","name":"diario5","image":{"@type":"ImageObject","inLanguage":"es","@id":"https:\/\/secure.gravatar.com\/avatar\/948c893b847ca6df68216ead81b63f363408ec9b0f600fefc0641ce78613b111?s=96&d=mm&r=g","url":"https:\/\/secure.gravatar.com\/avatar\/948c893b847ca6df68216ead81b63f363408ec9b0f600fefc0641ce78613b111?s=96&d=mm&r=g","contentUrl":"https:\/\/secure.gravatar.com\/avatar\/948c893b847ca6df68216ead81b63f363408ec9b0f600fefc0641ce78613b111?s=96&d=mm&r=g","caption":"diario5"},"url":"https:\/\/diariotextual.com\/inicio\/index.php\/author\/diario5\/"}]}},"_links":{"self":[{"href":"https:\/\/diariotextual.com\/inicio\/index.php\/wp-json\/wp\/v2\/posts\/118747","targetHints":{"allow":["GET"]}}],"collection":[{"href":"https:\/\/diariotextual.com\/inicio\/index.php\/wp-json\/wp\/v2\/posts"}],"about":[{"href":"https:\/\/diariotextual.com\/inicio\/index.php\/wp-json\/wp\/v2\/types\/post"}],"author":[{"embeddable":true,"href":"https:\/\/diariotextual.com\/inicio\/index.php\/wp-json\/wp\/v2\/users\/7"}],"replies":[{"embeddable":true,"href":"https:\/\/diariotextual.com\/inicio\/index.php\/wp-json\/wp\/v2\/comments?post=118747"}],"version-history":[{"count":4,"href":"https:\/\/diariotextual.com\/inicio\/index.php\/wp-json\/wp\/v2\/posts\/118747\/revisions"}],"predecessor-version":[{"id":118889,"href":"https:\/\/diariotextual.com\/inicio\/index.php\/wp-json\/wp\/v2\/posts\/118747\/revisions\/118889"}],"wp:featuredmedia":[{"embeddable":true,"href":"https:\/\/diariotextual.com\/inicio\/index.php\/wp-json\/wp\/v2\/media\/93558"}],"wp:attachment":[{"href":"https:\/\/diariotextual.com\/inicio\/index.php\/wp-json\/wp\/v2\/media?parent=118747"}],"wp:term":[{"taxonomy":"category","embeddable":true,"href":"https:\/\/diariotextual.com\/inicio\/index.php\/wp-json\/wp\/v2\/categories?post=118747"},{"taxonomy":"post_tag","embeddable":true,"href":"https:\/\/diariotextual.com\/inicio\/index.php\/wp-json\/wp\/v2\/tags?post=118747"}],"curies":[{"name":"wp","href":"https:\/\/api.w.org\/{rel}","templated":true}]}}