{"id":118885,"date":"2020-10-29T20:12:51","date_gmt":"2020-10-29T23:12:51","guid":{"rendered":"http:\/\/diariotextual.com\/inicio\/?p=118885"},"modified":"2020-10-29T21:54:35","modified_gmt":"2020-10-30T00:54:35","slug":"el-frejupa-cruzo-a-maquieyra-por-los-fondos-para-casas-peor-es-nada","status":"publish","type":"post","link":"https:\/\/diariotextual.com\/inicio\/index.php\/2020\/10\/29\/el-frejupa-cruzo-a-maquieyra-por-los-fondos-para-casas-peor-es-nada\/","title":{"rendered":"El Frejupa cruz\u00f3 a Maquieyra por los fondos para casas: \u201cPeor es nada\u201d"},"content":{"rendered":"\n<p>El bloque de diputados del Frente Justicialista Pampeano (Frejupa) sali\u00f3 a<br>contestar<strong><a rel=\"noreferrer noopener\" href=\"http:\/\/diariotextual.com\/inicio\/index.php\/2020\/10\/29\/presupuesto-2021-maquieyra-cuestiono-escasez-de-fondos-para-viviendas\/\" target=\"_blank\"> las declaraciones del diputado nacional Mart\u00edn<br>Maquieyra<\/a><\/strong> (PRO), quien se hab\u00eda quejado de los escasos fondos para vivienda contemplados en el presupuesto nacional para La Pampa. \u201cPeor es nada\u201d, afirmaron los diputados oficialistas, quienes recordaron que durante la gesti\u00f3n de Mauricio Macri \u201cLa Pampa no recibi\u00f3 un solo peso durante cuatro a\u00f1os para construir viviendas\u201d sociales.<\/p>\n\n\n\n<p>\u201cHay que recordar -dijeron- el maltrato al que someti\u00f3 el gobierno del PRO a la provincia, tratando de desfinanciarla en revancha porque diputados nacionales que responden al peronismo no votaban las leyes que ped\u00eda Naci\u00f3n\u201d.<\/p>\n\n\n\n<figure class=\"wp-block-embed-wordpress wp-block-embed is-type-wp-embed is-provider-diario-textual\"><div class=\"wp-block-embed__wrapper\">\n<blockquote class=\"wp-embedded-content\" data-secret=\"G9lWBEmdbS\"><a href=\"http:\/\/diariotextual.com\/inicio\/index.php\/2020\/10\/29\/presupuesto-2021-maquieyra-cuestiono-escasez-de-fondos-para-viviendas\/\">Presupuesto 2021: Maquieyra ahora cuestion\u00f3 \u201cescasez\u201d de fondos para casas<\/a><\/blockquote><iframe class=\"wp-embedded-content\" sandbox=\"allow-scripts\" security=\"restricted\" style=\"position: absolute; clip: rect(1px, 1px, 1px, 1px);\" title=\"\u00abPresupuesto 2021: Maquieyra ahora cuestion\u00f3 \u201cescasez\u201d de fondos para casas\u00bb \u2014 Diario Textual\" src=\"http:\/\/diariotextual.com\/inicio\/index.php\/2020\/10\/29\/presupuesto-2021-maquieyra-cuestiono-escasez-de-fondos-para-viviendas\/embed\/#?secret=G9lWBEmdbS\" data-secret=\"G9lWBEmdbS\" width=\"600\" height=\"338\" frameborder=\"0\" marginwidth=\"0\" marginheight=\"0\" scrolling=\"no\"><\/iframe>\n<\/div><\/figure>\n\n\n\n<p>Tambi\u00e9n mencionaron las promesas de los jardines de infantes, que quedaron inconclusos. \u201cEl expresidente, que \u00e9l defiende, vino a la provincia a inaugurar un jard\u00edn de infantes que luego qued\u00f3 abandonado, sin que el gobierno nacional concluyera ninguno de los que se comprometi\u00f3 a finalizar en La Pampa y en el resto del pa\u00eds, donde hab\u00edan prometido la construcci\u00f3n de 3.000 nuevos edificios escolares\u201d, dijeron.<\/p>\n\n\n\n<p>\u201cEl grado de abandono al que someti\u00f3 el gobierno anterior a la provincia fue tal que desde la administraci\u00f3n provincial tuvimos que hacernos cargo de los arreglos en las rutas nacionales afectadas por la inundaci\u00f3n, que estuvieron cerradas durante meses hasta que Provincia solucion\u00f3 el problema a pesar de que no era de su competencia\u201d, recordaron.<\/p>\n\n\n\n<p>En el comunicado los legisladores que responden al Ejecutivo provincial se refirieron tambi\u00e9n a la \u201cenorme toma de deuda externa \u201cque llev\u00f3 a cabo el gobierno del ex presidente Macri. \u201cEntre 2.016 y abril de 2.018 tom\u00f3 deuda por 142.948 millones de d\u00f3lares sin que La Pampa, ni ninguna otra provincia, recibiera un centavo para realizar inversiones en infraestructuras, ya que fue toda destinada a permitir la venta irrestricta de d\u00f3lares, que fueron a parar a manos de los sectores m\u00e1s concentrados de la econom\u00eda y terminaron fug\u00e1ndose del pa\u00eds a para\u00edsos fiscales\u201d, dijeron.<\/p>\n\n\n\n<p>Los diputados del Frejupa tambi\u00e9n consideraron \u201cuna iron\u00eda\u201d que Maquieyra considera que se est\u00e1 dibujando la inflaci\u00f3n en el presupuesto nacional. \u201cEl gobierno de Mauricio Macri, quien lleg\u00f3 a la presidencia en 2.015 prometiendo eliminar la inflaci\u00f3n ya que, seg\u00fan \u00e9l era lo m\u00e1s f\u00e1cil del mundo, se despidi\u00f3 en 2.019 con un 50 por ciento interanual, el \u00edndice m\u00e1s alto en d\u00e9cadas. En ese sentido -recordaron- el PRO lleg\u00f3 a presentar presupuestos con estimaciones de inflaci\u00f3n interanual que ellos mismos desmintieron cuando no hab\u00edan pasado 24 horas de su aprobaci\u00f3n en el Congreso, generando desconcierto entre todos los actores econ\u00f3micos\u201d.<\/p>\n","protected":false},"excerpt":{"rendered":"<p>El bloque de diputados del Frente Justicialista Pampeano (Frejupa) sali\u00f3 acontestar las declaraciones del diputado nacional Mart\u00ednMaquieyra (PRO), quien se hab\u00eda quejado de los escasos fondos para vivienda contemplados en&hellip;<\/p>\n","protected":false},"author":3,"featured_media":109026,"comment_status":"closed","ping_status":"open","sticky":false,"template":"","format":"standard","meta":{"_acf_changed":false,"footnotes":""},"categories":[1,12],"tags":[617],"class_list":["post-118885","post","type-post","status-publish","format-standard","has-post-thumbnail","hentry","category-es-noticia","category-sociedad","tag-casas"],"acf":[],"yoast_head":"<!-- This site is optimized with the Yoast SEO plugin v27.5 - https:\/\/yoast.com\/product\/yoast-seo-wordpress\/ -->\n<title>El Frejupa cruz\u00f3 a Maquieyra por los fondos para casas: \u201cPeor es nada\u201d - Diario Textual<\/title>\n<meta name=\"robots\" content=\"index, follow, max-snippet:-1, max-image-preview:large, max-video-preview:-1\" \/>\n<link rel=\"canonical\" href=\"https:\/\/diariotextual.com\/inicio\/index.php\/2020\/10\/29\/el-frejupa-cruzo-a-maquieyra-por-los-fondos-para-casas-peor-es-nada\/\" \/>\n<meta property=\"og:locale\" content=\"es_ES\" \/>\n<meta property=\"og:type\" content=\"article\" \/>\n<meta property=\"og:title\" content=\"El Frejupa cruz\u00f3 a Maquieyra por los fondos para casas: \u201cPeor es nada\u201d - Diario Textual\" \/>\n<meta property=\"og:description\" content=\"El bloque de diputados del Frente Justicialista Pampeano (Frejupa) sali\u00f3 acontestar las declaraciones del diputado nacional Mart\u00ednMaquieyra (PRO), quien se hab\u00eda quejado de los escasos fondos para vivienda contemplados en&hellip;\" \/>\n<meta property=\"og:url\" content=\"https:\/\/diariotextual.com\/inicio\/index.php\/2020\/10\/29\/el-frejupa-cruzo-a-maquieyra-por-los-fondos-para-casas-peor-es-nada\/\" \/>\n<meta property=\"og:site_name\" content=\"Diario Textual\" \/>\n<meta property=\"article:publisher\" content=\"https:\/\/www.facebook.com\/eltextual\" \/>\n<meta property=\"article:published_time\" content=\"2020-10-29T23:12:51+00:00\" \/>\n<meta property=\"article:modified_time\" content=\"2020-10-30T00:54:35+00:00\" \/>\n<meta property=\"og:image\" content=\"https:\/\/diariotextual.com\/inicio\/wp-content\/uploads\/2020\/08\/casasipavviviendas9999-1.jpg\" \/>\n\t<meta property=\"og:image:width\" content=\"1170\" \/>\n\t<meta property=\"og:image:height\" content=\"797\" \/>\n\t<meta property=\"og:image:type\" content=\"image\/jpeg\" \/>\n<meta name=\"author\" content=\"Diario1 Diario1\" \/>\n<meta name=\"twitter:card\" content=\"summary_large_image\" \/>\n<meta name=\"twitter:creator\" content=\"@eltextual\" \/>\n<meta name=\"twitter:site\" content=\"@eltextual\" \/>\n<meta name=\"twitter:label1\" content=\"Escrito por\" \/>\n\t<meta name=\"twitter:data1\" content=\"Diario1 Diario1\" \/>\n\t<meta name=\"twitter:label2\" content=\"Tiempo de lectura\" \/>\n\t<meta name=\"twitter:data2\" content=\"2 minutos\" \/>\n<script type=\"application\/ld+json\" class=\"yoast-schema-graph\">{\"@context\":\"https:\\\/\\\/schema.org\",\"@graph\":[{\"@type\":\"Article\",\"@id\":\"https:\\\/\\\/diariotextual.com\\\/inicio\\\/index.php\\\/2020\\\/10\\\/29\\\/el-frejupa-cruzo-a-maquieyra-por-los-fondos-para-casas-peor-es-nada\\\/#article\",\"isPartOf\":{\"@id\":\"https:\\\/\\\/diariotextual.com\\\/inicio\\\/index.php\\\/2020\\\/10\\\/29\\\/el-frejupa-cruzo-a-maquieyra-por-los-fondos-para-casas-peor-es-nada\\\/\"},\"author\":{\"name\":\"Diario1 Diario1\",\"@id\":\"https:\\\/\\\/diariotextual.com\\\/inicio\\\/#\\\/schema\\\/person\\\/418fc4093c33e86ed41562db3508f958\"},\"headline\":\"El Frejupa cruz\u00f3 a Maquieyra por los fondos para casas: \u201cPeor es nada\u201d\",\"datePublished\":\"2020-10-29T23:12:51+00:00\",\"dateModified\":\"2020-10-30T00:54:35+00:00\",\"mainEntityOfPage\":{\"@id\":\"https:\\\/\\\/diariotextual.com\\\/inicio\\\/index.php\\\/2020\\\/10\\\/29\\\/el-frejupa-cruzo-a-maquieyra-por-los-fondos-para-casas-peor-es-nada\\\/\"},\"wordCount\":464,\"publisher\":{\"@id\":\"https:\\\/\\\/diariotextual.com\\\/inicio\\\/#organization\"},\"image\":{\"@id\":\"https:\\\/\\\/diariotextual.com\\\/inicio\\\/index.php\\\/2020\\\/10\\\/29\\\/el-frejupa-cruzo-a-maquieyra-por-los-fondos-para-casas-peor-es-nada\\\/#primaryimage\"},\"thumbnailUrl\":\"https:\\\/\\\/diariotextual.com\\\/inicio\\\/wp-content\\\/uploads\\\/2020\\\/08\\\/casasipavviviendas9999-1.jpg\",\"keywords\":[\"casas\"],\"articleSection\":[\"A - ES NOTICIA (van abajo)\",\"SOCIEDAD\"],\"inLanguage\":\"es\"},{\"@type\":\"WebPage\",\"@id\":\"https:\\\/\\\/diariotextual.com\\\/inicio\\\/index.php\\\/2020\\\/10\\\/29\\\/el-frejupa-cruzo-a-maquieyra-por-los-fondos-para-casas-peor-es-nada\\\/\",\"url\":\"https:\\\/\\\/diariotextual.com\\\/inicio\\\/index.php\\\/2020\\\/10\\\/29\\\/el-frejupa-cruzo-a-maquieyra-por-los-fondos-para-casas-peor-es-nada\\\/\",\"name\":\"El Frejupa cruz\u00f3 a Maquieyra por los fondos para casas: \u201cPeor es nada\u201d - Diario Textual\",\"isPartOf\":{\"@id\":\"https:\\\/\\\/diariotextual.com\\\/inicio\\\/#website\"},\"primaryImageOfPage\":{\"@id\":\"https:\\\/\\\/diariotextual.com\\\/inicio\\\/index.php\\\/2020\\\/10\\\/29\\\/el-frejupa-cruzo-a-maquieyra-por-los-fondos-para-casas-peor-es-nada\\\/#primaryimage\"},\"image\":{\"@id\":\"https:\\\/\\\/diariotextual.com\\\/inicio\\\/index.php\\\/2020\\\/10\\\/29\\\/el-frejupa-cruzo-a-maquieyra-por-los-fondos-para-casas-peor-es-nada\\\/#primaryimage\"},\"thumbnailUrl\":\"https:\\\/\\\/diariotextual.com\\\/inicio\\\/wp-content\\\/uploads\\\/2020\\\/08\\\/casasipavviviendas9999-1.jpg\",\"datePublished\":\"2020-10-29T23:12:51+00:00\",\"dateModified\":\"2020-10-30T00:54:35+00:00\",\"breadcrumb\":{\"@id\":\"https:\\\/\\\/diariotextual.com\\\/inicio\\\/index.php\\\/2020\\\/10\\\/29\\\/el-frejupa-cruzo-a-maquieyra-por-los-fondos-para-casas-peor-es-nada\\\/#breadcrumb\"},\"inLanguage\":\"es\",\"potentialAction\":[{\"@type\":\"ReadAction\",\"target\":[\"https:\\\/\\\/diariotextual.com\\\/inicio\\\/index.php\\\/2020\\\/10\\\/29\\\/el-frejupa-cruzo-a-maquieyra-por-los-fondos-para-casas-peor-es-nada\\\/\"]}]},{\"@type\":\"ImageObject\",\"inLanguage\":\"es\",\"@id\":\"https:\\\/\\\/diariotextual.com\\\/inicio\\\/index.php\\\/2020\\\/10\\\/29\\\/el-frejupa-cruzo-a-maquieyra-por-los-fondos-para-casas-peor-es-nada\\\/#primaryimage\",\"url\":\"https:\\\/\\\/diariotextual.com\\\/inicio\\\/wp-content\\\/uploads\\\/2020\\\/08\\\/casasipavviviendas9999-1.jpg\",\"contentUrl\":\"https:\\\/\\\/diariotextual.com\\\/inicio\\\/wp-content\\\/uploads\\\/2020\\\/08\\\/casasipavviviendas9999-1.jpg\",\"width\":1170,\"height\":797},{\"@type\":\"BreadcrumbList\",\"@id\":\"https:\\\/\\\/diariotextual.com\\\/inicio\\\/index.php\\\/2020\\\/10\\\/29\\\/el-frejupa-cruzo-a-maquieyra-por-los-fondos-para-casas-peor-es-nada\\\/#breadcrumb\",\"itemListElement\":[{\"@type\":\"ListItem\",\"position\":1,\"name\":\"Portada\",\"item\":\"https:\\\/\\\/diariotextual.com\\\/inicio\\\/\"},{\"@type\":\"ListItem\",\"position\":2,\"name\":\"El Frejupa cruz\u00f3 a Maquieyra por los fondos para casas: \u201cPeor es nada\u201d\"}]},{\"@type\":\"WebSite\",\"@id\":\"https:\\\/\\\/diariotextual.com\\\/inicio\\\/#website\",\"url\":\"https:\\\/\\\/diariotextual.com\\\/inicio\\\/\",\"name\":\"Diario Textual\",\"description\":\"\",\"publisher\":{\"@id\":\"https:\\\/\\\/diariotextual.com\\\/inicio\\\/#organization\"},\"potentialAction\":[{\"@type\":\"SearchAction\",\"target\":{\"@type\":\"EntryPoint\",\"urlTemplate\":\"https:\\\/\\\/diariotextual.com\\\/inicio\\\/?s={search_term_string}\"},\"query-input\":{\"@type\":\"PropertyValueSpecification\",\"valueRequired\":true,\"valueName\":\"search_term_string\"}}],\"inLanguage\":\"es\"},{\"@type\":\"Organization\",\"@id\":\"https:\\\/\\\/diariotextual.com\\\/inicio\\\/#organization\",\"name\":\"Diario Textual\",\"url\":\"https:\\\/\\\/diariotextual.com\\\/inicio\\\/\",\"logo\":{\"@type\":\"ImageObject\",\"inLanguage\":\"es\",\"@id\":\"https:\\\/\\\/diariotextual.com\\\/inicio\\\/#\\\/schema\\\/logo\\\/image\\\/\",\"url\":\"https:\\\/\\\/diariotextual.com\\\/inicio\\\/wp-content\\\/uploads\\\/2023\\\/05\\\/logotextual1.jpg\",\"contentUrl\":\"https:\\\/\\\/diariotextual.com\\\/inicio\\\/wp-content\\\/uploads\\\/2023\\\/05\\\/logotextual1.jpg\",\"width\":516,\"height\":76,\"caption\":\"Diario Textual\"},\"image\":{\"@id\":\"https:\\\/\\\/diariotextual.com\\\/inicio\\\/#\\\/schema\\\/logo\\\/image\\\/\"},\"sameAs\":[\"https:\\\/\\\/www.facebook.com\\\/eltextual\",\"https:\\\/\\\/x.com\\\/eltextual\",\"http:\\\/\\\/www.instagram.com\\\/eltextual\"]},{\"@type\":\"Person\",\"@id\":\"https:\\\/\\\/diariotextual.com\\\/inicio\\\/#\\\/schema\\\/person\\\/418fc4093c33e86ed41562db3508f958\",\"name\":\"Diario1 Diario1\",\"image\":{\"@type\":\"ImageObject\",\"inLanguage\":\"es\",\"@id\":\"https:\\\/\\\/secure.gravatar.com\\\/avatar\\\/9167d280179c85bc18be67aa7eda765854300033af4896dd779b608640f2ef7a?s=96&d=mm&r=g\",\"url\":\"https:\\\/\\\/secure.gravatar.com\\\/avatar\\\/9167d280179c85bc18be67aa7eda765854300033af4896dd779b608640f2ef7a?s=96&d=mm&r=g\",\"contentUrl\":\"https:\\\/\\\/secure.gravatar.com\\\/avatar\\\/9167d280179c85bc18be67aa7eda765854300033af4896dd779b608640f2ef7a?s=96&d=mm&r=g\",\"caption\":\"Diario1 Diario1\"},\"url\":\"https:\\\/\\\/diariotextual.com\\\/inicio\\\/index.php\\\/author\\\/diario1\\\/\"}]}<\/script>\n<!-- \/ Yoast SEO plugin. -->","yoast_head_json":{"title":"El Frejupa cruz\u00f3 a Maquieyra por los fondos para casas: \u201cPeor es nada\u201d - Diario Textual","robots":{"index":"index","follow":"follow","max-snippet":"max-snippet:-1","max-image-preview":"max-image-preview:large","max-video-preview":"max-video-preview:-1"},"canonical":"https:\/\/diariotextual.com\/inicio\/index.php\/2020\/10\/29\/el-frejupa-cruzo-a-maquieyra-por-los-fondos-para-casas-peor-es-nada\/","og_locale":"es_ES","og_type":"article","og_title":"El Frejupa cruz\u00f3 a Maquieyra por los fondos para casas: \u201cPeor es nada\u201d - Diario Textual","og_description":"El bloque de diputados del Frente Justicialista Pampeano (Frejupa) sali\u00f3 acontestar las declaraciones del diputado nacional Mart\u00ednMaquieyra (PRO), quien se hab\u00eda quejado de los escasos fondos para vivienda contemplados en&hellip;","og_url":"https:\/\/diariotextual.com\/inicio\/index.php\/2020\/10\/29\/el-frejupa-cruzo-a-maquieyra-por-los-fondos-para-casas-peor-es-nada\/","og_site_name":"Diario Textual","article_publisher":"https:\/\/www.facebook.com\/eltextual","article_published_time":"2020-10-29T23:12:51+00:00","article_modified_time":"2020-10-30T00:54:35+00:00","og_image":[{"width":1170,"height":797,"url":"https:\/\/diariotextual.com\/inicio\/wp-content\/uploads\/2020\/08\/casasipavviviendas9999-1.jpg","type":"image\/jpeg"}],"author":"Diario1 Diario1","twitter_card":"summary_large_image","twitter_creator":"@eltextual","twitter_site":"@eltextual","twitter_misc":{"Escrito por":"Diario1 Diario1","Tiempo de lectura":"2 minutos"},"schema":{"@context":"https:\/\/schema.org","@graph":[{"@type":"Article","@id":"https:\/\/diariotextual.com\/inicio\/index.php\/2020\/10\/29\/el-frejupa-cruzo-a-maquieyra-por-los-fondos-para-casas-peor-es-nada\/#article","isPartOf":{"@id":"https:\/\/diariotextual.com\/inicio\/index.php\/2020\/10\/29\/el-frejupa-cruzo-a-maquieyra-por-los-fondos-para-casas-peor-es-nada\/"},"author":{"name":"Diario1 Diario1","@id":"https:\/\/diariotextual.com\/inicio\/#\/schema\/person\/418fc4093c33e86ed41562db3508f958"},"headline":"El Frejupa cruz\u00f3 a Maquieyra por los fondos para casas: \u201cPeor es nada\u201d","datePublished":"2020-10-29T23:12:51+00:00","dateModified":"2020-10-30T00:54:35+00:00","mainEntityOfPage":{"@id":"https:\/\/diariotextual.com\/inicio\/index.php\/2020\/10\/29\/el-frejupa-cruzo-a-maquieyra-por-los-fondos-para-casas-peor-es-nada\/"},"wordCount":464,"publisher":{"@id":"https:\/\/diariotextual.com\/inicio\/#organization"},"image":{"@id":"https:\/\/diariotextual.com\/inicio\/index.php\/2020\/10\/29\/el-frejupa-cruzo-a-maquieyra-por-los-fondos-para-casas-peor-es-nada\/#primaryimage"},"thumbnailUrl":"https:\/\/diariotextual.com\/inicio\/wp-content\/uploads\/2020\/08\/casasipavviviendas9999-1.jpg","keywords":["casas"],"articleSection":["A - ES NOTICIA (van abajo)","SOCIEDAD"],"inLanguage":"es"},{"@type":"WebPage","@id":"https:\/\/diariotextual.com\/inicio\/index.php\/2020\/10\/29\/el-frejupa-cruzo-a-maquieyra-por-los-fondos-para-casas-peor-es-nada\/","url":"https:\/\/diariotextual.com\/inicio\/index.php\/2020\/10\/29\/el-frejupa-cruzo-a-maquieyra-por-los-fondos-para-casas-peor-es-nada\/","name":"El Frejupa cruz\u00f3 a Maquieyra por los fondos para casas: \u201cPeor es nada\u201d - Diario Textual","isPartOf":{"@id":"https:\/\/diariotextual.com\/inicio\/#website"},"primaryImageOfPage":{"@id":"https:\/\/diariotextual.com\/inicio\/index.php\/2020\/10\/29\/el-frejupa-cruzo-a-maquieyra-por-los-fondos-para-casas-peor-es-nada\/#primaryimage"},"image":{"@id":"https:\/\/diariotextual.com\/inicio\/index.php\/2020\/10\/29\/el-frejupa-cruzo-a-maquieyra-por-los-fondos-para-casas-peor-es-nada\/#primaryimage"},"thumbnailUrl":"https:\/\/diariotextual.com\/inicio\/wp-content\/uploads\/2020\/08\/casasipavviviendas9999-1.jpg","datePublished":"2020-10-29T23:12:51+00:00","dateModified":"2020-10-30T00:54:35+00:00","breadcrumb":{"@id":"https:\/\/diariotextual.com\/inicio\/index.php\/2020\/10\/29\/el-frejupa-cruzo-a-maquieyra-por-los-fondos-para-casas-peor-es-nada\/#breadcrumb"},"inLanguage":"es","potentialAction":[{"@type":"ReadAction","target":["https:\/\/diariotextual.com\/inicio\/index.php\/2020\/10\/29\/el-frejupa-cruzo-a-maquieyra-por-los-fondos-para-casas-peor-es-nada\/"]}]},{"@type":"ImageObject","inLanguage":"es","@id":"https:\/\/diariotextual.com\/inicio\/index.php\/2020\/10\/29\/el-frejupa-cruzo-a-maquieyra-por-los-fondos-para-casas-peor-es-nada\/#primaryimage","url":"https:\/\/diariotextual.com\/inicio\/wp-content\/uploads\/2020\/08\/casasipavviviendas9999-1.jpg","contentUrl":"https:\/\/diariotextual.com\/inicio\/wp-content\/uploads\/2020\/08\/casasipavviviendas9999-1.jpg","width":1170,"height":797},{"@type":"BreadcrumbList","@id":"https:\/\/diariotextual.com\/inicio\/index.php\/2020\/10\/29\/el-frejupa-cruzo-a-maquieyra-por-los-fondos-para-casas-peor-es-nada\/#breadcrumb","itemListElement":[{"@type":"ListItem","position":1,"name":"Portada","item":"https:\/\/diariotextual.com\/inicio\/"},{"@type":"ListItem","position":2,"name":"El Frejupa cruz\u00f3 a Maquieyra por los fondos para casas: \u201cPeor es nada\u201d"}]},{"@type":"WebSite","@id":"https:\/\/diariotextual.com\/inicio\/#website","url":"https:\/\/diariotextual.com\/inicio\/","name":"Diario Textual","description":"","publisher":{"@id":"https:\/\/diariotextual.com\/inicio\/#organization"},"potentialAction":[{"@type":"SearchAction","target":{"@type":"EntryPoint","urlTemplate":"https:\/\/diariotextual.com\/inicio\/?s={search_term_string}"},"query-input":{"@type":"PropertyValueSpecification","valueRequired":true,"valueName":"search_term_string"}}],"inLanguage":"es"},{"@type":"Organization","@id":"https:\/\/diariotextual.com\/inicio\/#organization","name":"Diario Textual","url":"https:\/\/diariotextual.com\/inicio\/","logo":{"@type":"ImageObject","inLanguage":"es","@id":"https:\/\/diariotextual.com\/inicio\/#\/schema\/logo\/image\/","url":"https:\/\/diariotextual.com\/inicio\/wp-content\/uploads\/2023\/05\/logotextual1.jpg","contentUrl":"https:\/\/diariotextual.com\/inicio\/wp-content\/uploads\/2023\/05\/logotextual1.jpg","width":516,"height":76,"caption":"Diario Textual"},"image":{"@id":"https:\/\/diariotextual.com\/inicio\/#\/schema\/logo\/image\/"},"sameAs":["https:\/\/www.facebook.com\/eltextual","https:\/\/x.com\/eltextual","http:\/\/www.instagram.com\/eltextual"]},{"@type":"Person","@id":"https:\/\/diariotextual.com\/inicio\/#\/schema\/person\/418fc4093c33e86ed41562db3508f958","name":"Diario1 Diario1","image":{"@type":"ImageObject","inLanguage":"es","@id":"https:\/\/secure.gravatar.com\/avatar\/9167d280179c85bc18be67aa7eda765854300033af4896dd779b608640f2ef7a?s=96&d=mm&r=g","url":"https:\/\/secure.gravatar.com\/avatar\/9167d280179c85bc18be67aa7eda765854300033af4896dd779b608640f2ef7a?s=96&d=mm&r=g","contentUrl":"https:\/\/secure.gravatar.com\/avatar\/9167d280179c85bc18be67aa7eda765854300033af4896dd779b608640f2ef7a?s=96&d=mm&r=g","caption":"Diario1 Diario1"},"url":"https:\/\/diariotextual.com\/inicio\/index.php\/author\/diario1\/"}]}},"_links":{"self":[{"href":"https:\/\/diariotextual.com\/inicio\/index.php\/wp-json\/wp\/v2\/posts\/118885","targetHints":{"allow":["GET"]}}],"collection":[{"href":"https:\/\/diariotextual.com\/inicio\/index.php\/wp-json\/wp\/v2\/posts"}],"about":[{"href":"https:\/\/diariotextual.com\/inicio\/index.php\/wp-json\/wp\/v2\/types\/post"}],"author":[{"embeddable":true,"href":"https:\/\/diariotextual.com\/inicio\/index.php\/wp-json\/wp\/v2\/users\/3"}],"replies":[{"embeddable":true,"href":"https:\/\/diariotextual.com\/inicio\/index.php\/wp-json\/wp\/v2\/comments?post=118885"}],"version-history":[{"count":5,"href":"https:\/\/diariotextual.com\/inicio\/index.php\/wp-json\/wp\/v2\/posts\/118885\/revisions"}],"predecessor-version":[{"id":118893,"href":"https:\/\/diariotextual.com\/inicio\/index.php\/wp-json\/wp\/v2\/posts\/118885\/revisions\/118893"}],"wp:featuredmedia":[{"embeddable":true,"href":"https:\/\/diariotextual.com\/inicio\/index.php\/wp-json\/wp\/v2\/media\/109026"}],"wp:attachment":[{"href":"https:\/\/diariotextual.com\/inicio\/index.php\/wp-json\/wp\/v2\/media?parent=118885"}],"wp:term":[{"taxonomy":"category","embeddable":true,"href":"https:\/\/diariotextual.com\/inicio\/index.php\/wp-json\/wp\/v2\/categories?post=118885"},{"taxonomy":"post_tag","embeddable":true,"href":"https:\/\/diariotextual.com\/inicio\/index.php\/wp-json\/wp\/v2\/tags?post=118885"}],"curies":[{"name":"wp","href":"https:\/\/api.w.org\/{rel}","templated":true}]}}