{"id":119003,"date":"2020-10-30T12:16:58","date_gmt":"2020-10-30T15:16:58","guid":{"rendered":"http:\/\/diariotextual.com\/inicio\/?p=119003"},"modified":"2020-10-30T18:48:00","modified_gmt":"2020-10-30T21:48:00","slug":"prorrogan-la-fase-2-en-santa-rosa-pico-y-toay-y-ahora-usan-testeos-rapidos","status":"publish","type":"post","link":"https:\/\/diariotextual.com\/inicio\/index.php\/2020\/10\/30\/prorrogan-la-fase-2-en-santa-rosa-pico-y-toay-y-ahora-usan-testeos-rapidos\/","title":{"rendered":"Prorrogan la Fase 2 en Santa Rosa, Pico y Toay y ahora usan testeos r\u00e1pidos"},"content":{"rendered":"<p>El gobernador <strong>Sergio Ziliotto<\/strong> anunci\u00f3 este viernes que empezaron a utilizarse los <strong>tests r\u00e1pido de ant\u00edgenos<\/strong> para detectar coronavirus en Santa Rosa, Pico y Toay y sostuvo que <strong>decidieron prorrogar la Fase 2<\/strong> de aislamiento en esas tres localidades hasta el lunes 9 de noviembre. Tambi\u00e9n sumaron a Realic\u00f3 a la Fase 2 desde este s\u00e1bado 31 al lunes 16 de noviembre. En los hechos, la medida implica la prohibici\u00f3n de los encuentros sociales y la continuidad, casi sin modificaciones, de las actividades econ\u00f3micas.<\/p>\n<p>\u201cLa intenci\u00f3n de aplicar los tests de ant\u00edgenos es detectar contagiados con menos tiempo\u201d, dijo el mandatario, en conferencia de prensa, acompa\u00f1ado por el ministro de Salud, Rub\u00e9n Kohan, y la directora de Epidemiolog\u00eda, Ana Bertone.<\/p>\n<p>Ziliotto dijo que los resultados de los tests r\u00e1pido se dar\u00e1 en 15 minutos, cuando los PCR tardan entre 24 y 48 horas -dependiendo de la cantidad de an\u00e1lisis que se realicen-.<\/p>\n\n\n<figure class=\"wp-block-embed-wordpress wp-block-embed is-type-wp-embed is-provider-diario-textual\"><div class=\"wp-block-embed__wrapper\">\n<blockquote class=\"wp-embedded-content\" data-secret=\"SpFtiI7acx\"><a href=\"http:\/\/diariotextual.com\/inicio\/index.php\/2020\/10\/30\/ahora-el-contacto-de-contacto-estrecho-dejara-el-aislamiento-a-los-8-dias\/\">Ahora el contacto de contacto estrecho dejar\u00e1 el aislamiento a los 8 d\u00edas<\/a><\/blockquote><iframe class=\"wp-embedded-content\" sandbox=\"allow-scripts\" security=\"restricted\" style=\"position: absolute; clip: rect(1px, 1px, 1px, 1px);\" title=\"\u00abAhora el contacto de contacto estrecho dejar\u00e1 el aislamiento a los 8 d\u00edas\u00bb \u2014 Diario Textual\" src=\"http:\/\/diariotextual.com\/inicio\/index.php\/2020\/10\/30\/ahora-el-contacto-de-contacto-estrecho-dejara-el-aislamiento-a-los-8-dias\/embed\/#?secret=SpFtiI7acx\" data-secret=\"SpFtiI7acx\" width=\"600\" height=\"338\" frameborder=\"0\" marginwidth=\"0\" marginheight=\"0\" scrolling=\"no\"><\/iframe>\n<\/div><\/figure>\n\n\n\n<p>\u201c<strong>La Pampa no est\u00e1 exenta al agravamiento de la situaci\u00f3n sanitaria del pa\u00eds<\/strong>\u201d, dijo. \u201c<strong>Solo con mirar un gr\u00e1fico, vemos que el centro del pa\u00eds est\u00e1 en color rojo, un rojo intenso, y que hay una mancha blanca, un poco ya salpicada de rojo, que es La Pampa<\/strong>. Eso, como lo venimos haciendo hace mucho tiempo, nos lleva a tomar medidas focalizadas, tratando de atacar, como siempre, la posibilidad de que se extienda la cadena de contagios\u201d, dijo. \u201cEn esto hay dos roles: del Gobierno y de la sociedad\u201d.<\/p>\n\n\n\n<p>\u201cEn lo que tiene que ver con las medidas del Gobierno, hay tres situaciones particulares que nos obligan a tomar nuevas medidas\u201d, dijo. \u201cSe trata de Santa Rosa, Toay y Pico\u201d, agreg\u00f3. \u201cSe han incrementado en los \u00faltimos d\u00edas notablemente los casos, han bajado la duplicaci\u00f3n de los casos y <strong>el elemento nuevo es la cantidad de casos positivos sin nexo epidemiol\u00f3gico<\/strong>\u201d, cont\u00f3 Ziliotto.<\/p>\n\n\n\n<p>Seg\u00fan dijo, <strong>de cada 3 casos positivos uno no tiene nexo epidemiol\u00f3gico<\/strong>. Es decir, <strong>un 30 por ciento no tiene nexo, cuando hasta hace unas semanas rondaba el 20 por ciento<\/strong>.<\/p>\n\n\n\n<p>El gobernador, en ese marco, cont\u00f3 que <strong>se est\u00e1 observando que se est\u00e1 pasando a una transmisi\u00f3n comunitaria del virus en Santa Rosa, Pico y Toay.<\/strong> Es decir, que no se puede hacer un rastreo efectivo.<\/p>\n\n\n\n<p>La directora de Epidemiolog\u00eda, <strong>Ana Bertone<\/strong>, dijo que<strong> las nuevas estrategias apuntan a tratar de controlar la enfermedad <\/strong>lo m\u00e1s r\u00e1pido posible.<\/p>\n\n\n\n<p>Bertone cont\u00f3 que<strong> los testeos r\u00e1pidos en Toay, Santa Rosa y General Pico se realizar\u00e1 tambi\u00e9n en centros privados de salud<\/strong>, con la obligaci\u00f3n de notificar inmediatamente si aparecen positivos para tratarlos y para aislar los contactos estrechos.<\/p>\n\n\n\n<p>Adem\u00e1s, sostuvo que es importante que en los hogares de los contactos estrechos aislados tambi\u00e9n se implementen medidas para prevenir contagios.<\/p>\n\n\n\n<p>A su vez, el ministro Kohan dijo que, adem\u00e1s de mejorar la velocidad de los testeos, van a trabajar con pacientes sintom\u00e1ticos. \u201cEl test r\u00e1pido es un hisopado, como una PCR. Tarda entre 15 o 20 minutos. Si el test negativo, igual le vamos a hacer la PCR. Lo vamos a usar a demanda de pacientes con s\u00edntomas y vamos a ir con b\u00fasqueda activa de acuerdo al mapa del contexto epidemiol\u00f3gico\u201d, dijo.<\/p>\n\n\n\n<p>Dieron otro dato. \u201c<strong>Hay que desmitificar. No hubo un aumento de contagiosidad de coronavirus por los encuentros en el D\u00eda de la Madre<\/strong>\u201d, dijo Ziliotto.<\/p>\n\n\n\n<p><strong>Ziliotto<\/strong>&nbsp;tambi\u00e9n anunci\u00f3 que desde el martes pr\u00f3ximo&nbsp;<strong>los contactos de contactos estrechos podr\u00e1n dejar el aislamiento al octavo d\u00eda si es que no tienen s\u00edntomas de covid.<\/strong> Era uno de los reclamos de los intendentes. \u201cLos hospitales parecen un call centers\u201d, llegaron a decir a Diario Textual.<\/p>\n\n\n\n<p>Desde el d\u00eda 8 hasta que se cumplan los 14 d\u00edas la persona seguir\u00e1 monitoreada a trav\u00e9s de una aplicaci\u00f3n m\u00f3vil. <strong>\u201cHemos resuelto, a trav\u00e9s de la certeza epidemiol\u00f3gica, que el segundo anillo, es decir el contacto de contacto estrecho si al d\u00eda 8 no tuvo s\u00edntomas ni se positiviz\u00f3 su contacto, podr\u00e1 volver a la actividad pero con seguimiento de una aplicaci\u00f3n por si eventualmente aparecen s\u00edntomas\u201d<\/strong>, explic\u00f3 el mandatario.<\/p>\n\n\n\n<p>\u00bfQu\u00e9 implica la Fase 2? Se suspenden las reuniones familiares y sociales y est\u00e1 prohibida la libre circulaci\u00f3n entre las 23 y las 7 en los ejidos locales.<\/p>\n\n\n\n<p><\/p>\n\n\n\n<figure class=\"wp-block-embed-wordpress wp-block-embed is-type-wp-embed is-provider-diario-textual\"><div class=\"wp-block-embed__wrapper\">\n<blockquote class=\"wp-embedded-content\" data-secret=\"IdQKfBcH6J\"><a href=\"http:\/\/diariotextual.com\/inicio\/index.php\/2020\/10\/30\/ziliotto-oficializo-que-realico-regresa-a-fase-2\/\">Ziliotto oficializ\u00f3 que Realic\u00f3 regresa a Fase 2<\/a><\/blockquote><iframe class=\"wp-embedded-content\" sandbox=\"allow-scripts\" security=\"restricted\" style=\"position: absolute; clip: rect(1px, 1px, 1px, 1px);\" title=\"\u00abZiliotto oficializ\u00f3 que Realic\u00f3 regresa a Fase 2\u00bb \u2014 Diario Textual\" src=\"http:\/\/diariotextual.com\/inicio\/index.php\/2020\/10\/30\/ziliotto-oficializo-que-realico-regresa-a-fase-2\/embed\/#?secret=IdQKfBcH6J\" data-secret=\"IdQKfBcH6J\" width=\"600\" height=\"338\" frameborder=\"0\" marginwidth=\"0\" marginheight=\"0\" scrolling=\"no\"><\/iframe>\n<\/div><\/figure>\n\n\n\n<p><br><\/p>\n\n\n\n<p>No hay mayores modificaciones en las actividades econ\u00f3micas: pueden desarrollarse entre las 7 y las 22, con una tolerancia de media hora para bares y restaurantes.<\/p>\n\n\n\n<p>Actualmente no se permiten encuentros sociales en Santa Rosa, Pico, La Maruja, Castex, Victorica, La Adela, 25 de Mayo y Quehu\u00e9. Desde el s\u00e1bado se suma Realic\u00f3.<\/p>\n\n\n\n<p><br>Actualmente La Pampa registra un pico de contagios: tiene unos 1250 casos activos. De esos, unos 650 se encuentran en Santa Rosa y 270 en Pico.<\/p>\n\n\n\n<figure class=\"wp-block-embed-wordpress wp-block-embed is-type-wp-embed is-provider-diario-textual\"><div class=\"wp-block-embed__wrapper\">\n<blockquote class=\"wp-embedded-content\" data-secret=\"TJOtfeRvky\"><a href=\"http:\/\/diariotextual.com\/inicio\/index.php\/2020\/10\/30\/es-un-mito-en-el-dia-de-la-madre-no-hubo-mas-casos-de-covid-en-la-pampa\/\">\u201cEs un mito. En el D\u00eda de la Madre no hubo m\u00e1s casos de covid en La Pampa\u201d<\/a><\/blockquote><iframe class=\"wp-embedded-content\" sandbox=\"allow-scripts\" security=\"restricted\" style=\"position: absolute; clip: rect(1px, 1px, 1px, 1px);\" title=\"\u00ab\u201cEs un mito. En el D\u00eda de la Madre no hubo m\u00e1s casos de covid en La Pampa\u201d\u00bb \u2014 Diario Textual\" src=\"http:\/\/diariotextual.com\/inicio\/index.php\/2020\/10\/30\/es-un-mito-en-el-dia-de-la-madre-no-hubo-mas-casos-de-covid-en-la-pampa\/embed\/#?secret=TJOtfeRvky\" data-secret=\"TJOtfeRvky\" width=\"600\" height=\"338\" frameborder=\"0\" marginwidth=\"0\" marginheight=\"0\" scrolling=\"no\"><\/iframe>\n<\/div><\/figure>\n","protected":false},"excerpt":{"rendered":"<p>El gobernador Sergio Ziliotto anunci\u00f3 este viernes que empezaron a utilizarse los tests r\u00e1pido de ant\u00edgenos para detectar coronavirus en Santa Rosa, Pico y Toay y sostuvo que decidieron prorrogar&hellip;<\/p>\n","protected":false},"author":3,"featured_media":119101,"comment_status":"closed","ping_status":"open","sticky":false,"template":"","format":"standard","meta":{"_acf_changed":false,"footnotes":""},"categories":[1,319,8],"tags":[424],"class_list":["post-119003","post","type-post","status-publish","format-standard","has-post-thumbnail","hentry","category-es-noticia","category-a-temporales","category-politica","tag-ziliotto"],"acf":[],"yoast_head":"<!-- This site is optimized with the Yoast SEO plugin v27.5 - https:\/\/yoast.com\/product\/yoast-seo-wordpress\/ -->\n<title>Prorrogan la Fase 2 en Santa Rosa, Pico y Toay y ahora usan testeos r\u00e1pidos - Diario Textual<\/title>\n<meta name=\"robots\" content=\"index, follow, max-snippet:-1, max-image-preview:large, max-video-preview:-1\" \/>\n<link rel=\"canonical\" href=\"https:\/\/diariotextual.com\/inicio\/index.php\/2020\/10\/30\/prorrogan-la-fase-2-en-santa-rosa-pico-y-toay-y-ahora-usan-testeos-rapidos\/\" \/>\n<meta property=\"og:locale\" content=\"es_ES\" \/>\n<meta property=\"og:type\" content=\"article\" \/>\n<meta property=\"og:title\" content=\"Prorrogan la Fase 2 en Santa Rosa, Pico y Toay y ahora usan testeos r\u00e1pidos - Diario Textual\" \/>\n<meta property=\"og:description\" content=\"El gobernador Sergio Ziliotto anunci\u00f3 este viernes que empezaron a utilizarse los tests r\u00e1pido de ant\u00edgenos para detectar coronavirus en Santa Rosa, Pico y Toay y sostuvo que decidieron prorrogar&hellip;\" \/>\n<meta property=\"og:url\" content=\"https:\/\/diariotextual.com\/inicio\/index.php\/2020\/10\/30\/prorrogan-la-fase-2-en-santa-rosa-pico-y-toay-y-ahora-usan-testeos-rapidos\/\" \/>\n<meta property=\"og:site_name\" content=\"Diario Textual\" \/>\n<meta property=\"article:publisher\" content=\"https:\/\/www.facebook.com\/eltextual\" \/>\n<meta property=\"article:published_time\" content=\"2020-10-30T15:16:58+00:00\" \/>\n<meta property=\"article:modified_time\" content=\"2020-10-30T21:48:00+00:00\" \/>\n<meta property=\"og:image\" content=\"https:\/\/diariotextual.com\/inicio\/wp-content\/uploads\/2020\/10\/ziliottosergio2020-20002.jpg\" \/>\n\t<meta property=\"og:image:width\" content=\"1379\" \/>\n\t<meta property=\"og:image:height\" content=\"920\" \/>\n\t<meta property=\"og:image:type\" content=\"image\/jpeg\" \/>\n<meta name=\"author\" content=\"Diario1 Diario1\" \/>\n<meta name=\"twitter:card\" content=\"summary_large_image\" \/>\n<meta name=\"twitter:creator\" content=\"@eltextual\" \/>\n<meta name=\"twitter:site\" content=\"@eltextual\" \/>\n<meta name=\"twitter:label1\" content=\"Escrito por\" \/>\n\t<meta name=\"twitter:data1\" content=\"Diario1 Diario1\" \/>\n\t<meta name=\"twitter:label2\" content=\"Tiempo de lectura\" \/>\n\t<meta name=\"twitter:data2\" content=\"4 minutos\" \/>\n<script type=\"application\/ld+json\" class=\"yoast-schema-graph\">{\"@context\":\"https:\\\/\\\/schema.org\",\"@graph\":[{\"@type\":\"Article\",\"@id\":\"https:\\\/\\\/diariotextual.com\\\/inicio\\\/index.php\\\/2020\\\/10\\\/30\\\/prorrogan-la-fase-2-en-santa-rosa-pico-y-toay-y-ahora-usan-testeos-rapidos\\\/#article\",\"isPartOf\":{\"@id\":\"https:\\\/\\\/diariotextual.com\\\/inicio\\\/index.php\\\/2020\\\/10\\\/30\\\/prorrogan-la-fase-2-en-santa-rosa-pico-y-toay-y-ahora-usan-testeos-rapidos\\\/\"},\"author\":{\"name\":\"Diario1 Diario1\",\"@id\":\"https:\\\/\\\/diariotextual.com\\\/inicio\\\/#\\\/schema\\\/person\\\/418fc4093c33e86ed41562db3508f958\"},\"headline\":\"Prorrogan la Fase 2 en Santa Rosa, Pico y Toay y ahora usan testeos r\u00e1pidos\",\"datePublished\":\"2020-10-30T15:16:58+00:00\",\"dateModified\":\"2020-10-30T21:48:00+00:00\",\"mainEntityOfPage\":{\"@id\":\"https:\\\/\\\/diariotextual.com\\\/inicio\\\/index.php\\\/2020\\\/10\\\/30\\\/prorrogan-la-fase-2-en-santa-rosa-pico-y-toay-y-ahora-usan-testeos-rapidos\\\/\"},\"wordCount\":848,\"publisher\":{\"@id\":\"https:\\\/\\\/diariotextual.com\\\/inicio\\\/#organization\"},\"image\":{\"@id\":\"https:\\\/\\\/diariotextual.com\\\/inicio\\\/index.php\\\/2020\\\/10\\\/30\\\/prorrogan-la-fase-2-en-santa-rosa-pico-y-toay-y-ahora-usan-testeos-rapidos\\\/#primaryimage\"},\"thumbnailUrl\":\"https:\\\/\\\/diariotextual.com\\\/inicio\\\/wp-content\\\/uploads\\\/2020\\\/10\\\/ziliottosergio2020-20002.jpg\",\"keywords\":[\"ziliotto\"],\"articleSection\":[\"A - ES NOTICIA (van abajo)\",\"A - TEMPORALES\",\"POLITICA\"],\"inLanguage\":\"es\"},{\"@type\":\"WebPage\",\"@id\":\"https:\\\/\\\/diariotextual.com\\\/inicio\\\/index.php\\\/2020\\\/10\\\/30\\\/prorrogan-la-fase-2-en-santa-rosa-pico-y-toay-y-ahora-usan-testeos-rapidos\\\/\",\"url\":\"https:\\\/\\\/diariotextual.com\\\/inicio\\\/index.php\\\/2020\\\/10\\\/30\\\/prorrogan-la-fase-2-en-santa-rosa-pico-y-toay-y-ahora-usan-testeos-rapidos\\\/\",\"name\":\"Prorrogan la Fase 2 en Santa Rosa, Pico y Toay y ahora usan testeos r\u00e1pidos - Diario Textual\",\"isPartOf\":{\"@id\":\"https:\\\/\\\/diariotextual.com\\\/inicio\\\/#website\"},\"primaryImageOfPage\":{\"@id\":\"https:\\\/\\\/diariotextual.com\\\/inicio\\\/index.php\\\/2020\\\/10\\\/30\\\/prorrogan-la-fase-2-en-santa-rosa-pico-y-toay-y-ahora-usan-testeos-rapidos\\\/#primaryimage\"},\"image\":{\"@id\":\"https:\\\/\\\/diariotextual.com\\\/inicio\\\/index.php\\\/2020\\\/10\\\/30\\\/prorrogan-la-fase-2-en-santa-rosa-pico-y-toay-y-ahora-usan-testeos-rapidos\\\/#primaryimage\"},\"thumbnailUrl\":\"https:\\\/\\\/diariotextual.com\\\/inicio\\\/wp-content\\\/uploads\\\/2020\\\/10\\\/ziliottosergio2020-20002.jpg\",\"datePublished\":\"2020-10-30T15:16:58+00:00\",\"dateModified\":\"2020-10-30T21:48:00+00:00\",\"breadcrumb\":{\"@id\":\"https:\\\/\\\/diariotextual.com\\\/inicio\\\/index.php\\\/2020\\\/10\\\/30\\\/prorrogan-la-fase-2-en-santa-rosa-pico-y-toay-y-ahora-usan-testeos-rapidos\\\/#breadcrumb\"},\"inLanguage\":\"es\",\"potentialAction\":[{\"@type\":\"ReadAction\",\"target\":[\"https:\\\/\\\/diariotextual.com\\\/inicio\\\/index.php\\\/2020\\\/10\\\/30\\\/prorrogan-la-fase-2-en-santa-rosa-pico-y-toay-y-ahora-usan-testeos-rapidos\\\/\"]}]},{\"@type\":\"ImageObject\",\"inLanguage\":\"es\",\"@id\":\"https:\\\/\\\/diariotextual.com\\\/inicio\\\/index.php\\\/2020\\\/10\\\/30\\\/prorrogan-la-fase-2-en-santa-rosa-pico-y-toay-y-ahora-usan-testeos-rapidos\\\/#primaryimage\",\"url\":\"https:\\\/\\\/diariotextual.com\\\/inicio\\\/wp-content\\\/uploads\\\/2020\\\/10\\\/ziliottosergio2020-20002.jpg\",\"contentUrl\":\"https:\\\/\\\/diariotextual.com\\\/inicio\\\/wp-content\\\/uploads\\\/2020\\\/10\\\/ziliottosergio2020-20002.jpg\",\"width\":1379,\"height\":920},{\"@type\":\"BreadcrumbList\",\"@id\":\"https:\\\/\\\/diariotextual.com\\\/inicio\\\/index.php\\\/2020\\\/10\\\/30\\\/prorrogan-la-fase-2-en-santa-rosa-pico-y-toay-y-ahora-usan-testeos-rapidos\\\/#breadcrumb\",\"itemListElement\":[{\"@type\":\"ListItem\",\"position\":1,\"name\":\"Portada\",\"item\":\"https:\\\/\\\/diariotextual.com\\\/inicio\\\/\"},{\"@type\":\"ListItem\",\"position\":2,\"name\":\"Prorrogan la Fase 2 en Santa Rosa, Pico y Toay y ahora usan testeos r\u00e1pidos\"}]},{\"@type\":\"WebSite\",\"@id\":\"https:\\\/\\\/diariotextual.com\\\/inicio\\\/#website\",\"url\":\"https:\\\/\\\/diariotextual.com\\\/inicio\\\/\",\"name\":\"Diario Textual\",\"description\":\"\",\"publisher\":{\"@id\":\"https:\\\/\\\/diariotextual.com\\\/inicio\\\/#organization\"},\"potentialAction\":[{\"@type\":\"SearchAction\",\"target\":{\"@type\":\"EntryPoint\",\"urlTemplate\":\"https:\\\/\\\/diariotextual.com\\\/inicio\\\/?s={search_term_string}\"},\"query-input\":{\"@type\":\"PropertyValueSpecification\",\"valueRequired\":true,\"valueName\":\"search_term_string\"}}],\"inLanguage\":\"es\"},{\"@type\":\"Organization\",\"@id\":\"https:\\\/\\\/diariotextual.com\\\/inicio\\\/#organization\",\"name\":\"Diario Textual\",\"url\":\"https:\\\/\\\/diariotextual.com\\\/inicio\\\/\",\"logo\":{\"@type\":\"ImageObject\",\"inLanguage\":\"es\",\"@id\":\"https:\\\/\\\/diariotextual.com\\\/inicio\\\/#\\\/schema\\\/logo\\\/image\\\/\",\"url\":\"https:\\\/\\\/diariotextual.com\\\/inicio\\\/wp-content\\\/uploads\\\/2023\\\/05\\\/logotextual1.jpg\",\"contentUrl\":\"https:\\\/\\\/diariotextual.com\\\/inicio\\\/wp-content\\\/uploads\\\/2023\\\/05\\\/logotextual1.jpg\",\"width\":516,\"height\":76,\"caption\":\"Diario Textual\"},\"image\":{\"@id\":\"https:\\\/\\\/diariotextual.com\\\/inicio\\\/#\\\/schema\\\/logo\\\/image\\\/\"},\"sameAs\":[\"https:\\\/\\\/www.facebook.com\\\/eltextual\",\"https:\\\/\\\/x.com\\\/eltextual\",\"http:\\\/\\\/www.instagram.com\\\/eltextual\"]},{\"@type\":\"Person\",\"@id\":\"https:\\\/\\\/diariotextual.com\\\/inicio\\\/#\\\/schema\\\/person\\\/418fc4093c33e86ed41562db3508f958\",\"name\":\"Diario1 Diario1\",\"image\":{\"@type\":\"ImageObject\",\"inLanguage\":\"es\",\"@id\":\"https:\\\/\\\/secure.gravatar.com\\\/avatar\\\/9167d280179c85bc18be67aa7eda765854300033af4896dd779b608640f2ef7a?s=96&d=mm&r=g\",\"url\":\"https:\\\/\\\/secure.gravatar.com\\\/avatar\\\/9167d280179c85bc18be67aa7eda765854300033af4896dd779b608640f2ef7a?s=96&d=mm&r=g\",\"contentUrl\":\"https:\\\/\\\/secure.gravatar.com\\\/avatar\\\/9167d280179c85bc18be67aa7eda765854300033af4896dd779b608640f2ef7a?s=96&d=mm&r=g\",\"caption\":\"Diario1 Diario1\"},\"url\":\"https:\\\/\\\/diariotextual.com\\\/inicio\\\/index.php\\\/author\\\/diario1\\\/\"}]}<\/script>\n<!-- \/ Yoast SEO plugin. -->","yoast_head_json":{"title":"Prorrogan la Fase 2 en Santa Rosa, Pico y Toay y ahora usan testeos r\u00e1pidos - Diario Textual","robots":{"index":"index","follow":"follow","max-snippet":"max-snippet:-1","max-image-preview":"max-image-preview:large","max-video-preview":"max-video-preview:-1"},"canonical":"https:\/\/diariotextual.com\/inicio\/index.php\/2020\/10\/30\/prorrogan-la-fase-2-en-santa-rosa-pico-y-toay-y-ahora-usan-testeos-rapidos\/","og_locale":"es_ES","og_type":"article","og_title":"Prorrogan la Fase 2 en Santa Rosa, Pico y Toay y ahora usan testeos r\u00e1pidos - Diario Textual","og_description":"El gobernador Sergio Ziliotto anunci\u00f3 este viernes que empezaron a utilizarse los tests r\u00e1pido de ant\u00edgenos para detectar coronavirus en Santa Rosa, Pico y Toay y sostuvo que decidieron prorrogar&hellip;","og_url":"https:\/\/diariotextual.com\/inicio\/index.php\/2020\/10\/30\/prorrogan-la-fase-2-en-santa-rosa-pico-y-toay-y-ahora-usan-testeos-rapidos\/","og_site_name":"Diario Textual","article_publisher":"https:\/\/www.facebook.com\/eltextual","article_published_time":"2020-10-30T15:16:58+00:00","article_modified_time":"2020-10-30T21:48:00+00:00","og_image":[{"width":1379,"height":920,"url":"https:\/\/diariotextual.com\/inicio\/wp-content\/uploads\/2020\/10\/ziliottosergio2020-20002.jpg","type":"image\/jpeg"}],"author":"Diario1 Diario1","twitter_card":"summary_large_image","twitter_creator":"@eltextual","twitter_site":"@eltextual","twitter_misc":{"Escrito por":"Diario1 Diario1","Tiempo de lectura":"4 minutos"},"schema":{"@context":"https:\/\/schema.org","@graph":[{"@type":"Article","@id":"https:\/\/diariotextual.com\/inicio\/index.php\/2020\/10\/30\/prorrogan-la-fase-2-en-santa-rosa-pico-y-toay-y-ahora-usan-testeos-rapidos\/#article","isPartOf":{"@id":"https:\/\/diariotextual.com\/inicio\/index.php\/2020\/10\/30\/prorrogan-la-fase-2-en-santa-rosa-pico-y-toay-y-ahora-usan-testeos-rapidos\/"},"author":{"name":"Diario1 Diario1","@id":"https:\/\/diariotextual.com\/inicio\/#\/schema\/person\/418fc4093c33e86ed41562db3508f958"},"headline":"Prorrogan la Fase 2 en Santa Rosa, Pico y Toay y ahora usan testeos r\u00e1pidos","datePublished":"2020-10-30T15:16:58+00:00","dateModified":"2020-10-30T21:48:00+00:00","mainEntityOfPage":{"@id":"https:\/\/diariotextual.com\/inicio\/index.php\/2020\/10\/30\/prorrogan-la-fase-2-en-santa-rosa-pico-y-toay-y-ahora-usan-testeos-rapidos\/"},"wordCount":848,"publisher":{"@id":"https:\/\/diariotextual.com\/inicio\/#organization"},"image":{"@id":"https:\/\/diariotextual.com\/inicio\/index.php\/2020\/10\/30\/prorrogan-la-fase-2-en-santa-rosa-pico-y-toay-y-ahora-usan-testeos-rapidos\/#primaryimage"},"thumbnailUrl":"https:\/\/diariotextual.com\/inicio\/wp-content\/uploads\/2020\/10\/ziliottosergio2020-20002.jpg","keywords":["ziliotto"],"articleSection":["A - ES NOTICIA (van abajo)","A - TEMPORALES","POLITICA"],"inLanguage":"es"},{"@type":"WebPage","@id":"https:\/\/diariotextual.com\/inicio\/index.php\/2020\/10\/30\/prorrogan-la-fase-2-en-santa-rosa-pico-y-toay-y-ahora-usan-testeos-rapidos\/","url":"https:\/\/diariotextual.com\/inicio\/index.php\/2020\/10\/30\/prorrogan-la-fase-2-en-santa-rosa-pico-y-toay-y-ahora-usan-testeos-rapidos\/","name":"Prorrogan la Fase 2 en Santa Rosa, Pico y Toay y ahora usan testeos r\u00e1pidos - Diario Textual","isPartOf":{"@id":"https:\/\/diariotextual.com\/inicio\/#website"},"primaryImageOfPage":{"@id":"https:\/\/diariotextual.com\/inicio\/index.php\/2020\/10\/30\/prorrogan-la-fase-2-en-santa-rosa-pico-y-toay-y-ahora-usan-testeos-rapidos\/#primaryimage"},"image":{"@id":"https:\/\/diariotextual.com\/inicio\/index.php\/2020\/10\/30\/prorrogan-la-fase-2-en-santa-rosa-pico-y-toay-y-ahora-usan-testeos-rapidos\/#primaryimage"},"thumbnailUrl":"https:\/\/diariotextual.com\/inicio\/wp-content\/uploads\/2020\/10\/ziliottosergio2020-20002.jpg","datePublished":"2020-10-30T15:16:58+00:00","dateModified":"2020-10-30T21:48:00+00:00","breadcrumb":{"@id":"https:\/\/diariotextual.com\/inicio\/index.php\/2020\/10\/30\/prorrogan-la-fase-2-en-santa-rosa-pico-y-toay-y-ahora-usan-testeos-rapidos\/#breadcrumb"},"inLanguage":"es","potentialAction":[{"@type":"ReadAction","target":["https:\/\/diariotextual.com\/inicio\/index.php\/2020\/10\/30\/prorrogan-la-fase-2-en-santa-rosa-pico-y-toay-y-ahora-usan-testeos-rapidos\/"]}]},{"@type":"ImageObject","inLanguage":"es","@id":"https:\/\/diariotextual.com\/inicio\/index.php\/2020\/10\/30\/prorrogan-la-fase-2-en-santa-rosa-pico-y-toay-y-ahora-usan-testeos-rapidos\/#primaryimage","url":"https:\/\/diariotextual.com\/inicio\/wp-content\/uploads\/2020\/10\/ziliottosergio2020-20002.jpg","contentUrl":"https:\/\/diariotextual.com\/inicio\/wp-content\/uploads\/2020\/10\/ziliottosergio2020-20002.jpg","width":1379,"height":920},{"@type":"BreadcrumbList","@id":"https:\/\/diariotextual.com\/inicio\/index.php\/2020\/10\/30\/prorrogan-la-fase-2-en-santa-rosa-pico-y-toay-y-ahora-usan-testeos-rapidos\/#breadcrumb","itemListElement":[{"@type":"ListItem","position":1,"name":"Portada","item":"https:\/\/diariotextual.com\/inicio\/"},{"@type":"ListItem","position":2,"name":"Prorrogan la Fase 2 en Santa Rosa, Pico y Toay y ahora usan testeos r\u00e1pidos"}]},{"@type":"WebSite","@id":"https:\/\/diariotextual.com\/inicio\/#website","url":"https:\/\/diariotextual.com\/inicio\/","name":"Diario Textual","description":"","publisher":{"@id":"https:\/\/diariotextual.com\/inicio\/#organization"},"potentialAction":[{"@type":"SearchAction","target":{"@type":"EntryPoint","urlTemplate":"https:\/\/diariotextual.com\/inicio\/?s={search_term_string}"},"query-input":{"@type":"PropertyValueSpecification","valueRequired":true,"valueName":"search_term_string"}}],"inLanguage":"es"},{"@type":"Organization","@id":"https:\/\/diariotextual.com\/inicio\/#organization","name":"Diario Textual","url":"https:\/\/diariotextual.com\/inicio\/","logo":{"@type":"ImageObject","inLanguage":"es","@id":"https:\/\/diariotextual.com\/inicio\/#\/schema\/logo\/image\/","url":"https:\/\/diariotextual.com\/inicio\/wp-content\/uploads\/2023\/05\/logotextual1.jpg","contentUrl":"https:\/\/diariotextual.com\/inicio\/wp-content\/uploads\/2023\/05\/logotextual1.jpg","width":516,"height":76,"caption":"Diario Textual"},"image":{"@id":"https:\/\/diariotextual.com\/inicio\/#\/schema\/logo\/image\/"},"sameAs":["https:\/\/www.facebook.com\/eltextual","https:\/\/x.com\/eltextual","http:\/\/www.instagram.com\/eltextual"]},{"@type":"Person","@id":"https:\/\/diariotextual.com\/inicio\/#\/schema\/person\/418fc4093c33e86ed41562db3508f958","name":"Diario1 Diario1","image":{"@type":"ImageObject","inLanguage":"es","@id":"https:\/\/secure.gravatar.com\/avatar\/9167d280179c85bc18be67aa7eda765854300033af4896dd779b608640f2ef7a?s=96&d=mm&r=g","url":"https:\/\/secure.gravatar.com\/avatar\/9167d280179c85bc18be67aa7eda765854300033af4896dd779b608640f2ef7a?s=96&d=mm&r=g","contentUrl":"https:\/\/secure.gravatar.com\/avatar\/9167d280179c85bc18be67aa7eda765854300033af4896dd779b608640f2ef7a?s=96&d=mm&r=g","caption":"Diario1 Diario1"},"url":"https:\/\/diariotextual.com\/inicio\/index.php\/author\/diario1\/"}]}},"_links":{"self":[{"href":"https:\/\/diariotextual.com\/inicio\/index.php\/wp-json\/wp\/v2\/posts\/119003","targetHints":{"allow":["GET"]}}],"collection":[{"href":"https:\/\/diariotextual.com\/inicio\/index.php\/wp-json\/wp\/v2\/posts"}],"about":[{"href":"https:\/\/diariotextual.com\/inicio\/index.php\/wp-json\/wp\/v2\/types\/post"}],"author":[{"embeddable":true,"href":"https:\/\/diariotextual.com\/inicio\/index.php\/wp-json\/wp\/v2\/users\/3"}],"replies":[{"embeddable":true,"href":"https:\/\/diariotextual.com\/inicio\/index.php\/wp-json\/wp\/v2\/comments?post=119003"}],"version-history":[{"count":18,"href":"https:\/\/diariotextual.com\/inicio\/index.php\/wp-json\/wp\/v2\/posts\/119003\/revisions"}],"predecessor-version":[{"id":119114,"href":"https:\/\/diariotextual.com\/inicio\/index.php\/wp-json\/wp\/v2\/posts\/119003\/revisions\/119114"}],"wp:featuredmedia":[{"embeddable":true,"href":"https:\/\/diariotextual.com\/inicio\/index.php\/wp-json\/wp\/v2\/media\/119101"}],"wp:attachment":[{"href":"https:\/\/diariotextual.com\/inicio\/index.php\/wp-json\/wp\/v2\/media?parent=119003"}],"wp:term":[{"taxonomy":"category","embeddable":true,"href":"https:\/\/diariotextual.com\/inicio\/index.php\/wp-json\/wp\/v2\/categories?post=119003"},{"taxonomy":"post_tag","embeddable":true,"href":"https:\/\/diariotextual.com\/inicio\/index.php\/wp-json\/wp\/v2\/tags?post=119003"}],"curies":[{"name":"wp","href":"https:\/\/api.w.org\/{rel}","templated":true}]}}