{"id":119023,"date":"2020-10-30T12:19:10","date_gmt":"2020-10-30T15:19:10","guid":{"rendered":"http:\/\/diariotextual.com\/inicio\/?p=119023"},"modified":"2020-10-31T12:27:11","modified_gmt":"2020-10-31T15:27:11","slug":"ahora-el-contacto-de-contacto-estrecho-dejara-el-aislamiento-a-los-8-dias","status":"publish","type":"post","link":"https:\/\/diariotextual.com\/inicio\/index.php\/2020\/10\/30\/ahora-el-contacto-de-contacto-estrecho-dejara-el-aislamiento-a-los-8-dias\/","title":{"rendered":"Ahora el contacto de contacto estrecho dejar\u00e1 el aislamiento a los 8 d\u00edas"},"content":{"rendered":"\n<p>El gobernador <strong>Sergio Ziliotto<\/strong> anunci\u00f3 este viernes que desde el martes pr\u00f3ximo <strong>los contactos de contactos estrechos podr\u00e1n dejar el aislamiento al octavo d\u00eda si no presentan ning\u00fan s\u00edntoma.<\/strong> Durante octubre se hab\u00eda impuesto la obligaci\u00f3n de un aislamiento de 14 d\u00edas, lo que gener\u00f3 una dificultad para controlarlos y<strong> llev\u00f3 a que algunos intendentes reclamaran flexibilizaciones en ese punto<\/strong>.<\/p>\n\n\n\n<p>Ahora, desde el octavo d\u00eda y hasta que se cumplan los 14 d\u00edas, <strong>la persona seguir\u00e1 monitoreada a trav\u00e9s de una aplicaci\u00f3n m\u00f3vil.<\/strong><\/p>\n\n\n\n<figure class=\"wp-block-embed-wordpress wp-block-embed is-type-wp-embed is-provider-diario-textual\"><div class=\"wp-block-embed__wrapper\">\n<blockquote class=\"wp-embedded-content\" data-secret=\"SNgv1rwA5g\"><a href=\"http:\/\/diariotextual.com\/inicio\/index.php\/2020\/10\/30\/prorrogan-la-fase-2-en-santa-rosa-pico-y-toay-y-ahora-usan-testeos-rapidos\/\">Prorrogan la Fase 2 en Santa Rosa, Pico y Toay y ahora usan testeos r\u00e1pidos<\/a><\/blockquote><iframe class=\"wp-embedded-content\" sandbox=\"allow-scripts\" security=\"restricted\" style=\"position: absolute; clip: rect(1px, 1px, 1px, 1px);\" title=\"\u00abProrrogan la Fase 2 en Santa Rosa, Pico y Toay y ahora usan testeos r\u00e1pidos\u00bb \u2014 Diario Textual\" src=\"http:\/\/diariotextual.com\/inicio\/index.php\/2020\/10\/30\/prorrogan-la-fase-2-en-santa-rosa-pico-y-toay-y-ahora-usan-testeos-rapidos\/embed\/#?secret=SNgv1rwA5g\" data-secret=\"SNgv1rwA5g\" width=\"600\" height=\"338\" frameborder=\"0\" marginwidth=\"0\" marginheight=\"0\" scrolling=\"no\"><\/iframe>\n<\/div><\/figure>\n\n\n\n<p><strong>\u201cHemos resuelto, a trav\u00e9s de la certeza epidemiol\u00f3gica, que el segundo anillo, es decir el contacto de contacto estrecho si al d\u00eda 8 no tuvo s\u00edntomas ni se positiviz\u00f3 su contacto, podr\u00e1 volver a la actividad pero con seguimiento de una aplicaci\u00f3n por si eventualmente aparecen s\u00edntomas\u201d<\/strong>, explic\u00f3 el mandatario.<\/p>\n\n\n\n<p>El nuevo criterio de la cuarentena de los contactos de contactos estrechos estar\u00e1 vigente a partir del martes pr\u00f3ximo.<\/p>\n\n\n\n<p>Desde el 1\u00b0 de octubre, los contactos de contactos estrechos fueron obligados a un aislamiento de 14 d\u00edas. Esta medida anunciada hoy por Ziliotto achica ese per\u00edodo.<\/p>\n\n\n\n<p>En rigor, esta es una respuesta a <strong><a rel=\"noreferrer noopener\" href=\"http:\/\/diariotextual.com\/inicio\/index.php\/2020\/10\/14\/covid-un-intendente-le-pidio-a-kohan-reducir-dias-de-aislamiento-de-los-contactos-de-contactos\/\" target=\"_blank\">un reclamo que hicieron algunos intendentes<\/a><\/strong>, que manifestaron no poder controlar adecuadamente a los contactos de contactos estrechos. \u201cEl hospital parece un call center\u201d, se hab\u00eda quejado un jefe comunal.<\/p>\n\n\n\n<figure class=\"wp-block-embed-wordpress wp-block-embed is-type-wp-embed is-provider-diario-textual\"><div class=\"wp-block-embed__wrapper\">\n<blockquote class=\"wp-embedded-content\" data-secret=\"8Hb9PZQ4FS\"><a href=\"http:\/\/diariotextual.com\/inicio\/index.php\/2020\/10\/30\/es-un-mito-en-el-dia-de-la-madre-no-hubo-mas-casos-de-covid-en-la-pampa\/\">\u201cEs un mito. En el D\u00eda de la Madre no hubo m\u00e1s casos de covid en La Pampa\u201d<\/a><\/blockquote><iframe class=\"wp-embedded-content\" sandbox=\"allow-scripts\" security=\"restricted\" style=\"position: absolute; clip: rect(1px, 1px, 1px, 1px);\" title=\"\u00ab\u201cEs un mito. En el D\u00eda de la Madre no hubo m\u00e1s casos de covid en La Pampa\u201d\u00bb \u2014 Diario Textual\" src=\"http:\/\/diariotextual.com\/inicio\/index.php\/2020\/10\/30\/es-un-mito-en-el-dia-de-la-madre-no-hubo-mas-casos-de-covid-en-la-pampa\/embed\/#?secret=8Hb9PZQ4FS\" data-secret=\"8Hb9PZQ4FS\" width=\"600\" height=\"338\" frameborder=\"0\" marginwidth=\"0\" marginheight=\"0\" scrolling=\"no\"><\/iframe>\n<\/div><\/figure>\n","protected":false},"excerpt":{"rendered":"<p>El gobernador Sergio Ziliotto anunci\u00f3 este viernes que desde el martes pr\u00f3ximo los contactos de contactos estrechos podr\u00e1n dejar el aislamiento al octavo d\u00eda si no presentan ning\u00fan s\u00edntoma. Durante&hellip;<\/p>\n","protected":false},"author":7,"featured_media":107460,"comment_status":"closed","ping_status":"open","sticky":false,"template":"","format":"standard","meta":{"_acf_changed":false,"footnotes":""},"categories":[11,12],"tags":[],"class_list":["post-119023","post","type-post","status-publish","format-standard","has-post-thumbnail","hentry","category-que-pasa","category-sociedad"],"acf":[],"yoast_head":"<!-- This site is optimized with the Yoast SEO plugin v27.5 - https:\/\/yoast.com\/product\/yoast-seo-wordpress\/ -->\n<title>Ahora el contacto de contacto estrecho dejar\u00e1 el aislamiento a los 8 d\u00edas - Diario Textual<\/title>\n<meta name=\"robots\" content=\"index, follow, max-snippet:-1, max-image-preview:large, max-video-preview:-1\" \/>\n<link rel=\"canonical\" href=\"https:\/\/diariotextual.com\/inicio\/index.php\/2020\/10\/30\/ahora-el-contacto-de-contacto-estrecho-dejara-el-aislamiento-a-los-8-dias\/\" \/>\n<meta property=\"og:locale\" content=\"es_ES\" \/>\n<meta property=\"og:type\" content=\"article\" \/>\n<meta property=\"og:title\" content=\"Ahora el contacto de contacto estrecho dejar\u00e1 el aislamiento a los 8 d\u00edas - Diario Textual\" \/>\n<meta property=\"og:description\" content=\"El gobernador Sergio Ziliotto anunci\u00f3 este viernes que desde el martes pr\u00f3ximo los contactos de contactos estrechos podr\u00e1n dejar el aislamiento al octavo d\u00eda si no presentan ning\u00fan s\u00edntoma. Durante&hellip;\" \/>\n<meta property=\"og:url\" content=\"https:\/\/diariotextual.com\/inicio\/index.php\/2020\/10\/30\/ahora-el-contacto-de-contacto-estrecho-dejara-el-aislamiento-a-los-8-dias\/\" \/>\n<meta property=\"og:site_name\" content=\"Diario Textual\" \/>\n<meta property=\"article:publisher\" content=\"https:\/\/www.facebook.com\/eltextual\" \/>\n<meta property=\"article:published_time\" content=\"2020-10-30T15:19:10+00:00\" \/>\n<meta property=\"article:modified_time\" content=\"2020-10-31T15:27:11+00:00\" \/>\n<meta property=\"og:image\" content=\"https:\/\/diariotextual.com\/inicio\/wp-content\/uploads\/2020\/08\/coronavirusbusquedaactivabarrioloshornos2020-2.jpg\" \/>\n\t<meta property=\"og:image:width\" content=\"932\" \/>\n\t<meta property=\"og:image:height\" content=\"627\" \/>\n\t<meta property=\"og:image:type\" content=\"image\/jpeg\" \/>\n<meta name=\"author\" content=\"diario5\" \/>\n<meta name=\"twitter:card\" content=\"summary_large_image\" \/>\n<meta name=\"twitter:creator\" content=\"@eltextual\" \/>\n<meta name=\"twitter:site\" content=\"@eltextual\" \/>\n<meta name=\"twitter:label1\" content=\"Escrito por\" \/>\n\t<meta name=\"twitter:data1\" content=\"diario5\" \/>\n\t<meta name=\"twitter:label2\" content=\"Tiempo de lectura\" \/>\n\t<meta name=\"twitter:data2\" content=\"1 minuto\" \/>\n<script type=\"application\/ld+json\" class=\"yoast-schema-graph\">{\"@context\":\"https:\\\/\\\/schema.org\",\"@graph\":[{\"@type\":\"Article\",\"@id\":\"https:\\\/\\\/diariotextual.com\\\/inicio\\\/index.php\\\/2020\\\/10\\\/30\\\/ahora-el-contacto-de-contacto-estrecho-dejara-el-aislamiento-a-los-8-dias\\\/#article\",\"isPartOf\":{\"@id\":\"https:\\\/\\\/diariotextual.com\\\/inicio\\\/index.php\\\/2020\\\/10\\\/30\\\/ahora-el-contacto-de-contacto-estrecho-dejara-el-aislamiento-a-los-8-dias\\\/\"},\"author\":{\"name\":\"diario5\",\"@id\":\"https:\\\/\\\/diariotextual.com\\\/inicio\\\/#\\\/schema\\\/person\\\/c7834961ad8b29b1d9cdbf4571299067\"},\"headline\":\"Ahora el contacto de contacto estrecho dejar\u00e1 el aislamiento a los 8 d\u00edas\",\"datePublished\":\"2020-10-30T15:19:10+00:00\",\"dateModified\":\"2020-10-31T15:27:11+00:00\",\"mainEntityOfPage\":{\"@id\":\"https:\\\/\\\/diariotextual.com\\\/inicio\\\/index.php\\\/2020\\\/10\\\/30\\\/ahora-el-contacto-de-contacto-estrecho-dejara-el-aislamiento-a-los-8-dias\\\/\"},\"wordCount\":262,\"publisher\":{\"@id\":\"https:\\\/\\\/diariotextual.com\\\/inicio\\\/#organization\"},\"image\":{\"@id\":\"https:\\\/\\\/diariotextual.com\\\/inicio\\\/index.php\\\/2020\\\/10\\\/30\\\/ahora-el-contacto-de-contacto-estrecho-dejara-el-aislamiento-a-los-8-dias\\\/#primaryimage\"},\"thumbnailUrl\":\"https:\\\/\\\/diariotextual.com\\\/inicio\\\/wp-content\\\/uploads\\\/2020\\\/08\\\/coronavirusbusquedaactivabarrioloshornos2020-2.jpg\",\"articleSection\":[\"A - QUE PASA (al costado)\",\"SOCIEDAD\"],\"inLanguage\":\"es\"},{\"@type\":\"WebPage\",\"@id\":\"https:\\\/\\\/diariotextual.com\\\/inicio\\\/index.php\\\/2020\\\/10\\\/30\\\/ahora-el-contacto-de-contacto-estrecho-dejara-el-aislamiento-a-los-8-dias\\\/\",\"url\":\"https:\\\/\\\/diariotextual.com\\\/inicio\\\/index.php\\\/2020\\\/10\\\/30\\\/ahora-el-contacto-de-contacto-estrecho-dejara-el-aislamiento-a-los-8-dias\\\/\",\"name\":\"Ahora el contacto de contacto estrecho dejar\u00e1 el aislamiento a los 8 d\u00edas - Diario Textual\",\"isPartOf\":{\"@id\":\"https:\\\/\\\/diariotextual.com\\\/inicio\\\/#website\"},\"primaryImageOfPage\":{\"@id\":\"https:\\\/\\\/diariotextual.com\\\/inicio\\\/index.php\\\/2020\\\/10\\\/30\\\/ahora-el-contacto-de-contacto-estrecho-dejara-el-aislamiento-a-los-8-dias\\\/#primaryimage\"},\"image\":{\"@id\":\"https:\\\/\\\/diariotextual.com\\\/inicio\\\/index.php\\\/2020\\\/10\\\/30\\\/ahora-el-contacto-de-contacto-estrecho-dejara-el-aislamiento-a-los-8-dias\\\/#primaryimage\"},\"thumbnailUrl\":\"https:\\\/\\\/diariotextual.com\\\/inicio\\\/wp-content\\\/uploads\\\/2020\\\/08\\\/coronavirusbusquedaactivabarrioloshornos2020-2.jpg\",\"datePublished\":\"2020-10-30T15:19:10+00:00\",\"dateModified\":\"2020-10-31T15:27:11+00:00\",\"breadcrumb\":{\"@id\":\"https:\\\/\\\/diariotextual.com\\\/inicio\\\/index.php\\\/2020\\\/10\\\/30\\\/ahora-el-contacto-de-contacto-estrecho-dejara-el-aislamiento-a-los-8-dias\\\/#breadcrumb\"},\"inLanguage\":\"es\",\"potentialAction\":[{\"@type\":\"ReadAction\",\"target\":[\"https:\\\/\\\/diariotextual.com\\\/inicio\\\/index.php\\\/2020\\\/10\\\/30\\\/ahora-el-contacto-de-contacto-estrecho-dejara-el-aislamiento-a-los-8-dias\\\/\"]}]},{\"@type\":\"ImageObject\",\"inLanguage\":\"es\",\"@id\":\"https:\\\/\\\/diariotextual.com\\\/inicio\\\/index.php\\\/2020\\\/10\\\/30\\\/ahora-el-contacto-de-contacto-estrecho-dejara-el-aislamiento-a-los-8-dias\\\/#primaryimage\",\"url\":\"https:\\\/\\\/diariotextual.com\\\/inicio\\\/wp-content\\\/uploads\\\/2020\\\/08\\\/coronavirusbusquedaactivabarrioloshornos2020-2.jpg\",\"contentUrl\":\"https:\\\/\\\/diariotextual.com\\\/inicio\\\/wp-content\\\/uploads\\\/2020\\\/08\\\/coronavirusbusquedaactivabarrioloshornos2020-2.jpg\",\"width\":932,\"height\":627},{\"@type\":\"BreadcrumbList\",\"@id\":\"https:\\\/\\\/diariotextual.com\\\/inicio\\\/index.php\\\/2020\\\/10\\\/30\\\/ahora-el-contacto-de-contacto-estrecho-dejara-el-aislamiento-a-los-8-dias\\\/#breadcrumb\",\"itemListElement\":[{\"@type\":\"ListItem\",\"position\":1,\"name\":\"Portada\",\"item\":\"https:\\\/\\\/diariotextual.com\\\/inicio\\\/\"},{\"@type\":\"ListItem\",\"position\":2,\"name\":\"Ahora el contacto de contacto estrecho dejar\u00e1 el aislamiento a los 8 d\u00edas\"}]},{\"@type\":\"WebSite\",\"@id\":\"https:\\\/\\\/diariotextual.com\\\/inicio\\\/#website\",\"url\":\"https:\\\/\\\/diariotextual.com\\\/inicio\\\/\",\"name\":\"Diario Textual\",\"description\":\"\",\"publisher\":{\"@id\":\"https:\\\/\\\/diariotextual.com\\\/inicio\\\/#organization\"},\"potentialAction\":[{\"@type\":\"SearchAction\",\"target\":{\"@type\":\"EntryPoint\",\"urlTemplate\":\"https:\\\/\\\/diariotextual.com\\\/inicio\\\/?s={search_term_string}\"},\"query-input\":{\"@type\":\"PropertyValueSpecification\",\"valueRequired\":true,\"valueName\":\"search_term_string\"}}],\"inLanguage\":\"es\"},{\"@type\":\"Organization\",\"@id\":\"https:\\\/\\\/diariotextual.com\\\/inicio\\\/#organization\",\"name\":\"Diario Textual\",\"url\":\"https:\\\/\\\/diariotextual.com\\\/inicio\\\/\",\"logo\":{\"@type\":\"ImageObject\",\"inLanguage\":\"es\",\"@id\":\"https:\\\/\\\/diariotextual.com\\\/inicio\\\/#\\\/schema\\\/logo\\\/image\\\/\",\"url\":\"https:\\\/\\\/diariotextual.com\\\/inicio\\\/wp-content\\\/uploads\\\/2023\\\/05\\\/logotextual1.jpg\",\"contentUrl\":\"https:\\\/\\\/diariotextual.com\\\/inicio\\\/wp-content\\\/uploads\\\/2023\\\/05\\\/logotextual1.jpg\",\"width\":516,\"height\":76,\"caption\":\"Diario Textual\"},\"image\":{\"@id\":\"https:\\\/\\\/diariotextual.com\\\/inicio\\\/#\\\/schema\\\/logo\\\/image\\\/\"},\"sameAs\":[\"https:\\\/\\\/www.facebook.com\\\/eltextual\",\"https:\\\/\\\/x.com\\\/eltextual\",\"http:\\\/\\\/www.instagram.com\\\/eltextual\"]},{\"@type\":\"Person\",\"@id\":\"https:\\\/\\\/diariotextual.com\\\/inicio\\\/#\\\/schema\\\/person\\\/c7834961ad8b29b1d9cdbf4571299067\",\"name\":\"diario5\",\"image\":{\"@type\":\"ImageObject\",\"inLanguage\":\"es\",\"@id\":\"https:\\\/\\\/secure.gravatar.com\\\/avatar\\\/948c893b847ca6df68216ead81b63f363408ec9b0f600fefc0641ce78613b111?s=96&d=mm&r=g\",\"url\":\"https:\\\/\\\/secure.gravatar.com\\\/avatar\\\/948c893b847ca6df68216ead81b63f363408ec9b0f600fefc0641ce78613b111?s=96&d=mm&r=g\",\"contentUrl\":\"https:\\\/\\\/secure.gravatar.com\\\/avatar\\\/948c893b847ca6df68216ead81b63f363408ec9b0f600fefc0641ce78613b111?s=96&d=mm&r=g\",\"caption\":\"diario5\"},\"url\":\"https:\\\/\\\/diariotextual.com\\\/inicio\\\/index.php\\\/author\\\/diario5\\\/\"}]}<\/script>\n<!-- \/ Yoast SEO plugin. -->","yoast_head_json":{"title":"Ahora el contacto de contacto estrecho dejar\u00e1 el aislamiento a los 8 d\u00edas - Diario Textual","robots":{"index":"index","follow":"follow","max-snippet":"max-snippet:-1","max-image-preview":"max-image-preview:large","max-video-preview":"max-video-preview:-1"},"canonical":"https:\/\/diariotextual.com\/inicio\/index.php\/2020\/10\/30\/ahora-el-contacto-de-contacto-estrecho-dejara-el-aislamiento-a-los-8-dias\/","og_locale":"es_ES","og_type":"article","og_title":"Ahora el contacto de contacto estrecho dejar\u00e1 el aislamiento a los 8 d\u00edas - Diario Textual","og_description":"El gobernador Sergio Ziliotto anunci\u00f3 este viernes que desde el martes pr\u00f3ximo los contactos de contactos estrechos podr\u00e1n dejar el aislamiento al octavo d\u00eda si no presentan ning\u00fan s\u00edntoma. Durante&hellip;","og_url":"https:\/\/diariotextual.com\/inicio\/index.php\/2020\/10\/30\/ahora-el-contacto-de-contacto-estrecho-dejara-el-aislamiento-a-los-8-dias\/","og_site_name":"Diario Textual","article_publisher":"https:\/\/www.facebook.com\/eltextual","article_published_time":"2020-10-30T15:19:10+00:00","article_modified_time":"2020-10-31T15:27:11+00:00","og_image":[{"width":932,"height":627,"url":"https:\/\/diariotextual.com\/inicio\/wp-content\/uploads\/2020\/08\/coronavirusbusquedaactivabarrioloshornos2020-2.jpg","type":"image\/jpeg"}],"author":"diario5","twitter_card":"summary_large_image","twitter_creator":"@eltextual","twitter_site":"@eltextual","twitter_misc":{"Escrito por":"diario5","Tiempo de lectura":"1 minuto"},"schema":{"@context":"https:\/\/schema.org","@graph":[{"@type":"Article","@id":"https:\/\/diariotextual.com\/inicio\/index.php\/2020\/10\/30\/ahora-el-contacto-de-contacto-estrecho-dejara-el-aislamiento-a-los-8-dias\/#article","isPartOf":{"@id":"https:\/\/diariotextual.com\/inicio\/index.php\/2020\/10\/30\/ahora-el-contacto-de-contacto-estrecho-dejara-el-aislamiento-a-los-8-dias\/"},"author":{"name":"diario5","@id":"https:\/\/diariotextual.com\/inicio\/#\/schema\/person\/c7834961ad8b29b1d9cdbf4571299067"},"headline":"Ahora el contacto de contacto estrecho dejar\u00e1 el aislamiento a los 8 d\u00edas","datePublished":"2020-10-30T15:19:10+00:00","dateModified":"2020-10-31T15:27:11+00:00","mainEntityOfPage":{"@id":"https:\/\/diariotextual.com\/inicio\/index.php\/2020\/10\/30\/ahora-el-contacto-de-contacto-estrecho-dejara-el-aislamiento-a-los-8-dias\/"},"wordCount":262,"publisher":{"@id":"https:\/\/diariotextual.com\/inicio\/#organization"},"image":{"@id":"https:\/\/diariotextual.com\/inicio\/index.php\/2020\/10\/30\/ahora-el-contacto-de-contacto-estrecho-dejara-el-aislamiento-a-los-8-dias\/#primaryimage"},"thumbnailUrl":"https:\/\/diariotextual.com\/inicio\/wp-content\/uploads\/2020\/08\/coronavirusbusquedaactivabarrioloshornos2020-2.jpg","articleSection":["A - QUE PASA (al costado)","SOCIEDAD"],"inLanguage":"es"},{"@type":"WebPage","@id":"https:\/\/diariotextual.com\/inicio\/index.php\/2020\/10\/30\/ahora-el-contacto-de-contacto-estrecho-dejara-el-aislamiento-a-los-8-dias\/","url":"https:\/\/diariotextual.com\/inicio\/index.php\/2020\/10\/30\/ahora-el-contacto-de-contacto-estrecho-dejara-el-aislamiento-a-los-8-dias\/","name":"Ahora el contacto de contacto estrecho dejar\u00e1 el aislamiento a los 8 d\u00edas - Diario Textual","isPartOf":{"@id":"https:\/\/diariotextual.com\/inicio\/#website"},"primaryImageOfPage":{"@id":"https:\/\/diariotextual.com\/inicio\/index.php\/2020\/10\/30\/ahora-el-contacto-de-contacto-estrecho-dejara-el-aislamiento-a-los-8-dias\/#primaryimage"},"image":{"@id":"https:\/\/diariotextual.com\/inicio\/index.php\/2020\/10\/30\/ahora-el-contacto-de-contacto-estrecho-dejara-el-aislamiento-a-los-8-dias\/#primaryimage"},"thumbnailUrl":"https:\/\/diariotextual.com\/inicio\/wp-content\/uploads\/2020\/08\/coronavirusbusquedaactivabarrioloshornos2020-2.jpg","datePublished":"2020-10-30T15:19:10+00:00","dateModified":"2020-10-31T15:27:11+00:00","breadcrumb":{"@id":"https:\/\/diariotextual.com\/inicio\/index.php\/2020\/10\/30\/ahora-el-contacto-de-contacto-estrecho-dejara-el-aislamiento-a-los-8-dias\/#breadcrumb"},"inLanguage":"es","potentialAction":[{"@type":"ReadAction","target":["https:\/\/diariotextual.com\/inicio\/index.php\/2020\/10\/30\/ahora-el-contacto-de-contacto-estrecho-dejara-el-aislamiento-a-los-8-dias\/"]}]},{"@type":"ImageObject","inLanguage":"es","@id":"https:\/\/diariotextual.com\/inicio\/index.php\/2020\/10\/30\/ahora-el-contacto-de-contacto-estrecho-dejara-el-aislamiento-a-los-8-dias\/#primaryimage","url":"https:\/\/diariotextual.com\/inicio\/wp-content\/uploads\/2020\/08\/coronavirusbusquedaactivabarrioloshornos2020-2.jpg","contentUrl":"https:\/\/diariotextual.com\/inicio\/wp-content\/uploads\/2020\/08\/coronavirusbusquedaactivabarrioloshornos2020-2.jpg","width":932,"height":627},{"@type":"BreadcrumbList","@id":"https:\/\/diariotextual.com\/inicio\/index.php\/2020\/10\/30\/ahora-el-contacto-de-contacto-estrecho-dejara-el-aislamiento-a-los-8-dias\/#breadcrumb","itemListElement":[{"@type":"ListItem","position":1,"name":"Portada","item":"https:\/\/diariotextual.com\/inicio\/"},{"@type":"ListItem","position":2,"name":"Ahora el contacto de contacto estrecho dejar\u00e1 el aislamiento a los 8 d\u00edas"}]},{"@type":"WebSite","@id":"https:\/\/diariotextual.com\/inicio\/#website","url":"https:\/\/diariotextual.com\/inicio\/","name":"Diario Textual","description":"","publisher":{"@id":"https:\/\/diariotextual.com\/inicio\/#organization"},"potentialAction":[{"@type":"SearchAction","target":{"@type":"EntryPoint","urlTemplate":"https:\/\/diariotextual.com\/inicio\/?s={search_term_string}"},"query-input":{"@type":"PropertyValueSpecification","valueRequired":true,"valueName":"search_term_string"}}],"inLanguage":"es"},{"@type":"Organization","@id":"https:\/\/diariotextual.com\/inicio\/#organization","name":"Diario Textual","url":"https:\/\/diariotextual.com\/inicio\/","logo":{"@type":"ImageObject","inLanguage":"es","@id":"https:\/\/diariotextual.com\/inicio\/#\/schema\/logo\/image\/","url":"https:\/\/diariotextual.com\/inicio\/wp-content\/uploads\/2023\/05\/logotextual1.jpg","contentUrl":"https:\/\/diariotextual.com\/inicio\/wp-content\/uploads\/2023\/05\/logotextual1.jpg","width":516,"height":76,"caption":"Diario Textual"},"image":{"@id":"https:\/\/diariotextual.com\/inicio\/#\/schema\/logo\/image\/"},"sameAs":["https:\/\/www.facebook.com\/eltextual","https:\/\/x.com\/eltextual","http:\/\/www.instagram.com\/eltextual"]},{"@type":"Person","@id":"https:\/\/diariotextual.com\/inicio\/#\/schema\/person\/c7834961ad8b29b1d9cdbf4571299067","name":"diario5","image":{"@type":"ImageObject","inLanguage":"es","@id":"https:\/\/secure.gravatar.com\/avatar\/948c893b847ca6df68216ead81b63f363408ec9b0f600fefc0641ce78613b111?s=96&d=mm&r=g","url":"https:\/\/secure.gravatar.com\/avatar\/948c893b847ca6df68216ead81b63f363408ec9b0f600fefc0641ce78613b111?s=96&d=mm&r=g","contentUrl":"https:\/\/secure.gravatar.com\/avatar\/948c893b847ca6df68216ead81b63f363408ec9b0f600fefc0641ce78613b111?s=96&d=mm&r=g","caption":"diario5"},"url":"https:\/\/diariotextual.com\/inicio\/index.php\/author\/diario5\/"}]}},"_links":{"self":[{"href":"https:\/\/diariotextual.com\/inicio\/index.php\/wp-json\/wp\/v2\/posts\/119023","targetHints":{"allow":["GET"]}}],"collection":[{"href":"https:\/\/diariotextual.com\/inicio\/index.php\/wp-json\/wp\/v2\/posts"}],"about":[{"href":"https:\/\/diariotextual.com\/inicio\/index.php\/wp-json\/wp\/v2\/types\/post"}],"author":[{"embeddable":true,"href":"https:\/\/diariotextual.com\/inicio\/index.php\/wp-json\/wp\/v2\/users\/7"}],"replies":[{"embeddable":true,"href":"https:\/\/diariotextual.com\/inicio\/index.php\/wp-json\/wp\/v2\/comments?post=119023"}],"version-history":[{"count":7,"href":"https:\/\/diariotextual.com\/inicio\/index.php\/wp-json\/wp\/v2\/posts\/119023\/revisions"}],"predecessor-version":[{"id":119076,"href":"https:\/\/diariotextual.com\/inicio\/index.php\/wp-json\/wp\/v2\/posts\/119023\/revisions\/119076"}],"wp:featuredmedia":[{"embeddable":true,"href":"https:\/\/diariotextual.com\/inicio\/index.php\/wp-json\/wp\/v2\/media\/107460"}],"wp:attachment":[{"href":"https:\/\/diariotextual.com\/inicio\/index.php\/wp-json\/wp\/v2\/media?parent=119023"}],"wp:term":[{"taxonomy":"category","embeddable":true,"href":"https:\/\/diariotextual.com\/inicio\/index.php\/wp-json\/wp\/v2\/categories?post=119023"},{"taxonomy":"post_tag","embeddable":true,"href":"https:\/\/diariotextual.com\/inicio\/index.php\/wp-json\/wp\/v2\/tags?post=119023"}],"curies":[{"name":"wp","href":"https:\/\/api.w.org\/{rel}","templated":true}]}}