{"id":119053,"date":"2020-10-30T12:34:21","date_gmt":"2020-10-30T15:34:21","guid":{"rendered":"http:\/\/diariotextual.com\/inicio\/?p=119053"},"modified":"2020-10-30T19:52:39","modified_gmt":"2020-10-30T22:52:39","slug":"es-un-mito-en-el-dia-de-la-madre-no-hubo-mas-casos-de-covid-en-la-pampa","status":"publish","type":"post","link":"https:\/\/diariotextual.com\/inicio\/index.php\/2020\/10\/30\/es-un-mito-en-el-dia-de-la-madre-no-hubo-mas-casos-de-covid-en-la-pampa\/","title":{"rendered":"\u201cEs un mito. En el D\u00eda de la Madre no hubo m\u00e1s casos de covid en La Pampa\u201d"},"content":{"rendered":"\n<p>\u201c<strong>Hay que desmitificar. No hubo un aumento de contagiosidad de coronavirus por los encuentros en el D\u00eda de la Madre<\/strong>\u201d, dijeron en conferencia de prensa el gobernador Sergio Ziliotto y el ministro Rub\u00e9n Kohan.<\/p>\n\n\n\n<p>\u201cEl D\u00eda de la Madre no gener\u00f3 un aumento de casos de covid en La Pampa\u201d, dijo Kohan. \u201cNo pas\u00f3 nada diferente a lo que ven\u00eda sucediendo desde el punto de vista epidemiol\u00f3gico\u201d.<\/p>\n\n\n\n<figure class=\"wp-block-embed-wordpress wp-block-embed is-type-wp-embed is-provider-diario-textual\"><div class=\"wp-block-embed__wrapper\">\n<blockquote class=\"wp-embedded-content\" data-secret=\"u8cVlpspLv\"><a href=\"http:\/\/diariotextual.com\/inicio\/index.php\/2020\/10\/30\/ahora-el-contacto-de-contacto-estrecho-dejara-el-aislamiento-a-los-8-dias\/\">Ahora el contacto de contacto estrecho dejar\u00e1 el aislamiento a los 8 d\u00edas<\/a><\/blockquote><iframe class=\"wp-embedded-content\" sandbox=\"allow-scripts\" security=\"restricted\" style=\"position: absolute; clip: rect(1px, 1px, 1px, 1px);\" title=\"\u00abAhora el contacto de contacto estrecho dejar\u00e1 el aislamiento a los 8 d\u00edas\u00bb \u2014 Diario Textual\" src=\"http:\/\/diariotextual.com\/inicio\/index.php\/2020\/10\/30\/ahora-el-contacto-de-contacto-estrecho-dejara-el-aislamiento-a-los-8-dias\/embed\/#?secret=u8cVlpspLv\" data-secret=\"u8cVlpspLv\" width=\"600\" height=\"338\" frameborder=\"0\" marginwidth=\"0\" marginheight=\"0\" scrolling=\"no\"><\/iframe>\n<\/div><\/figure>\n\n\n\n<p><br>Dio cifras para respaldar sus dichos. \u201cEl tercer domingo de octubre fue el d\u00eda de la madre. Hab\u00eda 11 d\u00edas de tiempo de duplicaci\u00f3n. Hoy estamos en 13. No ha cambiado. Hay que desmitificar que eso cambi\u00f3 la situaci\u00f3n epidemiol\u00f3gica\u201d, sostuvo.<br><\/p>\n\n\n\n<p>Ziliotto respald\u00f3 a su ministro. \u201cSi el evento fue de gran contagiosidad, deber\u00eda haber tenido casos en toda La Pampa. Y no lo hubo\u201d, dijo. \u201cHay que desmitificar eso\u201d, insisti\u00f3.<\/p>\n\n\n\n<figure class=\"wp-block-embed-wordpress wp-block-embed is-type-wp-embed is-provider-diario-textual\"><div class=\"wp-block-embed__wrapper\">\n<blockquote class=\"wp-embedded-content\" data-secret=\"wB2tyGMiMI\"><a href=\"http:\/\/diariotextual.com\/inicio\/index.php\/2020\/10\/30\/prorrogan-la-fase-2-en-santa-rosa-pico-y-toay-y-ahora-usan-testeos-rapidos\/\">Prorrogan la Fase 2 en Santa Rosa, Pico y Toay y ahora usan testeos r\u00e1pidos<\/a><\/blockquote><iframe class=\"wp-embedded-content\" sandbox=\"allow-scripts\" security=\"restricted\" style=\"position: absolute; clip: rect(1px, 1px, 1px, 1px);\" title=\"\u00abProrrogan la Fase 2 en Santa Rosa, Pico y Toay y ahora usan testeos r\u00e1pidos\u00bb \u2014 Diario Textual\" src=\"http:\/\/diariotextual.com\/inicio\/index.php\/2020\/10\/30\/prorrogan-la-fase-2-en-santa-rosa-pico-y-toay-y-ahora-usan-testeos-rapidos\/embed\/#?secret=wB2tyGMiMI\" data-secret=\"wB2tyGMiMI\" width=\"600\" height=\"338\" frameborder=\"0\" marginwidth=\"0\" marginheight=\"0\" scrolling=\"no\"><\/iframe>\n<\/div><\/figure>\n","protected":false},"excerpt":{"rendered":"<p>\u201cHay que desmitificar. No hubo un aumento de contagiosidad de coronavirus por los encuentros en el D\u00eda de la Madre\u201d, dijeron en conferencia de prensa el gobernador Sergio Ziliotto y&hellip;<\/p>\n","protected":false},"author":3,"featured_media":119100,"comment_status":"closed","ping_status":"open","sticky":false,"template":"","format":"standard","meta":{"_acf_changed":false,"footnotes":""},"categories":[1,12],"tags":[],"class_list":["post-119053","post","type-post","status-publish","format-standard","has-post-thumbnail","hentry","category-es-noticia","category-sociedad"],"acf":[],"yoast_head":"<!-- This site is optimized with the Yoast SEO plugin v27.5 - https:\/\/yoast.com\/product\/yoast-seo-wordpress\/ -->\n<title>\u201cEs un mito. En el D\u00eda de la Madre no hubo m\u00e1s casos de covid en La Pampa\u201d - Diario Textual<\/title>\n<meta name=\"robots\" content=\"index, follow, max-snippet:-1, max-image-preview:large, max-video-preview:-1\" \/>\n<link rel=\"canonical\" href=\"https:\/\/diariotextual.com\/inicio\/index.php\/2020\/10\/30\/es-un-mito-en-el-dia-de-la-madre-no-hubo-mas-casos-de-covid-en-la-pampa\/\" \/>\n<meta property=\"og:locale\" content=\"es_ES\" \/>\n<meta property=\"og:type\" content=\"article\" \/>\n<meta property=\"og:title\" content=\"\u201cEs un mito. En el D\u00eda de la Madre no hubo m\u00e1s casos de covid en La Pampa\u201d - Diario Textual\" \/>\n<meta property=\"og:description\" content=\"\u201cHay que desmitificar. No hubo un aumento de contagiosidad de coronavirus por los encuentros en el D\u00eda de la Madre\u201d, dijeron en conferencia de prensa el gobernador Sergio Ziliotto y&hellip;\" \/>\n<meta property=\"og:url\" content=\"https:\/\/diariotextual.com\/inicio\/index.php\/2020\/10\/30\/es-un-mito-en-el-dia-de-la-madre-no-hubo-mas-casos-de-covid-en-la-pampa\/\" \/>\n<meta property=\"og:site_name\" content=\"Diario Textual\" \/>\n<meta property=\"article:publisher\" content=\"https:\/\/www.facebook.com\/eltextual\" \/>\n<meta property=\"article:published_time\" content=\"2020-10-30T15:34:21+00:00\" \/>\n<meta property=\"article:modified_time\" content=\"2020-10-30T22:52:39+00:00\" \/>\n<meta property=\"og:image\" content=\"https:\/\/diariotextual.com\/inicio\/wp-content\/uploads\/2020\/10\/ziliottokohanbertone2020-1111.jpg\" \/>\n\t<meta property=\"og:image:width\" content=\"1254\" \/>\n\t<meta property=\"og:image:height\" content=\"837\" \/>\n\t<meta property=\"og:image:type\" content=\"image\/jpeg\" \/>\n<meta name=\"author\" content=\"Diario1 Diario1\" \/>\n<meta name=\"twitter:card\" content=\"summary_large_image\" \/>\n<meta name=\"twitter:creator\" content=\"@eltextual\" \/>\n<meta name=\"twitter:site\" content=\"@eltextual\" \/>\n<meta name=\"twitter:label1\" content=\"Escrito por\" \/>\n\t<meta name=\"twitter:data1\" content=\"Diario1 Diario1\" \/>\n\t<meta name=\"twitter:label2\" content=\"Tiempo de lectura\" \/>\n\t<meta name=\"twitter:data2\" content=\"1 minuto\" \/>\n<script type=\"application\/ld+json\" class=\"yoast-schema-graph\">{\"@context\":\"https:\\\/\\\/schema.org\",\"@graph\":[{\"@type\":\"Article\",\"@id\":\"https:\\\/\\\/diariotextual.com\\\/inicio\\\/index.php\\\/2020\\\/10\\\/30\\\/es-un-mito-en-el-dia-de-la-madre-no-hubo-mas-casos-de-covid-en-la-pampa\\\/#article\",\"isPartOf\":{\"@id\":\"https:\\\/\\\/diariotextual.com\\\/inicio\\\/index.php\\\/2020\\\/10\\\/30\\\/es-un-mito-en-el-dia-de-la-madre-no-hubo-mas-casos-de-covid-en-la-pampa\\\/\"},\"author\":{\"name\":\"Diario1 Diario1\",\"@id\":\"https:\\\/\\\/diariotextual.com\\\/inicio\\\/#\\\/schema\\\/person\\\/418fc4093c33e86ed41562db3508f958\"},\"headline\":\"\u201cEs un mito. En el D\u00eda de la Madre no hubo m\u00e1s casos de covid en La Pampa\u201d\",\"datePublished\":\"2020-10-30T15:34:21+00:00\",\"dateModified\":\"2020-10-30T22:52:39+00:00\",\"mainEntityOfPage\":{\"@id\":\"https:\\\/\\\/diariotextual.com\\\/inicio\\\/index.php\\\/2020\\\/10\\\/30\\\/es-un-mito-en-el-dia-de-la-madre-no-hubo-mas-casos-de-covid-en-la-pampa\\\/\"},\"wordCount\":184,\"publisher\":{\"@id\":\"https:\\\/\\\/diariotextual.com\\\/inicio\\\/#organization\"},\"image\":{\"@id\":\"https:\\\/\\\/diariotextual.com\\\/inicio\\\/index.php\\\/2020\\\/10\\\/30\\\/es-un-mito-en-el-dia-de-la-madre-no-hubo-mas-casos-de-covid-en-la-pampa\\\/#primaryimage\"},\"thumbnailUrl\":\"https:\\\/\\\/diariotextual.com\\\/inicio\\\/wp-content\\\/uploads\\\/2020\\\/10\\\/ziliottokohanbertone2020-1111.jpg\",\"articleSection\":[\"A - ES NOTICIA (van abajo)\",\"SOCIEDAD\"],\"inLanguage\":\"es\"},{\"@type\":\"WebPage\",\"@id\":\"https:\\\/\\\/diariotextual.com\\\/inicio\\\/index.php\\\/2020\\\/10\\\/30\\\/es-un-mito-en-el-dia-de-la-madre-no-hubo-mas-casos-de-covid-en-la-pampa\\\/\",\"url\":\"https:\\\/\\\/diariotextual.com\\\/inicio\\\/index.php\\\/2020\\\/10\\\/30\\\/es-un-mito-en-el-dia-de-la-madre-no-hubo-mas-casos-de-covid-en-la-pampa\\\/\",\"name\":\"\u201cEs un mito. En el D\u00eda de la Madre no hubo m\u00e1s casos de covid en La Pampa\u201d - Diario Textual\",\"isPartOf\":{\"@id\":\"https:\\\/\\\/diariotextual.com\\\/inicio\\\/#website\"},\"primaryImageOfPage\":{\"@id\":\"https:\\\/\\\/diariotextual.com\\\/inicio\\\/index.php\\\/2020\\\/10\\\/30\\\/es-un-mito-en-el-dia-de-la-madre-no-hubo-mas-casos-de-covid-en-la-pampa\\\/#primaryimage\"},\"image\":{\"@id\":\"https:\\\/\\\/diariotextual.com\\\/inicio\\\/index.php\\\/2020\\\/10\\\/30\\\/es-un-mito-en-el-dia-de-la-madre-no-hubo-mas-casos-de-covid-en-la-pampa\\\/#primaryimage\"},\"thumbnailUrl\":\"https:\\\/\\\/diariotextual.com\\\/inicio\\\/wp-content\\\/uploads\\\/2020\\\/10\\\/ziliottokohanbertone2020-1111.jpg\",\"datePublished\":\"2020-10-30T15:34:21+00:00\",\"dateModified\":\"2020-10-30T22:52:39+00:00\",\"breadcrumb\":{\"@id\":\"https:\\\/\\\/diariotextual.com\\\/inicio\\\/index.php\\\/2020\\\/10\\\/30\\\/es-un-mito-en-el-dia-de-la-madre-no-hubo-mas-casos-de-covid-en-la-pampa\\\/#breadcrumb\"},\"inLanguage\":\"es\",\"potentialAction\":[{\"@type\":\"ReadAction\",\"target\":[\"https:\\\/\\\/diariotextual.com\\\/inicio\\\/index.php\\\/2020\\\/10\\\/30\\\/es-un-mito-en-el-dia-de-la-madre-no-hubo-mas-casos-de-covid-en-la-pampa\\\/\"]}]},{\"@type\":\"ImageObject\",\"inLanguage\":\"es\",\"@id\":\"https:\\\/\\\/diariotextual.com\\\/inicio\\\/index.php\\\/2020\\\/10\\\/30\\\/es-un-mito-en-el-dia-de-la-madre-no-hubo-mas-casos-de-covid-en-la-pampa\\\/#primaryimage\",\"url\":\"https:\\\/\\\/diariotextual.com\\\/inicio\\\/wp-content\\\/uploads\\\/2020\\\/10\\\/ziliottokohanbertone2020-1111.jpg\",\"contentUrl\":\"https:\\\/\\\/diariotextual.com\\\/inicio\\\/wp-content\\\/uploads\\\/2020\\\/10\\\/ziliottokohanbertone2020-1111.jpg\",\"width\":1254,\"height\":837},{\"@type\":\"BreadcrumbList\",\"@id\":\"https:\\\/\\\/diariotextual.com\\\/inicio\\\/index.php\\\/2020\\\/10\\\/30\\\/es-un-mito-en-el-dia-de-la-madre-no-hubo-mas-casos-de-covid-en-la-pampa\\\/#breadcrumb\",\"itemListElement\":[{\"@type\":\"ListItem\",\"position\":1,\"name\":\"Portada\",\"item\":\"https:\\\/\\\/diariotextual.com\\\/inicio\\\/\"},{\"@type\":\"ListItem\",\"position\":2,\"name\":\"\u201cEs un mito. En el D\u00eda de la Madre no hubo m\u00e1s casos de covid en La Pampa\u201d\"}]},{\"@type\":\"WebSite\",\"@id\":\"https:\\\/\\\/diariotextual.com\\\/inicio\\\/#website\",\"url\":\"https:\\\/\\\/diariotextual.com\\\/inicio\\\/\",\"name\":\"Diario Textual\",\"description\":\"\",\"publisher\":{\"@id\":\"https:\\\/\\\/diariotextual.com\\\/inicio\\\/#organization\"},\"potentialAction\":[{\"@type\":\"SearchAction\",\"target\":{\"@type\":\"EntryPoint\",\"urlTemplate\":\"https:\\\/\\\/diariotextual.com\\\/inicio\\\/?s={search_term_string}\"},\"query-input\":{\"@type\":\"PropertyValueSpecification\",\"valueRequired\":true,\"valueName\":\"search_term_string\"}}],\"inLanguage\":\"es\"},{\"@type\":\"Organization\",\"@id\":\"https:\\\/\\\/diariotextual.com\\\/inicio\\\/#organization\",\"name\":\"Diario Textual\",\"url\":\"https:\\\/\\\/diariotextual.com\\\/inicio\\\/\",\"logo\":{\"@type\":\"ImageObject\",\"inLanguage\":\"es\",\"@id\":\"https:\\\/\\\/diariotextual.com\\\/inicio\\\/#\\\/schema\\\/logo\\\/image\\\/\",\"url\":\"https:\\\/\\\/diariotextual.com\\\/inicio\\\/wp-content\\\/uploads\\\/2023\\\/05\\\/logotextual1.jpg\",\"contentUrl\":\"https:\\\/\\\/diariotextual.com\\\/inicio\\\/wp-content\\\/uploads\\\/2023\\\/05\\\/logotextual1.jpg\",\"width\":516,\"height\":76,\"caption\":\"Diario Textual\"},\"image\":{\"@id\":\"https:\\\/\\\/diariotextual.com\\\/inicio\\\/#\\\/schema\\\/logo\\\/image\\\/\"},\"sameAs\":[\"https:\\\/\\\/www.facebook.com\\\/eltextual\",\"https:\\\/\\\/x.com\\\/eltextual\",\"http:\\\/\\\/www.instagram.com\\\/eltextual\"]},{\"@type\":\"Person\",\"@id\":\"https:\\\/\\\/diariotextual.com\\\/inicio\\\/#\\\/schema\\\/person\\\/418fc4093c33e86ed41562db3508f958\",\"name\":\"Diario1 Diario1\",\"image\":{\"@type\":\"ImageObject\",\"inLanguage\":\"es\",\"@id\":\"https:\\\/\\\/secure.gravatar.com\\\/avatar\\\/9167d280179c85bc18be67aa7eda765854300033af4896dd779b608640f2ef7a?s=96&d=mm&r=g\",\"url\":\"https:\\\/\\\/secure.gravatar.com\\\/avatar\\\/9167d280179c85bc18be67aa7eda765854300033af4896dd779b608640f2ef7a?s=96&d=mm&r=g\",\"contentUrl\":\"https:\\\/\\\/secure.gravatar.com\\\/avatar\\\/9167d280179c85bc18be67aa7eda765854300033af4896dd779b608640f2ef7a?s=96&d=mm&r=g\",\"caption\":\"Diario1 Diario1\"},\"url\":\"https:\\\/\\\/diariotextual.com\\\/inicio\\\/index.php\\\/author\\\/diario1\\\/\"}]}<\/script>\n<!-- \/ Yoast SEO plugin. -->","yoast_head_json":{"title":"\u201cEs un mito. En el D\u00eda de la Madre no hubo m\u00e1s casos de covid en La Pampa\u201d - Diario Textual","robots":{"index":"index","follow":"follow","max-snippet":"max-snippet:-1","max-image-preview":"max-image-preview:large","max-video-preview":"max-video-preview:-1"},"canonical":"https:\/\/diariotextual.com\/inicio\/index.php\/2020\/10\/30\/es-un-mito-en-el-dia-de-la-madre-no-hubo-mas-casos-de-covid-en-la-pampa\/","og_locale":"es_ES","og_type":"article","og_title":"\u201cEs un mito. En el D\u00eda de la Madre no hubo m\u00e1s casos de covid en La Pampa\u201d - Diario Textual","og_description":"\u201cHay que desmitificar. No hubo un aumento de contagiosidad de coronavirus por los encuentros en el D\u00eda de la Madre\u201d, dijeron en conferencia de prensa el gobernador Sergio Ziliotto y&hellip;","og_url":"https:\/\/diariotextual.com\/inicio\/index.php\/2020\/10\/30\/es-un-mito-en-el-dia-de-la-madre-no-hubo-mas-casos-de-covid-en-la-pampa\/","og_site_name":"Diario Textual","article_publisher":"https:\/\/www.facebook.com\/eltextual","article_published_time":"2020-10-30T15:34:21+00:00","article_modified_time":"2020-10-30T22:52:39+00:00","og_image":[{"width":1254,"height":837,"url":"https:\/\/diariotextual.com\/inicio\/wp-content\/uploads\/2020\/10\/ziliottokohanbertone2020-1111.jpg","type":"image\/jpeg"}],"author":"Diario1 Diario1","twitter_card":"summary_large_image","twitter_creator":"@eltextual","twitter_site":"@eltextual","twitter_misc":{"Escrito por":"Diario1 Diario1","Tiempo de lectura":"1 minuto"},"schema":{"@context":"https:\/\/schema.org","@graph":[{"@type":"Article","@id":"https:\/\/diariotextual.com\/inicio\/index.php\/2020\/10\/30\/es-un-mito-en-el-dia-de-la-madre-no-hubo-mas-casos-de-covid-en-la-pampa\/#article","isPartOf":{"@id":"https:\/\/diariotextual.com\/inicio\/index.php\/2020\/10\/30\/es-un-mito-en-el-dia-de-la-madre-no-hubo-mas-casos-de-covid-en-la-pampa\/"},"author":{"name":"Diario1 Diario1","@id":"https:\/\/diariotextual.com\/inicio\/#\/schema\/person\/418fc4093c33e86ed41562db3508f958"},"headline":"\u201cEs un mito. En el D\u00eda de la Madre no hubo m\u00e1s casos de covid en La Pampa\u201d","datePublished":"2020-10-30T15:34:21+00:00","dateModified":"2020-10-30T22:52:39+00:00","mainEntityOfPage":{"@id":"https:\/\/diariotextual.com\/inicio\/index.php\/2020\/10\/30\/es-un-mito-en-el-dia-de-la-madre-no-hubo-mas-casos-de-covid-en-la-pampa\/"},"wordCount":184,"publisher":{"@id":"https:\/\/diariotextual.com\/inicio\/#organization"},"image":{"@id":"https:\/\/diariotextual.com\/inicio\/index.php\/2020\/10\/30\/es-un-mito-en-el-dia-de-la-madre-no-hubo-mas-casos-de-covid-en-la-pampa\/#primaryimage"},"thumbnailUrl":"https:\/\/diariotextual.com\/inicio\/wp-content\/uploads\/2020\/10\/ziliottokohanbertone2020-1111.jpg","articleSection":["A - ES NOTICIA (van abajo)","SOCIEDAD"],"inLanguage":"es"},{"@type":"WebPage","@id":"https:\/\/diariotextual.com\/inicio\/index.php\/2020\/10\/30\/es-un-mito-en-el-dia-de-la-madre-no-hubo-mas-casos-de-covid-en-la-pampa\/","url":"https:\/\/diariotextual.com\/inicio\/index.php\/2020\/10\/30\/es-un-mito-en-el-dia-de-la-madre-no-hubo-mas-casos-de-covid-en-la-pampa\/","name":"\u201cEs un mito. En el D\u00eda de la Madre no hubo m\u00e1s casos de covid en La Pampa\u201d - Diario Textual","isPartOf":{"@id":"https:\/\/diariotextual.com\/inicio\/#website"},"primaryImageOfPage":{"@id":"https:\/\/diariotextual.com\/inicio\/index.php\/2020\/10\/30\/es-un-mito-en-el-dia-de-la-madre-no-hubo-mas-casos-de-covid-en-la-pampa\/#primaryimage"},"image":{"@id":"https:\/\/diariotextual.com\/inicio\/index.php\/2020\/10\/30\/es-un-mito-en-el-dia-de-la-madre-no-hubo-mas-casos-de-covid-en-la-pampa\/#primaryimage"},"thumbnailUrl":"https:\/\/diariotextual.com\/inicio\/wp-content\/uploads\/2020\/10\/ziliottokohanbertone2020-1111.jpg","datePublished":"2020-10-30T15:34:21+00:00","dateModified":"2020-10-30T22:52:39+00:00","breadcrumb":{"@id":"https:\/\/diariotextual.com\/inicio\/index.php\/2020\/10\/30\/es-un-mito-en-el-dia-de-la-madre-no-hubo-mas-casos-de-covid-en-la-pampa\/#breadcrumb"},"inLanguage":"es","potentialAction":[{"@type":"ReadAction","target":["https:\/\/diariotextual.com\/inicio\/index.php\/2020\/10\/30\/es-un-mito-en-el-dia-de-la-madre-no-hubo-mas-casos-de-covid-en-la-pampa\/"]}]},{"@type":"ImageObject","inLanguage":"es","@id":"https:\/\/diariotextual.com\/inicio\/index.php\/2020\/10\/30\/es-un-mito-en-el-dia-de-la-madre-no-hubo-mas-casos-de-covid-en-la-pampa\/#primaryimage","url":"https:\/\/diariotextual.com\/inicio\/wp-content\/uploads\/2020\/10\/ziliottokohanbertone2020-1111.jpg","contentUrl":"https:\/\/diariotextual.com\/inicio\/wp-content\/uploads\/2020\/10\/ziliottokohanbertone2020-1111.jpg","width":1254,"height":837},{"@type":"BreadcrumbList","@id":"https:\/\/diariotextual.com\/inicio\/index.php\/2020\/10\/30\/es-un-mito-en-el-dia-de-la-madre-no-hubo-mas-casos-de-covid-en-la-pampa\/#breadcrumb","itemListElement":[{"@type":"ListItem","position":1,"name":"Portada","item":"https:\/\/diariotextual.com\/inicio\/"},{"@type":"ListItem","position":2,"name":"\u201cEs un mito. En el D\u00eda de la Madre no hubo m\u00e1s casos de covid en La Pampa\u201d"}]},{"@type":"WebSite","@id":"https:\/\/diariotextual.com\/inicio\/#website","url":"https:\/\/diariotextual.com\/inicio\/","name":"Diario Textual","description":"","publisher":{"@id":"https:\/\/diariotextual.com\/inicio\/#organization"},"potentialAction":[{"@type":"SearchAction","target":{"@type":"EntryPoint","urlTemplate":"https:\/\/diariotextual.com\/inicio\/?s={search_term_string}"},"query-input":{"@type":"PropertyValueSpecification","valueRequired":true,"valueName":"search_term_string"}}],"inLanguage":"es"},{"@type":"Organization","@id":"https:\/\/diariotextual.com\/inicio\/#organization","name":"Diario Textual","url":"https:\/\/diariotextual.com\/inicio\/","logo":{"@type":"ImageObject","inLanguage":"es","@id":"https:\/\/diariotextual.com\/inicio\/#\/schema\/logo\/image\/","url":"https:\/\/diariotextual.com\/inicio\/wp-content\/uploads\/2023\/05\/logotextual1.jpg","contentUrl":"https:\/\/diariotextual.com\/inicio\/wp-content\/uploads\/2023\/05\/logotextual1.jpg","width":516,"height":76,"caption":"Diario Textual"},"image":{"@id":"https:\/\/diariotextual.com\/inicio\/#\/schema\/logo\/image\/"},"sameAs":["https:\/\/www.facebook.com\/eltextual","https:\/\/x.com\/eltextual","http:\/\/www.instagram.com\/eltextual"]},{"@type":"Person","@id":"https:\/\/diariotextual.com\/inicio\/#\/schema\/person\/418fc4093c33e86ed41562db3508f958","name":"Diario1 Diario1","image":{"@type":"ImageObject","inLanguage":"es","@id":"https:\/\/secure.gravatar.com\/avatar\/9167d280179c85bc18be67aa7eda765854300033af4896dd779b608640f2ef7a?s=96&d=mm&r=g","url":"https:\/\/secure.gravatar.com\/avatar\/9167d280179c85bc18be67aa7eda765854300033af4896dd779b608640f2ef7a?s=96&d=mm&r=g","contentUrl":"https:\/\/secure.gravatar.com\/avatar\/9167d280179c85bc18be67aa7eda765854300033af4896dd779b608640f2ef7a?s=96&d=mm&r=g","caption":"Diario1 Diario1"},"url":"https:\/\/diariotextual.com\/inicio\/index.php\/author\/diario1\/"}]}},"_links":{"self":[{"href":"https:\/\/diariotextual.com\/inicio\/index.php\/wp-json\/wp\/v2\/posts\/119053","targetHints":{"allow":["GET"]}}],"collection":[{"href":"https:\/\/diariotextual.com\/inicio\/index.php\/wp-json\/wp\/v2\/posts"}],"about":[{"href":"https:\/\/diariotextual.com\/inicio\/index.php\/wp-json\/wp\/v2\/types\/post"}],"author":[{"embeddable":true,"href":"https:\/\/diariotextual.com\/inicio\/index.php\/wp-json\/wp\/v2\/users\/3"}],"replies":[{"embeddable":true,"href":"https:\/\/diariotextual.com\/inicio\/index.php\/wp-json\/wp\/v2\/comments?post=119053"}],"version-history":[{"count":3,"href":"https:\/\/diariotextual.com\/inicio\/index.php\/wp-json\/wp\/v2\/posts\/119053\/revisions"}],"predecessor-version":[{"id":119056,"href":"https:\/\/diariotextual.com\/inicio\/index.php\/wp-json\/wp\/v2\/posts\/119053\/revisions\/119056"}],"wp:featuredmedia":[{"embeddable":true,"href":"https:\/\/diariotextual.com\/inicio\/index.php\/wp-json\/wp\/v2\/media\/119100"}],"wp:attachment":[{"href":"https:\/\/diariotextual.com\/inicio\/index.php\/wp-json\/wp\/v2\/media?parent=119053"}],"wp:term":[{"taxonomy":"category","embeddable":true,"href":"https:\/\/diariotextual.com\/inicio\/index.php\/wp-json\/wp\/v2\/categories?post=119053"},{"taxonomy":"post_tag","embeddable":true,"href":"https:\/\/diariotextual.com\/inicio\/index.php\/wp-json\/wp\/v2\/tags?post=119053"}],"curies":[{"name":"wp","href":"https:\/\/api.w.org\/{rel}","templated":true}]}}