{"id":119087,"date":"2020-10-30T15:02:52","date_gmt":"2020-10-30T18:02:52","guid":{"rendered":"http:\/\/diariotextual.com\/inicio\/?p=119087"},"modified":"2020-10-30T15:03:53","modified_gmt":"2020-10-30T18:03:53","slug":"maquieyra-no-leyo-el-dictamen-final-la-pampa-va-a-tener-863-millones-para-viviendas","status":"publish","type":"post","link":"https:\/\/diariotextual.com\/inicio\/index.php\/2020\/10\/30\/maquieyra-no-leyo-el-dictamen-final-la-pampa-va-a-tener-863-millones-para-viviendas\/","title":{"rendered":"\u201cMaquieyra no ley\u00f3 el dictamen final, La Pampa va a tener 863 millones para viviendas\u201d"},"content":{"rendered":"\n<p>El <strong>diputado nacional Ariel Rauschenberger (Frente de Todos) refut\u00f3 las declaraciones de su par del PRO, Mart\u00edn Maquieyra<\/strong>, y asegur\u00f3 que nuestra provincia <strong>va a tener para el 2021 unos 863 millones en el fideicomiso para hacer viviendas<\/strong>, adem\u00e1s de 141 millones para las urbanizaciones de suelos.<\/p>\n\n\n\n<p>Mart\u00edn Maquieyra hab\u00eda calificado como de \u00abescasos\u00bb los fondos contemplados para La Pampa en el proyecto de presupuesto 2021, para construir casas. \u201c<strong>No son 288 millones como dijo, no ley\u00f3 el dictamen final en el presupuesto que se aprob\u00f3 de madrugada<\/strong>. Logramos incorporar, luego de distintas negociaciones,<strong> 863 millones para viviendas, adem\u00e1s de tener 141 millones para urbanizaci\u00f3n de suelos, que es el paso necesario para construir las viviendas<\/strong>\u201d, explic\u00f3 el diputado del PJ pampeano a Diario Textual.<\/p>\n\n\n\n<figure class=\"wp-block-embed-wordpress wp-block-embed is-type-wp-embed is-provider-diario-textual\"><div class=\"wp-block-embed__wrapper\">\n<blockquote class=\"wp-embedded-content\" data-secret=\"Smr3FIT2IO\"><a href=\"http:\/\/diariotextual.com\/inicio\/index.php\/2020\/10\/29\/presupuesto-2021-maquieyra-cuestiono-escasez-de-fondos-para-viviendas\/\">Presupuesto 2021: Maquieyra ahora cuestion\u00f3 \u201cescasez\u201d de fondos para casas<\/a><\/blockquote><iframe class=\"wp-embedded-content\" sandbox=\"allow-scripts\" security=\"restricted\" style=\"position: absolute; clip: rect(1px, 1px, 1px, 1px);\" title=\"\u00abPresupuesto 2021: Maquieyra ahora cuestion\u00f3 \u201cescasez\u201d de fondos para casas\u00bb \u2014 Diario Textual\" src=\"http:\/\/diariotextual.com\/inicio\/index.php\/2020\/10\/29\/presupuesto-2021-maquieyra-cuestiono-escasez-de-fondos-para-viviendas\/embed\/#?secret=Smr3FIT2IO\" data-secret=\"Smr3FIT2IO\" width=\"600\" height=\"338\" frameborder=\"0\" marginwidth=\"0\" marginheight=\"0\" scrolling=\"no\"><\/iframe>\n<\/div><\/figure>\n\n\n\n<p>\u201cY<strong> esta preocupaci\u00f3n que muestra como diputado opositor me hubiera gustado que cuando siendo oficialista (durante el gobierno de Mauricio Macri), podr\u00eda haber gestionado alguna vivienda para la provincia o terminar alguno de los tres jardines que el expresidente prometi\u00f3<\/strong>, que quedaron a mitad de camino y ahora se est\u00e1 terminando gracias a la intervenci\u00f3n de la Provincia con el Gobierno Nacional\u201d, afirm\u00f3.<\/p>\n\n\n\n<p>Rauschenberger se mostr\u00f3 <strong>satisfecho con la aprobaci\u00f3n del proyecto de presupuesto: \u201cAhora, con el exitoso canje de deuda, se pudo redireccionar los recursos. Lo que no se va a pagar la deuda, se va a destinar a la producci\u00f3n, trabajo, obras p\u00fablicas<\/strong> y a la inversi\u00f3n en viviendas y rutas, que van a generar trabajo. Es un presupuesto de transici\u00f3n hacia una recuperaci\u00f3n econ\u00f3mica. Adem\u00e1s, se destinar\u00e1n fondos para la ley de Financiamiento Educativo, que no se cumpl\u00eda desde el 2015\u201d.<\/p>\n\n\n\n<p>\u201cEn el caso de <strong>La Pampa, podemos decir, que s\u00ed estamos incluidos, que somos parte de la Argentina, que tendremos obras <\/strong>y respuestas a problemas que tenemos los pampeanos\u201d, agreg\u00f3 el legislador nacional.<\/p>\n\n\n\n<p>Con relaci\u00f3n <strong>al impuesto a las grandes fortunas, Rauschenberger dijo que est\u00e1 a consideraci\u00f3n de las autoridades de la C\u00e1mara de Diputados para tratarlo en el recinto<\/strong>. \u201cYa tuvo dictamen favorable de nuestra parte\u201d, expres\u00f3.<\/p>\n\n\n\n<figure class=\"wp-block-embed-wordpress wp-block-embed is-type-wp-embed is-provider-diario-textual\"><div class=\"wp-block-embed__wrapper\">\n<blockquote class=\"wp-embedded-content\" data-secret=\"lWkSHHtK7r\"><a href=\"http:\/\/diariotextual.com\/inicio\/index.php\/2020\/08\/28\/el-frente-de-todos-ingresa-este-viernes-el-proyecto-de-impuesto-a-las-grandes-fortunas\/\">El oficialismo envi\u00f3, con la firma de Rauschenberger, la ley del impuesto a la riqueza<\/a><\/blockquote><iframe class=\"wp-embedded-content\" sandbox=\"allow-scripts\" security=\"restricted\" style=\"position: absolute; clip: rect(1px, 1px, 1px, 1px);\" title=\"\u00abEl oficialismo envi\u00f3, con la firma de Rauschenberger, la ley del impuesto a la riqueza\u00bb \u2014 Diario Textual\" src=\"http:\/\/diariotextual.com\/inicio\/index.php\/2020\/08\/28\/el-frente-de-todos-ingresa-este-viernes-el-proyecto-de-impuesto-a-las-grandes-fortunas\/embed\/#?secret=lWkSHHtK7r\" data-secret=\"lWkSHHtK7r\" width=\"600\" height=\"338\" frameborder=\"0\" marginwidth=\"0\" marginheight=\"0\" scrolling=\"no\"><\/iframe>\n<\/div><\/figure>\n","protected":false},"excerpt":{"rendered":"<p>El diputado nacional Ariel Rauschenberger (Frente de Todos) refut\u00f3 las declaraciones de su par del PRO, Mart\u00edn Maquieyra, y asegur\u00f3 que nuestra provincia va a tener para el 2021 unos&hellip;<\/p>\n","protected":false},"author":5,"featured_media":104818,"comment_status":"closed","ping_status":"open","sticky":false,"template":"","format":"standard","meta":{"_acf_changed":false,"footnotes":""},"categories":[4,8],"tags":[381,434,1023],"class_list":["post-119087","post","type-post","status-publish","format-standard","has-post-thumbnail","hentry","category-destacadas","category-politica","tag-maquieyra","tag-rauschenberger","tag-viviendas"],"acf":[],"yoast_head":"<!-- This site is optimized with the Yoast SEO plugin v27.5 - https:\/\/yoast.com\/product\/yoast-seo-wordpress\/ -->\n<title>\u201cMaquieyra no ley\u00f3 el dictamen final, La Pampa va a tener 863 millones para viviendas\u201d - Diario Textual<\/title>\n<meta name=\"robots\" content=\"index, follow, max-snippet:-1, max-image-preview:large, max-video-preview:-1\" \/>\n<link rel=\"canonical\" href=\"https:\/\/diariotextual.com\/inicio\/index.php\/2020\/10\/30\/maquieyra-no-leyo-el-dictamen-final-la-pampa-va-a-tener-863-millones-para-viviendas\/\" \/>\n<meta property=\"og:locale\" content=\"es_ES\" \/>\n<meta property=\"og:type\" content=\"article\" \/>\n<meta property=\"og:title\" content=\"\u201cMaquieyra no ley\u00f3 el dictamen final, La Pampa va a tener 863 millones para viviendas\u201d - Diario Textual\" \/>\n<meta property=\"og:description\" content=\"El diputado nacional Ariel Rauschenberger (Frente de Todos) refut\u00f3 las declaraciones de su par del PRO, Mart\u00edn Maquieyra, y asegur\u00f3 que nuestra provincia va a tener para el 2021 unos&hellip;\" \/>\n<meta property=\"og:url\" content=\"https:\/\/diariotextual.com\/inicio\/index.php\/2020\/10\/30\/maquieyra-no-leyo-el-dictamen-final-la-pampa-va-a-tener-863-millones-para-viviendas\/\" \/>\n<meta property=\"og:site_name\" content=\"Diario Textual\" \/>\n<meta property=\"article:publisher\" content=\"https:\/\/www.facebook.com\/eltextual\" \/>\n<meta property=\"article:published_time\" content=\"2020-10-30T18:02:52+00:00\" \/>\n<meta property=\"article:modified_time\" content=\"2020-10-30T18:03:53+00:00\" \/>\n<meta property=\"og:image\" content=\"https:\/\/diariotextual.com\/inicio\/wp-content\/uploads\/2020\/08\/RauschenbergerArielzoom.jpg\" \/>\n\t<meta property=\"og:image:width\" content=\"823\" \/>\n\t<meta property=\"og:image:height\" content=\"495\" \/>\n\t<meta property=\"og:image:type\" content=\"image\/jpeg\" \/>\n<meta name=\"author\" content=\"diario3\" \/>\n<meta name=\"twitter:card\" content=\"summary_large_image\" \/>\n<meta name=\"twitter:creator\" content=\"@eltextual\" \/>\n<meta name=\"twitter:site\" content=\"@eltextual\" \/>\n<meta name=\"twitter:label1\" content=\"Escrito por\" \/>\n\t<meta name=\"twitter:data1\" content=\"diario3\" \/>\n\t<meta name=\"twitter:label2\" content=\"Tiempo de lectura\" \/>\n\t<meta name=\"twitter:data2\" content=\"2 minutos\" \/>\n<script type=\"application\/ld+json\" class=\"yoast-schema-graph\">{\"@context\":\"https:\\\/\\\/schema.org\",\"@graph\":[{\"@type\":\"Article\",\"@id\":\"https:\\\/\\\/diariotextual.com\\\/inicio\\\/index.php\\\/2020\\\/10\\\/30\\\/maquieyra-no-leyo-el-dictamen-final-la-pampa-va-a-tener-863-millones-para-viviendas\\\/#article\",\"isPartOf\":{\"@id\":\"https:\\\/\\\/diariotextual.com\\\/inicio\\\/index.php\\\/2020\\\/10\\\/30\\\/maquieyra-no-leyo-el-dictamen-final-la-pampa-va-a-tener-863-millones-para-viviendas\\\/\"},\"author\":{\"name\":\"diario3\",\"@id\":\"https:\\\/\\\/diariotextual.com\\\/inicio\\\/#\\\/schema\\\/person\\\/a1b6f563e0ee944c60f98119389a4d9f\"},\"headline\":\"\u201cMaquieyra no ley\u00f3 el dictamen final, La Pampa va a tener 863 millones para viviendas\u201d\",\"datePublished\":\"2020-10-30T18:02:52+00:00\",\"dateModified\":\"2020-10-30T18:03:53+00:00\",\"mainEntityOfPage\":{\"@id\":\"https:\\\/\\\/diariotextual.com\\\/inicio\\\/index.php\\\/2020\\\/10\\\/30\\\/maquieyra-no-leyo-el-dictamen-final-la-pampa-va-a-tener-863-millones-para-viviendas\\\/\"},\"wordCount\":380,\"publisher\":{\"@id\":\"https:\\\/\\\/diariotextual.com\\\/inicio\\\/#organization\"},\"image\":{\"@id\":\"https:\\\/\\\/diariotextual.com\\\/inicio\\\/index.php\\\/2020\\\/10\\\/30\\\/maquieyra-no-leyo-el-dictamen-final-la-pampa-va-a-tener-863-millones-para-viviendas\\\/#primaryimage\"},\"thumbnailUrl\":\"https:\\\/\\\/diariotextual.com\\\/inicio\\\/wp-content\\\/uploads\\\/2020\\\/08\\\/RauschenbergerArielzoom.jpg\",\"keywords\":[\"maquieyra\",\"rauschenberger\",\"viviendas\"],\"articleSection\":[\"A - DESTACADAS (mod 16)\",\"POLITICA\"],\"inLanguage\":\"es\"},{\"@type\":\"WebPage\",\"@id\":\"https:\\\/\\\/diariotextual.com\\\/inicio\\\/index.php\\\/2020\\\/10\\\/30\\\/maquieyra-no-leyo-el-dictamen-final-la-pampa-va-a-tener-863-millones-para-viviendas\\\/\",\"url\":\"https:\\\/\\\/diariotextual.com\\\/inicio\\\/index.php\\\/2020\\\/10\\\/30\\\/maquieyra-no-leyo-el-dictamen-final-la-pampa-va-a-tener-863-millones-para-viviendas\\\/\",\"name\":\"\u201cMaquieyra no ley\u00f3 el dictamen final, La Pampa va a tener 863 millones para viviendas\u201d - Diario Textual\",\"isPartOf\":{\"@id\":\"https:\\\/\\\/diariotextual.com\\\/inicio\\\/#website\"},\"primaryImageOfPage\":{\"@id\":\"https:\\\/\\\/diariotextual.com\\\/inicio\\\/index.php\\\/2020\\\/10\\\/30\\\/maquieyra-no-leyo-el-dictamen-final-la-pampa-va-a-tener-863-millones-para-viviendas\\\/#primaryimage\"},\"image\":{\"@id\":\"https:\\\/\\\/diariotextual.com\\\/inicio\\\/index.php\\\/2020\\\/10\\\/30\\\/maquieyra-no-leyo-el-dictamen-final-la-pampa-va-a-tener-863-millones-para-viviendas\\\/#primaryimage\"},\"thumbnailUrl\":\"https:\\\/\\\/diariotextual.com\\\/inicio\\\/wp-content\\\/uploads\\\/2020\\\/08\\\/RauschenbergerArielzoom.jpg\",\"datePublished\":\"2020-10-30T18:02:52+00:00\",\"dateModified\":\"2020-10-30T18:03:53+00:00\",\"breadcrumb\":{\"@id\":\"https:\\\/\\\/diariotextual.com\\\/inicio\\\/index.php\\\/2020\\\/10\\\/30\\\/maquieyra-no-leyo-el-dictamen-final-la-pampa-va-a-tener-863-millones-para-viviendas\\\/#breadcrumb\"},\"inLanguage\":\"es\",\"potentialAction\":[{\"@type\":\"ReadAction\",\"target\":[\"https:\\\/\\\/diariotextual.com\\\/inicio\\\/index.php\\\/2020\\\/10\\\/30\\\/maquieyra-no-leyo-el-dictamen-final-la-pampa-va-a-tener-863-millones-para-viviendas\\\/\"]}]},{\"@type\":\"ImageObject\",\"inLanguage\":\"es\",\"@id\":\"https:\\\/\\\/diariotextual.com\\\/inicio\\\/index.php\\\/2020\\\/10\\\/30\\\/maquieyra-no-leyo-el-dictamen-final-la-pampa-va-a-tener-863-millones-para-viviendas\\\/#primaryimage\",\"url\":\"https:\\\/\\\/diariotextual.com\\\/inicio\\\/wp-content\\\/uploads\\\/2020\\\/08\\\/RauschenbergerArielzoom.jpg\",\"contentUrl\":\"https:\\\/\\\/diariotextual.com\\\/inicio\\\/wp-content\\\/uploads\\\/2020\\\/08\\\/RauschenbergerArielzoom.jpg\",\"width\":823,\"height\":495},{\"@type\":\"BreadcrumbList\",\"@id\":\"https:\\\/\\\/diariotextual.com\\\/inicio\\\/index.php\\\/2020\\\/10\\\/30\\\/maquieyra-no-leyo-el-dictamen-final-la-pampa-va-a-tener-863-millones-para-viviendas\\\/#breadcrumb\",\"itemListElement\":[{\"@type\":\"ListItem\",\"position\":1,\"name\":\"Portada\",\"item\":\"https:\\\/\\\/diariotextual.com\\\/inicio\\\/\"},{\"@type\":\"ListItem\",\"position\":2,\"name\":\"\u201cMaquieyra no ley\u00f3 el dictamen final, La Pampa va a tener 863 millones para viviendas\u201d\"}]},{\"@type\":\"WebSite\",\"@id\":\"https:\\\/\\\/diariotextual.com\\\/inicio\\\/#website\",\"url\":\"https:\\\/\\\/diariotextual.com\\\/inicio\\\/\",\"name\":\"Diario Textual\",\"description\":\"\",\"publisher\":{\"@id\":\"https:\\\/\\\/diariotextual.com\\\/inicio\\\/#organization\"},\"potentialAction\":[{\"@type\":\"SearchAction\",\"target\":{\"@type\":\"EntryPoint\",\"urlTemplate\":\"https:\\\/\\\/diariotextual.com\\\/inicio\\\/?s={search_term_string}\"},\"query-input\":{\"@type\":\"PropertyValueSpecification\",\"valueRequired\":true,\"valueName\":\"search_term_string\"}}],\"inLanguage\":\"es\"},{\"@type\":\"Organization\",\"@id\":\"https:\\\/\\\/diariotextual.com\\\/inicio\\\/#organization\",\"name\":\"Diario Textual\",\"url\":\"https:\\\/\\\/diariotextual.com\\\/inicio\\\/\",\"logo\":{\"@type\":\"ImageObject\",\"inLanguage\":\"es\",\"@id\":\"https:\\\/\\\/diariotextual.com\\\/inicio\\\/#\\\/schema\\\/logo\\\/image\\\/\",\"url\":\"https:\\\/\\\/diariotextual.com\\\/inicio\\\/wp-content\\\/uploads\\\/2023\\\/05\\\/logotextual1.jpg\",\"contentUrl\":\"https:\\\/\\\/diariotextual.com\\\/inicio\\\/wp-content\\\/uploads\\\/2023\\\/05\\\/logotextual1.jpg\",\"width\":516,\"height\":76,\"caption\":\"Diario Textual\"},\"image\":{\"@id\":\"https:\\\/\\\/diariotextual.com\\\/inicio\\\/#\\\/schema\\\/logo\\\/image\\\/\"},\"sameAs\":[\"https:\\\/\\\/www.facebook.com\\\/eltextual\",\"https:\\\/\\\/x.com\\\/eltextual\",\"http:\\\/\\\/www.instagram.com\\\/eltextual\"]},{\"@type\":\"Person\",\"@id\":\"https:\\\/\\\/diariotextual.com\\\/inicio\\\/#\\\/schema\\\/person\\\/a1b6f563e0ee944c60f98119389a4d9f\",\"name\":\"diario3\",\"image\":{\"@type\":\"ImageObject\",\"inLanguage\":\"es\",\"@id\":\"https:\\\/\\\/secure.gravatar.com\\\/avatar\\\/5e7ee62c82fc04d9dd79d746a390d93c69c43223e5faeeb3ea9461ef752bfc5d?s=96&d=mm&r=g\",\"url\":\"https:\\\/\\\/secure.gravatar.com\\\/avatar\\\/5e7ee62c82fc04d9dd79d746a390d93c69c43223e5faeeb3ea9461ef752bfc5d?s=96&d=mm&r=g\",\"contentUrl\":\"https:\\\/\\\/secure.gravatar.com\\\/avatar\\\/5e7ee62c82fc04d9dd79d746a390d93c69c43223e5faeeb3ea9461ef752bfc5d?s=96&d=mm&r=g\",\"caption\":\"diario3\"},\"url\":\"https:\\\/\\\/diariotextual.com\\\/inicio\\\/index.php\\\/author\\\/diario3\\\/\"}]}<\/script>\n<!-- \/ Yoast SEO plugin. -->","yoast_head_json":{"title":"\u201cMaquieyra no ley\u00f3 el dictamen final, La Pampa va a tener 863 millones para viviendas\u201d - Diario Textual","robots":{"index":"index","follow":"follow","max-snippet":"max-snippet:-1","max-image-preview":"max-image-preview:large","max-video-preview":"max-video-preview:-1"},"canonical":"https:\/\/diariotextual.com\/inicio\/index.php\/2020\/10\/30\/maquieyra-no-leyo-el-dictamen-final-la-pampa-va-a-tener-863-millones-para-viviendas\/","og_locale":"es_ES","og_type":"article","og_title":"\u201cMaquieyra no ley\u00f3 el dictamen final, La Pampa va a tener 863 millones para viviendas\u201d - Diario Textual","og_description":"El diputado nacional Ariel Rauschenberger (Frente de Todos) refut\u00f3 las declaraciones de su par del PRO, Mart\u00edn Maquieyra, y asegur\u00f3 que nuestra provincia va a tener para el 2021 unos&hellip;","og_url":"https:\/\/diariotextual.com\/inicio\/index.php\/2020\/10\/30\/maquieyra-no-leyo-el-dictamen-final-la-pampa-va-a-tener-863-millones-para-viviendas\/","og_site_name":"Diario Textual","article_publisher":"https:\/\/www.facebook.com\/eltextual","article_published_time":"2020-10-30T18:02:52+00:00","article_modified_time":"2020-10-30T18:03:53+00:00","og_image":[{"width":823,"height":495,"url":"https:\/\/diariotextual.com\/inicio\/wp-content\/uploads\/2020\/08\/RauschenbergerArielzoom.jpg","type":"image\/jpeg"}],"author":"diario3","twitter_card":"summary_large_image","twitter_creator":"@eltextual","twitter_site":"@eltextual","twitter_misc":{"Escrito por":"diario3","Tiempo de lectura":"2 minutos"},"schema":{"@context":"https:\/\/schema.org","@graph":[{"@type":"Article","@id":"https:\/\/diariotextual.com\/inicio\/index.php\/2020\/10\/30\/maquieyra-no-leyo-el-dictamen-final-la-pampa-va-a-tener-863-millones-para-viviendas\/#article","isPartOf":{"@id":"https:\/\/diariotextual.com\/inicio\/index.php\/2020\/10\/30\/maquieyra-no-leyo-el-dictamen-final-la-pampa-va-a-tener-863-millones-para-viviendas\/"},"author":{"name":"diario3","@id":"https:\/\/diariotextual.com\/inicio\/#\/schema\/person\/a1b6f563e0ee944c60f98119389a4d9f"},"headline":"\u201cMaquieyra no ley\u00f3 el dictamen final, La Pampa va a tener 863 millones para viviendas\u201d","datePublished":"2020-10-30T18:02:52+00:00","dateModified":"2020-10-30T18:03:53+00:00","mainEntityOfPage":{"@id":"https:\/\/diariotextual.com\/inicio\/index.php\/2020\/10\/30\/maquieyra-no-leyo-el-dictamen-final-la-pampa-va-a-tener-863-millones-para-viviendas\/"},"wordCount":380,"publisher":{"@id":"https:\/\/diariotextual.com\/inicio\/#organization"},"image":{"@id":"https:\/\/diariotextual.com\/inicio\/index.php\/2020\/10\/30\/maquieyra-no-leyo-el-dictamen-final-la-pampa-va-a-tener-863-millones-para-viviendas\/#primaryimage"},"thumbnailUrl":"https:\/\/diariotextual.com\/inicio\/wp-content\/uploads\/2020\/08\/RauschenbergerArielzoom.jpg","keywords":["maquieyra","rauschenberger","viviendas"],"articleSection":["A - DESTACADAS (mod 16)","POLITICA"],"inLanguage":"es"},{"@type":"WebPage","@id":"https:\/\/diariotextual.com\/inicio\/index.php\/2020\/10\/30\/maquieyra-no-leyo-el-dictamen-final-la-pampa-va-a-tener-863-millones-para-viviendas\/","url":"https:\/\/diariotextual.com\/inicio\/index.php\/2020\/10\/30\/maquieyra-no-leyo-el-dictamen-final-la-pampa-va-a-tener-863-millones-para-viviendas\/","name":"\u201cMaquieyra no ley\u00f3 el dictamen final, La Pampa va a tener 863 millones para viviendas\u201d - Diario Textual","isPartOf":{"@id":"https:\/\/diariotextual.com\/inicio\/#website"},"primaryImageOfPage":{"@id":"https:\/\/diariotextual.com\/inicio\/index.php\/2020\/10\/30\/maquieyra-no-leyo-el-dictamen-final-la-pampa-va-a-tener-863-millones-para-viviendas\/#primaryimage"},"image":{"@id":"https:\/\/diariotextual.com\/inicio\/index.php\/2020\/10\/30\/maquieyra-no-leyo-el-dictamen-final-la-pampa-va-a-tener-863-millones-para-viviendas\/#primaryimage"},"thumbnailUrl":"https:\/\/diariotextual.com\/inicio\/wp-content\/uploads\/2020\/08\/RauschenbergerArielzoom.jpg","datePublished":"2020-10-30T18:02:52+00:00","dateModified":"2020-10-30T18:03:53+00:00","breadcrumb":{"@id":"https:\/\/diariotextual.com\/inicio\/index.php\/2020\/10\/30\/maquieyra-no-leyo-el-dictamen-final-la-pampa-va-a-tener-863-millones-para-viviendas\/#breadcrumb"},"inLanguage":"es","potentialAction":[{"@type":"ReadAction","target":["https:\/\/diariotextual.com\/inicio\/index.php\/2020\/10\/30\/maquieyra-no-leyo-el-dictamen-final-la-pampa-va-a-tener-863-millones-para-viviendas\/"]}]},{"@type":"ImageObject","inLanguage":"es","@id":"https:\/\/diariotextual.com\/inicio\/index.php\/2020\/10\/30\/maquieyra-no-leyo-el-dictamen-final-la-pampa-va-a-tener-863-millones-para-viviendas\/#primaryimage","url":"https:\/\/diariotextual.com\/inicio\/wp-content\/uploads\/2020\/08\/RauschenbergerArielzoom.jpg","contentUrl":"https:\/\/diariotextual.com\/inicio\/wp-content\/uploads\/2020\/08\/RauschenbergerArielzoom.jpg","width":823,"height":495},{"@type":"BreadcrumbList","@id":"https:\/\/diariotextual.com\/inicio\/index.php\/2020\/10\/30\/maquieyra-no-leyo-el-dictamen-final-la-pampa-va-a-tener-863-millones-para-viviendas\/#breadcrumb","itemListElement":[{"@type":"ListItem","position":1,"name":"Portada","item":"https:\/\/diariotextual.com\/inicio\/"},{"@type":"ListItem","position":2,"name":"\u201cMaquieyra no ley\u00f3 el dictamen final, La Pampa va a tener 863 millones para viviendas\u201d"}]},{"@type":"WebSite","@id":"https:\/\/diariotextual.com\/inicio\/#website","url":"https:\/\/diariotextual.com\/inicio\/","name":"Diario Textual","description":"","publisher":{"@id":"https:\/\/diariotextual.com\/inicio\/#organization"},"potentialAction":[{"@type":"SearchAction","target":{"@type":"EntryPoint","urlTemplate":"https:\/\/diariotextual.com\/inicio\/?s={search_term_string}"},"query-input":{"@type":"PropertyValueSpecification","valueRequired":true,"valueName":"search_term_string"}}],"inLanguage":"es"},{"@type":"Organization","@id":"https:\/\/diariotextual.com\/inicio\/#organization","name":"Diario Textual","url":"https:\/\/diariotextual.com\/inicio\/","logo":{"@type":"ImageObject","inLanguage":"es","@id":"https:\/\/diariotextual.com\/inicio\/#\/schema\/logo\/image\/","url":"https:\/\/diariotextual.com\/inicio\/wp-content\/uploads\/2023\/05\/logotextual1.jpg","contentUrl":"https:\/\/diariotextual.com\/inicio\/wp-content\/uploads\/2023\/05\/logotextual1.jpg","width":516,"height":76,"caption":"Diario Textual"},"image":{"@id":"https:\/\/diariotextual.com\/inicio\/#\/schema\/logo\/image\/"},"sameAs":["https:\/\/www.facebook.com\/eltextual","https:\/\/x.com\/eltextual","http:\/\/www.instagram.com\/eltextual"]},{"@type":"Person","@id":"https:\/\/diariotextual.com\/inicio\/#\/schema\/person\/a1b6f563e0ee944c60f98119389a4d9f","name":"diario3","image":{"@type":"ImageObject","inLanguage":"es","@id":"https:\/\/secure.gravatar.com\/avatar\/5e7ee62c82fc04d9dd79d746a390d93c69c43223e5faeeb3ea9461ef752bfc5d?s=96&d=mm&r=g","url":"https:\/\/secure.gravatar.com\/avatar\/5e7ee62c82fc04d9dd79d746a390d93c69c43223e5faeeb3ea9461ef752bfc5d?s=96&d=mm&r=g","contentUrl":"https:\/\/secure.gravatar.com\/avatar\/5e7ee62c82fc04d9dd79d746a390d93c69c43223e5faeeb3ea9461ef752bfc5d?s=96&d=mm&r=g","caption":"diario3"},"url":"https:\/\/diariotextual.com\/inicio\/index.php\/author\/diario3\/"}]}},"_links":{"self":[{"href":"https:\/\/diariotextual.com\/inicio\/index.php\/wp-json\/wp\/v2\/posts\/119087","targetHints":{"allow":["GET"]}}],"collection":[{"href":"https:\/\/diariotextual.com\/inicio\/index.php\/wp-json\/wp\/v2\/posts"}],"about":[{"href":"https:\/\/diariotextual.com\/inicio\/index.php\/wp-json\/wp\/v2\/types\/post"}],"author":[{"embeddable":true,"href":"https:\/\/diariotextual.com\/inicio\/index.php\/wp-json\/wp\/v2\/users\/5"}],"replies":[{"embeddable":true,"href":"https:\/\/diariotextual.com\/inicio\/index.php\/wp-json\/wp\/v2\/comments?post=119087"}],"version-history":[{"count":2,"href":"https:\/\/diariotextual.com\/inicio\/index.php\/wp-json\/wp\/v2\/posts\/119087\/revisions"}],"predecessor-version":[{"id":119090,"href":"https:\/\/diariotextual.com\/inicio\/index.php\/wp-json\/wp\/v2\/posts\/119087\/revisions\/119090"}],"wp:featuredmedia":[{"embeddable":true,"href":"https:\/\/diariotextual.com\/inicio\/index.php\/wp-json\/wp\/v2\/media\/104818"}],"wp:attachment":[{"href":"https:\/\/diariotextual.com\/inicio\/index.php\/wp-json\/wp\/v2\/media?parent=119087"}],"wp:term":[{"taxonomy":"category","embeddable":true,"href":"https:\/\/diariotextual.com\/inicio\/index.php\/wp-json\/wp\/v2\/categories?post=119087"},{"taxonomy":"post_tag","embeddable":true,"href":"https:\/\/diariotextual.com\/inicio\/index.php\/wp-json\/wp\/v2\/tags?post=119087"}],"curies":[{"name":"wp","href":"https:\/\/api.w.org\/{rel}","templated":true}]}}