{"id":119098,"date":"2020-10-30T17:10:08","date_gmt":"2020-10-30T20:10:08","guid":{"rendered":"http:\/\/diariotextual.com\/inicio\/?p=119098"},"modified":"2020-10-31T09:25:11","modified_gmt":"2020-10-31T12:25:11","slug":"reabren-las-sucursales-del-blp-en-las-localidades-en-fase-2","status":"publish","type":"post","link":"https:\/\/diariotextual.com\/inicio\/index.php\/2020\/10\/30\/reabren-las-sucursales-del-blp-en-las-localidades-en-fase-2\/","title":{"rendered":"Reabren las sucursales del BLP en las localidades en Fase 2"},"content":{"rendered":"\n<p>El Banco de La Pampa inform\u00f3 que a partir del lunes 2 de noviembre las sucursales y agencias de las localidades de Santa Rosa, General Pico y Toay volver\u00e1n a realizar la atenci\u00f3n a sus clientes en forma habitual.<\/p>\n\n\n\n<p>Se hab\u00eda restringido fuertemente la atenci\u00f3n del BLP por el regreso a la Fase 2. Pero ahora, con la pr\u00f3rroga de la misma medida, se decidi\u00f3 abrir las puertas.<\/p>\n\n\n\n<p>Todas las sucursales y agencias en la provincia de La Pampa (incluyendo localidades en Fase 2) funcionaran de la siguiente manera:<\/p>\n\n\n\n<p>-Jubilados y Pensionados de ANSES y del ISS La Pampa podr\u00e1n concurrir a las cajas de las Sucursales sin necesidad de turno previo, de acuerdo a la fecha de pago del ente correspondiente.<\/p>\n\n\n\n<p>-La red de Cajeros Autom\u00e1ticos del Banco est\u00e1 funcionando con total normalidad, por lo que recomendaron que los beneficios sean retirados con tarjeta de d\u00e9bito a trav\u00e9s de los mismos cajeros y solo en el caso que sea necesario concurran a las sucursales.<\/p>\n\n\n\n<p>-Para realizar todas las dem\u00e1s operaciones (renovaci\u00f3n de plazos fijos, acceso a cajas de seguridad, tr\u00e1mites administrativos, blanqueo de claves, retiro de tarjetas de d\u00e9bito retenidas en Cajeros, presentaci\u00f3n o firma de documentaci\u00f3n, etc) se deber\u00e1 contar con turno previo obtenido en bancodelapampa.com.ar opci\u00f3n \u201cTURNOS\u201d.<\/p>\n\n\n\n<figure class=\"wp-block-embed-wordpress wp-block-embed is-type-wp-embed is-provider-diario-textual\"><div class=\"wp-block-embed__wrapper\">\n<blockquote class=\"wp-embedded-content\" data-secret=\"EILAwoUBU4\"><a href=\"http:\/\/diariotextual.com\/inicio\/index.php\/2020\/10\/30\/prorrogan-la-fase-2-en-santa-rosa-pico-y-toay-y-ahora-usan-testeos-rapidos\/\">Prorrogan la Fase 2 en Santa Rosa, Pico y Toay y ahora usan testeos r\u00e1pidos<\/a><\/blockquote><iframe class=\"wp-embedded-content\" sandbox=\"allow-scripts\" security=\"restricted\" style=\"position: absolute; clip: rect(1px, 1px, 1px, 1px);\" title=\"\u00abProrrogan la Fase 2 en Santa Rosa, Pico y Toay y ahora usan testeos r\u00e1pidos\u00bb \u2014 Diario Textual\" src=\"http:\/\/diariotextual.com\/inicio\/index.php\/2020\/10\/30\/prorrogan-la-fase-2-en-santa-rosa-pico-y-toay-y-ahora-usan-testeos-rapidos\/embed\/#?secret=EILAwoUBU4\" data-secret=\"EILAwoUBU4\" width=\"600\" height=\"338\" frameborder=\"0\" marginwidth=\"0\" marginheight=\"0\" scrolling=\"no\"><\/iframe>\n<\/div><\/figure>\n","protected":false},"excerpt":{"rendered":"<p>El Banco de La Pampa inform\u00f3 que a partir del lunes 2 de noviembre las sucursales y agencias de las localidades de Santa Rosa, General Pico y Toay volver\u00e1n a&hellip;<\/p>\n","protected":false},"author":3,"featured_media":87309,"comment_status":"closed","ping_status":"open","sticky":false,"template":"","format":"standard","meta":{"_acf_changed":false,"footnotes":""},"categories":[1,12],"tags":[3877],"class_list":["post-119098","post","type-post","status-publish","format-standard","has-post-thumbnail","hentry","category-es-noticia","category-sociedad","tag-fase"],"acf":[],"yoast_head":"<!-- This site is optimized with the Yoast SEO plugin v27.5 - https:\/\/yoast.com\/product\/yoast-seo-wordpress\/ -->\n<title>Reabren las sucursales del BLP en las localidades en Fase 2 - Diario Textual<\/title>\n<meta name=\"robots\" content=\"index, follow, max-snippet:-1, max-image-preview:large, max-video-preview:-1\" \/>\n<link rel=\"canonical\" href=\"https:\/\/diariotextual.com\/inicio\/index.php\/2020\/10\/30\/reabren-las-sucursales-del-blp-en-las-localidades-en-fase-2\/\" \/>\n<meta property=\"og:locale\" content=\"es_ES\" \/>\n<meta property=\"og:type\" content=\"article\" \/>\n<meta property=\"og:title\" content=\"Reabren las sucursales del BLP en las localidades en Fase 2 - Diario Textual\" \/>\n<meta property=\"og:description\" content=\"El Banco de La Pampa inform\u00f3 que a partir del lunes 2 de noviembre las sucursales y agencias de las localidades de Santa Rosa, General Pico y Toay volver\u00e1n a&hellip;\" \/>\n<meta property=\"og:url\" content=\"https:\/\/diariotextual.com\/inicio\/index.php\/2020\/10\/30\/reabren-las-sucursales-del-blp-en-las-localidades-en-fase-2\/\" \/>\n<meta property=\"og:site_name\" content=\"Diario Textual\" \/>\n<meta property=\"article:publisher\" content=\"https:\/\/www.facebook.com\/eltextual\" \/>\n<meta property=\"article:published_time\" content=\"2020-10-30T20:10:08+00:00\" \/>\n<meta property=\"article:modified_time\" content=\"2020-10-31T12:25:11+00:00\" \/>\n<meta property=\"og:image\" content=\"https:\/\/diariotextual.com\/inicio\/wp-content\/uploads\/2020\/04\/coronavirusbancosblpcolastextual2020-2.jpg\" \/>\n\t<meta property=\"og:image:width\" content=\"1500\" \/>\n\t<meta property=\"og:image:height\" content=\"891\" \/>\n\t<meta property=\"og:image:type\" content=\"image\/jpeg\" \/>\n<meta name=\"author\" content=\"Diario1 Diario1\" \/>\n<meta name=\"twitter:card\" content=\"summary_large_image\" \/>\n<meta name=\"twitter:creator\" content=\"@eltextual\" \/>\n<meta name=\"twitter:site\" content=\"@eltextual\" \/>\n<meta name=\"twitter:label1\" content=\"Escrito por\" \/>\n\t<meta name=\"twitter:data1\" content=\"Diario1 Diario1\" \/>\n\t<meta name=\"twitter:label2\" content=\"Tiempo de lectura\" \/>\n\t<meta name=\"twitter:data2\" content=\"1 minuto\" \/>\n<script type=\"application\/ld+json\" class=\"yoast-schema-graph\">{\"@context\":\"https:\\\/\\\/schema.org\",\"@graph\":[{\"@type\":\"Article\",\"@id\":\"https:\\\/\\\/diariotextual.com\\\/inicio\\\/index.php\\\/2020\\\/10\\\/30\\\/reabren-las-sucursales-del-blp-en-las-localidades-en-fase-2\\\/#article\",\"isPartOf\":{\"@id\":\"https:\\\/\\\/diariotextual.com\\\/inicio\\\/index.php\\\/2020\\\/10\\\/30\\\/reabren-las-sucursales-del-blp-en-las-localidades-en-fase-2\\\/\"},\"author\":{\"name\":\"Diario1 Diario1\",\"@id\":\"https:\\\/\\\/diariotextual.com\\\/inicio\\\/#\\\/schema\\\/person\\\/418fc4093c33e86ed41562db3508f958\"},\"headline\":\"Reabren las sucursales del BLP en las localidades en Fase 2\",\"datePublished\":\"2020-10-30T20:10:08+00:00\",\"dateModified\":\"2020-10-31T12:25:11+00:00\",\"mainEntityOfPage\":{\"@id\":\"https:\\\/\\\/diariotextual.com\\\/inicio\\\/index.php\\\/2020\\\/10\\\/30\\\/reabren-las-sucursales-del-blp-en-las-localidades-en-fase-2\\\/\"},\"wordCount\":243,\"publisher\":{\"@id\":\"https:\\\/\\\/diariotextual.com\\\/inicio\\\/#organization\"},\"image\":{\"@id\":\"https:\\\/\\\/diariotextual.com\\\/inicio\\\/index.php\\\/2020\\\/10\\\/30\\\/reabren-las-sucursales-del-blp-en-las-localidades-en-fase-2\\\/#primaryimage\"},\"thumbnailUrl\":\"https:\\\/\\\/diariotextual.com\\\/inicio\\\/wp-content\\\/uploads\\\/2020\\\/04\\\/coronavirusbancosblpcolastextual2020-2.jpg\",\"keywords\":[\"fase\"],\"articleSection\":[\"A - ES NOTICIA (van abajo)\",\"SOCIEDAD\"],\"inLanguage\":\"es\"},{\"@type\":\"WebPage\",\"@id\":\"https:\\\/\\\/diariotextual.com\\\/inicio\\\/index.php\\\/2020\\\/10\\\/30\\\/reabren-las-sucursales-del-blp-en-las-localidades-en-fase-2\\\/\",\"url\":\"https:\\\/\\\/diariotextual.com\\\/inicio\\\/index.php\\\/2020\\\/10\\\/30\\\/reabren-las-sucursales-del-blp-en-las-localidades-en-fase-2\\\/\",\"name\":\"Reabren las sucursales del BLP en las localidades en Fase 2 - Diario Textual\",\"isPartOf\":{\"@id\":\"https:\\\/\\\/diariotextual.com\\\/inicio\\\/#website\"},\"primaryImageOfPage\":{\"@id\":\"https:\\\/\\\/diariotextual.com\\\/inicio\\\/index.php\\\/2020\\\/10\\\/30\\\/reabren-las-sucursales-del-blp-en-las-localidades-en-fase-2\\\/#primaryimage\"},\"image\":{\"@id\":\"https:\\\/\\\/diariotextual.com\\\/inicio\\\/index.php\\\/2020\\\/10\\\/30\\\/reabren-las-sucursales-del-blp-en-las-localidades-en-fase-2\\\/#primaryimage\"},\"thumbnailUrl\":\"https:\\\/\\\/diariotextual.com\\\/inicio\\\/wp-content\\\/uploads\\\/2020\\\/04\\\/coronavirusbancosblpcolastextual2020-2.jpg\",\"datePublished\":\"2020-10-30T20:10:08+00:00\",\"dateModified\":\"2020-10-31T12:25:11+00:00\",\"breadcrumb\":{\"@id\":\"https:\\\/\\\/diariotextual.com\\\/inicio\\\/index.php\\\/2020\\\/10\\\/30\\\/reabren-las-sucursales-del-blp-en-las-localidades-en-fase-2\\\/#breadcrumb\"},\"inLanguage\":\"es\",\"potentialAction\":[{\"@type\":\"ReadAction\",\"target\":[\"https:\\\/\\\/diariotextual.com\\\/inicio\\\/index.php\\\/2020\\\/10\\\/30\\\/reabren-las-sucursales-del-blp-en-las-localidades-en-fase-2\\\/\"]}]},{\"@type\":\"ImageObject\",\"inLanguage\":\"es\",\"@id\":\"https:\\\/\\\/diariotextual.com\\\/inicio\\\/index.php\\\/2020\\\/10\\\/30\\\/reabren-las-sucursales-del-blp-en-las-localidades-en-fase-2\\\/#primaryimage\",\"url\":\"https:\\\/\\\/diariotextual.com\\\/inicio\\\/wp-content\\\/uploads\\\/2020\\\/04\\\/coronavirusbancosblpcolastextual2020-2.jpg\",\"contentUrl\":\"https:\\\/\\\/diariotextual.com\\\/inicio\\\/wp-content\\\/uploads\\\/2020\\\/04\\\/coronavirusbancosblpcolastextual2020-2.jpg\",\"width\":1500,\"height\":891},{\"@type\":\"BreadcrumbList\",\"@id\":\"https:\\\/\\\/diariotextual.com\\\/inicio\\\/index.php\\\/2020\\\/10\\\/30\\\/reabren-las-sucursales-del-blp-en-las-localidades-en-fase-2\\\/#breadcrumb\",\"itemListElement\":[{\"@type\":\"ListItem\",\"position\":1,\"name\":\"Portada\",\"item\":\"https:\\\/\\\/diariotextual.com\\\/inicio\\\/\"},{\"@type\":\"ListItem\",\"position\":2,\"name\":\"Reabren las sucursales del BLP en las localidades en Fase 2\"}]},{\"@type\":\"WebSite\",\"@id\":\"https:\\\/\\\/diariotextual.com\\\/inicio\\\/#website\",\"url\":\"https:\\\/\\\/diariotextual.com\\\/inicio\\\/\",\"name\":\"Diario Textual\",\"description\":\"\",\"publisher\":{\"@id\":\"https:\\\/\\\/diariotextual.com\\\/inicio\\\/#organization\"},\"potentialAction\":[{\"@type\":\"SearchAction\",\"target\":{\"@type\":\"EntryPoint\",\"urlTemplate\":\"https:\\\/\\\/diariotextual.com\\\/inicio\\\/?s={search_term_string}\"},\"query-input\":{\"@type\":\"PropertyValueSpecification\",\"valueRequired\":true,\"valueName\":\"search_term_string\"}}],\"inLanguage\":\"es\"},{\"@type\":\"Organization\",\"@id\":\"https:\\\/\\\/diariotextual.com\\\/inicio\\\/#organization\",\"name\":\"Diario Textual\",\"url\":\"https:\\\/\\\/diariotextual.com\\\/inicio\\\/\",\"logo\":{\"@type\":\"ImageObject\",\"inLanguage\":\"es\",\"@id\":\"https:\\\/\\\/diariotextual.com\\\/inicio\\\/#\\\/schema\\\/logo\\\/image\\\/\",\"url\":\"https:\\\/\\\/diariotextual.com\\\/inicio\\\/wp-content\\\/uploads\\\/2023\\\/05\\\/logotextual1.jpg\",\"contentUrl\":\"https:\\\/\\\/diariotextual.com\\\/inicio\\\/wp-content\\\/uploads\\\/2023\\\/05\\\/logotextual1.jpg\",\"width\":516,\"height\":76,\"caption\":\"Diario Textual\"},\"image\":{\"@id\":\"https:\\\/\\\/diariotextual.com\\\/inicio\\\/#\\\/schema\\\/logo\\\/image\\\/\"},\"sameAs\":[\"https:\\\/\\\/www.facebook.com\\\/eltextual\",\"https:\\\/\\\/x.com\\\/eltextual\",\"http:\\\/\\\/www.instagram.com\\\/eltextual\"]},{\"@type\":\"Person\",\"@id\":\"https:\\\/\\\/diariotextual.com\\\/inicio\\\/#\\\/schema\\\/person\\\/418fc4093c33e86ed41562db3508f958\",\"name\":\"Diario1 Diario1\",\"image\":{\"@type\":\"ImageObject\",\"inLanguage\":\"es\",\"@id\":\"https:\\\/\\\/secure.gravatar.com\\\/avatar\\\/9167d280179c85bc18be67aa7eda765854300033af4896dd779b608640f2ef7a?s=96&d=mm&r=g\",\"url\":\"https:\\\/\\\/secure.gravatar.com\\\/avatar\\\/9167d280179c85bc18be67aa7eda765854300033af4896dd779b608640f2ef7a?s=96&d=mm&r=g\",\"contentUrl\":\"https:\\\/\\\/secure.gravatar.com\\\/avatar\\\/9167d280179c85bc18be67aa7eda765854300033af4896dd779b608640f2ef7a?s=96&d=mm&r=g\",\"caption\":\"Diario1 Diario1\"},\"url\":\"https:\\\/\\\/diariotextual.com\\\/inicio\\\/index.php\\\/author\\\/diario1\\\/\"}]}<\/script>\n<!-- \/ Yoast SEO plugin. -->","yoast_head_json":{"title":"Reabren las sucursales del BLP en las localidades en Fase 2 - Diario Textual","robots":{"index":"index","follow":"follow","max-snippet":"max-snippet:-1","max-image-preview":"max-image-preview:large","max-video-preview":"max-video-preview:-1"},"canonical":"https:\/\/diariotextual.com\/inicio\/index.php\/2020\/10\/30\/reabren-las-sucursales-del-blp-en-las-localidades-en-fase-2\/","og_locale":"es_ES","og_type":"article","og_title":"Reabren las sucursales del BLP en las localidades en Fase 2 - Diario Textual","og_description":"El Banco de La Pampa inform\u00f3 que a partir del lunes 2 de noviembre las sucursales y agencias de las localidades de Santa Rosa, General Pico y Toay volver\u00e1n a&hellip;","og_url":"https:\/\/diariotextual.com\/inicio\/index.php\/2020\/10\/30\/reabren-las-sucursales-del-blp-en-las-localidades-en-fase-2\/","og_site_name":"Diario Textual","article_publisher":"https:\/\/www.facebook.com\/eltextual","article_published_time":"2020-10-30T20:10:08+00:00","article_modified_time":"2020-10-31T12:25:11+00:00","og_image":[{"width":1500,"height":891,"url":"https:\/\/diariotextual.com\/inicio\/wp-content\/uploads\/2020\/04\/coronavirusbancosblpcolastextual2020-2.jpg","type":"image\/jpeg"}],"author":"Diario1 Diario1","twitter_card":"summary_large_image","twitter_creator":"@eltextual","twitter_site":"@eltextual","twitter_misc":{"Escrito por":"Diario1 Diario1","Tiempo de lectura":"1 minuto"},"schema":{"@context":"https:\/\/schema.org","@graph":[{"@type":"Article","@id":"https:\/\/diariotextual.com\/inicio\/index.php\/2020\/10\/30\/reabren-las-sucursales-del-blp-en-las-localidades-en-fase-2\/#article","isPartOf":{"@id":"https:\/\/diariotextual.com\/inicio\/index.php\/2020\/10\/30\/reabren-las-sucursales-del-blp-en-las-localidades-en-fase-2\/"},"author":{"name":"Diario1 Diario1","@id":"https:\/\/diariotextual.com\/inicio\/#\/schema\/person\/418fc4093c33e86ed41562db3508f958"},"headline":"Reabren las sucursales del BLP en las localidades en Fase 2","datePublished":"2020-10-30T20:10:08+00:00","dateModified":"2020-10-31T12:25:11+00:00","mainEntityOfPage":{"@id":"https:\/\/diariotextual.com\/inicio\/index.php\/2020\/10\/30\/reabren-las-sucursales-del-blp-en-las-localidades-en-fase-2\/"},"wordCount":243,"publisher":{"@id":"https:\/\/diariotextual.com\/inicio\/#organization"},"image":{"@id":"https:\/\/diariotextual.com\/inicio\/index.php\/2020\/10\/30\/reabren-las-sucursales-del-blp-en-las-localidades-en-fase-2\/#primaryimage"},"thumbnailUrl":"https:\/\/diariotextual.com\/inicio\/wp-content\/uploads\/2020\/04\/coronavirusbancosblpcolastextual2020-2.jpg","keywords":["fase"],"articleSection":["A - ES NOTICIA (van abajo)","SOCIEDAD"],"inLanguage":"es"},{"@type":"WebPage","@id":"https:\/\/diariotextual.com\/inicio\/index.php\/2020\/10\/30\/reabren-las-sucursales-del-blp-en-las-localidades-en-fase-2\/","url":"https:\/\/diariotextual.com\/inicio\/index.php\/2020\/10\/30\/reabren-las-sucursales-del-blp-en-las-localidades-en-fase-2\/","name":"Reabren las sucursales del BLP en las localidades en Fase 2 - Diario Textual","isPartOf":{"@id":"https:\/\/diariotextual.com\/inicio\/#website"},"primaryImageOfPage":{"@id":"https:\/\/diariotextual.com\/inicio\/index.php\/2020\/10\/30\/reabren-las-sucursales-del-blp-en-las-localidades-en-fase-2\/#primaryimage"},"image":{"@id":"https:\/\/diariotextual.com\/inicio\/index.php\/2020\/10\/30\/reabren-las-sucursales-del-blp-en-las-localidades-en-fase-2\/#primaryimage"},"thumbnailUrl":"https:\/\/diariotextual.com\/inicio\/wp-content\/uploads\/2020\/04\/coronavirusbancosblpcolastextual2020-2.jpg","datePublished":"2020-10-30T20:10:08+00:00","dateModified":"2020-10-31T12:25:11+00:00","breadcrumb":{"@id":"https:\/\/diariotextual.com\/inicio\/index.php\/2020\/10\/30\/reabren-las-sucursales-del-blp-en-las-localidades-en-fase-2\/#breadcrumb"},"inLanguage":"es","potentialAction":[{"@type":"ReadAction","target":["https:\/\/diariotextual.com\/inicio\/index.php\/2020\/10\/30\/reabren-las-sucursales-del-blp-en-las-localidades-en-fase-2\/"]}]},{"@type":"ImageObject","inLanguage":"es","@id":"https:\/\/diariotextual.com\/inicio\/index.php\/2020\/10\/30\/reabren-las-sucursales-del-blp-en-las-localidades-en-fase-2\/#primaryimage","url":"https:\/\/diariotextual.com\/inicio\/wp-content\/uploads\/2020\/04\/coronavirusbancosblpcolastextual2020-2.jpg","contentUrl":"https:\/\/diariotextual.com\/inicio\/wp-content\/uploads\/2020\/04\/coronavirusbancosblpcolastextual2020-2.jpg","width":1500,"height":891},{"@type":"BreadcrumbList","@id":"https:\/\/diariotextual.com\/inicio\/index.php\/2020\/10\/30\/reabren-las-sucursales-del-blp-en-las-localidades-en-fase-2\/#breadcrumb","itemListElement":[{"@type":"ListItem","position":1,"name":"Portada","item":"https:\/\/diariotextual.com\/inicio\/"},{"@type":"ListItem","position":2,"name":"Reabren las sucursales del BLP en las localidades en Fase 2"}]},{"@type":"WebSite","@id":"https:\/\/diariotextual.com\/inicio\/#website","url":"https:\/\/diariotextual.com\/inicio\/","name":"Diario Textual","description":"","publisher":{"@id":"https:\/\/diariotextual.com\/inicio\/#organization"},"potentialAction":[{"@type":"SearchAction","target":{"@type":"EntryPoint","urlTemplate":"https:\/\/diariotextual.com\/inicio\/?s={search_term_string}"},"query-input":{"@type":"PropertyValueSpecification","valueRequired":true,"valueName":"search_term_string"}}],"inLanguage":"es"},{"@type":"Organization","@id":"https:\/\/diariotextual.com\/inicio\/#organization","name":"Diario Textual","url":"https:\/\/diariotextual.com\/inicio\/","logo":{"@type":"ImageObject","inLanguage":"es","@id":"https:\/\/diariotextual.com\/inicio\/#\/schema\/logo\/image\/","url":"https:\/\/diariotextual.com\/inicio\/wp-content\/uploads\/2023\/05\/logotextual1.jpg","contentUrl":"https:\/\/diariotextual.com\/inicio\/wp-content\/uploads\/2023\/05\/logotextual1.jpg","width":516,"height":76,"caption":"Diario Textual"},"image":{"@id":"https:\/\/diariotextual.com\/inicio\/#\/schema\/logo\/image\/"},"sameAs":["https:\/\/www.facebook.com\/eltextual","https:\/\/x.com\/eltextual","http:\/\/www.instagram.com\/eltextual"]},{"@type":"Person","@id":"https:\/\/diariotextual.com\/inicio\/#\/schema\/person\/418fc4093c33e86ed41562db3508f958","name":"Diario1 Diario1","image":{"@type":"ImageObject","inLanguage":"es","@id":"https:\/\/secure.gravatar.com\/avatar\/9167d280179c85bc18be67aa7eda765854300033af4896dd779b608640f2ef7a?s=96&d=mm&r=g","url":"https:\/\/secure.gravatar.com\/avatar\/9167d280179c85bc18be67aa7eda765854300033af4896dd779b608640f2ef7a?s=96&d=mm&r=g","contentUrl":"https:\/\/secure.gravatar.com\/avatar\/9167d280179c85bc18be67aa7eda765854300033af4896dd779b608640f2ef7a?s=96&d=mm&r=g","caption":"Diario1 Diario1"},"url":"https:\/\/diariotextual.com\/inicio\/index.php\/author\/diario1\/"}]}},"_links":{"self":[{"href":"https:\/\/diariotextual.com\/inicio\/index.php\/wp-json\/wp\/v2\/posts\/119098","targetHints":{"allow":["GET"]}}],"collection":[{"href":"https:\/\/diariotextual.com\/inicio\/index.php\/wp-json\/wp\/v2\/posts"}],"about":[{"href":"https:\/\/diariotextual.com\/inicio\/index.php\/wp-json\/wp\/v2\/types\/post"}],"author":[{"embeddable":true,"href":"https:\/\/diariotextual.com\/inicio\/index.php\/wp-json\/wp\/v2\/users\/3"}],"replies":[{"embeddable":true,"href":"https:\/\/diariotextual.com\/inicio\/index.php\/wp-json\/wp\/v2\/comments?post=119098"}],"version-history":[{"count":1,"href":"https:\/\/diariotextual.com\/inicio\/index.php\/wp-json\/wp\/v2\/posts\/119098\/revisions"}],"predecessor-version":[{"id":119099,"href":"https:\/\/diariotextual.com\/inicio\/index.php\/wp-json\/wp\/v2\/posts\/119098\/revisions\/119099"}],"wp:featuredmedia":[{"embeddable":true,"href":"https:\/\/diariotextual.com\/inicio\/index.php\/wp-json\/wp\/v2\/media\/87309"}],"wp:attachment":[{"href":"https:\/\/diariotextual.com\/inicio\/index.php\/wp-json\/wp\/v2\/media?parent=119098"}],"wp:term":[{"taxonomy":"category","embeddable":true,"href":"https:\/\/diariotextual.com\/inicio\/index.php\/wp-json\/wp\/v2\/categories?post=119098"},{"taxonomy":"post_tag","embeddable":true,"href":"https:\/\/diariotextual.com\/inicio\/index.php\/wp-json\/wp\/v2\/tags?post=119098"}],"curies":[{"name":"wp","href":"https:\/\/api.w.org\/{rel}","templated":true}]}}