{"id":119510,"date":"2020-11-03T07:43:28","date_gmt":"2020-11-03T10:43:28","guid":{"rendered":"http:\/\/diariotextual.com\/inicio\/?p=119510"},"modified":"2020-11-03T19:33:36","modified_gmt":"2020-11-03T22:33:36","slug":"river-vuelve-a-jugar-en-un-torneo-argentino-despues-de-ocho-meses","status":"publish","type":"post","link":"https:\/\/diariotextual.com\/inicio\/index.php\/2020\/11\/03\/river-vuelve-a-jugar-en-un-torneo-argentino-despues-de-ocho-meses\/","title":{"rendered":"River vuelve a jugar en un torneo argentino despu\u00e9s de ocho meses"},"content":{"rendered":"\n<p>River Plate debutar\u00e1 este martes en la Copa Liga Profesional 2020, a ocho meses de su \u00faltimo partido en el f\u00fatbol argentino, cuando reciba a Banfield en la cancha de Independiente, superada la disputa pol\u00edtica con la organizaci\u00f3n del torneo en torno al lugar para ejercer su local\u00eda.<\/p>\n\n\n\n<p>El encuentro, v\u00e1lido por la Zona 3, debi\u00f3 realizarse el domingo a la noche pero fue aplazado por la Liga Profesional de F\u00fatbol (LPF) y tendr\u00e1 lugar este martes desde las 21.15 con arbitraje de Germ\u00e1n Delfino y transmisi\u00f3n de Fox Sports Premium.<\/p>\n\n\n\n<p>El club de N\u00fa\u00f1ez&nbsp;<strong>ten\u00eda todo organizado para jugar en el River Camp,<\/strong>&nbsp;su centro de entrenamiento en la localidad bonaerense de Ezeiza, pero la LPF le deneg\u00f3 esa posibilidad el s\u00e1bado, a poco m\u00e1s de 24 horas del inicio del juego.<br><\/p>\n\n\n\n<p>La dirigencia de River argument\u00f3 que ya no hab\u00eda tiempo de conseguir un nuevo lugar y&nbsp;<strong>la organizaci\u00f3n que preside Marcelo Tinelli posterg\u00f3 el partido<\/strong>&nbsp;para el martes y le dio plazo hasta el domingo 1 para que informara un estadio.<\/p>\n\n\n\n<p>En medio de la pulseada pol\u00edtica, River tambi\u00e9n pidi\u00f3 la intervenci\u00f3n de la AFA, despu\u00e9s de que su presidente Claudio Tapia recorriera las instalaciones del River Camp el jueves y diera pr\u00e1cticamente por hecha la realizaci\u00f3n del partido all\u00ed. Pero la entidad con sede en Viamonte 1366 se corri\u00f3 de la disputa y finalmente River present\u00f3 bajo protesta el estadio de Independiente, donde ejerce su condici\u00f3n de local en la Copa Libertadores desde que el estadio Monumental ingres\u00f3 en refacci\u00f3n, a principios de agosto pasado.<\/p>\n\n\n\n<p>El partido de este martes marcar\u00e1 la vuelta de River al f\u00fatbol argentino 241 d\u00edas despu\u00e9s del fat\u00eddico empate con Atl\u00e9tico Tucum\u00e1n (1-1) que lo priv\u00f3 de ser campe\u00f3n en la \u00faltima fecha de la Superliga (SAF).<\/p>\n\n\n\n<p>Al fin de semana siguiente, el equipo de Marcelo Gallardo no se present\u00f3 para jugar con los tucumanos en la primera jornada de la Copa de la Superliga debido a la sospecha de un caso de coronavirus en el club y luego el f\u00fatbol local ingres\u00f3 en un largo receso por la pandemia.<\/p>\n\n\n\n<p>Desde entonces, el \u00abMillonario\u00bb jug\u00f3 cinco partidos por la Libertadores con un balance de cuatro victorias y un empate.<\/p>\n\n\n\n<p>Sin competencia internacional en lo inmediato, dado que se enfrentar\u00e1 con Athletico Paranaense de Brasil por octavos de final el 24 de noviembre y 1 de diciembre, Gallardo dispondr\u00e1 de lo mejor para el estreno en la Copa de la LPF.<\/p>\n\n\n\n<p>El equipo que presentar\u00e1 ante Banfield ser\u00e1 el que jug\u00f3 regularmente en la Libertadores despu\u00e9s del parate por la emergencia sanitaria mundial por el coronavirus, con el chileno Paulo D\u00edaz ratificado como primer central tras la salida de Lucas Mart\u00ednez Quarta a Fiorentina de Italia.<\/p>\n\n\n\n<p>La intenci\u00f3n de Gallardo es repetir esa formaci\u00f3n el pr\u00f3ximo s\u00e1bado frente a Rosario Central para imprimirle ritmo de competencia con vista a la serie eliminatorias frente a los brasile\u00f1os.<\/p>\n\n\n\n<p>Para Banfield este partido tiene una especial trascendencia, pues&nbsp;<strong>ser\u00e1 el debut como entrenador de Javier \u00abArchu\u00bb Sanguinetti (49 a\u00f1os), excapit\u00e1n y defensor hist\u00f3rico del club<\/strong>, poseedor del r\u00e9cord de presencias como jugador con 425 partidos.<\/p>\n\n\n\n<p>El exayudante de Julio C\u00e9sar Falcioni no contar\u00e1 con los delanteros Luciano Pons y Agust\u00edn Urzi, que se recuperan de distintas lesiones.<\/p>\n\n\n\n<p><\/p>\n\n\n\n<p><strong>Probables formaciones<\/strong><\/p>\n\n\n\n<p><strong>River Plate:<\/strong>&nbsp;Franco Armani, Gonzalo Montiel, Paulo D\u00edaz, Javier Pinola y Milton Casco; Ignacio Fern\u00e1ndez, Enzo P\u00e9rez y Nicol\u00e1s De la Cruz; Juli\u00e1n \u00c1lvarez, Rafael Santos Borr\u00e9 y Mat\u00edas Su\u00e1rez. DT: Marcelo Gallardo.<\/p>\n\n\n\n<p><strong>Banfield:<\/strong>&nbsp;Mauricio Arboleda; Emanuel Coronel, Alexis Maldonado, Luciano Lollo y Claudio Bravo; Jorge Rodr\u00edguez y Giuliano Galloppo; Mauricio Cuero, Mart\u00edn Payero y Fabi\u00e1n Bordagaray; Agust\u00edn Fontana. DT: Javier Sanguinetti.<\/p>\n\n\n\n<p><strong>\u00c1rbitro:<\/strong>&nbsp;Germ\u00e1n Delfino.<\/p>\n\n\n\n<p><strong>Estadio:<\/strong>&nbsp;Independiente (local River Plate).<\/p>\n\n\n\n<p><strong>Hora de inicio:<\/strong>&nbsp;21.15.<\/p>\n\n\n\n<p><strong>TV:<\/strong>&nbsp;Fox Sports Premium.<\/p>\n","protected":false},"excerpt":{"rendered":"<p>River Plate debutar\u00e1 este martes en la Copa Liga Profesional 2020, a ocho meses de su \u00faltimo partido en el f\u00fatbol argentino, cuando reciba a Banfield en la cancha de&hellip;<\/p>\n","protected":false},"author":3,"featured_media":79973,"comment_status":"closed","ping_status":"open","sticky":false,"template":"","format":"standard","meta":{"_acf_changed":false,"footnotes":""},"categories":[4,3],"tags":[890],"class_list":["post-119510","post","type-post","status-publish","format-standard","has-post-thumbnail","hentry","category-destacadas","category-deportes","tag-river"],"acf":[],"yoast_head":"<!-- This site is optimized with the Yoast SEO plugin v27.5 - https:\/\/yoast.com\/product\/yoast-seo-wordpress\/ -->\n<title>River vuelve a jugar en un torneo argentino despu\u00e9s de ocho meses - Diario Textual<\/title>\n<meta name=\"robots\" content=\"index, follow, max-snippet:-1, max-image-preview:large, max-video-preview:-1\" \/>\n<link rel=\"canonical\" href=\"https:\/\/diariotextual.com\/inicio\/index.php\/2020\/11\/03\/river-vuelve-a-jugar-en-un-torneo-argentino-despues-de-ocho-meses\/\" \/>\n<meta property=\"og:locale\" content=\"es_ES\" \/>\n<meta property=\"og:type\" content=\"article\" \/>\n<meta property=\"og:title\" content=\"River vuelve a jugar en un torneo argentino despu\u00e9s de ocho meses - Diario Textual\" \/>\n<meta property=\"og:description\" content=\"River Plate debutar\u00e1 este martes en la Copa Liga Profesional 2020, a ocho meses de su \u00faltimo partido en el f\u00fatbol argentino, cuando reciba a Banfield en la cancha de&hellip;\" \/>\n<meta property=\"og:url\" content=\"https:\/\/diariotextual.com\/inicio\/index.php\/2020\/11\/03\/river-vuelve-a-jugar-en-un-torneo-argentino-despues-de-ocho-meses\/\" \/>\n<meta property=\"og:site_name\" content=\"Diario Textual\" \/>\n<meta property=\"article:publisher\" content=\"https:\/\/www.facebook.com\/eltextual\" \/>\n<meta property=\"article:published_time\" content=\"2020-11-03T10:43:28+00:00\" \/>\n<meta property=\"article:modified_time\" content=\"2020-11-03T22:33:36+00:00\" \/>\n<meta property=\"og:image\" content=\"https:\/\/diariotextual.com\/inicio\/wp-content\/uploads\/2020\/02\/riversuarez2020-1.jpeg\" \/>\n\t<meta property=\"og:image:width\" content=\"680\" \/>\n\t<meta property=\"og:image:height\" content=\"453\" \/>\n\t<meta property=\"og:image:type\" content=\"image\/jpeg\" \/>\n<meta name=\"author\" content=\"Diario1 Diario1\" \/>\n<meta name=\"twitter:card\" content=\"summary_large_image\" \/>\n<meta name=\"twitter:creator\" content=\"@eltextual\" \/>\n<meta name=\"twitter:site\" content=\"@eltextual\" \/>\n<meta name=\"twitter:label1\" content=\"Escrito por\" \/>\n\t<meta name=\"twitter:data1\" content=\"Diario1 Diario1\" \/>\n\t<meta name=\"twitter:label2\" content=\"Tiempo de lectura\" \/>\n\t<meta name=\"twitter:data2\" content=\"3 minutos\" \/>\n<script type=\"application\/ld+json\" class=\"yoast-schema-graph\">{\"@context\":\"https:\\\/\\\/schema.org\",\"@graph\":[{\"@type\":\"Article\",\"@id\":\"https:\\\/\\\/diariotextual.com\\\/inicio\\\/index.php\\\/2020\\\/11\\\/03\\\/river-vuelve-a-jugar-en-un-torneo-argentino-despues-de-ocho-meses\\\/#article\",\"isPartOf\":{\"@id\":\"https:\\\/\\\/diariotextual.com\\\/inicio\\\/index.php\\\/2020\\\/11\\\/03\\\/river-vuelve-a-jugar-en-un-torneo-argentino-despues-de-ocho-meses\\\/\"},\"author\":{\"name\":\"Diario1 Diario1\",\"@id\":\"https:\\\/\\\/diariotextual.com\\\/inicio\\\/#\\\/schema\\\/person\\\/418fc4093c33e86ed41562db3508f958\"},\"headline\":\"River vuelve a jugar en un torneo argentino despu\u00e9s de ocho meses\",\"datePublished\":\"2020-11-03T10:43:28+00:00\",\"dateModified\":\"2020-11-03T22:33:36+00:00\",\"mainEntityOfPage\":{\"@id\":\"https:\\\/\\\/diariotextual.com\\\/inicio\\\/index.php\\\/2020\\\/11\\\/03\\\/river-vuelve-a-jugar-en-un-torneo-argentino-despues-de-ocho-meses\\\/\"},\"wordCount\":690,\"publisher\":{\"@id\":\"https:\\\/\\\/diariotextual.com\\\/inicio\\\/#organization\"},\"image\":{\"@id\":\"https:\\\/\\\/diariotextual.com\\\/inicio\\\/index.php\\\/2020\\\/11\\\/03\\\/river-vuelve-a-jugar-en-un-torneo-argentino-despues-de-ocho-meses\\\/#primaryimage\"},\"thumbnailUrl\":\"https:\\\/\\\/diariotextual.com\\\/inicio\\\/wp-content\\\/uploads\\\/2020\\\/02\\\/riversuarez2020-1.jpeg\",\"keywords\":[\"River\"],\"articleSection\":[\"A - DESTACADAS (mod 16)\",\"DEPORTES\"],\"inLanguage\":\"es\"},{\"@type\":\"WebPage\",\"@id\":\"https:\\\/\\\/diariotextual.com\\\/inicio\\\/index.php\\\/2020\\\/11\\\/03\\\/river-vuelve-a-jugar-en-un-torneo-argentino-despues-de-ocho-meses\\\/\",\"url\":\"https:\\\/\\\/diariotextual.com\\\/inicio\\\/index.php\\\/2020\\\/11\\\/03\\\/river-vuelve-a-jugar-en-un-torneo-argentino-despues-de-ocho-meses\\\/\",\"name\":\"River vuelve a jugar en un torneo argentino despu\u00e9s de ocho meses - Diario Textual\",\"isPartOf\":{\"@id\":\"https:\\\/\\\/diariotextual.com\\\/inicio\\\/#website\"},\"primaryImageOfPage\":{\"@id\":\"https:\\\/\\\/diariotextual.com\\\/inicio\\\/index.php\\\/2020\\\/11\\\/03\\\/river-vuelve-a-jugar-en-un-torneo-argentino-despues-de-ocho-meses\\\/#primaryimage\"},\"image\":{\"@id\":\"https:\\\/\\\/diariotextual.com\\\/inicio\\\/index.php\\\/2020\\\/11\\\/03\\\/river-vuelve-a-jugar-en-un-torneo-argentino-despues-de-ocho-meses\\\/#primaryimage\"},\"thumbnailUrl\":\"https:\\\/\\\/diariotextual.com\\\/inicio\\\/wp-content\\\/uploads\\\/2020\\\/02\\\/riversuarez2020-1.jpeg\",\"datePublished\":\"2020-11-03T10:43:28+00:00\",\"dateModified\":\"2020-11-03T22:33:36+00:00\",\"breadcrumb\":{\"@id\":\"https:\\\/\\\/diariotextual.com\\\/inicio\\\/index.php\\\/2020\\\/11\\\/03\\\/river-vuelve-a-jugar-en-un-torneo-argentino-despues-de-ocho-meses\\\/#breadcrumb\"},\"inLanguage\":\"es\",\"potentialAction\":[{\"@type\":\"ReadAction\",\"target\":[\"https:\\\/\\\/diariotextual.com\\\/inicio\\\/index.php\\\/2020\\\/11\\\/03\\\/river-vuelve-a-jugar-en-un-torneo-argentino-despues-de-ocho-meses\\\/\"]}]},{\"@type\":\"ImageObject\",\"inLanguage\":\"es\",\"@id\":\"https:\\\/\\\/diariotextual.com\\\/inicio\\\/index.php\\\/2020\\\/11\\\/03\\\/river-vuelve-a-jugar-en-un-torneo-argentino-despues-de-ocho-meses\\\/#primaryimage\",\"url\":\"https:\\\/\\\/diariotextual.com\\\/inicio\\\/wp-content\\\/uploads\\\/2020\\\/02\\\/riversuarez2020-1.jpeg\",\"contentUrl\":\"https:\\\/\\\/diariotextual.com\\\/inicio\\\/wp-content\\\/uploads\\\/2020\\\/02\\\/riversuarez2020-1.jpeg\",\"width\":680,\"height\":453},{\"@type\":\"BreadcrumbList\",\"@id\":\"https:\\\/\\\/diariotextual.com\\\/inicio\\\/index.php\\\/2020\\\/11\\\/03\\\/river-vuelve-a-jugar-en-un-torneo-argentino-despues-de-ocho-meses\\\/#breadcrumb\",\"itemListElement\":[{\"@type\":\"ListItem\",\"position\":1,\"name\":\"Portada\",\"item\":\"https:\\\/\\\/diariotextual.com\\\/inicio\\\/\"},{\"@type\":\"ListItem\",\"position\":2,\"name\":\"River vuelve a jugar en un torneo argentino despu\u00e9s de ocho meses\"}]},{\"@type\":\"WebSite\",\"@id\":\"https:\\\/\\\/diariotextual.com\\\/inicio\\\/#website\",\"url\":\"https:\\\/\\\/diariotextual.com\\\/inicio\\\/\",\"name\":\"Diario Textual\",\"description\":\"\",\"publisher\":{\"@id\":\"https:\\\/\\\/diariotextual.com\\\/inicio\\\/#organization\"},\"potentialAction\":[{\"@type\":\"SearchAction\",\"target\":{\"@type\":\"EntryPoint\",\"urlTemplate\":\"https:\\\/\\\/diariotextual.com\\\/inicio\\\/?s={search_term_string}\"},\"query-input\":{\"@type\":\"PropertyValueSpecification\",\"valueRequired\":true,\"valueName\":\"search_term_string\"}}],\"inLanguage\":\"es\"},{\"@type\":\"Organization\",\"@id\":\"https:\\\/\\\/diariotextual.com\\\/inicio\\\/#organization\",\"name\":\"Diario Textual\",\"url\":\"https:\\\/\\\/diariotextual.com\\\/inicio\\\/\",\"logo\":{\"@type\":\"ImageObject\",\"inLanguage\":\"es\",\"@id\":\"https:\\\/\\\/diariotextual.com\\\/inicio\\\/#\\\/schema\\\/logo\\\/image\\\/\",\"url\":\"https:\\\/\\\/diariotextual.com\\\/inicio\\\/wp-content\\\/uploads\\\/2023\\\/05\\\/logotextual1.jpg\",\"contentUrl\":\"https:\\\/\\\/diariotextual.com\\\/inicio\\\/wp-content\\\/uploads\\\/2023\\\/05\\\/logotextual1.jpg\",\"width\":516,\"height\":76,\"caption\":\"Diario Textual\"},\"image\":{\"@id\":\"https:\\\/\\\/diariotextual.com\\\/inicio\\\/#\\\/schema\\\/logo\\\/image\\\/\"},\"sameAs\":[\"https:\\\/\\\/www.facebook.com\\\/eltextual\",\"https:\\\/\\\/x.com\\\/eltextual\",\"http:\\\/\\\/www.instagram.com\\\/eltextual\"]},{\"@type\":\"Person\",\"@id\":\"https:\\\/\\\/diariotextual.com\\\/inicio\\\/#\\\/schema\\\/person\\\/418fc4093c33e86ed41562db3508f958\",\"name\":\"Diario1 Diario1\",\"image\":{\"@type\":\"ImageObject\",\"inLanguage\":\"es\",\"@id\":\"https:\\\/\\\/secure.gravatar.com\\\/avatar\\\/9167d280179c85bc18be67aa7eda765854300033af4896dd779b608640f2ef7a?s=96&d=mm&r=g\",\"url\":\"https:\\\/\\\/secure.gravatar.com\\\/avatar\\\/9167d280179c85bc18be67aa7eda765854300033af4896dd779b608640f2ef7a?s=96&d=mm&r=g\",\"contentUrl\":\"https:\\\/\\\/secure.gravatar.com\\\/avatar\\\/9167d280179c85bc18be67aa7eda765854300033af4896dd779b608640f2ef7a?s=96&d=mm&r=g\",\"caption\":\"Diario1 Diario1\"},\"url\":\"https:\\\/\\\/diariotextual.com\\\/inicio\\\/index.php\\\/author\\\/diario1\\\/\"}]}<\/script>\n<!-- \/ Yoast SEO plugin. -->","yoast_head_json":{"title":"River vuelve a jugar en un torneo argentino despu\u00e9s de ocho meses - Diario Textual","robots":{"index":"index","follow":"follow","max-snippet":"max-snippet:-1","max-image-preview":"max-image-preview:large","max-video-preview":"max-video-preview:-1"},"canonical":"https:\/\/diariotextual.com\/inicio\/index.php\/2020\/11\/03\/river-vuelve-a-jugar-en-un-torneo-argentino-despues-de-ocho-meses\/","og_locale":"es_ES","og_type":"article","og_title":"River vuelve a jugar en un torneo argentino despu\u00e9s de ocho meses - Diario Textual","og_description":"River Plate debutar\u00e1 este martes en la Copa Liga Profesional 2020, a ocho meses de su \u00faltimo partido en el f\u00fatbol argentino, cuando reciba a Banfield en la cancha de&hellip;","og_url":"https:\/\/diariotextual.com\/inicio\/index.php\/2020\/11\/03\/river-vuelve-a-jugar-en-un-torneo-argentino-despues-de-ocho-meses\/","og_site_name":"Diario Textual","article_publisher":"https:\/\/www.facebook.com\/eltextual","article_published_time":"2020-11-03T10:43:28+00:00","article_modified_time":"2020-11-03T22:33:36+00:00","og_image":[{"width":680,"height":453,"url":"https:\/\/diariotextual.com\/inicio\/wp-content\/uploads\/2020\/02\/riversuarez2020-1.jpeg","type":"image\/jpeg"}],"author":"Diario1 Diario1","twitter_card":"summary_large_image","twitter_creator":"@eltextual","twitter_site":"@eltextual","twitter_misc":{"Escrito por":"Diario1 Diario1","Tiempo de lectura":"3 minutos"},"schema":{"@context":"https:\/\/schema.org","@graph":[{"@type":"Article","@id":"https:\/\/diariotextual.com\/inicio\/index.php\/2020\/11\/03\/river-vuelve-a-jugar-en-un-torneo-argentino-despues-de-ocho-meses\/#article","isPartOf":{"@id":"https:\/\/diariotextual.com\/inicio\/index.php\/2020\/11\/03\/river-vuelve-a-jugar-en-un-torneo-argentino-despues-de-ocho-meses\/"},"author":{"name":"Diario1 Diario1","@id":"https:\/\/diariotextual.com\/inicio\/#\/schema\/person\/418fc4093c33e86ed41562db3508f958"},"headline":"River vuelve a jugar en un torneo argentino despu\u00e9s de ocho meses","datePublished":"2020-11-03T10:43:28+00:00","dateModified":"2020-11-03T22:33:36+00:00","mainEntityOfPage":{"@id":"https:\/\/diariotextual.com\/inicio\/index.php\/2020\/11\/03\/river-vuelve-a-jugar-en-un-torneo-argentino-despues-de-ocho-meses\/"},"wordCount":690,"publisher":{"@id":"https:\/\/diariotextual.com\/inicio\/#organization"},"image":{"@id":"https:\/\/diariotextual.com\/inicio\/index.php\/2020\/11\/03\/river-vuelve-a-jugar-en-un-torneo-argentino-despues-de-ocho-meses\/#primaryimage"},"thumbnailUrl":"https:\/\/diariotextual.com\/inicio\/wp-content\/uploads\/2020\/02\/riversuarez2020-1.jpeg","keywords":["River"],"articleSection":["A - DESTACADAS (mod 16)","DEPORTES"],"inLanguage":"es"},{"@type":"WebPage","@id":"https:\/\/diariotextual.com\/inicio\/index.php\/2020\/11\/03\/river-vuelve-a-jugar-en-un-torneo-argentino-despues-de-ocho-meses\/","url":"https:\/\/diariotextual.com\/inicio\/index.php\/2020\/11\/03\/river-vuelve-a-jugar-en-un-torneo-argentino-despues-de-ocho-meses\/","name":"River vuelve a jugar en un torneo argentino despu\u00e9s de ocho meses - Diario Textual","isPartOf":{"@id":"https:\/\/diariotextual.com\/inicio\/#website"},"primaryImageOfPage":{"@id":"https:\/\/diariotextual.com\/inicio\/index.php\/2020\/11\/03\/river-vuelve-a-jugar-en-un-torneo-argentino-despues-de-ocho-meses\/#primaryimage"},"image":{"@id":"https:\/\/diariotextual.com\/inicio\/index.php\/2020\/11\/03\/river-vuelve-a-jugar-en-un-torneo-argentino-despues-de-ocho-meses\/#primaryimage"},"thumbnailUrl":"https:\/\/diariotextual.com\/inicio\/wp-content\/uploads\/2020\/02\/riversuarez2020-1.jpeg","datePublished":"2020-11-03T10:43:28+00:00","dateModified":"2020-11-03T22:33:36+00:00","breadcrumb":{"@id":"https:\/\/diariotextual.com\/inicio\/index.php\/2020\/11\/03\/river-vuelve-a-jugar-en-un-torneo-argentino-despues-de-ocho-meses\/#breadcrumb"},"inLanguage":"es","potentialAction":[{"@type":"ReadAction","target":["https:\/\/diariotextual.com\/inicio\/index.php\/2020\/11\/03\/river-vuelve-a-jugar-en-un-torneo-argentino-despues-de-ocho-meses\/"]}]},{"@type":"ImageObject","inLanguage":"es","@id":"https:\/\/diariotextual.com\/inicio\/index.php\/2020\/11\/03\/river-vuelve-a-jugar-en-un-torneo-argentino-despues-de-ocho-meses\/#primaryimage","url":"https:\/\/diariotextual.com\/inicio\/wp-content\/uploads\/2020\/02\/riversuarez2020-1.jpeg","contentUrl":"https:\/\/diariotextual.com\/inicio\/wp-content\/uploads\/2020\/02\/riversuarez2020-1.jpeg","width":680,"height":453},{"@type":"BreadcrumbList","@id":"https:\/\/diariotextual.com\/inicio\/index.php\/2020\/11\/03\/river-vuelve-a-jugar-en-un-torneo-argentino-despues-de-ocho-meses\/#breadcrumb","itemListElement":[{"@type":"ListItem","position":1,"name":"Portada","item":"https:\/\/diariotextual.com\/inicio\/"},{"@type":"ListItem","position":2,"name":"River vuelve a jugar en un torneo argentino despu\u00e9s de ocho meses"}]},{"@type":"WebSite","@id":"https:\/\/diariotextual.com\/inicio\/#website","url":"https:\/\/diariotextual.com\/inicio\/","name":"Diario Textual","description":"","publisher":{"@id":"https:\/\/diariotextual.com\/inicio\/#organization"},"potentialAction":[{"@type":"SearchAction","target":{"@type":"EntryPoint","urlTemplate":"https:\/\/diariotextual.com\/inicio\/?s={search_term_string}"},"query-input":{"@type":"PropertyValueSpecification","valueRequired":true,"valueName":"search_term_string"}}],"inLanguage":"es"},{"@type":"Organization","@id":"https:\/\/diariotextual.com\/inicio\/#organization","name":"Diario Textual","url":"https:\/\/diariotextual.com\/inicio\/","logo":{"@type":"ImageObject","inLanguage":"es","@id":"https:\/\/diariotextual.com\/inicio\/#\/schema\/logo\/image\/","url":"https:\/\/diariotextual.com\/inicio\/wp-content\/uploads\/2023\/05\/logotextual1.jpg","contentUrl":"https:\/\/diariotextual.com\/inicio\/wp-content\/uploads\/2023\/05\/logotextual1.jpg","width":516,"height":76,"caption":"Diario Textual"},"image":{"@id":"https:\/\/diariotextual.com\/inicio\/#\/schema\/logo\/image\/"},"sameAs":["https:\/\/www.facebook.com\/eltextual","https:\/\/x.com\/eltextual","http:\/\/www.instagram.com\/eltextual"]},{"@type":"Person","@id":"https:\/\/diariotextual.com\/inicio\/#\/schema\/person\/418fc4093c33e86ed41562db3508f958","name":"Diario1 Diario1","image":{"@type":"ImageObject","inLanguage":"es","@id":"https:\/\/secure.gravatar.com\/avatar\/9167d280179c85bc18be67aa7eda765854300033af4896dd779b608640f2ef7a?s=96&d=mm&r=g","url":"https:\/\/secure.gravatar.com\/avatar\/9167d280179c85bc18be67aa7eda765854300033af4896dd779b608640f2ef7a?s=96&d=mm&r=g","contentUrl":"https:\/\/secure.gravatar.com\/avatar\/9167d280179c85bc18be67aa7eda765854300033af4896dd779b608640f2ef7a?s=96&d=mm&r=g","caption":"Diario1 Diario1"},"url":"https:\/\/diariotextual.com\/inicio\/index.php\/author\/diario1\/"}]}},"_links":{"self":[{"href":"https:\/\/diariotextual.com\/inicio\/index.php\/wp-json\/wp\/v2\/posts\/119510","targetHints":{"allow":["GET"]}}],"collection":[{"href":"https:\/\/diariotextual.com\/inicio\/index.php\/wp-json\/wp\/v2\/posts"}],"about":[{"href":"https:\/\/diariotextual.com\/inicio\/index.php\/wp-json\/wp\/v2\/types\/post"}],"author":[{"embeddable":true,"href":"https:\/\/diariotextual.com\/inicio\/index.php\/wp-json\/wp\/v2\/users\/3"}],"replies":[{"embeddable":true,"href":"https:\/\/diariotextual.com\/inicio\/index.php\/wp-json\/wp\/v2\/comments?post=119510"}],"version-history":[{"count":5,"href":"https:\/\/diariotextual.com\/inicio\/index.php\/wp-json\/wp\/v2\/posts\/119510\/revisions"}],"predecessor-version":[{"id":119521,"href":"https:\/\/diariotextual.com\/inicio\/index.php\/wp-json\/wp\/v2\/posts\/119510\/revisions\/119521"}],"wp:featuredmedia":[{"embeddable":true,"href":"https:\/\/diariotextual.com\/inicio\/index.php\/wp-json\/wp\/v2\/media\/79973"}],"wp:attachment":[{"href":"https:\/\/diariotextual.com\/inicio\/index.php\/wp-json\/wp\/v2\/media?parent=119510"}],"wp:term":[{"taxonomy":"category","embeddable":true,"href":"https:\/\/diariotextual.com\/inicio\/index.php\/wp-json\/wp\/v2\/categories?post=119510"},{"taxonomy":"post_tag","embeddable":true,"href":"https:\/\/diariotextual.com\/inicio\/index.php\/wp-json\/wp\/v2\/tags?post=119510"}],"curies":[{"name":"wp","href":"https:\/\/api.w.org\/{rel}","templated":true}]}}